{"id":19109,"date":"2023-12-21T18:44:38","date_gmt":"2023-12-21T21:44:38","guid":{"rendered":"https:\/\/noticiasribeiraopreto.com.br\/index.php\/2023\/12\/21\/otima-noticia-para-brasileiros-que-recebem-ate-um-salario-minimo-2\/"},"modified":"2023-12-21T18:44:38","modified_gmt":"2023-12-21T21:44:38","slug":"otima-noticia-para-brasileiros-que-recebem-ate-um-salario-minimo-2","status":"publish","type":"post","link":"https:\/\/noticiasribeiraopreto.com.br\/index.php\/2023\/12\/21\/otima-noticia-para-brasileiros-que-recebem-ate-um-salario-minimo-2\/","title":{"rendered":"\u00d3tima not\u00edcia para brasileiros que recebem at\u00e9 um sal\u00e1rio m\u00ednimo"},"content":{"rendered":"<div class='code-block code-block-1' style='margin: 8px 0 8px auto; text-align: right; display: block; clear: both;'>\n<p><a href=\"https:\/\/wa.link\/vpicfd\"><img data-recalc-dims=\"1\" class=\"wp-image-4922\" style=\"aspect-ratio: 2.0253164556962027; width: 561px; height: auto;\" src=\"https:\/\/i0.wp.com\/ismaelcolosi.com.br\/wp-content\/uploads\/2023\/11\/grupo-de-empregos-whatsapp-e-facebook-ismael-colosi-vagas.jpg?ssl=1\" alt=\"\" \/><\/a><\/p>\n<!-- \/wp:image -->\n<\/div>\n<p> <br \/>\n<\/p>\n<div>\n<p>Uma \u00f3tima not\u00edcia para os<strong> brasileiros que recebem at\u00e9 um <a href=\"https:\/\/jcconcursos.com.br\/noticia\/brasil\/veja-nova-previsao-do-salario-minimo-2024-apos-aprovacao-da-ldo-no-congresso-120244\" rel=\"noopener\" target=\"_blank\">sal\u00e1rio m\u00ednimo<\/a><\/strong> (R$ 1.320). Os aposentados e pensionistas come\u00e7am a receber o calend\u00e1rio de dezembro do INSS nesta quinta-feira (21). Segundo informa\u00e7\u00f5es do Minist\u00e9rio da <a href=\"https:\/\/jcconcursos.com.br\/tags\/previdencia-social\" rel=\"noopener\" target=\"_blank\">Previd\u00eancia Social<\/a>, 37 milh\u00f5es de pessoas ser\u00e3o contempladas com os repasses ao longo do ano.\u00a0<\/p>\n<p>As datas de pagamento variam conforme o valor do benef\u00edcio. Para quem recebe at\u00e9 um sal\u00e1rio m\u00ednimo, os dep\u00f3sitos ser\u00e3o feitos entre os dias 21 de dezembro e 8 de janeiro. J\u00e1 os benefici\u00e1rios com renda mensal superior ao piso nacional ter\u00e3o seus pagamentos creditados a partir de 2 de janeiro.<\/p>\n<p><a href=\"https:\/\/jcconcursos.com.br\/noticia\/brasil\/governo-faz-investimento-milionario-em-pesquisa-de-terapia-celular-anticancer-120277\" rel=\"noopener\" target=\"_blank\">+ Governo faz investimento milion\u00e1rio em pesquisa de terapia celular antic\u00e2ncer<\/a><\/p>\n<h2>Calend\u00e1rio de dezembro do INSS\u00a0<\/h2>\n<p>Para saber o dia exato do recebimento, o segurado deve verificar o n\u00famero do benef\u00edcio (NB) que possui dez d\u00edgitos no formato: 999.999.99<strong>9<\/strong>-9. Neste caso, \u00e9 necess\u00e1rio considerar o pen\u00faltimo n\u00famero que fica antes do d\u00edgito. Veja abaixo as datas de pagamento dos benef\u00edcios de dezembro:<\/p>\n<p><strong>Benef\u00edcio de at\u00e9 1 sal\u00e1rio m\u00ednimo<\/strong><\/p>\n<ul>\n<li aria-level=\"1\" style=\"font-weight: 400;\">Pen\u00faltimo d\u00edgito 1 \u2013 21 de dezembro;<\/li>\n<li aria-level=\"1\" style=\"font-weight: 400;\">Pen\u00faltimo d\u00edgito 2 \u2013 22 de dezembro;<\/li>\n<li aria-level=\"1\" style=\"font-weight: 400;\">Pen\u00faltimo d\u00edgito 3 \u2013 26 de dezembro;<\/li>\n<li aria-level=\"1\" style=\"font-weight: 400;\">Pen\u00faltimo d\u00edgito 4 \u2013 27 de dezembro;<\/li>\n<li aria-level=\"1\" style=\"font-weight: 400;\">Pen\u00faltimo d\u00edgito 5 \u2013 28 de dezembro;<\/li>\n<li aria-level=\"1\" style=\"font-weight: 400;\">Pen\u00faltimo d\u00edgito 6 \u2013 2 de janeiro;<\/li>\n<li aria-level=\"1\" style=\"font-weight: 400;\">Pen\u00faltimo d\u00edgito 7 \u2013 3 de janeiro;<\/li>\n<li aria-level=\"1\" style=\"font-weight: 400;\">Pen\u00faltimo d\u00edgito 8 \u2013 4 de janeiro;<\/li>\n<li aria-level=\"1\" style=\"font-weight: 400;\">Pen\u00faltimo d\u00edgito 9 \u2013 5 de janeiro;<\/li>\n<li aria-level=\"1\" style=\"font-weight: 400;\">Pen\u00faltimo d\u00edgito 0 \u2013 8 de janeiro.<\/li>\n<\/ul>\n<p><strong>Benef\u00edcios acima de 1 sal\u00e1rio m\u00ednimo<\/strong><\/p>\n<ul>\n<li aria-level=\"1\" style=\"font-weight: 400;\">Pen\u00faltimo d\u00edgito 1 e 6 \u2013 2 de janeiro;<\/li>\n<li aria-level=\"1\" style=\"font-weight: 400;\">Pen\u00faltimo d\u00edgito 2 e 7 \u2013 3 de janeiro;<\/li>\n<li aria-level=\"1\" style=\"font-weight: 400;\">Pen\u00faltimo d\u00edgito 3 e 8 \u2013 4 de janeiro;<\/li>\n<li aria-level=\"1\" style=\"font-weight: 400;\">Pen\u00faltimo d\u00edgito 4 e 9 \u2013 5 de janeiro;<\/li>\n<li aria-level=\"1\" style=\"font-weight: 400;\">Pen\u00faltimo d\u00edgito 5 e 0 \u2013 8 de janeiro.<\/li>\n<\/ul>\n<h2>Saiba como consultar benef\u00edcio do INSS<\/h2>\n<p>Os valores do calend\u00e1rio de julho j\u00e1 podem ser consultados. Os canais para checar essas informa\u00e7\u00f5es s\u00e3o do site ou do aplicativo MEU INSS, dispon\u00edvel para os sistemas (<a href=\"https:\/\/play.google.com\/store\/apps\/details?gl=US&amp;hl=pt_BR&amp;id=br.gov.dataprev.meuinss\" rel=\"noopener\" target=\"_blank\">Android<\/a> e <a href=\"https:\/\/apps.apple.com\/br\/app\/meu-inss-central-de-servi%C3%A7os\/id1243048358\" rel=\"noopener\" target=\"_blank\">iOS<\/a>).<\/p>\n<p>Para aqueles que n\u00e3o possuem acesso \u00e0 internet, podem realizar a consulta ligando para a Central de Atendimento do INSS, no n\u00famero 135, de segunda-feira a s\u00e1bado, das 7h at\u00e9 \u00e0s 22h, no hor\u00e1rio de Bras\u00edlia.<\/p>\n<h2>Benef\u00edcios pagos pelo INSS\u00a0<\/h2>\n<p>O <a href=\"https:\/\/meu.inss.gov.br\/#%2Flogin\" rel=\"noopener\" target=\"_blank\">Instituto Nacional do Seguro Social (INSS)<\/a> foi criado em 27 de junho de 1990, por meio do Decreto n\u00b0 99.350, a partir da fus\u00e3o do Instituto de Administra\u00e7\u00e3o Financeira da Previd\u00eancia e Assist\u00eancia Social (IAPAS) com o Instituto Nacional de Previd\u00eancia Social (INPS).<\/p>\n<p>O INSS \u00e9 uma autarquia vinculada ao Minist\u00e9rio do Trabalho e Previd\u00eancia, respons\u00e1vel por garantir a prote\u00e7\u00e3o social dos trabalhadores brasileiros. O INSS \u00e9 respons\u00e1vel por pagar os seguintes benef\u00edcios previdenci\u00e1rios:<\/p>\n<ul>\n<li aria-level=\"1\" style=\"font-weight: 400;\">Aposentadoria por idade;<\/li>\n<li aria-level=\"1\" style=\"font-weight: 400;\">Aposentadoria por tempo de contribui\u00e7\u00e3o;<\/li>\n<li aria-level=\"1\" style=\"font-weight: 400;\">Aposentadoria por invalidez;<\/li>\n<li aria-level=\"1\" style=\"font-weight: 400;\">Aux\u00edlio-doen\u00e7a;<\/li>\n<li aria-level=\"1\" style=\"font-weight: 400;\">Sal\u00e1rio-maternidade;<\/li>\n<li aria-level=\"1\" style=\"font-weight: 400;\">Pens\u00e3o por morte;<\/li>\n<li aria-level=\"1\" style=\"font-weight: 400;\">Aux\u00edlio-acidente;<\/li>\n<li aria-level=\"1\" style=\"font-weight: 400;\">Aux\u00edlio-reclus\u00e3o;<\/li>\n<li aria-level=\"1\" style=\"font-weight: 400;\">Benef\u00edcios assistenciais.<\/li>\n<\/ul>\n<p>O INSS tamb\u00e9m \u00e9 respons\u00e1vel pela administra\u00e7\u00e3o do FGTS, o qual \u00e9 um fundo de natureza constitucional cujo objetivo \u00e9 amparar o trabalhador no caso de desemprego involunt\u00e1rio, aposentadoria, doen\u00e7a, acidente de trabalho, entre outras situa\u00e7\u00f5es.<\/p>\n<p>+ Acompanhe as principais informa\u00e7\u00f5es sobre <a href=\"https:\/\/jcconcursos.com.br\/noticia\/brasil\/\" rel=\"noopener\" target=\"_blank\">Sociedade e Brasil no JC Concursos<\/a><\/p>\n<p><a id=\"gnews_btn\" href=\"https:\/\/news.google.com\/publications\/CAAqBwgKMOixlQswuZWrAw\" target=\"_blank\" class=\"border_jc_blue link_hover_bg_jc_blue font_85 d-block d-md-inline-block px-2 py-1 mr-0 mr-md-2 mb-3 w-100 text-center\" rel=\"noopener\"><span class=\"text_jc_blue\">Siga o <strong>JC Concursos no Google News<\/strong><\/span><\/a><a href=\"https:\/\/jcconcursos.com.br\/noticia\/brasil\/\" class=\"badge badge-light\">Sociedade<\/a><a href=\"https:\/\/jcconcursos.com.br\/noticia\/brasil\/\" class=\"badge badge-light\">Brasil<\/a><\/p>\n<\/div>\n<p><br \/>\n<br \/><a href=\"https:\/\/ismaelcolosi.com.br\/otima-noticia-para-brasileiros-que-recebem-ate-um-salario-minimo\/\">Source link <\/a><\/p>\n<!-- CONTENT END 1 -->\n","protected":false},"excerpt":{"rendered":"<p>Uma \u00f3tima not\u00edcia para os brasileiros que recebem at\u00e9 um sal\u00e1rio m\u00ednimo (R$ 1.320). Os aposentados e pensionistas come\u00e7am a receber o calend\u00e1rio de dezembro&#8230;<\/p>\n","protected":false},"author":1,"featured_media":19110,"comment_status":"open","ping_status":"open","sticky":false,"template":"","format":"standard","meta":{"advanced_seo_description":"","jetpack_seo_html_title":"","jetpack_seo_noindex":false,"jetpack_post_was_ever_published":false,"_jetpack_newsletter_access":"","_jetpack_dont_email_post_to_subs":false,"_jetpack_newsletter_tier_id":0,"_jetpack_memberships_contains_paywalled_content":false,"_jetpack_memberships_contains_paid_content":false,"footnotes":"","jetpack_publicize_message":"","jetpack_publicize_feature_enabled":true,"jetpack_social_post_already_shared":true,"jetpack_social_options":{"image_generator_settings":{"template":"highway","default_image_id":0,"font":"","enabled":false},"version":2}},"categories":[7],"tags":[],"class_list":["post-19109","post","type-post","status-publish","format-standard","has-post-thumbnail","hentry","category-vagas-de-empregos-em-ribeirao-preto-regiao-brasil"],"jetpack_publicize_connections":[],"jetpack_featured_media_url":"https:\/\/i0.wp.com\/noticiasribeiraopreto.com.br\/wp-content\/uploads\/2023\/12\/novo-lula-evento-agencia-brasil-2.jpg?fit=1920%2C1080&ssl=1","jetpack-related-posts":[{"id":23492,"url":"https:\/\/noticiasribeiraopreto.com.br\/index.php\/2024\/01\/02\/otima-noticia-no-inicio-de-2024-para-aposentados-que-ganham-mais-que-o-minimo-2\/","url_meta":{"origin":19109,"position":0},"title":"\u00d3TIMA NOT\u00cdCIA no in\u00edcio de 2024 para aposentados que ganham mais que o m\u00ednimo","author":"noticiasribeiraopreto.com.br","date":"2 de January de 2024","format":false,"excerpt":"Uma \u00f3tima not\u00edcia no in\u00edcio de 2024 para aposentados que ganham mais que um sal\u00e1rio m\u00ednimo. O INSS iniciou o pagamento para este grupo nesta ter\u00e7a-feira (2). Segundo informa\u00e7\u00f5es do Minist\u00e9rio da Previd\u00eancia Social, 37 milh\u00f5es de pessoas ser\u00e3o contempladas com os repasses ao longo do calend\u00e1rio de dezembro.\u00a0\u00a0 As\u2026","rel":"","context":"In &quot;Vagas de Emprego em Ribeir\u00e3o Preto-SP&quot;","block_context":{"text":"Vagas de Emprego em Ribeir\u00e3o Preto-SP","link":"https:\/\/noticiasribeiraopreto.com.br\/index.php\/category\/empregos-classificados-vagas-trabalho\/vagas-de-empregos-em-ribeirao-preto-regiao-brasil\/"},"img":{"alt_text":"","src":"https:\/\/i0.wp.com\/noticiasribeiraopreto.com.br\/wp-content\/uploads\/2024\/01\/novo-lula-evento-agencia-brasil-2.jpg?fit=1200%2C675&ssl=1&resize=350%2C200","width":350,"height":200,"srcset":"https:\/\/i0.wp.com\/noticiasribeiraopreto.com.br\/wp-content\/uploads\/2024\/01\/novo-lula-evento-agencia-brasil-2.jpg?fit=1200%2C675&ssl=1&resize=350%2C200 1x, https:\/\/i0.wp.com\/noticiasribeiraopreto.com.br\/wp-content\/uploads\/2024\/01\/novo-lula-evento-agencia-brasil-2.jpg?fit=1200%2C675&ssl=1&resize=525%2C300 1.5x, https:\/\/i0.wp.com\/noticiasribeiraopreto.com.br\/wp-content\/uploads\/2024\/01\/novo-lula-evento-agencia-brasil-2.jpg?fit=1200%2C675&ssl=1&resize=700%2C400 2x, https:\/\/i0.wp.com\/noticiasribeiraopreto.com.br\/wp-content\/uploads\/2024\/01\/novo-lula-evento-agencia-brasil-2.jpg?fit=1200%2C675&ssl=1&resize=1050%2C600 3x"},"classes":[]},{"id":10196,"url":"https:\/\/noticiasribeiraopreto.com.br\/index.php\/2023\/12\/04\/inss-surpreende-aposentados-com-pagamento-antecipado\/","url_meta":{"origin":19109,"position":1},"title":"INSS surpreende aposentados com pagamento antecipado","author":"noticiasribeiraopreto.com.br","date":"4 de December de 2023","format":false,"excerpt":"Benefici\u00e1rios do INSS recebem uma boa not\u00edcia com a antecipa\u00e7\u00e3o dos dep\u00f3sitos de dezembro, encerrando o ano com alegria financeira. 3 de dezembro de 2023 \u00e0s 23:59 Por: Reda\u00e7\u00e3o Cr\u00e9ditos: Captura de telaPrint do portal Meu INSS O Instituto Nacional do Seguro Social (INSS) surpreendeu os aposentados e pensionistas ao\u2026","rel":"","context":"In &quot;Variedades&quot;","block_context":{"text":"Variedades","link":"https:\/\/noticiasribeiraopreto.com.br\/index.php\/category\/variedades\/"},"img":{"alt_text":"","src":"https:\/\/i0.wp.com\/noticiasribeiraopreto.com.br\/wp-content\/uploads\/2023\/12\/1701659671_depositphotos-366956486-xl-scaled.jpg?fit=1200%2C638&ssl=1&resize=350%2C200","width":350,"height":200,"srcset":"https:\/\/i0.wp.com\/noticiasribeiraopreto.com.br\/wp-content\/uploads\/2023\/12\/1701659671_depositphotos-366956486-xl-scaled.jpg?fit=1200%2C638&ssl=1&resize=350%2C200 1x, https:\/\/i0.wp.com\/noticiasribeiraopreto.com.br\/wp-content\/uploads\/2023\/12\/1701659671_depositphotos-366956486-xl-scaled.jpg?fit=1200%2C638&ssl=1&resize=525%2C300 1.5x, https:\/\/i0.wp.com\/noticiasribeiraopreto.com.br\/wp-content\/uploads\/2023\/12\/1701659671_depositphotos-366956486-xl-scaled.jpg?fit=1200%2C638&ssl=1&resize=700%2C400 2x, https:\/\/i0.wp.com\/noticiasribeiraopreto.com.br\/wp-content\/uploads\/2023\/12\/1701659671_depositphotos-366956486-xl-scaled.jpg?fit=1200%2C638&ssl=1&resize=1050%2C600 3x"},"classes":[]},{"id":21032,"url":"https:\/\/noticiasribeiraopreto.com.br\/index.php\/2023\/12\/27\/inss-veja-quem-recebe-nesta-semana-meu-valor-digital\/","url_meta":{"origin":19109,"position":2},"title":"INSS: veja quem recebe nesta semana &#8211; Meu Valor Digital","author":"noticiasribeiraopreto.com.br","date":"27 de December de 2023","format":false,"excerpt":"O INSS (Instituto Nacional do Seguro Social) come\u00e7ou a pagar os aposentados e pensionistas na quinta-feira (21). Ap\u00f3s o feriado do dia 25 de dezembro, a autarquia voltou a liberar os dep\u00f3sitos a partir desta ter\u00e7a-feira (26). Os aposentados com finais de benef\u00edcio 4 recebem na quarta-feira (27), os que\u2026","rel":"","context":"In &quot;Vagas de Emprego em Ribeir\u00e3o Preto-SP&quot;","block_context":{"text":"Vagas de Emprego em Ribeir\u00e3o Preto-SP","link":"https:\/\/noticiasribeiraopreto.com.br\/index.php\/category\/empregos-classificados-vagas-trabalho\/vagas-de-empregos-em-ribeirao-preto-regiao-brasil\/"},"img":{"alt_text":"","src":"https:\/\/i0.wp.com\/noticiasribeiraopreto.com.br\/wp-content\/uploads\/2023\/12\/INSS-paga-aposentados.jpg?fit=1200%2C800&ssl=1&resize=350%2C200","width":350,"height":200,"srcset":"https:\/\/i0.wp.com\/noticiasribeiraopreto.com.br\/wp-content\/uploads\/2023\/12\/INSS-paga-aposentados.jpg?fit=1200%2C800&ssl=1&resize=350%2C200 1x, https:\/\/i0.wp.com\/noticiasribeiraopreto.com.br\/wp-content\/uploads\/2023\/12\/INSS-paga-aposentados.jpg?fit=1200%2C800&ssl=1&resize=525%2C300 1.5x, https:\/\/i0.wp.com\/noticiasribeiraopreto.com.br\/wp-content\/uploads\/2023\/12\/INSS-paga-aposentados.jpg?fit=1200%2C800&ssl=1&resize=700%2C400 2x, https:\/\/i0.wp.com\/noticiasribeiraopreto.com.br\/wp-content\/uploads\/2023\/12\/INSS-paga-aposentados.jpg?fit=1200%2C800&ssl=1&resize=1050%2C600 3x"},"classes":[]},{"id":21072,"url":"https:\/\/noticiasribeiraopreto.com.br\/index.php\/2023\/12\/27\/beneficiarios-do-bpc-esteja-atento-ao-saque-extra-do-inss-e-descubra-como-receber\/","url_meta":{"origin":19109,"position":3},"title":"Benefici\u00e1rios do BPC: Esteja Atento ao SAQUE EXTRA do INSS e Descubra Como Receber","author":"noticiasribeiraopreto.com.br","date":"27 de December de 2023","format":false,"excerpt":"BPC \u2013 No final do ano, o INSS trouxe uma reviravolta agrad\u00e1vel ao anunciar a libera\u00e7\u00e3o de saques extras para alguns titulares do Benef\u00edcio de Presta\u00e7\u00e3o Continuada a partir de 21 de dezembro de 2023. Por\u00e9m, \u00e9 importante notar que essa oportunidade adicional n\u00e3o se estende a todos os benefici\u00e1rios,\u2026","rel":"","context":"In &quot;Vagas de Emprego em Ribeir\u00e3o Preto-SP&quot;","block_context":{"text":"Vagas de Emprego em Ribeir\u00e3o Preto-SP","link":"https:\/\/noticiasribeiraopreto.com.br\/index.php\/category\/empregos-classificados-vagas-trabalho\/vagas-de-empregos-em-ribeirao-preto-regiao-brasil\/"},"img":{"alt_text":"","src":"","width":0,"height":0},"classes":[]},{"id":27919,"url":"https:\/\/noticiasribeiraopreto.com.br\/index.php\/2024\/01\/13\/beneficios-do-inss-avancam-371\/","url_meta":{"origin":19109,"position":4},"title":"Benef\u00edcios do INSS\u00a0avan\u00e7am 3,71% \u00a0","author":"noticiasribeiraopreto.com.br","date":"13 de January de 2024","format":false,"excerpt":"Os minist\u00e9rios da Previd\u00eancia Social e da Fazenda editaram Portaria Interministerial, publicada no Di\u00e1rio Oficial da Uni\u00e3o desta sexta-feira, 12 de janeiro, que disp\u00f5e sobre o reajuste dos benef\u00edcios pagos pelo Instituto Nacional do Seguro Social (INSS) e demais valores constantes do Regulamento da Previd\u00eancia Social (RPS). De acordo com\u2026","rel":"","context":"In &quot;Not\u00edcias de Ribeir\u00e3o Preto-SP e Regi\u00e3o&quot;","block_context":{"text":"Not\u00edcias de Ribeir\u00e3o Preto-SP e Regi\u00e3o","link":"https:\/\/noticiasribeiraopreto.com.br\/index.php\/category\/noticias-de-ribeirao-preto-sp-e-regiao-ismael-colosi\/"},"img":{"alt_text":"","src":"https:\/\/i0.wp.com\/noticiasribeiraopreto.com.br\/wp-content\/uploads\/2024\/01\/INSS-Tony-Winston-Agencia-Brasilia-scaled.jpeg?fit=1000%2C598&ssl=1&resize=350%2C200","width":350,"height":200,"srcset":"https:\/\/i0.wp.com\/noticiasribeiraopreto.com.br\/wp-content\/uploads\/2024\/01\/INSS-Tony-Winston-Agencia-Brasilia-scaled.jpeg?fit=1000%2C598&ssl=1&resize=350%2C200 1x, https:\/\/i0.wp.com\/noticiasribeiraopreto.com.br\/wp-content\/uploads\/2024\/01\/INSS-Tony-Winston-Agencia-Brasilia-scaled.jpeg?fit=1000%2C598&ssl=1&resize=525%2C300 1.5x, https:\/\/i0.wp.com\/noticiasribeiraopreto.com.br\/wp-content\/uploads\/2024\/01\/INSS-Tony-Winston-Agencia-Brasilia-scaled.jpeg?fit=1000%2C598&ssl=1&resize=700%2C400 2x"},"classes":[]},{"id":18779,"url":"https:\/\/noticiasribeiraopreto.com.br\/index.php\/2023\/12\/21\/inss-veja-datas-de-pagamento-da-aposentadoria-e-dezembro-meu-valor-digital\/","url_meta":{"origin":19109,"position":5},"title":"INSS veja datas de pagamento da aposentadoria e dezembro &#8211; Meu Valor Digital","author":"noticiasribeiraopreto.com.br","date":"21 de December de 2023","format":false,"excerpt":"Devido ao feriado de 25 de dezembro, Dia de Natal, que ocorre em uma segunda-feira, o INSS (Instituto Nacional do Seguro Social) antecipou os para esta quinta-feira (21). Segundo o Minist\u00e9rio da Previd\u00eancia Social, 37 milh\u00f5es de aposentados e pensionistas ser\u00e3o contemplados nos repasses ao longo de 2023. Nesta quinta-feira\u2026","rel":"","context":"In &quot;Vagas de Emprego em Ribeir\u00e3o Preto-SP&quot;","block_context":{"text":"Vagas de Emprego em Ribeir\u00e3o Preto-SP","link":"https:\/\/noticiasribeiraopreto.com.br\/index.php\/category\/empregos-classificados-vagas-trabalho\/vagas-de-empregos-em-ribeirao-preto-regiao-brasil\/"},"img":{"alt_text":"","src":"https:\/\/i0.wp.com\/noticiasribeiraopreto.com.br\/wp-content\/uploads\/2023\/12\/Calendario-INSS-1.jpg?fit=1200%2C773&ssl=1&resize=350%2C200","width":350,"height":200,"srcset":"https:\/\/i0.wp.com\/noticiasribeiraopreto.com.br\/wp-content\/uploads\/2023\/12\/Calendario-INSS-1.jpg?fit=1200%2C773&ssl=1&resize=350%2C200 1x, https:\/\/i0.wp.com\/noticiasribeiraopreto.com.br\/wp-content\/uploads\/2023\/12\/Calendario-INSS-1.jpg?fit=1200%2C773&ssl=1&resize=525%2C300 1.5x, https:\/\/i0.wp.com\/noticiasribeiraopreto.com.br\/wp-content\/uploads\/2023\/12\/Calendario-INSS-1.jpg?fit=1200%2C773&ssl=1&resize=700%2C400 2x, https:\/\/i0.wp.com\/noticiasribeiraopreto.com.br\/wp-content\/uploads\/2023\/12\/Calendario-INSS-1.jpg?fit=1200%2C773&ssl=1&resize=1050%2C600 3x"},"classes":[]}],"jetpack_sharing_enabled":true,"jetpack_shortlink":"https:\/\/wp.me\/peQAOb-4Yd","_links":{"self":[{"href":"https:\/\/noticiasribeiraopreto.com.br\/index.php\/wp-json\/wp\/v2\/posts\/19109","targetHints":{"allow":["GET"]}}],"collection":[{"href":"https:\/\/noticiasribeiraopreto.com.br\/index.php\/wp-json\/wp\/v2\/posts"}],"about":[{"href":"https:\/\/noticiasribeiraopreto.com.br\/index.php\/wp-json\/wp\/v2\/types\/post"}],"author":[{"embeddable":true,"href":"https:\/\/noticiasribeiraopreto.com.br\/index.php\/wp-json\/wp\/v2\/users\/1"}],"replies":[{"embeddable":true,"href":"https:\/\/noticiasribeiraopreto.com.br\/index.php\/wp-json\/wp\/v2\/comments?post=19109"}],"version-history":[{"count":0,"href":"https:\/\/noticiasribeiraopreto.com.br\/index.php\/wp-json\/wp\/v2\/posts\/19109\/revisions"}],"wp:featuredmedia":[{"embeddable":true,"href":"https:\/\/noticiasribeiraopreto.com.br\/index.php\/wp-json\/wp\/v2\/media\/19110"}],"wp:attachment":[{"href":"https:\/\/noticiasribeiraopreto.com.br\/index.php\/wp-json\/wp\/v2\/media?parent=19109"}],"wp:term":[{"taxonomy":"category","embeddable":true,"href":"https:\/\/noticiasribeiraopreto.com.br\/index.php\/wp-json\/wp\/v2\/categories?post=19109"},{"taxonomy":"post_tag","embeddable":true,"href":"https:\/\/noticiasribeiraopreto.com.br\/index.php\/wp-json\/wp\/v2\/tags?post=19109"}],"curies":[{"name":"wp","href":"https:\/\/api.w.org\/{rel}","templated":true}]}}