{"id":19111,"date":"2023-12-21T18:46:20","date_gmt":"2023-12-21T21:46:20","guid":{"rendered":"https:\/\/noticiasribeiraopreto.com.br\/index.php\/2023\/12\/21\/sefaz-libera-mais-r-371-mi-em-creditos\/"},"modified":"2023-12-21T18:46:20","modified_gmt":"2023-12-21T21:46:20","slug":"sefaz-libera-mais-r-371-mi-em-creditos","status":"publish","type":"post","link":"https:\/\/noticiasribeiraopreto.com.br\/index.php\/2023\/12\/21\/sefaz-libera-mais-r-371-mi-em-creditos\/","title":{"rendered":"Sefaz libera mais R$ 37,1 mi em cr\u00e9ditos\u00a0"},"content":{"rendered":"<div class='code-block code-block-1' style='margin: 8px 0 8px auto; text-align: right; display: block; clear: both;'>\n<p><a href=\"https:\/\/wa.link\/vpicfd\"><img data-recalc-dims=\"1\" class=\"wp-image-4922\" style=\"aspect-ratio: 2.0253164556962027; width: 561px; height: auto;\" src=\"https:\/\/i0.wp.com\/ismaelcolosi.com.br\/wp-content\/uploads\/2023\/11\/grupo-de-empregos-whatsapp-e-facebook-ismael-colosi-vagas.jpg?ssl=1\" alt=\"\" \/><\/a><\/p>\n<!-- \/wp:image -->\n<\/div>\n<p> <br \/>\n<\/p>\n<div id=\"\">\n<p> <span class=\"entry-meta-item penci-posted-on\"><i class=\"fa fa-clock-o\"\/><time class=\"entry-date published\" datetime=\"2023-12-21T18:00:30-03:00\">21 de dezembro de 2023 | 18:00<\/time><time class=\"updated\" datetime=\"2023-12-21T10:24:11-03:00\">21 de dezembro de 2023 | 10:24<\/time><\/span><\/p>\n<p> <span class=\"penci-social-buttons penci-social-share-footer\"><a href=\"#\" class=\"penci-post-like penci_post-meta_item  single-like-button penci-social-item like\" data-post_id=\"368053\" title=\"Like\" data-like=\"Like\" data-unlike=\"Unlike\"><i class=\"fa fa-thumbs-o-up\"\/><span class=\"penci-share-number\">0<\/span><\/a><i class=\"fa fa-facebook\"\/><a class=\"penci-social-item twitter\" target=\"_blank\" rel=\"noopener\" title=\"\" href=\"https:\/\/twitter.com\/intent\/tweet?text=Sefaz%20libera%20mais%20R$%2037,1%20mi%20em%20cr\u00e9ditos\u00a0%20-%20https:\/\/www.tribunaribeirao.com.br\/site\/sefaz-libera-mais-r-371-mi-em-creditos\/\"><i class=\"fa fa-twitter\"\/><\/a><i class=\"fa fa-whatsapp\"\/><\/span><\/div>\n<div>\n<p><span class=\"TextRun SCXW49778843 BCX0\" lang=\"PT-BR\" xml:lang=\"PT-BR\" data-contrast=\"auto\"><span class=\"NormalTextRun SCXW49778843 BCX0\">Em dezembro, a Secretaria da Fazenda e Planejamento (Sefaz-SP) totaliza a distribui\u00e7\u00e3o de <\/span><span class=\"NormalTextRun SCXW49778843 BCX0\">R$ <\/span><span class=\"NormalTextRun SCXW49778843 BCX0\">457,5 milh\u00f5es em cr\u00e9ditos do programa da Nota Fiscal Paulista aos consumidores cadastrados no programa. O montante foi conclu\u00eddo com a libera\u00e7\u00e3o de <\/span><span class=\"NormalTextRun SCXW49778843 BCX0\">R$ <\/span><span class=\"NormalTextRun SCXW49778843 BCX0\">37,1 milh\u00f5es desta segunda-feira (18), referente ao c\u00e1lculo dos cr\u00e9ditos das notas de agosto deste ano.<\/span><\/span><span class=\"LineBreakBlob BlobObject DragDrop SCXW49778843 BCX0\"><span class=\"SCXW49778843 BCX0\">\u00a0<\/span><br class=\"SCXW49778843 BCX0\"\/><\/span><span class=\"LineBreakBlob BlobObject DragDrop SCXW49778843 BCX0\"><span class=\"SCXW49778843 BCX0\">\u00a0<\/span><br class=\"SCXW49778843 BCX0\"\/><\/span><span class=\"TextRun SCXW49778843 BCX0\" lang=\"PT-BR\" xml:lang=\"PT-BR\" data-contrast=\"auto\"><span class=\"NormalTextRun SCXW49778843 BCX0\">Deste montante, R$ <\/span><span class=\"NormalTextRun SCXW49778843 BCX0\">20 <\/span><span class=\"NormalTextRun SCXW49778843 BCX0\">milh\u00f5es foram destinados a institui\u00e7\u00f5es filantr\u00f3picas para utiliza\u00e7\u00e3o em seus projetos. J\u00e1 as pessoas f\u00edsicas t\u00eam \u00e0 disposi\u00e7\u00e3o R$ 1<\/span><span class=\"NormalTextRun SCXW49778843 BCX0\">6<\/span><span class=\"NormalTextRun SCXW49778843 BCX0\">,<\/span><span class=\"NormalTextRun SCXW49778843 BCX0\">5<\/span><span class=\"NormalTextRun SCXW49778843 BCX0\"> milh\u00f5es. Condom\u00ednios que est\u00e3o cadastradas no programa e solicitaram a inclus\u00e3o de seu Cadastro de Pessoa F\u00edsica (CPF) ou Nacional de Pessoa Jur\u00eddica (CNPJ) nas notas fiscais das suas compras receber\u00e3o R$ 2<\/span><span class=\"NormalTextRun SCXW49778843 BCX0\">2<\/span><span class=\"NormalTextRun SCXW49778843 BCX0\">,1 mil.<\/span><\/span><span class=\"LineBreakBlob BlobObject DragDrop SCXW49778843 BCX0\"><span class=\"SCXW49778843 BCX0\">\u00a0<\/span><br class=\"SCXW49778843 BCX0\"\/><\/span><span class=\"LineBreakBlob BlobObject DragDrop SCXW49778843 BCX0\"><span class=\"SCXW49778843 BCX0\">\u00a0<\/span><br class=\"SCXW49778843 BCX0\"\/><\/span><span class=\"TextRun SCXW49778843 BCX0\" lang=\"PT-BR\" xml:lang=\"PT-BR\" data-contrast=\"auto\"><span class=\"NormalTextRun SCXW49778843 BCX0\">Os contribuintes do Simples Nacional ter\u00e3o cr\u00e9ditos de R$ <\/span><span class=\"NormalTextRun SCXW49778843 BCX0\">510,2 <\/span><span class=\"NormalTextRun SCXW49778843 BCX0\">mil. Ao todo, mais de 14,<\/span><span class=\"NormalTextRun SCXW49778843 BCX0\">1<\/span><span class=\"NormalTextRun SCXW49778843 BCX0\"> milh\u00f5es de participantes cadastrados ter\u00e3o direito aos cr\u00e9ditos do programa. <\/span><span class=\"NormalTextRun SCXW49778843 BCX0\">Em virtude do encerramento anual das contas do Estado de S\u00e3o Paulo de 2023, o sistema da Nota Fiscal Paulista <\/span><span class=\"NormalTextRun SCXW49778843 BCX0\">f<\/span><span class=\"NormalTextRun SCXW49778843 BCX0\">icar\u00e1 indispon\u00edvel <\/span><span class=\"NormalTextRun SCXW49778843 BCX0\">at\u00e9 <\/span><span class=\"NormalTextRun SCXW49778843 BCX0\">2 de janeiro de 2024. <\/span><\/span><span class=\"LineBreakBlob BlobObject DragDrop SCXW49778843 BCX0\"><span class=\"SCXW49778843 BCX0\">\u00a0<\/span><br class=\"SCXW49778843 BCX0\"\/><\/span><span class=\"LineBreakBlob BlobObject DragDrop SCXW49778843 BCX0\"><span class=\"SCXW49778843 BCX0\">\u00a0<\/span><br class=\"SCXW49778843 BCX0\"\/><\/span><span class=\"TextRun SCXW49778843 BCX0\" lang=\"PT-BR\" xml:lang=\"PT-BR\" data-contrast=\"auto\"><span class=\"NormalTextRun SCXW49778843 BCX0\">Nesse per\u00edodo, os consumidores n\u00e3o poder\u00e3o realizar solicita\u00e7\u00f5es de resgate.<\/span> <span class=\"NormalTextRun SCXW49778843 BCX0\">Com<\/span><span class=\"NormalTextRun SCXW49778843 BCX0\"> a libera\u00e7\u00e3o deste m\u00eas, a Secretaria da Fazenda e Planejamento j\u00e1 soma, neste ano, R$ <\/span><span class=\"NormalTextRun SCXW49778843 BCX0\">45<\/span><span class=\"NormalTextRun SCXW49778843 BCX0\">7,5<\/span><span class=\"NormalTextRun SCXW49778843 BCX0\"> milh\u00f5es entregues aos participantes cadastrados.<\/span><span class=\"NormalTextRun SCXW49778843 BCX0\">\u00a0<\/span> <span class=\"NormalTextRun SCXW49778843 BCX0\">S\u00e3o R$ <\/span><span class=\"NormalTextRun SCXW49778843 BCX0\">57<\/span><span class=\"NormalTextRun SCXW49778843 BCX0\">,<\/span><span class=\"NormalTextRun SCXW49778843 BCX0\">3<\/span><span class=\"NormalTextRun SCXW49778843 BCX0\"> milh\u00f5es mais que os <\/span><span class=\"NormalTextRun SCXW49778843 BCX0\">R$ 400,2 milh\u00f5es que a Sefaz-SP devolveu de janeiro a dezembro do ano passado, <\/span><span class=\"NormalTextRun SCXW49778843 BCX0\">aumento de 1<\/span><span class=\"NormalTextRun SCXW49778843 BCX0\">4<\/span><span class=\"NormalTextRun SCXW49778843 BCX0\">,<\/span><span class=\"NormalTextRun SCXW49778843 BCX0\">32<\/span><span class=\"NormalTextRun SCXW49778843 BCX0\">%. <\/span><\/span><span class=\"LineBreakBlob BlobObject DragDrop SCXW49778843 BCX0\"><span class=\"SCXW49778843 BCX0\">\u00a0<\/span><br class=\"SCXW49778843 BCX0\"\/><\/span><span class=\"LineBreakBlob BlobObject DragDrop SCXW49778843 BCX0\"><span class=\"SCXW49778843 BCX0\">\u00a0<\/span><br class=\"SCXW49778843 BCX0\"\/><\/span><span class=\"TextRun SCXW49778843 BCX0\" lang=\"PT-BR\" xml:lang=\"PT-BR\" data-contrast=\"auto\"><span class=\"NormalTextRun SCXW49778843 BCX0\">Foram <\/span><span class=\"NormalTextRun SCXW49778843 BCX0\">R$ 307 milh\u00f5es <\/span><span class=\"NormalTextRun SCXW49778843 BCX0\">em <\/span><span class=\"NormalTextRun SCXW49778843 BCX0\">2021. <\/span><span class=\"NormalTextRun SCXW49778843 BCX0\">Em 2022 s<\/span><span class=\"NormalTextRun SCXW49778843 BCX0\">\u00e3o R$ 93,2 milh\u00f5es a mais e alta de 30,4%.<\/span> <\/span><span class=\"TextRun SCXW49778843 BCX0\" lang=\"PT-BR\" xml:lang=\"PT-BR\" data-contrast=\"none\"><span class=\"NormalTextRun SCXW49778843 BCX0\">Para transferir os recursos para uma conta corrente ou poupan\u00e7a de mesma titularidade, basta utilizar o aplicativo (app) oficial da Nota Fiscal Paulista pelo smartphone ou tablet, digitar o Cadastro de Pessoa F\u00edsica (CPF) ou de Pessoa Jur\u00eddica (CNPJ) e senha cadastrada e solicitar a op\u00e7\u00e3o desejada. <\/span><\/span><span class=\"LineBreakBlob BlobObject DragDrop SCXW49778843 BCX0\"><span class=\"SCXW49778843 BCX0\">\u00a0<\/span><br class=\"SCXW49778843 BCX0\"\/><\/span><span class=\"LineBreakBlob BlobObject DragDrop SCXW49778843 BCX0\"><span class=\"SCXW49778843 BCX0\">\u00a0<\/span><br class=\"SCXW49778843 BCX0\"\/><\/span><span class=\"TextRun SCXW49778843 BCX0\" lang=\"PT-BR\" xml:lang=\"PT-BR\" data-contrast=\"none\"><span class=\"NormalTextRun SCXW49778843 BCX0\">Quem preferir pode utilizar a p\u00e1gina do programa na internet (portal.fazenda.sp.gov.br\/<\/span><span class=\"NormalTextRun SpellingErrorV2Themed SCXW49778843 BCX0\">servicos<\/span><span class=\"NormalTextRun SCXW49778843 BCX0\">\/<\/span><span class=\"NormalTextRun SpellingErrorV2Themed SCXW49778843 BCX0\">nfp<\/span><span class=\"NormalTextRun SCXW49778843 BCX0\">). Em ambas as op\u00e7\u00f5es os valores ser\u00e3o creditados na conta indicada em at\u00e9 20 dias. Os cr\u00e9ditos da Nota Fiscal Paulista permanecem \u00e0 disposi\u00e7\u00e3o dos participantes por cinco anos a contar da libera\u00e7\u00e3o.<\/span><\/span><span class=\"LineBreakBlob BlobObject DragDrop SCXW49778843 BCX0\"><span class=\"SCXW49778843 BCX0\">\u00a0<\/span><br class=\"SCXW49778843 BCX0\"\/><\/span><span class=\"LineBreakBlob BlobObject DragDrop SCXW49778843 BCX0\"><span class=\"SCXW49778843 BCX0\">\u00a0<\/span><br class=\"SCXW49778843 BCX0\"\/><\/span><span class=\"TextRun SCXW49778843 BCX0\" lang=\"PT-BR\" xml:lang=\"PT-BR\" data-contrast=\"none\"><span class=\"NormalTextRun SCXW49778843 BCX0\">Podem ser utilizados a qualquer momento dentro desse per\u00edodo. O valor <\/span><span class=\"NormalTextRun SCXW49778843 BCX0\">m\u00ednimo para transfer\u00eancia \u00e9 de R$ 0,99. <\/span><\/span><span class=\"TextRun SCXW49778843 BCX0\" lang=\"PT-BR\" xml:lang=\"PT-BR\" data-contrast=\"auto\"><span class=\"NormalTextRun SCXW49778843 BCX0\">No total, a Nota Fiscal Paulista j\u00e1 devolveu aos participantes do programa mais de R$ 18,3 bilh\u00f5es, sendo R$ 16,3 bilh\u00f5es em cr\u00e9ditos e mais de R$ 2 bilh\u00f5es em pr\u00eamios nos 179 sorteios j\u00e1 realizados.<\/span><\/span><span class=\"LineBreakBlob BlobObject DragDrop SCXW49778843 BCX0\"><span class=\"SCXW49778843 BCX0\">\u00a0<\/span><br class=\"SCXW49778843 BCX0\"\/><\/span><span class=\"LineBreakBlob BlobObject DragDrop SCXW49778843 BCX0\"><span class=\"SCXW49778843 BCX0\">\u00a0<\/span><br class=\"SCXW49778843 BCX0\"\/><\/span><span class=\"TextRun SCXW49778843 BCX0\" lang=\"PT-BR\" xml:lang=\"PT-BR\" data-contrast=\"auto\"><span class=\"NormalTextRun SCXW49778843 BCX0\">O sistema distribui at\u00e9 30% do ICMS efetivamente recolhido pelos estabelecimentos comerciais aos consumidores que solicitam o documento fiscal e informam Cadastro de Pessoa F\u00edsica (CPF) ou nacional de Pessoa Jur\u00eddica (CNPJ), proporcional ao valor da nota. <\/span><\/span><span class=\"LineBreakBlob BlobObject DragDrop SCXW49778843 BCX0\"><span class=\"SCXW49778843 BCX0\">\u00a0<\/span><br class=\"SCXW49778843 BCX0\"\/><\/span><span class=\"LineBreakBlob BlobObject DragDrop SCXW49778843 BCX0\"><span class=\"SCXW49778843 BCX0\">\u00a0<\/span><br class=\"SCXW49778843 BCX0\"\/><\/span><span class=\"TextRun SCXW49778843 BCX0\" lang=\"PT-BR\" xml:lang=\"PT-BR\" data-contrast=\"auto\"><span class=\"NormalTextRun SCXW49778843 BCX0\">A devolu\u00e7\u00e3o \u00e9 feita em cr\u00e9ditos liberados mensalmente que podem ser acompanhados pela internet e utilizados para pagamento do Imposto sobre a Propriedade de Ve\u00edculos Automotores (IPVA) ou resgatados em <\/span><span class=\"NormalTextRun SpellingErrorV2Themed SCXW49778843 BCX0\">dinheiro,k<\/span><span class=\"NormalTextRun SCXW49778843 BCX0\"> segundo a Sefaz-SP.<\/span><\/span><span class=\"LineBreakBlob BlobObject DragDrop SCXW49778843 BCX0\"><span class=\"SCXW49778843 BCX0\">\u00a0<\/span><br class=\"SCXW49778843 BCX0\"\/><\/span><span class=\"LineBreakBlob BlobObject DragDrop SCXW49778843 BCX0\"><span class=\"SCXW49778843 BCX0\">\u00a0<\/span><br class=\"SCXW49778843 BCX0\"\/><\/span><span class=\"TextRun SCXW49778843 BCX0\" lang=\"PT-BR\" xml:lang=\"PT-BR\" data-contrast=\"auto\"><span class=\"NormalTextRun SCXW49778843 BCX0\">O consumidor tamb\u00e9m pode solicitar o documento fiscal sem a indica\u00e7\u00e3o do CPF\/CNPJ e do\u00e1-lo a uma entidade de assist\u00eancia social, sa\u00fade, educa\u00e7\u00e3o, defesa e prote\u00e7\u00e3o animal ou cultura cadastradas no programa Nota Fiscal Paulista, se assim desejar. Essa \u00e9 uma decis\u00e3o pessoal e exclusiva do consumidor.<\/span><\/span><span class=\"LineBreakBlob BlobObject DragDrop SCXW49778843 BCX0\"><span class=\"SCXW49778843 BCX0\">\u00a0<\/span><br class=\"SCXW49778843 BCX0\"\/><\/span><span class=\"LineBreakBlob BlobObject DragDrop SCXW49778843 BCX0\"><span class=\"SCXW49778843 BCX0\">\u00a0<\/span><br class=\"SCXW49778843 BCX0\"\/><\/span><span class=\"TextRun SCXW49778843 BCX0\" lang=\"PT-BR\" xml:lang=\"PT-BR\" data-contrast=\"none\"><span class=\"NormalTextRun SCXW49778843 BCX0\">Neste ano, <\/span><span class=\"NormalTextRun SCXW49778843 BCX0\">uma <\/span><span class=\"NormalTextRun SCXW49778843 BCX0\">moradora <\/span><\/span><span class=\"TextRun SCXW49778843 BCX0\" lang=\"PT-BR\" xml:lang=\"PT-BR\" data-contrast=\"auto\"><span class=\"NormalTextRun SCXW49778843 BCX0\">do <\/span><\/span><span class=\"TextRun SCXW49778843 BCX0\" lang=\"PT-BR\" xml:lang=\"PT-BR\" data-contrast=\"none\"><span class=\"NormalTextRun SCXW49778843 BCX0\">Jardim Recreio, na Zona Oeste de Ribeir\u00e3o Preto<\/span><\/span><span class=\"TextRun SCXW49778843 BCX0\" lang=\"PT-BR\" xml:lang=\"PT-BR\" data-contrast=\"auto\"> <span class=\"NormalTextRun SCXW49778843 BCX0\">e<\/span><\/span><span class=\"TextRun SCXW49778843 BCX0\" lang=\"PT-BR\" xml:lang=\"PT-BR\" data-contrast=\"none\"><span class=\"NormalTextRun SCXW49778843 BCX0\"> Ribeir\u00e3o Preto<\/span><span class=\"NormalTextRun SCXW49778843 BCX0\">, <\/span><span class=\"NormalTextRun SCXW49778843 BCX0\">foi sorteada <\/span><span class=\"NormalTextRun SCXW49778843 BCX0\">em dezembro <\/span><span class=\"NormalTextRun SCXW49778843 BCX0\">com o pr\u00eamio especial da Nota Fiscal Paulista: R$ 2 milh\u00f5es. Em maio, uma moradora do Jardim Cl\u00e1udia, em Bebedouro, na regi\u00e3o, foi contemplada com R$ 1 milh\u00e3o no 174\u00ba sorteio da Nota Fiscal Paulista.\u00a0 <\/span><\/span><span class=\"LineBreakBlob BlobObject DragDrop SCXW49778843 BCX0\"><span class=\"SCXW49778843 BCX0\">\u00a0<\/span><br class=\"SCXW49778843 BCX0\"\/><\/span><span class=\"LineBreakBlob BlobObject DragDrop SCXW49778843 BCX0\"><span class=\"SCXW49778843 BCX0\">\u00a0<\/span><br class=\"SCXW49778843 BCX0\"\/><\/span><span class=\"LineBreakBlob BlobObject DragDrop SCXW49778843 BCX0\"><span class=\"SCXW49778843 BCX0\">\u00a0<\/span><br class=\"SCXW49778843 BCX0\"\/><\/span><\/p>\n<\/div>\n<p><script async src=\"\/\/platform.twitter.com\/widgets.js\" charset=\"utf-8\"><\/script><br \/>\n<br \/><br \/>\n<br \/><a href=\"https:\/\/www.tribunaribeirao.com.br\/site\/sefaz-libera-mais-r-371-mi-em-creditos\/\">Source link <\/a><\/p>\n<!-- CONTENT END 1 -->\n","protected":false},"excerpt":{"rendered":"<p>21 de dezembro de 2023 | 18:0021 de dezembro de 2023 | 10:24 0 Em dezembro, a Secretaria da Fazenda e Planejamento (Sefaz-SP) totaliza a&#8230;<\/p>\n","protected":false},"author":1,"featured_media":19112,"comment_status":"open","ping_status":"open","sticky":false,"template":"","format":"standard","meta":{"advanced_seo_description":"","jetpack_seo_html_title":"","jetpack_seo_noindex":false,"jetpack_post_was_ever_published":false,"_jetpack_newsletter_access":"","_jetpack_dont_email_post_to_subs":false,"_jetpack_newsletter_tier_id":0,"_jetpack_memberships_contains_paywalled_content":false,"_jetpack_memberships_contains_paid_content":false,"footnotes":"","jetpack_publicize_message":"","jetpack_publicize_feature_enabled":true,"jetpack_social_post_already_shared":true,"jetpack_social_options":{"image_generator_settings":{"template":"highway","default_image_id":0,"font":"","enabled":false},"version":2}},"categories":[11],"tags":[2524,1948,276,2523],"class_list":["post-19111","post","type-post","status-publish","format-standard","has-post-thumbnail","hentry","category-noticias-de-ribeirao-preto-sp-e-regiao-ismael-colosi","tag-creditos","tag-libera","tag-mais","tag-sefaz"],"jetpack_publicize_connections":[],"jetpack_featured_media_url":"https:\/\/i0.wp.com\/noticiasribeiraopreto.com.br\/wp-content\/uploads\/2023\/12\/3-NotaSP-Divulgacao-10-scaled.jpg?fit=967%2C645&ssl=1","jetpack-related-posts":[{"id":52257,"url":"https:\/\/noticiasribeiraopreto.com.br\/index.php\/2024\/06\/05\/nota-fiscal-paulista-libera-bilhetes-para-sorteio-de-junho-veja-quem-participa\/","url_meta":{"origin":19111,"position":0},"title":"Nota Fiscal Paulista libera bilhetes para sorteio de junho; Veja quem participa","author":"noticiasribeiraopreto.com.br","date":"5 de June de 2024","format":false,"excerpt":"Os bilhetes para o sorteio do programa estadual Nota Fiscal Paulista, que ser\u00e3o sorteados neste m\u00eas de junho, foram disponibilizados para consulta, nesta quarta-feira (5). Os consumidores podem acessar o site da Sefaz-SP (Secretaria da Fazenda e Planejamento do Estado de S\u00e3o Paulo) para ver com quantos bilhetes est\u00e3o concorrendo.\u2026","rel":"","context":"In &quot;Not\u00edcias de Ribeir\u00e3o Preto-SP e Regi\u00e3o&quot;","block_context":{"text":"Not\u00edcias de Ribeir\u00e3o Preto-SP e Regi\u00e3o","link":"https:\/\/noticiasribeiraopreto.com.br\/index.php\/category\/noticias-de-ribeirao-preto-sp-e-regiao-ismael-colosi\/"},"img":{"alt_text":"","src":"https:\/\/i0.wp.com\/noticiasribeiraopreto.com.br\/wp-content\/uploads\/2024\/06\/WhatsApp-Image-2023-12-20-at-16.26.15.jpeg?fit=1200%2C707&ssl=1&resize=350%2C200","width":350,"height":200,"srcset":"https:\/\/i0.wp.com\/noticiasribeiraopreto.com.br\/wp-content\/uploads\/2024\/06\/WhatsApp-Image-2023-12-20-at-16.26.15.jpeg?fit=1200%2C707&ssl=1&resize=350%2C200 1x, https:\/\/i0.wp.com\/noticiasribeiraopreto.com.br\/wp-content\/uploads\/2024\/06\/WhatsApp-Image-2023-12-20-at-16.26.15.jpeg?fit=1200%2C707&ssl=1&resize=525%2C300 1.5x, https:\/\/i0.wp.com\/noticiasribeiraopreto.com.br\/wp-content\/uploads\/2024\/06\/WhatsApp-Image-2023-12-20-at-16.26.15.jpeg?fit=1200%2C707&ssl=1&resize=700%2C400 2x, https:\/\/i0.wp.com\/noticiasribeiraopreto.com.br\/wp-content\/uploads\/2024\/06\/WhatsApp-Image-2023-12-20-at-16.26.15.jpeg?fit=1200%2C707&ssl=1&resize=1050%2C600 3x"},"classes":[]},{"id":26473,"url":"https:\/\/noticiasribeiraopreto.com.br\/index.php\/2024\/01\/10\/repasse-de-icms-fica-em-r-534-mi\/","url_meta":{"origin":19111,"position":1},"title":"Repasse de ICMS fica em R$ 534 mi \u00a0","author":"noticiasribeiraopreto.com.br","date":"10 de January de 2024","format":false,"excerpt":"Nesta ter\u00e7a-feira (9), a Secretaria da Fazenda e Planejamento do Estado de S\u00e3o Paulo (Sefaz-SP) vai creditar, para 645 munic\u00edpios paulistas, o montante referente ao primeiro repasse de janeiro de Imposto sobre Circula\u00e7\u00e3o de Mercadorias e Servi\u00e7os (ICMS), relativo \u00e0 arrecada\u00e7\u00e3o entre os dias 2 e 5. No site da\u2026","rel":"","context":"In &quot;Not\u00edcias de Ribeir\u00e3o Preto-SP e Regi\u00e3o&quot;","block_context":{"text":"Not\u00edcias de Ribeir\u00e3o Preto-SP e Regi\u00e3o","link":"https:\/\/noticiasribeiraopreto.com.br\/index.php\/category\/noticias-de-ribeirao-preto-sp-e-regiao-ismael-colosi\/"},"img":{"alt_text":"","src":"https:\/\/i0.wp.com\/noticiasribeiraopreto.com.br\/wp-content\/uploads\/2024\/01\/ICMS-Max-Gallao-Mesquita-Arquivo-scaled.jpg?fit=991%2C645&ssl=1&resize=350%2C200","width":350,"height":200,"srcset":"https:\/\/i0.wp.com\/noticiasribeiraopreto.com.br\/wp-content\/uploads\/2024\/01\/ICMS-Max-Gallao-Mesquita-Arquivo-scaled.jpg?fit=991%2C645&ssl=1&resize=350%2C200 1x, https:\/\/i0.wp.com\/noticiasribeiraopreto.com.br\/wp-content\/uploads\/2024\/01\/ICMS-Max-Gallao-Mesquita-Arquivo-scaled.jpg?fit=991%2C645&ssl=1&resize=525%2C300 1.5x, https:\/\/i0.wp.com\/noticiasribeiraopreto.com.br\/wp-content\/uploads\/2024\/01\/ICMS-Max-Gallao-Mesquita-Arquivo-scaled.jpg?fit=991%2C645&ssl=1&resize=700%2C400 2x"},"classes":[]},{"id":17174,"url":"https:\/\/noticiasribeiraopreto.com.br\/index.php\/2023\/12\/17\/fgts-libera-saques-acima-de-r-500-para-trabalhadores\/","url_meta":{"origin":19111,"position":2},"title":"FGTS libera saques acima de R$ 500 para trabalhadores","author":"noticiasribeiraopreto.com.br","date":"17 de December de 2023","format":false,"excerpt":"Cr\u00e9ditos: Istock\/RHJCorre\u00e7\u00e3o do FGTS sofre mais uma GRANDE reviravoltaO Fundo de Garantia do Tempo de Servi\u00e7o (FGTS) est\u00e1 oferecendo uma oportunidade \u00fanica para os trabalhadores neste fim de ano, autorizando saques acima de R$ 500. Essa medida tem gerado um impacto significativo, permitindo que milhares de cidad\u00e3os acessem parte do\u2026","rel":"","context":"In &quot;Variedades&quot;","block_context":{"text":"Variedades","link":"https:\/\/noticiasribeiraopreto.com.br\/index.php\/category\/variedades\/"},"img":{"alt_text":"","src":"https:\/\/i0.wp.com\/noticiasribeiraopreto.com.br\/wp-content\/uploads\/2023\/12\/1702845549_lucro-bilionario-do-fgts-sera-distribuido-ate-agosto-veja-quem-pode-sacar.jpg?fit=1200%2C638&ssl=1&resize=350%2C200","width":350,"height":200,"srcset":"https:\/\/i0.wp.com\/noticiasribeiraopreto.com.br\/wp-content\/uploads\/2023\/12\/1702845549_lucro-bilionario-do-fgts-sera-distribuido-ate-agosto-veja-quem-pode-sacar.jpg?fit=1200%2C638&ssl=1&resize=350%2C200 1x, https:\/\/i0.wp.com\/noticiasribeiraopreto.com.br\/wp-content\/uploads\/2023\/12\/1702845549_lucro-bilionario-do-fgts-sera-distribuido-ate-agosto-veja-quem-pode-sacar.jpg?fit=1200%2C638&ssl=1&resize=525%2C300 1.5x, https:\/\/i0.wp.com\/noticiasribeiraopreto.com.br\/wp-content\/uploads\/2023\/12\/1702845549_lucro-bilionario-do-fgts-sera-distribuido-ate-agosto-veja-quem-pode-sacar.jpg?fit=1200%2C638&ssl=1&resize=700%2C400 2x, https:\/\/i0.wp.com\/noticiasribeiraopreto.com.br\/wp-content\/uploads\/2023\/12\/1702845549_lucro-bilionario-do-fgts-sera-distribuido-ate-agosto-veja-quem-pode-sacar.jpg?fit=1200%2C638&ssl=1&resize=1050%2C600 3x"},"classes":[]},{"id":29130,"url":"https:\/\/noticiasribeiraopreto.com.br\/index.php\/2024\/01\/17\/sp-orienta-sobre-fraudes-no-ipva\/","url_meta":{"origin":19111,"position":3},"title":"SP orienta sobre\u00a0fraudes no IPVA\u00a0","author":"noticiasribeiraopreto.com.br","date":"17 de January de 2024","format":false,"excerpt":"17 de janeiro de 2024 | 14:0017 de janeiro de 2024 | 9:54 0Propriet\u00e1rios de ve\u00edculos licenciados no Estado de S\u00e3o Paulo que est\u00e3o querendo quitar o Imposto Sobre Propriedade de Ve\u00edculos Automotores (IPVA) de 2024 precisam estar atentos na hora de realizar o pagamento. A Secretaria da Fazenda e\u2026","rel":"","context":"In &quot;Not\u00edcias de Ribeir\u00e3o Preto-SP e Regi\u00e3o&quot;","block_context":{"text":"Not\u00edcias de Ribeir\u00e3o Preto-SP e Regi\u00e3o","link":"https:\/\/noticiasribeiraopreto.com.br\/index.php\/category\/noticias-de-ribeirao-preto-sp-e-regiao-ismael-colosi\/"},"img":{"alt_text":"","src":"https:\/\/i0.wp.com\/noticiasribeiraopreto.com.br\/wp-content\/uploads\/2024\/01\/e91128fd-ipva-1-scaled.jpg?fit=967%2C645&ssl=1&resize=350%2C200","width":350,"height":200,"srcset":"https:\/\/i0.wp.com\/noticiasribeiraopreto.com.br\/wp-content\/uploads\/2024\/01\/e91128fd-ipva-1-scaled.jpg?fit=967%2C645&ssl=1&resize=350%2C200 1x, https:\/\/i0.wp.com\/noticiasribeiraopreto.com.br\/wp-content\/uploads\/2024\/01\/e91128fd-ipva-1-scaled.jpg?fit=967%2C645&ssl=1&resize=525%2C300 1.5x, https:\/\/i0.wp.com\/noticiasribeiraopreto.com.br\/wp-content\/uploads\/2024\/01\/e91128fd-ipva-1-scaled.jpg?fit=967%2C645&ssl=1&resize=700%2C400 2x"},"classes":[]},{"id":36124,"url":"https:\/\/noticiasribeiraopreto.com.br\/index.php\/2024\/02\/08\/banco-nubank-libera-limite-sem-analise-no-spc-e-serasa-veja-o-passo-a-passo-para-solicitar-seu-cartao\/","url_meta":{"origin":19111,"position":4},"title":"Banco Nubank libera limite sem an\u00e1lise no SPC e Serasa? Veja o passo a passo para solicitar seu cart\u00e3o","author":"noticiasribeiraopreto.com.br","date":"8 de February de 2024","format":false,"excerpt":"Imagem: Google Fundado em 2013, o Nubank \u00e9 um dos maiores bancos digitais do Brasil, com mais de 70 milh\u00f5es de usu\u00e1rios. Al\u00e9m disso, a institui\u00e7\u00e3o atua em outros pa\u00edses da Am\u00e9rica Latina, como M\u00e9xico e Col\u00f4mbia. Por isso, a fintech j\u00e1 atingiu a marca de mais de 80 milh\u00f5es\u2026","rel":"","context":"In &quot;Dinheiro e Investimento&quot;","block_context":{"text":"Dinheiro e Investimento","link":"https:\/\/noticiasribeiraopreto.com.br\/index.php\/category\/dinheiro-e-investimento-como-fazer-como-ganhar\/"},"img":{"alt_text":"","src":"https:\/\/i0.wp.com\/noticiasribeiraopreto.com.br\/wp-content\/uploads\/2024\/02\/nubank.webp.jpeg?fit=860%2C484&ssl=1&resize=350%2C200","width":350,"height":200,"srcset":"https:\/\/i0.wp.com\/noticiasribeiraopreto.com.br\/wp-content\/uploads\/2024\/02\/nubank.webp.jpeg?fit=860%2C484&ssl=1&resize=350%2C200 1x, https:\/\/i0.wp.com\/noticiasribeiraopreto.com.br\/wp-content\/uploads\/2024\/02\/nubank.webp.jpeg?fit=860%2C484&ssl=1&resize=525%2C300 1.5x, https:\/\/i0.wp.com\/noticiasribeiraopreto.com.br\/wp-content\/uploads\/2024\/02\/nubank.webp.jpeg?fit=860%2C484&ssl=1&resize=700%2C400 2x"},"classes":[]},{"id":62183,"url":"https:\/\/noticiasribeiraopreto.com.br\/index.php\/2025\/01\/06\/ribeirao-preto-libera-novos-bairros-com-ate-20-mil-habitantes-veja-os-locais\/","url_meta":{"origin":19111,"position":5},"title":"Ribeir\u00e3o Preto libera novos bairros com at\u00e9 20 mil habitantes; Veja os locais","author":"noticiasribeiraopreto.com.br","date":"6 de January de 2025","format":false,"excerpt":"Nos \u00faltimos dias de 2024 foram publicados decretos que criam quatro novos bairros em Ribeir\u00e3o Preto, com popula\u00e7\u00e3o estimada somada de at\u00e9 20 mil moradores. As \u00e1reas ficam entre as zonas Norte e Leste de Ribeir\u00e3o Preto. Os decretos foram assinados pelo ex-prefeito Duarte Nogueira e publicados no Di\u00e1rio Oficial\u2026","rel":"","context":"In &quot;Not\u00edcias de Ribeir\u00e3o Preto-SP e Regi\u00e3o&quot;","block_context":{"text":"Not\u00edcias de Ribeir\u00e3o Preto-SP e Regi\u00e3o","link":"https:\/\/noticiasribeiraopreto.com.br\/index.php\/category\/noticias-de-ribeirao-preto-sp-e-regiao-ismael-colosi\/"},"img":{"alt_text":"","src":"https:\/\/i0.wp.com\/noticiasribeiraopreto.com.br\/wp-content\/uploads\/2025\/01\/ribeirao-preto_2025-01-06_20-07-28_jpg_2025-01-06_20-07-29.webp.webp?fit=996%2C842&ssl=1&resize=350%2C200","width":350,"height":200,"srcset":"https:\/\/i0.wp.com\/noticiasribeiraopreto.com.br\/wp-content\/uploads\/2025\/01\/ribeirao-preto_2025-01-06_20-07-28_jpg_2025-01-06_20-07-29.webp.webp?fit=996%2C842&ssl=1&resize=350%2C200 1x, https:\/\/i0.wp.com\/noticiasribeiraopreto.com.br\/wp-content\/uploads\/2025\/01\/ribeirao-preto_2025-01-06_20-07-28_jpg_2025-01-06_20-07-29.webp.webp?fit=996%2C842&ssl=1&resize=525%2C300 1.5x, https:\/\/i0.wp.com\/noticiasribeiraopreto.com.br\/wp-content\/uploads\/2025\/01\/ribeirao-preto_2025-01-06_20-07-28_jpg_2025-01-06_20-07-29.webp.webp?fit=996%2C842&ssl=1&resize=700%2C400 2x"},"classes":[]}],"jetpack_sharing_enabled":true,"jetpack_shortlink":"https:\/\/wp.me\/peQAOb-4Yf","_links":{"self":[{"href":"https:\/\/noticiasribeiraopreto.com.br\/index.php\/wp-json\/wp\/v2\/posts\/19111","targetHints":{"allow":["GET"]}}],"collection":[{"href":"https:\/\/noticiasribeiraopreto.com.br\/index.php\/wp-json\/wp\/v2\/posts"}],"about":[{"href":"https:\/\/noticiasribeiraopreto.com.br\/index.php\/wp-json\/wp\/v2\/types\/post"}],"author":[{"embeddable":true,"href":"https:\/\/noticiasribeiraopreto.com.br\/index.php\/wp-json\/wp\/v2\/users\/1"}],"replies":[{"embeddable":true,"href":"https:\/\/noticiasribeiraopreto.com.br\/index.php\/wp-json\/wp\/v2\/comments?post=19111"}],"version-history":[{"count":0,"href":"https:\/\/noticiasribeiraopreto.com.br\/index.php\/wp-json\/wp\/v2\/posts\/19111\/revisions"}],"wp:featuredmedia":[{"embeddable":true,"href":"https:\/\/noticiasribeiraopreto.com.br\/index.php\/wp-json\/wp\/v2\/media\/19112"}],"wp:attachment":[{"href":"https:\/\/noticiasribeiraopreto.com.br\/index.php\/wp-json\/wp\/v2\/media?parent=19111"}],"wp:term":[{"taxonomy":"category","embeddable":true,"href":"https:\/\/noticiasribeiraopreto.com.br\/index.php\/wp-json\/wp\/v2\/categories?post=19111"},{"taxonomy":"post_tag","embeddable":true,"href":"https:\/\/noticiasribeiraopreto.com.br\/index.php\/wp-json\/wp\/v2\/tags?post=19111"}],"curies":[{"name":"wp","href":"https:\/\/api.w.org\/{rel}","templated":true}]}}