{"id":19131,"date":"2023-12-21T19:55:42","date_gmt":"2023-12-21T22:55:42","guid":{"rendered":"https:\/\/noticiasribeiraopreto.com.br\/index.php\/2023\/12\/21\/projeto-aprovado-garante-fatura-impressa-do-cartao-de-credito-para-idosos-2\/"},"modified":"2023-12-21T19:55:42","modified_gmt":"2023-12-21T22:55:42","slug":"projeto-aprovado-garante-fatura-impressa-do-cartao-de-credito-para-idosos-2","status":"publish","type":"post","link":"https:\/\/noticiasribeiraopreto.com.br\/index.php\/2023\/12\/21\/projeto-aprovado-garante-fatura-impressa-do-cartao-de-credito-para-idosos-2\/","title":{"rendered":"Projeto aprovado garante fatura impressa do cart\u00e3o de cr\u00e9dito para idosos"},"content":{"rendered":"<div class='code-block code-block-1' style='margin: 8px 0 8px auto; text-align: right; display: block; clear: both;'>\n<p><a href=\"https:\/\/wa.link\/vpicfd\"><img data-recalc-dims=\"1\" class=\"wp-image-4922\" style=\"aspect-ratio: 2.0253164556962027; width: 561px; height: auto;\" src=\"https:\/\/i0.wp.com\/ismaelcolosi.com.br\/wp-content\/uploads\/2023\/11\/grupo-de-empregos-whatsapp-e-facebook-ismael-colosi-vagas.jpg?ssl=1\" alt=\"\" \/><\/a><\/p>\n<!-- \/wp:image -->\n<\/div>\n<p> <br \/>\n<\/p>\n<div>\n<p>Os<strong> idosos brasileiros ter\u00e3o direito a receber a fatura de cart\u00e3o de cr\u00e9dito impress<\/strong>a, com anteced\u00eancia m\u00ednima de 10 dias do vencimento. A aprova\u00e7\u00e3o do Projeto de Lei 1930\/23, pela Comiss\u00e3o de Defesa dos Direitos da Pessoa Idosa da <a href=\"https:\/\/jcconcursos.com.br\/tags\/camara-dos-deputados\" rel=\"noopener\" target=\"_blank\">C\u00e2mara dos Deputados<\/a>, \u00e9 uma vit\u00f3ria para os consumidores que t\u00eam dificuldade em acessar e compreender informa\u00e7\u00f5es em meio digital.<\/p>\n<p>O projeto, apresentado pelo deputado J\u00fanior Mano (PL-CE), inclui a medida no C\u00f3digo de Defesa do Consumidor. O deputado alega que v\u00e1rios idosos ainda preferem receber a fatura no formato tradicional (impressas em papel) porque t\u00eam dificuldade em acessar e compreender informa\u00e7\u00f5es em meio digital.<\/p>\n<p>A relatora do projeto, deputada Simone Marquetto (MDB-SP), recomendou a aprova\u00e7\u00e3o do projeto. Ela concorda com o autor que o envio da fatura impressa pode proporcionar aos clientes idosos \u201cmelhores condi\u00e7\u00f5es para conferir valores cobrados, dados de vencimento, juros e demais encargos adicionais\u201d.<\/p>\n<p><a href=\"https:\/\/jcconcursos.com.br\/noticia\/brasil\/processo-seletivo-da-prefeitura-de-sao-paulo-paga-quase-r-700-por-dia-120296\" rel=\"noopener\" target=\"_blank\">+ Processo Seletivo da Prefeitura de S\u00e3o Paulo paga quase R$ 700 por dia<\/a><\/p>\n<h2>Saiba tramita\u00e7\u00e3o\u00a0<\/h2>\n<p>Ap\u00f3s a aprova\u00e7\u00e3o, a medida segue para an\u00e1lise em car\u00e1ter conclusivo e passar\u00e1 pela aprecia\u00e7\u00e3o das comiss\u00f5es de Defesa do Consumidor; e de Constitui\u00e7\u00e3o e Justi\u00e7a e de Cidadania.<\/p>\n<p>Normalmente, um <a href=\"https:\/\/www.camara.leg.br\/noticias\/573454-SAIBA-MAIS-SOBRE-A-TRAMITACAO-DE-PROJETOS-DE-LEI\" rel=\"noopener\" target=\"_blank\">Projeto de Lei (PL) tramita na C\u00e2mara dos Deputados<\/a> seguindo algumas etapas espec\u00edficas. O processo de tramita\u00e7\u00e3o envolve v\u00e1rias fases, desde a apresenta\u00e7\u00e3o do projeto at\u00e9 a sua eventual aprova\u00e7\u00e3o ou rejei\u00e7\u00e3o.\u00a0<\/p>\n<p>Dentre elas, est\u00e3o a apresenta\u00e7\u00e3o, o encaminhamento para uma ou mais comiss\u00f5es tem\u00e1ticas. A partir disso, cada comiss\u00e3o ir\u00e1 designar um relator que ser\u00e1 respons\u00e1vel por elaborar um parecer sobre o projeto.\u00a0<\/p>\n<p>Logo ap\u00f3s, o projeto \u00e9 discutido e votado na comiss\u00e3o que est\u00e1 tramitando. Se aprovado, \u00e9 encaminhado para a pr\u00f3xima comiss\u00e3o relacionada ao assunto. Ap\u00f3s passar por todas as comiss\u00f5es, o projeto \u00e9 encaminhado para o plen\u00e1rio da C\u00e2mara dos Deputados. L\u00e1, os deputados discutem o projeto, apresentam emendas e votam sua aprova\u00e7\u00e3o ou rejei\u00e7\u00e3o.<\/p>\n<p>Se o projeto for aprovado na C\u00e2mara, ele \u00e9 encaminhado ao Senado Federal, onde passar\u00e1 pelas mesmas etapas de tramita\u00e7\u00e3o (comiss\u00f5es, parecer, discuss\u00e3o e vota\u00e7\u00e3o). Caso o projeto seja aprovado tanto na C\u00e2mara dos Deputados quanto no Senado, ele \u00e9 enviado ao presidente da Rep\u00fablica para san\u00e7\u00e3o ou veto.<\/p>\n<p>+ Acompanhe as principais informa\u00e7\u00f5es sobre <a href=\"https:\/\/jcconcursos.com.br\/noticia\/brasil\/\" rel=\"noopener\" target=\"_blank\">Sociedade e Brasil no JC Concursos<\/a><\/p>\n<p><a id=\"gnews_btn\" href=\"https:\/\/news.google.com\/publications\/CAAqBwgKMOixlQswuZWrAw\" target=\"_blank\" class=\"border_jc_blue link_hover_bg_jc_blue font_85 d-block d-md-inline-block px-2 py-1 mr-0 mr-md-2 mb-3 w-100 text-center\" rel=\"noopener\"><span class=\"text_jc_blue\">Siga o <strong>JC Concursos no Google News<\/strong><\/span><\/a><a href=\"https:\/\/jcconcursos.com.br\/noticia\/brasil\/\" class=\"badge badge-light\">Sociedade<\/a><a href=\"https:\/\/jcconcursos.com.br\/noticia\/brasil\/\" class=\"badge badge-light\">Brasil<\/a><\/p>\n<\/div>\n<p><br \/>\n<br \/><a href=\"https:\/\/ismaelcolosi.com.br\/projeto-aprovado-garante-fatura-impressa-do-cartao-de-credito-para-idosos\/\">Source link <\/a><\/p>\n<!-- CONTENT END 1 -->\n","protected":false},"excerpt":{"rendered":"<p>Os idosos brasileiros ter\u00e3o direito a receber a fatura de cart\u00e3o de cr\u00e9dito impressa, com anteced\u00eancia m\u00ednima de 10 dias do vencimento. A aprova\u00e7\u00e3o do&#8230;<\/p>\n","protected":false},"author":1,"featured_media":19132,"comment_status":"open","ping_status":"open","sticky":false,"template":"","format":"standard","meta":{"advanced_seo_description":"","jetpack_seo_html_title":"","jetpack_seo_noindex":false,"jetpack_post_was_ever_published":false,"_jetpack_newsletter_access":"","_jetpack_dont_email_post_to_subs":false,"_jetpack_newsletter_tier_id":0,"_jetpack_memberships_contains_paywalled_content":false,"_jetpack_memberships_contains_paid_content":false,"footnotes":"","jetpack_publicize_message":"","jetpack_publicize_feature_enabled":true,"jetpack_social_post_already_shared":true,"jetpack_social_options":{"image_generator_settings":{"template":"highway","default_image_id":0,"font":"","enabled":false},"version":2}},"categories":[7],"tags":[],"class_list":["post-19131","post","type-post","status-publish","format-standard","has-post-thumbnail","hentry","category-vagas-de-empregos-em-ribeirao-preto-regiao-brasil"],"jetpack_publicize_connections":[],"jetpack_featured_media_url":"https:\/\/i0.wp.com\/noticiasribeiraopreto.com.br\/wp-content\/uploads\/2023\/12\/aposentados-inss-novo-1.jpg?fit=1920%2C1080&ssl=1","jetpack-related-posts":[{"id":19300,"url":"https:\/\/noticiasribeiraopreto.com.br\/index.php\/2023\/12\/22\/comissao-acaba-de-aprovar-nova-regra-para-idosos-que-usam-cartao-de-credito-confira-agora\/","url_meta":{"origin":19131,"position":0},"title":"Comiss\u00e3o acaba de aprovar nova regra para idosos que usam cart\u00e3o de cr\u00e9dito; Confira agora","author":"noticiasribeiraopreto.com.br","date":"22 de December de 2023","format":false,"excerpt":"A Comiss\u00e3o de Defesa dos Direitos da Pessoa Idosa da C\u00e2mara dos Deputados aprovou, nesta quinta-feira, o Projeto de Lei 1930\/23. A proposta tem como objetivo assegurar aos consumidores idosos a op\u00e7\u00e3o de receber, de forma gratuita, demonstrativos e faturas impressas de cart\u00e3o de cr\u00e9dito, com anteced\u00eancia m\u00ednima de dez\u2026","rel":"","context":"In &quot;Vagas de Emprego em Ribeir\u00e3o Preto-SP&quot;","block_context":{"text":"Vagas de Emprego em Ribeir\u00e3o Preto-SP","link":"https:\/\/noticiasribeiraopreto.com.br\/index.php\/category\/empregos-classificados-vagas-trabalho\/vagas-de-empregos-em-ribeirao-preto-regiao-brasil\/"},"img":{"alt_text":"Comiss\u00e3o acaba de aprovar nova regra para idosos que usam cart\u00e3o de cr\u00e9dito; Confira agora","src":"https:\/\/i0.wp.com\/noticiasconcursos.com.br\/wp-content\/uploads\/2023\/11\/noticiasconcursos.com.br-p-4-300x200.jpg?resize=350%2C200&ssl=1","width":350,"height":200},"classes":[]},{"id":21587,"url":"https:\/\/noticiasribeiraopreto.com.br\/index.php\/2023\/12\/28\/cartao-de-credito-instituicoes-financeiras-estao-limitadas-a-cobrar-ate-o-dobro-da-divida-entenda\/","url_meta":{"origin":19131,"position":1},"title":"Cart\u00e3o de Cr\u00e9dito: Institui\u00e7\u00f5es Financeiras est\u00e3o limitadas a cobrar at\u00e9 o DOBRO da d\u00edvida; entenda","author":"noticiasribeiraopreto.com.br","date":"28 de December de 2023","format":false,"excerpt":"Em decis\u00e3o recente, o Conselho Monet\u00e1rio Nacional (CMN) imp\u00f4s restri\u00e7\u00f5es \u00e0 cobran\u00e7a de juros em d\u00edvidas de cart\u00e3o de cr\u00e9dito. A partir de janeiro, as institui\u00e7\u00f5es financeiras est\u00e3o limitadas a cobrar at\u00e9 o dobro da d\u00edvida em cart\u00e3o de cr\u00e9dito. O Cart\u00e3o de Cr\u00e9dito e o Endividamento no Brasil O\u2026","rel":"","context":"In &quot;Vagas de Emprego em Ribeir\u00e3o Preto-SP&quot;","block_context":{"text":"Vagas de Emprego em Ribeir\u00e3o Preto-SP","link":"https:\/\/noticiasribeiraopreto.com.br\/index.php\/category\/empregos-classificados-vagas-trabalho\/vagas-de-empregos-em-ribeirao-preto-regiao-brasil\/"},"img":{"alt_text":"","src":"","width":0,"height":0},"classes":[]},{"id":25114,"url":"https:\/\/noticiasribeiraopreto.com.br\/index.php\/2024\/01\/05\/portabilidade-da-divida-do-cartao-trara-maior-controle-ao-consumidor\/","url_meta":{"origin":19131,"position":2},"title":"Portabilidade da d\u00edvida do cart\u00e3o trar\u00e1 maior controle ao consumidor\u00a0","author":"noticiasribeiraopreto.com.br","date":"5 de January de 2024","format":false,"excerpt":"Regulamentada junto com o teto dos juros para o rotativo, a portabilidade do saldo devedor do cart\u00e3o de cr\u00e9dito trar\u00e1 maior controle ao consumidor. Os especialistas, no entanto, recomendam comparar as propostas entre as institui\u00e7\u00f5es financeiras, antes de negociar condi\u00e7\u00f5es mais favor\u00e1veis.\u00a0Diferentemente do limite das taxas do rotativo, que entrou\u2026","rel":"","context":"In &quot;Not\u00edcias de Ribeir\u00e3o Preto-SP e Regi\u00e3o&quot;","block_context":{"text":"Not\u00edcias de Ribeir\u00e3o Preto-SP e Regi\u00e3o","link":"https:\/\/noticiasribeiraopreto.com.br\/index.php\/category\/noticias-de-ribeirao-preto-sp-e-regiao-ismael-colosi\/"},"img":{"alt_text":"","src":"https:\/\/i0.wp.com\/noticiasribeiraopreto.com.br\/wp-content\/uploads\/2024\/01\/WhatsAppImage2024-01-04at09.55.011.jpeg?fit=900%2C600&ssl=1&resize=350%2C200","width":350,"height":200,"srcset":"https:\/\/i0.wp.com\/noticiasribeiraopreto.com.br\/wp-content\/uploads\/2024\/01\/WhatsAppImage2024-01-04at09.55.011.jpeg?fit=900%2C600&ssl=1&resize=350%2C200 1x, https:\/\/i0.wp.com\/noticiasribeiraopreto.com.br\/wp-content\/uploads\/2024\/01\/WhatsAppImage2024-01-04at09.55.011.jpeg?fit=900%2C600&ssl=1&resize=525%2C300 1.5x, https:\/\/i0.wp.com\/noticiasribeiraopreto.com.br\/wp-content\/uploads\/2024\/01\/WhatsAppImage2024-01-04at09.55.011.jpeg?fit=900%2C600&ssl=1&resize=700%2C400 2x"},"classes":[]},{"id":23478,"url":"https:\/\/noticiasribeiraopreto.com.br\/index.php\/2024\/01\/02\/juros-do-rotativo-do-cartao-de-credito-limitados-a-100-entenda-o-que-muda-2\/","url_meta":{"origin":19131,"position":3},"title":"Juros do rotativo do cart\u00e3o de cr\u00e9dito limitados a 100%: Entenda o que muda","author":"noticiasribeiraopreto.com.br","date":"2 de January de 2024","format":false,"excerpt":"A partir desta ter\u00e7a-feira (2), os juros do rotativo do cart\u00e3o de cr\u00e9dito e da fatura parcelada passam a ser limitados a 100% da d\u00edvida. A medida, institu\u00edda pela lei do Programa Desenrola, foi sancionada em outubro. At\u00e9 ent\u00e3o, os juros do rotativo do cart\u00e3o de cr\u00e9dito eram os mais\u2026","rel":"","context":"In &quot;Vagas de Emprego em Ribeir\u00e3o Preto-SP&quot;","block_context":{"text":"Vagas de Emprego em Ribeir\u00e3o Preto-SP","link":"https:\/\/noticiasribeiraopreto.com.br\/index.php\/category\/empregos-classificados-vagas-trabalho\/vagas-de-empregos-em-ribeirao-preto-regiao-brasil\/"},"img":{"alt_text":"","src":"https:\/\/i0.wp.com\/noticiasribeiraopreto.com.br\/wp-content\/uploads\/2024\/01\/limite-cartao-whatsapp.jpg?fit=1200%2C675&ssl=1&resize=350%2C200","width":350,"height":200,"srcset":"https:\/\/i0.wp.com\/noticiasribeiraopreto.com.br\/wp-content\/uploads\/2024\/01\/limite-cartao-whatsapp.jpg?fit=1200%2C675&ssl=1&resize=350%2C200 1x, https:\/\/i0.wp.com\/noticiasribeiraopreto.com.br\/wp-content\/uploads\/2024\/01\/limite-cartao-whatsapp.jpg?fit=1200%2C675&ssl=1&resize=525%2C300 1.5x, https:\/\/i0.wp.com\/noticiasribeiraopreto.com.br\/wp-content\/uploads\/2024\/01\/limite-cartao-whatsapp.jpg?fit=1200%2C675&ssl=1&resize=700%2C400 2x, https:\/\/i0.wp.com\/noticiasribeiraopreto.com.br\/wp-content\/uploads\/2024\/01\/limite-cartao-whatsapp.jpg?fit=1200%2C675&ssl=1&resize=1050%2C600 3x"},"classes":[]},{"id":22829,"url":"https:\/\/noticiasribeiraopreto.com.br\/index.php\/2023\/12\/31\/vinte-e-oito-projetos-de-deputados-se-tornaram-leis-estaduais-este-ano\/","url_meta":{"origin":19131,"position":4},"title":"Vinte e oito projetos de deputados se tornaram leis estaduais este ano\u00a0","author":"noticiasribeiraopreto.com.br","date":"31 de December de 2023","format":false,"excerpt":"31 de dezembro de 2023 | 8:0030 de dezembro de 2023 | 12:17 0O ano de 2023 terminou na Assembleia Legislativo do Estado de S\u00e3o Paulo (Alesp) com a aprova\u00e7\u00e3o de mais de 250 novas leis. Os parlamentares deram aval a medidas encaminhadas pelo governador Tarc\u00edsio de Freitas (Republicanos), mas,\u2026","rel":"","context":"In &quot;Not\u00edcias de Ribeir\u00e3o Preto-SP e Regi\u00e3o&quot;","block_context":{"text":"Not\u00edcias de Ribeir\u00e3o Preto-SP e Regi\u00e3o","link":"https:\/\/noticiasribeiraopreto.com.br\/index.php\/category\/noticias-de-ribeirao-preto-sp-e-regiao-ismael-colosi\/"},"img":{"alt_text":"","src":"https:\/\/i0.wp.com\/noticiasribeiraopreto.com.br\/wp-content\/uploads\/2023\/12\/Fachada-Alesp-1-scaled.jpg?fit=1000%2C577&ssl=1&resize=350%2C200","width":350,"height":200,"srcset":"https:\/\/i0.wp.com\/noticiasribeiraopreto.com.br\/wp-content\/uploads\/2023\/12\/Fachada-Alesp-1-scaled.jpg?fit=1000%2C577&ssl=1&resize=350%2C200 1x, https:\/\/i0.wp.com\/noticiasribeiraopreto.com.br\/wp-content\/uploads\/2023\/12\/Fachada-Alesp-1-scaled.jpg?fit=1000%2C577&ssl=1&resize=525%2C300 1.5x, https:\/\/i0.wp.com\/noticiasribeiraopreto.com.br\/wp-content\/uploads\/2023\/12\/Fachada-Alesp-1-scaled.jpg?fit=1000%2C577&ssl=1&resize=700%2C400 2x"},"classes":[]},{"id":12450,"url":"https:\/\/noticiasribeiraopreto.com.br\/index.php\/2023\/12\/08\/carteira-verde-e-amarela-vai-tirar-direitos-dos-trabalhadores-jovens-projeto-avanca-2\/","url_meta":{"origin":19131,"position":5},"title":"Carteira Verde e Amarela vai tirar direitos dos trabalhadores jovens? Projeto avan\u00e7a","author":"noticiasribeiraopreto.com.br","date":"8 de December de 2023","format":false,"excerpt":"A C\u00e2mara dos Deputados aprovou, no final de novembro, Projeto de Lei que prop\u00f5e a cria\u00e7\u00e3o da Carteira Verde e Amarela. Os parlamentares acreditam que a medida vai fomentar a gera\u00e7\u00e3o de emprego e renda, especialmente para jovens de 18 a 29 anos. O texto retoma as diretrizes da extinta\u2026","rel":"","context":"In &quot;Vagas de Emprego em Ribeir\u00e3o Preto-SP&quot;","block_context":{"text":"Vagas de Emprego em Ribeir\u00e3o Preto-SP","link":"https:\/\/noticiasribeiraopreto.com.br\/index.php\/category\/empregos-classificados-vagas-trabalho\/vagas-de-empregos-em-ribeirao-preto-regiao-brasil\/"},"img":{"alt_text":"","src":"https:\/\/i0.wp.com\/noticiasribeiraopreto.com.br\/wp-content\/uploads\/2023\/12\/1702008345_mercado-trabalho-carteira-freepik.jpg?fit=1200%2C675&ssl=1&resize=350%2C200","width":350,"height":200,"srcset":"https:\/\/i0.wp.com\/noticiasribeiraopreto.com.br\/wp-content\/uploads\/2023\/12\/1702008345_mercado-trabalho-carteira-freepik.jpg?fit=1200%2C675&ssl=1&resize=350%2C200 1x, https:\/\/i0.wp.com\/noticiasribeiraopreto.com.br\/wp-content\/uploads\/2023\/12\/1702008345_mercado-trabalho-carteira-freepik.jpg?fit=1200%2C675&ssl=1&resize=525%2C300 1.5x, https:\/\/i0.wp.com\/noticiasribeiraopreto.com.br\/wp-content\/uploads\/2023\/12\/1702008345_mercado-trabalho-carteira-freepik.jpg?fit=1200%2C675&ssl=1&resize=700%2C400 2x, https:\/\/i0.wp.com\/noticiasribeiraopreto.com.br\/wp-content\/uploads\/2023\/12\/1702008345_mercado-trabalho-carteira-freepik.jpg?fit=1200%2C675&ssl=1&resize=1050%2C600 3x"},"classes":[]}],"jetpack_sharing_enabled":true,"jetpack_shortlink":"https:\/\/wp.me\/peQAOb-4Yz","_links":{"self":[{"href":"https:\/\/noticiasribeiraopreto.com.br\/index.php\/wp-json\/wp\/v2\/posts\/19131","targetHints":{"allow":["GET"]}}],"collection":[{"href":"https:\/\/noticiasribeiraopreto.com.br\/index.php\/wp-json\/wp\/v2\/posts"}],"about":[{"href":"https:\/\/noticiasribeiraopreto.com.br\/index.php\/wp-json\/wp\/v2\/types\/post"}],"author":[{"embeddable":true,"href":"https:\/\/noticiasribeiraopreto.com.br\/index.php\/wp-json\/wp\/v2\/users\/1"}],"replies":[{"embeddable":true,"href":"https:\/\/noticiasribeiraopreto.com.br\/index.php\/wp-json\/wp\/v2\/comments?post=19131"}],"version-history":[{"count":0,"href":"https:\/\/noticiasribeiraopreto.com.br\/index.php\/wp-json\/wp\/v2\/posts\/19131\/revisions"}],"wp:featuredmedia":[{"embeddable":true,"href":"https:\/\/noticiasribeiraopreto.com.br\/index.php\/wp-json\/wp\/v2\/media\/19132"}],"wp:attachment":[{"href":"https:\/\/noticiasribeiraopreto.com.br\/index.php\/wp-json\/wp\/v2\/media?parent=19131"}],"wp:term":[{"taxonomy":"category","embeddable":true,"href":"https:\/\/noticiasribeiraopreto.com.br\/index.php\/wp-json\/wp\/v2\/categories?post=19131"},{"taxonomy":"post_tag","embeddable":true,"href":"https:\/\/noticiasribeiraopreto.com.br\/index.php\/wp-json\/wp\/v2\/tags?post=19131"}],"curies":[{"name":"wp","href":"https:\/\/api.w.org\/{rel}","templated":true}]}}