{"id":19137,"date":"2023-12-21T20:12:52","date_gmt":"2023-12-21T23:12:52","guid":{"rendered":"https:\/\/noticiasribeiraopreto.com.br\/index.php\/2023\/12\/21\/artrite-conheca-os-sintomas-causas-e-tratamento-meu-valor-digital\/"},"modified":"2023-12-21T20:12:52","modified_gmt":"2023-12-21T23:12:52","slug":"artrite-conheca-os-sintomas-causas-e-tratamento-meu-valor-digital","status":"publish","type":"post","link":"https:\/\/noticiasribeiraopreto.com.br\/index.php\/2023\/12\/21\/artrite-conheca-os-sintomas-causas-e-tratamento-meu-valor-digital\/","title":{"rendered":"Artrite: conhe\u00e7a os sintomas, causas e tratamento &#8211; Meu Valor Digital"},"content":{"rendered":"<div class='code-block code-block-1' style='margin: 8px 0 8px auto; text-align: right; display: block; clear: both;'>\n<p><a href=\"https:\/\/wa.link\/vpicfd\"><img data-recalc-dims=\"1\" class=\"wp-image-4922\" style=\"aspect-ratio: 2.0253164556962027; width: 561px; height: auto;\" src=\"https:\/\/i0.wp.com\/ismaelcolosi.com.br\/wp-content\/uploads\/2023\/11\/grupo-de-empregos-whatsapp-e-facebook-ismael-colosi-vagas.jpg?ssl=1\" alt=\"\" \/><\/a><\/p>\n<!-- \/wp:image -->\n<\/div>\n<p> <br \/>\n<\/p>\n<div>\n<p>Artrite \u00e9 uma inflama\u00e7\u00e3o das articula\u00e7\u00f5es do corpo, que causa dor, deformidade e dificuldade no movimento. Segundo os m\u00e9dicos, os sintomas podem aparecer em qualquer pessoa. Por\u00e9m, o mais comum \u00e9 acontecer com pessoas acima dos 40 anos e que est\u00e3o acima do peso. Ela pode ser causada por altera\u00e7\u00f5es autoimunes, infec\u00e7\u00e3o ou desgaste natural das articula\u00e7\u00f5es.<\/p>\n<p><strong>Os principais sintomas s\u00e3o:<\/strong><\/p>\n<p>Existem diferentes tipos de artrite, cada um com diferentes causas, incluindo desgaste das articula\u00e7\u00f5es, infec\u00e7\u00f5es e doen\u00e7as subjacentes.<\/p>\n<ul>\n<li>Dor na articula\u00e7\u00e3o<\/li>\n<li>Rigidez e dificuldade para movimentar a articula\u00e7\u00e3o, principalmente pela manh\u00e3<\/li>\n<li>Vermelhid\u00e3o no local<\/li>\n<li>Incha\u00e7o na articula\u00e7\u00e3o<\/li>\n<li>Deforma\u00e7\u00e3o na articula\u00e7\u00e3o<\/li>\n<\/ul>\n<h2 class=\"wp-block-heading\" id=\"h-tipos-mais-comuns-de-artrite\">Tipos mais comuns de artrite<\/h2>\n<p>Os tipos mais comuns s\u00e3o a artrose (doen\u00e7a degenerativa das articula\u00e7\u00f5es) e a artrite reumatoide. A artrose est\u00e1 geralmente associada ao envelhecimento e afeta os dedos, joelhos e anca.<\/p>\n<p>A artrite reumatoide \u00e9 <a href=\"https:\/\/meuvalordigital.com.br\/9-doencas-raras-que-sao-claramente-superpoderes-disfarcados\/\" target=\"_blank\" rel=\"noreferrer noopener\">uma doen\u00e7a<\/a> autoimune que geralmente afeta as m\u00e3os e os p\u00e9s. Entre os outros tipos de artrite est\u00e3o a gota, l\u00fapus, fibromialgia e artrite s\u00e9ptica.<\/p>\n<p>Leia tamb\u00e9m | <strong><a href=\"https:\/\/meuvalordigital.com.br\/9-maneiras-praticas-de-manifestar-seus-sonhos-em-2024\/\" target=\"_blank\" rel=\"noreferrer noopener\">9 maneiras praticas de manifestar seus sonhos em 2024<\/a><\/strong><\/p>\n<h2 class=\"wp-block-heading\" id=\"h-tratamento\">Tratamento<\/h2>\n<p>Geralmente, o tratamento consiste no repouso da articula\u00e7\u00e3o e em aplicar de forma alternada gelo e calor. A perda de peso e a pr\u00e1tica de exerc\u00edcio f\u00edsico s\u00e3o ben\u00e9ficos.<\/p>\n<p>Podem tamb\u00e9m ser usados analg\u00e9sicos como o ibuprofeno e o paracetamol. Em alguns casos pode haver benef\u00edcio na realiza\u00e7\u00e3o de uma artroplastia.<\/p>\n<p>Lembrando que o tratamento para artrite deve ser indicado pelo ortopedista ou reumatologista e \u00e9 feito com medicamentos, fisioterapia e exerc\u00edcios. Em alguns casos, pode ser necess\u00e1ria a realiza\u00e7\u00e3o de cirurgia.<\/p>\n<p>O tratamento para artrite reumatoide geralmente \u00e9 orientado por um reumatologista e normalmente come\u00e7a com o uso de medicamentos, que s\u00e3o escolhidos pelo m\u00e9dico de acordo com os sintomas apresentados e da fase da doen\u00e7a.\u00a0<\/p>\n<p>\u00c9 recomendado a pessoa fazer fisioterapia, que pode ajudar a diminuir a dor, a inflama\u00e7\u00e3o e melhorar a qualidade dos movimentos na articula\u00e7\u00e3o afetada.\u00a0<\/p>\n<p>Ela pode manter os m\u00fasculos devidamente fortalecidos e alongados, assim como evitar ou diminuir as deformidades articulares.<\/p>\n<p>Em alguns casos, quando a artrite reumatoide gera deformidades que diminuem a qualidade de vida da pessoa, o reumatologista em conjunto com ortopedista, poder\u00e3o avaliar a necessidade de realizar uma cirurgia para corrigir as deformidades.<\/p>\n<p>Lembrando que voc\u00ea tendo qualquer desses sintomas informados no texto deve procurar um m\u00e9dico ortopedista ou reumatologista. Nunca fa\u00e7a automedica\u00e7\u00e3o, isso pode ser prejudicial a sua sa\u00fade.<\/p>\n<\/div>\n<p><br \/>\n<br \/><a href=\"https:\/\/meuvalordigital.com.br\/artrite-conheca-os-sintomas-causas-e-tratamento\/\">Source link <\/a><\/p>\n<!-- CONTENT END 1 -->\n","protected":false},"excerpt":{"rendered":"<p>Artrite \u00e9 uma inflama\u00e7\u00e3o das articula\u00e7\u00f5es do corpo, que causa dor, deformidade e dificuldade no movimento. Segundo os m\u00e9dicos, os sintomas podem aparecer em qualquer&#8230;<\/p>\n","protected":false},"author":1,"featured_media":19138,"comment_status":"open","ping_status":"open","sticky":false,"template":"","format":"standard","meta":{"advanced_seo_description":"","jetpack_seo_html_title":"","jetpack_seo_noindex":false,"jetpack_post_was_ever_published":false,"_jetpack_newsletter_access":"","_jetpack_dont_email_post_to_subs":false,"_jetpack_newsletter_tier_id":0,"_jetpack_memberships_contains_paywalled_content":false,"_jetpack_memberships_contains_paid_content":false,"footnotes":"","jetpack_publicize_message":"","jetpack_publicize_feature_enabled":true,"jetpack_social_post_already_shared":true,"jetpack_social_options":{"image_generator_settings":{"template":"highway","default_image_id":0,"font":"","enabled":false},"version":2}},"categories":[7],"tags":[],"class_list":["post-19137","post","type-post","status-publish","format-standard","has-post-thumbnail","hentry","category-vagas-de-empregos-em-ribeirao-preto-regiao-brasil"],"jetpack_publicize_connections":[],"jetpack_featured_media_url":"https:\/\/i0.wp.com\/noticiasribeiraopreto.com.br\/wp-content\/uploads\/2023\/12\/Artrite-1.jpg?fit=1240%2C800&ssl=1","jetpack-related-posts":[{"id":72184,"url":"https:\/\/noticiasribeiraopreto.com.br\/index.php\/2025\/06\/14\/jornal-da-franca-quer-diminuir-as-dores-da-artrite-no-inverno-aprenda-como-fazer-isso-agora\/","url_meta":{"origin":19137,"position":0},"title":"Jornal da Franca &#8211; Quer diminuir as dores da artrite no inverno? Aprenda como fazer isso agora!","author":"noticiasribeiraopreto.com.br","date":"14 de June de 2025","format":false,"excerpt":"compartilhar no whatsapp compartilhar no telegram compartilhar no facebook compartilhar no linkedin Reumatologista explica por que as pessoas sentem que a artrite piora no inverno e como lidar melhor com as dores nas articula\u00e7\u00f5es A artrite \u00e9 uma inflama\u00e7\u00e3o nas articula\u00e7\u00f5es que pode afetar pessoas de todas as idades \u2013\u2026","rel":"","context":"In &quot;Not\u00edcias de Franca-SP&quot;","block_context":{"text":"Not\u00edcias de Franca-SP","link":"https:\/\/noticiasribeiraopreto.com.br\/index.php\/category\/noticias-de-ribeirao-preto-sp-e-regiao-ismael-colosi\/noticias-franca-sp\/"},"img":{"alt_text":"","src":"https:\/\/i0.wp.com\/noticiasribeiraopreto.com.br\/wp-content\/uploads\/2025\/06\/dores-no-corpo-no-frio-shutterstock.jpg?fit=1200%2C675&ssl=1&resize=350%2C200","width":350,"height":200,"srcset":"https:\/\/i0.wp.com\/noticiasribeiraopreto.com.br\/wp-content\/uploads\/2025\/06\/dores-no-corpo-no-frio-shutterstock.jpg?fit=1200%2C675&ssl=1&resize=350%2C200 1x, https:\/\/i0.wp.com\/noticiasribeiraopreto.com.br\/wp-content\/uploads\/2025\/06\/dores-no-corpo-no-frio-shutterstock.jpg?fit=1200%2C675&ssl=1&resize=525%2C300 1.5x, https:\/\/i0.wp.com\/noticiasribeiraopreto.com.br\/wp-content\/uploads\/2025\/06\/dores-no-corpo-no-frio-shutterstock.jpg?fit=1200%2C675&ssl=1&resize=700%2C400 2x, https:\/\/i0.wp.com\/noticiasribeiraopreto.com.br\/wp-content\/uploads\/2025\/06\/dores-no-corpo-no-frio-shutterstock.jpg?fit=1200%2C675&ssl=1&resize=1050%2C600 3x"},"classes":[]},{"id":14536,"url":"https:\/\/noticiasribeiraopreto.com.br\/index.php\/2023\/12\/12\/10-problemas-de-saude-mais-comuns-em-caes-meu-valor-digital\/","url_meta":{"origin":19137,"position":1},"title":"10 problemas de sa\u00fade mais comuns em c\u00e3es &#8211; Meu Valor Digital","author":"noticiasribeiraopreto.com.br","date":"12 de December de 2023","format":false,"excerpt":"Quando se trata de cuidar de nossos amigos caninos, entender os problemas de sa\u00fade que podem afet\u00e1-los \u00e9 t\u00e3o importante quanto fornecer amor e carinho. C\u00e3es, assim como humanos, est\u00e3o sujeitos a uma variedade de problemas de sa\u00fade que podem impactar significativamente sua qualidade de vida. Exploramos os 10 problemas\u2026","rel":"","context":"In &quot;Vagas de Emprego em Ribeir\u00e3o Preto-SP&quot;","block_context":{"text":"Vagas de Emprego em Ribeir\u00e3o Preto-SP","link":"https:\/\/noticiasribeiraopreto.com.br\/index.php\/category\/empregos-classificados-vagas-trabalho\/vagas-de-empregos-em-ribeirao-preto-regiao-brasil\/"},"img":{"alt_text":"","src":"https:\/\/i0.wp.com\/noticiasribeiraopreto.com.br\/wp-content\/uploads\/2023\/12\/Doencas-caes.jpg?fit=1200%2C773&ssl=1&resize=350%2C200","width":350,"height":200,"srcset":"https:\/\/i0.wp.com\/noticiasribeiraopreto.com.br\/wp-content\/uploads\/2023\/12\/Doencas-caes.jpg?fit=1200%2C773&ssl=1&resize=350%2C200 1x, https:\/\/i0.wp.com\/noticiasribeiraopreto.com.br\/wp-content\/uploads\/2023\/12\/Doencas-caes.jpg?fit=1200%2C773&ssl=1&resize=525%2C300 1.5x, https:\/\/i0.wp.com\/noticiasribeiraopreto.com.br\/wp-content\/uploads\/2023\/12\/Doencas-caes.jpg?fit=1200%2C773&ssl=1&resize=700%2C400 2x, https:\/\/i0.wp.com\/noticiasribeiraopreto.com.br\/wp-content\/uploads\/2023\/12\/Doencas-caes.jpg?fit=1200%2C773&ssl=1&resize=1050%2C600 3x"},"classes":[]},{"id":36972,"url":"https:\/\/noticiasribeiraopreto.com.br\/index.php\/2024\/02\/13\/e-dengue-ou-gripe-saiba-como-diferenciar-os-sintomas-das-doencas\/","url_meta":{"origin":19137,"position":2},"title":"\u00c9 dengue ou gripe? Saiba como diferenciar os sintomas das doen\u00e7as","author":"noticiasribeiraopreto.com.br","date":"13 de February de 2024","format":false,"excerpt":"Sintomas como dor de cabe\u00e7a, mal-estar, febre e fraqueza s\u00e3o sinais comuns presentes em v\u00e1rias enfermidades, incluindo a dengue e a gripe. Desta forma, em caso de suspeita de alguma dessas doen\u00e7as \u00e9 importante aumentar a hidrata\u00e7\u00e3o e evitar a automedica\u00e7\u00e3o. Somente um m\u00e9dico pode fazer o diagn\u00f3stico correto.\u201c\u00c9 poss\u00edvel\u2026","rel":"","context":"In &quot;Not\u00edcias de Ribeir\u00e3o Preto-SP e Regi\u00e3o&quot;","block_context":{"text":"Not\u00edcias de Ribeir\u00e3o Preto-SP e Regi\u00e3o","link":"https:\/\/noticiasribeiraopreto.com.br\/index.php\/category\/noticias-de-ribeirao-preto-sp-e-regiao-ismael-colosi\/"},"img":{"alt_text":"","src":"https:\/\/i0.wp.com\/noticiasribeiraopreto.com.br\/wp-content\/uploads\/2024\/02\/gripe-resfriado-dengue-ou-covid.png-1.jpg?fit=800%2C481&ssl=1&resize=350%2C200","width":350,"height":200,"srcset":"https:\/\/i0.wp.com\/noticiasribeiraopreto.com.br\/wp-content\/uploads\/2024\/02\/gripe-resfriado-dengue-ou-covid.png-1.jpg?fit=800%2C481&ssl=1&resize=350%2C200 1x, https:\/\/i0.wp.com\/noticiasribeiraopreto.com.br\/wp-content\/uploads\/2024\/02\/gripe-resfriado-dengue-ou-covid.png-1.jpg?fit=800%2C481&ssl=1&resize=525%2C300 1.5x, https:\/\/i0.wp.com\/noticiasribeiraopreto.com.br\/wp-content\/uploads\/2024\/02\/gripe-resfriado-dengue-ou-covid.png-1.jpg?fit=800%2C481&ssl=1&resize=700%2C400 2x"},"classes":[]},{"id":6975,"url":"https:\/\/noticiasribeiraopreto.com.br\/index.php\/2023\/11\/27\/esses-12-sinais-revelam-uma-doenca-que-causa-dor-insuportavel-e-incapacitante-voce-nao-pode-ignora-los\/","url_meta":{"origin":19137,"position":3},"title":"Esses 12 sinais revelam uma doen\u00e7a que causa dor insuport\u00e1vel e incapacitante; voc\u00ea N\u00c3O pode ignor\u00e1-los","author":"noticiasribeiraopreto.com.br","date":"27 de November de 2023","format":false,"excerpt":"Muitas pessoas desconhecem os sinais e sintomas dessa doen\u00e7a que afeta diretamente a musculatura causando dor insuport\u00e1vel e que pode deixar a pessoa incapacitada, com dificuldade de manter sua rotina di\u00e1ria, seus afazeres dom\u00e9sticos e at\u00e9 mesmo tendo a necessidade de se afastar temporariamente ou de forma definitiva do trabalho.\u00c9\u2026","rel":"","context":"In &quot;Blog&quot;","block_context":{"text":"Blog","link":"https:\/\/noticiasribeiraopreto.com.br\/index.php\/category\/blog\/"},"img":{"alt_text":"","src":"https:\/\/i0.wp.com\/noticiasribeiraopreto.com.br\/wp-content\/uploads\/2023\/11\/postimg-6564a2722e4292379.jpg?fit=1200%2C628&ssl=1&resize=350%2C200","width":350,"height":200,"srcset":"https:\/\/i0.wp.com\/noticiasribeiraopreto.com.br\/wp-content\/uploads\/2023\/11\/postimg-6564a2722e4292379.jpg?fit=1200%2C628&ssl=1&resize=350%2C200 1x, https:\/\/i0.wp.com\/noticiasribeiraopreto.com.br\/wp-content\/uploads\/2023\/11\/postimg-6564a2722e4292379.jpg?fit=1200%2C628&ssl=1&resize=525%2C300 1.5x, https:\/\/i0.wp.com\/noticiasribeiraopreto.com.br\/wp-content\/uploads\/2023\/11\/postimg-6564a2722e4292379.jpg?fit=1200%2C628&ssl=1&resize=700%2C400 2x, https:\/\/i0.wp.com\/noticiasribeiraopreto.com.br\/wp-content\/uploads\/2023\/11\/postimg-6564a2722e4292379.jpg?fit=1200%2C628&ssl=1&resize=1050%2C600 3x"},"classes":[]},{"id":34548,"url":"https:\/\/noticiasribeiraopreto.com.br\/index.php\/2024\/02\/02\/saiba-os-sintomas-da-dengue-ribeirao-preto-vive-epidemia\/","url_meta":{"origin":19137,"position":4},"title":"Saiba os sintomas da dengue; Ribeir\u00e3o Preto vive epidemia","author":"noticiasribeiraopreto.com.br","date":"2 de February de 2024","format":false,"excerpt":"O ano de 2024 come\u00e7ou com o alerta sobre a epidemia de dengue que atinge diversas regi\u00f5es do pa\u00eds. A doen\u00e7a causada pela picada do mosquito Aedes aegypti \u00e9 infecciosa e, at\u00e9 o momento, apresenta quatro sorotipos (DENV-1, DENV-2, DENV-3 E DENV-4). Mesmo com a varia\u00e7\u00e3o de tipos, o m\u00e9dico\u2026","rel":"","context":"In &quot;Not\u00edcias de Ribeir\u00e3o Preto-SP e Regi\u00e3o&quot;","block_context":{"text":"Not\u00edcias de Ribeir\u00e3o Preto-SP e Regi\u00e3o","link":"https:\/\/noticiasribeiraopreto.com.br\/index.php\/category\/noticias-de-ribeirao-preto-sp-e-regiao-ismael-colosi\/"},"img":{"alt_text":"","src":"https:\/\/i0.wp.com\/noticiasribeiraopreto.com.br\/wp-content\/uploads\/2024\/02\/mosquito-scaled.jpg?fit=1200%2C1007&ssl=1&resize=350%2C200","width":350,"height":200,"srcset":"https:\/\/i0.wp.com\/noticiasribeiraopreto.com.br\/wp-content\/uploads\/2024\/02\/mosquito-scaled.jpg?fit=1200%2C1007&ssl=1&resize=350%2C200 1x, https:\/\/i0.wp.com\/noticiasribeiraopreto.com.br\/wp-content\/uploads\/2024\/02\/mosquito-scaled.jpg?fit=1200%2C1007&ssl=1&resize=525%2C300 1.5x, https:\/\/i0.wp.com\/noticiasribeiraopreto.com.br\/wp-content\/uploads\/2024\/02\/mosquito-scaled.jpg?fit=1200%2C1007&ssl=1&resize=700%2C400 2x, https:\/\/i0.wp.com\/noticiasribeiraopreto.com.br\/wp-content\/uploads\/2024\/02\/mosquito-scaled.jpg?fit=1200%2C1007&ssl=1&resize=1050%2C600 3x"},"classes":[]},{"id":16574,"url":"https:\/\/noticiasribeiraopreto.com.br\/index.php\/2023\/12\/15\/o-que-seu-pe-pode-revelar-sobre-o-seu-estado-de-saude\/","url_meta":{"origin":19137,"position":5},"title":"O que seu p\u00e9 pode revelar sobre o seu estado de sa\u00fade?","author":"noticiasribeiraopreto.com.br","date":"15 de December de 2023","format":false,"excerpt":"Cr\u00e9ditos: Getty Images\/iStockphotoFique atento \u00e0s altera\u00e7\u00f5es em seu p\u00e9, pois elas podem estar revelando algo muito mais significativo sobre o seu estado de sa\u00fade \u2013 iStock\/Getty Images Geralmente, as pessoas quase nunca pensam sobre os seus p\u00e9s, a menos que elas tenham uma les\u00e3o dolorosa ou outra condi\u00e7\u00e3o que comprometa\u2026","rel":"","context":"In &quot;Variedades&quot;","block_context":{"text":"Variedades","link":"https:\/\/noticiasribeiraopreto.com.br\/index.php\/category\/variedades\/"},"img":{"alt_text":"","src":"https:\/\/i0.wp.com\/noticiasribeiraopreto.com.br\/wp-content\/uploads\/2023\/12\/istock-932549384-1.jpg?fit=1200%2C638&ssl=1&resize=350%2C200","width":350,"height":200,"srcset":"https:\/\/i0.wp.com\/noticiasribeiraopreto.com.br\/wp-content\/uploads\/2023\/12\/istock-932549384-1.jpg?fit=1200%2C638&ssl=1&resize=350%2C200 1x, https:\/\/i0.wp.com\/noticiasribeiraopreto.com.br\/wp-content\/uploads\/2023\/12\/istock-932549384-1.jpg?fit=1200%2C638&ssl=1&resize=525%2C300 1.5x, https:\/\/i0.wp.com\/noticiasribeiraopreto.com.br\/wp-content\/uploads\/2023\/12\/istock-932549384-1.jpg?fit=1200%2C638&ssl=1&resize=700%2C400 2x, https:\/\/i0.wp.com\/noticiasribeiraopreto.com.br\/wp-content\/uploads\/2023\/12\/istock-932549384-1.jpg?fit=1200%2C638&ssl=1&resize=1050%2C600 3x"},"classes":[]}],"jetpack_sharing_enabled":true,"jetpack_shortlink":"https:\/\/wp.me\/peQAOb-4YF","_links":{"self":[{"href":"https:\/\/noticiasribeiraopreto.com.br\/index.php\/wp-json\/wp\/v2\/posts\/19137","targetHints":{"allow":["GET"]}}],"collection":[{"href":"https:\/\/noticiasribeiraopreto.com.br\/index.php\/wp-json\/wp\/v2\/posts"}],"about":[{"href":"https:\/\/noticiasribeiraopreto.com.br\/index.php\/wp-json\/wp\/v2\/types\/post"}],"author":[{"embeddable":true,"href":"https:\/\/noticiasribeiraopreto.com.br\/index.php\/wp-json\/wp\/v2\/users\/1"}],"replies":[{"embeddable":true,"href":"https:\/\/noticiasribeiraopreto.com.br\/index.php\/wp-json\/wp\/v2\/comments?post=19137"}],"version-history":[{"count":0,"href":"https:\/\/noticiasribeiraopreto.com.br\/index.php\/wp-json\/wp\/v2\/posts\/19137\/revisions"}],"wp:featuredmedia":[{"embeddable":true,"href":"https:\/\/noticiasribeiraopreto.com.br\/index.php\/wp-json\/wp\/v2\/media\/19138"}],"wp:attachment":[{"href":"https:\/\/noticiasribeiraopreto.com.br\/index.php\/wp-json\/wp\/v2\/media?parent=19137"}],"wp:term":[{"taxonomy":"category","embeddable":true,"href":"https:\/\/noticiasribeiraopreto.com.br\/index.php\/wp-json\/wp\/v2\/categories?post=19137"},{"taxonomy":"post_tag","embeddable":true,"href":"https:\/\/noticiasribeiraopreto.com.br\/index.php\/wp-json\/wp\/v2\/tags?post=19137"}],"curies":[{"name":"wp","href":"https:\/\/api.w.org\/{rel}","templated":true}]}}