{"id":19151,"date":"2023-12-21T20:36:59","date_gmt":"2023-12-21T23:36:59","guid":{"rendered":"https:\/\/noticiasribeiraopreto.com.br\/index.php\/2023\/12\/21\/o-caca-dos-eua-que-redefine-os-limites-da-aviacao-militar\/"},"modified":"2023-12-21T20:36:59","modified_gmt":"2023-12-21T23:36:59","slug":"o-caca-dos-eua-que-redefine-os-limites-da-aviacao-militar","status":"publish","type":"post","link":"https:\/\/noticiasribeiraopreto.com.br\/index.php\/2023\/12\/21\/o-caca-dos-eua-que-redefine-os-limites-da-aviacao-militar\/","title":{"rendered":"O ca\u00e7a dos EUA que redefine os limites da avia\u00e7\u00e3o militar"},"content":{"rendered":"<div class='code-block code-block-1' style='margin: 8px 0 8px auto; text-align: right; display: block; clear: both;'>\n<p><a href=\"https:\/\/wa.link\/vpicfd\"><img data-recalc-dims=\"1\" class=\"wp-image-4922\" style=\"aspect-ratio: 2.0253164556962027; width: 561px; height: auto;\" src=\"https:\/\/i0.wp.com\/ismaelcolosi.com.br\/wp-content\/uploads\/2023\/11\/grupo-de-empregos-whatsapp-e-facebook-ismael-colosi-vagas.jpg?ssl=1\" alt=\"\" \/><\/a><\/p>\n<!-- \/wp:image -->\n<\/div>\n<p> <br \/>\n<\/p>\n<div>\n<figure><picture><source srcset=\"https:\/\/clickpetroleoegas.com.br\/wp-content\/uploads\/2023\/12\/F-15EX-e-um-Super-Eagle-O-caca-dos-EUA-que-redefine-os-limites-da-aviacao-militar--830x450.jpg.webp\" type=\"image\/webp\"><img data-recalc-dims=\"1\" loading=\"lazy\" width=\"830\" height=\"450\" src=\"https:\/\/i0.wp.com\/clickpetroleoegas.com.br\/wp-content\/uploads\/2023\/12\/F-15EX-e-um-Super-Eagle-O-caca-dos-EUA-que-redefine-os-limites-da-aviacao-militar--830x450.jpg?resize=830%2C450&#038;ssl=1\" class=\"fdnw-post-thumbnail fdnw-first-card-thumbnail wp-post-image\" alt=\"F-15EX \u00e9 um 'Super Eagle': O ca\u00e7a dos EUA que redefine os limites da avia\u00e7\u00e3o militar\" decoding=\"async\" data-eio=\"p\"\/><\/source><\/picture><figcaption class=\"fdnw-image-caption\">Foto: Divulga\u00e7\u00e3o\/F-15EX<\/figcaption><\/figure>\n<h2 class=\"wp-block-heading\" id=\"h-o-caca-f-15ex-apelidado-de-super-eagle-redefine-as-capacidades-aereas-dos-eua-apresentando-um-desafio-para-adversarios-nesse-mercado-como-russia-e-china\">O ca\u00e7a F-15EX, apelidado de \u201cSuper Eagle\u201d, redefine as capacidades a\u00e9reas dos EUA, apresentando um desafio para advers\u00e1rios nesse mercado como R\u00fassia e China.<\/h2>\n<p>Em um cen\u00e1rio global onde o dom\u00ednio a\u00e9reo \u00e9 crucial, o F-15EX \u201cSuper Eagle\u201d dos EUA emerge como um <strong>ca\u00e7a inovador<\/strong>, desafiando as capacidades militares da R\u00fassia e da China. Este ca\u00e7a, uma evolu\u00e7\u00e3o do lend\u00e1rio F-15, combina <a href=\"https:\/\/clickpetroleoegas.com.br\/conheca-o-novo-caca-da-fab-que-atinge-mais-de-2-400-km-h-e-ja-esta-no-brasil\/\">tecnologia de ponta<\/a> com desempenho excepcional, redefinindo as expectativas de combate a\u00e9reo moderno.<\/p>\n<p>Desde seu primeiro voo, o F-15 tem sido um s\u00edmbolo de poder e efici\u00eancia no combate a\u00e9reo. Com uma taxa de sucesso not\u00e1vel, este ca\u00e7a nunca foi abatido em combate, acumulando <a href=\"https:\/\/aeroin.net\/caca-f-15-completa-50-anos-invicto-e-com-104-avioes-inimigos-abatidos\/\" class=\"external\" rel=\"nofollow noopener\" target=\"_blank\">cerca de 100 vit\u00f3rias confirmadas<\/a>. O modelo EX, em particular, traz atualiza\u00e7\u00f5es significativas que expandem ainda mais seu dom\u00ednio nos c\u00e9us.<\/p>\n<p> <span class=\"fdnw-card-article-related\"> <span class=\"h4 fdnw-card-article-related-title\">Artigos recomendados<\/span> <\/span> <\/p>\n<h2 class=\"wp-block-heading\" id=\"h-capacidades-excepcionais-do-f-15ex\"><strong>Capacidades excepcionais do F-15EX<\/strong><\/h2>\n<ul>\n<li><strong>Alcance e armamento<\/strong><\/li>\n<li><strong>Velocidade e agilidade<\/strong><\/li>\n<li><strong>Tecnologia avan\u00e7ada<\/strong><\/li>\n<\/ul>\n<p>O F-15EX ostenta um alcance de ataque superior a qualquer outro ca\u00e7a na frota da For\u00e7a A\u00e9rea dos EUA. Com capacidade de transportar 12 m\u00edsseis AIM ou ordens pesadas, estabelece um novo padr\u00e3o em combate a\u00e9reo. Capaz de atingir velocidades de Mach 2.5, o F-15EX se beneficia de motores Pratt &amp; Whitney F-100-PW-220 com alta rela\u00e7\u00e3o empuxo-peso, combinados com um design leve, proporcionando agilidade e velocidade excepcionais. Equipado com radar APG-63 da Raytheon e outros sistemas de \u00faltima gera\u00e7\u00e3o, o F-15EX <strong>pode detectar e rastrear alvos al\u00e9m do alcance visual<\/strong>, mantendo superioridade no combate a\u00e9reo.<\/p>\n<h2 class=\"wp-block-heading\" id=\"h-impacto-estrategico-e-militar\"><strong>Impacto estrat\u00e9gico e militar<\/strong><\/h2>\n<p>A incorpora\u00e7\u00e3o do F-15EX \u201cSuper Eagle\u201d na For\u00e7a A\u00e9rea dos EUA representa um avan\u00e7o significativo em termos de poderio militar. Seu desempenho superior em combate a\u00e9reo coloca uma press\u00e3o adicional sobre advers\u00e1rios desse mercado como a R\u00fassia e a China, que buscam competir na arena da avia\u00e7\u00e3o militar moderna. Com suas capacidades melhoradas, o F-15EX n\u00e3o apenas protege o espa\u00e7o a\u00e9reo nacional, mas tamb\u00e9m refor\u00e7a a posi\u00e7\u00e3o dos EUA em conflitos internacionais, onde o controle do espa\u00e7o a\u00e9reo \u00e9 frequentemente decisivo.<\/p>\n<figure class=\"wp-block-embed is-type-video is-provider-youtube wp-block-embed-youtube wp-embed-aspect-16-9 wp-has-aspect-ratio\">\n<p><noscript><iframe loading=\"lazy\" title=\"\ud83d\udee9\ufe0f F-15EX &quot;SUPER EAGLE&quot; is More than RUSSIA and CHINA Can Handle\" width=\"500\" height=\"281\" src=\"https:\/\/www.youtube.com\/embed\/KGLTISc8KrE?feature=oembed\" frameborder=\"0\" allow=\"accelerometer; autoplay; clipboard-write; encrypted-media; gyroscope; picture-in-picture; web-share\" referrerpolicy=\"strict-origin-when-cross-origin\" allowfullscreen><\/iframe><\/noscript><\/p>\n<\/figure>\n<p>O F-15EX \u201cSuper Eagle\u201d n\u00e3o \u00e9 apenas um avan\u00e7o na linha de ca\u00e7as F-15, mas uma demonstra\u00e7\u00e3o do <a href=\"https:\/\/clickpetroleoegas.com.br\/primeiro-bombardeiro-do-seculo-21-o-b-21-raider-e-uma-maravilha-da-engenharia-que-promete-mudar-o-jogo-da-aviacao-militar\/\">compromisso cont\u00ednuo dos Estados Unidos<\/a> em manter a superioridade a\u00e9rea global. Com sua combina\u00e7\u00e3o de velocidade, pot\u00eancia e tecnologia avan\u00e7ada, o F-15EX est\u00e1 preparado para enfrentar os desafios do combate a\u00e9reo moderno, superando as capacidades de advers\u00e1rios e redefinindo as regras do combate a\u00e9reo no s\u00e9culo XXI.<\/p>\n<div class=\"code-block code-block-10\" style=\"margin: 8px auto; text-align: center; display: block; clear: both;\">\n<hr class=\"wp-block-separator has-alpha-channel-opacity is-style-wide\"\/>\n<p>Voc\u00ea quer receber apenas not\u00edcias e vagas de emprego do seu interesse? A solu\u00e7\u00e3o chegou atrav\u00e9s do app <a href=\"https:\/\/play.google.com\/store\/apps\/details?id=com.clickpetroleoapp&amp;hl=pt&amp;gl=US\" class=\"external\" rel=\"nofollow noopener\" target=\"_blank\"><strong>CPG VAGAS E NOT\u00cdCIAS!<\/strong><\/a> Se voc\u00ea \u00e9 pintor, vai receber no seu celular apenas oportunidades neste cargo. E ser\u00e1 assim com pedreiro, t\u00e9cnico, engenheiro e etc\u2026.. N\u00e3o perca nada do que acontece no mercado de trabalho e econ\u00f4mico do Brasil, baixe agora o app <a href=\"https:\/\/play.google.com\/store\/apps\/details?id=com.clickpetroleoapp&amp;hl=pt&amp;gl=US\" class=\"external\" rel=\"nofollow noopener\" target=\"_blank\">CPG VAGAS E NOT\u00cdCIAS, dispon\u00edvel para Android e IOS!<\/a><\/p>\n<figure class=\"wp-block-image aligncenter size-full\"><a href=\"https:\/\/play.google.com\/store\/apps\/details?id=com.clickpetroleoapp&amp;hl=pt&amp;gl=US\" target=\"_blank\" rel=\"noreferrer noopener nofollow\" class=\"external\"><img data-recalc-dims=\"1\" loading=\"lazy\" decoding=\"async\" width=\"1280\" height=\"387\" http=\"\" alt=\"APP CPG VAGAS E NOT\u00cdCIAS\" class=\"wp-image-105306 ewww_webp_lazy_load\" src=\"https:\/\/i0.wp.com\/clickpetroleoegas.com.br\/wp-content\/uploads\/2023\/09\/Aplicativo-de-vagas-de-empregos-e-noticias-da-sua-regiao.jpg?resize=1280%2C387&#038;ssl=1\" src-webp=\"https:\/\/clickpetroleoegas.com.br\/wp-content\/uploads\/2023\/09\/Aplicativo-de-vagas-de-empregos-e-noticias-da-sua-regiao.jpg.webp\"\/><noscript><img data-recalc-dims=\"1\" loading=\"lazy\" decoding=\"async\" width=\"1280\" height=\"387\" src=\"https:\/\/i0.wp.com\/clickpetroleoegas.com.br\/wp-content\/uploads\/2023\/09\/Aplicativo-de-vagas-de-empregos-e-noticias-da-sua-regiao.jpg?resize=1280%2C387&#038;ssl=1\" alt=\"APP CPG VAGAS E NOT\u00cdCIAS\" class=\"wp-image-105306\"\/><\/noscript><\/a><\/figure>\n<\/p><\/div>\n<\/p><\/div>\n<p><script type=\"text\/plain\" data-service=\"facebook\" data-category=\"marketing\">\n!function(f,b,e,v,n,t,s)\n{if(f.fbq)return;n=f.fbq=function(){n.callMethod?\nn.callMethod.apply(n,arguments):n.queue.push(arguments)};\nif(!f._fbq)f._fbq=n;n.push=n;n.loaded=!0;n.version='2.0';\nn.queue=[];t=b.createElement(e);t.async=!0;\nt.src=v;s=b.getElementsByTagName(e)[0];\ns.parentNode.insertBefore(t,s)}(window, document,'script',\n'https:\/\/connect.facebook.net\/en_US\/fbevents.js');\nfbq('init', '5536651029690406');\nfbq('track', 'PageView');\n<\/script><script type=\"text\/plain\" data-service=\"facebook\" data-category=\"marketing\" async defer crossorigin=\"anonymous\" data-rocket-data-cmplz-src=\"https:\/\/connect.facebook.net\/en_US\/sdk.js#xfbml=1&#038;version=v12.0&amp;appId=1127332727839552&#038;autoLogAppEvents=1\">\n<\/script><br \/>\n<br \/><br \/>\n<br \/><a href=\"https:\/\/ismaelcolosi.com.br\/o-caca-dos-eua-que-redefine-os-limites-da-aviacao-militar\/\">Source link <\/a><\/p>\n<!-- CONTENT END 1 -->\n","protected":false},"excerpt":{"rendered":"<p>Foto: Divulga\u00e7\u00e3o\/F-15EX O ca\u00e7a F-15EX, apelidado de \u201cSuper Eagle\u201d, redefine as capacidades a\u00e9reas dos EUA, apresentando um desafio para advers\u00e1rios nesse mercado como R\u00fassia e&#8230;<\/p>\n","protected":false},"author":1,"featured_media":19152,"comment_status":"open","ping_status":"open","sticky":false,"template":"","format":"standard","meta":{"advanced_seo_description":"","jetpack_seo_html_title":"","jetpack_seo_noindex":false,"jetpack_post_was_ever_published":false,"_jetpack_newsletter_access":"","_jetpack_dont_email_post_to_subs":false,"_jetpack_newsletter_tier_id":0,"_jetpack_memberships_contains_paywalled_content":false,"_jetpack_memberships_contains_paid_content":false,"footnotes":"","jetpack_publicize_message":"","jetpack_publicize_feature_enabled":true,"jetpack_social_post_already_shared":true,"jetpack_social_options":{"image_generator_settings":{"template":"highway","default_image_id":0,"font":"","enabled":false},"version":2}},"categories":[7],"tags":[],"class_list":["post-19151","post","type-post","status-publish","format-standard","has-post-thumbnail","hentry","category-vagas-de-empregos-em-ribeirao-preto-regiao-brasil"],"jetpack_publicize_connections":[],"jetpack_featured_media_url":"https:\/\/i0.wp.com\/noticiasribeiraopreto.com.br\/wp-content\/uploads\/2023\/12\/F-15EX-e-um-Super-Eagle-O-caca-dos-EUA-que-redefine-os-limites-da-aviacao-militar-830x450.jpg?fit=830%2C450&ssl=1","jetpack-related-posts":[{"id":33477,"url":"https:\/\/noticiasribeiraopreto.com.br\/index.php\/2024\/01\/29\/biden-vai-se-vingar-a-pressao-para-que-os-eua-saiam-a-caca-do-ira-e-respondam-a-morte-de-militares\/","url_meta":{"origin":19151,"position":0},"title":"Biden vai se vingar? A press\u00e3o para que os EUA saiam \u00e0 ca\u00e7a do Ir\u00e3 e respondam \u00e0 morte de militares","author":"noticiasribeiraopreto.com.br","date":"29 de January de 2024","format":false,"excerpt":"Dizem que a vingan\u00e7a \u00e9 um prato que se come frio e se isso for verdade, o presidente dos EUA, Joe Biden, deve resistir \u00e0 press\u00e3o de responder agora ao ataque da Resist\u00eancia Isl\u00e2mica no Iraque \u2014 um grupo de mil\u00edcias apoiado pelo Ir\u00e3 \u2014 e que resultou na morte\u2026","rel":"","context":"In &quot;Dinheiro e Investimento&quot;","block_context":{"text":"Dinheiro e Investimento","link":"https:\/\/noticiasribeiraopreto.com.br\/index.php\/category\/dinheiro-e-investimento-como-fazer-como-ganhar\/"},"img":{"alt_text":"","src":"https:\/\/i0.wp.com\/noticiasribeiraopreto.com.br\/wp-content\/uploads\/2024\/01\/1706561717_Joe-Biden-EUA-715x402.jpg?fit=715%2C402&ssl=1&resize=350%2C200","width":350,"height":200,"srcset":"https:\/\/i0.wp.com\/noticiasribeiraopreto.com.br\/wp-content\/uploads\/2024\/01\/1706561717_Joe-Biden-EUA-715x402.jpg?fit=715%2C402&ssl=1&resize=350%2C200 1x, https:\/\/i0.wp.com\/noticiasribeiraopreto.com.br\/wp-content\/uploads\/2024\/01\/1706561717_Joe-Biden-EUA-715x402.jpg?fit=715%2C402&ssl=1&resize=525%2C300 1.5x, https:\/\/i0.wp.com\/noticiasribeiraopreto.com.br\/wp-content\/uploads\/2024\/01\/1706561717_Joe-Biden-EUA-715x402.jpg?fit=715%2C402&ssl=1&resize=700%2C400 2x"},"classes":[]},{"id":21468,"url":"https:\/\/noticiasribeiraopreto.com.br\/index.php\/2023\/12\/27\/oriente-medio-em-chamas-os-novos-ataques-que-ameacam-escalar-os-conflitos-para-alem-de-israel-e-da-faixa-de-gaza\/","url_meta":{"origin":19151,"position":1},"title":"Oriente M\u00e9dio em chamas: os novos ataques que amea\u00e7am escalar os conflitos para al\u00e9m de Israel e da Faixa de Gaza","author":"noticiasribeiraopreto.com.br","date":"27 de December de 2023","format":false,"excerpt":"Os receios de que a guerra entre Israel e o Hamas na Faixa de Gaza pudesse engolir o Oriente M\u00e9dio ganharam novos contornos nesta quarta-feira (27).\u00a0 Os rebeldes Houthi, do I\u00eamen, lan\u00e7aram uma nova ofensiva contra navios de carga no Mar Vermelho, enquanto os EUA levaram a cabo ataques contra\u2026","rel":"","context":"In &quot;Dinheiro e Investimento&quot;","block_context":{"text":"Dinheiro e Investimento","link":"https:\/\/noticiasribeiraopreto.com.br\/index.php\/category\/dinheiro-e-investimento-como-fazer-como-ganhar\/"},"img":{"alt_text":"","src":"https:\/\/i0.wp.com\/noticiasribeiraopreto.com.br\/wp-content\/uploads\/2023\/12\/Mapa-Israel-715x402.jpg?fit=715%2C402&ssl=1&resize=350%2C200","width":350,"height":200,"srcset":"https:\/\/i0.wp.com\/noticiasribeiraopreto.com.br\/wp-content\/uploads\/2023\/12\/Mapa-Israel-715x402.jpg?fit=715%2C402&ssl=1&resize=350%2C200 1x, https:\/\/i0.wp.com\/noticiasribeiraopreto.com.br\/wp-content\/uploads\/2023\/12\/Mapa-Israel-715x402.jpg?fit=715%2C402&ssl=1&resize=525%2C300 1.5x, https:\/\/i0.wp.com\/noticiasribeiraopreto.com.br\/wp-content\/uploads\/2023\/12\/Mapa-Israel-715x402.jpg?fit=715%2C402&ssl=1&resize=700%2C400 2x"},"classes":[]},{"id":36590,"url":"https:\/\/noticiasribeiraopreto.com.br\/index.php\/2024\/02\/10\/brasil-tem-a-17a-maior-forca-aerea-do-mundo\/","url_meta":{"origin":19151,"position":2},"title":"Brasil tem a 17\u00aa maior for\u00e7a a\u00e9rea do mundo\u00a0","author":"noticiasribeiraopreto.com.br","date":"10 de February de 2024","format":false,"excerpt":"Em meio \u00e0 pol\u00eamica opera\u00e7\u00e3o da Pol\u00edcia Federal que investiga um suposto plano visando golpe de estado no Brasil, com a participa\u00e7\u00e3o das For\u00e7as Armadas, o Global Firepower, ranking especializado em pot\u00eancias militares, analisou o arsenal de 145 pa\u00edses para classificar a lista das maiores for\u00e7as a\u00e9reas do mundo. \u00a0\u00a0Dados\u2026","rel":"","context":"In &quot;Not\u00edcias de Ribeir\u00e3o Preto-SP e Regi\u00e3o&quot;","block_context":{"text":"Not\u00edcias de Ribeir\u00e3o Preto-SP e Regi\u00e3o","link":"https:\/\/noticiasribeiraopreto.com.br\/index.php\/category\/noticias-de-ribeirao-preto-sp-e-regiao-ismael-colosi\/"},"img":{"alt_text":"","src":"https:\/\/i0.wp.com\/noticiasribeiraopreto.com.br\/wp-content\/uploads\/2024\/02\/AereasFAB-Gov-BR-FAB-scaled.jpg?fit=956%2C645&ssl=1&resize=350%2C200","width":350,"height":200,"srcset":"https:\/\/i0.wp.com\/noticiasribeiraopreto.com.br\/wp-content\/uploads\/2024\/02\/AereasFAB-Gov-BR-FAB-scaled.jpg?fit=956%2C645&ssl=1&resize=350%2C200 1x, https:\/\/i0.wp.com\/noticiasribeiraopreto.com.br\/wp-content\/uploads\/2024\/02\/AereasFAB-Gov-BR-FAB-scaled.jpg?fit=956%2C645&ssl=1&resize=525%2C300 1.5x, https:\/\/i0.wp.com\/noticiasribeiraopreto.com.br\/wp-content\/uploads\/2024\/02\/AereasFAB-Gov-BR-FAB-scaled.jpg?fit=956%2C645&ssl=1&resize=700%2C400 2x"},"classes":[]},{"id":69666,"url":"https:\/\/noticiasribeiraopreto.com.br\/index.php\/2025\/05\/08\/jornal-da-franca-brasil-encerra-tour-na-wnba-com-derrota-franca-segue-sem-representantes-na-selecao\/","url_meta":{"origin":19151,"position":3},"title":"Jornal da Franca &#8211; Brasil encerra Tour na WNBA com derrota; Franca segue sem representantes na sele\u00e7\u00e3o","author":"noticiasribeiraopreto.com.br","date":"8 de May de 2025","format":false,"excerpt":"compartilhar no whatsapp compartilhar no telegram compartilhar no facebook compartilhar no linkedin Sem equipe feminina ativa, cidade fica de fora da convoca\u00e7\u00e3o para amistosos nos EUA A Sele\u00e7\u00e3o Brasileira feminina de basquete encerrou neste domingo (4) sua participa\u00e7\u00e3o no \u201cTour Brasil na WNBA\u201d com uma derrota contundente para o Indiana\u2026","rel":"","context":"In &quot;Not\u00edcias de Franca-SP&quot;","block_context":{"text":"Not\u00edcias de Franca-SP","link":"https:\/\/noticiasribeiraopreto.com.br\/index.php\/category\/noticias-de-ribeirao-preto-sp-e-regiao-ismael-colosi\/noticias-franca-sp\/"},"img":{"alt_text":"","src":"https:\/\/i0.wp.com\/noticiasribeiraopreto.com.br\/wp-content\/uploads\/2025\/05\/pLENARIO.jpg?fit=830%2C539&ssl=1&resize=350%2C200","width":350,"height":200,"srcset":"https:\/\/i0.wp.com\/noticiasribeiraopreto.com.br\/wp-content\/uploads\/2025\/05\/pLENARIO.jpg?fit=830%2C539&ssl=1&resize=350%2C200 1x, https:\/\/i0.wp.com\/noticiasribeiraopreto.com.br\/wp-content\/uploads\/2025\/05\/pLENARIO.jpg?fit=830%2C539&ssl=1&resize=525%2C300 1.5x, https:\/\/i0.wp.com\/noticiasribeiraopreto.com.br\/wp-content\/uploads\/2025\/05\/pLENARIO.jpg?fit=830%2C539&ssl=1&resize=700%2C400 2x"},"classes":[]},{"id":20705,"url":"https:\/\/noticiasribeiraopreto.com.br\/index.php\/2023\/12\/26\/eua-prorrogam-isencao-de-entrevista-para-renovacao-de-visto\/","url_meta":{"origin":19151,"position":4},"title":"EUA prorrogam isen\u00e7\u00e3o de entrevista para renova\u00e7\u00e3o de visto","author":"noticiasribeiraopreto.com.br","date":"26 de December de 2023","format":false,"excerpt":"Boa not\u00edcia para quem pretende viajar para os Estados Unidos e precisa renovar o visto americano. O Departamento de Estado decidiu prorrogar a isen\u00e7\u00e3o de entrevistas presenciais para turistas que est\u00e3o com os documentos vencidos h\u00e1 menos de 48 meses. A medida, em vigor desde o ano passado, estava prevista\u2026","rel":"","context":"In &quot;Variedades&quot;","block_context":{"text":"Variedades","link":"https:\/\/noticiasribeiraopreto.com.br\/index.php\/category\/variedades\/"},"img":{"alt_text":"","src":"https:\/\/i0.wp.com\/noticiasribeiraopreto.com.br\/wp-content\/uploads\/2023\/12\/como-tirar-visto-americano.jpg?fit=1200%2C638&ssl=1&resize=350%2C200","width":350,"height":200,"srcset":"https:\/\/i0.wp.com\/noticiasribeiraopreto.com.br\/wp-content\/uploads\/2023\/12\/como-tirar-visto-americano.jpg?fit=1200%2C638&ssl=1&resize=350%2C200 1x, https:\/\/i0.wp.com\/noticiasribeiraopreto.com.br\/wp-content\/uploads\/2023\/12\/como-tirar-visto-americano.jpg?fit=1200%2C638&ssl=1&resize=525%2C300 1.5x, https:\/\/i0.wp.com\/noticiasribeiraopreto.com.br\/wp-content\/uploads\/2023\/12\/como-tirar-visto-americano.jpg?fit=1200%2C638&ssl=1&resize=700%2C400 2x, https:\/\/i0.wp.com\/noticiasribeiraopreto.com.br\/wp-content\/uploads\/2023\/12\/como-tirar-visto-americano.jpg?fit=1200%2C638&ssl=1&resize=1050%2C600 3x"},"classes":[]},{"id":34072,"url":"https:\/\/noticiasribeiraopreto.com.br\/index.php\/2024\/01\/31\/cacador-ilegal-e-preso-na-regiao\/","url_meta":{"origin":19151,"position":5},"title":"Ca\u00e7ador ilegal \u00e9 preso na regi\u00e3o","author":"noticiasribeiraopreto.com.br","date":"31 de January de 2024","format":false,"excerpt":"Homem estava com armas e objetos usados em ca\u00e7a ilegal em cidade pr\u00f3xima a S\u00e3o Carlos 31 de janeiro de 2024 | 17:04 2Por: Adalberto LuqueUm homem foi preso, nesta ter\u00e7a-feira (30), durante uma opera\u00e7\u00e3o contra a ca\u00e7a ilegal. A pris\u00e3o ocorreu na zona rural da cidade de Ribeir\u00e3o Bonito,\u2026","rel":"","context":"In &quot;Not\u00edcias de Ribeir\u00e3o Preto-SP e Regi\u00e3o&quot;","block_context":{"text":"Not\u00edcias de Ribeir\u00e3o Preto-SP e Regi\u00e3o","link":"https:\/\/noticiasribeiraopreto.com.br\/index.php\/category\/noticias-de-ribeirao-preto-sp-e-regiao-ismael-colosi\/"},"img":{"alt_text":"","src":"https:\/\/i0.wp.com\/noticiasribeiraopreto.com.br\/wp-content\/uploads\/2024\/01\/00-31-jan-2024-cacador-ilegal-foto-pmambiental-scaled.jpg?fit=1000%2C562&ssl=1&resize=350%2C200","width":350,"height":200,"srcset":"https:\/\/i0.wp.com\/noticiasribeiraopreto.com.br\/wp-content\/uploads\/2024\/01\/00-31-jan-2024-cacador-ilegal-foto-pmambiental-scaled.jpg?fit=1000%2C562&ssl=1&resize=350%2C200 1x, https:\/\/i0.wp.com\/noticiasribeiraopreto.com.br\/wp-content\/uploads\/2024\/01\/00-31-jan-2024-cacador-ilegal-foto-pmambiental-scaled.jpg?fit=1000%2C562&ssl=1&resize=525%2C300 1.5x, https:\/\/i0.wp.com\/noticiasribeiraopreto.com.br\/wp-content\/uploads\/2024\/01\/00-31-jan-2024-cacador-ilegal-foto-pmambiental-scaled.jpg?fit=1000%2C562&ssl=1&resize=700%2C400 2x"},"classes":[]}],"jetpack_sharing_enabled":true,"jetpack_shortlink":"https:\/\/wp.me\/peQAOb-4YT","_links":{"self":[{"href":"https:\/\/noticiasribeiraopreto.com.br\/index.php\/wp-json\/wp\/v2\/posts\/19151","targetHints":{"allow":["GET"]}}],"collection":[{"href":"https:\/\/noticiasribeiraopreto.com.br\/index.php\/wp-json\/wp\/v2\/posts"}],"about":[{"href":"https:\/\/noticiasribeiraopreto.com.br\/index.php\/wp-json\/wp\/v2\/types\/post"}],"author":[{"embeddable":true,"href":"https:\/\/noticiasribeiraopreto.com.br\/index.php\/wp-json\/wp\/v2\/users\/1"}],"replies":[{"embeddable":true,"href":"https:\/\/noticiasribeiraopreto.com.br\/index.php\/wp-json\/wp\/v2\/comments?post=19151"}],"version-history":[{"count":0,"href":"https:\/\/noticiasribeiraopreto.com.br\/index.php\/wp-json\/wp\/v2\/posts\/19151\/revisions"}],"wp:featuredmedia":[{"embeddable":true,"href":"https:\/\/noticiasribeiraopreto.com.br\/index.php\/wp-json\/wp\/v2\/media\/19152"}],"wp:attachment":[{"href":"https:\/\/noticiasribeiraopreto.com.br\/index.php\/wp-json\/wp\/v2\/media?parent=19151"}],"wp:term":[{"taxonomy":"category","embeddable":true,"href":"https:\/\/noticiasribeiraopreto.com.br\/index.php\/wp-json\/wp\/v2\/categories?post=19151"},{"taxonomy":"post_tag","embeddable":true,"href":"https:\/\/noticiasribeiraopreto.com.br\/index.php\/wp-json\/wp\/v2\/tags?post=19151"}],"curies":[{"name":"wp","href":"https:\/\/api.w.org\/{rel}","templated":true}]}}