{"id":19163,"date":"2023-12-21T21:21:28","date_gmt":"2023-12-22T00:21:28","guid":{"rendered":"https:\/\/noticiasribeiraopreto.com.br\/index.php\/2023\/12\/21\/barriga-inchada-e-mais-7-sintomas-da-doenca\/"},"modified":"2023-12-21T21:21:28","modified_gmt":"2023-12-22T00:21:28","slug":"barriga-inchada-e-mais-7-sintomas-da-doenca","status":"publish","type":"post","link":"https:\/\/noticiasribeiraopreto.com.br\/index.php\/2023\/12\/21\/barriga-inchada-e-mais-7-sintomas-da-doenca\/","title":{"rendered":"barriga inchada e mais 7 sintomas da doen\u00e7a"},"content":{"rendered":"<div class='code-block code-block-1' style='margin: 8px 0 8px auto; text-align: right; display: block; clear: both;'>\n<p><a href=\"https:\/\/wa.link\/vpicfd\"><img data-recalc-dims=\"1\" class=\"wp-image-4922\" style=\"aspect-ratio: 2.0253164556962027; width: 561px; height: auto;\" src=\"https:\/\/i0.wp.com\/ismaelcolosi.com.br\/wp-content\/uploads\/2023\/11\/grupo-de-empregos-whatsapp-e-facebook-ismael-colosi-vagas.jpg?ssl=1\" alt=\"\" \/><\/a><\/p>\n<!-- \/wp:image -->\n<\/div>\n<p> <br \/>\n<\/p>\n<div>\n<p>O <a href=\"https:\/\/catracalivre.com.br\/saude-bem-estar\/cancer-de-figado-os-sintomas-e-as-causas-da-doenca\/\">c\u00e2ncer de f\u00edgado<\/a> \u00e9 o 6\u00ba c\u00e2ncer mais comum em todo o mundo. Ele pode come\u00e7ar \u00a0no pr\u00f3prio \u00f3rg\u00e3o (prim\u00e1rio), ou ter origem em outro \u00f3rg\u00e3o (secund\u00e1rio ou metast\u00e1tico).<\/p>\n<p>O tipo secund\u00e1rio \u00e9 mais frequentemente decorrente de um tumor maligno no intestino grosso ou no <a href=\"https:\/\/catracalivre.com.br\/saude-bem-estar\/4-sintomas-de-alerta-de-cancer-de-colorretal-em-adultos-jovens\/\">reto<\/a>.<\/p>\n<div id=\"attachment_2328027\" class=\"wp-caption alignnone\">\n<div class=\"d-flex justify-content-center\" data-attachment-id=\"2328027\">\n<div class=\"position-relative d-inline-block\"><img data-recalc-dims=\"1\" data-portal-copyright=\"Satjawat Boontanataweepol\/istock\" fetchpriority=\"high\" decoding=\"async\" class=\"size-large wp-image-2328027\" src=\"https:\/\/i0.wp.com\/catracalivre.com.br\/wp-content\/uploads\/2023\/12\/istock-1345447265-910x607.jpg?resize=910%2C607&#038;ssl=1\" alt=\"Conhe\u00e7a os principais sintomas do c\u00e2ncer de f\u00edgado\" width=\"910\" height=\"607\" srcset=\"https:\/\/catracalivre.com.br\/wp-content\/uploads\/2023\/12\/istock-1345447265-910x607.jpg 910w, https:\/\/catracalivre.com.br\/wp-content\/uploads\/2023\/12\/istock-1345447265-450x300.jpg 450w, https:\/\/catracalivre.com.br\/wp-content\/uploads\/2023\/12\/istock-1345447265-768x512.jpg 768w\" sizes=\"(max-width: 910px) 100vw, 910px\"\/><\/p>\n<p>Cr\u00e9ditos: Satjawat Boontanataweepol\/istock<\/p>\n<\/div>\n<\/div>\n<p><span class=\"post-imagem__legenda\">Conhe\u00e7a os principais sintomas do c\u00e2ncer de f\u00edgado<\/span><\/p>\n<\/div>\n<p>De acordo com o <a href=\"https:\/\/www.gov.br\/inca\/\" target=\"_blank\" rel=\"noopener\">Instituto Nacional de C\u00e2ncer (Inca)<\/a>, dentre os tumores iniciados no f\u00edgado, o mais comum \u00e9 o hepatocarcinoma ou carcinoma hepatocelular.<\/p>\n<p>Assim como nos demais c\u00e2nceres, esse tipo surge quando h\u00e1 muta\u00e7\u00e3o nos genes de uma c\u00e9lula que a faz se multiplicar desordenadamente.<\/p>\n<p>Essa muta\u00e7\u00e3o pode ser causada por agentes externos, como o v\u00edrus da hepatite, ou pelo excesso de multiplica\u00e7\u00f5es das c\u00e9lulas.<\/p>\n<h2>A import\u00e2ncia do f\u00edgado<\/h2>\n<p>O f\u00edgado \u00e9 essencial para manter uma boa sa\u00fade: remove subst\u00e2ncias residuais do sangue e produz bile e muitas enzimas necess\u00e1rias para a <a href=\"https:\/\/catracalivre.com.br\/saude-bem-estar\/alimentos-digestao-saude\/\">digest\u00e3o<\/a>.<\/p>\n<p>\u00c9 irrigado por dois grandes vasos: a art\u00e9ria hep\u00e1tica e a veia porta.<\/p>\n<div id=\"attachment_2289691\" class=\"wp-caption alignnone\">\n<div class=\"d-flex justify-content-center\" data-attachment-id=\"2289691\">\n<div class=\"position-relative d-inline-block\"><img data-recalc-dims=\"1\" loading=\"lazy\" data-portal-copyright=\"eranicle\/istock\" decoding=\"async\" class=\"size-large wp-image-2289691\" src=\"https:\/\/i0.wp.com\/catracalivre.com.br\/wp-content\/uploads\/2023\/08\/istock-477578412-910x682.jpg?resize=910%2C682&#038;ssl=1\" alt=\"O f\u00edgado \u00e9 um \u00f3rg\u00e3o que desempenha v\u00e1rias fun\u00e7\u00f5es essenciais para a manuten\u00e7\u00e3o do funcionamento adequado do corpo\" width=\"910\" height=\"682\" srcset=\"https:\/\/catracalivre.com.br\/wp-content\/uploads\/2023\/08\/istock-477578412-910x682.jpg 910w, https:\/\/catracalivre.com.br\/wp-content\/uploads\/2023\/08\/istock-477578412-450x337.jpg 450w, https:\/\/catracalivre.com.br\/wp-content\/uploads\/2023\/08\/istock-477578412-768x575.jpg 768w\" sizes=\"auto, (max-width: 910px) 100vw, 910px\"\/><\/p>\n<p>Cr\u00e9ditos: eranicle\/istock<\/p>\n<\/div>\n<\/div>\n<p><span class=\"post-imagem__legenda\">O f\u00edgado \u00e9 um \u00f3rg\u00e3o que desempenha v\u00e1rias fun\u00e7\u00f5es essenciais para a manuten\u00e7\u00e3o do funcionamento adequado do corpo<\/span><\/p>\n<\/div>\n<h2>Sintomas de c\u00e2ncer de f\u00edgado<\/h2>\n<p>O c\u00e2ncer que come\u00e7a no f\u00edgado (c\u00e2ncer prim\u00e1rio de f\u00edgado) geralmente n\u00e3o causa sintomas nos est\u00e1gios iniciais. Quando eles aparecem, podem incluir:<\/p>\n<ul>\n<li>perda de peso<\/li>\n<li>amarelecimento da pele e da parte branca dos olhos (icter\u00edcia)<\/li>\n<li>coceira<\/li>\n<li>barriga inchada<\/li>\n<li>perda de apetite ou sensa\u00e7\u00e3o de saciedade depois de comer pequenas quantidades<\/li>\n<li>dor no abd\u00f4men<\/li>\n<li>um caro\u00e7o no lado direito do abd\u00f4men<\/li>\n<li>dor no ombro direito<\/li>\n<\/ul>\n<h2>O que causa c\u00e2ncer de f\u00edgado?<\/h2>\n<p>De acordo com o <a href=\"https:\/\/www.wcrf.org\/\" target=\"_blank\" rel=\"noopener\">Fundo Mundial para Pesquisa do C\u00e2ncer<\/a>, h\u00e1 evid\u00eancias de que os seguintes fatores est\u00e3o associados a um risco aumentado de c\u00e2ncer de f\u00edgado:<\/p>\n<ul>\n<li>cirrose;<\/li>\n<li><a href=\"https:\/\/catracalivre.com.br\/saude-bem-estar\/hepatite-conheca-os-diferentes-tipos-e-tratamentos\/\"> hepatite<\/a> viral cr\u00f4nica;<\/li>\n<li>infesta\u00e7\u00e3o de vermes hep\u00e1ticos;<\/li>\n<li>uso prolongado de contraceptivos orais contendo altas doses de estrog\u00eanio e progesterona;<\/li>\n<li>tabagismo.<\/li>\n<\/ul>\n<p>H\u00e1 tamb\u00e9m fortes evid\u00eancias de que:<\/p>\n<ul>\n<li>estar com sobrepeso ou obesidade\u00a0\u00a0aumenta o risco de c\u00e2ncer de f\u00edgado;<\/li>\n<li>consumir\u00a0\u00a0bebidas alco\u00f3licas\u00a0\u00a0tamb\u00e9m exp\u00f5e a um maior o risco de c\u00e2ncer de f\u00edgado;<\/li>\n<li>consumir\u00a0\u00a0alimentos contaminados por aflatoxinas\u00a0\u00a0(toxinas produzidas por certos fungos) aumenta o risco de c\u00e2ncer de f\u00edgado.<\/li>\n<\/ul>\n<\/div>\n<p><script>\n\t\t! function(f, b, e, v, n, t, s) {\n\t\t\tif (f.fbq) return;\n\t\t\tn = f.fbq = function() {\n\t\t\t\tn.callMethod ?\n\t\t\t\t\tn.callMethod.apply(n, arguments) : n.queue.push(arguments)\n\t\t\t};\n\t\t\tif (!f._fbq) f._fbq = n;\n\t\t\tn.push = n;\n\t\t\tn.loaded = !0;\n\t\t\tn.version = '2.0';\n\t\t\tn.queue = [];\n\t\t\tt = b.createElement(e);\n\t\t\tt.async = !0;\n\t\t\tt.src = v;\n\t\t\ts = b.getElementsByTagName(e)[0];\n\t\t\ts.parentNode.insertBefore(t, s)\n\t\t}(window, document, 'script',\n\t\t\t'https:\/\/connect.facebook.net\/en_US\/fbevents.js');\n\t\tfbq('init', '338315473262380');\n\t\tfbq('track', 'PageView');\n\t<\/script><br \/>\n<br \/><br \/>\n<br \/><a href=\"https:\/\/catracalivre.com.br\/saude-bem-estar\/cancer-de-figado-barriga-inchada-e-mais-7-sintomas-da-doenca\/\">Source link <\/a><\/p>\n<!-- CONTENT END 1 -->\n","protected":false},"excerpt":{"rendered":"<p>O c\u00e2ncer de f\u00edgado \u00e9 o 6\u00ba c\u00e2ncer mais comum em todo o mundo. Ele pode come\u00e7ar \u00a0no pr\u00f3prio \u00f3rg\u00e3o (prim\u00e1rio), ou ter origem em&#8230;<\/p>\n","protected":false},"author":1,"featured_media":19164,"comment_status":"open","ping_status":"open","sticky":false,"template":"","format":"standard","meta":{"advanced_seo_description":"","jetpack_seo_html_title":"","jetpack_seo_noindex":false,"jetpack_post_was_ever_published":false,"_jetpack_newsletter_access":"","_jetpack_dont_email_post_to_subs":false,"_jetpack_newsletter_tier_id":0,"_jetpack_memberships_contains_paywalled_content":false,"_jetpack_memberships_contains_paid_content":false,"footnotes":"","jetpack_publicize_message":"","jetpack_publicize_feature_enabled":true,"jetpack_social_post_already_shared":true,"jetpack_social_options":{"image_generator_settings":{"template":"highway","default_image_id":0,"font":"","enabled":false},"version":2}},"categories":[19],"tags":[],"class_list":["post-19163","post","type-post","status-publish","format-standard","has-post-thumbnail","hentry","category-variedades"],"jetpack_publicize_connections":[],"jetpack_featured_media_url":"https:\/\/i0.wp.com\/noticiasribeiraopreto.com.br\/wp-content\/uploads\/2023\/12\/istock-1345447265.jpg?fit=1200%2C638&ssl=1","jetpack-related-posts":[{"id":20526,"url":"https:\/\/noticiasribeiraopreto.com.br\/index.php\/2023\/12\/25\/7-sinais-de-alerta-para-a-doenca\/","url_meta":{"origin":19163,"position":0},"title":"7 sinais de alerta para a doen\u00e7a","author":"noticiasribeiraopreto.com.br","date":"25 de December de 2023","format":false,"excerpt":"Cr\u00e9ditos: Getty Images\/iStockphotoO tumor de f\u00edgado \u00e9 a terceira principal causa de morte por c\u00e2ncer em todo o mundo. Veja os sinais \u2013 iStock\/Getty Images Conhecido como carcinoma hepatocelular, o c\u00e2ncer de f\u00edgado \u00e9 uma condi\u00e7\u00e3o de sa\u00fade s\u00e9ria que afeta as c\u00e9lulas do \u00f3rg\u00e3o. A doen\u00e7a se divide em\u2026","rel":"","context":"In &quot;Variedades&quot;","block_context":{"text":"Variedades","link":"https:\/\/noticiasribeiraopreto.com.br\/index.php\/category\/variedades\/"},"img":{"alt_text":"","src":"https:\/\/i0.wp.com\/noticiasribeiraopreto.com.br\/wp-content\/uploads\/2023\/12\/istock-1345447265-1.jpg?fit=1200%2C638&ssl=1&resize=350%2C200","width":350,"height":200,"srcset":"https:\/\/i0.wp.com\/noticiasribeiraopreto.com.br\/wp-content\/uploads\/2023\/12\/istock-1345447265-1.jpg?fit=1200%2C638&ssl=1&resize=350%2C200 1x, https:\/\/i0.wp.com\/noticiasribeiraopreto.com.br\/wp-content\/uploads\/2023\/12\/istock-1345447265-1.jpg?fit=1200%2C638&ssl=1&resize=525%2C300 1.5x, https:\/\/i0.wp.com\/noticiasribeiraopreto.com.br\/wp-content\/uploads\/2023\/12\/istock-1345447265-1.jpg?fit=1200%2C638&ssl=1&resize=700%2C400 2x, https:\/\/i0.wp.com\/noticiasribeiraopreto.com.br\/wp-content\/uploads\/2023\/12\/istock-1345447265-1.jpg?fit=1200%2C638&ssl=1&resize=1050%2C600 3x"},"classes":[]},{"id":39662,"url":"https:\/\/noticiasribeiraopreto.com.br\/index.php\/2024\/02\/27\/pais-tem-quase-20-mil-novos-diagnosticos-de-cancer-de-penis-em-9-anos\/","url_meta":{"origin":19163,"position":1},"title":"Pa\u00eds tem quase 20 mil novos diagn\u00f3sticos de c\u00e2ncer de p\u00eanis em 9 anos","author":"noticiasribeiraopreto.com.br","date":"27 de February de 2024","format":false,"excerpt":"27 de fevereiro de 2024 | 15:03 0A neoplasia maligna de p\u00eanis representa 2% dos tipos de c\u00e2ncer em homens no Brasil, segundo dados do Minist\u00e9rio da Sa\u00fade. Entre 2013 e 2022, 19,9 mil tiveram o diagn\u00f3stico. Desse total, 5,6 mil tiveram o \u00f3rg\u00e3o amputado por causa de complica\u00e7\u00f5es da\u2026","rel":"","context":"In &quot;Not\u00edcias de Ribeir\u00e3o Preto-SP e Regi\u00e3o&quot;","block_context":{"text":"Not\u00edcias de Ribeir\u00e3o Preto-SP e Regi\u00e3o","link":"https:\/\/noticiasribeiraopreto.com.br\/index.php\/category\/noticias-de-ribeirao-preto-sp-e-regiao-ismael-colosi\/"},"img":{"alt_text":"","src":"https:\/\/i0.wp.com\/noticiasribeiraopreto.com.br\/wp-content\/uploads\/2024\/02\/Dr-modir-alat-960x500-1-768x400-1.jpg?fit=768%2C400&ssl=1&resize=350%2C200","width":350,"height":200,"srcset":"https:\/\/i0.wp.com\/noticiasribeiraopreto.com.br\/wp-content\/uploads\/2024\/02\/Dr-modir-alat-960x500-1-768x400-1.jpg?fit=768%2C400&ssl=1&resize=350%2C200 1x, https:\/\/i0.wp.com\/noticiasribeiraopreto.com.br\/wp-content\/uploads\/2024\/02\/Dr-modir-alat-960x500-1-768x400-1.jpg?fit=768%2C400&ssl=1&resize=525%2C300 1.5x, https:\/\/i0.wp.com\/noticiasribeiraopreto.com.br\/wp-content\/uploads\/2024\/02\/Dr-modir-alat-960x500-1-768x400-1.jpg?fit=768%2C400&ssl=1&resize=700%2C400 2x"},"classes":[]},{"id":82667,"url":"https:\/\/noticiasribeiraopreto.com.br\/index.php\/2026\/02\/22\/cancer-de-penis-provoca-mutilacoes-em-ribeirao-preto\/","url_meta":{"origin":19163,"position":2},"title":"C\u00e2ncer de p\u00eanis provoca mutila\u00e7\u00f5es em Ribeir\u00e3o Preto","author":"noticiasribeiraopreto.com.br","date":"22 de February de 2026","format":false,"excerpt":"O c\u00e2ncer de p\u00eanis provocou quinze amputa\u00e7\u00f5es do \u00f3rg\u00e3o nos hospitais de Ribeir\u00e3o Preto entre 2021 e 2025. Os dados foram repassados ao Tribuna Ribeir\u00e3o pela Sociedade Brasileira de Urologia (SBU), a partir de levantamento junto ao Minist\u00e9rio da Sa\u00fade. De acordo com o levantamento, em 2021 foi realizada uma\u2026","rel":"","context":"In &quot;Not\u00edcias de Ribeir\u00e3o Preto-SP e Regi\u00e3o&quot;","block_context":{"text":"Not\u00edcias de Ribeir\u00e3o Preto-SP e Regi\u00e3o","link":"https:\/\/noticiasribeiraopreto.com.br\/index.php\/category\/noticias-de-ribeirao-preto-sp-e-regiao-ismael-colosi\/"},"img":{"alt_text":"","src":"https:\/\/i0.wp.com\/noticiasribeiraopreto.com.br\/wp-content\/uploads\/2026\/02\/1-fotocentrocirurgico-creditoreproducao.jpg?fit=1024%2C536&ssl=1&resize=350%2C200","width":350,"height":200,"srcset":"https:\/\/i0.wp.com\/noticiasribeiraopreto.com.br\/wp-content\/uploads\/2026\/02\/1-fotocentrocirurgico-creditoreproducao.jpg?fit=1024%2C536&ssl=1&resize=350%2C200 1x, https:\/\/i0.wp.com\/noticiasribeiraopreto.com.br\/wp-content\/uploads\/2026\/02\/1-fotocentrocirurgico-creditoreproducao.jpg?fit=1024%2C536&ssl=1&resize=525%2C300 1.5x, https:\/\/i0.wp.com\/noticiasribeiraopreto.com.br\/wp-content\/uploads\/2026\/02\/1-fotocentrocirurgico-creditoreproducao.jpg?fit=1024%2C536&ssl=1&resize=700%2C400 2x"},"classes":[]},{"id":7651,"url":"https:\/\/noticiasribeiraopreto.com.br\/index.php\/2023\/11\/28\/brasil-devera-registrar-704-mil-casos-ate-2025\/","url_meta":{"origin":19163,"position":3},"title":"Brasil dever\u00e1 registrar 704 mil casos at\u00e9 2025\u00a0","author":"noticiasribeiraopreto.com.br","date":"28 de November de 2023","format":false,"excerpt":"28 de novembro de 2023 | 15:0028 de novembro de 2023 | 8:48 0O Brasil deve registrar 704 mil casos novos de c\u00e2ncer ao ano no tri\u00eanio 2023-2025, com destaque para as regi\u00f5es Sul e Sudeste, que concentram cerca de 70% da incid\u00eancia da doen\u00e7a. A previs\u00e3o \u00e9 do Instituto\u2026","rel":"","context":"In &quot;Not\u00edcias de Ribeir\u00e3o Preto-SP e Regi\u00e3o&quot;","block_context":{"text":"Not\u00edcias de Ribeir\u00e3o Preto-SP e Regi\u00e3o","link":"https:\/\/noticiasribeiraopreto.com.br\/index.php\/category\/noticias-de-ribeirao-preto-sp-e-regiao-ismael-colosi\/"},"img":{"alt_text":"","src":"https:\/\/i0.wp.com\/noticiasribeiraopreto.com.br\/wp-content\/uploads\/2023\/11\/cancer.jpg?fit=600%2C400&ssl=1&resize=350%2C200","width":350,"height":200,"srcset":"https:\/\/i0.wp.com\/noticiasribeiraopreto.com.br\/wp-content\/uploads\/2023\/11\/cancer.jpg?fit=600%2C400&ssl=1&resize=350%2C200 1x, https:\/\/i0.wp.com\/noticiasribeiraopreto.com.br\/wp-content\/uploads\/2023\/11\/cancer.jpg?fit=600%2C400&ssl=1&resize=525%2C300 1.5x"},"classes":[]},{"id":24223,"url":"https:\/\/noticiasribeiraopreto.com.br\/index.php\/2024\/01\/03\/6-sintomas-de-cancer-mais-ignorado-pelas-pessoas-meu-valor-digital\/","url_meta":{"origin":19163,"position":4},"title":"6 sintomas de c\u00e2ncer mais ignorado pelas pessoas\u00a0 &#8211; Meu Valor Digital","author":"noticiasribeiraopreto.com.br","date":"3 de January de 2024","format":false,"excerpt":"O c\u00e2ncer \u00e9 uma doen\u00e7a que causa morte se n\u00e3o for descoberta logo no no seu in\u00edcio. De acordo com o Medical News Today, detectar e tratar o c\u00e2ncer precocemente pode melhorar sua perspectiva. Muitas pessoas n\u00e3o conseguem saber se est\u00e3o com a doen\u00e7a. O motivo est\u00e1 nos sinais de\u2026","rel":"","context":"In &quot;Vagas de Emprego em Ribeir\u00e3o Preto-SP&quot;","block_context":{"text":"Vagas de Emprego em Ribeir\u00e3o Preto-SP","link":"https:\/\/noticiasribeiraopreto.com.br\/index.php\/category\/empregos-classificados-vagas-trabalho\/vagas-de-empregos-em-ribeirao-preto-regiao-brasil\/"},"img":{"alt_text":"","src":"https:\/\/i0.wp.com\/noticiasribeiraopreto.com.br\/wp-content\/uploads\/2024\/01\/sintomas-de-cancer.jpg?fit=1200%2C800&ssl=1&resize=350%2C200","width":350,"height":200,"srcset":"https:\/\/i0.wp.com\/noticiasribeiraopreto.com.br\/wp-content\/uploads\/2024\/01\/sintomas-de-cancer.jpg?fit=1200%2C800&ssl=1&resize=350%2C200 1x, https:\/\/i0.wp.com\/noticiasribeiraopreto.com.br\/wp-content\/uploads\/2024\/01\/sintomas-de-cancer.jpg?fit=1200%2C800&ssl=1&resize=525%2C300 1.5x, https:\/\/i0.wp.com\/noticiasribeiraopreto.com.br\/wp-content\/uploads\/2024\/01\/sintomas-de-cancer.jpg?fit=1200%2C800&ssl=1&resize=700%2C400 2x, https:\/\/i0.wp.com\/noticiasribeiraopreto.com.br\/wp-content\/uploads\/2024\/01\/sintomas-de-cancer.jpg?fit=1200%2C800&ssl=1&resize=1050%2C600 3x"},"classes":[]},{"id":65315,"url":"https:\/\/noticiasribeiraopreto.com.br\/index.php\/2025\/03\/18\/apos-chuva-ribeirao-preto-registra-fenomeno-do-arco-iris-duplo\/","url_meta":{"origin":19163,"position":5},"title":"Ap\u00f3s chuva, Ribeir\u00e3o Preto registra fen\u00f4meno do arco-\u00edris duplo","author":"noticiasribeiraopreto.com.br","date":"18 de March de 2025","format":false,"excerpt":"Um arco-\u00edris duplo apareceu no c\u00e9u de Ribeir\u00e3o Preto ap\u00f3s a chuva que atingiu a cidade na tarde desta ter\u00e7a-feira (18). Embora n\u00e3o seja um fen\u00f4meno extremamente raro, o arco-\u00edris duplo despertou a curiosidade e atraiu a aten\u00e7\u00e3o de quem teve a oportunidade de observar a cena. Fotos: Redes sociais\u2026","rel":"","context":"In &quot;Not\u00edcias de Ribeir\u00e3o Preto-SP e Regi\u00e3o&quot;","block_context":{"text":"Not\u00edcias de Ribeir\u00e3o Preto-SP e Regi\u00e3o","link":"https:\/\/noticiasribeiraopreto.com.br\/index.php\/category\/noticias-de-ribeirao-preto-sp-e-regiao-ismael-colosi\/"},"img":{"alt_text":"","src":"https:\/\/i0.wp.com\/noticiasribeiraopreto.com.br\/wp-content\/uploads\/2025\/03\/Copia-de-Copia-de-Copia-de-TAMANHO-EXATO-PARA-FOTOS-NO-SISTEMA-NOVO-2025-03-18T184543.239_2025-03-18_21-46-45_png_2025-03-18_21-46-45.webp.webp?fit=1200%2C675&ssl=1&resize=350%2C200","width":350,"height":200,"srcset":"https:\/\/i0.wp.com\/noticiasribeiraopreto.com.br\/wp-content\/uploads\/2025\/03\/Copia-de-Copia-de-Copia-de-TAMANHO-EXATO-PARA-FOTOS-NO-SISTEMA-NOVO-2025-03-18T184543.239_2025-03-18_21-46-45_png_2025-03-18_21-46-45.webp.webp?fit=1200%2C675&ssl=1&resize=350%2C200 1x, https:\/\/i0.wp.com\/noticiasribeiraopreto.com.br\/wp-content\/uploads\/2025\/03\/Copia-de-Copia-de-Copia-de-TAMANHO-EXATO-PARA-FOTOS-NO-SISTEMA-NOVO-2025-03-18T184543.239_2025-03-18_21-46-45_png_2025-03-18_21-46-45.webp.webp?fit=1200%2C675&ssl=1&resize=525%2C300 1.5x, https:\/\/i0.wp.com\/noticiasribeiraopreto.com.br\/wp-content\/uploads\/2025\/03\/Copia-de-Copia-de-Copia-de-TAMANHO-EXATO-PARA-FOTOS-NO-SISTEMA-NOVO-2025-03-18T184543.239_2025-03-18_21-46-45_png_2025-03-18_21-46-45.webp.webp?fit=1200%2C675&ssl=1&resize=700%2C400 2x, https:\/\/i0.wp.com\/noticiasribeiraopreto.com.br\/wp-content\/uploads\/2025\/03\/Copia-de-Copia-de-Copia-de-TAMANHO-EXATO-PARA-FOTOS-NO-SISTEMA-NOVO-2025-03-18T184543.239_2025-03-18_21-46-45_png_2025-03-18_21-46-45.webp.webp?fit=1200%2C675&ssl=1&resize=1050%2C600 3x"},"classes":[]}],"jetpack_sharing_enabled":true,"jetpack_shortlink":"https:\/\/wp.me\/peQAOb-4Z5","_links":{"self":[{"href":"https:\/\/noticiasribeiraopreto.com.br\/index.php\/wp-json\/wp\/v2\/posts\/19163","targetHints":{"allow":["GET"]}}],"collection":[{"href":"https:\/\/noticiasribeiraopreto.com.br\/index.php\/wp-json\/wp\/v2\/posts"}],"about":[{"href":"https:\/\/noticiasribeiraopreto.com.br\/index.php\/wp-json\/wp\/v2\/types\/post"}],"author":[{"embeddable":true,"href":"https:\/\/noticiasribeiraopreto.com.br\/index.php\/wp-json\/wp\/v2\/users\/1"}],"replies":[{"embeddable":true,"href":"https:\/\/noticiasribeiraopreto.com.br\/index.php\/wp-json\/wp\/v2\/comments?post=19163"}],"version-history":[{"count":0,"href":"https:\/\/noticiasribeiraopreto.com.br\/index.php\/wp-json\/wp\/v2\/posts\/19163\/revisions"}],"wp:featuredmedia":[{"embeddable":true,"href":"https:\/\/noticiasribeiraopreto.com.br\/index.php\/wp-json\/wp\/v2\/media\/19164"}],"wp:attachment":[{"href":"https:\/\/noticiasribeiraopreto.com.br\/index.php\/wp-json\/wp\/v2\/media?parent=19163"}],"wp:term":[{"taxonomy":"category","embeddable":true,"href":"https:\/\/noticiasribeiraopreto.com.br\/index.php\/wp-json\/wp\/v2\/categories?post=19163"},{"taxonomy":"post_tag","embeddable":true,"href":"https:\/\/noticiasribeiraopreto.com.br\/index.php\/wp-json\/wp\/v2\/tags?post=19163"}],"curies":[{"name":"wp","href":"https:\/\/api.w.org\/{rel}","templated":true}]}}