{"id":19165,"date":"2023-12-21T21:26:35","date_gmt":"2023-12-22T00:26:35","guid":{"rendered":"https:\/\/noticiasribeiraopreto.com.br\/index.php\/2023\/12\/21\/s-w-a-t-7a-temporada-marca-o-fim-da-serie-meu-valor-digital\/"},"modified":"2023-12-21T21:26:35","modified_gmt":"2023-12-22T00:26:35","slug":"s-w-a-t-7a-temporada-marca-o-fim-da-serie-meu-valor-digital","status":"publish","type":"post","link":"https:\/\/noticiasribeiraopreto.com.br\/index.php\/2023\/12\/21\/s-w-a-t-7a-temporada-marca-o-fim-da-serie-meu-valor-digital\/","title":{"rendered":"\u2018S.W.A.T.\u2019: 7\u00aa temporada marca o fim da s\u00e9rie &#8211; Meu Valor Digital"},"content":{"rendered":"<div class='code-block code-block-1' style='margin: 8px 0 8px auto; text-align: right; display: block; clear: both;'>\n<p><a href=\"https:\/\/wa.link\/vpicfd\"><img data-recalc-dims=\"1\" class=\"wp-image-4922\" style=\"aspect-ratio: 2.0253164556962027; width: 561px; height: auto;\" src=\"https:\/\/i0.wp.com\/ismaelcolosi.com.br\/wp-content\/uploads\/2023\/11\/grupo-de-empregos-whatsapp-e-facebook-ismael-colosi-vagas.jpg?ssl=1\" alt=\"\" \/><\/a><\/p>\n<!-- \/wp:image -->\n<\/div>\n<p> <br \/>\n<\/p>\n<div>\n<p>Para a alegria dos f\u00e3s, a CBS voltou atr\u00e1s na sua decis\u00e3o de cancelar \u2018S.W.A.T.\u2018, dando uma chance da s\u00e9rie encerrar sua hist\u00f3ria com dignidade. A emissora confirmou que ir\u00e1 produzir a 7\u00aa e \u00faltima temporada que vai estrear no ano que vem. Ser\u00e3o um total de 13 epis\u00f3dios.<\/p>\n<p>Amy Reichenbach, presidente da CBS, e Katherine Pope, presidente da Sony Pictures Television Studios, fizeram um comunicado em conjunto onde contaram os motivos para produzirem mais uma temporada <a href=\"https:\/\/meuvalordigital.com.br\/k-drama-a-shop-for-killers-estreia-em-janeiro-no-disney\/\" target=\"_blank\" rel=\"noreferrer noopener\">da s\u00e9rie.<\/a><\/p>\n<p>\u201cN\u00f3s ouvimos nossos espectadores e sua paix\u00e3o por \u2018S.W.AT.\u2019, ent\u00e3o chegamos a um acordo para renovar a s\u00e9rie para a s\u00e9tima temporada.\u201d<\/p>\n<p>Eles disseram que \u2018S.W.AT.\u2019 tem uma legi\u00e3o de f\u00e3s que amam a s\u00e9rie e que precisam ter a chance de ver a hist\u00f3ria ter uma conclus\u00e3o.<\/p>\n<p>\u201cEssa s\u00e9rie ganhou uma enorme base de f\u00e3s nas \u00faltimas seis temporadas. Estamos felizes por termos encontrado uma forma de dar continuidade ao seriado e dar uma conclus\u00e3o para a hist\u00f3ria desses amados personagens. Mais uma vez, apreciamos o talento e esfor\u00e7o do nosso elenco, escritores, produtores e equipe. Estamos ansiosos para a pr\u00f3xima temporada.\u201d<\/p>\n<p>O gal\u00e3 da s\u00e9rie, Shemar Moore (\u2018Criminal Minds\u2019), comemorou em seu Instagram a not\u00edcia. \u201cN\u00f3s conseguimos! Agrade\u00e7o a todos os f\u00e3s pelo seu apoio maravilhoso e cont\u00ednuo.\u201d<\/p>\n<h2 class=\"wp-block-heading\" id=\"h-remake\">Remake<\/h2>\n<p>\u2018S.W.A.T.\u2019\u00a0 \u00e9 uma s\u00e9rie de televis\u00e3o dram\u00e1tica de a\u00e7\u00e3o, baseada no filme hom\u00f4nimo de 2003 e na s\u00e9rie hom\u00f4nima de 1975.<\/p>\n<p>O criador da s\u00e9rie \u00e9 Aaron Thomas. Aaron e Shawn Ryan s\u00e3o os coprodutores executivos e escritores. A nova vers\u00e3o come\u00e7ou a ser produzida pela CBS em 12 de Maio de 2017. A estreia aconteceu em 2 de Novembro de 2017.<\/p>\n<p>No Brasil, a s\u00e9rie \u00e9 exibida no canal pago AXN. Est\u00e1 tamb\u00e9m dispon\u00edvel no Globoplay e Prime Video. A Globo chegou a exibir a primeira temporada na sua Sess\u00e3o Globoplay de 1\u00ba de maio a 16 de outubro de 2020.<\/p>\n<p>Leia tamb\u00e9m | <strong><a href=\"https:\/\/meuvalordigital.com.br\/8-novelas-que-vao-ganhar-remake-em-breve\/\" target=\"_blank\" rel=\"noreferrer noopener\">8 novelas que v\u00e3o ganhar remake em breve<\/a><\/strong><\/p>\n<h2 class=\"wp-block-heading\" id=\"h-elenco-principal\">Elenco principal<\/h2>\n<p>\u00a0<strong>Shemar Moore<\/strong> como Sargento II Daniel \u201cHondo\u201d Harrelson, natural de Los Angeles e ex-Marine que foi promovido para l\u00edder de equipe grande na tentativa de facilitar as tens\u00f5es entre a comunidade e a LAPD.<\/p>\n<p><strong>Stephanie Sigman<\/strong> como Capit\u00e3 Jessica Cortez, Comandante Oficial da Divis\u00e3o Metropolitana da LAPD e namorada de Hondo.<\/p>\n<p><strong>Alex Russell<\/strong> como o Oficial III Jim Street, um impulsivo novato transferido do Departamento Policial de Long Beach.<\/p>\n<p><strong>Lina Esco <\/strong>como o Oficial III Christina \u201cChris\u201d Alonso, uma oficial canina designada para SWAT.<\/p>\n<p><strong>Kenny Johnson<\/strong> como o Oficial III+1 Dominic Luca.<\/p>\n<p><strong>Peter Onorati <\/strong>como o Sargento II Jeff Mumford.<\/p>\n<p><strong>Jay Harrington <\/strong>como o Sargento II David \u201cDeacon\u201d Kay, o membro s\u00eanior da equipe o qual foi promovida e passou a ficar a favor do Hondo.<\/p>\n<p><strong>David Lim<\/strong> como o Oficial III Victor Tan um ex-oficial do LAPD Vice Squad. Ele se juntou \u00e0 SWAT tr\u00eas anos antes da s\u00e9rie.<\/p>\n<p><strong>Patrick St. Espirit<\/strong> como o Comandante Robert Hicks, (temporada 2; temporada 1 recorrente) um oficial s\u00eanior da LAPD com o Escrit\u00f3rio de Opera\u00e7\u00f5es Especiais. Ele est\u00e1 vi\u00favo, e \u00e9 um antigo amigo da fam\u00edlia Kay. St. Esprit foi promovido ao elenco regular para a segunda temporada.<\/p>\n<p>O Rotten Tomatoes informou que a s\u00e9rie tem uma classifica\u00e7\u00e3o de aprova\u00e7\u00e3o de 45%, com a classifica\u00e7\u00e3o m\u00e9dia de 4.53\/10 com base em 22 cr\u00edticas.<\/p>\n<\/div>\n<p><br \/>\n<br \/><a href=\"https:\/\/meuvalordigital.com.br\/s-w-a-t-7a-temporada-marca-o-fim-da-serie\/\">Source link <\/a><\/p>\n<!-- CONTENT END 1 -->\n","protected":false},"excerpt":{"rendered":"<p>Para a alegria dos f\u00e3s, a CBS voltou atr\u00e1s na sua decis\u00e3o de cancelar \u2018S.W.A.T.\u2018, dando uma chance da s\u00e9rie encerrar sua hist\u00f3ria com dignidade&#8230;.<\/p>\n","protected":false},"author":1,"featured_media":19166,"comment_status":"open","ping_status":"open","sticky":false,"template":"","format":"standard","meta":{"advanced_seo_description":"","jetpack_seo_html_title":"","jetpack_seo_noindex":false,"jetpack_post_was_ever_published":false,"_jetpack_newsletter_access":"","_jetpack_dont_email_post_to_subs":false,"_jetpack_newsletter_tier_id":0,"_jetpack_memberships_contains_paywalled_content":false,"_jetpack_memberships_contains_paid_content":false,"footnotes":"","jetpack_publicize_message":"","jetpack_publicize_feature_enabled":true,"jetpack_social_post_already_shared":true,"jetpack_social_options":{"image_generator_settings":{"template":"highway","default_image_id":0,"font":"","enabled":false},"version":2}},"categories":[7],"tags":[],"class_list":["post-19165","post","type-post","status-publish","format-standard","has-post-thumbnail","hentry","category-vagas-de-empregos-em-ribeirao-preto-regiao-brasil"],"jetpack_publicize_connections":[],"jetpack_featured_media_url":"https:\/\/i0.wp.com\/noticiasribeiraopreto.com.br\/wp-content\/uploads\/2023\/12\/S.W.A.T-1.jpg?fit=1240%2C800&ssl=1","jetpack-related-posts":[{"id":5545,"url":"https:\/\/noticiasribeiraopreto.com.br\/index.php\/2023\/11\/23\/black-mirror-tera-7a-temporada-na-netflix-site-revela-detalhes\/","url_meta":{"origin":19165,"position":0},"title":"&#8216;Black Mirror&#8217; ter\u00e1 7\u00aa temporada na Netflix? Site revela detalhes","author":"noticiasribeiraopreto.com.br","date":"23 de November de 2023","format":false,"excerpt":"Cr\u00e9ditos: Reprodu\u00e7\u00e3o\/Netflix\u201cBlack Mirror\u201d ter\u00e1 7\u00aa temporada na Netflix \u201cBlack Mirror\u201d ter\u00e1 uma nova temporada, conforme informa\u00e7\u00f5es divulgadas pela revista Variety. A popular s\u00e9rie de antologia produzida pela Netflix chega \u00e0 sua 7\u00aa temporada, mantendo as expectativas altas entre os f\u00e3s. Seguindo a tradi\u00e7\u00e3o do programa de se reinventar a cada\u2026","rel":"","context":"In &quot;Variedades&quot;","block_context":{"text":"Variedades","link":"https:\/\/noticiasribeiraopreto.com.br\/index.php\/category\/variedades\/"},"img":{"alt_text":"","src":"https:\/\/i0.wp.com\/noticiasribeiraopreto.com.br\/wp-content\/uploads\/2023\/11\/fotos-catraca-2023-11-23t143815045.png?fit=1200%2C638&ssl=1&resize=350%2C200","width":350,"height":200,"srcset":"https:\/\/i0.wp.com\/noticiasribeiraopreto.com.br\/wp-content\/uploads\/2023\/11\/fotos-catraca-2023-11-23t143815045.png?fit=1200%2C638&ssl=1&resize=350%2C200 1x, https:\/\/i0.wp.com\/noticiasribeiraopreto.com.br\/wp-content\/uploads\/2023\/11\/fotos-catraca-2023-11-23t143815045.png?fit=1200%2C638&ssl=1&resize=525%2C300 1.5x, https:\/\/i0.wp.com\/noticiasribeiraopreto.com.br\/wp-content\/uploads\/2023\/11\/fotos-catraca-2023-11-23t143815045.png?fit=1200%2C638&ssl=1&resize=700%2C400 2x, https:\/\/i0.wp.com\/noticiasribeiraopreto.com.br\/wp-content\/uploads\/2023\/11\/fotos-catraca-2023-11-23t143815045.png?fit=1200%2C638&ssl=1&resize=1050%2C600 3x"},"classes":[]},{"id":15016,"url":"https:\/\/noticiasribeiraopreto.com.br\/index.php\/2023\/12\/12\/8-series-que-foram-canceladas-e-nao-tiveram-um-final-meu-valor-digital\/","url_meta":{"origin":19165,"position":1},"title":"8 s\u00e9ries que foram canceladas e n\u00e3o tiveram um final &#8211; Meu Valor Digital","author":"noticiasribeiraopreto.com.br","date":"12 de December de 2023","format":false,"excerpt":"As emissoras de TV e os servi\u00e7os de streaming parecem esquecer que os assinantes quando come\u00e7am a ver uma s\u00e9rie querem saber como vai terminar a hist\u00f3ria. Mas muitas vezes, eles cancelam s\u00e9ries que o p\u00fablico ama sem a menor cerim\u00f4nia e com detalhe sem dar um final para a\u2026","rel":"","context":"In &quot;Vagas de Emprego em Ribeir\u00e3o Preto-SP&quot;","block_context":{"text":"Vagas de Emprego em Ribeir\u00e3o Preto-SP","link":"https:\/\/noticiasribeiraopreto.com.br\/index.php\/category\/empregos-classificados-vagas-trabalho\/vagas-de-empregos-em-ribeirao-preto-regiao-brasil\/"},"img":{"alt_text":"","src":"https:\/\/i0.wp.com\/noticiasribeiraopreto.com.br\/wp-content\/uploads\/2023\/12\/Agente-Carter-1.jpg?fit=1200%2C774&ssl=1&resize=350%2C200","width":350,"height":200,"srcset":"https:\/\/i0.wp.com\/noticiasribeiraopreto.com.br\/wp-content\/uploads\/2023\/12\/Agente-Carter-1.jpg?fit=1200%2C774&ssl=1&resize=350%2C200 1x, https:\/\/i0.wp.com\/noticiasribeiraopreto.com.br\/wp-content\/uploads\/2023\/12\/Agente-Carter-1.jpg?fit=1200%2C774&ssl=1&resize=525%2C300 1.5x, https:\/\/i0.wp.com\/noticiasribeiraopreto.com.br\/wp-content\/uploads\/2023\/12\/Agente-Carter-1.jpg?fit=1200%2C774&ssl=1&resize=700%2C400 2x, https:\/\/i0.wp.com\/noticiasribeiraopreto.com.br\/wp-content\/uploads\/2023\/12\/Agente-Carter-1.jpg?fit=1200%2C774&ssl=1&resize=1050%2C600 3x"},"classes":[]},{"id":19243,"url":"https:\/\/noticiasribeiraopreto.com.br\/index.php\/2023\/12\/22\/lista-de-animes-que-vao-estrear-em-2024-meu-valor-digital\/","url_meta":{"origin":19165,"position":2},"title":"Lista de animes que v\u00e3o estrear em 2024 &#8211; Meu Valor Digital","author":"noticiasribeiraopreto.com.br","date":"22 de December de 2023","format":false,"excerpt":"Para quem n\u00e3o quer perder nenhuma novidade no mundo dos animes precisa ficar ligado nas estreias que v\u00e3o acontecer em 2024. Muitos f\u00e3s est\u00e3o ansiosos por novos epis\u00f3dios de suas s\u00e9ries de sucesso. S\u00e3o animes novos, sequ\u00eancias de s\u00e9ries aclamadas que prometem deixar voc\u00ea colocado na poltrona sem perder nenhum\u2026","rel":"","context":"In &quot;Vagas de Emprego em Ribeir\u00e3o Preto-SP&quot;","block_context":{"text":"Vagas de Emprego em Ribeir\u00e3o Preto-SP","link":"https:\/\/noticiasribeiraopreto.com.br\/index.php\/category\/empregos-classificados-vagas-trabalho\/vagas-de-empregos-em-ribeirao-preto-regiao-brasil\/"},"img":{"alt_text":"","src":"https:\/\/i0.wp.com\/noticiasribeiraopreto.com.br\/wp-content\/uploads\/2023\/12\/Oshi-no-Ko-1.jpg?fit=1200%2C774&ssl=1&resize=350%2C200","width":350,"height":200,"srcset":"https:\/\/i0.wp.com\/noticiasribeiraopreto.com.br\/wp-content\/uploads\/2023\/12\/Oshi-no-Ko-1.jpg?fit=1200%2C774&ssl=1&resize=350%2C200 1x, https:\/\/i0.wp.com\/noticiasribeiraopreto.com.br\/wp-content\/uploads\/2023\/12\/Oshi-no-Ko-1.jpg?fit=1200%2C774&ssl=1&resize=525%2C300 1.5x, https:\/\/i0.wp.com\/noticiasribeiraopreto.com.br\/wp-content\/uploads\/2023\/12\/Oshi-no-Ko-1.jpg?fit=1200%2C774&ssl=1&resize=700%2C400 2x, https:\/\/i0.wp.com\/noticiasribeiraopreto.com.br\/wp-content\/uploads\/2023\/12\/Oshi-no-Ko-1.jpg?fit=1200%2C774&ssl=1&resize=1050%2C600 3x"},"classes":[]},{"id":24625,"url":"https:\/\/noticiasribeiraopreto.com.br\/index.php\/2024\/01\/04\/sweet-home-terceira-temporada-so-devera-estrear-em-julho-meu-valor-digital\/","url_meta":{"origin":19165,"position":3},"title":"Sweet Home: terceira temporada s\u00f3 dever\u00e1 estrear em julho &#8211; Meu Valor Digital","author":"noticiasribeiraopreto.com.br","date":"4 de January de 2024","format":false,"excerpt":"Os f\u00e3s de \u201cSweet Home\u201d est\u00e3o ansiosos pela estreia da terceira temporada do K-drama. Ali\u00e1s, a espera est\u00e1 sendo grande. A s\u00e9rie que estreou em 2020 s\u00f3 teve sua segunda temporada lan\u00e7ada em 1\u00ba de dezembro de 2022. E agora, uma nova longa espera por novos epis\u00f3dios que s\u00f3 devem\u2026","rel":"","context":"In &quot;Vagas de Emprego em Ribeir\u00e3o Preto-SP&quot;","block_context":{"text":"Vagas de Emprego em Ribeir\u00e3o Preto-SP","link":"https:\/\/noticiasribeiraopreto.com.br\/index.php\/category\/empregos-classificados-vagas-trabalho\/vagas-de-empregos-em-ribeirao-preto-regiao-brasil\/"},"img":{"alt_text":"","src":"https:\/\/i0.wp.com\/noticiasribeiraopreto.com.br\/wp-content\/uploads\/2024\/01\/3-Sweet-Home-1.jpg?fit=1200%2C773&ssl=1&resize=350%2C200","width":350,"height":200,"srcset":"https:\/\/i0.wp.com\/noticiasribeiraopreto.com.br\/wp-content\/uploads\/2024\/01\/3-Sweet-Home-1.jpg?fit=1200%2C773&ssl=1&resize=350%2C200 1x, https:\/\/i0.wp.com\/noticiasribeiraopreto.com.br\/wp-content\/uploads\/2024\/01\/3-Sweet-Home-1.jpg?fit=1200%2C773&ssl=1&resize=525%2C300 1.5x, https:\/\/i0.wp.com\/noticiasribeiraopreto.com.br\/wp-content\/uploads\/2024\/01\/3-Sweet-Home-1.jpg?fit=1200%2C773&ssl=1&resize=700%2C400 2x, https:\/\/i0.wp.com\/noticiasribeiraopreto.com.br\/wp-content\/uploads\/2024\/01\/3-Sweet-Home-1.jpg?fit=1200%2C773&ssl=1&resize=1050%2C600 3x"},"classes":[]},{"id":20058,"url":"https:\/\/noticiasribeiraopreto.com.br\/index.php\/2023\/12\/24\/10-k-dramas-que-podem-ser-lancados-na-netflix-em-2024-meu-valor-digital\/","url_meta":{"origin":19165,"position":4},"title":"10 k-dramas que podem ser lan\u00e7ados na netflix em 2024 &#8211; Meu Valor Digital","author":"noticiasribeiraopreto.com.br","date":"24 de December de 2023","format":false,"excerpt":"\u00c0 medida que 2024 se aproxima, a expectativa pelos K-Dramas na Netflix s\u00f3 cresce. A plataforma j\u00e1 se destaca por suas hist\u00f3rias sul-coreanas envolventes e parece estar se preparando para lan\u00e7ar uma nova leva de dramas. Neste artigo, destacamos 10 K-Dramas que est\u00e3o previstos para 2024, cobrindo desde romances at\u00e9\u2026","rel":"","context":"In &quot;Vagas de Emprego em Ribeir\u00e3o Preto-SP&quot;","block_context":{"text":"Vagas de Emprego em Ribeir\u00e3o Preto-SP","link":"https:\/\/noticiasribeiraopreto.com.br\/index.php\/category\/empregos-classificados-vagas-trabalho\/vagas-de-empregos-em-ribeirao-preto-regiao-brasil\/"},"img":{"alt_text":"","src":"https:\/\/i0.wp.com\/noticiasribeiraopreto.com.br\/wp-content\/uploads\/2023\/12\/Doctor-Slump-2024-2.jpg?fit=1200%2C773&ssl=1&resize=350%2C200","width":350,"height":200,"srcset":"https:\/\/i0.wp.com\/noticiasribeiraopreto.com.br\/wp-content\/uploads\/2023\/12\/Doctor-Slump-2024-2.jpg?fit=1200%2C773&ssl=1&resize=350%2C200 1x, https:\/\/i0.wp.com\/noticiasribeiraopreto.com.br\/wp-content\/uploads\/2023\/12\/Doctor-Slump-2024-2.jpg?fit=1200%2C773&ssl=1&resize=525%2C300 1.5x, https:\/\/i0.wp.com\/noticiasribeiraopreto.com.br\/wp-content\/uploads\/2023\/12\/Doctor-Slump-2024-2.jpg?fit=1200%2C773&ssl=1&resize=700%2C400 2x, https:\/\/i0.wp.com\/noticiasribeiraopreto.com.br\/wp-content\/uploads\/2023\/12\/Doctor-Slump-2024-2.jpg?fit=1200%2C773&ssl=1&resize=1050%2C600 3x"},"classes":[]},{"id":11865,"url":"https:\/\/noticiasribeiraopreto.com.br\/index.php\/2023\/12\/06\/chicago-fire-severide-vai-voltar-para-12a-temporada-meu-valor-digital\/","url_meta":{"origin":19165,"position":5},"title":"Chicago Fire: Severide vai voltar para 12\u00aa temporada &#8211; Meu Valor Digital","author":"noticiasribeiraopreto.com.br","date":"6 de December de 2023","format":false,"excerpt":"Quando Taylor Kinney, que interpreta o bombeiro Severide em \u201cChicago Fire\u201d decidiu deixar a s\u00e9rie, os f\u00e3s entraram em polvorosa e come\u00e7aram a pedir o seu retorno. Mas parece que o ator decidiu voltar para mais uma temporada da s\u00e9rie.\u00a0 Kinney voltar\u00e1 a interpretar Kelly Severide na 12\u00aa temporada da\u2026","rel":"","context":"In &quot;Vagas de Emprego em Ribeir\u00e3o Preto-SP&quot;","block_context":{"text":"Vagas de Emprego em Ribeir\u00e3o Preto-SP","link":"https:\/\/noticiasribeiraopreto.com.br\/index.php\/category\/empregos-classificados-vagas-trabalho\/vagas-de-empregos-em-ribeirao-preto-regiao-brasil\/"},"img":{"alt_text":"","src":"https:\/\/i0.wp.com\/noticiasribeiraopreto.com.br\/wp-content\/uploads\/2023\/12\/Chicago-Fire-1.jpg?fit=1200%2C773&ssl=1&resize=350%2C200","width":350,"height":200,"srcset":"https:\/\/i0.wp.com\/noticiasribeiraopreto.com.br\/wp-content\/uploads\/2023\/12\/Chicago-Fire-1.jpg?fit=1200%2C773&ssl=1&resize=350%2C200 1x, https:\/\/i0.wp.com\/noticiasribeiraopreto.com.br\/wp-content\/uploads\/2023\/12\/Chicago-Fire-1.jpg?fit=1200%2C773&ssl=1&resize=525%2C300 1.5x, https:\/\/i0.wp.com\/noticiasribeiraopreto.com.br\/wp-content\/uploads\/2023\/12\/Chicago-Fire-1.jpg?fit=1200%2C773&ssl=1&resize=700%2C400 2x, https:\/\/i0.wp.com\/noticiasribeiraopreto.com.br\/wp-content\/uploads\/2023\/12\/Chicago-Fire-1.jpg?fit=1200%2C773&ssl=1&resize=1050%2C600 3x"},"classes":[]}],"jetpack_sharing_enabled":true,"jetpack_shortlink":"https:\/\/wp.me\/peQAOb-4Z7","_links":{"self":[{"href":"https:\/\/noticiasribeiraopreto.com.br\/index.php\/wp-json\/wp\/v2\/posts\/19165","targetHints":{"allow":["GET"]}}],"collection":[{"href":"https:\/\/noticiasribeiraopreto.com.br\/index.php\/wp-json\/wp\/v2\/posts"}],"about":[{"href":"https:\/\/noticiasribeiraopreto.com.br\/index.php\/wp-json\/wp\/v2\/types\/post"}],"author":[{"embeddable":true,"href":"https:\/\/noticiasribeiraopreto.com.br\/index.php\/wp-json\/wp\/v2\/users\/1"}],"replies":[{"embeddable":true,"href":"https:\/\/noticiasribeiraopreto.com.br\/index.php\/wp-json\/wp\/v2\/comments?post=19165"}],"version-history":[{"count":0,"href":"https:\/\/noticiasribeiraopreto.com.br\/index.php\/wp-json\/wp\/v2\/posts\/19165\/revisions"}],"wp:featuredmedia":[{"embeddable":true,"href":"https:\/\/noticiasribeiraopreto.com.br\/index.php\/wp-json\/wp\/v2\/media\/19166"}],"wp:attachment":[{"href":"https:\/\/noticiasribeiraopreto.com.br\/index.php\/wp-json\/wp\/v2\/media?parent=19165"}],"wp:term":[{"taxonomy":"category","embeddable":true,"href":"https:\/\/noticiasribeiraopreto.com.br\/index.php\/wp-json\/wp\/v2\/categories?post=19165"},{"taxonomy":"post_tag","embeddable":true,"href":"https:\/\/noticiasribeiraopreto.com.br\/index.php\/wp-json\/wp\/v2\/tags?post=19165"}],"curies":[{"name":"wp","href":"https:\/\/api.w.org\/{rel}","templated":true}]}}