{"id":19171,"date":"2023-12-21T21:47:21","date_gmt":"2023-12-22T00:47:21","guid":{"rendered":"https:\/\/noticiasribeiraopreto.com.br\/index.php\/2023\/12\/21\/veja-as-datas-de-pagamento-de-janeiro-e-o-valor-das-parcelas-2\/"},"modified":"2023-12-21T21:47:21","modified_gmt":"2023-12-22T00:47:21","slug":"veja-as-datas-de-pagamento-de-janeiro-e-o-valor-das-parcelas-2","status":"publish","type":"post","link":"https:\/\/noticiasribeiraopreto.com.br\/index.php\/2023\/12\/21\/veja-as-datas-de-pagamento-de-janeiro-e-o-valor-das-parcelas-2\/","title":{"rendered":"Veja as datas de pagamento de janeiro e o valor das parcelas"},"content":{"rendered":"<div class='code-block code-block-1' style='margin: 8px 0 8px auto; text-align: right; display: block; clear: both;'>\n<p><a href=\"https:\/\/wa.link\/vpicfd\"><img data-recalc-dims=\"1\" class=\"wp-image-4922\" style=\"aspect-ratio: 2.0253164556962027; width: 561px; height: auto;\" src=\"https:\/\/i0.wp.com\/ismaelcolosi.com.br\/wp-content\/uploads\/2023\/11\/grupo-de-empregos-whatsapp-e-facebook-ismael-colosi-vagas.jpg?ssl=1\" alt=\"\" \/><\/a><\/p>\n<!-- \/wp:image -->\n<\/div>\n<p> <br \/>\n<\/p>\n<div>\n<p>O <a href=\"https:\/\/jcconcursos.com.br\/noticia\/brasil\/ultimos-depositos-nesta-semana-do-bolsa-familia-com-valor-extra-em-dezembro-120286\" rel=\"noopener\" target=\"_blank\">calend\u00e1rio de dezembro do Bolsa Fam\u00edlia<\/a> continua em curso, mas os benefici\u00e1rios j\u00e1 se programam para receber o programa de transfer\u00eancia de renda do Governo Federal em janeiro.\u00a0<\/p>\n<p>O benef\u00edcio fornece suporte financeiro para mais de 21 milh\u00f5es de fam\u00edlias inscritas. At\u00e9 o momento, ainda n\u00e3o foi divulgado um calend\u00e1rio oficial pelo executivo nacional, no entanto, \u00e9 poss\u00edvel saber as poss\u00edveis datas do <strong>Bolsa Fam\u00edlia 2024<\/strong>.\u00a0<\/p>\n<p><a href=\"https:\/\/jcconcursos.com.br\/noticia\/brasil\/otima-noticia-para-brasileiros-que-recebem-ate-um-salario-minimo-120294\" rel=\"noopener\" target=\"_blank\">+ \u00d3tima not\u00edcia para brasileiros que recebem at\u00e9 um sal\u00e1rio m\u00ednimo<\/a><\/p>\n<h2>Veja calend\u00e1rio de janeiro<\/h2>\n<p>Para saber a data exata de pagamento do Bolsa Fam\u00edlia em janeiro de 2024, os benefici\u00e1rios devem verificar o d\u00edgito final do <a href=\"https:\/\/www.gov.br\/pt-br\/servicos\/consultar-dados-do-cadastro-unico-cadunico\" rel=\"noopener\" target=\"_blank\">N\u00famero de Identifica\u00e7\u00e3o Social (NIS)<\/a>. O NIS \u00e9 um n\u00famero de 11 d\u00edgitos fornecidos pelo governo federal. Ap\u00f3s verificar o d\u00edgito final do NIS, os benefici\u00e1rios devem consultar o calend\u00e1rio abaixo para saber a data de pagamento do benef\u00edcio. Veja as datas de janeiro:<\/p>\n<ul>\n<li aria-level=\"1\" style=\"font-weight: 400;\">NIS de final 1 \u2013 18 de janeiro;<\/li>\n<li aria-level=\"1\" style=\"font-weight: 400;\">NIS de final 2 \u2013 19 de janeiro;<\/li>\n<li aria-level=\"1\" style=\"font-weight: 400;\">NIS de final 3 \u2013 22 de janeiro;<\/li>\n<li aria-level=\"1\" style=\"font-weight: 400;\">NIS de final 4 \u2013 23 de janeiro;<\/li>\n<li aria-level=\"1\" style=\"font-weight: 400;\">NIS de final 5 \u2013 24 de janeiro;<\/li>\n<li aria-level=\"1\" style=\"font-weight: 400;\">NIS de final 6 \u2013 25 de janeiro;<\/li>\n<li aria-level=\"1\" style=\"font-weight: 400;\">NIS de final 7 \u2013 26 de janeiro;<\/li>\n<li aria-level=\"1\" style=\"font-weight: 400;\">NIS de final 8 \u2013 29 de janeiro;<\/li>\n<li aria-level=\"1\" style=\"font-weight: 400;\">NIS de final 9 \u2013 30 de janeiro;<\/li>\n<li aria-level=\"1\" style=\"font-weight: 400;\">NIS de final 0 \u2013 31 de janeiro.<\/li>\n<\/ul>\n<h2>Qual o valor da parcela em 2024?<\/h2>\n<p>O valor m\u00ednimo do Bolsa Fam\u00edlia em 2024 permanecer\u00e1 em R$ 600, o que representa um aumento de 20% em rela\u00e7\u00e3o ao valor pago em 2023. Isso significa que, mesmo com a alta da infla\u00e7\u00e3o, as fam\u00edlias benefici\u00e1rias ter\u00e3o um refor\u00e7o financeiro significativo para o seu or\u00e7amento.<\/p>\n<p>Al\u00e9m disso, o c\u00e1lculo para chegar na parcela mensal continuar\u00e1 considerando o valor de R$ 142 por cada integrante. Isso significa que, para uma fam\u00edlia de quatro pessoas, o valor total do benef\u00edcio ser\u00e1 de R$ 768.<\/p>\n<p>Tamb\u00e9m est\u00e1 confirmado o pagamento do adicional de R$ 150 para crian\u00e7as de 0 a 6 anos. Isso significa que, para uma fam\u00edlia com duas crian\u00e7as pequenas, o valor total do benef\u00edcio ser\u00e1 de R$ 1.068.<\/p>\n<p>Para jovens entre 7 e 18 anos, para gestantes e para beb\u00eas de at\u00e9 seis meses de vida (nutrizes), o adicional \u00e9 de R$ 50. No geral, os valores do Bolsa Fam\u00edlia em 2024 representam uma importante conquista para as fam\u00edlias brasileiras que vivem em situa\u00e7\u00e3o de vulnerabilidade social.\u00a0<\/p>\n<h2>Quem pode receber o Bolsa Fam\u00edlia 2024?<\/h2>\n<p>Para receber o aux\u00edlio, \u00e0s fam\u00edlias precisam cumprir as exig\u00eancias listadas abaixo, veja:\u00a0\u00a0<\/p>\n<ul>\n<li aria-level=\"1\" style=\"font-weight: 400;\">realiza\u00e7\u00e3o de pr\u00e9-natal;<\/li>\n<li aria-level=\"1\" style=\"font-weight: 400;\">cumprimento do calend\u00e1rio nacional de vacina\u00e7\u00e3o;<\/li>\n<li aria-level=\"1\" style=\"font-weight: 400;\">acompanhamento do estado nutricional para crian\u00e7as com at\u00e9 sete anos incompletos;<\/li>\n<li aria-level=\"1\" style=\"font-weight: 400;\">frequ\u00eancia escolar m\u00ednima de 65% para crian\u00e7as de 4 a 6 anos incompletos; e<\/li>\n<li aria-level=\"1\" style=\"font-weight: 400;\">frequ\u00eancia escolar m\u00ednima de 75% para benefici\u00e1rios com idade de 6 a 18 anos incompletos que n\u00e3o tenham conclu\u00eddo a educa\u00e7\u00e3o b\u00e1sica.<\/li>\n<\/ul>\n<p>+ Acompanhe as principais informa\u00e7\u00f5es sobre <a href=\"https:\/\/jcconcursos.com.br\/noticia\/brasil\/\" rel=\"noopener\" target=\"_blank\">Sociedade e Brasil no JC Concursos<\/a><\/p>\n<p><a id=\"gnews_btn\" href=\"https:\/\/news.google.com\/publications\/CAAqBwgKMOixlQswuZWrAw\" target=\"_blank\" class=\"border_jc_blue link_hover_bg_jc_blue font_85 d-block d-md-inline-block px-2 py-1 mr-0 mr-md-2 mb-3 w-100 text-center\" rel=\"noopener\"><span class=\"text_jc_blue\">Siga o <strong>JC Concursos no Google News<\/strong><\/span><\/a><a href=\"https:\/\/jcconcursos.com.br\/noticia\/brasil\/\" class=\"badge badge-light\">Sociedade<\/a><a href=\"https:\/\/jcconcursos.com.br\/noticia\/brasil\/\" class=\"badge badge-light\">Brasil<\/a><\/p>\n<\/div>\n<p><br \/>\n<br \/><a href=\"https:\/\/ismaelcolosi.com.br\/veja-as-datas-de-pagamento-de-janeiro-e-o-valor-das-parcelas\/\">Source link <\/a><\/p>\n<!-- CONTENT END 1 -->\n","protected":false},"excerpt":{"rendered":"<p>O calend\u00e1rio de dezembro do Bolsa Fam\u00edlia continua em curso, mas os benefici\u00e1rios j\u00e1 se programam para receber o programa de transfer\u00eancia de renda do&#8230;<\/p>\n","protected":false},"author":1,"featured_media":19172,"comment_status":"open","ping_status":"open","sticky":false,"template":"","format":"standard","meta":{"advanced_seo_description":"","jetpack_seo_html_title":"","jetpack_seo_noindex":false,"jetpack_post_was_ever_published":false,"_jetpack_newsletter_access":"","_jetpack_dont_email_post_to_subs":false,"_jetpack_newsletter_tier_id":0,"_jetpack_memberships_contains_paywalled_content":false,"_jetpack_memberships_contains_paid_content":false,"footnotes":"","jetpack_publicize_message":"","jetpack_publicize_feature_enabled":true,"jetpack_social_post_already_shared":true,"jetpack_social_options":{"image_generator_settings":{"template":"highway","default_image_id":0,"font":"","enabled":false},"version":2}},"categories":[7],"tags":[],"class_list":["post-19171","post","type-post","status-publish","format-standard","has-post-thumbnail","hentry","category-vagas-de-empregos-em-ribeirao-preto-regiao-brasil"],"jetpack_publicize_connections":[],"jetpack_featured_media_url":"https:\/\/i0.wp.com\/noticiasribeiraopreto.com.br\/wp-content\/uploads\/2023\/12\/1703206049_bolsa-familia-divulgacao-mds.png?fit=1920%2C1080&ssl=1","jetpack-related-posts":[{"id":20599,"url":"https:\/\/noticiasribeiraopreto.com.br\/index.php\/2023\/12\/26\/bolsa-familia-calendario-de-janeiro-divulgado-confira-as-datas\/","url_meta":{"origin":19171,"position":0},"title":"Bolsa Fam\u00edlia: Calend\u00e1rio de janeiro DIVULGADO? Confira as datas","author":"noticiasribeiraopreto.com.br","date":"26 de December de 2023","format":false,"excerpt":"A Caixa Econ\u00f4mica Federal encerrou na \u00faltima semana os pagamentos do Bolsa Fam\u00edlia referente a dezembro de 2023. Mas muitos benefici\u00e1rios j\u00e1 querem saber quando haver\u00e1 a libera\u00e7\u00e3o do calend\u00e1rio de 2024. Embora o calend\u00e1rio do Bolsa Fam\u00edlia de 2024 ainda n\u00e3o tenha sido divulgado oficialmente, \u00e9 poss\u00edvel saber as\u2026","rel":"","context":"In &quot;Vagas de Emprego em Ribeir\u00e3o Preto-SP&quot;","block_context":{"text":"Vagas de Emprego em Ribeir\u00e3o Preto-SP","link":"https:\/\/noticiasribeiraopreto.com.br\/index.php\/category\/empregos-classificados-vagas-trabalho\/vagas-de-empregos-em-ribeirao-preto-regiao-brasil\/"},"img":{"alt_text":"","src":"https:\/\/i0.wp.com\/noticiasribeiraopreto.com.br\/wp-content\/uploads\/2023\/12\/noticiasconcursos.com_.br-bolsa-familia-calendario-de-janeiro-divulgado-confira-as-datas-bolsa.jpg?fit=1200%2C800&ssl=1&resize=350%2C200","width":350,"height":200,"srcset":"https:\/\/i0.wp.com\/noticiasribeiraopreto.com.br\/wp-content\/uploads\/2023\/12\/noticiasconcursos.com_.br-bolsa-familia-calendario-de-janeiro-divulgado-confira-as-datas-bolsa.jpg?fit=1200%2C800&ssl=1&resize=350%2C200 1x, https:\/\/i0.wp.com\/noticiasribeiraopreto.com.br\/wp-content\/uploads\/2023\/12\/noticiasconcursos.com_.br-bolsa-familia-calendario-de-janeiro-divulgado-confira-as-datas-bolsa.jpg?fit=1200%2C800&ssl=1&resize=525%2C300 1.5x, https:\/\/i0.wp.com\/noticiasribeiraopreto.com.br\/wp-content\/uploads\/2023\/12\/noticiasconcursos.com_.br-bolsa-familia-calendario-de-janeiro-divulgado-confira-as-datas-bolsa.jpg?fit=1200%2C800&ssl=1&resize=700%2C400 2x, https:\/\/i0.wp.com\/noticiasribeiraopreto.com.br\/wp-content\/uploads\/2023\/12\/noticiasconcursos.com_.br-bolsa-familia-calendario-de-janeiro-divulgado-confira-as-datas-bolsa.jpg?fit=1200%2C800&ssl=1&resize=1050%2C600 3x"},"classes":[]},{"id":23163,"url":"https:\/\/noticiasribeiraopreto.com.br\/index.php\/2024\/01\/01\/bolsa-familia-de-janeiro-veja-datas-e-valores-para-todos-os-nis\/","url_meta":{"origin":19171,"position":1},"title":"Bolsa Fam\u00edlia de JANEIRO: Veja DATAS e VALORES para TODOS os NIS","author":"noticiasribeiraopreto.com.br","date":"1 de January de 2024","format":false,"excerpt":"O ano de 2023 est\u00e1 prestes a chegar ao fim, e com ele v\u00eam mudan\u00e7as significativas para os participantes do Programa Bolsa Fam\u00edlia. O governo federal divide tradicionalmente os benefici\u00e1rios em dez grupos, com base no \u00faltimo d\u00edgito do NIS (N\u00famero de Inscri\u00e7\u00e3o Social), para organizar os pagamentos. No entanto,\u2026","rel":"","context":"In &quot;Vagas de Emprego em Ribeir\u00e3o Preto-SP&quot;","block_context":{"text":"Vagas de Emprego em Ribeir\u00e3o Preto-SP","link":"https:\/\/noticiasribeiraopreto.com.br\/index.php\/category\/empregos-classificados-vagas-trabalho\/vagas-de-empregos-em-ribeirao-preto-regiao-brasil\/"},"img":{"alt_text":"","src":"","width":0,"height":0},"classes":[]},{"id":23223,"url":"https:\/\/noticiasribeiraopreto.com.br\/index.php\/2024\/01\/01\/pagamentos-do-bolsa-familia-comecam-no-dia-18-de-janeiro-veja-o-calendario\/","url_meta":{"origin":19171,"position":2},"title":"Pagamentos do Bolsa Fam\u00edlia come\u00e7am no dia 18 de janeiro; Veja o calend\u00e1rio","author":"noticiasribeiraopreto.com.br","date":"1 de January de 2024","format":false,"excerpt":"Os benefici\u00e1rios do Programa Bolsa Fam\u00edlia j\u00e1 podem conferir o calend\u00e1rio de pagamento de\u00a02024. As datas foram divulgadas\u00a0ap\u00f3s defini\u00e7\u00e3o\u00a0do\u00a0Minist\u00e9rio do Desenvolvimento e Assist\u00eancia Social, Fam\u00edlia e Combate \u00e0 Fome (MDS), respons\u00e1vel pela gest\u00e3o do programa, e da Caixa Econ\u00f4mica Federal, que executa os pagamentos. Em Ribeir\u00e3o Preto, mais de 26\u2026","rel":"","context":"In &quot;Not\u00edcias de Ribeir\u00e3o Preto-SP e Regi\u00e3o&quot;","block_context":{"text":"Not\u00edcias de Ribeir\u00e3o Preto-SP e Regi\u00e3o","link":"https:\/\/noticiasribeiraopreto.com.br\/index.php\/category\/noticias-de-ribeirao-preto-sp-e-regiao-ismael-colosi\/"},"img":{"alt_text":"","src":"https:\/\/i0.wp.com\/noticiasribeiraopreto.com.br\/wp-content\/uploads\/2024\/01\/novo-cartao-bolsa-familia-2023.jpg?fit=1170%2C700&ssl=1&resize=350%2C200","width":350,"height":200,"srcset":"https:\/\/i0.wp.com\/noticiasribeiraopreto.com.br\/wp-content\/uploads\/2024\/01\/novo-cartao-bolsa-familia-2023.jpg?fit=1170%2C700&ssl=1&resize=350%2C200 1x, https:\/\/i0.wp.com\/noticiasribeiraopreto.com.br\/wp-content\/uploads\/2024\/01\/novo-cartao-bolsa-familia-2023.jpg?fit=1170%2C700&ssl=1&resize=525%2C300 1.5x, https:\/\/i0.wp.com\/noticiasribeiraopreto.com.br\/wp-content\/uploads\/2024\/01\/novo-cartao-bolsa-familia-2023.jpg?fit=1170%2C700&ssl=1&resize=700%2C400 2x, https:\/\/i0.wp.com\/noticiasribeiraopreto.com.br\/wp-content\/uploads\/2024\/01\/novo-cartao-bolsa-familia-2023.jpg?fit=1170%2C700&ssl=1&resize=1050%2C600 3x"},"classes":[]},{"id":21617,"url":"https:\/\/noticiasribeiraopreto.com.br\/index.php\/2023\/12\/28\/veja-a-lista-de-beneficios-extras-de-janeiro\/","url_meta":{"origin":19171,"position":3},"title":"Veja a lista de BENEF\u00cdCIOS EXTRAS de janeiro","author":"noticiasribeiraopreto.com.br","date":"28 de December de 2023","format":false,"excerpt":"A Caixa Econ\u00f4mica Federal vai iniciar o pagamento da parcela de janeiro do Bolsa Fam\u00edlia daqui h\u00e1 algumas semanas. O maior programa de transfer\u00eancia de renda do pa\u00eds encerrou na semana passada os repasses de dezembro, e o segurados agora se perguntam qual ser\u00e1 o valor da parcela do primeiro\u2026","rel":"","context":"In &quot;Vagas de Emprego em Ribeir\u00e3o Preto-SP&quot;","block_context":{"text":"Vagas de Emprego em Ribeir\u00e3o Preto-SP","link":"https:\/\/noticiasribeiraopreto.com.br\/index.php\/category\/empregos-classificados-vagas-trabalho\/vagas-de-empregos-em-ribeirao-preto-regiao-brasil\/"},"img":{"alt_text":"","src":"https:\/\/i0.wp.com\/noticiasribeiraopreto.com.br\/wp-content\/uploads\/2023\/12\/noticiasconcursos.com_.br-bolsa-familia-veja-a-lista-de-beneficios-extras-pagos-em-dezembro-bolsa-familia-agencia-brasil-750x430.jpg?fit=750%2C430&ssl=1&resize=350%2C200","width":350,"height":200,"srcset":"https:\/\/i0.wp.com\/noticiasribeiraopreto.com.br\/wp-content\/uploads\/2023\/12\/noticiasconcursos.com_.br-bolsa-familia-veja-a-lista-de-beneficios-extras-pagos-em-dezembro-bolsa-familia-agencia-brasil-750x430.jpg?fit=750%2C430&ssl=1&resize=350%2C200 1x, https:\/\/i0.wp.com\/noticiasribeiraopreto.com.br\/wp-content\/uploads\/2023\/12\/noticiasconcursos.com_.br-bolsa-familia-veja-a-lista-de-beneficios-extras-pagos-em-dezembro-bolsa-familia-agencia-brasil-750x430.jpg?fit=750%2C430&ssl=1&resize=525%2C300 1.5x, https:\/\/i0.wp.com\/noticiasribeiraopreto.com.br\/wp-content\/uploads\/2023\/12\/noticiasconcursos.com_.br-bolsa-familia-veja-a-lista-de-beneficios-extras-pagos-em-dezembro-bolsa-familia-agencia-brasil-750x430.jpg?fit=750%2C430&ssl=1&resize=700%2C400 2x"},"classes":[]},{"id":22956,"url":"https:\/\/noticiasribeiraopreto.com.br\/index.php\/2023\/12\/31\/bolsa-familia-2024-os-criterios-de-exclusao-no-programa-foram-divulgados\/","url_meta":{"origin":19171,"position":4},"title":"Bolsa Fam\u00edlia 2024: os crit\u00e9rios de exclus\u00e3o no programa foram divulgados","author":"noticiasribeiraopreto.com.br","date":"31 de December de 2023","format":false,"excerpt":"Por fim, sara se manter no Bolsa Fam\u00edlia 2024, \u00e9 imperativo que os benefici\u00e1rios cumpram estritamente as regras estabelecidas pelo programa. O n\u00e3o cumprimento destas normas resultar\u00e1 no bloqueio do benef\u00edcio para regulariza\u00e7\u00e3o, sendo que ap\u00f3s um per\u00edodo de 6 meses, ocorrer\u00e1 a exclus\u00e3o definitiva. Entretanto, existem circunst\u00e2ncias espec\u00edficas que\u2026","rel":"","context":"In &quot;Vagas de Emprego em Ribeir\u00e3o Preto-SP&quot;","block_context":{"text":"Vagas de Emprego em Ribeir\u00e3o Preto-SP","link":"https:\/\/noticiasribeiraopreto.com.br\/index.php\/category\/empregos-classificados-vagas-trabalho\/vagas-de-empregos-em-ribeirao-preto-regiao-brasil\/"},"img":{"alt_text":"","src":"","width":0,"height":0},"classes":[]},{"id":20729,"url":"https:\/\/noticiasribeiraopreto.com.br\/index.php\/2023\/12\/26\/governo-divulga-calendario-de-pagamentos-do-bolsa-familia-para-2024\/","url_meta":{"origin":19171,"position":5},"title":"Governo divulga calend\u00e1rio de pagamentos do Bolsa Fam\u00edlia para 2024","author":"noticiasribeiraopreto.com.br","date":"26 de December de 2023","format":false,"excerpt":"J\u00e1 est\u00e1 dispon\u00edvel o calend\u00e1rio de pagamentos do Programa Bolsa Fam\u00edlia para o ano de 2024. As datas foram definidas pelo Minist\u00e9rio do Desenvolvimento e Assist\u00eancia Social, Fam\u00edlia e Combate \u00e0 Fome (MDS), respons\u00e1vel pela gest\u00e3o do programa, e pela Caixa Econ\u00f4mica Federal, que executa os pagamentos. Cr\u00e9ditos: Ag\u00eancia Brasil\/Marcelo\u2026","rel":"","context":"In &quot;Variedades&quot;","block_context":{"text":"Variedades","link":"https:\/\/noticiasribeiraopreto.com.br\/index.php\/category\/variedades\/"},"img":{"alt_text":"","src":"https:\/\/i0.wp.com\/noticiasribeiraopreto.com.br\/wp-content\/uploads\/2023\/12\/1703602524_bolsa-familia-a-noticia-mais-esperada-de-setembro-acaba-de-chegar.jpg?fit=1200%2C638&ssl=1&resize=350%2C200","width":350,"height":200,"srcset":"https:\/\/i0.wp.com\/noticiasribeiraopreto.com.br\/wp-content\/uploads\/2023\/12\/1703602524_bolsa-familia-a-noticia-mais-esperada-de-setembro-acaba-de-chegar.jpg?fit=1200%2C638&ssl=1&resize=350%2C200 1x, https:\/\/i0.wp.com\/noticiasribeiraopreto.com.br\/wp-content\/uploads\/2023\/12\/1703602524_bolsa-familia-a-noticia-mais-esperada-de-setembro-acaba-de-chegar.jpg?fit=1200%2C638&ssl=1&resize=525%2C300 1.5x, https:\/\/i0.wp.com\/noticiasribeiraopreto.com.br\/wp-content\/uploads\/2023\/12\/1703602524_bolsa-familia-a-noticia-mais-esperada-de-setembro-acaba-de-chegar.jpg?fit=1200%2C638&ssl=1&resize=700%2C400 2x, https:\/\/i0.wp.com\/noticiasribeiraopreto.com.br\/wp-content\/uploads\/2023\/12\/1703602524_bolsa-familia-a-noticia-mais-esperada-de-setembro-acaba-de-chegar.jpg?fit=1200%2C638&ssl=1&resize=1050%2C600 3x"},"classes":[]}],"jetpack_sharing_enabled":true,"jetpack_shortlink":"https:\/\/wp.me\/peQAOb-4Zd","_links":{"self":[{"href":"https:\/\/noticiasribeiraopreto.com.br\/index.php\/wp-json\/wp\/v2\/posts\/19171","targetHints":{"allow":["GET"]}}],"collection":[{"href":"https:\/\/noticiasribeiraopreto.com.br\/index.php\/wp-json\/wp\/v2\/posts"}],"about":[{"href":"https:\/\/noticiasribeiraopreto.com.br\/index.php\/wp-json\/wp\/v2\/types\/post"}],"author":[{"embeddable":true,"href":"https:\/\/noticiasribeiraopreto.com.br\/index.php\/wp-json\/wp\/v2\/users\/1"}],"replies":[{"embeddable":true,"href":"https:\/\/noticiasribeiraopreto.com.br\/index.php\/wp-json\/wp\/v2\/comments?post=19171"}],"version-history":[{"count":0,"href":"https:\/\/noticiasribeiraopreto.com.br\/index.php\/wp-json\/wp\/v2\/posts\/19171\/revisions"}],"wp:featuredmedia":[{"embeddable":true,"href":"https:\/\/noticiasribeiraopreto.com.br\/index.php\/wp-json\/wp\/v2\/media\/19172"}],"wp:attachment":[{"href":"https:\/\/noticiasribeiraopreto.com.br\/index.php\/wp-json\/wp\/v2\/media?parent=19171"}],"wp:term":[{"taxonomy":"category","embeddable":true,"href":"https:\/\/noticiasribeiraopreto.com.br\/index.php\/wp-json\/wp\/v2\/categories?post=19171"},{"taxonomy":"post_tag","embeddable":true,"href":"https:\/\/noticiasribeiraopreto.com.br\/index.php\/wp-json\/wp\/v2\/tags?post=19171"}],"curies":[{"name":"wp","href":"https:\/\/api.w.org\/{rel}","templated":true}]}}