{"id":19173,"date":"2023-12-21T21:49:39","date_gmt":"2023-12-22T00:49:39","guid":{"rendered":"https:\/\/noticiasribeiraopreto.com.br\/index.php\/2023\/12\/21\/videos-incendio-atinge-empresa-em-ribeirao-preto\/"},"modified":"2023-12-21T21:49:39","modified_gmt":"2023-12-22T00:49:39","slug":"videos-incendio-atinge-empresa-em-ribeirao-preto","status":"publish","type":"post","link":"https:\/\/noticiasribeiraopreto.com.br\/index.php\/2023\/12\/21\/videos-incendio-atinge-empresa-em-ribeirao-preto\/","title":{"rendered":"V\u00cdDEOS &#8211; Inc\u00eandio atinge empresa em Ribeir\u00e3o Preto"},"content":{"rendered":"<div class='code-block code-block-1' style='margin: 8px 0 8px auto; text-align: right; display: block; clear: both;'>\n<p><a href=\"https:\/\/wa.link\/vpicfd\"><img data-recalc-dims=\"1\" class=\"wp-image-4922\" style=\"aspect-ratio: 2.0253164556962027; width: 561px; height: auto;\" src=\"https:\/\/i0.wp.com\/ismaelcolosi.com.br\/wp-content\/uploads\/2023\/11\/grupo-de-empregos-whatsapp-e-facebook-ismael-colosi-vagas.jpg?ssl=1\" alt=\"\" \/><\/a><\/p>\n<!-- \/wp:image -->\n<\/div>\n<p> <br \/>\n<\/p>\n<div id=\"post-368066\">\n<header class=\"entry-header penci-entry-header penci-title-center\">\n<h2 class=\"penci-post-subtitle\">Local armazenava pneus e fuma\u00e7a preta pode ser vista a quil\u00f4metros de dist\u00e2ncia, em v\u00e1rios pontos da cidade<\/h2>\n<p> <span class=\"entry-meta-item penci-posted-on\"><i class=\"fa fa-clock-o\"\/><time class=\"entry-date published\" datetime=\"2023-12-21T14:59:42-03:00\">21 de dezembro de 2023 | 14:59<\/time><time class=\"updated\" datetime=\"2023-12-21T15:25:40-03:00\">21 de dezembro de 2023 | 15:25<\/time><\/span><\/p>\n<p> <span class=\"penci-social-buttons penci-social-share-footer\"><a href=\"#\" class=\"penci-post-like penci_post-meta_item  single-like-button penci-social-item like\" data-post_id=\"368066\" title=\"Like\" data-like=\"Like\" data-unlike=\"Unlike\"><i class=\"fa fa-thumbs-o-up\"\/><span class=\"penci-share-number\">2<\/span><\/a><i class=\"fa fa-facebook\"\/><a class=\"penci-social-item twitter\" target=\"_blank\" rel=\"noopener\" title=\"\" href=\"https:\/\/twitter.com\/intent\/tweet?text=V\u00cdDEOS%20-%20Inc\u00eandio%20atinge%20empresa%20em%20Ribeir\u00e3o%20Preto%20-%20https:\/\/www.tribunaribeirao.com.br\/site\/videos-incendio-atinge-empresa-em-ribeirao-preto\/\"><i class=\"fa fa-twitter\"\/><\/a><i class=\"fa fa-whatsapp\"\/><\/span><\/header>\n<div class=\"penci-entry-content entry-content\">\n<p>Por: Adalberto Luque<\/p>\n<p>Um inc\u00eandio de grandes propor\u00e7\u00f5es atingiu, na tarde desta quinta-feira (21), uma empresa que trabalha com pneus. O galp\u00e3o atingido fica na Avenida Brasil, 2625, Vila Carvalho, zona Norte de Ribeir\u00e3o Preto.<\/p>\n<p>O galp\u00e3o fica ao lado de uma loja de auto pe\u00e7as usadas e havia risco do fogo se espalhar. Uma grande nuvem de fuma\u00e7a preta se formou no local e pode ser avistada de diversos pontos da cidade, a quil\u00f4metros de dist\u00e2ncia.<\/p>\n<p>Segundo o Corpo de Bombeiros, o inc\u00eandio come\u00e7ou por volta de 13h00. N\u00e3o houve registro de v\u00edtimas. V\u00e1rias viaturas foram deslocadas para combater as chamas. Os bombeiros levaram cerca de uma hora e meia para controlar as chamas por completo.<\/p>\n<p>Durante o trabalho de combate \u00e0s chamas e de rescaldo, a Avenida Brasil foi interditada entre as ruas Pedregulho e Rio Claro e o tr\u00e2nsito foi desviado. O local seria periciado. As causas do inc\u00eandio ser\u00e3o apuradas. (Mat\u00e9ria atualizada \u00e0s 15h26) Veja v\u00eddeos abaixo.<\/p>\n<p><iframe loading=\"lazy\" title=\"Inc\u00eandio Av Brasil 02\" width=\"500\" height=\"281\" src=\"https:\/\/www.youtube.com\/embed\/heh4qsonhfs?feature=oembed\" frameborder=\"0\" allow=\"accelerometer; autoplay; clipboard-write; encrypted-media; gyroscope; picture-in-picture; web-share\" referrerpolicy=\"strict-origin-when-cross-origin\" allowfullscreen><\/iframe><\/p>\n<p><iframe loading=\"lazy\" title=\"Inc\u00eandio Av Brasil 03\" width=\"500\" height=\"281\" src=\"https:\/\/www.youtube.com\/embed\/zUq1rJNDhTs?feature=oembed\" frameborder=\"0\" allow=\"accelerometer; autoplay; clipboard-write; encrypted-media; gyroscope; picture-in-picture; web-share\" referrerpolicy=\"strict-origin-when-cross-origin\" allowfullscreen><\/iframe><\/p>\n<\/div>\n<footer class=\"penci-entry-footer\"\/><\/div>\n<p><script async src=\"\/\/platform.twitter.com\/widgets.js\" charset=\"utf-8\"><\/script><br \/>\n<br \/><br \/>\n<br \/><a href=\"https:\/\/www.tribunaribeirao.com.br\/site\/videos-incendio-atinge-empresa-em-ribeirao-preto\/\">Source link <\/a><\/p>\n<!-- CONTENT END 1 -->\n","protected":false},"excerpt":{"rendered":"<p>Local armazenava pneus e fuma\u00e7a preta pode ser vista a quil\u00f4metros de dist\u00e2ncia, em v\u00e1rios pontos da cidade 21 de dezembro de 2023 | 14:5921&#8230;<\/p>\n","protected":false},"author":1,"featured_media":19174,"comment_status":"open","ping_status":"open","sticky":false,"template":"","format":"standard","meta":{"advanced_seo_description":"","jetpack_seo_html_title":"","jetpack_seo_noindex":false,"jetpack_post_was_ever_published":false,"_jetpack_newsletter_access":"","_jetpack_dont_email_post_to_subs":false,"_jetpack_newsletter_tier_id":0,"_jetpack_memberships_contains_paywalled_content":false,"_jetpack_memberships_contains_paid_content":false,"footnotes":"","jetpack_publicize_message":"","jetpack_publicize_feature_enabled":true,"jetpack_social_post_already_shared":true,"jetpack_social_options":{"image_generator_settings":{"template":"highway","default_image_id":0,"font":"","enabled":false},"version":2}},"categories":[11],"tags":[66,1536,941,27,26,1283],"class_list":["post-19173","post","type-post","status-publish","format-standard","has-post-thumbnail","hentry","category-noticias-de-ribeirao-preto-sp-e-regiao-ismael-colosi","tag-atinge","tag-empresa","tag-incendio","tag-preto","tag-ribeirao","tag-videos"],"jetpack_publicize_connections":[],"jetpack_featured_media_url":"https:\/\/i0.wp.com\/noticiasribeiraopreto.com.br\/wp-content\/uploads\/2023\/12\/00-21-dez-2023-incendio-av-brasil-02-foto-redes-sociais-scaled.jpg?fit=565%2C645&ssl=1","jetpack-related-posts":[{"id":61479,"url":"https:\/\/noticiasribeiraopreto.com.br\/index.php\/2024\/12\/13\/incendio-atinge-galpao-na-zona-norte-de-ribeirao-preto-video\/","url_meta":{"origin":19173,"position":0},"title":"Inc\u00eandio atinge galp\u00e3o na zona Norte de Ribeir\u00e3o Preto; V\u00eddeo","author":"noticiasribeiraopreto.com.br","date":"13 de December de 2024","format":false,"excerpt":"Um\u00a0inc\u00eandio atinge um galp\u00e3o na tarde desta sexta (13), na rua Peru, na Vila Mariana, zona Norte de Ribeir\u00e3o Preto. O fogo gera uma intensa fuma\u00e7a preta. Assista ao v\u00eddeo abaixo. Segundo as primeiras informa\u00e7\u00f5es, no galp\u00e3o funcionaria uma empresa de fibras. O Corpo de Bombeiros foi mobilizado e atua\u2026","rel":"","context":"In &quot;Not\u00edcias de Ribeir\u00e3o Preto-SP e Regi\u00e3o&quot;","block_context":{"text":"Not\u00edcias de Ribeir\u00e3o Preto-SP e Regi\u00e3o","link":"https:\/\/noticiasribeiraopreto.com.br\/index.php\/category\/noticias-de-ribeirao-preto-sp-e-regiao-ismael-colosi\/"},"img":{"alt_text":"","src":"https:\/\/i0.wp.com\/noticiasribeiraopreto.com.br\/wp-content\/uploads\/2024\/12\/INCENDIO_2024-12-13_16-12-15_jpg_2024-12-13_16-12-15.webp.webp?fit=1200%2C773&ssl=1&resize=350%2C200","width":350,"height":200,"srcset":"https:\/\/i0.wp.com\/noticiasribeiraopreto.com.br\/wp-content\/uploads\/2024\/12\/INCENDIO_2024-12-13_16-12-15_jpg_2024-12-13_16-12-15.webp.webp?fit=1200%2C773&ssl=1&resize=350%2C200 1x, https:\/\/i0.wp.com\/noticiasribeiraopreto.com.br\/wp-content\/uploads\/2024\/12\/INCENDIO_2024-12-13_16-12-15_jpg_2024-12-13_16-12-15.webp.webp?fit=1200%2C773&ssl=1&resize=525%2C300 1.5x, https:\/\/i0.wp.com\/noticiasribeiraopreto.com.br\/wp-content\/uploads\/2024\/12\/INCENDIO_2024-12-13_16-12-15_jpg_2024-12-13_16-12-15.webp.webp?fit=1200%2C773&ssl=1&resize=700%2C400 2x, https:\/\/i0.wp.com\/noticiasribeiraopreto.com.br\/wp-content\/uploads\/2024\/12\/INCENDIO_2024-12-13_16-12-15_jpg_2024-12-13_16-12-15.webp.webp?fit=1200%2C773&ssl=1&resize=1050%2C600 3x"},"classes":[]},{"id":76453,"url":"https:\/\/noticiasribeiraopreto.com.br\/index.php\/2025\/08\/29\/incendio-atinge-empresa-de-reciclagem-na-zona-norte-de-ribeirao-preto-veja-video\/","url_meta":{"origin":19173,"position":1},"title":"Inc\u00eandio atinge empresa de reciclagem na zona Norte de Ribeir\u00e3o Preto; Veja v\u00eddeo","author":"noticiasribeiraopreto.com.br","date":"29 de August de 2025","format":false,"excerpt":"Um inc\u00eandio atingiu uma empresa de materiais recicl\u00e1veis na manh\u00e3 desta sexta-feira (29), na rua Coimbra, no bairro Vila Elisa, zona Norte de Ribeir\u00e3o Preto. Segundo o Corpo de Bombeiros, as chamas come\u00e7aram por volta das 5h50. Moradores registraram a fuma\u00e7a escura que tomou conta do c\u00e9u na regi\u00e3o (veja\u2026","rel":"","context":"In &quot;Not\u00edcias de Ribeir\u00e3o Preto-SP e Regi\u00e3o&quot;","block_context":{"text":"Not\u00edcias de Ribeir\u00e3o Preto-SP e Regi\u00e3o","link":"https:\/\/noticiasribeiraopreto.com.br\/index.php\/category\/noticias-de-ribeirao-preto-sp-e-regiao-ismael-colosi\/"},"img":{"alt_text":"","src":"https:\/\/i0.wp.com\/noticiasribeiraopreto.com.br\/wp-content\/uploads\/2025\/08\/Copia-de-Copia-de-Copia-de-TAMANHO-EXATO-PARA-FOTOS-NO-SISTEMA-NOVO-2025-08-29T072649.184_2025-08-29_10-26-56.webp.webp?fit=1200%2C675&ssl=1&resize=350%2C200","width":350,"height":200,"srcset":"https:\/\/i0.wp.com\/noticiasribeiraopreto.com.br\/wp-content\/uploads\/2025\/08\/Copia-de-Copia-de-Copia-de-TAMANHO-EXATO-PARA-FOTOS-NO-SISTEMA-NOVO-2025-08-29T072649.184_2025-08-29_10-26-56.webp.webp?fit=1200%2C675&ssl=1&resize=350%2C200 1x, https:\/\/i0.wp.com\/noticiasribeiraopreto.com.br\/wp-content\/uploads\/2025\/08\/Copia-de-Copia-de-Copia-de-TAMANHO-EXATO-PARA-FOTOS-NO-SISTEMA-NOVO-2025-08-29T072649.184_2025-08-29_10-26-56.webp.webp?fit=1200%2C675&ssl=1&resize=525%2C300 1.5x, https:\/\/i0.wp.com\/noticiasribeiraopreto.com.br\/wp-content\/uploads\/2025\/08\/Copia-de-Copia-de-Copia-de-TAMANHO-EXATO-PARA-FOTOS-NO-SISTEMA-NOVO-2025-08-29T072649.184_2025-08-29_10-26-56.webp.webp?fit=1200%2C675&ssl=1&resize=700%2C400 2x, https:\/\/i0.wp.com\/noticiasribeiraopreto.com.br\/wp-content\/uploads\/2025\/08\/Copia-de-Copia-de-Copia-de-TAMANHO-EXATO-PARA-FOTOS-NO-SISTEMA-NOVO-2025-08-29T072649.184_2025-08-29_10-26-56.webp.webp?fit=1200%2C675&ssl=1&resize=1050%2C600 3x"},"classes":[]},{"id":70591,"url":"https:\/\/noticiasribeiraopreto.com.br\/index.php\/2025\/05\/28\/incendio-atinge-deposito-de-colchoes-na-zona-norte-de-ribeirao-preto-video\/","url_meta":{"origin":19173,"position":2},"title":"Inc\u00eandio atinge dep\u00f3sito de colch\u00f5es na zona Norte de Ribeir\u00e3o Preto; V\u00eddeo","author":"noticiasribeiraopreto.com.br","date":"28 de May de 2025","format":false,"excerpt":"Um inc\u00eandio atingiu um dep\u00f3sito de colch\u00f5es na noite desta ter\u00e7a-feira (27), na Vila Elisa, zona Norte de Ribeir\u00e3o Preto. Assista ao v\u00eddeo abaixo. Apesar de as chamas tomarem grandes propor\u00e7\u00f5es no pr\u00e9dio, na rua Campinas, n\u00e3o houve registro de v\u00edtimas, segundo o Corpo de Bombeiros. A PM (Pol\u00edcia Militar)\u2026","rel":"","context":"In &quot;Not\u00edcias de Ribeir\u00e3o Preto-SP e Regi\u00e3o&quot;","block_context":{"text":"Not\u00edcias de Ribeir\u00e3o Preto-SP e Regi\u00e3o","link":"https:\/\/noticiasribeiraopreto.com.br\/index.php\/category\/noticias-de-ribeirao-preto-sp-e-regiao-ismael-colosi\/"},"img":{"alt_text":"","src":"https:\/\/i0.wp.com\/noticiasribeiraopreto.com.br\/wp-content\/uploads\/2025\/05\/WhatsApp-Image-2025-05-28-at-08.11.16_2025-05-28_11-11-57.webp.webp?fit=1200%2C675&ssl=1&resize=350%2C200","width":350,"height":200,"srcset":"https:\/\/i0.wp.com\/noticiasribeiraopreto.com.br\/wp-content\/uploads\/2025\/05\/WhatsApp-Image-2025-05-28-at-08.11.16_2025-05-28_11-11-57.webp.webp?fit=1200%2C675&ssl=1&resize=350%2C200 1x, https:\/\/i0.wp.com\/noticiasribeiraopreto.com.br\/wp-content\/uploads\/2025\/05\/WhatsApp-Image-2025-05-28-at-08.11.16_2025-05-28_11-11-57.webp.webp?fit=1200%2C675&ssl=1&resize=525%2C300 1.5x, https:\/\/i0.wp.com\/noticiasribeiraopreto.com.br\/wp-content\/uploads\/2025\/05\/WhatsApp-Image-2025-05-28-at-08.11.16_2025-05-28_11-11-57.webp.webp?fit=1200%2C675&ssl=1&resize=700%2C400 2x, https:\/\/i0.wp.com\/noticiasribeiraopreto.com.br\/wp-content\/uploads\/2025\/05\/WhatsApp-Image-2025-05-28-at-08.11.16_2025-05-28_11-11-57.webp.webp?fit=1200%2C675&ssl=1&resize=1050%2C600 3x"},"classes":[]},{"id":59748,"url":"https:\/\/noticiasribeiraopreto.com.br\/index.php\/2024\/10\/29\/incendio-atinge-galpao-de-industria-na-regiao-de-ribeirao-veja-video\/","url_meta":{"origin":19173,"position":3},"title":"Inc\u00eandio atinge galp\u00e3o de ind\u00fastria na regi\u00e3o de Ribeir\u00e3o; Veja v\u00eddeo","author":"noticiasribeiraopreto.com.br","date":"29 de October de 2024","format":false,"excerpt":"Um inc\u00eandio atinge, na tarde desta ter\u00e7a-feira (29), um galp\u00e3o de estoque de gr\u00e3os da ind\u00fastria Coplana, \u00e0s margens da rodovia Carlos Tonani, em Jaboticabal, na regi\u00e3o de Ribeir\u00e3o Preto. De acordo com a assessoria da corporativa, o fogo foi controlado por brigadistas da empresa e ningu\u00e9m ficou ferido. Ainda\u2026","rel":"","context":"In &quot;Not\u00edcias de Ribeir\u00e3o Preto-SP e Regi\u00e3o&quot;","block_context":{"text":"Not\u00edcias de Ribeir\u00e3o Preto-SP e Regi\u00e3o","link":"https:\/\/noticiasribeiraopreto.com.br\/index.php\/category\/noticias-de-ribeirao-preto-sp-e-regiao-ismael-colosi\/"},"img":{"alt_text":"","src":"https:\/\/i0.wp.com\/noticiasribeiraopreto.com.br\/wp-content\/uploads\/2024\/10\/Copia-de-Copia-de-Copia-de-TAMANHO-EXATO-PARA-FOTOS-NO-SISTEMA-NOVO-55_2024-10-29_17-37-13_png_2024-10-29_17-37-13.webp.webp?fit=1200%2C675&ssl=1&resize=350%2C200","width":350,"height":200,"srcset":"https:\/\/i0.wp.com\/noticiasribeiraopreto.com.br\/wp-content\/uploads\/2024\/10\/Copia-de-Copia-de-Copia-de-TAMANHO-EXATO-PARA-FOTOS-NO-SISTEMA-NOVO-55_2024-10-29_17-37-13_png_2024-10-29_17-37-13.webp.webp?fit=1200%2C675&ssl=1&resize=350%2C200 1x, https:\/\/i0.wp.com\/noticiasribeiraopreto.com.br\/wp-content\/uploads\/2024\/10\/Copia-de-Copia-de-Copia-de-TAMANHO-EXATO-PARA-FOTOS-NO-SISTEMA-NOVO-55_2024-10-29_17-37-13_png_2024-10-29_17-37-13.webp.webp?fit=1200%2C675&ssl=1&resize=525%2C300 1.5x, https:\/\/i0.wp.com\/noticiasribeiraopreto.com.br\/wp-content\/uploads\/2024\/10\/Copia-de-Copia-de-Copia-de-TAMANHO-EXATO-PARA-FOTOS-NO-SISTEMA-NOVO-55_2024-10-29_17-37-13_png_2024-10-29_17-37-13.webp.webp?fit=1200%2C675&ssl=1&resize=700%2C400 2x, https:\/\/i0.wp.com\/noticiasribeiraopreto.com.br\/wp-content\/uploads\/2024\/10\/Copia-de-Copia-de-Copia-de-TAMANHO-EXATO-PARA-FOTOS-NO-SISTEMA-NOVO-55_2024-10-29_17-37-13_png_2024-10-29_17-37-13.webp.webp?fit=1200%2C675&ssl=1&resize=1050%2C600 3x"},"classes":[]},{"id":78341,"url":"https:\/\/noticiasribeiraopreto.com.br\/index.php\/2025\/10\/08\/incendio-atinge-vegetacao-e-provoca-muita-fumaca-em-rotatoria-da-zona-leste-de-ribeirao-video\/","url_meta":{"origin":19173,"position":4},"title":"Inc\u00eandio atinge vegeta\u00e7\u00e3o e provoca muita fuma\u00e7a em rotat\u00f3ria da zona Leste de Ribeir\u00e3o; V\u00eddeo","author":"noticiasribeiraopreto.com.br","date":"8 de October de 2025","format":false,"excerpt":"Um inc\u00eandio atinge uma \u00e1rea de vegeta\u00e7\u00e3o na rotat\u00f3ria entre as avenidas Presidente Castelo Branco e Treze de Maio, na zona Leste de Ribeir\u00e3o Preto, na tarde desta quarta-feira (8). Nas imagens, \u00e9 poss\u00edvel ver uma grande quantidade de vegeta\u00e7\u00e3o queimada e algumas chamas. Al\u00e9m disso, a fuma\u00e7a se espalhou\u2026","rel":"","context":"In &quot;Not\u00edcias de Ribeir\u00e3o Preto-SP e Regi\u00e3o&quot;","block_context":{"text":"Not\u00edcias de Ribeir\u00e3o Preto-SP e Regi\u00e3o","link":"https:\/\/noticiasribeiraopreto.com.br\/index.php\/category\/noticias-de-ribeirao-preto-sp-e-regiao-ismael-colosi\/"},"img":{"alt_text":"","src":"https:\/\/i0.wp.com\/noticiasribeiraopreto.com.br\/wp-content\/uploads\/2025\/10\/WhatsApp-Image-2025-10-08-at-16.54.26_2025-10-08_20-22-29.webp.webp?fit=1200%2C900&ssl=1&resize=350%2C200","width":350,"height":200,"srcset":"https:\/\/i0.wp.com\/noticiasribeiraopreto.com.br\/wp-content\/uploads\/2025\/10\/WhatsApp-Image-2025-10-08-at-16.54.26_2025-10-08_20-22-29.webp.webp?fit=1200%2C900&ssl=1&resize=350%2C200 1x, https:\/\/i0.wp.com\/noticiasribeiraopreto.com.br\/wp-content\/uploads\/2025\/10\/WhatsApp-Image-2025-10-08-at-16.54.26_2025-10-08_20-22-29.webp.webp?fit=1200%2C900&ssl=1&resize=525%2C300 1.5x, https:\/\/i0.wp.com\/noticiasribeiraopreto.com.br\/wp-content\/uploads\/2025\/10\/WhatsApp-Image-2025-10-08-at-16.54.26_2025-10-08_20-22-29.webp.webp?fit=1200%2C900&ssl=1&resize=700%2C400 2x, https:\/\/i0.wp.com\/noticiasribeiraopreto.com.br\/wp-content\/uploads\/2025\/10\/WhatsApp-Image-2025-10-08-at-16.54.26_2025-10-08_20-22-29.webp.webp?fit=1200%2C900&ssl=1&resize=1050%2C600 3x"},"classes":[]},{"id":29104,"url":"https:\/\/noticiasribeiraopreto.com.br\/index.php\/2024\/01\/17\/incendio-atinge-casa-condominio-de-bonfim-paulista-em-ribeirao-veja-o-video\/","url_meta":{"origin":19173,"position":5},"title":"Inc\u00eandio atinge casa em condom\u00ednio de Bonfim Paulista em Ribeir\u00e3o; Veja o v\u00eddeo","author":"noticiasribeiraopreto.com.br","date":"17 de January de 2024","format":false,"excerpt":"Um inc\u00eandio atingiu uma casa dentro de um condom\u00ednio no distrito de Bonfim Paulista, em Ribeir\u00e3o Preto, no final da manh\u00e3 desta quarta-feira (17) \u2013 veja o v\u00eddeo abaixo. O condom\u00ednio fica na rua Anibal Vercesi. O Corpo de Bombeiros foi acionado e j\u00e1 controlou as chamas. Ningu\u00e9m ficou ferido\u2026","rel":"","context":"In &quot;Not\u00edcias de Ribeir\u00e3o Preto-SP e Regi\u00e3o&quot;","block_context":{"text":"Not\u00edcias de Ribeir\u00e3o Preto-SP e Regi\u00e3o","link":"https:\/\/noticiasribeiraopreto.com.br\/index.php\/category\/noticias-de-ribeirao-preto-sp-e-regiao-ismael-colosi\/"},"img":{"alt_text":"","src":"https:\/\/i0.wp.com\/noticiasribeiraopreto.com.br\/wp-content\/uploads\/2024\/01\/incendio-bonfim-paulista.jpg?fit=1200%2C673&ssl=1&resize=350%2C200","width":350,"height":200,"srcset":"https:\/\/i0.wp.com\/noticiasribeiraopreto.com.br\/wp-content\/uploads\/2024\/01\/incendio-bonfim-paulista.jpg?fit=1200%2C673&ssl=1&resize=350%2C200 1x, https:\/\/i0.wp.com\/noticiasribeiraopreto.com.br\/wp-content\/uploads\/2024\/01\/incendio-bonfim-paulista.jpg?fit=1200%2C673&ssl=1&resize=525%2C300 1.5x, https:\/\/i0.wp.com\/noticiasribeiraopreto.com.br\/wp-content\/uploads\/2024\/01\/incendio-bonfim-paulista.jpg?fit=1200%2C673&ssl=1&resize=700%2C400 2x, https:\/\/i0.wp.com\/noticiasribeiraopreto.com.br\/wp-content\/uploads\/2024\/01\/incendio-bonfim-paulista.jpg?fit=1200%2C673&ssl=1&resize=1050%2C600 3x"},"classes":[]}],"jetpack_sharing_enabled":true,"jetpack_shortlink":"https:\/\/wp.me\/peQAOb-4Zf","_links":{"self":[{"href":"https:\/\/noticiasribeiraopreto.com.br\/index.php\/wp-json\/wp\/v2\/posts\/19173","targetHints":{"allow":["GET"]}}],"collection":[{"href":"https:\/\/noticiasribeiraopreto.com.br\/index.php\/wp-json\/wp\/v2\/posts"}],"about":[{"href":"https:\/\/noticiasribeiraopreto.com.br\/index.php\/wp-json\/wp\/v2\/types\/post"}],"author":[{"embeddable":true,"href":"https:\/\/noticiasribeiraopreto.com.br\/index.php\/wp-json\/wp\/v2\/users\/1"}],"replies":[{"embeddable":true,"href":"https:\/\/noticiasribeiraopreto.com.br\/index.php\/wp-json\/wp\/v2\/comments?post=19173"}],"version-history":[{"count":0,"href":"https:\/\/noticiasribeiraopreto.com.br\/index.php\/wp-json\/wp\/v2\/posts\/19173\/revisions"}],"wp:featuredmedia":[{"embeddable":true,"href":"https:\/\/noticiasribeiraopreto.com.br\/index.php\/wp-json\/wp\/v2\/media\/19174"}],"wp:attachment":[{"href":"https:\/\/noticiasribeiraopreto.com.br\/index.php\/wp-json\/wp\/v2\/media?parent=19173"}],"wp:term":[{"taxonomy":"category","embeddable":true,"href":"https:\/\/noticiasribeiraopreto.com.br\/index.php\/wp-json\/wp\/v2\/categories?post=19173"},{"taxonomy":"post_tag","embeddable":true,"href":"https:\/\/noticiasribeiraopreto.com.br\/index.php\/wp-json\/wp\/v2\/tags?post=19173"}],"curies":[{"name":"wp","href":"https:\/\/api.w.org\/{rel}","templated":true}]}}