{"id":19359,"date":"2023-12-22T08:31:12","date_gmt":"2023-12-22T11:31:12","guid":{"rendered":"https:\/\/noticiasribeiraopreto.com.br\/index.php\/2023\/12\/22\/banco-central-estima-que-inflacao-feche-o-ano-em-46\/"},"modified":"2023-12-22T08:31:12","modified_gmt":"2023-12-22T11:31:12","slug":"banco-central-estima-que-inflacao-feche-o-ano-em-46","status":"publish","type":"post","link":"https:\/\/noticiasribeiraopreto.com.br\/index.php\/2023\/12\/22\/banco-central-estima-que-inflacao-feche-o-ano-em-46\/","title":{"rendered":"Banco Central estima que infla\u00e7\u00e3o feche o ano em 4,6%\u00a0"},"content":{"rendered":"<div class='code-block code-block-1' style='margin: 8px 0 8px auto; text-align: right; display: block; clear: both;'>\n<p><a href=\"https:\/\/wa.link\/vpicfd\"><img data-recalc-dims=\"1\" class=\"wp-image-4922\" style=\"aspect-ratio: 2.0253164556962027; width: 561px; height: auto;\" src=\"https:\/\/i0.wp.com\/ismaelcolosi.com.br\/wp-content\/uploads\/2023\/11\/grupo-de-empregos-whatsapp-e-facebook-ismael-colosi-vagas.jpg?ssl=1\" alt=\"\" \/><\/a><\/p>\n<!-- \/wp:image -->\n<\/div>\n<p> <br \/>\n<\/p>\n<div>\n<p><span data-contrast=\"auto\">A infla\u00e7\u00e3o do pa\u00eds, medida pelo \u00cdndice de Pre\u00e7os ao Consumidor Amplo (IPCA), deve fechar o ano em 4,6%, e a chance de que o \u00edndice estoure a meta caiu de 67% para 17%. As informa\u00e7\u00f5es constam do relat\u00f3rio de infla\u00e7\u00e3o do terceiro trimestre, divulgado nesta quinta-feira (21) pelo Banco Central (BC).\u00a0<\/span><span data-ccp-props=\"{&quot;201341983&quot;:0,&quot;335559739&quot;:0,&quot;335559740&quot;:240}\">\u00a0<\/span><\/p>\n<p><span data-contrast=\"auto\">Definida pelo Conselho Monet\u00e1rio Nacional (CMN), a meta de infla\u00e7\u00e3o para este ano \u00e9 de 3,25%, podendo oscilar entre 1,75% e 4,75%.<\/span><span data-ccp-props=\"{&quot;201341983&quot;:0,&quot;335559739&quot;:0,&quot;335559740&quot;:240}\">\u00a0<\/span><\/p>\n<p><span data-ccp-props=\"{&quot;201341983&quot;:0,&quot;335559739&quot;:0,&quot;335559740&quot;:240}\">\u00a0<\/span><span data-contrast=\"auto\">\u201cEm termos de probabilidades estimadas de a infla\u00e7\u00e3o ultrapassar os limites do intervalo de toler\u00e2ncia, destaca-se, no cen\u00e1rio de refer\u00eancia, a redu\u00e7\u00e3o significativa da probabilidade de a infla\u00e7\u00e3o ficar acima do limite superior da meta para 2023 (4,75%) que passou de cerca de 67% no relat\u00f3rio anterior para 17% neste relat\u00f3rio. Essa altera\u00e7\u00e3o reflete a queda na proje\u00e7\u00e3o para 2023 (de 5,0% para 4,6%) e a redu\u00e7\u00e3o da incerteza associada a um horizonte mais curto de proje\u00e7\u00e3o\u201d, explica o documento.<\/span><span data-ccp-props=\"{&quot;201341983&quot;:0,&quot;335559739&quot;:0,&quot;335559740&quot;:240}\">\u00a0<\/span><\/p>\n<p><span data-ccp-props=\"{&quot;201341983&quot;:0,&quot;335559739&quot;:0,&quot;335559740&quot;:240}\">\u00a0<\/span><span data-contrast=\"auto\">O relat\u00f3rio cita ainda a decis\u00e3o do Comit\u00ea de Pol\u00edtica Monet\u00e1ria (Copom) de reduzir a taxa b\u00e1sica de juros em 0,50 ponto percentual, para 11,75% ao ano (a.a.), e diz que a decis\u00e3o \u00e9 compat\u00edvel com a estrat\u00e9gia de converg\u00eancia da infla\u00e7\u00e3o para o redor da meta ao longo do horizonte relevante, que inclui o ano de 2024 e o de 2025.<\/span><span data-ccp-props=\"{&quot;201341983&quot;:0,&quot;335559739&quot;:0,&quot;335559740&quot;:240}\">\u00a0<\/span><\/p>\n<p><span data-ccp-props=\"{&quot;201341983&quot;:0,&quot;335559739&quot;:0,&quot;335559740&quot;:240}\">\u00a0<\/span><span data-contrast=\"auto\">\u201cEm se confirmando o cen\u00e1rio esperado, os membros do Comit\u00ea, unanimemente, anteveem redu\u00e7\u00e3o de mesma magnitude nas pr\u00f3ximas reuni\u00f5es e avaliam que esse \u00e9 o ritmo apropriado para manter a pol\u00edtica monet\u00e1ria contracionista necess\u00e1ria para o processo desinflacion\u00e1rio. O Comit\u00ea enfatiza que a magnitude total do ciclo de flexibiliza\u00e7\u00e3o ao longo do tempo depender\u00e1 da evolu\u00e7\u00e3o da din\u00e2mica inflacion\u00e1ria, em especial dos componentes mais sens\u00edveis \u00e0 pol\u00edtica monet\u00e1ria e \u00e0 atividade econ\u00f4mica, das expectativas de infla\u00e7\u00e3o, em particular daquelas de maior prazo, de suas proje\u00e7\u00f5es de infla\u00e7\u00e3o, do hiato do produto e do balan\u00e7o de riscos\u201d, diz o relat\u00f3rio.<\/span><span data-ccp-props=\"{&quot;201341983&quot;:0,&quot;335559739&quot;:0,&quot;335559740&quot;:240}\">\u00a0<\/span><\/p>\n<p><span data-ccp-props=\"{&quot;201341983&quot;:0,&quot;335559739&quot;:0,&quot;335559740&quot;:240}\">\u00a0<\/span><span data-contrast=\"auto\">Na avalia\u00e7\u00e3o do BC, o ambiente externo segue vol\u00e1til, com movimentos expressivos das taxas de juros de prazos mais longos nos Estados Unidos, primeiramente subindo e mais recentemente recuando e com os n\u00facleos de infla\u00e7\u00e3o permanecendo em n\u00edveis elevados em diversos pa\u00edses.<\/span><span data-ccp-props=\"{&quot;201341983&quot;:0,&quot;335559739&quot;:0,&quot;335559740&quot;:240}\">\u00a0<\/span><\/p>\n<p><span data-ccp-props=\"{&quot;201341983&quot;:0,&quot;335559739&quot;:0,&quot;335559740&quot;:240}\">\u00a0<\/span><span data-contrast=\"auto\">O BC avalia que os bancos centrais das principais economias permanecem determinados em promover a converg\u00eancia das taxas de infla\u00e7\u00e3o para suas metas em um ambiente marcado por press\u00f5es nos mercados de trabalho e que o cen\u00e1rio segue exigindo cautela por parte de pa\u00edses emergentes.<\/span><span data-ccp-props=\"{&quot;201341983&quot;:0,&quot;335559739&quot;:0,&quot;335559740&quot;:240}\">\u00a0<\/span><\/p>\n<p><span data-ccp-props=\"{&quot;201341983&quot;:0,&quot;335559739&quot;:0,&quot;335559740&quot;:240}\">\u00a0<\/span><span data-contrast=\"auto\">\u201cA atividade global continua demonstrando resili\u00eancia ante o aperto de pol\u00edtica monet\u00e1ria, os eventos de estresse no setor banc\u00e1rio internacional ocorridos no primeiro semestre, a continua\u00e7\u00e3o do conflito na Europa e ao novo conflito no Oriente M\u00e9dio. O crescimento global segue abaixo de seu potencial, mas ainda encontra sustenta\u00e7\u00e3o em um mercado de trabalho aquecido e no consumo das fam\u00edlias, sustentado por ganhos de renda reais, enquanto o com\u00e9rcio internacional e a produ\u00e7\u00e3o industrial seguem moderadas. O setor de servi\u00e7os segue como destaque de crescimento, refletindo as mudan\u00e7as no perfil do consumo das fam\u00edlias e os mercados de trabalho robustos\u201d, diz o relat\u00f3rio.<\/span><span data-ccp-props=\"{&quot;201341983&quot;:0,&quot;335559739&quot;:0,&quot;335559740&quot;:240}\">\u00a0<\/span><\/p>\n<p><span data-ccp-props=\"{&quot;201341983&quot;:0,&quot;335559739&quot;:0,&quot;335559740&quot;:240}\">\u00a0<\/span><span data-contrast=\"auto\">No cen\u00e1rio dom\u00e9stico, a perspectiva \u00e9 de um arrefecimento no crescimento no terceiro trimestre, com crescimento de 0,1%, ap\u00f3s forte alta no trimestre anterior. Mesmo assim, o banco destacou que esse crescimento foi ligeiramente maior que o esperado.<\/span><span data-ccp-props=\"{&quot;201341983&quot;:0,&quot;335559739&quot;:0,&quot;335559740&quot;:240}\">\u00a0<\/span><\/p>\n<p><span data-contrast=\"auto\">\u201cDestaca-se a alta do consumo das fam\u00edlias, especialmente de servi\u00e7os e bens de consumo n\u00e3o dur\u00e1veis. Por outro lado, os investimentos t\u00eam recuado h\u00e1 quatro trimestres. A balan\u00e7a comercial deve apresentar saldo recorde em 2023, contribuindo para d\u00e9ficit em transa\u00e7\u00f5es correntes moderado\u201d, diz o relat\u00f3rio.<\/span><span data-ccp-props=\"{&quot;201341983&quot;:0,&quot;335559739&quot;:0,&quot;335559740&quot;:240}\">\u00a0<\/span><\/p>\n<p><span data-ccp-props=\"{&quot;201341983&quot;:0,&quot;335559739&quot;:0,&quot;335559740&quot;:240}\">\u00a0<\/span><b><span data-contrast=\"auto\">PIB<\/span><\/b><span data-ccp-props=\"{&quot;201341983&quot;:0,&quot;335559739&quot;:0,&quot;335559740&quot;:240}\">\u00a0<\/span><\/p>\n<p><span data-contrast=\"auto\">O Banco tamb\u00e9m revisou a previs\u00e3o do Produto Interno Bruto (PIB, soma dos bens e servi\u00e7os produzidos no pa\u00eds) aumentando de 2,9% para 3%, este ano. Para 2024, a previs\u00e3o passou de 1,8% para 1,7%.<\/span><span data-ccp-props=\"{&quot;201341983&quot;:0,&quot;335559739&quot;:0,&quot;335559740&quot;:240}\">\u00a0<\/span><\/p>\n<p><span data-ccp-props=\"{&quot;201341983&quot;:0,&quot;335559739&quot;:0,&quot;335559740&quot;:240}\">\u00a0<\/span><span data-contrast=\"auto\">\u201cO cen\u00e1rio prospectivo inclui aumento do ritmo de crescimento ao longo do pr\u00f3ximo ano, com modera\u00e7\u00e3o do consumo das fam\u00edlias, retomada dos investimentos, e manuten\u00e7\u00e3o de um balan\u00e7o favor\u00e1vel nas contas externas\u201d, diz o documento.<\/span><span data-ccp-props=\"{&quot;201341983&quot;:0,&quot;335559739&quot;:0,&quot;335559740&quot;:240}\">\u00a0<\/span><\/p>\n<\/div>\n<p><br \/>\n<br \/><a href=\"https:\/\/www.tribunaribeirao.com.br\/site\/banco-central-estima-que-inflacao-feche-o-ano-em-46\/\">Source link <\/a><\/p>\n<!-- CONTENT END 1 -->\n","protected":false},"excerpt":{"rendered":"<p>A infla\u00e7\u00e3o do pa\u00eds, medida pelo \u00cdndice de Pre\u00e7os ao Consumidor Amplo (IPCA), deve fechar o ano em 4,6%, e a chance de que o&#8230;<\/p>\n","protected":false},"author":1,"featured_media":19360,"comment_status":"open","ping_status":"open","sticky":false,"template":"","format":"standard","meta":{"advanced_seo_description":"","jetpack_seo_html_title":"","jetpack_seo_noindex":false,"jetpack_post_was_ever_published":false,"_jetpack_newsletter_access":"","_jetpack_dont_email_post_to_subs":false,"_jetpack_newsletter_tier_id":0,"_jetpack_memberships_contains_paywalled_content":false,"_jetpack_memberships_contains_paid_content":false,"footnotes":"","jetpack_publicize_message":"","jetpack_publicize_feature_enabled":true,"jetpack_social_post_already_shared":true,"jetpack_social_options":{"image_generator_settings":{"template":"highway","default_image_id":0,"font":"","enabled":false},"version":2}},"categories":[11],"tags":[681,578,877,2537,2538,510],"class_list":["post-19359","post","type-post","status-publish","format-standard","has-post-thumbnail","hentry","category-noticias-de-ribeirao-preto-sp-e-regiao-ismael-colosi","tag-ano","tag-banco","tag-central","tag-estima","tag-feche","tag-inflacao"],"jetpack_publicize_connections":[],"jetpack_featured_media_url":"https:\/\/i0.wp.com\/noticiasribeiraopreto.com.br\/wp-content\/uploads\/2023\/12\/Banco_Central-1200x800-1-scaled.jpg?fit=967%2C645&ssl=1","jetpack-related-posts":[{"id":21868,"url":"https:\/\/noticiasribeiraopreto.com.br\/index.php\/2023\/12\/28\/previa-da-inflacao-oficial-surpreende-e-fecha-2023-abaixo-da-meta\/","url_meta":{"origin":19359,"position":0},"title":"Pr\u00e9via da infla\u00e7\u00e3o oficial surpreende e fecha 2023 abaixo da meta","author":"noticiasribeiraopreto.com.br","date":"28 de December de 2023","format":false,"excerpt":"A pr\u00e9via da infla\u00e7\u00e3o oficial de 2023 ficou abaixo da meta estabelecida pelo Banco Central, mas ainda \u00e9 alta. O \u00cdndice Nacional de Pre\u00e7os ao Consumidor Amplo 15 (IPCA-15), considerado uma pr\u00e9via da infla\u00e7\u00e3o oficial, fechou o ano em 4,72%, abaixo dos 5,90% de 2022, segundo dados divulgados nesta quinta-feira\u2026","rel":"","context":"In &quot;Vagas de Emprego em Ribeir\u00e3o Preto-SP&quot;","block_context":{"text":"Vagas de Emprego em Ribeir\u00e3o Preto-SP","link":"https:\/\/noticiasribeiraopreto.com.br\/index.php\/category\/empregos-classificados-vagas-trabalho\/vagas-de-empregos-em-ribeirao-preto-regiao-brasil\/"},"img":{"alt_text":"","src":"https:\/\/i0.wp.com\/noticiasribeiraopreto.com.br\/wp-content\/uploads\/2023\/12\/dinheiro-agencia-brasil.jpg?fit=1200%2C675&ssl=1&resize=350%2C200","width":350,"height":200,"srcset":"https:\/\/i0.wp.com\/noticiasribeiraopreto.com.br\/wp-content\/uploads\/2023\/12\/dinheiro-agencia-brasil.jpg?fit=1200%2C675&ssl=1&resize=350%2C200 1x, https:\/\/i0.wp.com\/noticiasribeiraopreto.com.br\/wp-content\/uploads\/2023\/12\/dinheiro-agencia-brasil.jpg?fit=1200%2C675&ssl=1&resize=525%2C300 1.5x, https:\/\/i0.wp.com\/noticiasribeiraopreto.com.br\/wp-content\/uploads\/2023\/12\/dinheiro-agencia-brasil.jpg?fit=1200%2C675&ssl=1&resize=700%2C400 2x, https:\/\/i0.wp.com\/noticiasribeiraopreto.com.br\/wp-content\/uploads\/2023\/12\/dinheiro-agencia-brasil.jpg?fit=1200%2C675&ssl=1&resize=1050%2C600 3x"},"classes":[]},{"id":69674,"url":"https:\/\/noticiasribeiraopreto.com.br\/index.php\/2025\/05\/08\/copom-eleva-juros-basicos-da-economia-para-1475-ao-ano\/","url_meta":{"origin":19359,"position":1},"title":"Copom eleva juros b\u00e1sicos da economia para 14,75% ao ano","author":"noticiasribeiraopreto.com.br","date":"8 de May de 2025","format":false,"excerpt":"A\u00a0alta do pre\u00e7o dos alimentos e da energia e as incertezas em torno da economia global fizeram o Banco Central (BC) aumentar mais uma vez os juros. Por\u00a0unanimidade, o\u00a0Comit\u00ea de Pol\u00edtica Monet\u00e1ria (Copom) aumentou a taxa Selic, juros b\u00e1sicos da economia,\u00a0em 0,5 ponto percentual,\u00a0para 14,75% ao ano. A decis\u00e3o era\u00a0esperada\u2026","rel":"","context":"In &quot;Not\u00edcias de Ribeir\u00e3o Preto-SP e Regi\u00e3o&quot;","block_context":{"text":"Not\u00edcias de Ribeir\u00e3o Preto-SP e Regi\u00e3o","link":"https:\/\/noticiasribeiraopreto.com.br\/index.php\/category\/noticias-de-ribeirao-preto-sp-e-regiao-ismael-colosi\/"},"img":{"alt_text":"","src":"https:\/\/i0.wp.com\/noticiasribeiraopreto.com.br\/wp-content\/uploads\/2025\/05\/banco_central_mcajr_abr_0104222276-scaled-1.jpg?fit=1000%2C598&ssl=1&resize=350%2C200","width":350,"height":200,"srcset":"https:\/\/i0.wp.com\/noticiasribeiraopreto.com.br\/wp-content\/uploads\/2025\/05\/banco_central_mcajr_abr_0104222276-scaled-1.jpg?fit=1000%2C598&ssl=1&resize=350%2C200 1x, https:\/\/i0.wp.com\/noticiasribeiraopreto.com.br\/wp-content\/uploads\/2025\/05\/banco_central_mcajr_abr_0104222276-scaled-1.jpg?fit=1000%2C598&ssl=1&resize=525%2C300 1.5x, https:\/\/i0.wp.com\/noticiasribeiraopreto.com.br\/wp-content\/uploads\/2025\/05\/banco_central_mcajr_abr_0104222276-scaled-1.jpg?fit=1000%2C598&ssl=1&resize=700%2C400 2x"},"classes":[]},{"id":28328,"url":"https:\/\/noticiasribeiraopreto.com.br\/index.php\/2024\/01\/15\/inflacao-deve-fechar-este-ano-em-387\/","url_meta":{"origin":19359,"position":2},"title":"Infla\u00e7\u00e3o deve fechar este ano em 3,87%","author":"noticiasribeiraopreto.com.br","date":"15 de January de 2024","format":false,"excerpt":"15 de janeiro de 2024 | 15:0015 de janeiro de 2024 | 11:36 0O mercado financeiro reduziu a previs\u00e3o da infla\u00e7\u00e3o para este ano. Segundo proje\u00e7\u00e3o do Boletim Focus, divulgada hoje (15) pelo Banco Central (BC), o \u00cdndice de Pre\u00e7os ao Consumidor Amplo (IPCA) \u2013 considerado a infla\u00e7\u00e3o oficial do\u2026","rel":"","context":"In &quot;Not\u00edcias de Ribeir\u00e3o Preto-SP e Regi\u00e3o&quot;","block_context":{"text":"Not\u00edcias de Ribeir\u00e3o Preto-SP e Regi\u00e3o","link":"https:\/\/noticiasribeiraopreto.com.br\/index.php\/category\/noticias-de-ribeirao-preto-sp-e-regiao-ismael-colosi\/"},"img":{"alt_text":"","src":"https:\/\/i0.wp.com\/noticiasribeiraopreto.com.br\/wp-content\/uploads\/2024\/01\/dfa4414a-b54c-4d1b-99ae-35a99d19811f-scaled.jpg?fit=1000%2C598&ssl=1&resize=350%2C200","width":350,"height":200,"srcset":"https:\/\/i0.wp.com\/noticiasribeiraopreto.com.br\/wp-content\/uploads\/2024\/01\/dfa4414a-b54c-4d1b-99ae-35a99d19811f-scaled.jpg?fit=1000%2C598&ssl=1&resize=350%2C200 1x, https:\/\/i0.wp.com\/noticiasribeiraopreto.com.br\/wp-content\/uploads\/2024\/01\/dfa4414a-b54c-4d1b-99ae-35a99d19811f-scaled.jpg?fit=1000%2C598&ssl=1&resize=525%2C300 1.5x, https:\/\/i0.wp.com\/noticiasribeiraopreto.com.br\/wp-content\/uploads\/2024\/01\/dfa4414a-b54c-4d1b-99ae-35a99d19811f-scaled.jpg?fit=1000%2C598&ssl=1&resize=700%2C400 2x"},"classes":[]},{"id":28398,"url":"https:\/\/noticiasribeiraopreto.com.br\/index.php\/2024\/01\/15\/inflacao-deve-fechar-este-ano-em-387-2\/","url_meta":{"origin":19359,"position":3},"title":"Infla\u00e7\u00e3o deve fechar este ano em 3,87% \u2013 Folha de Ribeir\u00e3o","author":"noticiasribeiraopreto.com.br","date":"15 de January de 2024","format":false,"excerpt":"O mercado financeiro reduziu a previs\u00e3o da infla\u00e7\u00e3o para este ano. Segundo proje\u00e7\u00e3o do Boletim Focus, divulgada hoje (15) pelo Banco Central (BC), o \u00cdndice de Pre\u00e7os ao Consumidor Amplo (IPCA) \u2013 considerado a infla\u00e7\u00e3o oficial do pa\u00eds \u2013 deve fechar este ano em 3,87%. H\u00e1 uma semana, a proje\u00e7\u00e3o\u2026","rel":"","context":"In &quot;Not\u00edcias de Ribeir\u00e3o Preto-SP e Regi\u00e3o&quot;","block_context":{"text":"Not\u00edcias de Ribeir\u00e3o Preto-SP e Regi\u00e3o","link":"https:\/\/noticiasribeiraopreto.com.br\/index.php\/category\/noticias-de-ribeirao-preto-sp-e-regiao-ismael-colosi\/"},"img":{"alt_text":"","src":"","width":0,"height":0},"classes":[]},{"id":31497,"url":"https:\/\/noticiasribeiraopreto.com.br\/index.php\/2024\/01\/22\/mercado-reduz-novamente-previsao-de-inflacao-para-2024\/","url_meta":{"origin":19359,"position":4},"title":"Mercado reduz novamente previs\u00e3o de infla\u00e7\u00e3o para 2024","author":"noticiasribeiraopreto.com.br","date":"22 de January de 2024","format":false,"excerpt":"O mercado financeiro reduziu novamente a previs\u00e3o da infla\u00e7\u00e3o para este ano. Segundo proje\u00e7\u00e3o do Boletim Focus, divulgada hoje (22) pelo Banco Central (BC), o \u00cdndice de Pre\u00e7os ao Consumidor Amplo (IPCA) \u2013 considerado a infla\u00e7\u00e3o oficial do pa\u00eds \u2013 deve fechar este ano em 3,86%. H\u00e1 uma semana, a\u2026","rel":"","context":"In &quot;Not\u00edcias de Ribeir\u00e3o Preto-SP e Regi\u00e3o&quot;","block_context":{"text":"Not\u00edcias de Ribeir\u00e3o Preto-SP e Regi\u00e3o","link":"https:\/\/noticiasribeiraopreto.com.br\/index.php\/category\/noticias-de-ribeirao-preto-sp-e-regiao-ismael-colosi\/"},"img":{"alt_text":"","src":"https:\/\/i0.wp.com\/noticiasribeiraopreto.com.br\/wp-content\/uploads\/2024\/01\/1705943844_dfa4414a-b54c-4d1b-99ae-35a99d19811f-scaled.jpg?fit=1000%2C598&ssl=1&resize=350%2C200","width":350,"height":200,"srcset":"https:\/\/i0.wp.com\/noticiasribeiraopreto.com.br\/wp-content\/uploads\/2024\/01\/1705943844_dfa4414a-b54c-4d1b-99ae-35a99d19811f-scaled.jpg?fit=1000%2C598&ssl=1&resize=350%2C200 1x, https:\/\/i0.wp.com\/noticiasribeiraopreto.com.br\/wp-content\/uploads\/2024\/01\/1705943844_dfa4414a-b54c-4d1b-99ae-35a99d19811f-scaled.jpg?fit=1000%2C598&ssl=1&resize=525%2C300 1.5x, https:\/\/i0.wp.com\/noticiasribeiraopreto.com.br\/wp-content\/uploads\/2024\/01\/1705943844_dfa4414a-b54c-4d1b-99ae-35a99d19811f-scaled.jpg?fit=1000%2C598&ssl=1&resize=700%2C400 2x"},"classes":[]},{"id":68076,"url":"https:\/\/noticiasribeiraopreto.com.br\/index.php\/2025\/04\/22\/mercado-financeiro-reduz-previsao-da-inflacao-para-557\/","url_meta":{"origin":19359,"position":5},"title":"Mercado financeiro reduz previs\u00e3o da infla\u00e7\u00e3o para 5,57%","author":"noticiasribeiraopreto.com.br","date":"22 de April de 2025","format":false,"excerpt":"A previs\u00e3o do mercado financeiro para o \u00cdndice Nacional de Pre\u00e7os ao Consumidor Amplo (IPCA) \u2013 considerado a infla\u00e7\u00e3o oficial do pa\u00eds \u2013 passou de 5,65% para 5,57% este ano. A estimativa est\u00e1 no Boletim Focus desta ter\u00e7a-feira (22), pesquisa divulgada semanalmente pelo Banco Central (BC), em Bras\u00edlia, com a\u2026","rel":"","context":"In &quot;Not\u00edcias de Ribeir\u00e3o Preto-SP e Regi\u00e3o&quot;","block_context":{"text":"Not\u00edcias de Ribeir\u00e3o Preto-SP e Regi\u00e3o","link":"https:\/\/noticiasribeiraopreto.com.br\/index.php\/category\/noticias-de-ribeirao-preto-sp-e-regiao-ismael-colosi\/"},"img":{"alt_text":"","src":"https:\/\/i0.wp.com\/noticiasribeiraopreto.com.br\/wp-content\/uploads\/2025\/04\/Banco_Central-1200x800-1-scaled-1.jpg?fit=967%2C645&ssl=1&resize=350%2C200","width":350,"height":200,"srcset":"https:\/\/i0.wp.com\/noticiasribeiraopreto.com.br\/wp-content\/uploads\/2025\/04\/Banco_Central-1200x800-1-scaled-1.jpg?fit=967%2C645&ssl=1&resize=350%2C200 1x, https:\/\/i0.wp.com\/noticiasribeiraopreto.com.br\/wp-content\/uploads\/2025\/04\/Banco_Central-1200x800-1-scaled-1.jpg?fit=967%2C645&ssl=1&resize=525%2C300 1.5x, https:\/\/i0.wp.com\/noticiasribeiraopreto.com.br\/wp-content\/uploads\/2025\/04\/Banco_Central-1200x800-1-scaled-1.jpg?fit=967%2C645&ssl=1&resize=700%2C400 2x"},"classes":[]}],"jetpack_sharing_enabled":true,"jetpack_shortlink":"https:\/\/wp.me\/peQAOb-52f","_links":{"self":[{"href":"https:\/\/noticiasribeiraopreto.com.br\/index.php\/wp-json\/wp\/v2\/posts\/19359","targetHints":{"allow":["GET"]}}],"collection":[{"href":"https:\/\/noticiasribeiraopreto.com.br\/index.php\/wp-json\/wp\/v2\/posts"}],"about":[{"href":"https:\/\/noticiasribeiraopreto.com.br\/index.php\/wp-json\/wp\/v2\/types\/post"}],"author":[{"embeddable":true,"href":"https:\/\/noticiasribeiraopreto.com.br\/index.php\/wp-json\/wp\/v2\/users\/1"}],"replies":[{"embeddable":true,"href":"https:\/\/noticiasribeiraopreto.com.br\/index.php\/wp-json\/wp\/v2\/comments?post=19359"}],"version-history":[{"count":0,"href":"https:\/\/noticiasribeiraopreto.com.br\/index.php\/wp-json\/wp\/v2\/posts\/19359\/revisions"}],"wp:featuredmedia":[{"embeddable":true,"href":"https:\/\/noticiasribeiraopreto.com.br\/index.php\/wp-json\/wp\/v2\/media\/19360"}],"wp:attachment":[{"href":"https:\/\/noticiasribeiraopreto.com.br\/index.php\/wp-json\/wp\/v2\/media?parent=19359"}],"wp:term":[{"taxonomy":"category","embeddable":true,"href":"https:\/\/noticiasribeiraopreto.com.br\/index.php\/wp-json\/wp\/v2\/categories?post=19359"},{"taxonomy":"post_tag","embeddable":true,"href":"https:\/\/noticiasribeiraopreto.com.br\/index.php\/wp-json\/wp\/v2\/tags?post=19359"}],"curies":[{"name":"wp","href":"https:\/\/api.w.org\/{rel}","templated":true}]}}