{"id":19469,"date":"2023-12-22T13:40:52","date_gmt":"2023-12-22T16:40:52","guid":{"rendered":"https:\/\/noticiasribeiraopreto.com.br\/index.php\/2023\/12\/22\/paciente-gravida-medica-enfermeira-e-motorista-vitimas-fatais-do-acidente-com-ambulancia-sao-identificadas\/"},"modified":"2023-12-22T13:40:52","modified_gmt":"2023-12-22T16:40:52","slug":"paciente-gravida-medica-enfermeira-e-motorista-vitimas-fatais-do-acidente-com-ambulancia-sao-identificadas","status":"publish","type":"post","link":"https:\/\/noticiasribeiraopreto.com.br\/index.php\/2023\/12\/22\/paciente-gravida-medica-enfermeira-e-motorista-vitimas-fatais-do-acidente-com-ambulancia-sao-identificadas\/","title":{"rendered":"Paciente gr\u00e1vida, m\u00e9dica, enfermeira e motorista: V\u00edtimas fatais do acidente com ambul\u00e2ncia s\u00e3o identificadas"},"content":{"rendered":"<div class='code-block code-block-1' style='margin: 8px 0 8px auto; text-align: right; display: block; clear: both;'>\n<p><a href=\"https:\/\/wa.link\/vpicfd\"><img data-recalc-dims=\"1\" class=\"wp-image-4922\" style=\"aspect-ratio: 2.0253164556962027; width: 561px; height: auto;\" src=\"https:\/\/i0.wp.com\/ismaelcolosi.com.br\/wp-content\/uploads\/2023\/11\/grupo-de-empregos-whatsapp-e-facebook-ismael-colosi-vagas.jpg?ssl=1\" alt=\"\" \/><\/a><\/p>\n<!-- \/wp:image -->\n<\/div>\n<p> <br \/>\n<\/p>\n<div itemprop=\"text\">\n<p>A rodovia BR-040, foi cen\u00e1rio de um tr\u00e1gico acidente que deixou v\u00e1rias v\u00edtimas fatais. A colis\u00e3o entre em uma ambul\u00e2ncia e uma carreta ceifou a vida de cinco pessoas.<\/p>\n<p>A trag\u00e9dia aconteceu pr\u00f3ximo a cidade de Santos Dumont, que fica localizada na regi\u00e3o da Zona da Mata mineira, s\u00e3o residentes da cidade de Juiz de Fora, que fica no interior do estado de Minas Gerais.<\/p>\n<p>O acidente brutal teve lugar na tarde desta \u00faltima quinta-feira (21) em uma curva localizada no KM 736 da mencionada rodovia, envolvendo uma ambul\u00e2ncia e uma carreta.<\/p>\n<p>Infelizmente tr\u00eas pessoas morreram no local da colis\u00e3o, s\u00e3o elas uma m\u00e9dica, uma enfermeira e o motorista da ambul\u00e2ncia.<\/p>\n<div class=\"code-block code-block-9\" style=\"margin: 8px auto; text-align: center; display: block; clear: both;\">\n<p><span style=\"font-size: xx-small;\"><b>PUBLICIDADE<\/b><\/span><\/p>\n<div class=\"separator\" style=\"clear: both; text-align: center;\"><a href=\"https:\/\/breeze.bet\/?c=1&amp;utm_source=fbs\" imageanchor=\"1\" style=\"margin-left: 1em; margin-right: 1em;\" target=\"_blank\" rel=\"noopener\"><img data-recalc-dims=\"1\" loading=\"lazy\" decoding=\"async\" border=\"0\" data-original-height=\"250\" data-original-width=\"300\" height=\"250\" src=\"https:\/\/i0.wp.com\/blogger.googleusercontent.com\/img\/b\/R29vZ2xl\/AVvXsEhHMStsQpenim-wcfJXHMndm0o0P6BrbXYcb_zvAoVvLcdQw8AP_XKlfa98ltKcznGeZ-LpsBl2FxLCp8WOYwgFSB3cRFm5w-61F-0aTWm387IgHB-GZMFhX20JbEzho8NVK1flhSUYOat_fFInLDqTMO3djGgM3zf7gMkbu8Ut7Zlm-7-ZYF292G63voBG\/s1600\/at%C3%A9%20X2500.png?resize=300%2C250&#038;ssl=1\" width=\"300\"\/><\/a><\/div>\n<\/div>\n<p><img data-recalc-dims=\"1\" decoding=\"async\" title=\"Image: https:\/\/fnmais.com\/wp-content\/uploads\/2023\/12\/postiimg-6585b38c6552b1413.jpeg\" src=\"https:\/\/i0.wp.com\/fnmais.com\/wp-content\/uploads\/2023\/12\/postiimg-6585b38c6552b1413.jpeg?ssl=1\" alt=\"\"\/><\/p>\n<p>Uma gr\u00e1vida com 7 meses de gesta\u00e7\u00e3o e o companheiro dela foram resgatados com vida e encaminhados para uma unidade de sa\u00fade na cidade de Santos Dumont (MG), mas devido a gravidade das les\u00f5es incompat\u00edveis com a vida, o casal e o feto evolu\u00edram para o \u00f3bito.<\/p>\n<p>Confira o nome das v\u00edtimas fatais:<\/p>\n<ul>\n<li>Maiara de Freitas Cunha \u2013 27 anos, gr\u00e1vida de 32 semanas<\/li>\n<li>Marcelo Concei\u00e7\u00e3o do Santos \u2013 39 anos, marido de Maiara<\/li>\n<li>Alessandra Chagas Mota \u2013 enfermeira, 38 anos<\/li>\n<li>Daniela Moraes Miranda Reis \u2013 m\u00e9dica, 30 anos<\/li>\n<li>Leonardo Luiz Neves da Silva \u2013 motorista, 28 anos<\/li>\n<\/ul>\n<p>O condutor da carreta, que se encontrava sem carga, teve ferimentos leves e foi encaminhado para atendimento m\u00e9dico. No entanto, foi liberado pouco depois. O ve\u00edculo de carga por ele conduzido exibia placas registradas em Conselheiro Lafaiete (MG).<\/p>\n<h3>Como aconteceu o acidente<\/h3>\n<p><img data-recalc-dims=\"1\" decoding=\"async\" title=\"Image: https:\/\/fnmais.com\/wp-content\/uploads\/2023\/12\/postiimg-6585b390b67ed7338.jpeg\" src=\"https:\/\/i0.wp.com\/fnmais.com\/wp-content\/uploads\/2023\/12\/postiimg-6585b390b67ed7338.jpeg?ssl=1\" alt=\"\"\/><\/p>\n<p>De acordo com informa\u00e7\u00f5es da Pol\u00edcia Rodovi\u00e1ria Federal (PEF), o condutor da ambul\u00e2ncia, deslocava-se no sentido Rio de Janeiro, quando, supostamente, perdeu o controle da dire\u00e7\u00e3o, invadindo a pista oposta. O acidente ocorreu em uma curva pr\u00f3xima \u00e0 lanchonete denominada Perobas, resultando na colis\u00e3o frontal com a carreta.<\/p>\n<p><img data-recalc-dims=\"1\" decoding=\"async\" title=\"Image: https:\/\/fnmais.com\/wp-content\/uploads\/2023\/12\/postiimg-6585b394999fa3276.jpeg\" src=\"https:\/\/i0.wp.com\/fnmais.com\/wp-content\/uploads\/2023\/12\/postiimg-6585b394999fa3276.jpeg?ssl=1\" alt=\"\"\/><\/p>\n<p>Em decorr\u00eancia da colis\u00e3o, a parte lateral da ambul\u00e2ncia foi totalmente danificada, resultando no arremesso do banco para fora do ve\u00edculo. A dianteira da carreta tamb\u00e9m apresentou deforma\u00e7\u00f5es significativas, acompanhadas pelo estilha\u00e7amento do vidro.<\/p>\n<p>Para assistir ao v\u00eddeo <a href=\"https:\/\/g1.globo.com\/mg\/zona-da-mata\/video\/ambulancia-com-pacientes-bate-com-carreta-e-3-morrem-na-br-040-em-mg-12212964.ghtml\" target=\"_blank\" rel=\"nofollow noopener\">CLIQUE AQUI!<\/a><\/p>\n<p><a href=\"https:\/\/globoplay.globo.com\/v\/12214037\/\" target=\"_blank\" rel=\"nofollow noopener\">V\u00cdDEO N\u00ba 2<\/a><\/p>\n<p>A PRF informou que o acidente ocorreu em meio a uma chuva no momento do ocorrido. As causas do acidente est\u00e3o sob investiga\u00e7\u00e3o.<\/p>\n<\/div>\n<p><br \/>\n<br \/><a href=\"https:\/\/fnmais.com\/paciente-gravida-medica-enfermeira-motorista-vitimas-fatais-acidente-com-ambulancia-sao-identificadas-videos-fotos\/\">Source link <\/a><\/p>\n<!-- CONTENT END 1 -->\n","protected":false},"excerpt":{"rendered":"<p>A rodovia BR-040, foi cen\u00e1rio de um tr\u00e1gico acidente que deixou v\u00e1rias v\u00edtimas fatais. A colis\u00e3o entre em uma ambul\u00e2ncia e uma carreta ceifou a&#8230;<\/p>\n","protected":false},"author":1,"featured_media":19470,"comment_status":"open","ping_status":"open","sticky":false,"template":"","format":"standard","meta":{"advanced_seo_description":"","jetpack_seo_html_title":"","jetpack_seo_noindex":false,"jetpack_post_was_ever_published":false,"_jetpack_newsletter_access":"","_jetpack_dont_email_post_to_subs":false,"_jetpack_newsletter_tier_id":0,"_jetpack_memberships_contains_paywalled_content":false,"_jetpack_memberships_contains_paid_content":false,"footnotes":"","jetpack_publicize_message":"","jetpack_publicize_feature_enabled":true,"jetpack_social_post_already_shared":true,"jetpack_social_options":{"image_generator_settings":{"template":"highway","default_image_id":0,"font":"","enabled":false},"version":2}},"categories":[1],"tags":[],"class_list":["post-19469","post","type-post","status-publish","format-standard","has-post-thumbnail","hentry","category-blog"],"jetpack_publicize_connections":[],"jetpack_featured_media_url":"https:\/\/i0.wp.com\/noticiasribeiraopreto.com.br\/wp-content\/uploads\/2023\/12\/postimg-6585b3975b9ed3806.jpg?fit=1200%2C628&ssl=1","jetpack-related-posts":[{"id":19590,"url":"https:\/\/noticiasribeiraopreto.com.br\/index.php\/2023\/12\/22\/quem-sao-as-vitimas-fatais-do-acidente-com-ambulancia\/","url_meta":{"origin":19469,"position":0},"title":"quem s\u00e3o as v\u00edtimas fatais do acidente com ambul\u00e2ncia","author":"noticiasribeiraopreto.com.br","date":"22 de December de 2023","format":false,"excerpt":"Um acidente grave deixou v\u00e1rias v\u00edtimas fatais na tarde da \u00faltima quinta-feira (21\/12). O tr\u00e1gico epis\u00f3dio ocorreu na BR-040, pr\u00f3ximo a Santos Dumont, na Zona da Mata mineira, em uma curva do km 736 da rodovia.O acidente envolveu uma carreta e uma ambul\u00e2ncia. No total, 5 pessoas faleceram na colis\u00e3o.\u2026","rel":"","context":"In &quot;Blog&quot;","block_context":{"text":"Blog","link":"https:\/\/noticiasribeiraopreto.com.br\/index.php\/category\/blog\/"},"img":{"alt_text":"","src":"https:\/\/i0.wp.com\/noticiasribeiraopreto.com.br\/wp-content\/uploads\/2023\/12\/postimg-6585f368a27225526.jpg?fit=1200%2C628&ssl=1&resize=350%2C200","width":350,"height":200,"srcset":"https:\/\/i0.wp.com\/noticiasribeiraopreto.com.br\/wp-content\/uploads\/2023\/12\/postimg-6585f368a27225526.jpg?fit=1200%2C628&ssl=1&resize=350%2C200 1x, https:\/\/i0.wp.com\/noticiasribeiraopreto.com.br\/wp-content\/uploads\/2023\/12\/postimg-6585f368a27225526.jpg?fit=1200%2C628&ssl=1&resize=525%2C300 1.5x, https:\/\/i0.wp.com\/noticiasribeiraopreto.com.br\/wp-content\/uploads\/2023\/12\/postimg-6585f368a27225526.jpg?fit=1200%2C628&ssl=1&resize=700%2C400 2x, https:\/\/i0.wp.com\/noticiasribeiraopreto.com.br\/wp-content\/uploads\/2023\/12\/postimg-6585f368a27225526.jpg?fit=1200%2C628&ssl=1&resize=1050%2C600 3x"},"classes":[]},{"id":19459,"url":"https:\/\/noticiasribeiraopreto.com.br\/index.php\/2023\/12\/22\/equipe-medica-gravida-e-marido-sofrem-acidente-e-ambulancia-fica-destruida-eles-nao-resistiram-na-br-040-video\/","url_meta":{"origin":19469,"position":1},"title":"Equipe m\u00e9dica, gr\u00e1vida e marido sofrem acidente e ambul\u00e2ncia fica destru\u00edda; eles n\u00e3o resistiram na BR-040; v\u00eddeo","author":"noticiasribeiraopreto.com.br","date":"22 de December de 2023","format":false,"excerpt":"Nesta \u00faltima quinta-feira, dia 21 de dezembro, na BR-040, pr\u00f3ximo a Santos Dumont, em Minas Gerais, cinco v\u00edtimas naturais de Juiz de Fora perderam suas vidas.O incidente ocorreu ap\u00f3s uma ambul\u00e2ncia e uma carreta colidirem. A situa\u00e7\u00e3o gerou a morte de uma m\u00e9dica, uma enfermeira, o motorista, uma gr\u00e1vida de\u2026","rel":"","context":"In &quot;Blog&quot;","block_context":{"text":"Blog","link":"https:\/\/noticiasribeiraopreto.com.br\/index.php\/category\/blog\/"},"img":{"alt_text":"","src":"https:\/\/i0.wp.com\/noticiasribeiraopreto.com.br\/wp-content\/uploads\/2023\/12\/postimg-6585b3ccbad3f1854.jpg?fit=1200%2C628&ssl=1&resize=350%2C200","width":350,"height":200,"srcset":"https:\/\/i0.wp.com\/noticiasribeiraopreto.com.br\/wp-content\/uploads\/2023\/12\/postimg-6585b3ccbad3f1854.jpg?fit=1200%2C628&ssl=1&resize=350%2C200 1x, https:\/\/i0.wp.com\/noticiasribeiraopreto.com.br\/wp-content\/uploads\/2023\/12\/postimg-6585b3ccbad3f1854.jpg?fit=1200%2C628&ssl=1&resize=525%2C300 1.5x, https:\/\/i0.wp.com\/noticiasribeiraopreto.com.br\/wp-content\/uploads\/2023\/12\/postimg-6585b3ccbad3f1854.jpg?fit=1200%2C628&ssl=1&resize=700%2C400 2x, https:\/\/i0.wp.com\/noticiasribeiraopreto.com.br\/wp-content\/uploads\/2023\/12\/postimg-6585b3ccbad3f1854.jpg?fit=1200%2C628&ssl=1&resize=1050%2C600 3x"},"classes":[]},{"id":16311,"url":"https:\/\/noticiasribeiraopreto.com.br\/index.php\/2023\/12\/15\/acidente-entre-ambulancia-e-carro-de-familia-deixa-vitimas-no-pr-medica-correu-para-ajudar-ao-escutar-barulho\/","url_meta":{"origin":19469,"position":2},"title":"Acidente entre ambul\u00e2ncia e carro de fam\u00edlia deixa v\u00edtimas no PR; m\u00e9dica correu para ajudar ao escutar barulho","author":"noticiasribeiraopreto.com.br","date":"15 de December de 2023","format":false,"excerpt":"Um acidente envolvendo uma ambul\u00e2ncia do SAMU (Servi\u00e7o de Atendimento M\u00f3vel de Urg\u00eancia) e um carro de passeio deixou v\u00edtimas feridas na noite desta quinta-feira, dia 14 de dezembro. O caso aconteceu na localidade de Bairro Verde, em Curitiba, no Paran\u00e1.Uma m\u00e3e, sua filha e sua neta, que estavam dentro\u2026","rel":"","context":"In &quot;Blog&quot;","block_context":{"text":"Blog","link":"https:\/\/noticiasribeiraopreto.com.br\/index.php\/category\/blog\/"},"img":{"alt_text":"","src":"https:\/\/i0.wp.com\/noticiasribeiraopreto.com.br\/wp-content\/uploads\/2023\/12\/postimg-657c61c523d177811.jpg?fit=1200%2C628&ssl=1&resize=350%2C200","width":350,"height":200,"srcset":"https:\/\/i0.wp.com\/noticiasribeiraopreto.com.br\/wp-content\/uploads\/2023\/12\/postimg-657c61c523d177811.jpg?fit=1200%2C628&ssl=1&resize=350%2C200 1x, https:\/\/i0.wp.com\/noticiasribeiraopreto.com.br\/wp-content\/uploads\/2023\/12\/postimg-657c61c523d177811.jpg?fit=1200%2C628&ssl=1&resize=525%2C300 1.5x, https:\/\/i0.wp.com\/noticiasribeiraopreto.com.br\/wp-content\/uploads\/2023\/12\/postimg-657c61c523d177811.jpg?fit=1200%2C628&ssl=1&resize=700%2C400 2x, https:\/\/i0.wp.com\/noticiasribeiraopreto.com.br\/wp-content\/uploads\/2023\/12\/postimg-657c61c523d177811.jpg?fit=1200%2C628&ssl=1&resize=1050%2C600 3x"},"classes":[]},{"id":4236,"url":"https:\/\/noticiasribeiraopreto.com.br\/index.php\/2023\/11\/21\/sc-acidente-em-cidade-catarinense-deixa-vitima-fatal-e-feridos\/","url_meta":{"origin":19469,"position":3},"title":"SC: Acidente em cidade catarinense deixa v\u00edtima fatal e feridos","author":"noticiasribeiraopreto.com.br","date":"21 de November de 2023","format":false,"excerpt":"Nesta segunda-feira (20), um grave acidente deixou uma v\u00edtima fatal e feridos em uma cidade localizada no interior do estado de Santa Catarina.Uma mulher perdeu avida em uma colis\u00e3o que aconteceu na cidade de Ilhota, que fica no Vale do Itaja\u00ed.De acordo com os socorristas do Corpo de Bombeiros Volunt\u00e1rios\u2026","rel":"","context":"In &quot;Blog&quot;","block_context":{"text":"Blog","link":"https:\/\/noticiasribeiraopreto.com.br\/index.php\/category\/blog\/"},"img":{"alt_text":"","src":"https:\/\/i0.wp.com\/noticiasribeiraopreto.com.br\/wp-content\/uploads\/2023\/11\/postimg-655c5dd7a030a9296.jpg?fit=1200%2C628&ssl=1&resize=350%2C200","width":350,"height":200,"srcset":"https:\/\/i0.wp.com\/noticiasribeiraopreto.com.br\/wp-content\/uploads\/2023\/11\/postimg-655c5dd7a030a9296.jpg?fit=1200%2C628&ssl=1&resize=350%2C200 1x, https:\/\/i0.wp.com\/noticiasribeiraopreto.com.br\/wp-content\/uploads\/2023\/11\/postimg-655c5dd7a030a9296.jpg?fit=1200%2C628&ssl=1&resize=525%2C300 1.5x, https:\/\/i0.wp.com\/noticiasribeiraopreto.com.br\/wp-content\/uploads\/2023\/11\/postimg-655c5dd7a030a9296.jpg?fit=1200%2C628&ssl=1&resize=700%2C400 2x, https:\/\/i0.wp.com\/noticiasribeiraopreto.com.br\/wp-content\/uploads\/2023\/11\/postimg-655c5dd7a030a9296.jpg?fit=1200%2C628&ssl=1&resize=1050%2C600 3x"},"classes":[]},{"id":25523,"url":"https:\/\/noticiasribeiraopreto.com.br\/index.php\/2024\/01\/07\/quem-sao-as-vitimas-fatais-do-grave-acidente-na-br-282-que-deixou-varios-feridos-entre-eles-uma-crianca-em-estado-grave\/","url_meta":{"origin":19469,"position":4},"title":"Quem s\u00e3o as v\u00edtimas fatais do grave acidente na BR-282, que deixou v\u00e1rios feridos, entre eles uma crian\u00e7a em estado grave","author":"noticiasribeiraopreto.com.br","date":"7 de January de 2024","format":false,"excerpt":"Na manh\u00e3 deste \u00faltimo s\u00e1bado (6), um s\u00e9rio acidente de tr\u00e2nsito ocorreu na rodovia BR-282, na altura do munic\u00edpio de Xanxer\u00ea, localizado na regi\u00e3o Oeste de Santa Catarina, resultando em duas v\u00edtimas fatais e sete feridos.Os socorristas do Corpo de Bombeiros, respons\u00e1veis pelo atendimento da ocorr\u00eancia informaram que a colis\u00e3o\u2026","rel":"","context":"In &quot;Blog&quot;","block_context":{"text":"Blog","link":"https:\/\/noticiasribeiraopreto.com.br\/index.php\/category\/blog\/"},"img":{"alt_text":"","src":"https:\/\/i0.wp.com\/noticiasribeiraopreto.com.br\/wp-content\/uploads\/2024\/01\/postimg-659ae460a29672334.jpg?fit=1200%2C628&ssl=1&resize=350%2C200","width":350,"height":200,"srcset":"https:\/\/i0.wp.com\/noticiasribeiraopreto.com.br\/wp-content\/uploads\/2024\/01\/postimg-659ae460a29672334.jpg?fit=1200%2C628&ssl=1&resize=350%2C200 1x, https:\/\/i0.wp.com\/noticiasribeiraopreto.com.br\/wp-content\/uploads\/2024\/01\/postimg-659ae460a29672334.jpg?fit=1200%2C628&ssl=1&resize=525%2C300 1.5x, https:\/\/i0.wp.com\/noticiasribeiraopreto.com.br\/wp-content\/uploads\/2024\/01\/postimg-659ae460a29672334.jpg?fit=1200%2C628&ssl=1&resize=700%2C400 2x, https:\/\/i0.wp.com\/noticiasribeiraopreto.com.br\/wp-content\/uploads\/2024\/01\/postimg-659ae460a29672334.jpg?fit=1200%2C628&ssl=1&resize=1050%2C600 3x"},"classes":[]},{"id":84938,"url":"https:\/\/noticiasribeiraopreto.com.br\/index.php\/2026\/04\/18\/acidente-entre-carro-e-ambulancia-deixa-sete-feridos-em-rodovia-no-interior-de-sao-paulo\/","url_meta":{"origin":19469,"position":5},"title":"Acidente entre carro e ambul\u00e2ncia deixa sete feridos em rodovia no interior de S\u00e3o Paulo","author":"noticiasribeiraopreto.com.br","date":"18 de April de 2026","format":false,"excerpt":"Ler o resumo da not\u00edcia Na madrugada de s\u00e1bado (18), na rodovia Engenheiro Ronan Rocha (SP\u2011345), km\u202f26, em Franca (SP), um Corsa colidiu na traseira de uma ambul\u00e2ncia da Arteris Via Paulista que atendia um carro tombado. O carro que havia sa\u00eddo da pista transportava cinco ocupantes que retornavam de\u2026","rel":"","context":"In &quot;Not\u00edcias de Ribeir\u00e3o Preto-SP e Regi\u00e3o&quot;","block_context":{"text":"Not\u00edcias de Ribeir\u00e3o Preto-SP e Regi\u00e3o","link":"https:\/\/noticiasribeiraopreto.com.br\/index.php\/category\/noticias-de-ribeirao-preto-sp-e-regiao-ismael-colosi\/"},"img":{"alt_text":"","src":"https:\/\/i0.wp.com\/noticiasribeiraopreto.com.br\/wp-content\/uploads\/2026\/04\/domingo-1_2026-04-18_13-31-02.webp.webp?fit=1200%2C675&ssl=1&resize=350%2C200","width":350,"height":200,"srcset":"https:\/\/i0.wp.com\/noticiasribeiraopreto.com.br\/wp-content\/uploads\/2026\/04\/domingo-1_2026-04-18_13-31-02.webp.webp?fit=1200%2C675&ssl=1&resize=350%2C200 1x, https:\/\/i0.wp.com\/noticiasribeiraopreto.com.br\/wp-content\/uploads\/2026\/04\/domingo-1_2026-04-18_13-31-02.webp.webp?fit=1200%2C675&ssl=1&resize=525%2C300 1.5x, https:\/\/i0.wp.com\/noticiasribeiraopreto.com.br\/wp-content\/uploads\/2026\/04\/domingo-1_2026-04-18_13-31-02.webp.webp?fit=1200%2C675&ssl=1&resize=700%2C400 2x, https:\/\/i0.wp.com\/noticiasribeiraopreto.com.br\/wp-content\/uploads\/2026\/04\/domingo-1_2026-04-18_13-31-02.webp.webp?fit=1200%2C675&ssl=1&resize=1050%2C600 3x"},"classes":[]}],"jetpack_sharing_enabled":true,"jetpack_shortlink":"https:\/\/wp.me\/peQAOb-541","_links":{"self":[{"href":"https:\/\/noticiasribeiraopreto.com.br\/index.php\/wp-json\/wp\/v2\/posts\/19469","targetHints":{"allow":["GET"]}}],"collection":[{"href":"https:\/\/noticiasribeiraopreto.com.br\/index.php\/wp-json\/wp\/v2\/posts"}],"about":[{"href":"https:\/\/noticiasribeiraopreto.com.br\/index.php\/wp-json\/wp\/v2\/types\/post"}],"author":[{"embeddable":true,"href":"https:\/\/noticiasribeiraopreto.com.br\/index.php\/wp-json\/wp\/v2\/users\/1"}],"replies":[{"embeddable":true,"href":"https:\/\/noticiasribeiraopreto.com.br\/index.php\/wp-json\/wp\/v2\/comments?post=19469"}],"version-history":[{"count":0,"href":"https:\/\/noticiasribeiraopreto.com.br\/index.php\/wp-json\/wp\/v2\/posts\/19469\/revisions"}],"wp:featuredmedia":[{"embeddable":true,"href":"https:\/\/noticiasribeiraopreto.com.br\/index.php\/wp-json\/wp\/v2\/media\/19470"}],"wp:attachment":[{"href":"https:\/\/noticiasribeiraopreto.com.br\/index.php\/wp-json\/wp\/v2\/media?parent=19469"}],"wp:term":[{"taxonomy":"category","embeddable":true,"href":"https:\/\/noticiasribeiraopreto.com.br\/index.php\/wp-json\/wp\/v2\/categories?post=19469"},{"taxonomy":"post_tag","embeddable":true,"href":"https:\/\/noticiasribeiraopreto.com.br\/index.php\/wp-json\/wp\/v2\/tags?post=19469"}],"curies":[{"name":"wp","href":"https:\/\/api.w.org\/{rel}","templated":true}]}}