{"id":19478,"date":"2023-12-22T14:05:07","date_gmt":"2023-12-22T17:05:07","guid":{"rendered":"https:\/\/noticiasribeiraopreto.com.br\/index.php\/2023\/12\/22\/petrobras-analisa-proposta-do-mubadala-capital-para-parceria-em-refino-e-biorrefino-na-bahia-destaque-para-parceria-estrategica\/"},"modified":"2023-12-22T14:05:07","modified_gmt":"2023-12-22T17:05:07","slug":"petrobras-analisa-proposta-do-mubadala-capital-para-parceria-em-refino-e-biorrefino-na-bahia-destaque-para-parceria-estrategica","status":"publish","type":"post","link":"https:\/\/noticiasribeiraopreto.com.br\/index.php\/2023\/12\/22\/petrobras-analisa-proposta-do-mubadala-capital-para-parceria-em-refino-e-biorrefino-na-bahia-destaque-para-parceria-estrategica\/","title":{"rendered":"Petrobras analisa proposta do Mubadala Capital para parceria em refino e biorrefino na Bahia &#8211; Destaque para Parceria Estrat\u00e9gica."},"content":{"rendered":"<div class='code-block code-block-1' style='margin: 8px 0 8px auto; text-align: right; display: block; clear: both;'>\n<p><a href=\"https:\/\/wa.link\/vpicfd\"><img data-recalc-dims=\"1\" class=\"wp-image-4922\" style=\"aspect-ratio: 2.0253164556962027; width: 561px; height: auto;\" src=\"https:\/\/i0.wp.com\/ismaelcolosi.com.br\/wp-content\/uploads\/2023\/11\/grupo-de-empregos-whatsapp-e-facebook-ismael-colosi-vagas.jpg?ssl=1\" alt=\"\" \/><\/a><\/p>\n<!-- \/wp:image -->\n<\/div>\n<p> <br \/>\n<\/p>\n<div>\n<figure><picture><source srcset=\"https:\/\/clickpetroleoegas.com.br\/wp-content\/uploads\/2023\/12\/petrobras-analisa-proposta-do-mubadala-capital-para-parceria-em-refino-e-biorrefino-na-bahia-destaque-para-parceria-estrategica-830x450.jpg.webp\" type=\"image\/webp\"><img data-recalc-dims=\"1\" loading=\"lazy\" width=\"830\" height=\"450\" src=\"https:\/\/i0.wp.com\/clickpetroleoegas.com.br\/wp-content\/uploads\/2023\/12\/petrobras-analisa-proposta-do-mubadala-capital-para-parceria-em-refino-e-biorrefino-na-bahia-destaque-para-parceria-estrategica-830x450.jpg?resize=830%2C450&#038;ssl=1\" class=\"fdnw-post-thumbnail fdnw-first-card-thumbnail wp-post-image\" alt=\"sociedade, alian\u00e7a, colabora\u00e7\u00e3o\" decoding=\"async\" data-eio=\"p\"\/><\/source><\/picture><figcaption class=\"fdnw-image-caption\">Amostra Diesel Foto: Divulga\u00e7\u00e3o Petrobras \u2013 Todos os direitos: Petrobr\u00e1s<\/figcaption><\/figure>\n<h2 class=\"wp-block-heading\" id=\"h--2023-comunicacao-formalizacao-de-potencial-parceria-estrategica-viabilidade-tecnica-oleodutos-producao-de-diesel-renovavel-querosene-de-aviacao-sustentavel\">\u00a9 2023: comunica\u00e7\u00e3o, formaliza\u00e7\u00e3o de potencial parceria estrat\u00e9gica, viabilidade t\u00e9cnica, oleodutos, produ\u00e7\u00e3o de diesel renov\u00e1vel, querosene de avia\u00e7\u00e3o sustent\u00e1vel.<\/h2>\n<p>A Petrobras recebeu uma comunica\u00e7\u00e3o da Mubadala Capital propondo a formaliza\u00e7\u00e3o de discuss\u00f5es recentes sobre a forma\u00e7\u00e3o de potencial <strong>parceria<\/strong> estrat\u00e9gica para o desenvolvimento do downstream no Brasil. Essa iniciativa surge em continuidade ao memorando de entendimentos divulgado em 4 de setembro de 2023. O escopo da <strong>parceria<\/strong> abrange neg\u00f3cios voltados ao refino tradicional e o desenvolvimento de uma biorrefinaria, ambos localizados no <a href=\"https:\/\/clickpetroleoegas.com.br\/category\/petroleo-oleo-e-gas\/\">Estado da Bahia.<\/a><\/p>\n<p>O objetivo da futura <strong>parceria<\/strong> \u00e9 fortalecer o ambiente de neg\u00f3cios no setor e o incremento do fornecimento de combust\u00edveis de matriz renov\u00e1vel no Brasil. O modelo de neg\u00f3cio a ser analisado levar\u00e1 em considera\u00e7\u00e3o investimentos futuros e desenvolvimento de novas tecnologias em conjunto com a Mubadala Capital, em um cen\u00e1rio de <strong>colabora\u00e7\u00e3o<\/strong> para o crescimento e inova\u00e7\u00e3o no setor.<\/p>\n<p> <span class=\"fdnw-card-article-related\"> <span class=\"h4 fdnw-card-article-related-title\">Artigos recomendados<\/span> <\/span> <\/p>\n<h2 class=\"wp-block-heading\" id=\"h-parceria-em-potencial-entre-mubadala-capital-e-petrobras\">Parceria em potencial entre Mubadala Capital e Petrobras<\/h2>\n<p>A Mubadala Capital, em sociedade com a Acelen, que controla a Refinaria de Mataripe (\u2018RefMat\u2019) e a Acelen Energia Renov\u00e1vel S.A. (\u2018Biorrefinaria\u2019), indica em sua correspond\u00eancia os <a href=\"https:\/\/pt.wikipedia.org\/wiki\/Reino_de_It%C3%A1lia_(1861%E2%80%931946)\" target=\"_blank\" rel=\"noopener nofollow\" class=\"external\">principais termos e condi\u00e7\u00f5es<\/a> da eventual parceria. A Petrobras avaliar\u00e1 a aquisi\u00e7\u00e3o de participa\u00e7\u00e3o acion\u00e1ria nestes ativos.<\/p>\n<p>A proposta ainda ser\u00e1 objeto de discuss\u00f5es recentes e avalia\u00e7\u00e3o interna pela Petrobras. A companhia tamb\u00e9m esclarece que eventuais decis\u00f5es de investimentos dever\u00e3o, dentro da governan\u00e7a estabelecida na Petrobras, passar por processos de formaliza\u00e7\u00e3o e <a href=\"https:\/\/clickpetroleoegas.com.br\/com-aprovacao-da-anp-para-entrega-de-combustiveis-via-delivery-aumento-nos-riscos-de-fraude-e-acidentes-sao-previstos-por-analistas\/\" target=\"_blank\" rel=\"noopener\">aprova\u00e7\u00e3o previstos<\/a>, tendo sua viabilidade t\u00e9cnica e econ\u00f4mica demonstrada e em linha com seu <a href=\"https:\/\/clickpetroleoegas.com.br\/novo-plano-estrategico-da-petrobras-4-respostas-sobre-dividendos\/\" target=\"_blank\" rel=\"noopener\">Plano Estrat\u00e9gico<\/a> 2024-2028+.<\/p>\n<p>Fatos julgados relevantes ser\u00e3o tempestivamente divulgados ao mercado.<\/p>\n<h2 class=\"wp-block-heading\" id=\"h-sobre-a-refmat\">Sobre a RefMat<\/h2>\n<p>A Refinaria de Mataripe, situada em S\u00e3o Francisco do Conde no estado da Bahia, possui <a href=\"https:\/\/clickpetroleoegas.com.br\/setor-de-etanol-e-cana-de-acucar-do-brasil-pode-ganhar-nova-usina-aumentando-capacidade-de-processamento\/\" target=\"_blank\" rel=\"noopener\">capacidade de processamento<\/a> de 333 mil barris\/dia, e seus ativos incluem quatro terminais de armazenamento e um conjunto de <a href=\"https:\/\/clickpetroleoegas.com.br\/equador-que-produz-cerca-de-490000-barris-de-petroleo-bruto-por-dia-declara-forca-maior-e-suspende-bombeamento-em-oleodutos-por-risco-de-rompimento-em-rio-na-amazonia\/\" target=\"_blank\" rel=\"noopener\">oleodutos<\/a> que interligam a refinaria e os terminais totalizando 669 km de extens\u00e3o.<\/p>\n<h2 class=\"wp-block-heading\" id=\"h-sobre-a-biorrefinaria\">Sobre a Biorrefinaria<\/h2>\n<p>O projeto de biorrefino integrado contempla plantas de <a href=\"https:\/\/clickpetroleoegas.com.br\/investimentos-em-biocombustiveis-petrobras-avanca-na-producao-de-diesel-renovavel-na-refinaria-repar\/\" target=\"_blank\" rel=\"noopener\">produ\u00e7\u00e3o de diesel renov\u00e1vel<\/a> e querosene de avia\u00e7\u00e3o sustent\u00e1vel a partir de \u00f3leo vegetal oriundo de culturas nativas, com opera\u00e7\u00e3o nos estados da Bahia e Minas Gerais.<\/p>\n<p>Fonte: <b>Ag\u00eancia Petrobr\u00e1s<\/b><\/p>\n<div class=\"code-block code-block-10\" style=\"margin: 8px auto; text-align: center; display: block; clear: both;\">\n<hr class=\"wp-block-separator has-alpha-channel-opacity is-style-wide\"\/>\n<p>Voc\u00ea quer receber apenas not\u00edcias e vagas de emprego do seu interesse? A solu\u00e7\u00e3o chegou atrav\u00e9s do app <a href=\"https:\/\/play.google.com\/store\/apps\/details?id=com.clickpetroleoapp&amp;hl=pt&amp;gl=US\" class=\"external\" rel=\"nofollow noopener\" target=\"_blank\"><strong>CPG VAGAS E NOT\u00cdCIAS!<\/strong><\/a> Se voc\u00ea \u00e9 pintor, vai receber no seu celular apenas oportunidades neste cargo. E ser\u00e1 assim com pedreiro, t\u00e9cnico, engenheiro e etc\u2026.. N\u00e3o perca nada do que acontece no mercado de trabalho e econ\u00f4mico do Brasil, baixe agora o app <a href=\"https:\/\/play.google.com\/store\/apps\/details?id=com.clickpetroleoapp&amp;hl=pt&amp;gl=US\" class=\"external\" rel=\"nofollow noopener\" target=\"_blank\">CPG VAGAS E NOT\u00cdCIAS, dispon\u00edvel para Android e IOS!<\/a><\/p>\n<figure class=\"wp-block-image aligncenter size-full\"><a href=\"https:\/\/play.google.com\/store\/apps\/details?id=com.clickpetroleoapp&amp;hl=pt&amp;gl=US\" target=\"_blank\" rel=\"noreferrer noopener nofollow\" class=\"external\"><img data-recalc-dims=\"1\" decoding=\"async\" width=\"1280\" height=\"387\" alt=\"APP CPG VAGAS E NOT\u00cdCIAS\" class=\"wp-image-105306 ewww_webp_lazy_load lazy\" src=\"https:\/\/i0.wp.com\/clickpetroleoegas.com.br\/wp-content\/uploads\/2023\/09\/Aplicativo-de-vagas-de-empregos-e-noticias-da-sua-regiao.jpg.webp?resize=1280%2C387&#038;ssl=1\" loading=\"lazy\"\/><noscript><img data-recalc-dims=\"1\" loading=\"lazy\" decoding=\"async\" width=\"1280\" height=\"387\" alt=\"APP CPG VAGAS E NOT\u00cdCIAS\" class=\"wp-image-105306 ewww_webp_lazy_load\" src=\"https:\/\/i0.wp.com\/clickpetroleoegas.com.br\/wp-content\/uploads\/2023\/09\/Aplicativo-de-vagas-de-empregos-e-noticias-da-sua-regiao.jpg.webp?resize=1280%2C387&#038;ssl=1\"\/><\/noscript><noscript><img data-recalc-dims=\"1\" loading=\"lazy\" decoding=\"async\" width=\"1280\" height=\"387\" src=\"https:\/\/i0.wp.com\/clickpetroleoegas.com.br\/wp-content\/uploads\/2023\/09\/Aplicativo-de-vagas-de-empregos-e-noticias-da-sua-regiao.jpg?resize=1280%2C387&#038;ssl=1\" alt=\"APP CPG VAGAS E NOT\u00cdCIAS\" class=\"wp-image-105306\"\/><\/noscript><\/a><\/figure>\n<\/p><\/div>\n<\/p><\/div>\n<p><script type=\"text\/plain\" data-service=\"facebook\" data-category=\"marketing\">\n!function(f,b,e,v,n,t,s)\n{if(f.fbq)return;n=f.fbq=function(){n.callMethod?\nn.callMethod.apply(n,arguments):n.queue.push(arguments)};\nif(!f._fbq)f._fbq=n;n.push=n;n.loaded=!0;n.version='2.0';\nn.queue=[];t=b.createElement(e);t.async=!0;\nt.src=v;s=b.getElementsByTagName(e)[0];\ns.parentNode.insertBefore(t,s)}(window, document,'script',\n'https:\/\/connect.facebook.net\/en_US\/fbevents.js');\nfbq('init', '5536651029690406');\nfbq('track', 'PageView');\n<\/script><script type=\"text\/plain\" data-service=\"facebook\" data-category=\"marketing\" async defer crossorigin=\"anonymous\" data-rocket-data-cmplz-src=\"https:\/\/connect.facebook.net\/en_US\/sdk.js#xfbml=1&#038;version=v12.0&amp;appId=1127332727839552&#038;autoLogAppEvents=1\">\n<\/script><br \/>\n<br \/><br \/>\n<br \/><a href=\"https:\/\/ismaelcolosi.com.br\/petrobras-analisa-proposta-do-mubadala-capital-para-parceria-em-refino-e-biorrefino-na-bahia-destaque-para-parceria-estrategica\/\">Source link <\/a><\/p>\n<!-- CONTENT END 1 -->\n","protected":false},"excerpt":{"rendered":"<p>Amostra Diesel Foto: Divulga\u00e7\u00e3o Petrobras \u2013 Todos os direitos: Petrobr\u00e1s \u00a9 2023: comunica\u00e7\u00e3o, formaliza\u00e7\u00e3o de potencial parceria estrat\u00e9gica, viabilidade t\u00e9cnica, oleodutos, produ\u00e7\u00e3o de diesel renov\u00e1vel,&#8230;<\/p>\n","protected":false},"author":1,"featured_media":19479,"comment_status":"open","ping_status":"open","sticky":false,"template":"","format":"standard","meta":{"advanced_seo_description":"","jetpack_seo_html_title":"","jetpack_seo_noindex":false,"jetpack_post_was_ever_published":false,"_jetpack_newsletter_access":"","_jetpack_dont_email_post_to_subs":false,"_jetpack_newsletter_tier_id":0,"_jetpack_memberships_contains_paywalled_content":false,"_jetpack_memberships_contains_paid_content":false,"footnotes":"","jetpack_publicize_message":"","jetpack_publicize_feature_enabled":true,"jetpack_social_post_already_shared":true,"jetpack_social_options":{"image_generator_settings":{"template":"highway","default_image_id":0,"font":"","enabled":false},"version":2}},"categories":[7],"tags":[],"class_list":["post-19478","post","type-post","status-publish","format-standard","has-post-thumbnail","hentry","category-vagas-de-empregos-em-ribeirao-preto-regiao-brasil"],"jetpack_publicize_connections":[],"jetpack_featured_media_url":"https:\/\/i0.wp.com\/noticiasribeiraopreto.com.br\/wp-content\/uploads\/2023\/12\/petrobras-analisa-proposta-do-mubadala-capital-para-parceria-em-refino-e-biorrefino-na-bahia-destaque-para-parceria-estrategica-830x450.jpg?fit=830%2C450&ssl=1","jetpack-related-posts":[{"id":19471,"url":"https:\/\/noticiasribeiraopreto.com.br\/index.php\/2023\/12\/22\/petrobras-avaliara-proposta-do-mubadala-capital-para-parceria-em-refino-e-biorrefino-na-bahia-decisoes-de-investimento-futuro-e-parcerias-estrategicas\/","url_meta":{"origin":19478,"position":0},"title":"Petrobras avaliar\u00e1 proposta do Mubadala Capital para parceria em refino e biorrefino na Bahia &#8211; decis\u00f5es de investimento futuro e parcerias estrat\u00e9gicas.","author":"noticiasribeiraopreto.com.br","date":"22 de December de 2023","format":false,"excerpt":"Amostra Diesel Foto: Divulga\u00e7\u00e3o Petrobras \u2013 Todos os direitos: Petrobr\u00e1s 2023: escopo neg\u00f3cios, matriz renov\u00e1vel, novas tecnologias, participa\u00e7\u00e3o acion\u00e1ria, governan\u00e7a, viabilidade t\u00e9cnica, Plano Estrat\u00e9gico 2024-2028, processamento, terminais de armazenamento, \u00f3leo vegetal. A Petrobras anunciou o recebimento de uma proposta da Mubadala Capital para oficializar conversas recentes sobre a forma\u00e7\u00e3o de\u2026","rel":"","context":"In &quot;Vagas de Emprego em Ribeir\u00e3o Preto-SP&quot;","block_context":{"text":"Vagas de Emprego em Ribeir\u00e3o Preto-SP","link":"https:\/\/noticiasribeiraopreto.com.br\/index.php\/category\/empregos-classificados-vagas-trabalho\/vagas-de-empregos-em-ribeirao-preto-regiao-brasil\/"},"img":{"alt_text":"","src":"https:\/\/i0.wp.com\/noticiasribeiraopreto.com.br\/wp-content\/uploads\/2023\/12\/petrobras-avaliara-proposta-do-mubadala-capital-para-parceria-em-refino-e-biorrefino-na-bahia-decisoes-de-investimento-futuro-e-parcerias-estrategicas-830x450.jpg?fit=830%2C450&ssl=1&resize=350%2C200","width":350,"height":200,"srcset":"https:\/\/i0.wp.com\/noticiasribeiraopreto.com.br\/wp-content\/uploads\/2023\/12\/petrobras-avaliara-proposta-do-mubadala-capital-para-parceria-em-refino-e-biorrefino-na-bahia-decisoes-de-investimento-futuro-e-parcerias-estrategicas-830x450.jpg?fit=830%2C450&ssl=1&resize=350%2C200 1x, https:\/\/i0.wp.com\/noticiasribeiraopreto.com.br\/wp-content\/uploads\/2023\/12\/petrobras-avaliara-proposta-do-mubadala-capital-para-parceria-em-refino-e-biorrefino-na-bahia-decisoes-de-investimento-futuro-e-parcerias-estrategicas-830x450.jpg?fit=830%2C450&ssl=1&resize=525%2C300 1.5x, https:\/\/i0.wp.com\/noticiasribeiraopreto.com.br\/wp-content\/uploads\/2023\/12\/petrobras-avaliara-proposta-do-mubadala-capital-para-parceria-em-refino-e-biorrefino-na-bahia-decisoes-de-investimento-futuro-e-parcerias-estrategicas-830x450.jpg?fit=830%2C450&ssl=1&resize=700%2C400 2x"},"classes":[]},{"id":21597,"url":"https:\/\/noticiasribeiraopreto.com.br\/index.php\/2023\/12\/28\/petrobras-expande-atuacao-em-blocos-exploratorios-em-sao-tome-e-principe\/","url_meta":{"origin":19478,"position":1},"title":"Petrobras expande atua\u00e7\u00e3o em blocos explorat\u00f3rios em S\u00e3o Tom\u00e9 e Pr\u00edncipe.","author":"noticiasribeiraopreto.com.br","date":"28 de December de 2023","format":false,"excerpt":"Foto: None \u2013 Todos os direitos: Petrobr\u00e1s \u00a9 2023: Conselho de Administra\u00e7\u00e3o aprova participa\u00e7\u00e3o nos blocos de oferta permanente de concess\u00e3o na costa oeste da \u00c1frica, visando o segmento upstream. A Companhia Petrobras comunicou que o Conselho de Administra\u00e7\u00e3o aprovou a atua\u00e7\u00e3o da empresa em S\u00e3o Tom\u00e9 e Pr\u00edncipe, na\u2026","rel":"","context":"In &quot;Vagas de Emprego em Ribeir\u00e3o Preto-SP&quot;","block_context":{"text":"Vagas de Emprego em Ribeir\u00e3o Preto-SP","link":"https:\/\/noticiasribeiraopreto.com.br\/index.php\/category\/empregos-classificados-vagas-trabalho\/vagas-de-empregos-em-ribeirao-preto-regiao-brasil\/"},"img":{"alt_text":"","src":"https:\/\/i0.wp.com\/noticiasribeiraopreto.com.br\/wp-content\/uploads\/2023\/12\/petrobras-expande-atuacao-em-blocos-exploratorios-em-sao-tome-e-principe-830x450.jpg?fit=830%2C450&ssl=1&resize=350%2C200","width":350,"height":200,"srcset":"https:\/\/i0.wp.com\/noticiasribeiraopreto.com.br\/wp-content\/uploads\/2023\/12\/petrobras-expande-atuacao-em-blocos-exploratorios-em-sao-tome-e-principe-830x450.jpg?fit=830%2C450&ssl=1&resize=350%2C200 1x, https:\/\/i0.wp.com\/noticiasribeiraopreto.com.br\/wp-content\/uploads\/2023\/12\/petrobras-expande-atuacao-em-blocos-exploratorios-em-sao-tome-e-principe-830x450.jpg?fit=830%2C450&ssl=1&resize=525%2C300 1.5x, https:\/\/i0.wp.com\/noticiasribeiraopreto.com.br\/wp-content\/uploads\/2023\/12\/petrobras-expande-atuacao-em-blocos-exploratorios-em-sao-tome-e-principe-830x450.jpg?fit=830%2C450&ssl=1&resize=700%2C400 2x"},"classes":[]},{"id":22427,"url":"https:\/\/noticiasribeiraopreto.com.br\/index.php\/2023\/12\/29\/petrobras-otimiza-escoamento-e-processamento-de-gas-natural\/","url_meta":{"origin":19478,"position":2},"title":"Petrobras otimiza escoamento e processamento de g\u00e1s natural.","author":"noticiasribeiraopreto.com.br","date":"29 de December de 2023","format":false,"excerpt":"Petrobras otimiza escoamento e processamento de g\u00e1s natural. - Ismael Colosi Pular para o conte\u00fado Com os contratos, Petrobras cumpre com as disposi\u00e7\u00f5es da Lei do G\u00e1s, realizando o acesso \u00e0s infraestruturas. Foto: Ag\u00eancia Petrobras \u2013 Todos os direitos: Petrobr\u00e1s \u00a9 2023: Contratos, escoamento de g\u00e1s natural do campo de\u2026","rel":"","context":"In &quot;Vagas de Emprego em Ribeir\u00e3o Preto-SP&quot;","block_context":{"text":"Vagas de Emprego em Ribeir\u00e3o Preto-SP","link":"https:\/\/noticiasribeiraopreto.com.br\/index.php\/category\/empregos-classificados-vagas-trabalho\/vagas-de-empregos-em-ribeirao-preto-regiao-brasil\/"},"img":{"alt_text":"","src":"https:\/\/i0.wp.com\/noticiasribeiraopreto.com.br\/wp-content\/uploads\/2023\/12\/petrobras-otimiza-escoamento-e-processamento-de-gas-natural-830x450.jpg?fit=830%2C450&ssl=1&resize=350%2C200","width":350,"height":200,"srcset":"https:\/\/i0.wp.com\/noticiasribeiraopreto.com.br\/wp-content\/uploads\/2023\/12\/petrobras-otimiza-escoamento-e-processamento-de-gas-natural-830x450.jpg?fit=830%2C450&ssl=1&resize=350%2C200 1x, https:\/\/i0.wp.com\/noticiasribeiraopreto.com.br\/wp-content\/uploads\/2023\/12\/petrobras-otimiza-escoamento-e-processamento-de-gas-natural-830x450.jpg?fit=830%2C450&ssl=1&resize=525%2C300 1.5x, https:\/\/i0.wp.com\/noticiasribeiraopreto.com.br\/wp-content\/uploads\/2023\/12\/petrobras-otimiza-escoamento-e-processamento-de-gas-natural-830x450.jpg?fit=830%2C450&ssl=1&resize=700%2C400 2x"},"classes":[]},{"id":19968,"url":"https:\/\/noticiasribeiraopreto.com.br\/index.php\/2023\/12\/23\/maior-turbina-eolica-brasileira-parceria-entre-weg-e-statkraft-revoluciona-cenario-da-energia-sustentavel\/","url_meta":{"origin":19478,"position":3},"title":"Maior turbina e\u00f3lica brasileira: Parceria entre WEG e Statkraft revoluciona cen\u00e1rio da energia sustent\u00e1vel\u00a0","author":"noticiasribeiraopreto.com.br","date":"23 de December de 2023","format":false,"excerpt":"Foto: Reprodu\u00e7\u00e3o EPBR Energia sustent\u00e1vel em grande escala: A gigante turbina e\u00f3lica da WEG e Statkraft Segundo o site Valor Econ\u00f4mico, a WEG, renomada fabricante catarinense, e a gigante norueguesa Statkraft unem for\u00e7as para transformar o cen\u00e1rio da energia e\u00f3lica no Brasil. Juntas, est\u00e3o prestes a inaugurar a maior turbina\u2026","rel":"","context":"In &quot;Vagas de Emprego em Ribeir\u00e3o Preto-SP&quot;","block_context":{"text":"Vagas de Emprego em Ribeir\u00e3o Preto-SP","link":"https:\/\/noticiasribeiraopreto.com.br\/index.php\/category\/empregos-classificados-vagas-trabalho\/vagas-de-empregos-em-ribeirao-preto-regiao-brasil\/"},"img":{"alt_text":"","src":"https:\/\/i0.wp.com\/noticiasribeiraopreto.com.br\/wp-content\/uploads\/2023\/12\/aaaaaaaaaaaaaa-830x450.jpg?fit=830%2C450&ssl=1&resize=350%2C200","width":350,"height":200,"srcset":"https:\/\/i0.wp.com\/noticiasribeiraopreto.com.br\/wp-content\/uploads\/2023\/12\/aaaaaaaaaaaaaa-830x450.jpg?fit=830%2C450&ssl=1&resize=350%2C200 1x, https:\/\/i0.wp.com\/noticiasribeiraopreto.com.br\/wp-content\/uploads\/2023\/12\/aaaaaaaaaaaaaa-830x450.jpg?fit=830%2C450&ssl=1&resize=525%2C300 1.5x, https:\/\/i0.wp.com\/noticiasribeiraopreto.com.br\/wp-content\/uploads\/2023\/12\/aaaaaaaaaaaaaa-830x450.jpg?fit=830%2C450&ssl=1&resize=700%2C400 2x"},"classes":[]},{"id":21599,"url":"https:\/\/noticiasribeiraopreto.com.br\/index.php\/2023\/12\/28\/petrobras-avanca-na-retomada-do-continente-africano-com-aquisicao-em-3-blocos-exploratorios\/","url_meta":{"origin":19478,"position":4},"title":"Petrobras avan\u00e7a na retomada do continente africano com aquisi\u00e7\u00e3o em 3 blocos explorat\u00f3rios","author":"noticiasribeiraopreto.com.br","date":"28 de December de 2023","format":false,"excerpt":"A Petrobras (PETR3;PETR4) adquiriu participa\u00e7\u00f5es em tr\u00eas blocos explorat\u00f3rios em S\u00e3o Tom\u00e9 e Pr\u00edncipe, pa\u00eds da costa oeste da \u00c1frica, ap\u00f3s o conselho de \u2013 Todos os direitos: MoneyTimes A Petrobras adquiriu participa\u00e7\u00f5es em blocos explorat\u00f3rios em S\u00e3o Tom\u00e9 e Pr\u00edncipe, na \u00c1frica, ap\u00f3s conselho de administra\u00e7\u00e3o. A Petrobras, estatal\u2026","rel":"","context":"In &quot;Vagas de Emprego em Ribeir\u00e3o Preto-SP&quot;","block_context":{"text":"Vagas de Emprego em Ribeir\u00e3o Preto-SP","link":"https:\/\/noticiasribeiraopreto.com.br\/index.php\/category\/empregos-classificados-vagas-trabalho\/vagas-de-empregos-em-ribeirao-preto-regiao-brasil\/"},"img":{"alt_text":"","src":"https:\/\/i0.wp.com\/noticiasribeiraopreto.com.br\/wp-content\/uploads\/2023\/12\/petrobras-avanca-na-retomada-do-continente-africano-com-aquisicao-em-3-blocos-exploratorios-830x450.jpg?fit=830%2C450&ssl=1&resize=350%2C200","width":350,"height":200,"srcset":"https:\/\/i0.wp.com\/noticiasribeiraopreto.com.br\/wp-content\/uploads\/2023\/12\/petrobras-avanca-na-retomada-do-continente-africano-com-aquisicao-em-3-blocos-exploratorios-830x450.jpg?fit=830%2C450&ssl=1&resize=350%2C200 1x, https:\/\/i0.wp.com\/noticiasribeiraopreto.com.br\/wp-content\/uploads\/2023\/12\/petrobras-avanca-na-retomada-do-continente-africano-com-aquisicao-em-3-blocos-exploratorios-830x450.jpg?fit=830%2C450&ssl=1&resize=525%2C300 1.5x, https:\/\/i0.wp.com\/noticiasribeiraopreto.com.br\/wp-content\/uploads\/2023\/12\/petrobras-avanca-na-retomada-do-continente-africano-com-aquisicao-em-3-blocos-exploratorios-830x450.jpg?fit=830%2C450&ssl=1&resize=700%2C400 2x"},"classes":[]},{"id":13656,"url":"https:\/\/noticiasribeiraopreto.com.br\/index.php\/2023\/12\/10\/petrobras-e-prysmian-firmam-contrato-bilionario-e-multinacional-abre-portas-para-1-000-novas-posicoes-de-emprego-em-todo-o-mundo\/","url_meta":{"origin":19478,"position":5},"title":"PETROBRAS e PRYSMIAN firmam contrato bilion\u00e1rio e multinacional abre portas para 1.000 novas posi\u00e7\u00f5es de emprego em todo o mundo","author":"noticiasribeiraopreto.com.br","date":"10 de December de 2023","format":false,"excerpt":"Foto: reprodu\u00e7\u00e3o Brasil de Fato Segundo o site Petronot\u00edcias, a Prysmian, l\u00edder na fabrica\u00e7\u00e3o de sistemas de cabos de energia e telecomunica\u00e7\u00f5es, marca o final de 2023 com uma conquista significativa. A empresa acaba de fechar um contrato expressivo de mais de R$ 530 milh\u00f5es com a Petrobras. Este investimento\u2026","rel":"","context":"In &quot;Vagas de Emprego em Ribeir\u00e3o Preto-SP&quot;","block_context":{"text":"Vagas de Emprego em Ribeir\u00e3o Preto-SP","link":"https:\/\/noticiasribeiraopreto.com.br\/index.php\/category\/empregos-classificados-vagas-trabalho\/vagas-de-empregos-em-ribeirao-preto-regiao-brasil\/"},"img":{"alt_text":"","src":"https:\/\/i0.wp.com\/noticiasribeiraopreto.com.br\/wp-content\/uploads\/2023\/12\/Sem-titulo-4-2-830x450.jpg?fit=830%2C450&ssl=1&resize=350%2C200","width":350,"height":200,"srcset":"https:\/\/i0.wp.com\/noticiasribeiraopreto.com.br\/wp-content\/uploads\/2023\/12\/Sem-titulo-4-2-830x450.jpg?fit=830%2C450&ssl=1&resize=350%2C200 1x, https:\/\/i0.wp.com\/noticiasribeiraopreto.com.br\/wp-content\/uploads\/2023\/12\/Sem-titulo-4-2-830x450.jpg?fit=830%2C450&ssl=1&resize=525%2C300 1.5x, https:\/\/i0.wp.com\/noticiasribeiraopreto.com.br\/wp-content\/uploads\/2023\/12\/Sem-titulo-4-2-830x450.jpg?fit=830%2C450&ssl=1&resize=700%2C400 2x"},"classes":[]}],"jetpack_sharing_enabled":true,"jetpack_shortlink":"https:\/\/wp.me\/peQAOb-54a","_links":{"self":[{"href":"https:\/\/noticiasribeiraopreto.com.br\/index.php\/wp-json\/wp\/v2\/posts\/19478","targetHints":{"allow":["GET"]}}],"collection":[{"href":"https:\/\/noticiasribeiraopreto.com.br\/index.php\/wp-json\/wp\/v2\/posts"}],"about":[{"href":"https:\/\/noticiasribeiraopreto.com.br\/index.php\/wp-json\/wp\/v2\/types\/post"}],"author":[{"embeddable":true,"href":"https:\/\/noticiasribeiraopreto.com.br\/index.php\/wp-json\/wp\/v2\/users\/1"}],"replies":[{"embeddable":true,"href":"https:\/\/noticiasribeiraopreto.com.br\/index.php\/wp-json\/wp\/v2\/comments?post=19478"}],"version-history":[{"count":0,"href":"https:\/\/noticiasribeiraopreto.com.br\/index.php\/wp-json\/wp\/v2\/posts\/19478\/revisions"}],"wp:featuredmedia":[{"embeddable":true,"href":"https:\/\/noticiasribeiraopreto.com.br\/index.php\/wp-json\/wp\/v2\/media\/19479"}],"wp:attachment":[{"href":"https:\/\/noticiasribeiraopreto.com.br\/index.php\/wp-json\/wp\/v2\/media?parent=19478"}],"wp:term":[{"taxonomy":"category","embeddable":true,"href":"https:\/\/noticiasribeiraopreto.com.br\/index.php\/wp-json\/wp\/v2\/categories?post=19478"},{"taxonomy":"post_tag","embeddable":true,"href":"https:\/\/noticiasribeiraopreto.com.br\/index.php\/wp-json\/wp\/v2\/tags?post=19478"}],"curies":[{"name":"wp","href":"https:\/\/api.w.org\/{rel}","templated":true}]}}