{"id":19480,"date":"2023-12-22T14:06:35","date_gmt":"2023-12-22T17:06:35","guid":{"rendered":"https:\/\/noticiasribeiraopreto.com.br\/index.php\/2023\/12\/22\/prefeitura-vai-investir-r-7-mi-na-compra-de-hidrometros\/"},"modified":"2023-12-22T14:06:35","modified_gmt":"2023-12-22T17:06:35","slug":"prefeitura-vai-investir-r-7-mi-na-compra-de-hidrometros","status":"publish","type":"post","link":"https:\/\/noticiasribeiraopreto.com.br\/index.php\/2023\/12\/22\/prefeitura-vai-investir-r-7-mi-na-compra-de-hidrometros\/","title":{"rendered":"Prefeitura vai investir R$ 7 mi na compra de hidr\u00f4metros\u00a0"},"content":{"rendered":"<div class='code-block code-block-1' style='margin: 8px 0 8px auto; text-align: right; display: block; clear: both;'>\n<p><a href=\"https:\/\/wa.link\/vpicfd\"><img data-recalc-dims=\"1\" class=\"wp-image-4922\" style=\"aspect-ratio: 2.0253164556962027; width: 561px; height: auto;\" src=\"https:\/\/i0.wp.com\/ismaelcolosi.com.br\/wp-content\/uploads\/2023\/11\/grupo-de-empregos-whatsapp-e-facebook-ismael-colosi-vagas.jpg?ssl=1\" alt=\"\" \/><\/a><\/p>\n<!-- \/wp:image -->\n<\/div>\n<p> <br \/>\n<\/p>\n<div id=\"\">\n<h2 class=\"penci-post-subtitle\">Ser\u00e3o adquiridos 42.370 hidr\u00f4metros que ser\u00e3o instalados em resid\u00eancias com\u00e9rcios e condom\u00ednios; legisla\u00e7\u00e3o estabelece que hidr\u00f4metros com mais de cinco anos de uso devem ser substitu\u00eddos\u00a0<\/h2>\n<p> <span class=\"entry-meta-item penci-posted-on\"><i class=\"fa fa-clock-o\"\/><time class=\"entry-date published\" datetime=\"2023-12-22T14:00:33-03:00\">22 de dezembro de 2023 | 14:00<\/time><time class=\"updated\" datetime=\"2023-12-22T13:48:45-03:00\">22 de dezembro de 2023 | 13:48<\/time><\/span><\/p>\n<p> <span class=\"penci-social-buttons penci-social-share-footer\"><a href=\"#\" class=\"penci-post-like penci_post-meta_item  single-like-button penci-social-item like\" data-post_id=\"368132\" title=\"Like\" data-like=\"Like\" data-unlike=\"Unlike\"><i class=\"fa fa-thumbs-o-up\"\/><span class=\"penci-share-number\">0<\/span><\/a><i class=\"fa fa-facebook\"\/><a class=\"penci-social-item twitter\" target=\"_blank\" rel=\"noopener\" title=\"\" href=\"https:\/\/twitter.com\/intent\/tweet?text=Prefeitura%20vai%20investir%20R$%207%20mi%20na%20compra%20de%20hidr\u00f4metros\u00a0%20-%20https:\/\/www.tribunaribeirao.com.br\/site\/prefeitura-vai-investir-r-7-mi-na-compra-de-hidrometros\/\"><i class=\"fa fa-twitter\"\/><\/a><i class=\"fa fa-whatsapp\"\/><\/span><\/div>\n<div>\n<p><span data-contrast=\"auto\">A Prefeitura de Ribeir\u00e3o Preto, por meio da Secretaria Municipal de \u00c1gua e Esgoto (Saerp), abriu licita\u00e7\u00e3o para a aquisi\u00e7\u00e3o de 42.370 hidr\u00f4metros. O valor estimado da compra \u00e9 de R$ 7.044.616,00. A compra ser\u00e1 feita por Preg\u00e3o Eletr\u00f4nico a ser realizado no dia 11 de janeiro. Parte da compra ser\u00e1 destinado \u00e0s microempresas.<\/span><span data-ccp-props=\"{&quot;201341983&quot;:0,&quot;335559739&quot;:160,&quot;335559740&quot;:259}\">\u00a0<\/span><\/p>\n<p><span data-contrast=\"auto\">Os hidr\u00f4metros ser\u00e3o utilizados para substituir antigos aparelhos. A legisla\u00e7\u00e3o brasileira determina que os com mais de cinco anos de uso devem ser substitu\u00eddos.<\/span><span data-ccp-props=\"{&quot;201341983&quot;:0,&quot;335559739&quot;:160,&quot;335559740&quot;:259}\">\u00a0<\/span><\/p>\n<p><span data-contrast=\"auto\">Atualmente Ribeir\u00e3o Preto possui cerca de 210 mil liga\u00e7\u00f5es de \u00e1gua ativas. A troca dos equipamentos obedece a normas t\u00e9cnicas e portarias dos \u00f3rg\u00e3os respons\u00e1veis, como a do Instituto Nacional de Metrologia, Qualidade e Tecnologia (Inmetro). Vale lembrar que os hidr\u00f4metros, diferentemente do que a maioria das pessoas imagina, pertencem ao munic\u00edpio e somente Saerp pode comercializ\u00e1-los ou instal\u00e1-los.<\/span><span data-ccp-props=\"{&quot;201341983&quot;:0,&quot;335559739&quot;:160,&quot;335559740&quot;:259}\">\u00a0<\/span><\/p>\n<p><span data-contrast=\"auto\">Ser\u00e3o adquiridos hidr\u00f4metro tipo veloc\u00edmetro que \u00e9 utilizado para consumidores em geral, como resid\u00eancias e com\u00e9rcios e o ultrass\u00f4nico que \u00e9 utilizado para grandes consumidores, como condom\u00ednios e ind\u00fastrias, que precisam de uma maior vaz\u00e3o de \u00e1gua. O edital pode ser retirado no site www.gov.br\/compras\/pt-br ou gratuitamente na \u00edntegra somente para consulta atrav\u00e9s do site www.ribeiraopreto.sp.gov.br<\/span><span data-ccp-props=\"{&quot;201341983&quot;:0,&quot;335559739&quot;:160,&quot;335559740&quot;:259}\">\u00a0<\/span><\/p>\n<p><b><span data-contrast=\"auto\">Saneamento b\u00e1sico<\/span><\/b><span data-contrast=\"auto\"> \u2013 Em rela\u00e7\u00e3o ao Novo Marco Regulat\u00f3rio do Saneamento B\u00e1sico, Ribeir\u00e3o Preto atingiu as metas estabelecidas. Segundo a Saerp, 100% dos domic\u00edlios do munic\u00edpio s\u00e3o atendidos com abastecimento de \u00e1gua, 99.59% t\u00eam coleta e afastamento de esgoto e 100% do tratamento de todo o percentual coletados.<\/span><span data-ccp-props=\"{&quot;201341983&quot;:0,&quot;335559739&quot;:160,&quot;335559740&quot;:259}\">\u00a0<\/span><\/p>\n<p><span data-contrast=\"auto\">Segundo a Saerp, para garantir o funcionamento do sistema de saneamento b\u00e1sico que abrange toda a cidade, a secretaria tem investido na otimiza\u00e7\u00e3o do abastecimento e do esgotamento sanit\u00e1rio, sendo o seu maior projeto o Programa de Controle, Gest\u00e3o e Redu\u00e7\u00e3o de Perdas.<\/span><span data-ccp-props=\"{&quot;201341983&quot;:0,&quot;335559739&quot;:160,&quot;335559740&quot;:259}\">\u00a0<\/span><\/p>\n<p><span data-contrast=\"auto\">O programa visa a setoriza\u00e7\u00e3o do abastecimento, a constru\u00e7\u00e3o de seis novos reservat\u00f3rios, perfura\u00e7\u00e3o de quatro novos po\u00e7os e substitui\u00e7\u00e3o de redes de abastecimento. Para a implanta\u00e7\u00e3o desse programa, est\u00e3o sendo investidos mais de R$130 milh\u00f5es. Com esse projeto, o \u00edndice de perdas vem caindo ao longo dos anos, sendo que em 2021, j\u00e1 atingiu 47%.<\/span><span data-ccp-props=\"{&quot;201341983&quot;:0,&quot;335559739&quot;:160,&quot;335559740&quot;:259}\">\u00a0<\/span><\/p>\n<p>\u00a0<\/p>\n<\/div>\n<p><script async src=\"\/\/platform.twitter.com\/widgets.js\" charset=\"utf-8\"><\/script><br \/>\n<br \/><br \/>\n<br \/><a href=\"https:\/\/www.tribunaribeirao.com.br\/site\/prefeitura-vai-investir-r-7-mi-na-compra-de-hidrometros\/\">Source link <\/a><\/p>\n<!-- CONTENT END 1 -->\n","protected":false},"excerpt":{"rendered":"<p>Ser\u00e3o adquiridos 42.370 hidr\u00f4metros que ser\u00e3o instalados em resid\u00eancias com\u00e9rcios e condom\u00ednios; legisla\u00e7\u00e3o estabelece que hidr\u00f4metros com mais de cinco anos de uso devem ser&#8230;<\/p>\n","protected":false},"author":1,"featured_media":19481,"comment_status":"open","ping_status":"open","sticky":false,"template":"","format":"standard","meta":{"advanced_seo_description":"","jetpack_seo_html_title":"","jetpack_seo_noindex":false,"jetpack_post_was_ever_published":false,"_jetpack_newsletter_access":"","_jetpack_dont_email_post_to_subs":false,"_jetpack_newsletter_tier_id":0,"_jetpack_memberships_contains_paywalled_content":false,"_jetpack_memberships_contains_paid_content":false,"footnotes":"","jetpack_publicize_message":"","jetpack_publicize_feature_enabled":true,"jetpack_social_post_already_shared":true,"jetpack_social_options":{"image_generator_settings":{"template":"highway","default_image_id":0,"font":"","enabled":false},"version":2}},"categories":[11],"tags":[2547,2548,2546,244,529],"class_list":["post-19480","post","type-post","status-publish","format-standard","has-post-thumbnail","hentry","category-noticias-de-ribeirao-preto-sp-e-regiao-ismael-colosi","tag-compra","tag-hidrometros","tag-investir","tag-prefeitura","tag-vai"],"jetpack_publicize_connections":[],"jetpack_featured_media_url":"https:\/\/i0.wp.com\/noticiasribeiraopreto.com.br\/wp-content\/uploads\/2023\/12\/1-hidrometros-risk-2-scaled.jpg?fit=967%2C645&ssl=1","jetpack-related-posts":[{"id":39243,"url":"https:\/\/noticiasribeiraopreto.com.br\/index.php\/2024\/02\/24\/saerp-reabre-licitacao-de-42-mil-hidrometros\/","url_meta":{"origin":19480,"position":0},"title":"Saerp reabre licita\u00e7\u00e3o de 42 mil hidr\u00f4metros \u00a0","author":"noticiasribeiraopreto.com.br","date":"24 de February de 2024","format":false,"excerpt":"24 de fevereiro de 2024 | 9:0023 de fevereiro de 2024 | 19:13 0A Secretaria Municipal de \u00c1gua e Esgoto de Ribeir\u00e3o Preto (Saerp) reabriu a licita\u00e7\u00e3o (preg\u00e3o eletr\u00f4nico) para a compra de 42 mil hidr\u00f4metros velocim\u00e9tricos, segundo aviso publicado no Di\u00e1rio Oficial do Munic\u00edpio (DOM) de quinta-feira, 22 de\u2026","rel":"","context":"In &quot;Not\u00edcias de Ribeir\u00e3o Preto-SP e Regi\u00e3o&quot;","block_context":{"text":"Not\u00edcias de Ribeir\u00e3o Preto-SP e Regi\u00e3o","link":"https:\/\/noticiasribeiraopreto.com.br\/index.php\/category\/noticias-de-ribeirao-preto-sp-e-regiao-ismael-colosi\/"},"img":{"alt_text":"","src":"https:\/\/i0.wp.com\/noticiasribeiraopreto.com.br\/wp-content\/uploads\/2024\/02\/Hidrometro-Divulgacao.png?fit=968%2C645&ssl=1&resize=350%2C200","width":350,"height":200,"srcset":"https:\/\/i0.wp.com\/noticiasribeiraopreto.com.br\/wp-content\/uploads\/2024\/02\/Hidrometro-Divulgacao.png?fit=968%2C645&ssl=1&resize=350%2C200 1x, https:\/\/i0.wp.com\/noticiasribeiraopreto.com.br\/wp-content\/uploads\/2024\/02\/Hidrometro-Divulgacao.png?fit=968%2C645&ssl=1&resize=525%2C300 1.5x, https:\/\/i0.wp.com\/noticiasribeiraopreto.com.br\/wp-content\/uploads\/2024\/02\/Hidrometro-Divulgacao.png?fit=968%2C645&ssl=1&resize=700%2C400 2x"},"classes":[]},{"id":44143,"url":"https:\/\/noticiasribeiraopreto.com.br\/index.php\/2024\/03\/26\/segue-sem-definicao-licitacao-do-saerp\/","url_meta":{"origin":19480,"position":1},"title":"Segue sem defini\u00e7\u00e3o licita\u00e7\u00e3o do Saerp","author":"noticiasribeiraopreto.com.br","date":"26 de March de 2024","format":false,"excerpt":"26 de mar\u00e7o de 2024 | 8:3025 de mar\u00e7o de 2024 | 15:37 0 A prefeitura de Ribeir\u00e3o Preto, por meio da Secretaria Municipal de \u00c1gua e Esgoto (Saerp) reabriu a licita\u00e7\u00e3o \u2013 modalidade Preg\u00e3o Eletr\u00f4nico \u2013 para a compra de 42 mil hidr\u00f4metros velocim\u00e9tricos. Este tipo de aparelho, considerado\u2026","rel":"","context":"In &quot;Not\u00edcias de Ribeir\u00e3o Preto-SP e Regi\u00e3o&quot;","block_context":{"text":"Not\u00edcias de Ribeir\u00e3o Preto-SP e Regi\u00e3o","link":"https:\/\/noticiasribeiraopreto.com.br\/index.php\/category\/noticias-de-ribeirao-preto-sp-e-regiao-ismael-colosi\/"},"img":{"alt_text":"","src":"https:\/\/i0.wp.com\/noticiasribeiraopreto.com.br\/wp-content\/uploads\/2024\/03\/Hidrometro-Divulgacao.png?fit=968%2C645&ssl=1&resize=350%2C200","width":350,"height":200,"srcset":"https:\/\/i0.wp.com\/noticiasribeiraopreto.com.br\/wp-content\/uploads\/2024\/03\/Hidrometro-Divulgacao.png?fit=968%2C645&ssl=1&resize=350%2C200 1x, https:\/\/i0.wp.com\/noticiasribeiraopreto.com.br\/wp-content\/uploads\/2024\/03\/Hidrometro-Divulgacao.png?fit=968%2C645&ssl=1&resize=525%2C300 1.5x, https:\/\/i0.wp.com\/noticiasribeiraopreto.com.br\/wp-content\/uploads\/2024\/03\/Hidrometro-Divulgacao.png?fit=968%2C645&ssl=1&resize=700%2C400 2x"},"classes":[]},{"id":50841,"url":"https:\/\/noticiasribeiraopreto.com.br\/index.php\/2024\/05\/20\/hidrometros-sao-furtados-em-empresas-e-agua-limpa-jorra-na-via-norte-em-ribeirao-video\/","url_meta":{"origin":19480,"position":2},"title":"Hidr\u00f4metros s\u00e3o furtados em empresas e \u00e1gua limpa jorra na Via Norte em Ribeir\u00e3o; V\u00eddeo","author":"noticiasribeiraopreto.com.br","date":"20 de May de 2024","format":false,"excerpt":"Ao menos tr\u00eas empresas foram alvos de furto de hidr\u00f4metros na marginal da Via Norte, em Ribeir\u00e3o Preto. Ap\u00f3s o crime, que teria ocorrido neste domingo (19), a \u00e1gua limpa ficou jorrando dos canos. A situa\u00e7\u00e3o ainda \u00e9 essa na manh\u00e3 desta segunda-feira (20). A mesma a\u00e7\u00e3o ocorreu no domingo\u2026","rel":"","context":"In &quot;Not\u00edcias de Ribeir\u00e3o Preto-SP e Regi\u00e3o&quot;","block_context":{"text":"Not\u00edcias de Ribeir\u00e3o Preto-SP e Regi\u00e3o","link":"https:\/\/noticiasribeiraopreto.com.br\/index.php\/category\/noticias-de-ribeirao-preto-sp-e-regiao-ismael-colosi\/"},"img":{"alt_text":"","src":"https:\/\/i0.wp.com\/noticiasribeiraopreto.com.br\/wp-content\/uploads\/2024\/05\/FURTO-HIDROMETRO_2024-05-20_11-11-00_jpg_2024-05-20_11-11-00.webp.webp?fit=1200%2C745&ssl=1&resize=350%2C200","width":350,"height":200,"srcset":"https:\/\/i0.wp.com\/noticiasribeiraopreto.com.br\/wp-content\/uploads\/2024\/05\/FURTO-HIDROMETRO_2024-05-20_11-11-00_jpg_2024-05-20_11-11-00.webp.webp?fit=1200%2C745&ssl=1&resize=350%2C200 1x, https:\/\/i0.wp.com\/noticiasribeiraopreto.com.br\/wp-content\/uploads\/2024\/05\/FURTO-HIDROMETRO_2024-05-20_11-11-00_jpg_2024-05-20_11-11-00.webp.webp?fit=1200%2C745&ssl=1&resize=525%2C300 1.5x, https:\/\/i0.wp.com\/noticiasribeiraopreto.com.br\/wp-content\/uploads\/2024\/05\/FURTO-HIDROMETRO_2024-05-20_11-11-00_jpg_2024-05-20_11-11-00.webp.webp?fit=1200%2C745&ssl=1&resize=700%2C400 2x, https:\/\/i0.wp.com\/noticiasribeiraopreto.com.br\/wp-content\/uploads\/2024\/05\/FURTO-HIDROMETRO_2024-05-20_11-11-00_jpg_2024-05-20_11-11-00.webp.webp?fit=1200%2C745&ssl=1&resize=1050%2C600 3x"},"classes":[]},{"id":49656,"url":"https:\/\/noticiasribeiraopreto.com.br\/index.php\/2024\/05\/12\/furtos-de-hidrometros-deixam-agua-jorrando-em-vicinal-da-zona-norte-de-ribeirao-preto\/","url_meta":{"origin":19480,"position":3},"title":"Furtos de hidr\u00f4metros deixam \u00e1gua jorrando em vicinal da zona Norte de Ribeir\u00e3o Preto","author":"noticiasribeiraopreto.com.br","date":"12 de May de 2024","format":false,"excerpt":"Ao menos seis hidr\u00f4metros foram furtados na madrugada de domingo (12), na vicinal da avenida Eduardo Andr\u00e9a Matarazzo (Via Norte), na zona Norte de Ribeir\u00e3o Preto. Sem os equipamentos, muita \u00e1gua ficou jorrando no local por horas, at\u00e9 que os pr\u00f3prios comerciantes conseguiram interromper os vazamentos, j\u00e1 que a equipe\u2026","rel":"","context":"In &quot;Not\u00edcias de Ribeir\u00e3o Preto-SP e Regi\u00e3o&quot;","block_context":{"text":"Not\u00edcias de Ribeir\u00e3o Preto-SP e Regi\u00e3o","link":"https:\/\/noticiasribeiraopreto.com.br\/index.php\/category\/noticias-de-ribeirao-preto-sp-e-regiao-ismael-colosi\/"},"img":{"alt_text":"","src":"https:\/\/i0.wp.com\/noticiasribeiraopreto.com.br\/wp-content\/uploads\/2024\/05\/WhatsApp-Image-2024-05-12-at-13.27.45_2024-05-12_16-55-45_jpeg_2024-05-12_16-55-46.webp.webp?fit=1200%2C672&ssl=1&resize=350%2C200","width":350,"height":200,"srcset":"https:\/\/i0.wp.com\/noticiasribeiraopreto.com.br\/wp-content\/uploads\/2024\/05\/WhatsApp-Image-2024-05-12-at-13.27.45_2024-05-12_16-55-45_jpeg_2024-05-12_16-55-46.webp.webp?fit=1200%2C672&ssl=1&resize=350%2C200 1x, https:\/\/i0.wp.com\/noticiasribeiraopreto.com.br\/wp-content\/uploads\/2024\/05\/WhatsApp-Image-2024-05-12-at-13.27.45_2024-05-12_16-55-45_jpeg_2024-05-12_16-55-46.webp.webp?fit=1200%2C672&ssl=1&resize=525%2C300 1.5x, https:\/\/i0.wp.com\/noticiasribeiraopreto.com.br\/wp-content\/uploads\/2024\/05\/WhatsApp-Image-2024-05-12-at-13.27.45_2024-05-12_16-55-45_jpeg_2024-05-12_16-55-46.webp.webp?fit=1200%2C672&ssl=1&resize=700%2C400 2x, https:\/\/i0.wp.com\/noticiasribeiraopreto.com.br\/wp-content\/uploads\/2024\/05\/WhatsApp-Image-2024-05-12-at-13.27.45_2024-05-12_16-55-45_jpeg_2024-05-12_16-55-46.webp.webp?fit=1200%2C672&ssl=1&resize=1050%2C600 3x"},"classes":[]},{"id":77049,"url":"https:\/\/noticiasribeiraopreto.com.br\/index.php\/2025\/09\/10\/restaurante-japones-na-zona-sul-e-multado-por-furto-de-agua\/","url_meta":{"origin":19480,"position":4},"title":"Restaurante japon\u00eas na Zona Sul \u00e9 multado por furto de \u00e1gua","author":"noticiasribeiraopreto.com.br","date":"10 de September de 2025","format":false,"excerpt":"10 de setembro de 2025 17:406 Compartilhar0 Esta foi a segunda irregularidade cometida pelo estabelecimento A Prefeitura de Ribeir\u00e3o Preto, por meio da Secretaria de \u00c1gua e Esgoto (Saerp), multou um restaurante japon\u00eas localizado no bairro Jardim Bot\u00e2nico, zona sul da cidade, por furto de \u00e1gua. O flagrante ocorreu no\u2026","rel":"","context":"In &quot;Not\u00edcias de Ribeir\u00e3o Preto-SP e Regi\u00e3o&quot;","block_context":{"text":"Not\u00edcias de Ribeir\u00e3o Preto-SP e Regi\u00e3o","link":"https:\/\/noticiasribeiraopreto.com.br\/index.php\/category\/noticias-de-ribeirao-preto-sp-e-regiao-ismael-colosi\/"},"img":{"alt_text":"","src":"https:\/\/i0.wp.com\/noticiasribeiraopreto.com.br\/wp-content\/uploads\/2025\/09\/furto_agua_01-scaled.jpg?fit=1171%2C780&ssl=1&resize=350%2C200","width":350,"height":200,"srcset":"https:\/\/i0.wp.com\/noticiasribeiraopreto.com.br\/wp-content\/uploads\/2025\/09\/furto_agua_01-scaled.jpg?fit=1171%2C780&ssl=1&resize=350%2C200 1x, https:\/\/i0.wp.com\/noticiasribeiraopreto.com.br\/wp-content\/uploads\/2025\/09\/furto_agua_01-scaled.jpg?fit=1171%2C780&ssl=1&resize=525%2C300 1.5x, https:\/\/i0.wp.com\/noticiasribeiraopreto.com.br\/wp-content\/uploads\/2025\/09\/furto_agua_01-scaled.jpg?fit=1171%2C780&ssl=1&resize=700%2C400 2x, https:\/\/i0.wp.com\/noticiasribeiraopreto.com.br\/wp-content\/uploads\/2025\/09\/furto_agua_01-scaled.jpg?fit=1171%2C780&ssl=1&resize=1050%2C600 3x"},"classes":[]},{"id":84293,"url":"https:\/\/noticiasribeiraopreto.com.br\/index.php\/2026\/04\/07\/saerp-faz-360-autuacoes-por-fraudes\/","url_meta":{"origin":19480,"position":5},"title":"Saerp faz 360 autua\u00e7\u00f5es por fraudes","author":"noticiasribeiraopreto.com.br","date":"7 de April de 2026","format":false,"excerpt":"Uso de \u201csuper\u00edm\u00e3s\u201d para adulterar hidr\u00f4metros e o descumprimento de notifica\u00e7\u00f5es lideram as infra\u00e7\u00f5es entre janeiro e mar\u00e7o A Secretaria de \u00c1gua e Esgoto de Ribeir\u00e3o Preto (Saerp) fez 360 autua\u00e7\u00f5es entre os meses de janeiro e mar\u00e7o deste ano, referentes a diversas infra\u00e7\u00f5es que podem comprometer o sistema de\u2026","rel":"","context":"In &quot;Not\u00edcias de Ribeir\u00e3o Preto-SP e Regi\u00e3o&quot;","block_context":{"text":"Not\u00edcias de Ribeir\u00e3o Preto-SP e Regi\u00e3o","link":"https:\/\/noticiasribeiraopreto.com.br\/index.php\/category\/noticias-de-ribeirao-preto-sp-e-regiao-ismael-colosi\/"},"img":{"alt_text":"","src":"https:\/\/i0.wp.com\/noticiasribeiraopreto.com.br\/wp-content\/uploads\/2026\/04\/Saerp-Divulgacao-scaled.jpg?fit=1170%2C780&ssl=1&resize=350%2C200","width":350,"height":200,"srcset":"https:\/\/i0.wp.com\/noticiasribeiraopreto.com.br\/wp-content\/uploads\/2026\/04\/Saerp-Divulgacao-scaled.jpg?fit=1170%2C780&ssl=1&resize=350%2C200 1x, https:\/\/i0.wp.com\/noticiasribeiraopreto.com.br\/wp-content\/uploads\/2026\/04\/Saerp-Divulgacao-scaled.jpg?fit=1170%2C780&ssl=1&resize=525%2C300 1.5x, https:\/\/i0.wp.com\/noticiasribeiraopreto.com.br\/wp-content\/uploads\/2026\/04\/Saerp-Divulgacao-scaled.jpg?fit=1170%2C780&ssl=1&resize=700%2C400 2x, https:\/\/i0.wp.com\/noticiasribeiraopreto.com.br\/wp-content\/uploads\/2026\/04\/Saerp-Divulgacao-scaled.jpg?fit=1170%2C780&ssl=1&resize=1050%2C600 3x"},"classes":[]}],"jetpack_sharing_enabled":true,"jetpack_shortlink":"https:\/\/wp.me\/peQAOb-54c","_links":{"self":[{"href":"https:\/\/noticiasribeiraopreto.com.br\/index.php\/wp-json\/wp\/v2\/posts\/19480","targetHints":{"allow":["GET"]}}],"collection":[{"href":"https:\/\/noticiasribeiraopreto.com.br\/index.php\/wp-json\/wp\/v2\/posts"}],"about":[{"href":"https:\/\/noticiasribeiraopreto.com.br\/index.php\/wp-json\/wp\/v2\/types\/post"}],"author":[{"embeddable":true,"href":"https:\/\/noticiasribeiraopreto.com.br\/index.php\/wp-json\/wp\/v2\/users\/1"}],"replies":[{"embeddable":true,"href":"https:\/\/noticiasribeiraopreto.com.br\/index.php\/wp-json\/wp\/v2\/comments?post=19480"}],"version-history":[{"count":0,"href":"https:\/\/noticiasribeiraopreto.com.br\/index.php\/wp-json\/wp\/v2\/posts\/19480\/revisions"}],"wp:featuredmedia":[{"embeddable":true,"href":"https:\/\/noticiasribeiraopreto.com.br\/index.php\/wp-json\/wp\/v2\/media\/19481"}],"wp:attachment":[{"href":"https:\/\/noticiasribeiraopreto.com.br\/index.php\/wp-json\/wp\/v2\/media?parent=19480"}],"wp:term":[{"taxonomy":"category","embeddable":true,"href":"https:\/\/noticiasribeiraopreto.com.br\/index.php\/wp-json\/wp\/v2\/categories?post=19480"},{"taxonomy":"post_tag","embeddable":true,"href":"https:\/\/noticiasribeiraopreto.com.br\/index.php\/wp-json\/wp\/v2\/tags?post=19480"}],"curies":[{"name":"wp","href":"https:\/\/api.w.org\/{rel}","templated":true}]}}