{"id":19484,"date":"2023-12-22T14:13:17","date_gmt":"2023-12-22T17:13:17","guid":{"rendered":"https:\/\/noticiasribeiraopreto.com.br\/index.php\/2023\/12\/22\/mineira-mater-dei-matd3-faz-parceria-com-o-bradesco-bbdc4\/"},"modified":"2023-12-22T14:13:17","modified_gmt":"2023-12-22T17:13:17","slug":"mineira-mater-dei-matd3-faz-parceria-com-o-bradesco-bbdc4","status":"publish","type":"post","link":"https:\/\/noticiasribeiraopreto.com.br\/index.php\/2023\/12\/22\/mineira-mater-dei-matd3-faz-parceria-com-o-bradesco-bbdc4\/","title":{"rendered":"Mineira Mater Dei (MATD3) faz parceria com o Bradesco (BBDC4)"},"content":{"rendered":"<div class='code-block code-block-1' style='margin: 8px 0 8px auto; text-align: right; display: block; clear: both;'>\n<p><a href=\"https:\/\/wa.link\/vpicfd\"><img data-recalc-dims=\"1\" class=\"wp-image-4922\" style=\"aspect-ratio: 2.0253164556962027; width: 561px; height: auto;\" src=\"https:\/\/i0.wp.com\/ismaelcolosi.com.br\/wp-content\/uploads\/2023\/11\/grupo-de-empregos-whatsapp-e-facebook-ismael-colosi-vagas.jpg?ssl=1\" alt=\"\" \/><\/a><\/p>\n<!-- \/wp:image -->\n<\/div>\n<p> <br \/>\n<\/p>\n<div id=\"js-first-letter\">\n<p>Se o mercado de redes hospitalares estivesse no jogo WAR, a Mater Dei (MATD3) estaria colocando suas pe\u00e7as sob mais um territ\u00f3rio. O Bradesco (BBDC4) anunciou nesta sexta-feira (22) uma parceria com a companhia para o desenvolvimento de um novo hospital em S\u00e3o Paulo, regi\u00e3o que, at\u00e9 ent\u00e3o, a Mater Dei n\u00e3o tinha colocado os p\u00e9s.<\/p>\n<p>A Mater Dei \u00e9 uma das maiores redes hospitalares de Minas Gerais. Mas j\u00e1 em 2021, com a abertura do capital, a <a href=\"https:\/\/www.seudinheiro.com\/2022\/empresas\/mater-dei-matd3-acelera-expansao-no-nordeste-e-anuncia-a-compra-de-um-hospital-tradicional-da-bahia\/\" target=\"_blank\" rel=\"noreferrer noopener\">companhia iniciou sua empreitada de expans\u00e3o territorial<\/a>. Com presen\u00e7a na Bahia, Par\u00e1 e Goi\u00e1s, ela mergulhou no mercado nacional.<\/p>\n<p><strong>VEJA TAMB\u00c9M: A DINHEIRISTA &#8211; <\/strong><a href=\"https:\/\/youtu.be\/plZodys_sF0\" target=\"_blank\" rel=\"noreferrer noopener\">VENDI MEU VALE-ALIMENTA\u00c7\u00c3O E AGORA ESTOU SENDO AMEA\u00c7ADA!<\/a><\/p>\n<figure class=\"wp-block-embed is-type-video is-provider-youtube wp-block-embed-youtube wp-embed-aspect-16-9 wp-has-aspect-ratio\">\n<p>\n<iframe loading=\"lazy\" title=\"VENDI MEU VALE-ALIMENTA\u00c7\u00c3O E AGORA ESTOU SENDO AMEA\u00c7ADA! I A DINHEIRISTA\" width=\"500\" height=\"281\" src=\"https:\/\/www.youtube.com\/embed\/plZodys_sF0?feature=oembed\" frameborder=\"0\" allow=\"accelerometer; autoplay; clipboard-write; encrypted-media; gyroscope; picture-in-picture; web-share\" referrerpolicy=\"strict-origin-when-cross-origin\" allowfullscreen><\/iframe>\n<\/p>\n<\/figure>\n<p>O banco informou que a sociedade foi firmada por meio da Atl\u00e2ntica, companhia de investimentos em hospitais controlada pelo Bradesco e pela Bradseg, bra\u00e7o de seguros da institui\u00e7\u00e3o.<\/p>\n<p>Segundo o comunicado ao mercado, a Atl\u00e2ntica Hospitais ter\u00e1 51% do capital, enquanto a Mater Dei, que ser\u00e1 respons\u00e1vel pela gest\u00e3o m\u00e9dica e administrativa, ficar\u00e1 com os 49% restantes.<\/p>\n<p>\u201cA transa\u00e7\u00e3o est\u00e1 alinhada com a estrat\u00e9gia da Atl\u00e2ntica de investir na cadeia de valor do setor de sa\u00fade por meio de parcerias com <em>players <\/em>estabelecidos na opera\u00e7\u00e3o de hospitais\u201d, informou o banco por meio de comunicado.<\/p>\n<p>A constru\u00e7\u00e3o vai ocorrer no bairro de Santana, zona norte da cidade de S\u00e3o Paulo, em im\u00f3vel de uma empresa pertencente ao Bradesco.\u00a0<\/p>\n<p>A institui\u00e7\u00e3o ser\u00e1 respons\u00e1vel pelo empreendimento e pela loca\u00e7\u00e3o do pr\u00e9dio \u00e0 SPE, na modalidade <em>built to suit<\/em>, segundo o comunicado.<\/p>\n<p>No in\u00edcio da tarde, as a\u00e7\u00f5es de Bradesco (BBDC4) e Mater Dei (MATD3) subiam pouco mais de 1% na bolsa.<\/p>\n<\/div>\n<p><br \/>\n<br \/><a href=\"https:\/\/www.seudinheiro.com\/2023\/empresas\/mineira-mater-dei-matd3-faz-parceria-com-o-bradesco-bbdc4-em-tentativa-iniciar-presenca-em-sao-paulo-davs\/\">Source link <\/a><\/p>\n<!-- CONTENT END 1 -->\n","protected":false},"excerpt":{"rendered":"<p>Se o mercado de redes hospitalares estivesse no jogo WAR, a Mater Dei (MATD3) estaria colocando suas pe\u00e7as sob mais um territ\u00f3rio. O Bradesco (BBDC4)&#8230;<\/p>\n","protected":false},"author":1,"featured_media":19485,"comment_status":"open","ping_status":"open","sticky":false,"template":"","format":"standard","meta":{"advanced_seo_description":"","jetpack_seo_html_title":"","jetpack_seo_noindex":false,"jetpack_post_was_ever_published":false,"_jetpack_newsletter_access":"","_jetpack_dont_email_post_to_subs":false,"_jetpack_newsletter_tier_id":0,"_jetpack_memberships_contains_paywalled_content":false,"_jetpack_memberships_contains_paid_content":false,"footnotes":"","jetpack_publicize_message":"","jetpack_publicize_feature_enabled":true,"jetpack_social_post_already_shared":true,"jetpack_social_options":{"image_generator_settings":{"template":"highway","default_image_id":0,"font":"","enabled":false},"version":2}},"categories":[1235],"tags":[],"class_list":["post-19484","post","type-post","status-publish","format-standard","has-post-thumbnail","hentry","category-dinheiro-e-investimento-como-fazer-como-ganhar"],"jetpack_publicize_connections":[],"jetpack_featured_media_url":"https:\/\/i0.wp.com\/noticiasribeiraopreto.com.br\/wp-content\/uploads\/2023\/12\/mater-dei.jpg?fit=370%2C230&ssl=1","jetpack-related-posts":[{"id":35700,"url":"https:\/\/noticiasribeiraopreto.com.br\/index.php\/2024\/02\/07\/bradesco-bbdc4-decepciona-mais-uma-vez-lucro-do-4t23-fica-muito-abaixo-da-expectativa-do-mercado-e-cai-21-em-2023\/","url_meta":{"origin":19484,"position":0},"title":"Bradesco (BBDC4) decepciona mais uma vez: lucro do 4T23 fica muito abaixo da expectativa do mercado e cai 21% em 2023","author":"noticiasribeiraopreto.com.br","date":"7 de February de 2024","format":false,"excerpt":"Marcelo Noronha, o novo CEO do Bradesco (BBDC4), vai ter muito trabalho. Na primeira divulga\u00e7\u00e3o de resultados sob o novo comando, o banco registrou lucro l\u00edquido recorrente de R$ 2,878 bilh\u00f5es no quarto trimestre de 2023. Trata-se de uma alta de 80,4% em rela\u00e7\u00e3o ao mesmo per\u00edodo do ano passado.\u2026","rel":"","context":"In &quot;Dinheiro e Investimento&quot;","block_context":{"text":"Dinheiro e Investimento","link":"https:\/\/noticiasribeiraopreto.com.br\/index.php\/category\/dinheiro-e-investimento-como-fazer-como-ganhar\/"},"img":{"alt_text":"","src":"https:\/\/i0.wp.com\/noticiasribeiraopreto.com.br\/wp-content\/uploads\/2024\/02\/bradesco-628x353.jpg?fit=628%2C353&ssl=1&resize=350%2C200","width":350,"height":200,"srcset":"https:\/\/i0.wp.com\/noticiasribeiraopreto.com.br\/wp-content\/uploads\/2024\/02\/bradesco-628x353.jpg?fit=628%2C353&ssl=1&resize=350%2C200 1x, https:\/\/i0.wp.com\/noticiasribeiraopreto.com.br\/wp-content\/uploads\/2024\/02\/bradesco-628x353.jpg?fit=628%2C353&ssl=1&resize=525%2C300 1.5x"},"classes":[]},{"id":35743,"url":"https:\/\/noticiasribeiraopreto.com.br\/index.php\/2024\/02\/07\/o-bradesco-bbdc4-vai-reagir-conheca-o-plano-do-ceo-do-banco-para-fazer-frente-a-concorrencia\/","url_meta":{"origin":19484,"position":1},"title":"O Bradesco (BBDC4) vai reagir? Conhe\u00e7a o plano do CEO do banco para fazer frente \u00e0 concorr\u00eancia","author":"noticiasribeiraopreto.com.br","date":"7 de February de 2024","format":false,"excerpt":"O Bradesco (BBDC4) vai reagir? Principal respons\u00e1vel por responder a esta quest\u00e3o, o novo CEO do banco, Marcelo Noronha, reuniu a imprensa para detalhar o novo plano estrat\u00e9gico para os pr\u00f3ximos anos. O pr\u00f3prio Noronha reconheceu que n\u00e3o tem uma bala de prata. Mas demonstrou que tem pressa. Para colocar\u2026","rel":"","context":"In &quot;Dinheiro e Investimento&quot;","block_context":{"text":"Dinheiro e Investimento","link":"https:\/\/noticiasribeiraopreto.com.br\/index.php\/category\/dinheiro-e-investimento-como-fazer-como-ganhar\/"},"img":{"alt_text":"","src":"https:\/\/i0.wp.com\/noticiasribeiraopreto.com.br\/wp-content\/uploads\/2024\/02\/Marcelo-Noronha-CEO-do-Bradesco-715x402.jpg?fit=715%2C402&ssl=1&resize=350%2C200","width":350,"height":200,"srcset":"https:\/\/i0.wp.com\/noticiasribeiraopreto.com.br\/wp-content\/uploads\/2024\/02\/Marcelo-Noronha-CEO-do-Bradesco-715x402.jpg?fit=715%2C402&ssl=1&resize=350%2C200 1x, https:\/\/i0.wp.com\/noticiasribeiraopreto.com.br\/wp-content\/uploads\/2024\/02\/Marcelo-Noronha-CEO-do-Bradesco-715x402.jpg?fit=715%2C402&ssl=1&resize=525%2C300 1.5x, https:\/\/i0.wp.com\/noticiasribeiraopreto.com.br\/wp-content\/uploads\/2024\/02\/Marcelo-Noronha-CEO-do-Bradesco-715x402.jpg?fit=715%2C402&ssl=1&resize=700%2C400 2x"},"classes":[]},{"id":35470,"url":"https:\/\/noticiasribeiraopreto.com.br\/index.php\/2024\/02\/06\/cielo-ciel3-dispara-com-oferta-de-bradesco-e-banco-do-brasil-pelas-acoes-dos-minoritarios-o-que-dizem-os-analistas-sobre-a-opa\/","url_meta":{"origin":19484,"position":2},"title":"Cielo (CIEL3) dispara com oferta de Bradesco e Banco do Brasil pelas a\u00e7\u00f5es dos minorit\u00e1rios. O que dizem os analistas sobre a OPA?","author":"noticiasribeiraopreto.com.br","date":"6 de February de 2024","format":false,"excerpt":"Se os acionistas da Cielo (CIEL3) esperavam tirar a noite da \u00faltima segunda-feira (05) para analisar os n\u00fameros do balan\u00e7o do quarto trimestre de 2023, os controladores da empresa de maquininhas roubaram a cena com uma not\u00edcia ainda mais picante: uma oferta p\u00fablica de aquisi\u00e7\u00e3o (OPA) bilion\u00e1ria na B3. O\u2026","rel":"","context":"In &quot;Dinheiro e Investimento&quot;","block_context":{"text":"Dinheiro e Investimento","link":"https:\/\/noticiasribeiraopreto.com.br\/index.php\/category\/dinheiro-e-investimento-como-fazer-como-ganhar\/"},"img":{"alt_text":"","src":"https:\/\/i0.wp.com\/noticiasribeiraopreto.com.br\/wp-content\/uploads\/2024\/02\/Cielo-maquininha-LIO-NFC-715x402.jpg?fit=715%2C402&ssl=1&resize=350%2C200","width":350,"height":200,"srcset":"https:\/\/i0.wp.com\/noticiasribeiraopreto.com.br\/wp-content\/uploads\/2024\/02\/Cielo-maquininha-LIO-NFC-715x402.jpg?fit=715%2C402&ssl=1&resize=350%2C200 1x, https:\/\/i0.wp.com\/noticiasribeiraopreto.com.br\/wp-content\/uploads\/2024\/02\/Cielo-maquininha-LIO-NFC-715x402.jpg?fit=715%2C402&ssl=1&resize=525%2C300 1.5x, https:\/\/i0.wp.com\/noticiasribeiraopreto.com.br\/wp-content\/uploads\/2024\/02\/Cielo-maquininha-LIO-NFC-715x402.jpg?fit=715%2C402&ssl=1&resize=700%2C400 2x"},"classes":[]},{"id":14173,"url":"https:\/\/noticiasribeiraopreto.com.br\/index.php\/2023\/12\/11\/bradesco-bbdc4-vai-pagar-r-7-bilhoes-aos-acionistas-e-data-de-corte-e-na-proxima-semana-veja-como-garantir-o-jcp\/","url_meta":{"origin":19484,"position":3},"title":"Bradesco (BBDC4) vai pagar R$ 7 bilh\u00f5es aos acionistas e data de corte \u00e9 na pr\u00f3xima semana \u2014 veja como garantir o JCP","author":"noticiasribeiraopreto.com.br","date":"11 de December de 2023","format":false,"excerpt":"Quem \u00e9 acionista do Bradesco (BBDC4) vai come\u00e7ar a semana com uma \u00f3tima not\u00edcia: o banco acaba de anunciar que o conselho de administra\u00e7\u00e3o aprovou nesta segunda-feira (11) o pagamento de R$ 6,9 bilh\u00f5es em juros sobre o capital pr\u00f3prio (JCP). A soma est\u00e1 dividida entre JCP intermedi\u00e1rio de R$\u2026","rel":"","context":"In &quot;Dinheiro e Investimento&quot;","block_context":{"text":"Dinheiro e Investimento","link":"https:\/\/noticiasribeiraopreto.com.br\/index.php\/category\/dinheiro-e-investimento-como-fazer-como-ganhar\/"},"img":{"alt_text":"","src":"https:\/\/i0.wp.com\/noticiasribeiraopreto.com.br\/wp-content\/uploads\/2023\/12\/Bradesco-628x353.png?fit=628%2C353&ssl=1&resize=350%2C200","width":350,"height":200,"srcset":"https:\/\/i0.wp.com\/noticiasribeiraopreto.com.br\/wp-content\/uploads\/2023\/12\/Bradesco-628x353.png?fit=628%2C353&ssl=1&resize=350%2C200 1x, https:\/\/i0.wp.com\/noticiasribeiraopreto.com.br\/wp-content\/uploads\/2023\/12\/Bradesco-628x353.png?fit=628%2C353&ssl=1&resize=525%2C300 1.5x"},"classes":[]},{"id":74239,"url":"https:\/\/noticiasribeiraopreto.com.br\/index.php\/2025\/07\/18\/mater-inaugura-nova-ala-para-atender-sus\/","url_meta":{"origin":19484,"position":4},"title":"Mater inaugura nova ala para atender SUS","author":"noticiasribeiraopreto.com.br","date":"18 de July de 2025","format":false,"excerpt":"18 de julho de 2025 12:3018 de julho de 2025 10:569 Compartilhar0 Foi inaugurada a nova ala do ambulat\u00f3rio de especialidades do Centro de Refer\u00eancia da Sa\u00fade da Mulher (Mater), em Ribeir\u00e3o Preto. Segundo a prefeitura, a amplia\u00e7\u00e3o representa um avan\u00e7o importante no cuidado \u00e0s mulheres usu\u00e1rias do Sistema \u00danico\u2026","rel":"","context":"In &quot;Not\u00edcias de Ribeir\u00e3o Preto-SP e Regi\u00e3o&quot;","block_context":{"text":"Not\u00edcias de Ribeir\u00e3o Preto-SP e Regi\u00e3o","link":"https:\/\/noticiasribeiraopreto.com.br\/index.php\/category\/noticias-de-ribeirao-preto-sp-e-regiao-ismael-colosi\/"},"img":{"alt_text":"","src":"https:\/\/i0.wp.com\/noticiasribeiraopreto.com.br\/wp-content\/uploads\/2025\/07\/Mater-Fernando-Gonzaga-03.jpg?fit=1200%2C800&ssl=1&resize=350%2C200","width":350,"height":200,"srcset":"https:\/\/i0.wp.com\/noticiasribeiraopreto.com.br\/wp-content\/uploads\/2025\/07\/Mater-Fernando-Gonzaga-03.jpg?fit=1200%2C800&ssl=1&resize=350%2C200 1x, https:\/\/i0.wp.com\/noticiasribeiraopreto.com.br\/wp-content\/uploads\/2025\/07\/Mater-Fernando-Gonzaga-03.jpg?fit=1200%2C800&ssl=1&resize=525%2C300 1.5x, https:\/\/i0.wp.com\/noticiasribeiraopreto.com.br\/wp-content\/uploads\/2025\/07\/Mater-Fernando-Gonzaga-03.jpg?fit=1200%2C800&ssl=1&resize=700%2C400 2x, https:\/\/i0.wp.com\/noticiasribeiraopreto.com.br\/wp-content\/uploads\/2025\/07\/Mater-Fernando-Gonzaga-03.jpg?fit=1200%2C800&ssl=1&resize=1050%2C600 3x"},"classes":[]},{"id":31253,"url":"https:\/\/noticiasribeiraopreto.com.br\/index.php\/2024\/01\/21\/lazaro-ramos-passa-mal-e-e-internado-apos-ser-socorrido-as-pressas-por-tais-araujo\/","url_meta":{"origin":19484,"position":5},"title":"L\u00e1zaro Ramos passa mal e \u00e9 internado ap\u00f3s ser socorrido as pressas por Ta\u00eds Ara\u00fajo","author":"noticiasribeiraopreto.com.br","date":"21 de January de 2024","format":false,"excerpt":"Neste domingo (21\/01), a assessoria de L\u00e1zaro Ramos se manifestou ap\u00f3s not\u00edcias de que o ator teria sofrido um mal-estar e sido socorrido as pressas pela esposa, a atriz Ta\u00eds Ara\u00fajo.De acordo com as informa\u00e7\u00f5es, L\u00e1zaro teve um mal-estar em casa e desmaiou, sendo socorrido pela esposa e levado \u00e0s\u2026","rel":"","context":"In &quot;Blog&quot;","block_context":{"text":"Blog","link":"https:\/\/noticiasribeiraopreto.com.br\/index.php\/category\/blog\/"},"img":{"alt_text":"","src":"https:\/\/i0.wp.com\/noticiasribeiraopreto.com.br\/wp-content\/uploads\/2024\/01\/postimg-65ad69ac09be46360.jpg?fit=1200%2C628&ssl=1&resize=350%2C200","width":350,"height":200,"srcset":"https:\/\/i0.wp.com\/noticiasribeiraopreto.com.br\/wp-content\/uploads\/2024\/01\/postimg-65ad69ac09be46360.jpg?fit=1200%2C628&ssl=1&resize=350%2C200 1x, https:\/\/i0.wp.com\/noticiasribeiraopreto.com.br\/wp-content\/uploads\/2024\/01\/postimg-65ad69ac09be46360.jpg?fit=1200%2C628&ssl=1&resize=525%2C300 1.5x, https:\/\/i0.wp.com\/noticiasribeiraopreto.com.br\/wp-content\/uploads\/2024\/01\/postimg-65ad69ac09be46360.jpg?fit=1200%2C628&ssl=1&resize=700%2C400 2x, https:\/\/i0.wp.com\/noticiasribeiraopreto.com.br\/wp-content\/uploads\/2024\/01\/postimg-65ad69ac09be46360.jpg?fit=1200%2C628&ssl=1&resize=1050%2C600 3x"},"classes":[]}],"jetpack_sharing_enabled":true,"jetpack_shortlink":"https:\/\/wp.me\/peQAOb-54g","_links":{"self":[{"href":"https:\/\/noticiasribeiraopreto.com.br\/index.php\/wp-json\/wp\/v2\/posts\/19484","targetHints":{"allow":["GET"]}}],"collection":[{"href":"https:\/\/noticiasribeiraopreto.com.br\/index.php\/wp-json\/wp\/v2\/posts"}],"about":[{"href":"https:\/\/noticiasribeiraopreto.com.br\/index.php\/wp-json\/wp\/v2\/types\/post"}],"author":[{"embeddable":true,"href":"https:\/\/noticiasribeiraopreto.com.br\/index.php\/wp-json\/wp\/v2\/users\/1"}],"replies":[{"embeddable":true,"href":"https:\/\/noticiasribeiraopreto.com.br\/index.php\/wp-json\/wp\/v2\/comments?post=19484"}],"version-history":[{"count":0,"href":"https:\/\/noticiasribeiraopreto.com.br\/index.php\/wp-json\/wp\/v2\/posts\/19484\/revisions"}],"wp:featuredmedia":[{"embeddable":true,"href":"https:\/\/noticiasribeiraopreto.com.br\/index.php\/wp-json\/wp\/v2\/media\/19485"}],"wp:attachment":[{"href":"https:\/\/noticiasribeiraopreto.com.br\/index.php\/wp-json\/wp\/v2\/media?parent=19484"}],"wp:term":[{"taxonomy":"category","embeddable":true,"href":"https:\/\/noticiasribeiraopreto.com.br\/index.php\/wp-json\/wp\/v2\/categories?post=19484"},{"taxonomy":"post_tag","embeddable":true,"href":"https:\/\/noticiasribeiraopreto.com.br\/index.php\/wp-json\/wp\/v2\/tags?post=19484"}],"curies":[{"name":"wp","href":"https:\/\/api.w.org\/{rel}","templated":true}]}}