{"id":19486,"date":"2023-12-22T14:17:42","date_gmt":"2023-12-22T17:17:42","guid":{"rendered":"https:\/\/noticiasribeiraopreto.com.br\/index.php\/2023\/12\/22\/segundo-site-na-reta-final-da-gravidez-tavila-gomes-termina-com-luva-de-pedreiro-e-decide-mudar-nome-do-bebe\/"},"modified":"2023-12-22T14:17:42","modified_gmt":"2023-12-22T17:17:42","slug":"segundo-site-na-reta-final-da-gravidez-tavila-gomes-termina-com-luva-de-pedreiro-e-decide-mudar-nome-do-bebe","status":"publish","type":"post","link":"https:\/\/noticiasribeiraopreto.com.br\/index.php\/2023\/12\/22\/segundo-site-na-reta-final-da-gravidez-tavila-gomes-termina-com-luva-de-pedreiro-e-decide-mudar-nome-do-bebe\/","title":{"rendered":"Segundo site, na reta final da gravidez, T\u00e1vila Gomes termina com Luva de Pedreiro e decide mudar nome do beb\u00ea"},"content":{"rendered":"<div class='code-block code-block-1' style='margin: 8px 0 8px auto; text-align: right; display: block; clear: both;'>\n<p><a href=\"https:\/\/wa.link\/vpicfd\"><img data-recalc-dims=\"1\" class=\"wp-image-4922\" style=\"aspect-ratio: 2.0253164556962027; width: 561px; height: auto;\" src=\"https:\/\/i0.wp.com\/ismaelcolosi.com.br\/wp-content\/uploads\/2023\/11\/grupo-de-empregos-whatsapp-e-facebook-ismael-colosi-vagas.jpg?ssl=1\" alt=\"\" \/><\/a><\/p>\n<!-- \/wp:image -->\n<\/div>\n<p> <br \/>\n<\/p>\n<div itemprop=\"text\">\n<p>Parece que mais um casal ainda este ano chegou ao fim. A not\u00edcia \u00e9 segundo uma fonte do jornal Extra. Al\u00e9m da separa\u00e7\u00e3o, o beb\u00ea agora ir\u00e1 se chamar Davi.<\/p>\n<p>Luva de Pedreiro virou febre nas redes sociais ap\u00f3s seus v\u00eddeos viralizarem. O jovem de 22 anos \u00e9 f\u00e3 n\u00famero 1 do jogador de futebol Cristiano Ronaldo, por isso a escolha do nome.<\/p>\n<p>Parece que as coisas entre o casal j\u00e1 n\u00e3o estava bem a algum tempo. Logo no in\u00edcio do relacionamento, os dois chegaram a enfrentar algumas crises.<\/p>\n<p>Mesmo sendo visto juntos recentemente em um show, a bi\u00f3loga parece ter dado fim a rela\u00e7\u00e3o agora na reta final da gesta\u00e7\u00e3o do futuro herdeiro de Luva.<\/p>\n<div class=\"code-block code-block-9\" style=\"margin: 8px auto; text-align: center; display: block; clear: both;\">\n<p><span style=\"font-size: xx-small;\"><b>PUBLICIDADE<\/b><\/span><\/p>\n<div class=\"separator\" style=\"clear: both; text-align: center;\"><a href=\"https:\/\/breeze.bet\/?c=1&amp;utm_source=fbs\" imageanchor=\"1\" style=\"margin-left: 1em; margin-right: 1em;\" target=\"_blank\" rel=\"noopener\"><img data-recalc-dims=\"1\" loading=\"lazy\" decoding=\"async\" border=\"0\" data-original-height=\"250\" data-original-width=\"300\" height=\"250\" src=\"https:\/\/i0.wp.com\/blogger.googleusercontent.com\/img\/b\/R29vZ2xl\/AVvXsEhHMStsQpenim-wcfJXHMndm0o0P6BrbXYcb_zvAoVvLcdQw8AP_XKlfa98ltKcznGeZ-LpsBl2FxLCp8WOYwgFSB3cRFm5w-61F-0aTWm387IgHB-GZMFhX20JbEzho8NVK1flhSUYOat_fFInLDqTMO3djGgM3zf7gMkbu8Ut7Zlm-7-ZYF292G63voBG\/s1600\/at%C3%A9%20X2500.png?resize=300%2C250&#038;ssl=1\" width=\"300\"\/><\/a><\/div>\n<\/div>\n<p>Os dois teriam se conhecido na Farofa da Gkay no ano passado. T\u00e1vila era uma das pessoas que trabalhavam no evento conduzindo os convidados desde a chegada at\u00e9 o hotel.<\/p>\n<p>Iran de Santana Alves \u00e9 natural de Quijingue, Bahia. De fam\u00edlia humilde, o jovem estourou no Youtube com seus v\u00eddeos. O jovem chegou a conhecer v\u00e1rios famosos como Neymar Jr e o pr\u00f3prio Cristiano Ronaldo.<\/p>\n<p>Sua hist\u00f3ria ser\u00e1 contada por uma plataforma HBO Max em um document\u00e1rio. As grava\u00e7\u00f5es ser\u00e3o feitas na Bahia, Recife, S\u00e3o Paulo e Paris. O jovem coleciona milh\u00f5es de visualiza\u00e7\u00f5es nas diversas redes sociais que possui. Ele \u00e9 dono de uma personalidade \u00fanica que encanta o p\u00fablico com seu jeito bem humorado de levar as coisas.<\/p>\n<\/div>\n<p><br \/>\n<br \/><a href=\"https:\/\/fnmais.com\/segundo-site-na-reta-final-gravidez-tavila-gomes-termina-com-luva-pedreiro-decide-mudar-nome-bebe\/\">Source link <\/a><\/p>\n<!-- CONTENT END 1 -->\n","protected":false},"excerpt":{"rendered":"<p>Parece que mais um casal ainda este ano chegou ao fim. A not\u00edcia \u00e9 segundo uma fonte do jornal Extra. Al\u00e9m da separa\u00e7\u00e3o, o beb\u00ea&#8230;<\/p>\n","protected":false},"author":1,"featured_media":19487,"comment_status":"open","ping_status":"open","sticky":false,"template":"","format":"standard","meta":{"advanced_seo_description":"","jetpack_seo_html_title":"","jetpack_seo_noindex":false,"jetpack_post_was_ever_published":false,"_jetpack_newsletter_access":"","_jetpack_dont_email_post_to_subs":false,"_jetpack_newsletter_tier_id":0,"_jetpack_memberships_contains_paywalled_content":false,"_jetpack_memberships_contains_paid_content":false,"footnotes":"","jetpack_publicize_message":"","jetpack_publicize_feature_enabled":true,"jetpack_social_post_already_shared":true,"jetpack_social_options":{"image_generator_settings":{"template":"highway","default_image_id":0,"font":"","enabled":false},"version":2}},"categories":[1],"tags":[],"class_list":["post-19486","post","type-post","status-publish","format-standard","has-post-thumbnail","hentry","category-blog"],"jetpack_publicize_connections":[],"jetpack_featured_media_url":"https:\/\/i0.wp.com\/noticiasribeiraopreto.com.br\/wp-content\/uploads\/2023\/12\/postimg-6585b3390473f4711.jpg?fit=1200%2C628&ssl=1","jetpack-related-posts":[{"id":19582,"url":"https:\/\/noticiasribeiraopreto.com.br\/index.php\/2023\/12\/22\/luva-de-pedreiro-quebra-silencio-e-fala-sobre-fim-de-seu-relacionamento-ta-dificil\/","url_meta":{"origin":19486,"position":0},"title":"Luva de Pedreiro quebra sil\u00eancio e fala sobre fim de seu relacionamento: &#8216;T\u00e1 dif\u00edcil&#8217;","author":"noticiasribeiraopreto.com.br","date":"22 de December de 2023","format":false,"excerpt":"A confirma\u00e7\u00e3o veio. O site Extra divulgou que, segundo sua fonte, o relacionamento do influenciador Luva de Pedreiro e T\u00e1vila Gomes havia chegado ao fim agora na reta final da gravidez.Al\u00e9m disso, a not\u00edcia tamb\u00e9m dizia que T\u00e1vila estaria decidida a mudar o nome do filho, que seria em homenagem\u2026","rel":"","context":"In &quot;Blog&quot;","block_context":{"text":"Blog","link":"https:\/\/noticiasribeiraopreto.com.br\/index.php\/category\/blog\/"},"img":{"alt_text":"","src":"https:\/\/i0.wp.com\/noticiasribeiraopreto.com.br\/wp-content\/uploads\/2023\/12\/postimg-6585f3972c9eb3741.jpg?fit=1200%2C628&ssl=1&resize=350%2C200","width":350,"height":200,"srcset":"https:\/\/i0.wp.com\/noticiasribeiraopreto.com.br\/wp-content\/uploads\/2023\/12\/postimg-6585f3972c9eb3741.jpg?fit=1200%2C628&ssl=1&resize=350%2C200 1x, https:\/\/i0.wp.com\/noticiasribeiraopreto.com.br\/wp-content\/uploads\/2023\/12\/postimg-6585f3972c9eb3741.jpg?fit=1200%2C628&ssl=1&resize=525%2C300 1.5x, https:\/\/i0.wp.com\/noticiasribeiraopreto.com.br\/wp-content\/uploads\/2023\/12\/postimg-6585f3972c9eb3741.jpg?fit=1200%2C628&ssl=1&resize=700%2C400 2x, https:\/\/i0.wp.com\/noticiasribeiraopreto.com.br\/wp-content\/uploads\/2023\/12\/postimg-6585f3972c9eb3741.jpg?fit=1200%2C628&ssl=1&resize=1050%2C600 3x"},"classes":[]},{"id":26206,"url":"https:\/\/noticiasribeiraopreto.com.br\/index.php\/2024\/01\/09\/reta-final-do-processo-do-primeiro-filho-de-ludmilla-traz-grandes-expectativas\/","url_meta":{"origin":19486,"position":1},"title":"&#8216;Reta final&#8217; do processo do primeiro filho de Ludmilla traz grandes expectativas","author":"noticiasribeiraopreto.com.br","date":"9 de January de 2024","format":false,"excerpt":"2024 ser\u00e1 o ano em que a fam\u00edlia da cantora Ludmilla ir\u00e1 aumentar. Casada com Bruna Gon\u00e7alves, o casal anunciou no fim do ano passado que deram in\u00edcio ao processo de fertiliza\u00e7\u00e3o in vitro para engravidar.A respons\u00e1vel pelo barrig\u00e3o ser\u00e1 Bruna. Nela ser\u00e1 feito o implante do \u00f3vulo da esposa\u2026","rel":"","context":"In &quot;Blog&quot;","block_context":{"text":"Blog","link":"https:\/\/noticiasribeiraopreto.com.br\/index.php\/category\/blog\/"},"img":{"alt_text":"","src":"https:\/\/i0.wp.com\/noticiasribeiraopreto.com.br\/wp-content\/uploads\/2024\/01\/postimg-659d7cdb860601846.jpg?fit=1200%2C628&ssl=1&resize=350%2C200","width":350,"height":200,"srcset":"https:\/\/i0.wp.com\/noticiasribeiraopreto.com.br\/wp-content\/uploads\/2024\/01\/postimg-659d7cdb860601846.jpg?fit=1200%2C628&ssl=1&resize=350%2C200 1x, https:\/\/i0.wp.com\/noticiasribeiraopreto.com.br\/wp-content\/uploads\/2024\/01\/postimg-659d7cdb860601846.jpg?fit=1200%2C628&ssl=1&resize=525%2C300 1.5x, https:\/\/i0.wp.com\/noticiasribeiraopreto.com.br\/wp-content\/uploads\/2024\/01\/postimg-659d7cdb860601846.jpg?fit=1200%2C628&ssl=1&resize=700%2C400 2x, https:\/\/i0.wp.com\/noticiasribeiraopreto.com.br\/wp-content\/uploads\/2024\/01\/postimg-659d7cdb860601846.jpg?fit=1200%2C628&ssl=1&resize=1050%2C600 3x"},"classes":[]},{"id":7662,"url":"https:\/\/noticiasribeiraopreto.com.br\/index.php\/2023\/11\/28\/um-dos-gemeos-de-barbara-evans-passa-por-uti-em-observacao\/","url_meta":{"origin":19486,"position":2},"title":"Um dos g\u00eameos de B\u00e1rbara Evans passa por UTI: &#8221; Em observa\u00e7\u00e3o&#8221;","author":"noticiasribeiraopreto.com.br","date":"28 de November de 2023","format":false,"excerpt":"Alegria em dose dupla. A gravidez gemelar \u00e9 uma surpresa e tanto para os papais e para a fam\u00edlia. \u00c9 tudo em dobro. A modelo B\u00e1rbara Evans foi a premiada em dose dupla da vez.Nesta segunda feira, 27 de novembro, ela deu a luz \u00e0 \u00c1lvaro e Ant\u00f4nio. Ela estava\u2026","rel":"","context":"In &quot;Blog&quot;","block_context":{"text":"Blog","link":"https:\/\/noticiasribeiraopreto.com.br\/index.php\/category\/blog\/"},"img":{"alt_text":"","src":"https:\/\/i0.wp.com\/noticiasribeiraopreto.com.br\/wp-content\/uploads\/2023\/11\/postimg-6566144c5812b4955.jpg?fit=1200%2C628&ssl=1&resize=350%2C200","width":350,"height":200,"srcset":"https:\/\/i0.wp.com\/noticiasribeiraopreto.com.br\/wp-content\/uploads\/2023\/11\/postimg-6566144c5812b4955.jpg?fit=1200%2C628&ssl=1&resize=350%2C200 1x, https:\/\/i0.wp.com\/noticiasribeiraopreto.com.br\/wp-content\/uploads\/2023\/11\/postimg-6566144c5812b4955.jpg?fit=1200%2C628&ssl=1&resize=525%2C300 1.5x, https:\/\/i0.wp.com\/noticiasribeiraopreto.com.br\/wp-content\/uploads\/2023\/11\/postimg-6566144c5812b4955.jpg?fit=1200%2C628&ssl=1&resize=700%2C400 2x, https:\/\/i0.wp.com\/noticiasribeiraopreto.com.br\/wp-content\/uploads\/2023\/11\/postimg-6566144c5812b4955.jpg?fit=1200%2C628&ssl=1&resize=1050%2C600 3x"},"classes":[]},{"id":59998,"url":"https:\/\/noticiasribeiraopreto.com.br\/index.php\/2024\/11\/04\/casal-e-preso-apos-morte-de-bebe-por-desnutricao-na-regiao-de-ribeirao-preto\/","url_meta":{"origin":19486,"position":3},"title":"Casal \u00e9 preso ap\u00f3s morte de beb\u00ea por desnutri\u00e7\u00e3o na regi\u00e3o de Ribeir\u00e3o Preto","author":"noticiasribeiraopreto.com.br","date":"4 de November de 2024","format":false,"excerpt":"Os pais de um beb\u00ea de apenas dois meses foram presos ap\u00f3s a morte da crian\u00e7a no \u00faltimo final de semana em Franca, na regi\u00e3o de Ribeir\u00e3o Preto. Segundo o B.O. (boletim de ocorr\u00eancia), o beb\u00ea sofreu uma parada cardiorrespirat\u00f3ria e apresentava sinais de desnutri\u00e7\u00e3o. O casal foi preso acusado\u2026","rel":"","context":"In &quot;Not\u00edcias de Ribeir\u00e3o Preto-SP e Regi\u00e3o&quot;","block_context":{"text":"Not\u00edcias de Ribeir\u00e3o Preto-SP e Regi\u00e3o","link":"https:\/\/noticiasribeiraopreto.com.br\/index.php\/category\/noticias-de-ribeirao-preto-sp-e-regiao-ismael-colosi\/"},"img":{"alt_text":"","src":"https:\/\/i0.wp.com\/noticiasribeiraopreto.com.br\/wp-content\/uploads\/2024\/11\/santa_casa_500x320_10122019110753.jpg?fit=500%2C322&ssl=1&resize=350%2C200","width":350,"height":200},"classes":[]},{"id":60006,"url":"https:\/\/noticiasribeiraopreto.com.br\/index.php\/2024\/11\/04\/casal-e-preso-apos-morte-de-bebe-por-desnutricao-na-regiao-de-ribeirao-preto-2\/","url_meta":{"origin":19486,"position":4},"title":"Casal \u00e9 preso ap\u00f3s morte de beb\u00ea por desnutri\u00e7\u00e3o na regi\u00e3o de Ribeir\u00e3o Preto","author":"noticiasribeiraopreto.com.br","date":"4 de November de 2024","format":false,"excerpt":"Os pais de um beb\u00ea de apenas dois meses foram presos ap\u00f3s a morte da crian\u00e7a no \u00faltimo final de semana em Franca, na regi\u00e3o de Ribeir\u00e3o Preto. Segundo o B.O. (boletim de ocorr\u00eancia), o beb\u00ea sofreu uma parada cardiorrespirat\u00f3ria e apresentava sinais de desnutri\u00e7\u00e3o. O casal foi preso acusado\u2026","rel":"","context":"In &quot;Not\u00edcias de Ribeir\u00e3o Preto-SP e Regi\u00e3o&quot;","block_context":{"text":"Not\u00edcias de Ribeir\u00e3o Preto-SP e Regi\u00e3o","link":"https:\/\/noticiasribeiraopreto.com.br\/index.php\/category\/noticias-de-ribeirao-preto-sp-e-regiao-ismael-colosi\/"},"img":{"alt_text":"","src":"https:\/\/i0.wp.com\/noticiasribeiraopreto.com.br\/wp-content\/uploads\/2024\/11\/franca_2024-11-04_15-11-54_jpg_2024-11-04_15-11-54.webp.webp?fit=865%2C558&ssl=1&resize=350%2C200","width":350,"height":200,"srcset":"https:\/\/i0.wp.com\/noticiasribeiraopreto.com.br\/wp-content\/uploads\/2024\/11\/franca_2024-11-04_15-11-54_jpg_2024-11-04_15-11-54.webp.webp?fit=865%2C558&ssl=1&resize=350%2C200 1x, https:\/\/i0.wp.com\/noticiasribeiraopreto.com.br\/wp-content\/uploads\/2024\/11\/franca_2024-11-04_15-11-54_jpg_2024-11-04_15-11-54.webp.webp?fit=865%2C558&ssl=1&resize=525%2C300 1.5x, https:\/\/i0.wp.com\/noticiasribeiraopreto.com.br\/wp-content\/uploads\/2024\/11\/franca_2024-11-04_15-11-54_jpg_2024-11-04_15-11-54.webp.webp?fit=865%2C558&ssl=1&resize=700%2C400 2x"},"classes":[]},{"id":31550,"url":"https:\/\/noticiasribeiraopreto.com.br\/index.php\/2024\/01\/22\/carro-bate-em-carreta-destroi-familia-pai-mae-e-bebe-perderam-a-vida-crianca-foi-ejetada-do-carro\/","url_meta":{"origin":19486,"position":5},"title":"Carro bate em carreta, destr\u00f3i fam\u00edlia, pai, m\u00e3e e beb\u00ea perderam a vida, crian\u00e7a foi ejetada do carro","author":"noticiasribeiraopreto.com.br","date":"22 de January de 2024","format":false,"excerpt":"Uma colis\u00e3o frontal entre um carro e uma carreta destruiu uma fam\u00edlia, o acidente teve como cen\u00e1rio a rodovia BR-25 e aconteceu na tarde deste domingo (21). No final da tarde deste \u00faltimo domingo, um tr\u00e1gico acidente na BR-251, pr\u00f3ximo a localidade de Curral de Dentro, que fica no interior\u2026","rel":"","context":"In &quot;Blog&quot;","block_context":{"text":"Blog","link":"https:\/\/noticiasribeiraopreto.com.br\/index.php\/category\/blog\/"},"img":{"alt_text":"","src":"https:\/\/i0.wp.com\/noticiasribeiraopreto.com.br\/wp-content\/uploads\/2024\/01\/postimg-65aeb8e91dccd9738.jpg?fit=1200%2C628&ssl=1&resize=350%2C200","width":350,"height":200,"srcset":"https:\/\/i0.wp.com\/noticiasribeiraopreto.com.br\/wp-content\/uploads\/2024\/01\/postimg-65aeb8e91dccd9738.jpg?fit=1200%2C628&ssl=1&resize=350%2C200 1x, https:\/\/i0.wp.com\/noticiasribeiraopreto.com.br\/wp-content\/uploads\/2024\/01\/postimg-65aeb8e91dccd9738.jpg?fit=1200%2C628&ssl=1&resize=525%2C300 1.5x, https:\/\/i0.wp.com\/noticiasribeiraopreto.com.br\/wp-content\/uploads\/2024\/01\/postimg-65aeb8e91dccd9738.jpg?fit=1200%2C628&ssl=1&resize=700%2C400 2x, https:\/\/i0.wp.com\/noticiasribeiraopreto.com.br\/wp-content\/uploads\/2024\/01\/postimg-65aeb8e91dccd9738.jpg?fit=1200%2C628&ssl=1&resize=1050%2C600 3x"},"classes":[]}],"jetpack_sharing_enabled":true,"jetpack_shortlink":"https:\/\/wp.me\/peQAOb-54i","_links":{"self":[{"href":"https:\/\/noticiasribeiraopreto.com.br\/index.php\/wp-json\/wp\/v2\/posts\/19486","targetHints":{"allow":["GET"]}}],"collection":[{"href":"https:\/\/noticiasribeiraopreto.com.br\/index.php\/wp-json\/wp\/v2\/posts"}],"about":[{"href":"https:\/\/noticiasribeiraopreto.com.br\/index.php\/wp-json\/wp\/v2\/types\/post"}],"author":[{"embeddable":true,"href":"https:\/\/noticiasribeiraopreto.com.br\/index.php\/wp-json\/wp\/v2\/users\/1"}],"replies":[{"embeddable":true,"href":"https:\/\/noticiasribeiraopreto.com.br\/index.php\/wp-json\/wp\/v2\/comments?post=19486"}],"version-history":[{"count":0,"href":"https:\/\/noticiasribeiraopreto.com.br\/index.php\/wp-json\/wp\/v2\/posts\/19486\/revisions"}],"wp:featuredmedia":[{"embeddable":true,"href":"https:\/\/noticiasribeiraopreto.com.br\/index.php\/wp-json\/wp\/v2\/media\/19487"}],"wp:attachment":[{"href":"https:\/\/noticiasribeiraopreto.com.br\/index.php\/wp-json\/wp\/v2\/media?parent=19486"}],"wp:term":[{"taxonomy":"category","embeddable":true,"href":"https:\/\/noticiasribeiraopreto.com.br\/index.php\/wp-json\/wp\/v2\/categories?post=19486"},{"taxonomy":"post_tag","embeddable":true,"href":"https:\/\/noticiasribeiraopreto.com.br\/index.php\/wp-json\/wp\/v2\/tags?post=19486"}],"curies":[{"name":"wp","href":"https:\/\/api.w.org\/{rel}","templated":true}]}}