{"id":19488,"date":"2023-12-22T14:18:54","date_gmt":"2023-12-22T17:18:54","guid":{"rendered":"https:\/\/noticiasribeiraopreto.com.br\/index.php\/2023\/12\/22\/concurso-para-niveis-fundamental-e-medio-oferece-vagas-em-diversas-areas\/"},"modified":"2023-12-22T14:18:54","modified_gmt":"2023-12-22T17:18:54","slug":"concurso-para-niveis-fundamental-e-medio-oferece-vagas-em-diversas-areas","status":"publish","type":"post","link":"https:\/\/noticiasribeiraopreto.com.br\/index.php\/2023\/12\/22\/concurso-para-niveis-fundamental-e-medio-oferece-vagas-em-diversas-areas\/","title":{"rendered":"Concurso para n\u00edveis FUNDAMENTAL e M\u00c9DIO oferece vagas em diversas \u00e1reas"},"content":{"rendered":"<div class='code-block code-block-1' style='margin: 8px 0 8px auto; text-align: right; display: block; clear: both;'>\n<p><a href=\"https:\/\/wa.link\/vpicfd\"><img data-recalc-dims=\"1\" class=\"wp-image-4922\" style=\"aspect-ratio: 2.0253164556962027; width: 561px; height: auto;\" src=\"https:\/\/i0.wp.com\/ismaelcolosi.com.br\/wp-content\/uploads\/2023\/11\/grupo-de-empregos-whatsapp-e-facebook-ismael-colosi-vagas.jpg?ssl=1\" alt=\"\" \/><\/a><\/p>\n<!-- \/wp:image -->\n<\/div>\n<p> <br \/>\n<\/p>\n<div>\n<h2><strong>Edital divulgado nesta semana abre per\u00edodo de inscri\u00e7\u00f5es em fevereiro de 2023.<\/strong><\/h2>\n<p>Candidatos que possuam n\u00edvel <a href=\"https:\/\/noticiasconcursos.com.br\/concursos-publicos\/concursos-por-nivel\/concursos-nivel-fundamental\/\"><strong>fundamental<\/strong><\/a> ou <a href=\"https:\/\/noticiasconcursos.com.br\/concursos-publicos\/concursos-por-nivel\/concursos-nivel-medio\/\"><strong>m\u00e9dio\/t\u00e9cnico<\/strong><\/a> podem concorrer a uma das vagas que est\u00e3o abertas em um novo <a href=\"https:\/\/noticiasconcursos.com.br\/concursos-publicos\/concursos-abertos\/\"><strong>concurso p\u00fablico<\/strong><\/a>.<\/p>\n<p>A banca respons\u00e1vel pela organiza\u00e7\u00e3o do concurso \u00e9 o <strong>MS Concursos<\/strong>.<\/p>\n<p>Confira mais informa\u00e7\u00f5es.<\/p>\n<h2><strong>Quais s\u00e3o as vagas?<\/strong><\/h2>\n<p>As oportunidades s\u00e3o destinadas para o Servi\u00e7o Aut\u00f4nomo de \u00c1gua e Esgoto de Manhua\u00e7u (SAAE \u2013 MG), no estado de Minas Gerais. Ao todo, s\u00e3o oferecidas <strong>20 vagas<\/strong> para contrata\u00e7\u00e3o imediata.<\/p>\n<p>Desse total, 12 vagas s\u00e3o para cargos de n\u00edvel fundamental, oito para cargos de n\u00edvel m\u00e9dio ou t\u00e9cnico.<\/p>\n<p>Confira a disponibilidade de vagas por cargo a seguir:<\/p>\n<p><strong>N\u00edvel Fundamental<\/strong><\/p>\n<div class=\"bs-irp left bs-irp-thumbnail-1\">\n<p>&#13;<br \/><span class=\"h-text heading-typo\">Voc\u00ea tamb\u00e9m pode gostar:<\/span>&#13; <\/p>\n<\/p><\/div>\n<ul>\n<li>Ajudante de Servi\u00e7os \u2013 15 vagas;<\/li>\n<li>Eletricista \u2013 1 vaga;<\/li>\n<li>Encanador \u2013 3 vagas;<\/li>\n<li>Fiscal \u2013 2 vagas;<\/li>\n<li>Motorista \u2013 1 vaga;<\/li>\n<li>Operador de ETA e ETE. \u2013 1 vaga;<\/li>\n<li>Operador de M\u00e1quinas Pesadas \u2013 2 vagas;<\/li>\n<li>Pedreiro \u2013 3 vagas;<\/li>\n<li>Pintor \u2013 1 vaga;<\/li>\n<li>Vigia \u2013 1 vaga.<\/li>\n<\/ul>\n<p><strong>N\u00edvel m\u00e9dio\/t\u00e9cnico<\/strong><\/p>\n<ul>\n<li>Ajudante Administrativo \u2013 6 vagas;<\/li>\n<li>Auxiliar de Laborat\u00f3rio \u2013 1 vaga;<\/li>\n<li>Bombeiro Hidr\u00e1ulico \u2013 1 vaga.<\/li>\n<\/ul>\n<p>Os sal\u00e1rios oferecidos pela SAAE \u2013 MG variam entre <strong>R$ 1.320,00 <\/strong>a<strong> R$ 1.938,79 <\/strong>dependendo do cargo para uma jornada de trabalho de 40 horas semanais.<\/p>\n<figure id=\"attachment_781810\" aria-describedby=\"caption-attachment-781810\" style=\"width: 1200px\" class=\"wp-caption alignnone\"><img data-recalc-dims=\"1\" fetchpriority=\"high\" decoding=\"async\" class=\"wp-image-781810 size-full\" http=\"\" alt=\"Concurso para n\u00edveis FUNDAMENTAL e M\u00c9DIO oferece vagas em diversas \u00e1reas\" width=\"1200\" height=\"800\" srcset=\"https:\/\/noticiasconcursos.com.br\/wp-content\/uploads\/2023\/12\/noticiasconcursos.com.br-concursos-publicos-1.webp 1200w, https:\/\/noticiasconcursos.com.br\/wp-content\/uploads\/2023\/12\/noticiasconcursos.com.br-concursos-publicos-1-300x200.webp 300w, https:\/\/noticiasconcursos.com.br\/wp-content\/uploads\/2023\/12\/noticiasconcursos.com.br-concursos-publicos-1-768x512.webp 768w\" data-lazy-sizes=\"(max-width: 1200px) 100vw, 1200px\" src=\"https:\/\/i0.wp.com\/noticiasconcursos.com.br\/wp-content\/uploads\/2023\/12\/noticiasconcursos.com.br-concursos-publicos-1.webp?resize=1200%2C800&#038;ssl=1\"\/><noscript><img data-recalc-dims=\"1\" fetchpriority=\"high\" decoding=\"async\" class=\"wp-image-781810 size-full\" src=\"https:\/\/i0.wp.com\/noticiasconcursos.com.br\/wp-content\/uploads\/2023\/12\/noticiasconcursos.com.br-concursos-publicos-1.webp?resize=1200%2C800&#038;ssl=1\" alt=\"Concurso para n\u00edveis FUNDAMENTAL e M\u00c9DIO oferece vagas em diversas \u00e1reas\" width=\"1200\" height=\"800\" srcset=\"https:\/\/noticiasconcursos.com.br\/wp-content\/uploads\/2023\/12\/noticiasconcursos.com.br-concursos-publicos-1.webp 1200w, https:\/\/noticiasconcursos.com.br\/wp-content\/uploads\/2023\/12\/noticiasconcursos.com.br-concursos-publicos-1-300x200.webp 300w, https:\/\/noticiasconcursos.com.br\/wp-content\/uploads\/2023\/12\/noticiasconcursos.com.br-concursos-publicos-1-768x512.webp 768w\" sizes=\"(max-width: 1200px) 100vw, 1200px\"\/><\/noscript><figcaption id=\"caption-attachment-781810\" class=\"wp-caption-text\">A banca respons\u00e1vel pela organiza\u00e7\u00e3o do concurso \u00e9 o MS Concursos. Imagem: Divulga\u00e7\u00e3o<\/figcaption><\/figure>\n<h2><strong>Quem pode se candidatar?<\/strong><\/h2>\n<p>Para concorrer a uma das vagas, o candidato deve comprovar os seguintes requisitos:<\/p>\n<ul>\n<li>Ter nacionalidade brasileira ou portuguesa com direitos e obriga\u00e7\u00f5es pol\u00edticas e civis reconhecidos no Pa\u00eds;<\/li>\n<li>Ter, no m\u00ednimo, 18 anos completos at\u00e9 a data da contrata\u00e7\u00e3o;<\/li>\n<li>Ter cumprido as obriga\u00e7\u00f5es e encargos militares previstos em lei, se do sexo masculino;<\/li>\n<li>Estar em dia com as obriga\u00e7\u00f5es eleitorais;<\/li>\n<li>Possuir os requisitos m\u00ednimos de ingresso exigidos para o desempenho da fun\u00e7\u00e3o;<\/li>\n<li>N\u00e3o receber Proventos de Aposentadoria decorrente do Artigo 40 ou dos Artigos 42 e 142, com proibi\u00e7\u00e3o prevista no \u00a710 do Artigo 37, da Constitui\u00e7\u00e3o Federal;<\/li>\n<li>N\u00e3o exercer Cargo, Emprego ou Fun\u00e7\u00e3o P\u00fablica remunerada em qualquer dos \u00d3rg\u00e3os da Administra\u00e7\u00e3o Direta, Indireta e Fundacional do Governo Federal, Estadual ou Municipal, Autarquias, Empresas P\u00fablicas, Sociedades de Economia Mista, suas subsidi\u00e1rias e sociedade controladas, direta ou indiretamente, pelo poder p\u00fablico, ou em qualquer um dos Poderes, sen\u00e3o naqueles casos previstos nas al\u00edneas \u201ca\u201d, \u201cb\u201d e \u201cc\u201d, do inciso XVI, do artigo 37 da Constitui\u00e7\u00e3o Federal;<\/li>\n<li>N\u00e3o ter sofrido no exerc\u00edcio de fun\u00e7\u00e3o p\u00fablica penalidade de demiss\u00e3o;<\/li>\n<li>N\u00e3o estar condenado por senten\u00e7a criminal transitada em julgado e n\u00e3o cumprida;<\/li>\n<li>N\u00e3o participar de ger\u00eancia ou administra\u00e7\u00e3o de empresa privada, de sociedade civil ou exercer o com\u00e9rcio, exceto na qualidade de acionista, cotista ou comandit\u00e1rio.<\/li>\n<\/ul>\n<h2><strong>Como se inscrever?<\/strong><\/h2>\n<p>Os interessados em participar do concurso do SAAE \u2013 MG t\u00eam entre os dias <strong>15 <\/strong>a<strong> 29 de fevereiro de 2024<\/strong> para realizar a inscri\u00e7\u00e3o no certame.<\/p>\n<p>O preenchimento da ficha de inscri\u00e7\u00e3o deve ser feito diretamente pelo site do <a href=\"https:\/\/www.msconcursos.com.br\/concurso\/1052597\/servio-autnomo-de-gua-e-esgoto-manhuau-mg\">MS Concursos<\/a>.<\/p>\n<p>O valor da taxa de inscri\u00e7\u00e3o varia entre R$ 60,00 a R$ 80,00 dependendo do cargo pretendido pelo candidato.<\/p>\n<p>Os candidatos que est\u00e3o desempregados ou que est\u00e3o inscritos no Cadastro \u00danico para Programas Sociais do Governo Federal \u2013 Cad\u00danico podem solicitar a <strong>isen\u00e7\u00e3o da taxa <\/strong>de inscri\u00e7\u00e3o.<\/p>\n<p>Para isso, basta acessar o site do MS Concursos at\u00e9 o dia 17 de fevereiro de 2024 e preencher o requerimento de isen\u00e7\u00e3o.<\/p>\n<p>A entidade respons\u00e1vel pelo certame verificar\u00e1 perante o \u00f3rg\u00e3o gestor do Cad\u00danico a veracidade das informa\u00e7\u00f5es prestadas pelo candidato para fins de confirma\u00e7\u00e3o do pedido de isen\u00e7\u00e3o.<\/p>\n<p>Os dados constantes da ficha de inscri\u00e7\u00e3o s\u00e3o de inteira responsabilidade do candidato, inclusive quanto aos erros, omiss\u00f5es ou incorre\u00e7\u00f5es.<\/p>\n<p>Em caso de falsa declara\u00e7\u00e3o o candidato estar\u00e1 sujeito \u00e0s san\u00e7\u00f5es previstas em lei, aplicando-se, ainda, o disposto no par\u00e1grafo \u00fanico do artigo 1.\u00ba do Decreto Federal n.\u00b0 83.936, de 06 de setembro de 1979.<\/p>\n<h2><strong>Quais as etapas de sele\u00e7\u00e3o?<\/strong><\/h2>\n<p>O concurso p\u00fablico para o SAAE \u2013 MG contar\u00e1 com as seguintes etapas:<\/p>\n<ul>\n<li><strong>Prova objetiva<\/strong> de car\u00e1ter eliminat\u00f3rio e classificat\u00f3rio.<\/li>\n<li><strong>Prova de t\u00edtulos<\/strong> de car\u00e1ter classificat\u00f3rio.<\/li>\n<li><strong>Prova pr\u00e1tica <\/strong>de car\u00e1ter eliminat\u00f3rio e classificat\u00f3rio.<\/li>\n<\/ul>\n<p>A aplica\u00e7\u00e3o da prova objetiva est\u00e1 prevista para o dia 17 de mar\u00e7o de 2024.<\/p>\n<p><a href=\"https:\/\/www.msconcursos.com.br\/concurso\/1052597\/servio-autnomo-de-gua-e-esgoto-manhuau-mg\"><strong>Clique aqui<\/strong><\/a> para acessar o edital na \u00edntegra e conferir maiores informa\u00e7\u00f5es como o cronograma completo, o conte\u00fado program\u00e1tico das provas e as atribui\u00e7\u00f5es de cada cargo.<\/p>\n<p> <noscript><iframe loading=\"lazy\" title=\"Conhe\u00e7a os principais requisitos para ingresso no servi\u00e7o p\u00fablico!\" width=\"500\" height=\"281\" src=\"https:\/\/www.youtube.com\/embed\/SkAYwHIBoVk?feature=oembed\" frameborder=\"0\" allow=\"accelerometer; autoplay; clipboard-write; encrypted-media; gyroscope; picture-in-picture; web-share\" referrerpolicy=\"strict-origin-when-cross-origin\" allowfullscreen><\/iframe><\/noscript> <\/p>\n<\/div>\n<p><br \/>\n<br \/><a href=\"https:\/\/ismaelcolosi.com.br\/concurso-para-niveis-fundamental-e-medio-oferece-vagas-em-diversas-areas\/\">Source link <\/a><\/p>\n<!-- CONTENT END 1 -->\n","protected":false},"excerpt":{"rendered":"<p>Edital divulgado nesta semana abre per\u00edodo de inscri\u00e7\u00f5es em fevereiro de 2023. Candidatos que possuam n\u00edvel fundamental ou m\u00e9dio\/t\u00e9cnico podem concorrer a uma das vagas&#8230;<\/p>\n","protected":false},"author":1,"featured_media":19489,"comment_status":"open","ping_status":"open","sticky":false,"template":"","format":"standard","meta":{"advanced_seo_description":"","jetpack_seo_html_title":"","jetpack_seo_noindex":false,"jetpack_post_was_ever_published":false,"_jetpack_newsletter_access":"","_jetpack_dont_email_post_to_subs":false,"_jetpack_newsletter_tier_id":0,"_jetpack_memberships_contains_paywalled_content":false,"_jetpack_memberships_contains_paid_content":false,"footnotes":"","jetpack_publicize_message":"","jetpack_publicize_feature_enabled":true,"jetpack_social_post_already_shared":true,"jetpack_social_options":{"image_generator_settings":{"template":"highway","default_image_id":0,"font":"","enabled":false},"version":2}},"categories":[7],"tags":[],"class_list":["post-19488","post","type-post","status-publish","format-standard","has-post-thumbnail","hentry","category-vagas-de-empregos-em-ribeirao-preto-regiao-brasil"],"jetpack_publicize_connections":[],"jetpack_featured_media_url":"https:\/\/i0.wp.com\/noticiasribeiraopreto.com.br\/wp-content\/uploads\/2023\/12\/noticiasconcursos.com_.br-concursos-publicos-1.webp.webp?fit=1200%2C800&ssl=1","jetpack-related-posts":[{"id":15540,"url":"https:\/\/noticiasribeiraopreto.com.br\/index.php\/2023\/12\/13\/concurso-publico-da-camara-de-colinas-oferece-remuneracao-de-ate-r-45-mil\/","url_meta":{"origin":19488,"position":0},"title":"Concurso p\u00fablico da C\u00e2mara de Colinas oferece remunera\u00e7\u00e3o de at\u00e9 R$ 4,5 mil","author":"noticiasribeiraopreto.com.br","date":"13 de December de 2023","format":false,"excerpt":"Cr\u00e9ditos: IStockConcurso P\u00fablico da C\u00e2mara de A C\u00e2mara de Colinas, no estado do\u00a0Tocantins, anuncia edital de 001\/2023 para concurso p\u00fablico, com a finalidade de abrir 39 vagas, dentre imediatas e cadastro reserva destinadas a profissionais com grau de escolaridade superior, fundamental e m\u00e9dio. A remunera\u00e7\u00e3o oferecida em concurso p\u00fablico aos\u2026","rel":"","context":"In &quot;Variedades&quot;","block_context":{"text":"Variedades","link":"https:\/\/noticiasribeiraopreto.com.br\/index.php\/category\/variedades\/"},"img":{"alt_text":"","src":"https:\/\/i0.wp.com\/noticiasribeiraopreto.com.br\/wp-content\/uploads\/2023\/12\/istock-466007306.jpg?fit=1200%2C638&ssl=1&resize=350%2C200","width":350,"height":200,"srcset":"https:\/\/i0.wp.com\/noticiasribeiraopreto.com.br\/wp-content\/uploads\/2023\/12\/istock-466007306.jpg?fit=1200%2C638&ssl=1&resize=350%2C200 1x, https:\/\/i0.wp.com\/noticiasribeiraopreto.com.br\/wp-content\/uploads\/2023\/12\/istock-466007306.jpg?fit=1200%2C638&ssl=1&resize=525%2C300 1.5x, https:\/\/i0.wp.com\/noticiasribeiraopreto.com.br\/wp-content\/uploads\/2023\/12\/istock-466007306.jpg?fit=1200%2C638&ssl=1&resize=700%2C400 2x, https:\/\/i0.wp.com\/noticiasribeiraopreto.com.br\/wp-content\/uploads\/2023\/12\/istock-466007306.jpg?fit=1200%2C638&ssl=1&resize=1050%2C600 3x"},"classes":[]},{"id":20641,"url":"https:\/\/noticiasribeiraopreto.com.br\/index.php\/2023\/12\/26\/camara-de-caldas-novas-lanca-edital-para-concurso-publico-com-68-vagas\/","url_meta":{"origin":19488,"position":1},"title":"C\u00e2mara de Caldas Novas lan\u00e7a edital para concurso p\u00fablico com 68 vagas","author":"noticiasribeiraopreto.com.br","date":"26 de December de 2023","format":false,"excerpt":"Cr\u00e9ditos: IStockConcurso p\u00fablico da C\u00e2mara de Caldas Novas A C\u00e2mara Municipal de Caldas Novas, localizada em Goi\u00e1s, divulga o aguardado edital de n\u00famero 01\/2023 para seu novo concurso p\u00fablico, visando o preenchimento de 68 vagas. Dessas, 17 s\u00e3o imediatas e 51 destinadas ao cadastro de reserva, para futuras convoca\u00e7\u00f5es conforme\u2026","rel":"","context":"In &quot;Variedades&quot;","block_context":{"text":"Variedades","link":"https:\/\/noticiasribeiraopreto.com.br\/index.php\/category\/variedades\/"},"img":{"alt_text":"","src":"https:\/\/i0.wp.com\/noticiasribeiraopreto.com.br\/wp-content\/uploads\/2023\/12\/istock-902790606.jpg?fit=1200%2C638&ssl=1&resize=350%2C200","width":350,"height":200,"srcset":"https:\/\/i0.wp.com\/noticiasribeiraopreto.com.br\/wp-content\/uploads\/2023\/12\/istock-902790606.jpg?fit=1200%2C638&ssl=1&resize=350%2C200 1x, https:\/\/i0.wp.com\/noticiasribeiraopreto.com.br\/wp-content\/uploads\/2023\/12\/istock-902790606.jpg?fit=1200%2C638&ssl=1&resize=525%2C300 1.5x, https:\/\/i0.wp.com\/noticiasribeiraopreto.com.br\/wp-content\/uploads\/2023\/12\/istock-902790606.jpg?fit=1200%2C638&ssl=1&resize=700%2C400 2x, https:\/\/i0.wp.com\/noticiasribeiraopreto.com.br\/wp-content\/uploads\/2023\/12\/istock-902790606.jpg?fit=1200%2C638&ssl=1&resize=1050%2C600 3x"},"classes":[]},{"id":73997,"url":"https:\/\/noticiasribeiraopreto.com.br\/index.php\/2025\/07\/14\/concurso-publico-na-regiao-de-ribeirao-preto-oferece-vagas-de-nivel-fundamental-medio-e-superior\/","url_meta":{"origin":19488,"position":2},"title":"Concurso p\u00fablico na regi\u00e3o de Ribeir\u00e3o Preto oferece vagas de n\u00edvel fundamental, m\u00e9dio e superior","author":"noticiasribeiraopreto.com.br","date":"14 de July de 2025","format":false,"excerpt":"A Prefeitura de C\u00e1ssia dos Coqueiros, cidade a 80 quil\u00f4metros de Ribeir\u00e3o Preto, publicou edital de concurso p\u00fablico com oportunidades para o cadastro de reserva. As fun\u00e7\u00f5es s\u00e3o de n\u00edvel fundamental, m\u00e9dio e superior. As inscri\u00e7\u00f5es devem ser realizadas pela internet (clique aqui) at\u00e9 o dia 11 de agosto. O\u2026","rel":"","context":"In &quot;Not\u00edcias de Ribeir\u00e3o Preto-SP e Regi\u00e3o&quot;","block_context":{"text":"Not\u00edcias de Ribeir\u00e3o Preto-SP e Regi\u00e3o","link":"https:\/\/noticiasribeiraopreto.com.br\/index.php\/category\/noticias-de-ribeirao-preto-sp-e-regiao-ismael-colosi\/"},"img":{"alt_text":"","src":"https:\/\/i0.wp.com\/noticiasribeiraopreto.com.br\/wp-content\/uploads\/2025\/07\/concurso-publico_2025-07-09_13-50-45.webp.webp?fit=1200%2C798&ssl=1&resize=350%2C200","width":350,"height":200,"srcset":"https:\/\/i0.wp.com\/noticiasribeiraopreto.com.br\/wp-content\/uploads\/2025\/07\/concurso-publico_2025-07-09_13-50-45.webp.webp?fit=1200%2C798&ssl=1&resize=350%2C200 1x, https:\/\/i0.wp.com\/noticiasribeiraopreto.com.br\/wp-content\/uploads\/2025\/07\/concurso-publico_2025-07-09_13-50-45.webp.webp?fit=1200%2C798&ssl=1&resize=525%2C300 1.5x, https:\/\/i0.wp.com\/noticiasribeiraopreto.com.br\/wp-content\/uploads\/2025\/07\/concurso-publico_2025-07-09_13-50-45.webp.webp?fit=1200%2C798&ssl=1&resize=700%2C400 2x, https:\/\/i0.wp.com\/noticiasribeiraopreto.com.br\/wp-content\/uploads\/2025\/07\/concurso-publico_2025-07-09_13-50-45.webp.webp?fit=1200%2C798&ssl=1&resize=1050%2C600 3x"},"classes":[]},{"id":62208,"url":"https:\/\/noticiasribeiraopreto.com.br\/index.php\/2025\/01\/07\/veja-quatro-concursos-publicos-com-mais-de-500-vagas-no-estado-de-sp\/","url_meta":{"origin":19488,"position":3},"title":"Veja quatro concursos p\u00fablicos com mais de 500 vagas no estado de SP","author":"noticiasribeiraopreto.com.br","date":"7 de January de 2025","format":false,"excerpt":"2025 come\u00e7ou com diversas oportunidades em concursos p\u00fablicos no estado de S\u00e3o Paulo. O acidade on Ribeir\u00e3o separou quatro concursos com mais de 500 vagas de n\u00edvel fundamental, m\u00e9dio, t\u00e9cnico e superior. TJ-SP \u2013 274 vagas O TJ-SP (Tribunal de Justi\u00e7a de S\u00e3o Paulo) tem dois concursos p\u00fablicos abertos com\u2026","rel":"","context":"In &quot;Not\u00edcias de Ribeir\u00e3o Preto-SP e Regi\u00e3o&quot;","block_context":{"text":"Not\u00edcias de Ribeir\u00e3o Preto-SP e Regi\u00e3o","link":"https:\/\/noticiasribeiraopreto.com.br\/index.php\/category\/noticias-de-ribeirao-preto-sp-e-regiao-ismael-colosi\/"},"img":{"alt_text":"","src":"https:\/\/i0.wp.com\/noticiasribeiraopreto.com.br\/wp-content\/uploads\/2025\/01\/concurso_2025-01-07_18-14-44_jpg_2025-01-07_18-14-45.webp.webp?fit=1200%2C800&ssl=1&resize=350%2C200","width":350,"height":200,"srcset":"https:\/\/i0.wp.com\/noticiasribeiraopreto.com.br\/wp-content\/uploads\/2025\/01\/concurso_2025-01-07_18-14-44_jpg_2025-01-07_18-14-45.webp.webp?fit=1200%2C800&ssl=1&resize=350%2C200 1x, https:\/\/i0.wp.com\/noticiasribeiraopreto.com.br\/wp-content\/uploads\/2025\/01\/concurso_2025-01-07_18-14-44_jpg_2025-01-07_18-14-45.webp.webp?fit=1200%2C800&ssl=1&resize=525%2C300 1.5x, https:\/\/i0.wp.com\/noticiasribeiraopreto.com.br\/wp-content\/uploads\/2025\/01\/concurso_2025-01-07_18-14-44_jpg_2025-01-07_18-14-45.webp.webp?fit=1200%2C800&ssl=1&resize=700%2C400 2x, https:\/\/i0.wp.com\/noticiasribeiraopreto.com.br\/wp-content\/uploads\/2025\/01\/concurso_2025-01-07_18-14-44_jpg_2025-01-07_18-14-45.webp.webp?fit=1200%2C800&ssl=1&resize=1050%2C600 3x"},"classes":[]},{"id":17774,"url":"https:\/\/noticiasribeiraopreto.com.br\/index.php\/2023\/12\/19\/concurso-publico-abre-inscricoes-com-190-vagas-para-diversos-niveis-de-escolaridade\/","url_meta":{"origin":19488,"position":4},"title":"Concurso P\u00fablico abre inscri\u00e7\u00f5es com 190 vagas para diversos n\u00edveis de escolaridade","author":"noticiasribeiraopreto.com.br","date":"19 de December de 2023","format":false,"excerpt":"Confira as chances deste concurso p\u00fablico Mais um concurso p\u00fablico anuncia oportunidades para v\u00e1rios cargos. As chances s\u00e3o maravilhosas e ao todo s\u00e3o 190 vagas. Ficou interessado? Veja a seguir. Concurso P\u00fablico A Prefeitura de Tr\u00eas Rios, interior do Rio de Janeiro, abriu inscri\u00e7\u00f5es para seu novo concurso p\u00fablico, oferecendo\u2026","rel":"","context":"In &quot;Vagas de Emprego em Ribeir\u00e3o Preto-SP&quot;","block_context":{"text":"Vagas de Emprego em Ribeir\u00e3o Preto-SP","link":"https:\/\/noticiasribeiraopreto.com.br\/index.php\/category\/empregos-classificados-vagas-trabalho\/vagas-de-empregos-em-ribeirao-preto-regiao-brasil\/"},"img":{"alt_text":"","src":"https:\/\/i0.wp.com\/noticiasribeiraopreto.com.br\/wp-content\/uploads\/2023\/12\/noticiasconcursos.com_.br-concurso-publico-abre-inscricoes-com-190-vagas-para-diversos-niveis-de-escolaridade-pexels-picjumbocom-210661.jpg?fit=1200%2C800&ssl=1&resize=350%2C200","width":350,"height":200,"srcset":"https:\/\/i0.wp.com\/noticiasribeiraopreto.com.br\/wp-content\/uploads\/2023\/12\/noticiasconcursos.com_.br-concurso-publico-abre-inscricoes-com-190-vagas-para-diversos-niveis-de-escolaridade-pexels-picjumbocom-210661.jpg?fit=1200%2C800&ssl=1&resize=350%2C200 1x, https:\/\/i0.wp.com\/noticiasribeiraopreto.com.br\/wp-content\/uploads\/2023\/12\/noticiasconcursos.com_.br-concurso-publico-abre-inscricoes-com-190-vagas-para-diversos-niveis-de-escolaridade-pexels-picjumbocom-210661.jpg?fit=1200%2C800&ssl=1&resize=525%2C300 1.5x, https:\/\/i0.wp.com\/noticiasribeiraopreto.com.br\/wp-content\/uploads\/2023\/12\/noticiasconcursos.com_.br-concurso-publico-abre-inscricoes-com-190-vagas-para-diversos-niveis-de-escolaridade-pexels-picjumbocom-210661.jpg?fit=1200%2C800&ssl=1&resize=700%2C400 2x, https:\/\/i0.wp.com\/noticiasribeiraopreto.com.br\/wp-content\/uploads\/2023\/12\/noticiasconcursos.com_.br-concurso-publico-abre-inscricoes-com-190-vagas-para-diversos-niveis-de-escolaridade-pexels-picjumbocom-210661.jpg?fit=1200%2C800&ssl=1&resize=1050%2C600 3x"},"classes":[]},{"id":3977,"url":"https:\/\/noticiasribeiraopreto.com.br\/index.php\/2023\/11\/20\/concurso-publico-da-prefeitura-de-granja-ce-abre-414-vagas\/","url_meta":{"origin":19488,"position":5},"title":"Concurso p\u00fablico da prefeitura de Granja (CE) abre 414 vagas","author":"noticiasribeiraopreto.com.br","date":"20 de November de 2023","format":false,"excerpt":"Cr\u00e9ditos: IStockConcurso P\u00fablico da Prefeitura de Granja A Prefeitura de Granja, no estado do\u00a0Cear\u00e1 anuncia edital de n\u00ba 001\/2023 para concurso p\u00fablico, que visa preencher\u00a0414 vagas imediatas, com reserva para profissionais portadores de defici\u00eancia. As oportunidades s\u00e3o destinadas a candidatos com grau de escolaridade m\u00e9dio\/t\u00e9cnico, m\u00e9dio ou superior. Os valores\u2026","rel":"","context":"In &quot;Variedades&quot;","block_context":{"text":"Variedades","link":"https:\/\/noticiasribeiraopreto.com.br\/index.php\/category\/variedades\/"},"img":{"alt_text":"","src":"https:\/\/i0.wp.com\/noticiasribeiraopreto.com.br\/wp-content\/uploads\/2023\/11\/istock-1425131504.jpg?fit=1200%2C638&ssl=1&resize=350%2C200","width":350,"height":200,"srcset":"https:\/\/i0.wp.com\/noticiasribeiraopreto.com.br\/wp-content\/uploads\/2023\/11\/istock-1425131504.jpg?fit=1200%2C638&ssl=1&resize=350%2C200 1x, https:\/\/i0.wp.com\/noticiasribeiraopreto.com.br\/wp-content\/uploads\/2023\/11\/istock-1425131504.jpg?fit=1200%2C638&ssl=1&resize=525%2C300 1.5x, https:\/\/i0.wp.com\/noticiasribeiraopreto.com.br\/wp-content\/uploads\/2023\/11\/istock-1425131504.jpg?fit=1200%2C638&ssl=1&resize=700%2C400 2x, https:\/\/i0.wp.com\/noticiasribeiraopreto.com.br\/wp-content\/uploads\/2023\/11\/istock-1425131504.jpg?fit=1200%2C638&ssl=1&resize=1050%2C600 3x"},"classes":[]}],"jetpack_sharing_enabled":true,"jetpack_shortlink":"https:\/\/wp.me\/peQAOb-54k","_links":{"self":[{"href":"https:\/\/noticiasribeiraopreto.com.br\/index.php\/wp-json\/wp\/v2\/posts\/19488","targetHints":{"allow":["GET"]}}],"collection":[{"href":"https:\/\/noticiasribeiraopreto.com.br\/index.php\/wp-json\/wp\/v2\/posts"}],"about":[{"href":"https:\/\/noticiasribeiraopreto.com.br\/index.php\/wp-json\/wp\/v2\/types\/post"}],"author":[{"embeddable":true,"href":"https:\/\/noticiasribeiraopreto.com.br\/index.php\/wp-json\/wp\/v2\/users\/1"}],"replies":[{"embeddable":true,"href":"https:\/\/noticiasribeiraopreto.com.br\/index.php\/wp-json\/wp\/v2\/comments?post=19488"}],"version-history":[{"count":0,"href":"https:\/\/noticiasribeiraopreto.com.br\/index.php\/wp-json\/wp\/v2\/posts\/19488\/revisions"}],"wp:featuredmedia":[{"embeddable":true,"href":"https:\/\/noticiasribeiraopreto.com.br\/index.php\/wp-json\/wp\/v2\/media\/19489"}],"wp:attachment":[{"href":"https:\/\/noticiasribeiraopreto.com.br\/index.php\/wp-json\/wp\/v2\/media?parent=19488"}],"wp:term":[{"taxonomy":"category","embeddable":true,"href":"https:\/\/noticiasribeiraopreto.com.br\/index.php\/wp-json\/wp\/v2\/categories?post=19488"},{"taxonomy":"post_tag","embeddable":true,"href":"https:\/\/noticiasribeiraopreto.com.br\/index.php\/wp-json\/wp\/v2\/tags?post=19488"}],"curies":[{"name":"wp","href":"https:\/\/api.w.org\/{rel}","templated":true}]}}