{"id":19492,"date":"2023-12-22T14:34:24","date_gmt":"2023-12-22T17:34:24","guid":{"rendered":"https:\/\/noticiasribeiraopreto.com.br\/index.php\/2023\/12\/22\/aberto-concurso-da-prefeitura-de-franco-da-rocha-sp-para-14-vagas-2\/"},"modified":"2023-12-22T14:34:24","modified_gmt":"2023-12-22T17:34:24","slug":"aberto-concurso-da-prefeitura-de-franco-da-rocha-sp-para-14-vagas-2","status":"publish","type":"post","link":"https:\/\/noticiasribeiraopreto.com.br\/index.php\/2023\/12\/22\/aberto-concurso-da-prefeitura-de-franco-da-rocha-sp-para-14-vagas-2\/","title":{"rendered":"Aberto concurso da Prefeitura de Franco da Rocha SP para 14 vagas"},"content":{"rendered":"<div class='code-block code-block-1' style='margin: 8px 0 8px auto; text-align: right; display: block; clear: both;'>\n<p><a href=\"https:\/\/wa.link\/vpicfd\"><img data-recalc-dims=\"1\" class=\"wp-image-4922\" style=\"aspect-ratio: 2.0253164556962027; width: 561px; height: auto;\" src=\"https:\/\/i0.wp.com\/ismaelcolosi.com.br\/wp-content\/uploads\/2023\/11\/grupo-de-empregos-whatsapp-e-facebook-ismael-colosi-vagas.jpg?ssl=1\" alt=\"\" \/><\/a><\/p>\n<!-- \/wp:image -->\n<\/div>\n<p> <br \/>\n<\/p>\n<div>\n<p>Est\u00e3o abertas as inscri\u00e7\u00f5es dos dois editais do <strong><a href=\"https:\/\/jcconcursos.com.br\/concurso\/concurso-prefeitura-franco-da-rocha-73228\" rel=\"noopener\" target=\"_blank\">concurso da Prefeitura de Franco da Rocha<\/a><\/strong>, cidade situada na Regi\u00e3o Metropolitana de S\u00e3o Paulo. Oferta \u00e9 de 14 vagas para contrata\u00e7\u00e3o imediata e forma\u00e7\u00e3o de cadastro reserva (CR).<\/p>\n<p>Para <a href=\"https:\/\/jcconcursos.com.br\/concursos\/nivel-escolar\/medio\" rel=\"noopener\" target=\"_blank\">ensino m\u00e9dio<\/a> e\/ou curso t\u00e9cnico, as chances s\u00e3o para os cargos de coveiro (CR), agente de tr\u00e2nsito (CR), motorista CNH categoria \u201cD\u201d (CR), oficial de redes e telecomunica\u00e7\u00f5es (CR), puxador de guia (CR), cuidador social (CR), orientador social (CR), auxiliar de farm\u00e1cia (CR), auxiliar de sa\u00fade bucal (CR), agente funer\u00e1rio (CR), t\u00e9cnico de edifica\u00e7\u00e3o (CR), guarda civil municipal \u2013 feminino (3 vagas + CR) e guarda civil municipal \u2013 masculino (10 + CR).<\/p>\n<p><a href=\"https:\/\/jcconcursos.com.br\/concursos\/nivel-escolar\/superior\" rel=\"noopener\" target=\"_blank\">Forma\u00e7\u00e3o superior<\/a> \u00e9 requisito para as carreiras de analista de desenvolvimento de sistemas (CR), analista de suporte (CR), contador \u2013 prefeitura (CR), contador \u2013 seprev (1 + CR), m\u00e9dicos em diversas especialidades (CR), enfermeiro (CR), terapeuta ocupacional (CR), agente de fiscaliza\u00e7\u00e3o de obras (CR), arquiteto e urbanista (CR), engenheiro civil (CR), fonoaudi\u00f3logo (CR), engenheiro agr\u00f4nomo (CR), engenheiro hidr\u00e1ulico (CR), ge\u00f3logo (CR) e ge\u00f3grafo (CR).<\/p>\n<p>Os sal\u00e1rios iniciais oferecidos partem de R$ 1.351,42 e chegam a R$ 17.689,07.<\/p>\n<h2>Como fazer a inscri\u00e7\u00e3o<\/h2>\n<p>As inscri\u00e7\u00f5es ser\u00e3o recebidas <span style=\"text-decoration: underline;\">at\u00e9 o dia 11 de janeiro de 2024<\/span>, exclusivamente pela internet, atrav\u00e9s do site do Instituto Consulpam, organizador do processo de sele\u00e7\u00e3o, nos seguintes links: <a href=\"https:\/\/www.consulpam.com.br\/index.php?acao=ver&amp;id=522&amp;menu=concursos\" rel=\"noopener\" target=\"_blank\">guarda civil municipal<\/a> e <a href=\"https:\/\/www.consulpam.com.br\/index.php?acao=ver&amp;id=523&amp;menu=concursos\" rel=\"noopener\" target=\"_blank\">demais cargos<\/a>.<\/p>\n<p>Ap\u00f3s concluir o cadastro, o candidato dever\u00e1 imprimir o boleto banc\u00e1rio referente a taxa de participa\u00e7\u00e3o, nos valores de R$ 13,58 (n\u00edveis m\u00e9dio e t\u00e9cnico) e R$ 17,25 (superior), e efetuar o seu pagamento at\u00e9 a data limite do prazo, observado o hor\u00e1rio de funcionamento do banco.<\/p>\n<h2>Etapas<\/h2>\n<p>O concurso da <a href=\"https:\/\/francodarocha.sp.gov.br\/\" rel=\"noopener\" target=\"_blank\">Prefeitura de Franco da Rocha<\/a> ser\u00e1 constitu\u00eddo das seguintes fases:<\/p>\n<ol style=\"list-style-type: upper-roman;\">\n<li>prova objetiva, de car\u00e1ter eliminat\u00f3rio e classificat\u00f3rio, para todos os cargos;<\/li>\n<li>prova pr\u00e1tica, de car\u00e1ter eliminat\u00f3rio, para agente de tr\u00e2nsito, motorista, agente funer\u00e1rio e guarda civil municipal;<\/li>\n<li>TAF, de car\u00e1ter eliminat\u00f3rio, para agente de tr\u00e2nsito;<\/li>\n<li>teste psicol\u00f3gico, de car\u00e1ter eliminat\u00f3rio, para guarda civil municipal;<\/li>\n<li>investiga\u00e7\u00e3o social, de car\u00e1ter eliminat\u00f3rio, para guarda civil municipal; e<\/li>\n<li>curso de forma\u00e7\u00e3o, de car\u00e1ter eliminat\u00f3rio, para agente de tr\u00e2nsito e guarda civil municipal.<\/li>\n<\/ol>\n<p>A prova objetiva ser\u00e1 aplicada nas datas previstas de 10 de mar\u00e7o (guarda) e 17 de mar\u00e7o (demais cargos), em locais e hor\u00e1rios a serem comunicados no edital de convoca\u00e7\u00e3o, a ser publicado em momento oportuno.<\/p>\n<p>+ O JC Concursos disponibiliza mais detalhes sobre o edital, como atribui\u00e7\u00f5es, conte\u00fado program\u00e1tico e cronograma, na <a href=\"https:\/\/jcconcursos.com.br\/concurso\/concurso-prefeitura-franco-da-rocha-73228\" rel=\"noopener\" target=\"_blank\">p\u00e1gina do concurso da Prefeitura de Franco da Rocha<\/a>.<\/p>\n<p><em>* Not\u00edcia \u00fatil para o Estado de S\u00e3o Paulo. Confira <a href=\"https:\/\/jcconcursos.com.br\/concursos\/sp\" rel=\"noopener\" target=\"_blank\">mais informa\u00e7\u00f5es sobre a regi\u00e3o aqui<\/a>.<\/em><\/p>\n<p><a id=\"gnews_btn\" href=\"https:\/\/news.google.com\/publications\/CAAqBwgKMOixlQswuZWrAw\" target=\"_blank\" class=\"border_jc_blue link_hover_bg_jc_blue font_85 d-block d-md-inline-block px-2 py-1 mr-0 mr-md-2 mb-3 w-100 text-center\" rel=\"noopener\"><span class=\"text_jc_blue\">Siga o <strong>JC Concursos no Google News<\/strong><\/span><\/a><span id=\"resumo\" class=\"anchor_link\"\/><\/p>\n<div class=\"concurso_box_v2 px-4 py-4 mb-3 mt-1\"><a href=\"https:\/\/jcconcursos.com.br\/concurso\/concurso-prefeitura-franco-da-rocha-73228\"> <\/p>\n<h3 class=\"mb-3\"><span class=\"text_jc_blue\">+ <\/span>Resumo do Concurso Prefeitura de Franco da Rocha (SP) 2024<br \/><\/h3>\n<p> <\/a> <\/p>\n<p class=\"mb-4 small\"><a href=\"https:\/\/jcconcursos.com.br\/concursos\/por-orgao\/prefeitura-franco-da-rocha\"><br \/>Prefeitura de Franco da Rocha<br \/><\/a><br \/><strong>Vagas:<\/strong> 14 <br \/><strong>Taxa de inscri\u00e7\u00e3o: <\/strong><br \/>De R$ 13,58<br \/>At\u00e9 R$ 17,25 <br \/><strong>Cargos: <\/strong><a href=\"https:\/\/jcconcursos.com.br\/concursos\/por-cargo\/auxiliar\">Auxiliar<\/a>,<br \/><a href=\"https:\/\/jcconcursos.com.br\/concursos\/por-cargo\/guarda\">Guarda<\/a>,<br \/><a href=\"https:\/\/jcconcursos.com.br\/concursos\/por-cargo\/agente\">Agente<\/a><br \/><strong>\u00c1reas de Atua\u00e7\u00e3o: <\/strong><a href=\"https:\/\/jcconcursos.com.br\/concursos\/por-area\/seguranca-publica\">Seguran\u00e7a P\u00fablica<\/a>,<br \/><a href=\"https:\/\/jcconcursos.com.br\/concursos\/por-area\/administrativa\">Administrativa<\/a>,<br \/><a href=\"https:\/\/jcconcursos.com.br\/concursos\/por-area\/operacional\">Operacional<\/a>,<br \/><a href=\"https:\/\/jcconcursos.com.br\/concursos\/por-area\/saude\">Sa\u00fade<\/a><br \/><strong>Escolaridade: <\/strong><a href=\"https:\/\/jcconcursos.com.br\/concursos\/nivel-escolar\/medio\">Ensino M\u00e9dio<\/a>,<br \/><a href=\"https:\/\/jcconcursos.com.br\/concursos\/nivel-escolar\/tecnico\">Ensino T\u00e9cnico<\/a>,<br \/><a href=\"https:\/\/jcconcursos.com.br\/concursos\/nivel-escolar\/superior\">Ensino Superior<\/a><br \/><strong>Faixa de sal\u00e1rio: <\/strong><br \/>De R$ 1351,00<br \/>At\u00e9 R$ 17689,00<\/p>\n<p><strong>Organizadora: <\/strong><a href=\"https:\/\/jcconcursos.com.br\/concursos\/por-organizadora\/consulpam\">Consulpam<\/a><br \/><strong>Estados com Vagas: <\/strong><a href=\"https:\/\/jcconcursos.com.br\/concursos\/sp\">SP<\/a><br \/><strong>Cidades: <\/strong><a href=\"https:\/\/jcconcursos.com.br\/concursos\/sp\/franco-da-rocha\">Franco da Rocha \u2013 SP<\/a><\/p>\n<\/p><\/div>\n<p><a href=\"https:\/\/jcconcursos.com.br\/\" class=\"badge badge-light\">concursos publicos<\/a><a href=\"https:\/\/jcconcursos.com.br\/concursos\/inscricoes-abertas\" class=\"badge badge-light\">concursos abertos<\/a><a href=\"https:\/\/jcconcursos.com.br\/concursos\/sp\" class=\"badge badge-light\">concursos sp (s\u00e3o paulo)<\/a><a href=\"https:\/\/jcconcursos.com.br\/provas\/por-orgao\" class=\"badge badge-light\">provas anteriores<\/a><\/p>\n<\/div>\n<p><br \/>\n<br \/><a href=\"https:\/\/ismaelcolosi.com.br\/aberto-concurso-da-prefeitura-de-franco-da-rocha-sp-para-14-vagas\/\">Source link <\/a><\/p>\n<!-- CONTENT END 1 -->\n","protected":false},"excerpt":{"rendered":"<p>Est\u00e3o abertas as inscri\u00e7\u00f5es dos dois editais do concurso da Prefeitura de Franco da Rocha, cidade situada na Regi\u00e3o Metropolitana de S\u00e3o Paulo. Oferta \u00e9&#8230;<\/p>\n","protected":false},"author":1,"featured_media":19493,"comment_status":"open","ping_status":"open","sticky":false,"template":"","format":"standard","meta":{"advanced_seo_description":"","jetpack_seo_html_title":"","jetpack_seo_noindex":false,"jetpack_post_was_ever_published":false,"_jetpack_newsletter_access":"","_jetpack_dont_email_post_to_subs":false,"_jetpack_newsletter_tier_id":0,"_jetpack_memberships_contains_paywalled_content":false,"_jetpack_memberships_contains_paid_content":false,"footnotes":"","jetpack_publicize_message":"","jetpack_publicize_feature_enabled":true,"jetpack_social_post_already_shared":true,"jetpack_social_options":{"image_generator_settings":{"template":"highway","default_image_id":0,"font":"","enabled":false},"version":2}},"categories":[7],"tags":[],"class_list":["post-19492","post","type-post","status-publish","format-standard","has-post-thumbnail","hentry","category-vagas-de-empregos-em-ribeirao-preto-regiao-brasil"],"jetpack_publicize_connections":[],"jetpack_featured_media_url":"https:\/\/i0.wp.com\/noticiasribeiraopreto.com.br\/wp-content\/uploads\/2023\/12\/1703266468_google_calendar_v2.jpg?fit=26%2C25&ssl=1","jetpack-related-posts":[{"id":22308,"url":"https:\/\/noticiasribeiraopreto.com.br\/index.php\/2023\/12\/29\/concurso-da-prefeitura-de-franco-da-rocha-sp-retificacao-inclui-novos-cargos-2\/","url_meta":{"origin":19492,"position":0},"title":"Concurso da Prefeitura de Franco da Rocha SP: retifica\u00e7\u00e3o inclui novos cargos","author":"noticiasribeiraopreto.com.br","date":"29 de December de 2023","format":false,"excerpt":"Foi retificado o edital n\u00ba 02\/2023 do concurso da Prefeitura de Franco da Rocha, cidade situada na Regi\u00e3o Metropolitana de S\u00e3o Paulo. O documento inclui os cargos de engenheiro ambiental, engenheiro florestal, bi\u00f3logo e t\u00e9cnico de agrimensura, al\u00e9m de retificar o conte\u00fado program\u00e1tico de alguns cargos. Vale ressaltar que o\u2026","rel":"","context":"In &quot;Vagas de Emprego em Ribeir\u00e3o Preto-SP&quot;","block_context":{"text":"Vagas de Emprego em Ribeir\u00e3o Preto-SP","link":"https:\/\/noticiasribeiraopreto.com.br\/index.php\/category\/empregos-classificados-vagas-trabalho\/vagas-de-empregos-em-ribeirao-preto-regiao-brasil\/"},"img":{"alt_text":"","src":"","width":0,"height":0},"classes":[]},{"id":15731,"url":"https:\/\/noticiasribeiraopreto.com.br\/index.php\/2023\/12\/14\/ultimo-dia-de-inscricao-para-mais-de-1-300-vagas\/","url_meta":{"origin":19492,"position":1},"title":"\u00faltimo dia de inscri\u00e7\u00e3o para mais de 1.300 vagas","author":"noticiasribeiraopreto.com.br","date":"14 de December de 2023","format":false,"excerpt":"Ap\u00f3s terem sido prorrogadas, terminam hoje (14) as inscri\u00e7\u00f5es do concurso de Miracema, no estado do Rio de Janeiro. Oferta \u00e9 de 1.322 vagas para cargos de todos os n\u00edveis escolares, sendo 119 para contrata\u00e7\u00e3o imediata e 1.203 para forma\u00e7\u00e3o de cadastro reserva (CR). A lota\u00e7\u00e3o ocorrer\u00e1 na Prefeitura e\u2026","rel":"","context":"In &quot;Vagas de Emprego em Ribeir\u00e3o Preto-SP&quot;","block_context":{"text":"Vagas de Emprego em Ribeir\u00e3o Preto-SP","link":"https:\/\/noticiasribeiraopreto.com.br\/index.php\/category\/empregos-classificados-vagas-trabalho\/vagas-de-empregos-em-ribeirao-preto-regiao-brasil\/"},"img":{"alt_text":"","src":"","width":0,"height":0},"classes":[]},{"id":15849,"url":"https:\/\/noticiasribeiraopreto.com.br\/index.php\/2023\/12\/14\/concurso-da-prefeitura-de-urucui-pi-inscreve-para-mais-de-670-vagas\/","url_meta":{"origin":19492,"position":2},"title":"Concurso da Prefeitura de Uru\u00e7u\u00ed PI inscreve para mais de 670 vagas","author":"noticiasribeiraopreto.com.br","date":"14 de December de 2023","format":false,"excerpt":"Encontram-se abertas as inscri\u00e7\u00f5es dos dois editais do concurso da Prefeitura de Uru\u00e7u\u00ed, localizada no estado do Piau\u00ed. Ao todo, s\u00e3o oferecidas 673 vagas, sendo 225 para contrata\u00e7\u00e3o imediata e 448 para forma\u00e7\u00e3o de cadastro reserva (CR). Para ensino m\u00e9dio, as chances s\u00e3o para os cargos de agente administrativo (10\u2026","rel":"","context":"In &quot;Vagas de Emprego em Ribeir\u00e3o Preto-SP&quot;","block_context":{"text":"Vagas de Emprego em Ribeir\u00e3o Preto-SP","link":"https:\/\/noticiasribeiraopreto.com.br\/index.php\/category\/empregos-classificados-vagas-trabalho\/vagas-de-empregos-em-ribeirao-preto-regiao-brasil\/"},"img":{"alt_text":"","src":"","width":0,"height":0},"classes":[]},{"id":17351,"url":"https:\/\/noticiasribeiraopreto.com.br\/index.php\/2023\/12\/18\/concurso-da-prefeitura-de-araguapaz-go-encerra-hoje-prazo-para-545-vagas\/","url_meta":{"origin":19492,"position":3},"title":"Concurso da Prefeitura de Araguapaz GO encerra hoje prazo para 545 vagas","author":"noticiasribeiraopreto.com.br","date":"18 de December de 2023","format":false,"excerpt":"Terminam hoje, dia 18 de dezembro, as inscri\u00e7\u00f5es do concurso da Prefeitura de Araguapaz, no estado de Goi\u00e1s. O certame preencher\u00e1 545 vagas, sendo 131 para contrata\u00e7\u00e3o imediata e 414 para forma\u00e7\u00e3o de cadastro reserva (CR). As ofertas ser\u00e3o lotadas na Controladoria Geral do Munic\u00edpio, Corregedoria Geral do Munic\u00edpio e\u2026","rel":"","context":"In &quot;Vagas de Emprego em Ribeir\u00e3o Preto-SP&quot;","block_context":{"text":"Vagas de Emprego em Ribeir\u00e3o Preto-SP","link":"https:\/\/noticiasribeiraopreto.com.br\/index.php\/category\/empregos-classificados-vagas-trabalho\/vagas-de-empregos-em-ribeirao-preto-regiao-brasil\/"},"img":{"alt_text":"","src":"","width":0,"height":0},"classes":[]},{"id":19375,"url":"https:\/\/noticiasribeiraopreto.com.br\/index.php\/2023\/12\/22\/ultima-oportunidade-para-mais-de-3-800-vagas-2\/","url_meta":{"origin":19492,"position":4},"title":"\u00faltima oportunidade para mais de 3.800 vagas","author":"noticiasribeiraopreto.com.br","date":"22 de December de 2023","format":false,"excerpt":"Ap\u00f3s terem sido prorrogadas pela segunda vez, terminam hoje (22) as inscri\u00e7\u00f5es dos tr\u00eas editais do concurso de Caucaia, no estado do Cear\u00e1. Ao todo, ser\u00e3o preenchidas 3.840 vagas para diversos cargos, de todos os n\u00edveis escolares, sendo 1.920 para contrata\u00e7\u00e3o imediata e 1.920 para forma\u00e7\u00e3o de cadastro reserva (CR).\u2026","rel":"","context":"In &quot;Vagas de Emprego em Ribeir\u00e3o Preto-SP&quot;","block_context":{"text":"Vagas de Emprego em Ribeir\u00e3o Preto-SP","link":"https:\/\/noticiasribeiraopreto.com.br\/index.php\/category\/empregos-classificados-vagas-trabalho\/vagas-de-empregos-em-ribeirao-preto-regiao-brasil\/"},"img":{"alt_text":"","src":"","width":0,"height":0},"classes":[]},{"id":53069,"url":"https:\/\/noticiasribeiraopreto.com.br\/index.php\/2024\/06\/15\/prefeitura-no-interior-de-sp-prorroga-inscricoes-em-concurso-com-salarios-de-ate-r-7-mil\/","url_meta":{"origin":19492,"position":5},"title":"Prefeitura no interior de SP prorroga inscri\u00e7\u00f5es em concurso com sal\u00e1rios de at\u00e9 R$ 7 mil","author":"noticiasribeiraopreto.com.br","date":"15 de June de 2024","format":false,"excerpt":"O concurso p\u00fablico com vagas na Prefeitura de Guar\u00e1, munic\u00edpio do interior de S\u00e3o Paulo, ampliou o prazo de inscri\u00e7\u00f5es que se encerraria na pr\u00f3xima quinta-feira (20). O novo prazo \u00e9 o pr\u00f3ximo dia 30 de junho. As vagas, que totalizam dez, s\u00e3o para candidatos dos n\u00edveis fundamental e m\u00e9dio.\u2026","rel":"","context":"In &quot;Not\u00edcias de Ribeir\u00e3o Preto-SP e Regi\u00e3o&quot;","block_context":{"text":"Not\u00edcias de Ribeir\u00e3o Preto-SP e Regi\u00e3o","link":"https:\/\/noticiasribeiraopreto.com.br\/index.php\/category\/noticias-de-ribeirao-preto-sp-e-regiao-ismael-colosi\/"},"img":{"alt_text":"","src":"https:\/\/i0.wp.com\/noticiasribeiraopreto.com.br\/wp-content\/uploads\/2024\/05\/AnyConv.com__concurso-publico-5.webp.webp?fit=1200%2C800&ssl=1&resize=350%2C200","width":350,"height":200,"srcset":"https:\/\/i0.wp.com\/noticiasribeiraopreto.com.br\/wp-content\/uploads\/2024\/05\/AnyConv.com__concurso-publico-5.webp.webp?fit=1200%2C800&ssl=1&resize=350%2C200 1x, https:\/\/i0.wp.com\/noticiasribeiraopreto.com.br\/wp-content\/uploads\/2024\/05\/AnyConv.com__concurso-publico-5.webp.webp?fit=1200%2C800&ssl=1&resize=525%2C300 1.5x, https:\/\/i0.wp.com\/noticiasribeiraopreto.com.br\/wp-content\/uploads\/2024\/05\/AnyConv.com__concurso-publico-5.webp.webp?fit=1200%2C800&ssl=1&resize=700%2C400 2x, https:\/\/i0.wp.com\/noticiasribeiraopreto.com.br\/wp-content\/uploads\/2024\/05\/AnyConv.com__concurso-publico-5.webp.webp?fit=1200%2C800&ssl=1&resize=1050%2C600 3x"},"classes":[]}],"jetpack_sharing_enabled":true,"jetpack_shortlink":"https:\/\/wp.me\/peQAOb-54o","_links":{"self":[{"href":"https:\/\/noticiasribeiraopreto.com.br\/index.php\/wp-json\/wp\/v2\/posts\/19492","targetHints":{"allow":["GET"]}}],"collection":[{"href":"https:\/\/noticiasribeiraopreto.com.br\/index.php\/wp-json\/wp\/v2\/posts"}],"about":[{"href":"https:\/\/noticiasribeiraopreto.com.br\/index.php\/wp-json\/wp\/v2\/types\/post"}],"author":[{"embeddable":true,"href":"https:\/\/noticiasribeiraopreto.com.br\/index.php\/wp-json\/wp\/v2\/users\/1"}],"replies":[{"embeddable":true,"href":"https:\/\/noticiasribeiraopreto.com.br\/index.php\/wp-json\/wp\/v2\/comments?post=19492"}],"version-history":[{"count":0,"href":"https:\/\/noticiasribeiraopreto.com.br\/index.php\/wp-json\/wp\/v2\/posts\/19492\/revisions"}],"wp:featuredmedia":[{"embeddable":true,"href":"https:\/\/noticiasribeiraopreto.com.br\/index.php\/wp-json\/wp\/v2\/media\/19493"}],"wp:attachment":[{"href":"https:\/\/noticiasribeiraopreto.com.br\/index.php\/wp-json\/wp\/v2\/media?parent=19492"}],"wp:term":[{"taxonomy":"category","embeddable":true,"href":"https:\/\/noticiasribeiraopreto.com.br\/index.php\/wp-json\/wp\/v2\/categories?post=19492"},{"taxonomy":"post_tag","embeddable":true,"href":"https:\/\/noticiasribeiraopreto.com.br\/index.php\/wp-json\/wp\/v2\/tags?post=19492"}],"curies":[{"name":"wp","href":"https:\/\/api.w.org\/{rel}","templated":true}]}}