{"id":19532,"date":"2023-12-22T15:52:40","date_gmt":"2023-12-22T18:52:40","guid":{"rendered":"https:\/\/noticiasribeiraopreto.com.br\/index.php\/2023\/12\/22\/unidade-de-saude-recebe-papai-noel-e-coral-natalino\/"},"modified":"2023-12-22T15:52:40","modified_gmt":"2023-12-22T18:52:40","slug":"unidade-de-saude-recebe-papai-noel-e-coral-natalino","status":"publish","type":"post","link":"https:\/\/noticiasribeiraopreto.com.br\/index.php\/2023\/12\/22\/unidade-de-saude-recebe-papai-noel-e-coral-natalino\/","title":{"rendered":"Unidade de sa\u00fade recebe Papai Noel e coral natalino\u00a0"},"content":{"rendered":"<div class='code-block code-block-1' style='margin: 8px 0 8px auto; text-align: right; display: block; clear: both;'>\n<p><a href=\"https:\/\/wa.link\/vpicfd\"><img data-recalc-dims=\"1\" class=\"wp-image-4922\" style=\"aspect-ratio: 2.0253164556962027; width: 561px; height: auto;\" src=\"https:\/\/i0.wp.com\/ismaelcolosi.com.br\/wp-content\/uploads\/2023\/11\/grupo-de-empregos-whatsapp-e-facebook-ismael-colosi-vagas.jpg?ssl=1\" alt=\"\" \/><\/a><\/p>\n<!-- \/wp:image -->\n<\/div>\n<p> <br \/>\n<\/p>\n<div id=\"post-368146\">\n<header class=\"entry-header penci-entry-header penci-title-center\">\n<p> <span class=\"entry-meta-item penci-posted-on\"><i class=\"fa fa-clock-o\"\/><time class=\"entry-date published updated\" datetime=\"2023-12-22T15:30:13-03:00\">22 de dezembro de 2023 | 15:30<\/time><\/span><\/p>\n<p> <span class=\"penci-social-buttons penci-social-share-footer\"><a href=\"#\" class=\"penci-post-like penci_post-meta_item  single-like-button penci-social-item like\" data-post_id=\"368146\" title=\"Like\" data-like=\"Like\" data-unlike=\"Unlike\"><i class=\"fa fa-thumbs-o-up\"\/><span class=\"penci-share-number\">0<\/span><\/a><i class=\"fa fa-facebook\"\/><a class=\"penci-social-item twitter\" target=\"_blank\" rel=\"noopener\" title=\"\" href=\"https:\/\/twitter.com\/intent\/tweet?text=Unidade%20de%20sa\u00fade%20recebe%20Papai%20Noel%20e%20coral%20natalino\u00a0%20-%20https:\/\/www.tribunaribeirao.com.br\/site\/unidade-de-saude-recebe-papai-noel-e-coral-natalino\/\"><i class=\"fa fa-twitter\"\/><\/a><i class=\"fa fa-whatsapp\"\/><\/span><\/header>\n<div class=\"penci-entry-content entry-content\">\n<p><span data-contrast=\"auto\">Entre um atendimento e outro, os pacientes da Unidade de Sa\u00fade da Fam\u00edlia Ernesto Che Guevara, localizada no bairro Jardim Maria Casagrande, foram surpreendidos na manh\u00e3 desta quinta-feira (21) pela visita do Papai Noel.\u00a0<\/span><span data-ccp-props=\"{&quot;201341983&quot;:0,&quot;335559739&quot;:160,&quot;335559740&quot;:259}\">\u00a0<\/span><\/p>\n<p><span data-contrast=\"auto\">A programa\u00e7\u00e3o especial, organizada pelos funcion\u00e1rios da unidade de sa\u00fade, teve a presen\u00e7a do Bom Velhinho, que chegou acompanhado pelas renas em um ve\u00edculo estilizado de tren\u00f3, e tamb\u00e9m distribui\u00e7\u00e3o de doces, apresenta\u00e7\u00f5es de dan\u00e7a e do coral natalino da pr\u00f3pria USF.<\/span><span data-ccp-props=\"{&quot;201341983&quot;:0,&quot;335559739&quot;:160,&quot;335559740&quot;:259}\">\u00a0<\/span><\/p>\n<p><span data-contrast=\"auto\">\u201cAcredito que a arte \u00e9 uma forma de cuidado, tanto para os trabalhadores como para os usu\u00e1rios. A m\u00fasica e a dan\u00e7a cumprem esse papel, trazendo momentos de alegria e esp\u00edrito natalino\u201d, afirma a supervisora da USF Ernesto Che Guevara, Rafaela Azenha.<\/span><span data-ccp-props=\"{&quot;201341983&quot;:0,&quot;335559739&quot;:160,&quot;335559740&quot;:259}\">\u00a0<\/span><\/p>\n<p><span data-ccp-props=\"{&quot;201341983&quot;:0,&quot;335559739&quot;:160,&quot;335559740&quot;:259}\">\u00a0<\/span><\/p>\n<p>\u00a0<\/p>\n<\/div>\n<footer class=\"penci-entry-footer\"\/><\/div>\n<p><script async src=\"\/\/platform.twitter.com\/widgets.js\" charset=\"utf-8\"><\/script><br \/>\n<br \/><br \/>\n<br \/><a href=\"https:\/\/www.tribunaribeirao.com.br\/site\/unidade-de-saude-recebe-papai-noel-e-coral-natalino\/\">Source link <\/a><\/p>\n<!-- CONTENT END 1 -->\n","protected":false},"excerpt":{"rendered":"<p>22 de dezembro de 2023 | 15:30 0 Entre um atendimento e outro, os pacientes da Unidade de Sa\u00fade da Fam\u00edlia Ernesto Che Guevara, localizada&#8230;<\/p>\n","protected":false},"author":1,"featured_media":19533,"comment_status":"open","ping_status":"open","sticky":false,"template":"","format":"standard","meta":{"advanced_seo_description":"","jetpack_seo_html_title":"","jetpack_seo_noindex":false,"jetpack_post_was_ever_published":false,"_jetpack_newsletter_access":"","_jetpack_dont_email_post_to_subs":false,"_jetpack_newsletter_tier_id":0,"_jetpack_memberships_contains_paywalled_content":false,"_jetpack_memberships_contains_paid_content":false,"footnotes":"","jetpack_publicize_message":"","jetpack_publicize_feature_enabled":true,"jetpack_social_post_already_shared":true,"jetpack_social_options":{"image_generator_settings":{"template":"highway","default_image_id":0,"font":"","enabled":false},"version":2}},"categories":[11],"tags":[469,2552,1198,1197,407,158,1687],"class_list":["post-19532","post","type-post","status-publish","format-standard","has-post-thumbnail","hentry","category-noticias-de-ribeirao-preto-sp-e-regiao-ismael-colosi","tag-coral","tag-natalino","tag-noel","tag-papai","tag-recebe","tag-saude","tag-unidade"],"jetpack_publicize_connections":[],"jetpack_featured_media_url":"https:\/\/i0.wp.com\/noticiasribeiraopreto.com.br\/wp-content\/uploads\/2023\/12\/4-papai-noel-ubs_-scaled.jpeg?fit=842%2C645&ssl=1","jetpack-related-posts":[{"id":61418,"url":"https:\/\/noticiasribeiraopreto.com.br\/index.php\/2024\/12\/12\/parque-de-ribeirao-recebe-apresentacao-gratuita-de-natal-na-casa-do-papai-noel\/","url_meta":{"origin":19532,"position":0},"title":"Parque de Ribeir\u00e3o recebe apresenta\u00e7\u00e3o gratuita de Natal na Casa do Papai Noel","author":"noticiasribeiraopreto.com.br","date":"12 de December de 2024","format":false,"excerpt":"No pr\u00f3ximo s\u00e1bado (14), a Casa do Papai Noel Necta, localizada no Parque Luiz Carlos Raya, em Ribeir\u00e3o Preto, recebe, a partir das 10h, o coral composto por alunos da Academia Livre de Artes e M\u00fasica (Alma) para uma apresenta\u00e7\u00e3o gratuita com repert\u00f3rio natalino. Can\u00e7\u00f5es como \u201cO Velhinho\u201d, \u201cNatal Branco\u201d,\u2026","rel":"","context":"In &quot;Not\u00edcias de Ribeir\u00e3o Preto-SP e Regi\u00e3o&quot;","block_context":{"text":"Not\u00edcias de Ribeir\u00e3o Preto-SP e Regi\u00e3o","link":"https:\/\/noticiasribeiraopreto.com.br\/index.php\/category\/noticias-de-ribeirao-preto-sp-e-regiao-ismael-colosi\/"},"img":{"alt_text":"","src":"https:\/\/i0.wp.com\/noticiasribeiraopreto.com.br\/wp-content\/uploads\/2024\/12\/Casinha-do-Papai-Noel-Verde-da-Necta-no-Parque-Raya_2024-12-12_12-33-15_jpg_2024-12-12_12-33-16.webp.webp?fit=1200%2C800&ssl=1&resize=350%2C200","width":350,"height":200,"srcset":"https:\/\/i0.wp.com\/noticiasribeiraopreto.com.br\/wp-content\/uploads\/2024\/12\/Casinha-do-Papai-Noel-Verde-da-Necta-no-Parque-Raya_2024-12-12_12-33-15_jpg_2024-12-12_12-33-16.webp.webp?fit=1200%2C800&ssl=1&resize=350%2C200 1x, https:\/\/i0.wp.com\/noticiasribeiraopreto.com.br\/wp-content\/uploads\/2024\/12\/Casinha-do-Papai-Noel-Verde-da-Necta-no-Parque-Raya_2024-12-12_12-33-15_jpg_2024-12-12_12-33-16.webp.webp?fit=1200%2C800&ssl=1&resize=525%2C300 1.5x, https:\/\/i0.wp.com\/noticiasribeiraopreto.com.br\/wp-content\/uploads\/2024\/12\/Casinha-do-Papai-Noel-Verde-da-Necta-no-Parque-Raya_2024-12-12_12-33-15_jpg_2024-12-12_12-33-16.webp.webp?fit=1200%2C800&ssl=1&resize=700%2C400 2x, https:\/\/i0.wp.com\/noticiasribeiraopreto.com.br\/wp-content\/uploads\/2024\/12\/Casinha-do-Papai-Noel-Verde-da-Necta-no-Parque-Raya_2024-12-12_12-33-15_jpg_2024-12-12_12-33-16.webp.webp?fit=1200%2C800&ssl=1&resize=1050%2C600 3x"},"classes":[]},{"id":80548,"url":"https:\/\/noticiasribeiraopreto.com.br\/index.php\/2025\/12\/05\/guia-natalino-veja-o-que-fazer-em-ribeirao-preto-nos-proximos-dias\/","url_meta":{"origin":19532,"position":1},"title":"Guia natalino: Veja o que fazer em Ribeir\u00e3o Preto nos pr\u00f3ximos dias","author":"noticiasribeiraopreto.com.br","date":"5 de December de 2025","format":false,"excerpt":"Ribeir\u00e3o Preto j\u00e1 conta com uma programa\u00e7\u00e3o natalina para todos os gostos, com concertos, apresenta\u00e7\u00f5es culturais, oficina e visitas ao Papai Noel. As atra\u00e7\u00f5es acontecem em diferentes pontos da cidade. Confira abaixo o guia natalino: Coral da Unaerp na Catedral 7 de dezembro, domingo | \u00e0s 20h A Catedral recebe\u2026","rel":"","context":"In &quot;Not\u00edcias de Ribeir\u00e3o Preto-SP e Regi\u00e3o&quot;","block_context":{"text":"Not\u00edcias de Ribeir\u00e3o Preto-SP e Regi\u00e3o","link":"https:\/\/noticiasribeiraopreto.com.br\/index.php\/category\/noticias-de-ribeirao-preto-sp-e-regiao-ismael-colosi\/"},"img":{"alt_text":"","src":"https:\/\/i0.wp.com\/noticiasribeiraopreto.com.br\/wp-content\/uploads\/2025\/12\/1.png?fit=820%2C524&ssl=1&resize=350%2C200","width":350,"height":200,"srcset":"https:\/\/i0.wp.com\/noticiasribeiraopreto.com.br\/wp-content\/uploads\/2025\/12\/1.png?fit=820%2C524&ssl=1&resize=350%2C200 1x, https:\/\/i0.wp.com\/noticiasribeiraopreto.com.br\/wp-content\/uploads\/2025\/12\/1.png?fit=820%2C524&ssl=1&resize=525%2C300 1.5x, https:\/\/i0.wp.com\/noticiasribeiraopreto.com.br\/wp-content\/uploads\/2025\/12\/1.png?fit=820%2C524&ssl=1&resize=700%2C400 2x"},"classes":[]},{"id":60604,"url":"https:\/\/noticiasribeiraopreto.com.br\/index.php\/2024\/11\/19\/papai-noel-ja-tem-data-para-chegar-ao-centro-de-ribeirao-veja-programacao\/","url_meta":{"origin":19532,"position":2},"title":"Papai Noel j\u00e1 tem data para chegar ao Centro de Ribeir\u00e3o; Veja programa\u00e7\u00e3o","author":"noticiasribeiraopreto.com.br","date":"19 de November de 2024","format":false,"excerpt":"O clima natalino come\u00e7a a tomar conta de Ribeir\u00e3o Preto a partir do dia 30 de novembro, com a chegada do Papai Noel e inaugura\u00e7\u00e3o da decora\u00e7\u00e3o de Natal no Centro do munic\u00edpio. Neste ano, a ilumina\u00e7\u00e3o especial ser\u00e1 ampliada, com instala\u00e7\u00f5es nas pra\u00e7as XV de Novembro, das Bandeiras e\u2026","rel":"","context":"In &quot;Not\u00edcias de Ribeir\u00e3o Preto-SP e Regi\u00e3o&quot;","block_context":{"text":"Not\u00edcias de Ribeir\u00e3o Preto-SP e Regi\u00e3o","link":"https:\/\/noticiasribeiraopreto.com.br\/index.php\/category\/noticias-de-ribeirao-preto-sp-e-regiao-ismael-colosi\/"},"img":{"alt_text":"","src":"https:\/\/i0.wp.com\/noticiasribeiraopreto.com.br\/wp-content\/uploads\/2024\/11\/IGOR6650_2024-11-19_18-22-30_jpg_2024-11-19_18-22-34-scaled.webp.webp?fit=1200%2C800&ssl=1&resize=350%2C200","width":350,"height":200,"srcset":"https:\/\/i0.wp.com\/noticiasribeiraopreto.com.br\/wp-content\/uploads\/2024\/11\/IGOR6650_2024-11-19_18-22-30_jpg_2024-11-19_18-22-34-scaled.webp.webp?fit=1200%2C800&ssl=1&resize=350%2C200 1x, https:\/\/i0.wp.com\/noticiasribeiraopreto.com.br\/wp-content\/uploads\/2024\/11\/IGOR6650_2024-11-19_18-22-30_jpg_2024-11-19_18-22-34-scaled.webp.webp?fit=1200%2C800&ssl=1&resize=525%2C300 1.5x, https:\/\/i0.wp.com\/noticiasribeiraopreto.com.br\/wp-content\/uploads\/2024\/11\/IGOR6650_2024-11-19_18-22-30_jpg_2024-11-19_18-22-34-scaled.webp.webp?fit=1200%2C800&ssl=1&resize=700%2C400 2x, https:\/\/i0.wp.com\/noticiasribeiraopreto.com.br\/wp-content\/uploads\/2024\/11\/IGOR6650_2024-11-19_18-22-30_jpg_2024-11-19_18-22-34-scaled.webp.webp?fit=1200%2C800&ssl=1&resize=1050%2C600 3x"},"classes":[]},{"id":61488,"url":"https:\/\/noticiasribeiraopreto.com.br\/index.php\/2024\/12\/13\/natal-luz-confira-a-programacao-deste-fim-de-semana-em-ribeirao-preto\/","url_meta":{"origin":19532,"position":3},"title":"Natal Luz: Confira a programa\u00e7\u00e3o deste fim de semana em Ribeir\u00e3o Preto","author":"noticiasribeiraopreto.com.br","date":"13 de December de 2024","format":false,"excerpt":"O\u00a0Natal Luz,\u00a0promove diversas atividades gratuitas, em\u00a0Ribeir\u00e3o Preto,\u00a0durante todo o m\u00eas de dezembro.\u00a0A programa\u00e7\u00e3o vai at\u00e9 o dia 23 de dezembro e oferece op\u00e7\u00f5es para todos os gostos e idades, com destaque para apresenta\u00e7\u00f5es musicais e a tradicional visita\u00e7\u00e3o ao Papai Noel. Confira os principais eventos deste fim de semana: Caravana\u2026","rel":"","context":"In &quot;Not\u00edcias de Ribeir\u00e3o Preto-SP e Regi\u00e3o&quot;","block_context":{"text":"Not\u00edcias de Ribeir\u00e3o Preto-SP e Regi\u00e3o","link":"https:\/\/noticiasribeiraopreto.com.br\/index.php\/category\/noticias-de-ribeirao-preto-sp-e-regiao-ismael-colosi\/"},"img":{"alt_text":"","src":"https:\/\/i0.wp.com\/noticiasribeiraopreto.com.br\/wp-content\/uploads\/2024\/11\/papai-noel_2024-11-30_14-26-03_jpg_2024-11-30_14-26-03.webp.webp?fit=1195%2C858&ssl=1&resize=350%2C200","width":350,"height":200,"srcset":"https:\/\/i0.wp.com\/noticiasribeiraopreto.com.br\/wp-content\/uploads\/2024\/11\/papai-noel_2024-11-30_14-26-03_jpg_2024-11-30_14-26-03.webp.webp?fit=1195%2C858&ssl=1&resize=350%2C200 1x, https:\/\/i0.wp.com\/noticiasribeiraopreto.com.br\/wp-content\/uploads\/2024\/11\/papai-noel_2024-11-30_14-26-03_jpg_2024-11-30_14-26-03.webp.webp?fit=1195%2C858&ssl=1&resize=525%2C300 1.5x, https:\/\/i0.wp.com\/noticiasribeiraopreto.com.br\/wp-content\/uploads\/2024\/11\/papai-noel_2024-11-30_14-26-03_jpg_2024-11-30_14-26-03.webp.webp?fit=1195%2C858&ssl=1&resize=700%2C400 2x, https:\/\/i0.wp.com\/noticiasribeiraopreto.com.br\/wp-content\/uploads\/2024\/11\/papai-noel_2024-11-30_14-26-03_jpg_2024-11-30_14-26-03.webp.webp?fit=1195%2C858&ssl=1&resize=1050%2C600 3x"},"classes":[]},{"id":59839,"url":"https:\/\/noticiasribeiraopreto.com.br\/index.php\/2024\/10\/30\/espetaculo-natalino-e-atracao-gratuita-no-teatro-municipal-de-ribeirao\/","url_meta":{"origin":19532,"position":4},"title":"Espet\u00e1culo natalino \u00e9 atra\u00e7\u00e3o gratuita no Teatro Municipal de Ribeir\u00e3o","author":"noticiasribeiraopreto.com.br","date":"30 de October de 2024","format":false,"excerpt":"A apresenta\u00e7\u00e3o do musical \u201cA Verdadeira Hist\u00f3ria do Papai Noel\u201d, chega ao Teatro Municipal de Ribeir\u00e3o Preto nesta sexta-feira (1\u00ba de novembro), \u00e0s 20h. A entrada \u00e9 gratuita e limitada, ou seja, \u00e9 preciso retirar o ingresso\u00a0uma hora antes na bilheteria. O espet\u00e1culo mostra que a hist\u00f3ria do Papai Noel\u2026","rel":"","context":"In &quot;Not\u00edcias de Ribeir\u00e3o Preto-SP e Regi\u00e3o&quot;","block_context":{"text":"Not\u00edcias de Ribeir\u00e3o Preto-SP e Regi\u00e3o","link":"https:\/\/noticiasribeiraopreto.com.br\/index.php\/category\/noticias-de-ribeirao-preto-sp-e-regiao-ismael-colosi\/"},"img":{"alt_text":"","src":"https:\/\/i0.wp.com\/noticiasribeiraopreto.com.br\/wp-content\/uploads\/2024\/10\/Copia-de-Copia-de-Copia-de-TAMANHO-EXATO-PARA-FOTOS-NO-SISTEMA-NOVO-60_2024-10-30_21-57-00_png_2024-10-30_21-57-00.webp.webp?fit=1200%2C675&ssl=1&resize=350%2C200","width":350,"height":200,"srcset":"https:\/\/i0.wp.com\/noticiasribeiraopreto.com.br\/wp-content\/uploads\/2024\/10\/Copia-de-Copia-de-Copia-de-TAMANHO-EXATO-PARA-FOTOS-NO-SISTEMA-NOVO-60_2024-10-30_21-57-00_png_2024-10-30_21-57-00.webp.webp?fit=1200%2C675&ssl=1&resize=350%2C200 1x, https:\/\/i0.wp.com\/noticiasribeiraopreto.com.br\/wp-content\/uploads\/2024\/10\/Copia-de-Copia-de-Copia-de-TAMANHO-EXATO-PARA-FOTOS-NO-SISTEMA-NOVO-60_2024-10-30_21-57-00_png_2024-10-30_21-57-00.webp.webp?fit=1200%2C675&ssl=1&resize=525%2C300 1.5x, https:\/\/i0.wp.com\/noticiasribeiraopreto.com.br\/wp-content\/uploads\/2024\/10\/Copia-de-Copia-de-Copia-de-TAMANHO-EXATO-PARA-FOTOS-NO-SISTEMA-NOVO-60_2024-10-30_21-57-00_png_2024-10-30_21-57-00.webp.webp?fit=1200%2C675&ssl=1&resize=700%2C400 2x, https:\/\/i0.wp.com\/noticiasribeiraopreto.com.br\/wp-content\/uploads\/2024\/10\/Copia-de-Copia-de-Copia-de-TAMANHO-EXATO-PARA-FOTOS-NO-SISTEMA-NOVO-60_2024-10-30_21-57-00_png_2024-10-30_21-57-00.webp.webp?fit=1200%2C675&ssl=1&resize=1050%2C600 3x"},"classes":[]},{"id":9333,"url":"https:\/\/noticiasribeiraopreto.com.br\/index.php\/2023\/12\/01\/tudo-sobre-a-chegada-do-papai-noel-no-centro-de-ribeirao-preto\/","url_meta":{"origin":19532,"position":5},"title":"Tudo sobre a chegada do Papai Noel no Centro de Ribeir\u00e3o Preto\u00a0","author":"noticiasribeiraopreto.com.br","date":"1 de December de 2023","format":false,"excerpt":"A chegada do Papai Noel em dezembro marca o fim de ano em Ribeir\u00e3o Preto, junto das decora\u00e7\u00f5es de Natal. A programa\u00e7\u00e3o faz parte da 21\u00aa edi\u00e7\u00e3o da campanha Natal Luz da Associa\u00e7\u00e3o Comercial e Industrial da cidade (Acirp).\u00a0 Confira tudo o que voc\u00ea precisa saber sobre a chegada do\u2026","rel":"","context":"In &quot;Not\u00edcias de Ribeir\u00e3o Preto-SP e Regi\u00e3o&quot;","block_context":{"text":"Not\u00edcias de Ribeir\u00e3o Preto-SP e Regi\u00e3o","link":"https:\/\/noticiasribeiraopreto.com.br\/index.php\/category\/noticias-de-ribeirao-preto-sp-e-regiao-ismael-colosi\/"},"img":{"alt_text":"","src":"https:\/\/i0.wp.com\/noticiasribeiraopreto.com.br\/wp-content\/uploads\/2023\/12\/papai-noel-foto-fabrica-de-retratos-acirp-scaled.jpg?fit=1200%2C800&ssl=1&resize=350%2C200","width":350,"height":200,"srcset":"https:\/\/i0.wp.com\/noticiasribeiraopreto.com.br\/wp-content\/uploads\/2023\/12\/papai-noel-foto-fabrica-de-retratos-acirp-scaled.jpg?fit=1200%2C800&ssl=1&resize=350%2C200 1x, https:\/\/i0.wp.com\/noticiasribeiraopreto.com.br\/wp-content\/uploads\/2023\/12\/papai-noel-foto-fabrica-de-retratos-acirp-scaled.jpg?fit=1200%2C800&ssl=1&resize=525%2C300 1.5x, https:\/\/i0.wp.com\/noticiasribeiraopreto.com.br\/wp-content\/uploads\/2023\/12\/papai-noel-foto-fabrica-de-retratos-acirp-scaled.jpg?fit=1200%2C800&ssl=1&resize=700%2C400 2x, https:\/\/i0.wp.com\/noticiasribeiraopreto.com.br\/wp-content\/uploads\/2023\/12\/papai-noel-foto-fabrica-de-retratos-acirp-scaled.jpg?fit=1200%2C800&ssl=1&resize=1050%2C600 3x"},"classes":[]}],"jetpack_sharing_enabled":true,"jetpack_shortlink":"https:\/\/wp.me\/peQAOb-552","_links":{"self":[{"href":"https:\/\/noticiasribeiraopreto.com.br\/index.php\/wp-json\/wp\/v2\/posts\/19532","targetHints":{"allow":["GET"]}}],"collection":[{"href":"https:\/\/noticiasribeiraopreto.com.br\/index.php\/wp-json\/wp\/v2\/posts"}],"about":[{"href":"https:\/\/noticiasribeiraopreto.com.br\/index.php\/wp-json\/wp\/v2\/types\/post"}],"author":[{"embeddable":true,"href":"https:\/\/noticiasribeiraopreto.com.br\/index.php\/wp-json\/wp\/v2\/users\/1"}],"replies":[{"embeddable":true,"href":"https:\/\/noticiasribeiraopreto.com.br\/index.php\/wp-json\/wp\/v2\/comments?post=19532"}],"version-history":[{"count":0,"href":"https:\/\/noticiasribeiraopreto.com.br\/index.php\/wp-json\/wp\/v2\/posts\/19532\/revisions"}],"wp:featuredmedia":[{"embeddable":true,"href":"https:\/\/noticiasribeiraopreto.com.br\/index.php\/wp-json\/wp\/v2\/media\/19533"}],"wp:attachment":[{"href":"https:\/\/noticiasribeiraopreto.com.br\/index.php\/wp-json\/wp\/v2\/media?parent=19532"}],"wp:term":[{"taxonomy":"category","embeddable":true,"href":"https:\/\/noticiasribeiraopreto.com.br\/index.php\/wp-json\/wp\/v2\/categories?post=19532"},{"taxonomy":"post_tag","embeddable":true,"href":"https:\/\/noticiasribeiraopreto.com.br\/index.php\/wp-json\/wp\/v2\/tags?post=19532"}],"curies":[{"name":"wp","href":"https:\/\/api.w.org\/{rel}","templated":true}]}}