{"id":19686,"date":"2023-12-22T23:14:32","date_gmt":"2023-12-23T02:14:32","guid":{"rendered":"https:\/\/noticiasribeiraopreto.com.br\/index.php\/2023\/12\/22\/assinado-contrato-com-banca-e-edital-de-oficiais-ja-pode-sair\/"},"modified":"2023-12-22T23:14:32","modified_gmt":"2023-12-23T02:14:32","slug":"assinado-contrato-com-banca-e-edital-de-oficiais-ja-pode-sair","status":"publish","type":"post","link":"https:\/\/noticiasribeiraopreto.com.br\/index.php\/2023\/12\/22\/assinado-contrato-com-banca-e-edital-de-oficiais-ja-pode-sair\/","title":{"rendered":"assinado contrato com banca e edital de oficiais j\u00e1 pode sair"},"content":{"rendered":"<div class='code-block code-block-1' style='margin: 8px 0 8px auto; text-align: right; display: block; clear: both;'>\n<p><a href=\"https:\/\/wa.link\/vpicfd\"><img data-recalc-dims=\"1\" class=\"wp-image-4922\" style=\"aspect-ratio: 2.0253164556962027; width: 561px; height: auto;\" src=\"https:\/\/i0.wp.com\/ismaelcolosi.com.br\/wp-content\/uploads\/2023\/11\/grupo-de-empregos-whatsapp-e-facebook-ismael-colosi-vagas.jpg?ssl=1\" alt=\"\" \/><\/a><\/p>\n<!-- \/wp:image -->\n<\/div>\n<p> <br \/>\n<\/p>\n<div>\n<p>O edital do novo <a href=\"https:\/\/jcconcursos.com.br\/concurso\/concurso-pme-rj-78667\" rel=\"noopener\" target=\"_blank\">concurso PME RJ<\/a> (Pol\u00edcia Militar do Estado do Rio de Janeiro) para oficiais j\u00e1 pode sair. Acontece que foi publicado, no di\u00e1rio oficial desta sexta-feira, 22 de dezembro, o extrato de contrato com a banca organizadora, que ser\u00e1 a Funda\u00e7\u00e3o Get\u00falio Vargas (<a href=\"https:\/\/conhecimento.fgv.br\/concursos\" rel=\"noopener\" target=\"_blank\">FGV<\/a>). <a href=\"https:\/\/jcconcursos.com.br\/noticia\/concursos\/concurso-pme-rj-oficializada-banca-para-100-vagas-de-oficiais-120217\" rel=\"noopener\" target=\"_blank\">O nome da empresa j\u00e1 havia sido anunciado na \u00faltima quarta-feira, dia 20<\/a>.\u00a0<\/p>\n<p>De acordo com o novo documento, a assinatura do contrato ocorreu na \u00faltima quinta-feira, dia 21, com validade pelo per\u00edodo de 12 meses, tempo necess\u00e1rio para a realiza\u00e7\u00e3o de todos os procedimentos da sele\u00e7\u00e3o, incluindo a publica\u00e7\u00e3o do edital, recebimento de inscri\u00e7\u00f5es, aplica\u00e7\u00e3o das provas e divulga\u00e7\u00e3o dos resultados.<\/p>\n<p>O concurso <a href=\"https:\/\/sepm.rj.gov.br\/\" rel=\"noopener\" target=\"_blank\">PME RJ<\/a> para o curso de forma\u00e7\u00e3o de oficiais contar\u00e1 com uma oferta de 100 vagas. Para concorrer \u00e9 necess\u00e1rio possuir <a href=\"https:\/\/jcconcursos.com.br\/concursos\/nivel-escolar\/superior\" rel=\"noopener\" target=\"_blank\">forma\u00e7\u00e3o de n\u00edvel superior<\/a> em direito, com remunera\u00e7\u00e3o inicial de R$ 3.146,42. Ap\u00f3s o curso de forma\u00e7\u00e3o e est\u00e1gio, como segundo tenente, a remunera\u00e7\u00e3o passa a ser de R$ 7.051,94.<\/p>\n<p>Al\u00e9m da escolaridade \u00e9 necess\u00e1rio possuir os seguintes requisitos:<\/p>\n<ul>\n<li>idade de 18 a 30 anos<\/li>\n<li>altura m\u00ednima de 1,65m para homens e 1,60m para mulheres<\/li>\n<\/ul>\n<p>O limite de idade \u00e9 considerado at\u00e9 o \u00faltimo dia do prazo de recebimento de inscri\u00e7\u00f5es.<\/p>\n<h2>Concurso PME RJ: veja publica\u00e7\u00e3o oficial<\/h2>\n<p>SECRETARIA DE ESTADO DE POL\u00cdCIA MILITAR<\/p>\n<p>EXTRATO DE INSTRUMENTO CONTRATUAL<\/p>\n<p>I N S T R U M E N TO : Contrato n\u00ba 212\/2023.<\/p>\n<p>PA R T E S : A Secretaria de Estado de Pol\u00edcia Militar e a Funda\u00e7\u00e3o Ge-t\u00falio Vargas.<\/p>\n<p>O B J E TO : Contrata\u00e7\u00e3o de banca examinadora para a realiza\u00e7\u00e3o do Concurso P\u00fablico para o Curso de Forma\u00e7\u00e3o de Oficiais (CFO).<\/p>\n<p>PRAZO:12 (doze) meses, contados a partir de 26\/12\/2023.<\/p>\n<p>VALOR TOTAL:R$ 1.720.000,00 (um milh\u00e3o setecentos e vinte milreais).<\/p>\n<p>DATA DA ASSINATURA:21\/12\/2023.<\/p>\n<p>FUNDAMENTO DO ATO:O decidido no Processo n\u00b0 SEI-350133\/001407\/2023<\/p>\n<h2>Saiba como foi a \u00faltima sele\u00e7\u00e3o<\/h2>\n<p>O \u00faltimo<strong> concurso PME RJ<\/strong> para oficiais ocorreu em 2021, quando foram oferecidas 32 vagas para oficiais. A banca organizadora, na ocasi\u00e3o, tamb\u00e9m foi a Funda\u00e7\u00e3o Get\u00falio Vargas (FGV).<\/p>\n<p>A prova objetiva contou com 70 quest\u00f5es, enquanto a prova dissertativa foi composta de tr\u00eas. O conte\u00fado program\u00e1tico versou sobre as seguintes disciplinas:<\/p>\n<ul>\n<li>direito administrativo;<\/li>\n<li>direito constitucional;<\/li>\n<li>direito penal;<\/li>\n<li>direito processual penal;<\/li>\n<li>direito penal militar;<\/li>\n<li>direitos humanos.<\/li>\n<\/ul>\n<p>Al\u00e9m das provas escritas, a sele\u00e7\u00e3o contou com mais cinco etapas:<\/p>\n<ul>\n<li>teste f\u00edsico;<\/li>\n<li>exame antropom\u00e9trico (para an\u00e1lise de peso medidas);<\/li>\n<li>exame psicol\u00f3gico;<\/li>\n<li>exame de sa\u00fade;<\/li>\n<li>exame social e documental.<\/li>\n<\/ul>\n<p><a id=\"gnews_btn\" href=\"https:\/\/news.google.com\/publications\/CAAqBwgKMOixlQswuZWrAw\" target=\"_blank\" class=\"border_jc_blue link_hover_bg_jc_blue font_85 d-block d-md-inline-block px-2 py-1 mr-0 mr-md-2 mb-3 w-100 text-center\" rel=\"noopener\"><span class=\"text_jc_blue\">Siga o <strong>JC Concursos no Google News<\/strong><\/span><\/a><span id=\"resumo\" class=\"anchor_link\"\/><a href=\"https:\/\/jcconcursos.com.br\/\" class=\"badge badge-light\">concursos<\/a><a href=\"https:\/\/jcconcursos.com.br\/concursos\/previstos\" class=\"badge badge-light\">concursos 2023<\/a><a href=\"https:\/\/jcconcursos.com.br\/concursos\/rj\" class=\"badge badge-light\">concursos rj (rio de janeiro)<\/a><a href=\"https:\/\/jcconcursos.com.br\/provas\/por-orgao\" class=\"badge badge-light\">provas anteriores<\/a><\/p>\n<\/div>\n<p><br \/>\n<br \/><a href=\"https:\/\/ismaelcolosi.com.br\/assinado-contrato-com-banca-e-edital-de-oficiais-ja-pode-sair\/\">Source link <\/a><\/p>\n<!-- CONTENT END 1 -->\n","protected":false},"excerpt":{"rendered":"<p>O edital do novo concurso PME RJ (Pol\u00edcia Militar do Estado do Rio de Janeiro) para oficiais j\u00e1 pode sair. Acontece que foi publicado, no&#8230;<\/p>\n","protected":false},"author":1,"featured_media":19687,"comment_status":"open","ping_status":"open","sticky":false,"template":"","format":"standard","meta":{"advanced_seo_description":"","jetpack_seo_html_title":"","jetpack_seo_noindex":false,"jetpack_post_was_ever_published":false,"_jetpack_newsletter_access":"","_jetpack_dont_email_post_to_subs":false,"_jetpack_newsletter_tier_id":0,"_jetpack_memberships_contains_paywalled_content":false,"_jetpack_memberships_contains_paid_content":false,"footnotes":"","jetpack_publicize_message":"","jetpack_publicize_feature_enabled":true,"jetpack_social_post_already_shared":true,"jetpack_social_options":{"image_generator_settings":{"template":"highway","default_image_id":0,"font":"","enabled":false},"version":2}},"categories":[7],"tags":[],"class_list":["post-19686","post","type-post","status-publish","format-standard","has-post-thumbnail","hentry","category-vagas-de-empregos-em-ribeirao-preto-regiao-brasil"],"jetpack_publicize_connections":[],"jetpack_featured_media_url":"https:\/\/i0.wp.com\/noticiasribeiraopreto.com.br\/wp-content\/uploads\/2023\/12\/1703297676_pme_rj_novo.jpg?fit=1920%2C1080&ssl=1","jetpack-related-posts":[{"id":13873,"url":"https:\/\/noticiasribeiraopreto.com.br\/index.php\/2023\/12\/11\/assinado-contrato-com-banca-edital-ja-pode-sair\/","url_meta":{"origin":19686,"position":0},"title":"assinado contrato com banca; edital j\u00e1 pode sair","author":"noticiasribeiraopreto.com.br","date":"11 de December de 2023","format":false,"excerpt":"O edital de abertura de inscri\u00e7\u00f5es do concurso C\u00e2mara de Fortaleza CE (C\u00e2mara Municipal de Fortaleza), no Cear\u00e1, pode ser publicado no decorrer dos pr\u00f3ximos dias, ainda em dezembro. Acontece que, na \u00faltima sexta-feira, 8 de dezembro, o presidente da casa, vereador Gardel Rolim (PDT), confirmou que j\u00e1 est\u00e1 assinado\u2026","rel":"","context":"In &quot;Vagas de Emprego em Ribeir\u00e3o Preto-SP&quot;","block_context":{"text":"Vagas de Emprego em Ribeir\u00e3o Preto-SP","link":"https:\/\/noticiasribeiraopreto.com.br\/index.php\/category\/empregos-classificados-vagas-trabalho\/vagas-de-empregos-em-ribeirao-preto-regiao-brasil\/"},"img":{"alt_text":"","src":"https:\/\/i0.wp.com\/noticiasribeiraopreto.com.br\/wp-content\/uploads\/2023\/12\/camara_de_fortaleza_ce.jpg?fit=1200%2C675&ssl=1&resize=350%2C200","width":350,"height":200,"srcset":"https:\/\/i0.wp.com\/noticiasribeiraopreto.com.br\/wp-content\/uploads\/2023\/12\/camara_de_fortaleza_ce.jpg?fit=1200%2C675&ssl=1&resize=350%2C200 1x, https:\/\/i0.wp.com\/noticiasribeiraopreto.com.br\/wp-content\/uploads\/2023\/12\/camara_de_fortaleza_ce.jpg?fit=1200%2C675&ssl=1&resize=525%2C300 1.5x, https:\/\/i0.wp.com\/noticiasribeiraopreto.com.br\/wp-content\/uploads\/2023\/12\/camara_de_fortaleza_ce.jpg?fit=1200%2C675&ssl=1&resize=700%2C400 2x, https:\/\/i0.wp.com\/noticiasribeiraopreto.com.br\/wp-content\/uploads\/2023\/12\/camara_de_fortaleza_ce.jpg?fit=1200%2C675&ssl=1&resize=1050%2C600 3x"},"classes":[]},{"id":22120,"url":"https:\/\/noticiasribeiraopreto.com.br\/index.php\/2023\/12\/29\/assinado-contrato-com-banca-e-edital-ja-pode-sair-18\/","url_meta":{"origin":19686,"position":1},"title":"assinado contrato com banca e edital j\u00e1 pode sair","author":"noticiasribeiraopreto.com.br","date":"29 de December de 2023","format":false,"excerpt":"O edital do novo concurso Semae Mogi das Cruzes SP (Servi\u00e7o Municipal de \u00c1guas e Esgotos de Mogi das Cruzes), na regi\u00e3o metropolitana de S\u00e3o Paulo, j\u00e1 pode sair. Acontece que foi publicado, no di\u00e1rio oficial desta sexta-feira, 29 de dezembro, o extrato de contrato com a banca organizadora, que\u2026","rel":"","context":"In &quot;Vagas de Emprego em Ribeir\u00e3o Preto-SP&quot;","block_context":{"text":"Vagas de Emprego em Ribeir\u00e3o Preto-SP","link":"https:\/\/noticiasribeiraopreto.com.br\/index.php\/category\/empregos-classificados-vagas-trabalho\/vagas-de-empregos-em-ribeirao-preto-regiao-brasil\/"},"img":{"alt_text":"","src":"https:\/\/i0.wp.com\/noticiasribeiraopreto.com.br\/wp-content\/uploads\/2023\/12\/1703848431_semae_mogi_das_cruzes_sp_novoo.jpg?fit=1200%2C675&ssl=1&resize=350%2C200","width":350,"height":200,"srcset":"https:\/\/i0.wp.com\/noticiasribeiraopreto.com.br\/wp-content\/uploads\/2023\/12\/1703848431_semae_mogi_das_cruzes_sp_novoo.jpg?fit=1200%2C675&ssl=1&resize=350%2C200 1x, https:\/\/i0.wp.com\/noticiasribeiraopreto.com.br\/wp-content\/uploads\/2023\/12\/1703848431_semae_mogi_das_cruzes_sp_novoo.jpg?fit=1200%2C675&ssl=1&resize=525%2C300 1.5x, https:\/\/i0.wp.com\/noticiasribeiraopreto.com.br\/wp-content\/uploads\/2023\/12\/1703848431_semae_mogi_das_cruzes_sp_novoo.jpg?fit=1200%2C675&ssl=1&resize=700%2C400 2x, https:\/\/i0.wp.com\/noticiasribeiraopreto.com.br\/wp-content\/uploads\/2023\/12\/1703848431_semae_mogi_das_cruzes_sp_novoo.jpg?fit=1200%2C675&ssl=1&resize=1050%2C600 3x"},"classes":[]},{"id":17860,"url":"https:\/\/noticiasribeiraopreto.com.br\/index.php\/2023\/12\/19\/assinado-contrato-com-banca-e-edital-ja-pode-sair-10\/","url_meta":{"origin":19686,"position":2},"title":"assinado contrato com banca e edital j\u00e1 pode sair","author":"noticiasribeiraopreto.com.br","date":"19 de December de 2023","format":false,"excerpt":"O edital do novo concurso IFAP AP (Instituto Federal de Educa\u00e7\u00e3o, Ci\u00eancias e Tecnologia do Amap\u00e1) para carreiras docentes j\u00e1 pode sair. Acontece que foi publicado, no di\u00e1rio oficial da Uni\u00e3o desta ter\u00e7a-feira, 19 de dezembro, o extrato de contrato com a banca organizadora, que ser\u00e1 o Instituto Idecan. O\u2026","rel":"","context":"In &quot;Vagas de Emprego em Ribeir\u00e3o Preto-SP&quot;","block_context":{"text":"Vagas de Emprego em Ribeir\u00e3o Preto-SP","link":"https:\/\/noticiasribeiraopreto.com.br\/index.php\/category\/empregos-classificados-vagas-trabalho\/vagas-de-empregos-em-ribeirao-preto-regiao-brasil\/"},"img":{"alt_text":"","src":"https:\/\/i0.wp.com\/noticiasribeiraopreto.com.br\/wp-content\/uploads\/2023\/12\/ifap_ap.jpg?fit=1200%2C675&ssl=1&resize=350%2C200","width":350,"height":200,"srcset":"https:\/\/i0.wp.com\/noticiasribeiraopreto.com.br\/wp-content\/uploads\/2023\/12\/ifap_ap.jpg?fit=1200%2C675&ssl=1&resize=350%2C200 1x, https:\/\/i0.wp.com\/noticiasribeiraopreto.com.br\/wp-content\/uploads\/2023\/12\/ifap_ap.jpg?fit=1200%2C675&ssl=1&resize=525%2C300 1.5x, https:\/\/i0.wp.com\/noticiasribeiraopreto.com.br\/wp-content\/uploads\/2023\/12\/ifap_ap.jpg?fit=1200%2C675&ssl=1&resize=700%2C400 2x, https:\/\/i0.wp.com\/noticiasribeiraopreto.com.br\/wp-content\/uploads\/2023\/12\/ifap_ap.jpg?fit=1200%2C675&ssl=1&resize=1050%2C600 3x"},"classes":[]},{"id":14844,"url":"https:\/\/noticiasribeiraopreto.com.br\/index.php\/2023\/12\/12\/assinado-contrato-com-banca-e-edital-ja-pode-sair-7\/","url_meta":{"origin":19686,"position":3},"title":"assinado contrato com banca e edital j\u00e1 pode sair","author":"noticiasribeiraopreto.com.br","date":"12 de December de 2023","format":false,"excerpt":"O edital do novo concurso ALEP (Assembleia Legislativa do Estado do Paran\u00e1) j\u00e1 pode sair. Acontece que foi confirmada a assinatura do contrato com a banca organizadora nesta ter\u00e7a-feira, 12 de dezembro, por meio de publica\u00e7\u00e3o das redes sociais da casa. A escolhida \u00e9 a Funda\u00e7\u00e3o Get\u00falio Vargas (FGV).\u00a0 A\u2026","rel":"","context":"In &quot;Vagas de Emprego em Ribeir\u00e3o Preto-SP&quot;","block_context":{"text":"Vagas de Emprego em Ribeir\u00e3o Preto-SP","link":"https:\/\/noticiasribeiraopreto.com.br\/index.php\/category\/empregos-classificados-vagas-trabalho\/vagas-de-empregos-em-ribeirao-preto-regiao-brasil\/"},"img":{"alt_text":"","src":"https:\/\/i0.wp.com\/noticiasribeiraopreto.com.br\/wp-content\/uploads\/2023\/12\/alep_novoo.jpg?fit=1200%2C675&ssl=1&resize=350%2C200","width":350,"height":200,"srcset":"https:\/\/i0.wp.com\/noticiasribeiraopreto.com.br\/wp-content\/uploads\/2023\/12\/alep_novoo.jpg?fit=1200%2C675&ssl=1&resize=350%2C200 1x, https:\/\/i0.wp.com\/noticiasribeiraopreto.com.br\/wp-content\/uploads\/2023\/12\/alep_novoo.jpg?fit=1200%2C675&ssl=1&resize=525%2C300 1.5x, https:\/\/i0.wp.com\/noticiasribeiraopreto.com.br\/wp-content\/uploads\/2023\/12\/alep_novoo.jpg?fit=1200%2C675&ssl=1&resize=700%2C400 2x, https:\/\/i0.wp.com\/noticiasribeiraopreto.com.br\/wp-content\/uploads\/2023\/12\/alep_novoo.jpg?fit=1200%2C675&ssl=1&resize=1050%2C600 3x"},"classes":[]},{"id":18913,"url":"https:\/\/noticiasribeiraopreto.com.br\/index.php\/2023\/12\/21\/assinado-contrato-com-banca-e-edital-ja-pode-sair-13\/","url_meta":{"origin":19686,"position":4},"title":"assinado contrato com banca e edital j\u00e1 pode sair","author":"noticiasribeiraopreto.com.br","date":"21 de December de 2023","format":false,"excerpt":"O edital do novo concurso CAU RN (Conselho Regional de Arquitetura e Urbanismo do Rio Grande do Norte) j\u00e1 pode sair. Acontece que foi publicado, no di\u00e1rio oficial da Uni\u00e3o desta quinta-feira, 21 de dezembro, o extrato de contrato com a banca organizadora, que ser\u00e1 o Instituto Quadrix. O nome\u2026","rel":"","context":"In &quot;Vagas de Emprego em Ribeir\u00e3o Preto-SP&quot;","block_context":{"text":"Vagas de Emprego em Ribeir\u00e3o Preto-SP","link":"https:\/\/noticiasribeiraopreto.com.br\/index.php\/category\/empregos-classificados-vagas-trabalho\/vagas-de-empregos-em-ribeirao-preto-regiao-brasil\/"},"img":{"alt_text":"","src":"https:\/\/i0.wp.com\/noticiasribeiraopreto.com.br\/wp-content\/uploads\/2023\/12\/cau_rn.jpg?fit=1200%2C675&ssl=1&resize=350%2C200","width":350,"height":200,"srcset":"https:\/\/i0.wp.com\/noticiasribeiraopreto.com.br\/wp-content\/uploads\/2023\/12\/cau_rn.jpg?fit=1200%2C675&ssl=1&resize=350%2C200 1x, https:\/\/i0.wp.com\/noticiasribeiraopreto.com.br\/wp-content\/uploads\/2023\/12\/cau_rn.jpg?fit=1200%2C675&ssl=1&resize=525%2C300 1.5x, https:\/\/i0.wp.com\/noticiasribeiraopreto.com.br\/wp-content\/uploads\/2023\/12\/cau_rn.jpg?fit=1200%2C675&ssl=1&resize=700%2C400 2x, https:\/\/i0.wp.com\/noticiasribeiraopreto.com.br\/wp-content\/uploads\/2023\/12\/cau_rn.jpg?fit=1200%2C675&ssl=1&resize=1050%2C600 3x"},"classes":[]},{"id":19323,"url":"https:\/\/noticiasribeiraopreto.com.br\/index.php\/2023\/12\/22\/assinado-contrato-com-banca-e-edital-ja-pode-sair-15\/","url_meta":{"origin":19686,"position":5},"title":"assinado contrato com banca e edital j\u00e1 pode sair","author":"noticiasribeiraopreto.com.br","date":"22 de December de 2023","format":false,"excerpt":"O edital do novo concurso CVM (Comiss\u00e3o de Valores Mobili\u00e1rios) j\u00e1 pode sair. Acontece que o \u00faltimo entrave para o in\u00edcio da sele\u00e7\u00e3o foi superado nesta sexta-feira, 22 de dezembro, com a publica\u00e7\u00e3o, no di\u00e1rio oficial da Uni\u00e3o, do extrato de contrato com a banca organizadora, que ser\u00e1 a Funda\u00e7\u00e3o\u2026","rel":"","context":"In &quot;Vagas de Emprego em Ribeir\u00e3o Preto-SP&quot;","block_context":{"text":"Vagas de Emprego em Ribeir\u00e3o Preto-SP","link":"https:\/\/noticiasribeiraopreto.com.br\/index.php\/category\/empregos-classificados-vagas-trabalho\/vagas-de-empregos-em-ribeirao-preto-regiao-brasil\/"},"img":{"alt_text":"","src":"https:\/\/i0.wp.com\/noticiasribeiraopreto.com.br\/wp-content\/uploads\/2023\/12\/1703239020_concurso-cvm-maps-sede-rj.jpg?fit=1200%2C675&ssl=1&resize=350%2C200","width":350,"height":200,"srcset":"https:\/\/i0.wp.com\/noticiasribeiraopreto.com.br\/wp-content\/uploads\/2023\/12\/1703239020_concurso-cvm-maps-sede-rj.jpg?fit=1200%2C675&ssl=1&resize=350%2C200 1x, https:\/\/i0.wp.com\/noticiasribeiraopreto.com.br\/wp-content\/uploads\/2023\/12\/1703239020_concurso-cvm-maps-sede-rj.jpg?fit=1200%2C675&ssl=1&resize=525%2C300 1.5x, https:\/\/i0.wp.com\/noticiasribeiraopreto.com.br\/wp-content\/uploads\/2023\/12\/1703239020_concurso-cvm-maps-sede-rj.jpg?fit=1200%2C675&ssl=1&resize=700%2C400 2x, https:\/\/i0.wp.com\/noticiasribeiraopreto.com.br\/wp-content\/uploads\/2023\/12\/1703239020_concurso-cvm-maps-sede-rj.jpg?fit=1200%2C675&ssl=1&resize=1050%2C600 3x"},"classes":[]}],"jetpack_sharing_enabled":true,"jetpack_shortlink":"https:\/\/wp.me\/peQAOb-57w","_links":{"self":[{"href":"https:\/\/noticiasribeiraopreto.com.br\/index.php\/wp-json\/wp\/v2\/posts\/19686","targetHints":{"allow":["GET"]}}],"collection":[{"href":"https:\/\/noticiasribeiraopreto.com.br\/index.php\/wp-json\/wp\/v2\/posts"}],"about":[{"href":"https:\/\/noticiasribeiraopreto.com.br\/index.php\/wp-json\/wp\/v2\/types\/post"}],"author":[{"embeddable":true,"href":"https:\/\/noticiasribeiraopreto.com.br\/index.php\/wp-json\/wp\/v2\/users\/1"}],"replies":[{"embeddable":true,"href":"https:\/\/noticiasribeiraopreto.com.br\/index.php\/wp-json\/wp\/v2\/comments?post=19686"}],"version-history":[{"count":0,"href":"https:\/\/noticiasribeiraopreto.com.br\/index.php\/wp-json\/wp\/v2\/posts\/19686\/revisions"}],"wp:featuredmedia":[{"embeddable":true,"href":"https:\/\/noticiasribeiraopreto.com.br\/index.php\/wp-json\/wp\/v2\/media\/19687"}],"wp:attachment":[{"href":"https:\/\/noticiasribeiraopreto.com.br\/index.php\/wp-json\/wp\/v2\/media?parent=19686"}],"wp:term":[{"taxonomy":"category","embeddable":true,"href":"https:\/\/noticiasribeiraopreto.com.br\/index.php\/wp-json\/wp\/v2\/categories?post=19686"},{"taxonomy":"post_tag","embeddable":true,"href":"https:\/\/noticiasribeiraopreto.com.br\/index.php\/wp-json\/wp\/v2\/tags?post=19686"}],"curies":[{"name":"wp","href":"https:\/\/api.w.org\/{rel}","templated":true}]}}