{"id":19690,"date":"2023-12-22T23:32:28","date_gmt":"2023-12-23T02:32:28","guid":{"rendered":"https:\/\/noticiasribeiraopreto.com.br\/index.php\/2023\/12\/22\/pastor-davi-passamani-e-alvo-de-nova-denuncia-por-importunacao-sexual\/"},"modified":"2023-12-22T23:32:28","modified_gmt":"2023-12-23T02:32:28","slug":"pastor-davi-passamani-e-alvo-de-nova-denuncia-por-importunacao-sexual","status":"publish","type":"post","link":"https:\/\/noticiasribeiraopreto.com.br\/index.php\/2023\/12\/22\/pastor-davi-passamani-e-alvo-de-nova-denuncia-por-importunacao-sexual\/","title":{"rendered":"Pastor Davi Passamani \u00e9 alvo de nova den\u00fancia por importuna\u00e7\u00e3o sexual"},"content":{"rendered":"<div class='code-block code-block-1' style='margin: 8px 0 8px auto; text-align: right; display: block; clear: both;'>\n<p><a href=\"https:\/\/wa.link\/vpicfd\"><img data-recalc-dims=\"1\" class=\"wp-image-4922\" style=\"aspect-ratio: 2.0253164556962027; width: 561px; height: auto;\" src=\"https:\/\/i0.wp.com\/ismaelcolosi.com.br\/wp-content\/uploads\/2023\/11\/grupo-de-empregos-whatsapp-e-facebook-ismael-colosi-vagas.jpg?ssl=1\" alt=\"\" \/><\/a><\/p>\n<!-- \/wp:image -->\n<\/div>\n<p> <br \/>\n<\/p>\n<div itemprop=\"text\">\n<p>Nesta sexta-feira (22\/12), o nome do pastor Davi Vieira Passamani voltou a figurar no notici\u00e1rio. Isso porque o religioso foi acusado de importuna\u00e7\u00e3o sexual pela segunda vez. A primeira denuncia aconteceu em 2020, feita por outra mulher.<\/p>\n<p>A denunciante procurou a pol\u00edcia na quarta-feira (20\/12) e denunciou o epis\u00f3dio, que teria acontecido na madrugada de ter\u00e7a-feira (19\/12). Para a pol\u00edcia, ela contou que a conversa iniciou com uma mensagem do pastor, perguntando como ela estava.<\/p>\n<p>Segundo a mulher, a conversa continuou com ela dizendo que estava bem e agradecendo pelas ora\u00e7\u00f5es. A conversa teria continuado e Davi passado a perguntar sobre o namoro da mulher, quando descobriu que ela estava solteira.<\/p>\n<p>A partir desse momento, segundo a mulher, o pastor passou a fazer \u201cconfiss\u00f5es\u201d, inclusive com a narra\u00e7\u00e3o de uma fantasia er\u00f3tica que teria tido com ela. Segundo a mulher, em dado momento ele passou a se masturbar e chegou a filmar o \u00f3rg\u00e3o \u00edntimo.<\/p>\n<div class=\"code-block code-block-9\" style=\"margin: 8px auto; text-align: center; display: block; clear: both;\">\n<p><span style=\"font-size: xx-small;\"><b>PUBLICIDADE<\/b><\/span><\/p>\n<div class=\"separator\" style=\"clear: both; text-align: center;\"><a href=\"https:\/\/breeze.bet\/?c=1&amp;utm_source=fbs\" imageanchor=\"1\" style=\"margin-left: 1em; margin-right: 1em;\" target=\"_blank\" rel=\"noopener\"><img data-recalc-dims=\"1\" loading=\"lazy\" decoding=\"async\" border=\"0\" data-original-height=\"250\" data-original-width=\"300\" height=\"250\" src=\"https:\/\/i0.wp.com\/blogger.googleusercontent.com\/img\/b\/R29vZ2xl\/AVvXsEhHMStsQpenim-wcfJXHMndm0o0P6BrbXYcb_zvAoVvLcdQw8AP_XKlfa98ltKcznGeZ-LpsBl2FxLCp8WOYwgFSB3cRFm5w-61F-0aTWm387IgHB-GZMFhX20JbEzho8NVK1flhSUYOat_fFInLDqTMO3djGgM3zf7gMkbu8Ut7Zlm-7-ZYF292G63voBG\/s1600\/at%C3%A9%20X2500.png?resize=300%2C250&#038;ssl=1\" width=\"300\"\/><\/a><\/div>\n<\/div>\n<p>A mulher contou ainda que o pastor chegou a enviar \u00e1udios enquanto se masturbava. Ainda segundo ela, ap\u00f3s satisfazer a si mesmo, ele teve a iniciativa de desligar a chamada. No entanto, teria continuado a mandar mensagens, que ela n\u00e3o mais respondeu.<\/p>\n<p>Video <a href=\"https:\/\/g1.globo.com\/go\/goias\/video\/pastor-davi-passamani-e-denunciado-por-importunacao-sexual-em-outro-caso-12215634.ghtml\" target=\"_blank\" rel=\"nofollow noopener sponsored\">(clique aqui)<\/a><\/p>\n<p>A Pol\u00edcia Civil confirma ter recebido a den\u00fancia, mas adiantou que n\u00e3o vai dar detalhes sobre as investiga\u00e7\u00f5es no momento. A den\u00fancia, de 2020, acabou arquivada. At\u00e9 o momento o pastor, l\u00edder da igreja Casa, n\u00e3o se manifestou.<\/p>\n<\/div>\n<p><br \/>\n<br \/><a href=\"https:\/\/fnmais.com\/pastor-davi-passamani-alvo-nova-denuncia-por-importunacao-sexual\/\">Source link <\/a><\/p>\n<!-- CONTENT END 1 -->\n","protected":false},"excerpt":{"rendered":"<p>Nesta sexta-feira (22\/12), o nome do pastor Davi Vieira Passamani voltou a figurar no notici\u00e1rio. Isso porque o religioso foi acusado de importuna\u00e7\u00e3o sexual pela&#8230;<\/p>\n","protected":false},"author":1,"featured_media":19691,"comment_status":"open","ping_status":"open","sticky":false,"template":"","format":"standard","meta":{"advanced_seo_description":"","jetpack_seo_html_title":"","jetpack_seo_noindex":false,"jetpack_post_was_ever_published":false,"_jetpack_newsletter_access":"","_jetpack_dont_email_post_to_subs":false,"_jetpack_newsletter_tier_id":0,"_jetpack_memberships_contains_paywalled_content":false,"_jetpack_memberships_contains_paid_content":false,"footnotes":"","jetpack_publicize_message":"","jetpack_publicize_feature_enabled":true,"jetpack_social_post_already_shared":true,"jetpack_social_options":{"image_generator_settings":{"template":"highway","default_image_id":0,"font":"","enabled":false},"version":2}},"categories":[1],"tags":[],"class_list":["post-19690","post","type-post","status-publish","format-standard","has-post-thumbnail","hentry","category-blog"],"jetpack_publicize_connections":[],"jetpack_featured_media_url":"https:\/\/i0.wp.com\/noticiasribeiraopreto.com.br\/wp-content\/uploads\/2023\/12\/postimg-65863a3d7f4bf1130.jpg?fit=1200%2C628&ssl=1","jetpack-related-posts":[{"id":2394,"url":"https:\/\/noticiasribeiraopreto.com.br\/index.php\/2023\/11\/15\/ex-flamengo-everton-e-acusado-de-importunacao-sexual-durante-churrasco-video\/","url_meta":{"origin":19690,"position":0},"title":"Ex-Flamengo, Everton \u00e9 acusado de importuna\u00e7\u00e3o sexual durante churrasco; video","author":"noticiasribeiraopreto.com.br","date":"15 de November de 2023","format":false,"excerpt":"Nesta ter\u00e7a-feira (14\/11), veio \u00e0 tona uma den\u00fancia por importuna\u00e7\u00e3o sexual contra o jogador Everton, de 34 anos, que atualmente atua pela Ponte Preta. O jogador foi denunciado na \u00faltima segunda-feira (13\/11).Everton \u00e9 acusado de importuna\u00e7\u00e3o sexual por uma mulher que estava no mesmo evento que ele. Segundo informa\u00e7\u00f5es da\u2026","rel":"","context":"In &quot;Blog&quot;","block_context":{"text":"Blog","link":"https:\/\/noticiasribeiraopreto.com.br\/index.php\/category\/blog\/"},"img":{"alt_text":"","src":"https:\/\/i0.wp.com\/noticiasribeiraopreto.com.br\/wp-content\/uploads\/2023\/11\/postimg-6553e6a1758b19905.jpg?fit=1200%2C628&ssl=1&resize=350%2C200","width":350,"height":200,"srcset":"https:\/\/i0.wp.com\/noticiasribeiraopreto.com.br\/wp-content\/uploads\/2023\/11\/postimg-6553e6a1758b19905.jpg?fit=1200%2C628&ssl=1&resize=350%2C200 1x, https:\/\/i0.wp.com\/noticiasribeiraopreto.com.br\/wp-content\/uploads\/2023\/11\/postimg-6553e6a1758b19905.jpg?fit=1200%2C628&ssl=1&resize=525%2C300 1.5x, https:\/\/i0.wp.com\/noticiasribeiraopreto.com.br\/wp-content\/uploads\/2023\/11\/postimg-6553e6a1758b19905.jpg?fit=1200%2C628&ssl=1&resize=700%2C400 2x, https:\/\/i0.wp.com\/noticiasribeiraopreto.com.br\/wp-content\/uploads\/2023\/11\/postimg-6553e6a1758b19905.jpg?fit=1200%2C628&ssl=1&resize=1050%2C600 3x"},"classes":[]},{"id":84519,"url":"https:\/\/noticiasribeiraopreto.com.br\/index.php\/2026\/04\/10\/policia-investiga-denuncia-de-importunacao-sexual-ligada-a-oferta-de-emprego\/","url_meta":{"origin":19690,"position":1},"title":"Pol\u00edcia investiga den\u00fancia de importuna\u00e7\u00e3o sexual ligada a oferta de emprego","author":"noticiasribeiraopreto.com.br","date":"10 de April de 2026","format":false,"excerpt":"Ler o resumo da not\u00edcia \r Den\u00fancia investiga poss\u00edvel importuna\u00e7\u00e3o sexual em processo seletivo de lanchonete em Vila Tib\u00e9rio, Ribeir\u00e3o Preto.\r Vaga oferecia R$ 1.300 a R$ 1.700 para atendimento, organiza\u00e7\u00e3o e lavagem de lou\u00e7a, de quarta a s\u00e1bado.\r Candidatas relataram que remunera\u00e7\u00e3o maior dependia de uso de decote e\u2026","rel":"","context":"In &quot;Not\u00edcias de Ribeir\u00e3o Preto-SP e Regi\u00e3o&quot;","block_context":{"text":"Not\u00edcias de Ribeir\u00e3o Preto-SP e Regi\u00e3o","link":"https:\/\/noticiasribeiraopreto.com.br\/index.php\/category\/noticias-de-ribeirao-preto-sp-e-regiao-ismael-colosi\/"},"img":{"alt_text":"","src":"https:\/\/i0.wp.com\/noticiasribeiraopreto.com.br\/wp-content\/uploads\/2026\/04\/palace-2026-04-10T184301.312_2026-04-10_21-46-25.webp.webp?fit=1200%2C675&ssl=1&resize=350%2C200","width":350,"height":200,"srcset":"https:\/\/i0.wp.com\/noticiasribeiraopreto.com.br\/wp-content\/uploads\/2026\/04\/palace-2026-04-10T184301.312_2026-04-10_21-46-25.webp.webp?fit=1200%2C675&ssl=1&resize=350%2C200 1x, https:\/\/i0.wp.com\/noticiasribeiraopreto.com.br\/wp-content\/uploads\/2026\/04\/palace-2026-04-10T184301.312_2026-04-10_21-46-25.webp.webp?fit=1200%2C675&ssl=1&resize=525%2C300 1.5x, https:\/\/i0.wp.com\/noticiasribeiraopreto.com.br\/wp-content\/uploads\/2026\/04\/palace-2026-04-10T184301.312_2026-04-10_21-46-25.webp.webp?fit=1200%2C675&ssl=1&resize=700%2C400 2x, https:\/\/i0.wp.com\/noticiasribeiraopreto.com.br\/wp-content\/uploads\/2026\/04\/palace-2026-04-10T184301.312_2026-04-10_21-46-25.webp.webp?fit=1200%2C675&ssl=1&resize=1050%2C600 3x"},"classes":[]},{"id":20192,"url":"https:\/\/noticiasribeiraopreto.com.br\/index.php\/2023\/12\/24\/cantor-e-pastor-davi-passamani-tenta-tirar-a-propria-vida-e-deixa-carta-de-despedida-apos-acusacao\/","url_meta":{"origin":19690,"position":2},"title":"cantor e pastor Davi Passamani tenta tirar a pr\u00f3pria vida e deixa carta de despedida ap\u00f3s acusa\u00e7\u00e3o","author":"noticiasribeiraopreto.com.br","date":"24 de December de 2023","format":false,"excerpt":"O pastor Davi Passamani, recentemente envolvido em um Boletim de Ocorr\u00eancia por acusa\u00e7\u00f5es de importuna\u00e7\u00e3o sexual, teria tentadotirar a pr\u00f3pria vida, de acordo com relatos divulgados.E antes do ato, ele teria publicado uma carta aberta dentro de um grupo da igreja no WhatsApp, sendo acompanhada de um v\u00eddeo que sugere\u2026","rel":"","context":"In &quot;Blog&quot;","block_context":{"text":"Blog","link":"https:\/\/noticiasribeiraopreto.com.br\/index.php\/category\/blog\/"},"img":{"alt_text":"","src":"https:\/\/i0.wp.com\/noticiasribeiraopreto.com.br\/wp-content\/uploads\/2023\/12\/postimg-65885d5a3b4435194.jpg?fit=1200%2C628&ssl=1&resize=350%2C200","width":350,"height":200,"srcset":"https:\/\/i0.wp.com\/noticiasribeiraopreto.com.br\/wp-content\/uploads\/2023\/12\/postimg-65885d5a3b4435194.jpg?fit=1200%2C628&ssl=1&resize=350%2C200 1x, https:\/\/i0.wp.com\/noticiasribeiraopreto.com.br\/wp-content\/uploads\/2023\/12\/postimg-65885d5a3b4435194.jpg?fit=1200%2C628&ssl=1&resize=525%2C300 1.5x, https:\/\/i0.wp.com\/noticiasribeiraopreto.com.br\/wp-content\/uploads\/2023\/12\/postimg-65885d5a3b4435194.jpg?fit=1200%2C628&ssl=1&resize=700%2C400 2x, https:\/\/i0.wp.com\/noticiasribeiraopreto.com.br\/wp-content\/uploads\/2023\/12\/postimg-65885d5a3b4435194.jpg?fit=1200%2C628&ssl=1&resize=1050%2C600 3x"},"classes":[]},{"id":84612,"url":"https:\/\/noticiasribeiraopreto.com.br\/index.php\/2026\/04\/13\/erika-hilton-quer-cassacao-de-alvara-de-lanchonete-que-ofereceu-salario-maior-por-roupas-curtas\/","url_meta":{"origin":19690,"position":3},"title":"Erika Hilton quer cassa\u00e7\u00e3o de alvar\u00e1 de lanchonete que ofereceu sal\u00e1rio maior por \u2018roupas curtas\u2019","author":"noticiasribeiraopreto.com.br","date":"13 de April de 2026","format":false,"excerpt":"Ler o resumo da not\u00edcia A deputa\u00adda Erika Hilton (Psol) pediu a cassa\u00e7\u00e3o do alvar\u00e1 de uma lanchonete em Ribeir\u00e3o Preto que oferecia sal\u00e1rios maiores a mulheres que usassem \"roupas curtas\". O caso \u00e9 investigado pela Pol\u00edcia Civil e pelo Minist\u00e9rio P\u00fablico do Trabalho ap\u00f3s den\u00fancia de poss\u00edvel importuna\u00e7\u00e3o sexual\u2026","rel":"","context":"In &quot;Not\u00edcias de Ribeir\u00e3o Preto-SP e Regi\u00e3o&quot;","block_context":{"text":"Not\u00edcias de Ribeir\u00e3o Preto-SP e Regi\u00e3o","link":"https:\/\/noticiasribeiraopreto.com.br\/index.php\/category\/noticias-de-ribeirao-preto-sp-e-regiao-ismael-colosi\/"},"img":{"alt_text":"","src":"https:\/\/i0.wp.com\/noticiasribeiraopreto.com.br\/wp-content\/uploads\/2026\/04\/erika-hilton-lanchonete_2026-04-13_14-00-23.webp.webp?fit=1200%2C674&ssl=1&resize=350%2C200","width":350,"height":200,"srcset":"https:\/\/i0.wp.com\/noticiasribeiraopreto.com.br\/wp-content\/uploads\/2026\/04\/erika-hilton-lanchonete_2026-04-13_14-00-23.webp.webp?fit=1200%2C674&ssl=1&resize=350%2C200 1x, https:\/\/i0.wp.com\/noticiasribeiraopreto.com.br\/wp-content\/uploads\/2026\/04\/erika-hilton-lanchonete_2026-04-13_14-00-23.webp.webp?fit=1200%2C674&ssl=1&resize=525%2C300 1.5x, https:\/\/i0.wp.com\/noticiasribeiraopreto.com.br\/wp-content\/uploads\/2026\/04\/erika-hilton-lanchonete_2026-04-13_14-00-23.webp.webp?fit=1200%2C674&ssl=1&resize=700%2C400 2x, https:\/\/i0.wp.com\/noticiasribeiraopreto.com.br\/wp-content\/uploads\/2026\/04\/erika-hilton-lanchonete_2026-04-13_14-00-23.webp.webp?fit=1200%2C674&ssl=1&resize=1050%2C600 3x"},"classes":[]},{"id":49970,"url":"https:\/\/noticiasribeiraopreto.com.br\/index.php\/2024\/05\/14\/paciente-de-81-anos-e-preso-por-importunacao-sexual-em-posto-de-saude-de-ribeirao-preto\/","url_meta":{"origin":19690,"position":4},"title":"Paciente de 81 anos \u00e9 preso por importuna\u00e7\u00e3o sexual em posto de sa\u00fade de Ribeir\u00e3o Preto","author":"noticiasribeiraopreto.com.br","date":"14 de May de 2024","format":false,"excerpt":"Um homem de 81 anos foi preso nesta segunda-feira (13) suspeito de importuna\u00e7\u00e3o sexual contra uma auxiliar de enfermagem, durante atendimento na UBS (Unidade B\u00e1sica de Sa\u00fade) da Vila Tib\u00e9rio, na zona Oeste de Ribeir\u00e3o Preto. Segundo o boletim de ocorr\u00eancia (BO), a v\u00edtima, de 53 anos, aformou \u00e0 GCM\u2026","rel":"","context":"In &quot;Not\u00edcias de Ribeir\u00e3o Preto-SP e Regi\u00e3o&quot;","block_context":{"text":"Not\u00edcias de Ribeir\u00e3o Preto-SP e Regi\u00e3o","link":"https:\/\/noticiasribeiraopreto.com.br\/index.php\/category\/noticias-de-ribeirao-preto-sp-e-regiao-ismael-colosi\/"},"img":{"alt_text":"","src":"https:\/\/i0.wp.com\/noticiasribeiraopreto.com.br\/wp-content\/uploads\/2024\/05\/GCM-1_2024-05-14_11-49-29_jpg_2024-05-14_11-49-29.webp.webp?fit=1200%2C871&ssl=1&resize=350%2C200","width":350,"height":200,"srcset":"https:\/\/i0.wp.com\/noticiasribeiraopreto.com.br\/wp-content\/uploads\/2024\/05\/GCM-1_2024-05-14_11-49-29_jpg_2024-05-14_11-49-29.webp.webp?fit=1200%2C871&ssl=1&resize=350%2C200 1x, https:\/\/i0.wp.com\/noticiasribeiraopreto.com.br\/wp-content\/uploads\/2024\/05\/GCM-1_2024-05-14_11-49-29_jpg_2024-05-14_11-49-29.webp.webp?fit=1200%2C871&ssl=1&resize=525%2C300 1.5x, https:\/\/i0.wp.com\/noticiasribeiraopreto.com.br\/wp-content\/uploads\/2024\/05\/GCM-1_2024-05-14_11-49-29_jpg_2024-05-14_11-49-29.webp.webp?fit=1200%2C871&ssl=1&resize=700%2C400 2x, https:\/\/i0.wp.com\/noticiasribeiraopreto.com.br\/wp-content\/uploads\/2024\/05\/GCM-1_2024-05-14_11-49-29_jpg_2024-05-14_11-49-29.webp.webp?fit=1200%2C871&ssl=1&resize=1050%2C600 3x"},"classes":[]},{"id":44614,"url":"https:\/\/noticiasribeiraopreto.com.br\/index.php\/2024\/03\/28\/garcom-e-flagrado-filmando-mulher-no-banheiro-de-restaurante-na-zona-sul\/","url_meta":{"origin":19690,"position":5},"title":"Gar\u00e7om \u00e9 flagrado filmando mulher no banheiro de restaurante na zona Sul","author":"noticiasribeiraopreto.com.br","date":"28 de March de 2024","format":false,"excerpt":"Assim que foi descoberto, homem deixou cair o celular e fugiu do local para evitar ser preso 28 de mar\u00e7o de 2024 | 18:42 2 Por: Adalberto Luque Um gar\u00e7om foi flagrado por uma cliente enquanto filmava ela no banheiro de um restaurante na City Ribeir\u00e3o, zona Sul de Ribeir\u00e3o\u2026","rel":"","context":"In &quot;Not\u00edcias de Ribeir\u00e3o Preto-SP e Regi\u00e3o&quot;","block_context":{"text":"Not\u00edcias de Ribeir\u00e3o Preto-SP e Regi\u00e3o","link":"https:\/\/noticiasribeiraopreto.com.br\/index.php\/category\/noticias-de-ribeirao-preto-sp-e-regiao-ismael-colosi\/"},"img":{"alt_text":"","src":"https:\/\/i0.wp.com\/noticiasribeiraopreto.com.br\/wp-content\/uploads\/2024\/03\/00-07-mar-2024-Luque-Viaturas-PM-Foto-Alfredo-Fisk-scaled.jpg?fit=967%2C645&ssl=1&resize=350%2C200","width":350,"height":200,"srcset":"https:\/\/i0.wp.com\/noticiasribeiraopreto.com.br\/wp-content\/uploads\/2024\/03\/00-07-mar-2024-Luque-Viaturas-PM-Foto-Alfredo-Fisk-scaled.jpg?fit=967%2C645&ssl=1&resize=350%2C200 1x, https:\/\/i0.wp.com\/noticiasribeiraopreto.com.br\/wp-content\/uploads\/2024\/03\/00-07-mar-2024-Luque-Viaturas-PM-Foto-Alfredo-Fisk-scaled.jpg?fit=967%2C645&ssl=1&resize=525%2C300 1.5x, https:\/\/i0.wp.com\/noticiasribeiraopreto.com.br\/wp-content\/uploads\/2024\/03\/00-07-mar-2024-Luque-Viaturas-PM-Foto-Alfredo-Fisk-scaled.jpg?fit=967%2C645&ssl=1&resize=700%2C400 2x"},"classes":[]}],"jetpack_sharing_enabled":true,"jetpack_shortlink":"https:\/\/wp.me\/peQAOb-57A","_links":{"self":[{"href":"https:\/\/noticiasribeiraopreto.com.br\/index.php\/wp-json\/wp\/v2\/posts\/19690","targetHints":{"allow":["GET"]}}],"collection":[{"href":"https:\/\/noticiasribeiraopreto.com.br\/index.php\/wp-json\/wp\/v2\/posts"}],"about":[{"href":"https:\/\/noticiasribeiraopreto.com.br\/index.php\/wp-json\/wp\/v2\/types\/post"}],"author":[{"embeddable":true,"href":"https:\/\/noticiasribeiraopreto.com.br\/index.php\/wp-json\/wp\/v2\/users\/1"}],"replies":[{"embeddable":true,"href":"https:\/\/noticiasribeiraopreto.com.br\/index.php\/wp-json\/wp\/v2\/comments?post=19690"}],"version-history":[{"count":0,"href":"https:\/\/noticiasribeiraopreto.com.br\/index.php\/wp-json\/wp\/v2\/posts\/19690\/revisions"}],"wp:featuredmedia":[{"embeddable":true,"href":"https:\/\/noticiasribeiraopreto.com.br\/index.php\/wp-json\/wp\/v2\/media\/19691"}],"wp:attachment":[{"href":"https:\/\/noticiasribeiraopreto.com.br\/index.php\/wp-json\/wp\/v2\/media?parent=19690"}],"wp:term":[{"taxonomy":"category","embeddable":true,"href":"https:\/\/noticiasribeiraopreto.com.br\/index.php\/wp-json\/wp\/v2\/categories?post=19690"},{"taxonomy":"post_tag","embeddable":true,"href":"https:\/\/noticiasribeiraopreto.com.br\/index.php\/wp-json\/wp\/v2\/tags?post=19690"}],"curies":[{"name":"wp","href":"https:\/\/api.w.org\/{rel}","templated":true}]}}