{"id":19723,"date":"2023-12-23T01:10:35","date_gmt":"2023-12-23T04:10:35","guid":{"rendered":"https:\/\/noticiasribeiraopreto.com.br\/index.php\/2023\/12\/23\/lista-under-30-2023-e-destaque-da-nova-edicao-da-forbes-brasil\/"},"modified":"2023-12-23T01:10:35","modified_gmt":"2023-12-23T04:10:35","slug":"lista-under-30-2023-e-destaque-da-nova-edicao-da-forbes-brasil","status":"publish","type":"post","link":"https:\/\/noticiasribeiraopreto.com.br\/index.php\/2023\/12\/23\/lista-under-30-2023-e-destaque-da-nova-edicao-da-forbes-brasil\/","title":{"rendered":"Lista Under 30 2023 \u00e9 destaque da nova edi\u00e7\u00e3o da Forbes Brasil"},"content":{"rendered":"<div class='code-block code-block-1' style='margin: 8px 0 8px auto; text-align: right; display: block; clear: both;'>\n<p><a href=\"https:\/\/wa.link\/vpicfd\"><img data-recalc-dims=\"1\" class=\"wp-image-4922\" style=\"aspect-ratio: 2.0253164556962027; width: 561px; height: auto;\" src=\"https:\/\/i0.wp.com\/ismaelcolosi.com.br\/wp-content\/uploads\/2023\/11\/grupo-de-empregos-whatsapp-e-facebook-ismael-colosi-vagas.jpg?ssl=1\" alt=\"\" \/><\/a><\/p>\n<!-- \/wp:image -->\n<\/div>\n<p> <br \/>\n<\/p>\n<div>\n<div id=\"attachment_587322\" class=\"wp-caption alignnone style=\" max-width:=\"\"><img data-recalc-dims=\"1\" fetchpriority=\"high\" decoding=\"async\" class=\"alignnone alignnone size-full wp-image-587322\" src=\"https:\/\/i0.wp.com\/forbes.com.br\/wp-content\/uploads\/2023\/12\/DIVULGACAO-LISTA-768x512.jpg?resize=678%2C452&#038;ssl=1\" http:=\"\" alt=\"\" width=\"678\" height=\"452\" data-lazy-src=\"https:\/\/forbes.com.br\/wp-content\/uploads\/2023\/12\/DIVULGACAO-LISTA-768x512.jpg\"\/><noscript><img data-recalc-dims=\"1\" fetchpriority=\"high\" decoding=\"async\" class=\"alignnone alignnone size-full wp-image-587322\" src=\"https:\/\/i0.wp.com\/forbes.com.br\/wp-content\/uploads\/2023\/12\/DIVULGACAO-LISTA-768x512.jpg?resize=678%2C452&#038;ssl=1\" alt=\"\" width=\"678\" height=\"452\"\/><\/noscript><\/p>\n<p class=\"wp-caption-text\">Edi\u00e7\u00e3o 115 da Forbes Brasil traz lista Forbes Under 30 2023<\/p>\n<\/div>\n<p>A edi\u00e7\u00e3o 115 da Forbes Brasil, que traz a lista Forbes Under 30 2023, j\u00e1 est\u00e1 dispon\u00edvel no <a href=\"https:\/\/onelink.to\/89h8up\">aplicativo da Forbes<\/a>.<\/p>\n<p><span style=\"font-weight: 400;\">Eles est\u00e3o mais disruptivos, mais relevantes, mais profissionais, mais talentosos, mais conscientes do que querem para si e para o mundo. Aprenderam (acho que alguns j\u00e1 nasceram sabendo) a usar as ferramentas do terceiro mil\u00eanio para potencializar o alcance de seus feitos e ideias. Souberam alinhar seus prop\u00f3sitos aos anseios e demandas do nosso tempo, instintivamente ou \u00e0 custa de muito estudo e prepara\u00e7\u00e3o. Em um estalar de dedos, s\u00e3o vistos e ouvidos por milh\u00f5es, \u00e0s vezes bilh\u00f5es de pessoas. N\u00e3o est\u00e3o para brincadeira, mesmo que, em alguns casos, o humor fa\u00e7a parte de suas atividades. S\u00e3o, sem exagero, capazes de mudar o mundo, apesar de seus poucos anos de vida.<\/span><\/p>\n<p><span style=\"font-weight: 400;\">Estou falando dos eleitos na Lista Forbes Under 30 2023, que voc\u00ea vai conhecer a partir da p\u00e1gina 54. Nomes como Jojo Todynho, artista e influenciadora que fez da espontaneidade sua marca registrada; Marquinhos Molina, que criou um aplicativo de compra e venda de bovinos pioneiro e que se prepara para assumir uma das maiores empresas do planeta; Mayara Magri, nada menos que a Primeira Bailarina no Royal Ballet de Londres; J\u00falia Castro, considerada uma das cientistas mais promissoras do mundo; Txai Suru\u00ed, uma das principais lideran\u00e7as ind\u00edgenas do pa\u00eds; e uma centena de outros jovens brilhantes \u2013 com men\u00e7\u00e3o especial aos atletas e paratletas que trouxeram ao Brasil recordes de medalhas nos Jogos Pan-Americanos e Parapan-Americanos do Chile, entre outubro e novembro de 2023. Parab\u00e9ns a todos!<\/span><\/p>\n<p><span style=\"font-weight: 400;\">Nesta edi\u00e7\u00e3o, voc\u00ea vai conhecer de muito perto as emo\u00e7\u00f5es de saf\u00e1ris \u00fanicos do grupo Wilderness em Botsuana \u2013 \u00fanicos porque a proximidade com animais chega a ser assustadora, \u00fanicos por acontecerem em \u00e1reas exclusivas de conserva\u00e7\u00e3o, \u00fanicos porque s\u00e3o pensados n\u00e3o para impactar apenas o turista, mas tamb\u00e9m as comunidades das redondezas e garantir a conviv\u00eancia pac\u00edfica entre a vida selvagem e a agropecu\u00e1ria.<\/span><\/p>\n<p><span style=\"font-weight: 400;\">Voc\u00ea tamb\u00e9m vai conhecer \u2013 por dentro \u2013 o bel\u00edssimo e centen\u00e1rio Aman New York, hotel que harmoniza o Oriente e o Ocidente, o antigo e o novo no cora\u00e7\u00e3o de Manhattan, um verdadeiro santu\u00e1rio de eleg\u00e2ncia, conforto e serenidade a duas quadras do Central Park.<\/span><\/p>\n<p><span style=\"font-weight: 400;\">Ainda no registro da eleg\u00e2ncia, veja quem abrilhantou a j\u00e1 tradicional e disputada Forbes Party, nossa festa de gala realizada no Matarazzo Ballroom, do Rosewood S\u00e3o Paulo.\u00a0<\/span><\/p>\n<p><span style=\"font-weight: 400;\">Boa leitura e um excelente 2024!<\/span><\/p>\n<p><strong>Veja outros destaques:<\/strong><\/p>\n<h3>Colunistas<\/h3>\n<p>Ecos sinistros do per\u00edodo anterior \u00e0 Segunda Guerra Mundial, Steve Forbes<\/p>\n<p>Brasil, o maior exportador de alimentos, Mario Garnero<\/p>\n<p>FANLAB \u00e9 Riachuelo, Fl\u00e1vio Rocha<\/p>\n<p>Quero morrer de rir de mim mesmo, Fl\u00e1vio Augusto da Silva<\/p>\n<p>Trof\u00e9u incendi\u00e1rio, Nelson Wilians<\/p>\n<p>Autogest\u00e3o no cooperativismo, Roberto Rodrigues<\/p>\n<p>Preservando a juventude ap\u00f3s os 30, Dra. Let\u00edcia Nanci<\/p>\n<p>A nossa praia, Donata Meirelles<\/p>\n<p>As comidas mais caras do mundo, Carla Bolla<\/p>\n<h3>Leaderbord<\/h3>\n<p>Forbes pelo mundo<\/p>\n<p>Magic Jonhson chega ao clube dos 10 d\u00edgitos<\/p>\n<p>Bad Bunny e o poder do streaming<\/p>\n<p>Taylor Swift: patrim\u00f4nio l\u00edquido de US$ 1,1 bi<\/p>\n<p>Defender ganha vers\u00e3o h\u00edbrida do tipo plug-in<\/p>\n<p>Dubai: em busca do PIB de US$ 60 bilh\u00f5es<\/p>\n<p>O que esperar da economia em 2024<\/p>\n<p>COP30 em Bel\u00e9m turbina agenda verde no Brasil<\/p>\n<p>Destaques na rede<\/p>\n<h3>Reportagem<\/h3>\n<p>Quem brilhou nas 15 categorias do Under 30<\/p>\n<h3>ForbesLife<\/h3>\n<p>O chef Rodrigo Oliveira e a hist\u00f3ria de sucesso do Mocot\u00f3<\/p>\n<p>Aman NY: spa de tr\u00eas andares no melhor hotel da cidade<\/p>\n<p>Saf\u00e1ri de impacto: tr\u00eas lodges da Wilderness em Botsuana<\/p>\n<p>Rosewood recebe homenageados do Forbes Agro100<\/p>\n<p>Baile de gala celebra 11 anos de Forbes Brasil<\/p>\n<p>Mil palavras: Sallisa Rosa na Pinacoteca de S\u00e3o Paulo<\/p>\n<\/div>\n<p><script type=\"rocketlazyloadscript\">\n\t\t\t\t(function(d, s, id){\n\t\t\t\t\tvar js, fjs = d.getElementsByTagName(s)[0];\n\t\t\t\t\tif (d.getElementById(id)) return;\n\t\t\t\t\tjs = d.createElement(s); js.id = id;\n\t\t\t\t\tjs.src = \"\/\/connect.facebook.net\/pt_BR\/sdk.js#xfbml=1&version=v2.9\";\n\t\t\t\t\tfjs.parentNode.insertBefore(js, fjs);\n\t\t\t\t}(document, 'script', 'facebook-jssdk'));\n\t\t\t<\/script><br \/>\n<br \/><br \/>\n<br \/><a href=\"https:\/\/forbes.com.br\/forbeslife\/2023\/12\/lista-under-30-2023-e-destaque-da-nova-edicao-da-forbes-brasil\/\">Source link <\/a><\/p>\n<!-- CONTENT END 1 -->\n","protected":false},"excerpt":{"rendered":"<p>Edi\u00e7\u00e3o 115 da Forbes Brasil traz lista Forbes Under 30 2023 A edi\u00e7\u00e3o 115 da Forbes Brasil, que traz a lista Forbes Under 30 2023,&#8230;<\/p>\n","protected":false},"author":1,"featured_media":19724,"comment_status":"open","ping_status":"open","sticky":false,"template":"","format":"standard","meta":{"advanced_seo_description":"","jetpack_seo_html_title":"","jetpack_seo_noindex":false,"jetpack_post_was_ever_published":false,"_jetpack_newsletter_access":"","_jetpack_dont_email_post_to_subs":false,"_jetpack_newsletter_tier_id":0,"_jetpack_memberships_contains_paywalled_content":false,"_jetpack_memberships_contains_paid_content":false,"footnotes":"","jetpack_publicize_message":"","jetpack_publicize_feature_enabled":true,"jetpack_social_post_already_shared":true,"jetpack_social_options":{"image_generator_settings":{"template":"highway","default_image_id":0,"font":"","enabled":false},"version":2}},"categories":[1],"tags":[],"class_list":["post-19723","post","type-post","status-publish","format-standard","has-post-thumbnail","hentry","category-blog"],"jetpack_publicize_connections":[],"jetpack_featured_media_url":"https:\/\/i0.wp.com\/noticiasribeiraopreto.com.br\/wp-content\/uploads\/2023\/12\/DIVULGACAO-LISTA-1024x683.jpg?fit=1024%2C683&ssl=1","jetpack-related-posts":[{"id":44346,"url":"https:\/\/noticiasribeiraopreto.com.br\/index.php\/2024\/03\/27\/lista-forbes-melhores-cmos-do-brasil-2024-veja-os-escolhidos\/","url_meta":{"origin":19723,"position":0},"title":"Lista Forbes Melhores CMOs do Brasil 2024; veja os escolhidos","author":"noticiasribeiraopreto.com.br","date":"27 de March de 2024","format":false,"excerpt":"A Lista Forbes Melhores CMOs do Brasil 2024, dispon\u00edvel na nova edi\u00e7\u00e3o da revista,\u00a0selecionou 10 l\u00edderes que ajudaram a levar suas marcas a patamares ainda mais altos em par\u00e2metros como alcance, reconhecimento, vendas e valor de mercado. Siga a Forbes no WhatsApp e receba as principais not\u00edcias sobre neg\u00f3cios, carreira,\u2026","rel":"","context":"In &quot;Blog&quot;","block_context":{"text":"Blog","link":"https:\/\/noticiasribeiraopreto.com.br\/index.php\/category\/blog\/"},"img":{"alt_text":"","src":"https:\/\/i0.wp.com\/noticiasribeiraopreto.com.br\/wp-content\/uploads\/2024\/03\/melhores-CMOs-2024_117_abre-1024x683.jpg?fit=1024%2C683&ssl=1&resize=350%2C200","width":350,"height":200,"srcset":"https:\/\/i0.wp.com\/noticiasribeiraopreto.com.br\/wp-content\/uploads\/2024\/03\/melhores-CMOs-2024_117_abre-1024x683.jpg?fit=1024%2C683&ssl=1&resize=350%2C200 1x, https:\/\/i0.wp.com\/noticiasribeiraopreto.com.br\/wp-content\/uploads\/2024\/03\/melhores-CMOs-2024_117_abre-1024x683.jpg?fit=1024%2C683&ssl=1&resize=525%2C300 1.5x, https:\/\/i0.wp.com\/noticiasribeiraopreto.com.br\/wp-content\/uploads\/2024\/03\/melhores-CMOs-2024_117_abre-1024x683.jpg?fit=1024%2C683&ssl=1&resize=700%2C400 2x"},"classes":[]},{"id":14382,"url":"https:\/\/noticiasribeiraopreto.com.br\/index.php\/2023\/12\/12\/evento-forbes-mulheres-de-sucesso-promove-conexoes-entre-liderancas-femininas\/","url_meta":{"origin":19723,"position":1},"title":"Evento Forbes Mulheres de Sucesso promove conex\u00f5es entre lideran\u00e7as femininas","author":"noticiasribeiraopreto.com.br","date":"12 de December de 2023","format":false,"excerpt":"Ale VirgilioA apresentadora Eliana, Gabriela Comazzetto, head do TikTok, e Tatiana Monteiro de Barros, fundadora do movimento Uni\u00e3oBR, marcaram presen\u00e7a no almo\u00e7o Forbes Mulheres de Sucesso; na foto, elas com o CEO e publisher da Forbes Brasil, Antonio Camarotti, e C\u00e9cilia de Saint-Viteux Miles, head de comunica\u00e7\u00f5es Quando deixou os\u2026","rel":"","context":"In &quot;Blog&quot;","block_context":{"text":"Blog","link":"https:\/\/noticiasribeiraopreto.com.br\/index.php\/category\/blog\/"},"img":{"alt_text":"","src":"https:\/\/i0.wp.com\/noticiasribeiraopreto.com.br\/wp-content\/uploads\/2023\/12\/Evento-Forbes-Mulher-5-1024x683.jpg?fit=1024%2C683&ssl=1&resize=350%2C200","width":350,"height":200,"srcset":"https:\/\/i0.wp.com\/noticiasribeiraopreto.com.br\/wp-content\/uploads\/2023\/12\/Evento-Forbes-Mulher-5-1024x683.jpg?fit=1024%2C683&ssl=1&resize=350%2C200 1x, https:\/\/i0.wp.com\/noticiasribeiraopreto.com.br\/wp-content\/uploads\/2023\/12\/Evento-Forbes-Mulher-5-1024x683.jpg?fit=1024%2C683&ssl=1&resize=525%2C300 1.5x, https:\/\/i0.wp.com\/noticiasribeiraopreto.com.br\/wp-content\/uploads\/2023\/12\/Evento-Forbes-Mulher-5-1024x683.jpg?fit=1024%2C683&ssl=1&resize=700%2C400 2x"},"classes":[]},{"id":39257,"url":"https:\/\/noticiasribeiraopreto.com.br\/index.php\/2024\/02\/24\/forbes-mulheres-de-sucesso-veja-as-escolhidas-de-2024\/","url_meta":{"origin":19723,"position":2},"title":"Forbes Mulheres de Sucesso: veja as escolhidas de 2024","author":"noticiasribeiraopreto.com.br","date":"24 de February de 2024","format":false,"excerpt":"ForbesAlessandra Montagne, Ana Oliva, Alcione Albanesi e Tania Bulh\u00f5es est\u00e3o entre as 16 Mulheres de Sucesso de 2024 da Forbes Quase uma d\u00e9cada atr\u00e1s, na primeira edi\u00e7\u00e3o desta lista, ent\u00e3o com foco no mundo corporativo, a Forbes j\u00e1 exaltava o poder das mulheres brasileiras \u2013 e j\u00e1 alertava para a\u2026","rel":"","context":"In &quot;Blog&quot;","block_context":{"text":"Blog","link":"https:\/\/noticiasribeiraopreto.com.br\/index.php\/category\/blog\/"},"img":{"alt_text":"","src":"https:\/\/i0.wp.com\/noticiasribeiraopreto.com.br\/wp-content\/uploads\/2024\/02\/Lista-Forbes-Mulheres-de-Sucesso-2024-1024x683.jpg?fit=1024%2C683&ssl=1&resize=350%2C200","width":350,"height":200,"srcset":"https:\/\/i0.wp.com\/noticiasribeiraopreto.com.br\/wp-content\/uploads\/2024\/02\/Lista-Forbes-Mulheres-de-Sucesso-2024-1024x683.jpg?fit=1024%2C683&ssl=1&resize=350%2C200 1x, https:\/\/i0.wp.com\/noticiasribeiraopreto.com.br\/wp-content\/uploads\/2024\/02\/Lista-Forbes-Mulheres-de-Sucesso-2024-1024x683.jpg?fit=1024%2C683&ssl=1&resize=525%2C300 1.5x, https:\/\/i0.wp.com\/noticiasribeiraopreto.com.br\/wp-content\/uploads\/2024\/02\/Lista-Forbes-Mulheres-de-Sucesso-2024-1024x683.jpg?fit=1024%2C683&ssl=1&resize=700%2C400 2x"},"classes":[]},{"id":10494,"url":"https:\/\/noticiasribeiraopreto.com.br\/index.php\/2023\/12\/04\/os-bilionarios-da-vergonha-forbes-cria-lista-de-ricacos-suspeitos-com-menos-de-30-anos-e-um-deles-pode-ser-condenado-a-115-anos-de-cadeia\/","url_meta":{"origin":19723,"position":3},"title":"Os \u201cbilion\u00e1rios da vergonha\u201d: Forbes cria lista de rica\u00e7os suspeitos com menos de 30 anos \u2014 e um deles pode ser condenado a 115 anos de cadeia","author":"noticiasribeiraopreto.com.br","date":"4 de December de 2023","format":false,"excerpt":"Se a lista de \u201cUnder 30\u201d da Forbes chama aten\u00e7\u00e3o por revelar os nomes de empres\u00e1rios, gigantes da tecnologia e celebridades mais promissoras do mundo com at\u00e9 30 anos, agora os holofotes ficam com um novo mural da revista norte-americana que ningu\u00e9m desejaria integrar: o Hall of Shame \u00a0\u2014 traduzido\u2026","rel":"","context":"In &quot;Dinheiro e Investimento&quot;","block_context":{"text":"Dinheiro e Investimento","link":"https:\/\/noticiasribeiraopreto.com.br\/index.php\/category\/dinheiro-e-investimento-como-fazer-como-ganhar\/"},"img":{"alt_text":"","src":"https:\/\/i0.wp.com\/noticiasribeiraopreto.com.br\/wp-content\/uploads\/2023\/12\/Embraer-EMBR3-1-715x402.jpg?fit=715%2C402&ssl=1&resize=350%2C200","width":350,"height":200,"srcset":"https:\/\/i0.wp.com\/noticiasribeiraopreto.com.br\/wp-content\/uploads\/2023\/12\/Embraer-EMBR3-1-715x402.jpg?fit=715%2C402&ssl=1&resize=350%2C200 1x, https:\/\/i0.wp.com\/noticiasribeiraopreto.com.br\/wp-content\/uploads\/2023\/12\/Embraer-EMBR3-1-715x402.jpg?fit=715%2C402&ssl=1&resize=525%2C300 1.5x, https:\/\/i0.wp.com\/noticiasribeiraopreto.com.br\/wp-content\/uploads\/2023\/12\/Embraer-EMBR3-1-715x402.jpg?fit=715%2C402&ssl=1&resize=700%2C400 2x"},"classes":[]},{"id":14292,"url":"https:\/\/noticiasribeiraopreto.com.br\/index.php\/2023\/12\/11\/inscricoes-para-o-forbes-under-30-2023-terminam-amanha\/","url_meta":{"origin":19723,"position":4},"title":"Inscri\u00e7\u00f5es para o Forbes Under 30 2023 terminam amanh\u00e3","author":"noticiasribeiraopreto.com.br","date":"11 de December de 2023","format":false,"excerpt":"Arte ForbesLaiza de Moura, Casimiro, Virginia Fonseca e Ricardo Silvestre foram alguns dos homenageados pelo Forbes Under 30 2022 Terminam amanh\u00e3, quinta-feira (30), as inscri\u00e7\u00f5es para quem pretende entrar para a lista Forbes Under 30 que re\u00fane, desde 2014, personalidades com at\u00e9 30 anos de idade que se destacaram nas\u2026","rel":"","context":"In &quot;Blog&quot;","block_context":{"text":"Blog","link":"https:\/\/noticiasribeiraopreto.com.br\/index.php\/category\/blog\/"},"img":{"alt_text":"","src":"https:\/\/i0.wp.com\/noticiasribeiraopreto.com.br\/wp-content\/uploads\/2023\/12\/ABRE-SITE_2.jpg?fit=835%2C501&ssl=1&resize=350%2C200","width":350,"height":200,"srcset":"https:\/\/i0.wp.com\/noticiasribeiraopreto.com.br\/wp-content\/uploads\/2023\/12\/ABRE-SITE_2.jpg?fit=835%2C501&ssl=1&resize=350%2C200 1x, https:\/\/i0.wp.com\/noticiasribeiraopreto.com.br\/wp-content\/uploads\/2023\/12\/ABRE-SITE_2.jpg?fit=835%2C501&ssl=1&resize=525%2C300 1.5x, https:\/\/i0.wp.com\/noticiasribeiraopreto.com.br\/wp-content\/uploads\/2023\/12\/ABRE-SITE_2.jpg?fit=835%2C501&ssl=1&resize=700%2C400 2x"},"classes":[]},{"id":55194,"url":"https:\/\/noticiasribeiraopreto.com.br\/index.php\/2024\/07\/30\/saiba-quem-e-mulher-nascida-em-ribeirao-preto-na-lista-das-mais-ricas-do-brasil\/","url_meta":{"origin":19723,"position":5},"title":"Saiba quem \u00e9 mulher nascida em Ribeir\u00e3o Preto na lista das mais ricas do Brasil","author":"noticiasribeiraopreto.com.br","date":"30 de July de 2024","format":false,"excerpt":"A lista de bilion\u00e1rios da revista Forbes aponta que a banqueira Cristina Junqueira, do Nubank, \u00e9 a terceira mulher mais rica do Brasil. A banqueira, de 41 anos, \u00e9 nascida em Ribeir\u00e3o Preto. Segundo o ranking da Forbes, Cristina Junqueira tem uma fortuna avaliada em 1,5 bilh\u00e3o de d\u00f3lares. A\u2026","rel":"","context":"In &quot;Not\u00edcias de Ribeir\u00e3o Preto-SP e Regi\u00e3o&quot;","block_context":{"text":"Not\u00edcias de Ribeir\u00e3o Preto-SP e Regi\u00e3o","link":"https:\/\/noticiasribeiraopreto.com.br\/index.php\/category\/noticias-de-ribeirao-preto-sp-e-regiao-ismael-colosi\/"},"img":{"alt_text":"","src":"https:\/\/i0.wp.com\/noticiasribeiraopreto.com.br\/wp-content\/uploads\/2024\/07\/cristina-junqueira_2024-07-30_16-57-44_jpeg_2024-07-30_16-57-44.webp.webp?fit=1200%2C674&ssl=1&resize=350%2C200","width":350,"height":200,"srcset":"https:\/\/i0.wp.com\/noticiasribeiraopreto.com.br\/wp-content\/uploads\/2024\/07\/cristina-junqueira_2024-07-30_16-57-44_jpeg_2024-07-30_16-57-44.webp.webp?fit=1200%2C674&ssl=1&resize=350%2C200 1x, https:\/\/i0.wp.com\/noticiasribeiraopreto.com.br\/wp-content\/uploads\/2024\/07\/cristina-junqueira_2024-07-30_16-57-44_jpeg_2024-07-30_16-57-44.webp.webp?fit=1200%2C674&ssl=1&resize=525%2C300 1.5x, https:\/\/i0.wp.com\/noticiasribeiraopreto.com.br\/wp-content\/uploads\/2024\/07\/cristina-junqueira_2024-07-30_16-57-44_jpeg_2024-07-30_16-57-44.webp.webp?fit=1200%2C674&ssl=1&resize=700%2C400 2x, https:\/\/i0.wp.com\/noticiasribeiraopreto.com.br\/wp-content\/uploads\/2024\/07\/cristina-junqueira_2024-07-30_16-57-44_jpeg_2024-07-30_16-57-44.webp.webp?fit=1200%2C674&ssl=1&resize=1050%2C600 3x"},"classes":[]}],"jetpack_sharing_enabled":true,"jetpack_shortlink":"https:\/\/wp.me\/peQAOb-587","_links":{"self":[{"href":"https:\/\/noticiasribeiraopreto.com.br\/index.php\/wp-json\/wp\/v2\/posts\/19723","targetHints":{"allow":["GET"]}}],"collection":[{"href":"https:\/\/noticiasribeiraopreto.com.br\/index.php\/wp-json\/wp\/v2\/posts"}],"about":[{"href":"https:\/\/noticiasribeiraopreto.com.br\/index.php\/wp-json\/wp\/v2\/types\/post"}],"author":[{"embeddable":true,"href":"https:\/\/noticiasribeiraopreto.com.br\/index.php\/wp-json\/wp\/v2\/users\/1"}],"replies":[{"embeddable":true,"href":"https:\/\/noticiasribeiraopreto.com.br\/index.php\/wp-json\/wp\/v2\/comments?post=19723"}],"version-history":[{"count":0,"href":"https:\/\/noticiasribeiraopreto.com.br\/index.php\/wp-json\/wp\/v2\/posts\/19723\/revisions"}],"wp:featuredmedia":[{"embeddable":true,"href":"https:\/\/noticiasribeiraopreto.com.br\/index.php\/wp-json\/wp\/v2\/media\/19724"}],"wp:attachment":[{"href":"https:\/\/noticiasribeiraopreto.com.br\/index.php\/wp-json\/wp\/v2\/media?parent=19723"}],"wp:term":[{"taxonomy":"category","embeddable":true,"href":"https:\/\/noticiasribeiraopreto.com.br\/index.php\/wp-json\/wp\/v2\/categories?post=19723"},{"taxonomy":"post_tag","embeddable":true,"href":"https:\/\/noticiasribeiraopreto.com.br\/index.php\/wp-json\/wp\/v2\/tags?post=19723"}],"curies":[{"name":"wp","href":"https:\/\/api.w.org\/{rel}","templated":true}]}}