{"id":19725,"date":"2023-12-23T01:15:42","date_gmt":"2023-12-23T04:15:42","guid":{"rendered":"https:\/\/noticiasribeiraopreto.com.br\/index.php\/2023\/12\/23\/efeitos-deste-alimento-podem-causar-queda-de-cabelo\/"},"modified":"2023-12-23T01:15:42","modified_gmt":"2023-12-23T04:15:42","slug":"efeitos-deste-alimento-podem-causar-queda-de-cabelo","status":"publish","type":"post","link":"https:\/\/noticiasribeiraopreto.com.br\/index.php\/2023\/12\/23\/efeitos-deste-alimento-podem-causar-queda-de-cabelo\/","title":{"rendered":"Efeitos deste alimento podem causar queda de cabelo"},"content":{"rendered":"<div class='code-block code-block-1' style='margin: 8px 0 8px auto; text-align: right; display: block; clear: both;'>\n<p><a href=\"https:\/\/wa.link\/vpicfd\"><img data-recalc-dims=\"1\" class=\"wp-image-4922\" style=\"aspect-ratio: 2.0253164556962027; width: 561px; height: auto;\" src=\"https:\/\/i0.wp.com\/ismaelcolosi.com.br\/wp-content\/uploads\/2023\/11\/grupo-de-empregos-whatsapp-e-facebook-ismael-colosi-vagas.jpg?ssl=1\" alt=\"\" \/><\/a><\/p>\n<!-- \/wp:image -->\n<\/div>\n<p> <br \/>\n<\/p>\n<div>\n<div id=\"attachment_2328621\" class=\"wp-caption alignnone\">\n<div class=\"d-flex justify-content-center\" data-attachment-id=\"2328621\">\n<div class=\"position-relative d-inline-block\"><img data-recalc-dims=\"1\" data-portal-copyright=\"Getty Images\/iStockphoto\" fetchpriority=\"high\" decoding=\"async\" class=\"wp-image-2328621 size-full\" src=\"https:\/\/i0.wp.com\/catracalivre.com.br\/wp-content\/uploads\/2023\/12\/istock-1412411504.jpg?resize=1254%2C836&#038;ssl=1\" alt=\"Alimento provoca queda de cabelo? Usando a t\u00e9cnica de fluoresc\u00eancia, os pesquisadores conseguiram rastrear o caminho das gorduras no organismo dos roedores \u2013 iStock\/Getty Images\" width=\"1254\" height=\"836\" srcset=\"https:\/\/catracalivre.com.br\/wp-content\/uploads\/2023\/12\/istock-1412411504.jpg 1254w, https:\/\/catracalivre.com.br\/wp-content\/uploads\/2023\/12\/istock-1412411504-450x300.jpg 450w, https:\/\/catracalivre.com.br\/wp-content\/uploads\/2023\/12\/istock-1412411504-768x512.jpg 768w\" sizes=\"(max-width: 1254px) 100vw, 1254px\"\/><\/p>\n<p>Cr\u00e9ditos: Getty Images\/iStockphoto<\/p>\n<\/div>\n<\/div>\n<p><span class=\"post-imagem__legenda\">Alimento provoca queda de cabelo? Usando a t\u00e9cnica de fluoresc\u00eancia, os pesquisadores conseguiram rastrear o caminho das gorduras no organismo dos roedores \u2013 iStock\/Getty Images<\/span><\/p>\n<\/div>\n<p>Uma publica\u00e7\u00e3o na revista cient\u00edfica<strong><a href=\"https:\/\/www.cell.com\/cell-reports\/home\" target=\"_blank\" rel=\"noopener\"> Cell Reports<\/a><\/strong> revelou que o \u00f3leo de peixe, comumente conhecido como um importante suplemento alimentar, pode ser considerado um vil\u00e3o da sa\u00fade capilar. Isso porque, de acordo com especialistas, a\u00a0suplementa\u00e7\u00e3o de \u00f3leo de peixe, bastante recomendada por seus benef\u00edcios \u00e0 sa\u00fade, pode estar diretamente ligada ao quadro de <strong><a href=\"https:\/\/catracalivre.com.br\/saude-bem-estar\/foliculos-capilares-podem-ser-a-solucao-da-ciencia-para-a-calvicie\/\" target=\"_blank\" rel=\"noopener\">calv\u00edcie<\/a><\/strong>.<\/p>\n<p>A descoberta aconteceu durante um estudo que buscava compreender a rela\u00e7\u00e3o entre dietas ricas em gorduras e o crescimento de tumores cancer\u00edgenos.\u00a0Na ocasi\u00e3o, os cientistas observaram que os camundongos submetidos \u00e0 dieta rica em \u00f3leo de peixe come\u00e7aram a apresentar perda de pelos, especialmente nas regi\u00f5es das costas.<\/p>\n<h2>Por que este alimento provoca perda de cabelos?<\/h2>\n<p>Ent\u00e3o, eles descobriram que o \u00f4mega-3, um componente do \u00f3leo de peixe, se acumula na pele dos animais. Este ac\u00famulo de \u00f4mega-3 desencadeia uma resposta de citocinas, que estimula o sistema imunol\u00f3gico a iniciar um processo de morte celular nos fol\u00edculos pilosos. O resultado? A queda dos fios.<\/p>\n<h2>Preven\u00e7\u00e3o<\/h2>\n<p>Os pesquisadores afirmam que mais estudos s\u00e3o necess\u00e1rios para entender completamente a descoberta e suas implica\u00e7\u00f5es para os humanos.<\/p>\n<p>Por enquanto, o conselho \u00e9 manter uma dieta equilibrada e saud\u00e1vel, com uma ampla variedade de nutrientes, para minimizar qualquer poss\u00edvel, embora ainda n\u00e3o confirmada, rela\u00e7\u00e3o entre o \u00f3leo de peixe e a queda de cabelos.<\/p>\n<p>Hoje existem diversas dietas destinadas a promover a sa\u00fade e o bem-estar em geral. Dentre as mais reconhecidas est\u00e3o a Dieta DASH, Dieta Mediterr\u00e2nea, Dieta Flexitariana, Dieta MIND, Dieta TLC, Dieta N\u00f3rdica, Dieta Volum\u00e9trica, Vigilantes do Peso, Dieta Mayo Clinic e a Dieta Asi\u00e1tica \u2013 todas baseadas em alimentos frescos, prote\u00ednas, fibras, magn\u00e9sio, c\u00e1lcio e outros nutrientes ben\u00e9ficos para o organismo.<\/p>\n<p>Mais pesquisas s\u00e3o necess\u00e1rias para determinar se a ingest\u00e3o moderada de \u00f3leo de peixe em humanos pode levar ao mesmo resultado observado em roedores. Portanto, vale ressaltar a necessidade de consultar um profissional de sa\u00fade antes de iniciar qualquer tipo de suplementa\u00e7\u00e3o.<\/p>\n<\/div>\n<p><script>\n\t\t! function(f, b, e, v, n, t, s) {\n\t\t\tif (f.fbq) return;\n\t\t\tn = f.fbq = function() {\n\t\t\t\tn.callMethod ?\n\t\t\t\t\tn.callMethod.apply(n, arguments) : n.queue.push(arguments)\n\t\t\t};\n\t\t\tif (!f._fbq) f._fbq = n;\n\t\t\tn.push = n;\n\t\t\tn.loaded = !0;\n\t\t\tn.version = '2.0';\n\t\t\tn.queue = [];\n\t\t\tt = b.createElement(e);\n\t\t\tt.async = !0;\n\t\t\tt.src = v;\n\t\t\ts = b.getElementsByTagName(e)[0];\n\t\t\ts.parentNode.insertBefore(t, s)\n\t\t}(window, document, 'script',\n\t\t\t'https:\/\/connect.facebook.net\/en_US\/fbevents.js');\n\t\tfbq('init', '338315473262380');\n\t\tfbq('track', 'PageView');\n\t<\/script><br \/>\n<br \/><br \/>\n<br \/><a href=\"https:\/\/catracalivre.com.br\/saude-bem-estar\/efeitos-deste-alimento-podem-causar-queda-de-cabelo\/\">Source link <\/a><\/p>\n<!-- CONTENT END 1 -->\n","protected":false},"excerpt":{"rendered":"<p>Cr\u00e9ditos: Getty Images\/iStockphoto Alimento provoca queda de cabelo? Usando a t\u00e9cnica de fluoresc\u00eancia, os pesquisadores conseguiram rastrear o caminho das gorduras no organismo dos roedores&#8230;<\/p>\n","protected":false},"author":1,"featured_media":19726,"comment_status":"open","ping_status":"open","sticky":false,"template":"","format":"standard","meta":{"advanced_seo_description":"","jetpack_seo_html_title":"","jetpack_seo_noindex":false,"jetpack_post_was_ever_published":false,"_jetpack_newsletter_access":"","_jetpack_dont_email_post_to_subs":false,"_jetpack_newsletter_tier_id":0,"_jetpack_memberships_contains_paywalled_content":false,"_jetpack_memberships_contains_paid_content":false,"footnotes":"","jetpack_publicize_message":"","jetpack_publicize_feature_enabled":true,"jetpack_social_post_already_shared":true,"jetpack_social_options":{"image_generator_settings":{"template":"highway","default_image_id":0,"font":"","enabled":false},"version":2}},"categories":[19],"tags":[],"class_list":["post-19725","post","type-post","status-publish","format-standard","has-post-thumbnail","hentry","category-variedades"],"jetpack_publicize_connections":[],"jetpack_featured_media_url":"https:\/\/i0.wp.com\/noticiasribeiraopreto.com.br\/wp-content\/uploads\/2023\/12\/istock-1412411504.jpg?fit=1200%2C638&ssl=1","jetpack-related-posts":[{"id":79811,"url":"https:\/\/noticiasribeiraopreto.com.br\/index.php\/2025\/11\/07\/beber-cerveja-e-refrigerante-pode-causar-queda-de-cabelo-pesquisadores-apontam-relacao\/","url_meta":{"origin":19725,"position":0},"title":"Beber cerveja e refrigerante pode causar queda de cabelo? Pesquisadores apontam rela\u00e7\u00e3o","author":"noticiasribeiraopreto.com.br","date":"7 de November de 2025","format":false,"excerpt":"A queda de cabelo \u00e9 uma condi\u00e7\u00e3o que afeta milh\u00f5es de pessoas e pode ter v\u00e1rias origens. Fatores gen\u00e9ticos, altera\u00e7\u00f5es hormonais, defici\u00eancias nutricionais, uso de produtos qu\u00edmicos e estresse est\u00e3o entre as causas mais conhecidas. Agora, uma nova pesquisa da Universidade do Porto, em Portugal, analisou se o consumo de\u2026","rel":"","context":"In &quot;Not\u00edcias de Ribeir\u00e3o Preto-SP e Regi\u00e3o&quot;","block_context":{"text":"Not\u00edcias de Ribeir\u00e3o Preto-SP e Regi\u00e3o","link":"https:\/\/noticiasribeiraopreto.com.br\/index.php\/category\/noticias-de-ribeirao-preto-sp-e-regiao-ismael-colosi\/"},"img":{"alt_text":"","src":"https:\/\/i0.wp.com\/noticiasribeiraopreto.com.br\/wp-content\/uploads\/2025\/11\/palace-25_2025-11-07_22-48-25.webp.webp?fit=1200%2C675&ssl=1&resize=350%2C200","width":350,"height":200,"srcset":"https:\/\/i0.wp.com\/noticiasribeiraopreto.com.br\/wp-content\/uploads\/2025\/11\/palace-25_2025-11-07_22-48-25.webp.webp?fit=1200%2C675&ssl=1&resize=350%2C200 1x, https:\/\/i0.wp.com\/noticiasribeiraopreto.com.br\/wp-content\/uploads\/2025\/11\/palace-25_2025-11-07_22-48-25.webp.webp?fit=1200%2C675&ssl=1&resize=525%2C300 1.5x, https:\/\/i0.wp.com\/noticiasribeiraopreto.com.br\/wp-content\/uploads\/2025\/11\/palace-25_2025-11-07_22-48-25.webp.webp?fit=1200%2C675&ssl=1&resize=700%2C400 2x, https:\/\/i0.wp.com\/noticiasribeiraopreto.com.br\/wp-content\/uploads\/2025\/11\/palace-25_2025-11-07_22-48-25.webp.webp?fit=1200%2C675&ssl=1&resize=1050%2C600 3x"},"classes":[]},{"id":67042,"url":"https:\/\/noticiasribeiraopreto.com.br\/index.php\/2025\/04\/09\/jornal-da-franca-alimentos-podem-ajudar-a-ter-cabelos-lindos-mas-outros-podem-realmente-detonar-os-fios\/","url_meta":{"origin":19725,"position":1},"title":"Jornal da Franca &#8211; Alimentos podem ajudar a ter cabelos lindos; mas outros podem realmente detonar os fios","author":"noticiasribeiraopreto.com.br","date":"9 de April de 2025","format":false,"excerpt":"compartilhar no whatsapp compartilhar no telegram compartilhar no facebook compartilhar no linkedin Para ter um cabelo lindo \u00e9 importante saber o que se coloca no prato Para ter um cabelo lindo \u00e9 importante saber o que se coloca no prato O que voc\u00ea come pode ser bom para os seus\u2026","rel":"","context":"In &quot;Not\u00edcias de Franca-SP&quot;","block_context":{"text":"Not\u00edcias de Franca-SP","link":"https:\/\/noticiasribeiraopreto.com.br\/index.php\/category\/noticias-de-ribeirao-preto-sp-e-regiao-ismael-colosi\/noticias-franca-sp\/"},"img":{"alt_text":"","src":"https:\/\/i0.wp.com\/noticiasribeiraopreto.com.br\/wp-content\/uploads\/2025\/04\/IMG_20230106_064041.jpg?fit=1080%2C924&ssl=1&resize=350%2C200","width":350,"height":200,"srcset":"https:\/\/i0.wp.com\/noticiasribeiraopreto.com.br\/wp-content\/uploads\/2025\/04\/IMG_20230106_064041.jpg?fit=1080%2C924&ssl=1&resize=350%2C200 1x, https:\/\/i0.wp.com\/noticiasribeiraopreto.com.br\/wp-content\/uploads\/2025\/04\/IMG_20230106_064041.jpg?fit=1080%2C924&ssl=1&resize=525%2C300 1.5x, https:\/\/i0.wp.com\/noticiasribeiraopreto.com.br\/wp-content\/uploads\/2025\/04\/IMG_20230106_064041.jpg?fit=1080%2C924&ssl=1&resize=700%2C400 2x, https:\/\/i0.wp.com\/noticiasribeiraopreto.com.br\/wp-content\/uploads\/2025\/04\/IMG_20230106_064041.jpg?fit=1080%2C924&ssl=1&resize=1050%2C600 3x"},"classes":[]},{"id":75360,"url":"https:\/\/noticiasribeiraopreto.com.br\/index.php\/2025\/08\/07\/hc-ribeirao-preto-adota-tecnologia-que-reduz-queda-de-cabelo-durante-quimioterapia\/","url_meta":{"origin":19725,"position":2},"title":"HC Ribeir\u00e3o Preto adota tecnologia que reduz queda de cabelo durante quimioterapia","author":"noticiasribeiraopreto.com.br","date":"7 de August de 2025","format":false,"excerpt":"O Hospital das Cl\u00ednicas de Ribeir\u00e3o Preto passou a contar com uma nova tecnologia que promete reduzir um dos efeitos colaterais mais impactantes da quimioterapia: a queda de cabelo. Isso \u00e9 poss\u00edvel gra\u00e7as uma m\u00e1quina de crioterapia capilar. A m\u00e1quina utiliza um t\u00e9cnica de resfriamento do couro cabeludo com o\u2026","rel":"","context":"In &quot;Not\u00edcias de Ribeir\u00e3o Preto-SP e Regi\u00e3o&quot;","block_context":{"text":"Not\u00edcias de Ribeir\u00e3o Preto-SP e Regi\u00e3o","link":"https:\/\/noticiasribeiraopreto.com.br\/index.php\/category\/noticias-de-ribeirao-preto-sp-e-regiao-ismael-colosi\/"},"img":{"alt_text":"","src":"https:\/\/i0.wp.com\/noticiasribeiraopreto.com.br\/wp-content\/uploads\/2025\/08\/WhatsApp-Image-2025-08-07-at-12.09.50_2025-08-07_15-10-53.webp.webp?fit=1200%2C747&ssl=1&resize=350%2C200","width":350,"height":200,"srcset":"https:\/\/i0.wp.com\/noticiasribeiraopreto.com.br\/wp-content\/uploads\/2025\/08\/WhatsApp-Image-2025-08-07-at-12.09.50_2025-08-07_15-10-53.webp.webp?fit=1200%2C747&ssl=1&resize=350%2C200 1x, https:\/\/i0.wp.com\/noticiasribeiraopreto.com.br\/wp-content\/uploads\/2025\/08\/WhatsApp-Image-2025-08-07-at-12.09.50_2025-08-07_15-10-53.webp.webp?fit=1200%2C747&ssl=1&resize=525%2C300 1.5x, https:\/\/i0.wp.com\/noticiasribeiraopreto.com.br\/wp-content\/uploads\/2025\/08\/WhatsApp-Image-2025-08-07-at-12.09.50_2025-08-07_15-10-53.webp.webp?fit=1200%2C747&ssl=1&resize=700%2C400 2x, https:\/\/i0.wp.com\/noticiasribeiraopreto.com.br\/wp-content\/uploads\/2025\/08\/WhatsApp-Image-2025-08-07-at-12.09.50_2025-08-07_15-10-53.webp.webp?fit=1200%2C747&ssl=1&resize=1050%2C600 3x"},"classes":[]},{"id":66881,"url":"https:\/\/noticiasribeiraopreto.com.br\/index.php\/2025\/04\/06\/jornal-da-franca-mito-ou-verdade-cabelos-caem-mais-no-outono-descubra-agora\/","url_meta":{"origin":19725,"position":3},"title":"Jornal da Franca &#8211; Mito ou verdade: cabelos caem mais no outono? Descubra agora!","author":"noticiasribeiraopreto.com.br","date":"6 de April de 2025","format":false,"excerpt":"compartilhar no whatsapp compartilhar no telegram compartilhar no facebook compartilhar no linkedin Assim como em outras esta\u00e7\u00f5es do ano, o outono, al\u00e9m de trazer mudan\u00e7as significativas no clima, tamb\u00e9m pode influenciar na queda de cabelos Ser\u00e1 que o outono pode influenciar na queda capilar? Foto Arquivo \u00a0 Assim como em\u2026","rel":"","context":"In &quot;Not\u00edcias de Franca-SP&quot;","block_context":{"text":"Not\u00edcias de Franca-SP","link":"https:\/\/noticiasribeiraopreto.com.br\/index.php\/category\/noticias-de-ribeirao-preto-sp-e-regiao-ismael-colosi\/noticias-franca-sp\/"},"img":{"alt_text":"","src":"https:\/\/i0.wp.com\/noticiasribeiraopreto.com.br\/wp-content\/uploads\/2025\/04\/GkbsfLGAjbjeAGz8VfbBKaEG9e5Qv1SpUuK0vX71.jpeg?fit=1200%2C720&ssl=1&resize=350%2C200","width":350,"height":200,"srcset":"https:\/\/i0.wp.com\/noticiasribeiraopreto.com.br\/wp-content\/uploads\/2025\/04\/GkbsfLGAjbjeAGz8VfbBKaEG9e5Qv1SpUuK0vX71.jpeg?fit=1200%2C720&ssl=1&resize=350%2C200 1x, https:\/\/i0.wp.com\/noticiasribeiraopreto.com.br\/wp-content\/uploads\/2025\/04\/GkbsfLGAjbjeAGz8VfbBKaEG9e5Qv1SpUuK0vX71.jpeg?fit=1200%2C720&ssl=1&resize=525%2C300 1.5x, https:\/\/i0.wp.com\/noticiasribeiraopreto.com.br\/wp-content\/uploads\/2025\/04\/GkbsfLGAjbjeAGz8VfbBKaEG9e5Qv1SpUuK0vX71.jpeg?fit=1200%2C720&ssl=1&resize=700%2C400 2x, https:\/\/i0.wp.com\/noticiasribeiraopreto.com.br\/wp-content\/uploads\/2025\/04\/GkbsfLGAjbjeAGz8VfbBKaEG9e5Qv1SpUuK0vX71.jpeg?fit=1200%2C720&ssl=1&resize=1050%2C600 3x"},"classes":[]},{"id":66315,"url":"https:\/\/noticiasribeiraopreto.com.br\/index.php\/2025\/03\/30\/jornal-da-franca-calvicie-tem-cura-cientistas-dizem-que-proteina-pode-ajudar-cabelo-voltar-a-crescer\/","url_meta":{"origin":19725,"position":4},"title":"Jornal da Franca &#8211; Calv\u00edcie tem cura? Cientistas dizem que prote\u00edna pode ajudar cabelo voltar a crescer","author":"noticiasribeiraopreto.com.br","date":"30 de March de 2025","format":false,"excerpt":"compartilhar no whatsapp compartilhar no telegram compartilhar no facebook compartilhar no linkedin O achado traz esperan\u00e7a para o surgimento de novos tratamentos contra queda capilar e para combater a alopecia Cientistas descobriram uma prote\u00edna capaz de ajudar no crescimento dos cabelos \u2013 foto Arquivo \u00a0 Cientistas da Austr\u00e1lia, Cingapura e\u2026","rel":"","context":"In &quot;Not\u00edcias de Franca-SP&quot;","block_context":{"text":"Not\u00edcias de Franca-SP","link":"https:\/\/noticiasribeiraopreto.com.br\/index.php\/category\/noticias-de-ribeirao-preto-sp-e-regiao-ismael-colosi\/noticias-franca-sp\/"},"img":{"alt_text":"","src":"https:\/\/i0.wp.com\/noticiasribeiraopreto.com.br\/wp-content\/uploads\/2025\/03\/calvicie-scaled.jpg?fit=1200%2C711&ssl=1&resize=350%2C200","width":350,"height":200,"srcset":"https:\/\/i0.wp.com\/noticiasribeiraopreto.com.br\/wp-content\/uploads\/2025\/03\/calvicie-scaled.jpg?fit=1200%2C711&ssl=1&resize=350%2C200 1x, https:\/\/i0.wp.com\/noticiasribeiraopreto.com.br\/wp-content\/uploads\/2025\/03\/calvicie-scaled.jpg?fit=1200%2C711&ssl=1&resize=525%2C300 1.5x, https:\/\/i0.wp.com\/noticiasribeiraopreto.com.br\/wp-content\/uploads\/2025\/03\/calvicie-scaled.jpg?fit=1200%2C711&ssl=1&resize=700%2C400 2x, https:\/\/i0.wp.com\/noticiasribeiraopreto.com.br\/wp-content\/uploads\/2025\/03\/calvicie-scaled.jpg?fit=1200%2C711&ssl=1&resize=1050%2C600 3x"},"classes":[]},{"id":71953,"url":"https:\/\/noticiasribeiraopreto.com.br\/index.php\/2025\/06\/11\/jornal-da-franca-conheca-os-motivos-que-podem-levar-alguem-a-ficar-careca-e-como-tratar\/","url_meta":{"origin":19725,"position":5},"title":"Jornal da Franca &#8211; Conhe\u00e7a os motivos que podem levar algu\u00e9m a ficar careca e como tratar","author":"noticiasribeiraopreto.com.br","date":"11 de June de 2025","format":false,"excerpt":"Tratamento varia conforme a causa, indo desde medicamentos t\u00f3picos, como minoxidil, at\u00e9 procedimentos cir\u00fargicos, como transplante capilar A calv\u00edcie n\u00e3o escolhe idade, nem g\u00eanero. Homens e mulheres se deparam com essa realidade em diferentes momentos da vida, enfrentando um fen\u00f4meno que vai muito al\u00e9m da gen\u00e9tica. Por tr\u00e1s da perda\u2026","rel":"","context":"In &quot;Not\u00edcias de Franca-SP&quot;","block_context":{"text":"Not\u00edcias de Franca-SP","link":"https:\/\/noticiasribeiraopreto.com.br\/index.php\/category\/noticias-de-ribeirao-preto-sp-e-regiao-ismael-colosi\/noticias-franca-sp\/"},"img":{"alt_text":"","src":"https:\/\/i0.wp.com\/noticiasribeiraopreto.com.br\/wp-content\/uploads\/2025\/06\/2149152796.jpg?fit=1000%2C667&ssl=1&resize=350%2C200","width":350,"height":200,"srcset":"https:\/\/i0.wp.com\/noticiasribeiraopreto.com.br\/wp-content\/uploads\/2025\/06\/2149152796.jpg?fit=1000%2C667&ssl=1&resize=350%2C200 1x, https:\/\/i0.wp.com\/noticiasribeiraopreto.com.br\/wp-content\/uploads\/2025\/06\/2149152796.jpg?fit=1000%2C667&ssl=1&resize=525%2C300 1.5x, https:\/\/i0.wp.com\/noticiasribeiraopreto.com.br\/wp-content\/uploads\/2025\/06\/2149152796.jpg?fit=1000%2C667&ssl=1&resize=700%2C400 2x"},"classes":[]}],"jetpack_sharing_enabled":true,"jetpack_shortlink":"https:\/\/wp.me\/peQAOb-589","_links":{"self":[{"href":"https:\/\/noticiasribeiraopreto.com.br\/index.php\/wp-json\/wp\/v2\/posts\/19725","targetHints":{"allow":["GET"]}}],"collection":[{"href":"https:\/\/noticiasribeiraopreto.com.br\/index.php\/wp-json\/wp\/v2\/posts"}],"about":[{"href":"https:\/\/noticiasribeiraopreto.com.br\/index.php\/wp-json\/wp\/v2\/types\/post"}],"author":[{"embeddable":true,"href":"https:\/\/noticiasribeiraopreto.com.br\/index.php\/wp-json\/wp\/v2\/users\/1"}],"replies":[{"embeddable":true,"href":"https:\/\/noticiasribeiraopreto.com.br\/index.php\/wp-json\/wp\/v2\/comments?post=19725"}],"version-history":[{"count":0,"href":"https:\/\/noticiasribeiraopreto.com.br\/index.php\/wp-json\/wp\/v2\/posts\/19725\/revisions"}],"wp:featuredmedia":[{"embeddable":true,"href":"https:\/\/noticiasribeiraopreto.com.br\/index.php\/wp-json\/wp\/v2\/media\/19726"}],"wp:attachment":[{"href":"https:\/\/noticiasribeiraopreto.com.br\/index.php\/wp-json\/wp\/v2\/media?parent=19725"}],"wp:term":[{"taxonomy":"category","embeddable":true,"href":"https:\/\/noticiasribeiraopreto.com.br\/index.php\/wp-json\/wp\/v2\/categories?post=19725"},{"taxonomy":"post_tag","embeddable":true,"href":"https:\/\/noticiasribeiraopreto.com.br\/index.php\/wp-json\/wp\/v2\/tags?post=19725"}],"curies":[{"name":"wp","href":"https:\/\/api.w.org\/{rel}","templated":true}]}}