{"id":19734,"date":"2023-12-23T01:58:06","date_gmt":"2023-12-23T04:58:06","guid":{"rendered":"https:\/\/noticiasribeiraopreto.com.br\/index.php\/2023\/12\/23\/1-800-vagas-veja-o-que-o-ministro-afirma-sobre-o-concurso-aft\/"},"modified":"2023-12-23T01:58:06","modified_gmt":"2023-12-23T04:58:06","slug":"1-800-vagas-veja-o-que-o-ministro-afirma-sobre-o-concurso-aft","status":"publish","type":"post","link":"https:\/\/noticiasribeiraopreto.com.br\/index.php\/2023\/12\/23\/1-800-vagas-veja-o-que-o-ministro-afirma-sobre-o-concurso-aft\/","title":{"rendered":"1.800 vagas? Veja o que o ministro afirma sobre o CONCURSO AFT!"},"content":{"rendered":"<div class='code-block code-block-1' style='margin: 8px 0 8px auto; text-align: right; display: block; clear: both;'>\n<p><a href=\"https:\/\/wa.link\/vpicfd\"><img data-recalc-dims=\"1\" class=\"wp-image-4922\" style=\"aspect-ratio: 2.0253164556962027; width: 561px; height: auto;\" src=\"https:\/\/i0.wp.com\/ismaelcolosi.com.br\/wp-content\/uploads\/2023\/11\/grupo-de-empregos-whatsapp-e-facebook-ismael-colosi-vagas.jpg?ssl=1\" alt=\"\" \/><\/a><\/p>\n<!-- \/wp:image -->\n<\/div>\n<p> <br \/>\n<\/p>\n<div>\n<h2><strong>Concurso AFT pode dobrar oportunidades!<\/strong><\/h2>\n<p>O Ministro Luiz Marinho falou sobre dobrar a quantidade de vagas do concurso AFT- Auditor Fiscal do Trabalho. Inicialmente, est\u00e3o autorizadas 900 vagas.<\/p>\n<p>O que aconteceu? Veja as explica\u00e7\u00f5es a seguir.<\/p>\n<h2><strong>Amplia\u00e7\u00e3o de Vagas no Concurso AFT<\/strong><\/h2>\n<p>O concurso para Auditor-Fiscal do Trabalho (AFT) pode surpreender com uma not\u00edcia animadora: a possibilidade de aumento no n\u00famero de vagas inicialmente previsto. O Ministro do Trabalho e Emprego, Luiz Marinho, revelou planos de dobrar o quantitativo autorizado, passando de 900 para 1.800 convoca\u00e7\u00f5es.<\/p>\n<p>Durante um encontro com jornalistas para divulgar o balan\u00e7o das a\u00e7\u00f5es do Minist\u00e9rio, Marinho expressou otimismo em rela\u00e7\u00e3o \u00e0 realiza\u00e7\u00e3o do novo concurso para AFT. Ele destacou que, apesar da autoriza\u00e7\u00e3o inicial de 900<a href=\"https:\/\/noticiasconcursos.com.br\/concursos-publicos\/concursos-abertos\/\"> vagas<\/a>, h\u00e1 a vis\u00e3o de dobrar esse n\u00famero, sujeito \u00e0 qualidade dos concursados e \u00e0 possibilidade de abrir novas vagas.<\/p>\n<h2><strong>Reconstru\u00e7\u00e3o da For\u00e7a de Trabalho<\/strong><\/h2>\n<p>Marinho enfatizou seu compromisso com a reconstru\u00e7\u00e3o e recomposi\u00e7\u00e3o da for\u00e7a de trabalho, buscando ganhar efici\u00eancia e efetividade por meio da introdu\u00e7\u00e3o de novas tecnologias. Ele destacou que tais inova\u00e7\u00f5es resultam em uma sinergia mais eficaz entre os servidores. Saiba mais sobre o concurso AFT.<\/p>\n<h2><strong>Limites e Possibilidades do concurso AFT<\/strong><\/h2>\n<div class=\"bs-irp left bs-irp-thumbnail-1\">\n<p>&#13;<br \/><span class=\"h-text heading-typo\">Voc\u00ea tamb\u00e9m pode gostar:<\/span>&#13; <\/p>\n<\/p><\/div>\n<p>O Decreto n\u00ba 9.739\/2019 estabelece que o \u00f3rg\u00e3o pode convocar at\u00e9 tr\u00eas vezes o n\u00famero de vagas inicialmente previstas. Para o AFT, isso poderia totalizar at\u00e9 2.700 convoca\u00e7\u00f5es. No entanto, ultrapassar esse limite exigiria a aprova\u00e7\u00e3o do Minist\u00e9rio da Gest\u00e3o e Inova\u00e7\u00e3o (MGI) e um decreto presidencial.<\/p>\n<h2><strong>Destaque no Concurso Nacional Unificado<\/strong><\/h2>\n<p>O AFT ser\u00e1 uma das posi\u00e7\u00f5es mais cobi\u00e7adas no <a href=\"https:\/\/noticiasconcursos.com.br\/concursos-publicos\/concursos-previstos\/\">Concurso<\/a> Nacional Unificado, que oferece mais de 6 mil vagas. Al\u00e9m do requisito de n\u00edvel superior, o cargo oferecer\u00e1 o maior sal\u00e1rio do edital, com ganhos de R$23.579,71, incluindo vencimento b\u00e1sico e aux\u00edlio-alimenta\u00e7\u00e3o. Outros benef\u00edcios e b\u00f4nus podem incrementar ainda mais a remunera\u00e7\u00e3o total.<\/p>\n<h2><strong>Concurso P\u00fablico Nacional Unificado com Mudan\u00e7as<\/strong><\/h2>\n<p>A expectativa para o lan\u00e7amento do edital do Concurso P\u00fablico Nacional Unificado, inicialmente previsto para dezembro, teve sua data adiada para o dia 10 de janeiro de 2024, conforme anunciado pelo Governo Federal.<\/p>\n<figure id=\"attachment_781876\" aria-describedby=\"caption-attachment-781876\" style=\"width: 1200px\" class=\"wp-caption aligncenter\"><img data-recalc-dims=\"1\" fetchpriority=\"high\" decoding=\"async\" class=\"wp-image-781876 size-full\" http=\"\" alt=\"1.800 vagas? Veja o que o ministro afirma sobre o CONCURSO AFT!\" width=\"1200\" height=\"800\" srcset=\"https:\/\/noticiasconcursos.com.br\/wp-content\/uploads\/2023\/12\/noticiasconcursos.com.br-1-800-vagas-veja-o-que-o-ministro-afirma-sobre-o-concurso-aft-pexels-tima-miroshnichenko-6694958.jpg 1200w, https:\/\/noticiasconcursos.com.br\/wp-content\/uploads\/2023\/12\/noticiasconcursos.com.br-1-800-vagas-veja-o-que-o-ministro-afirma-sobre-o-concurso-aft-pexels-tima-miroshnichenko-6694958-300x200.jpg 300w, https:\/\/noticiasconcursos.com.br\/wp-content\/uploads\/2023\/12\/noticiasconcursos.com.br-1-800-vagas-veja-o-que-o-ministro-afirma-sobre-o-concurso-aft-pexels-tima-miroshnichenko-6694958-768x512.jpg 768w\" data-lazy-sizes=\"(max-width: 1200px) 100vw, 1200px\" src=\"https:\/\/i0.wp.com\/noticiasconcursos.com.br\/wp-content\/uploads\/2023\/12\/noticiasconcursos.com.br-1-800-vagas-veja-o-que-o-ministro-afirma-sobre-o-concurso-aft-pexels-tima-miroshnichenko-6694958.jpg?resize=1200%2C800&#038;ssl=1\"\/><noscript><img data-recalc-dims=\"1\" fetchpriority=\"high\" decoding=\"async\" class=\"wp-image-781876 size-full\" src=\"https:\/\/i0.wp.com\/noticiasconcursos.com.br\/wp-content\/uploads\/2023\/12\/noticiasconcursos.com.br-1-800-vagas-veja-o-que-o-ministro-afirma-sobre-o-concurso-aft-pexels-tima-miroshnichenko-6694958.jpg?resize=1200%2C800&#038;ssl=1\" alt=\"1.800 vagas? Veja o que o ministro afirma sobre o CONCURSO AFT!\" width=\"1200\" height=\"800\" srcset=\"https:\/\/noticiasconcursos.com.br\/wp-content\/uploads\/2023\/12\/noticiasconcursos.com.br-1-800-vagas-veja-o-que-o-ministro-afirma-sobre-o-concurso-aft-pexels-tima-miroshnichenko-6694958.jpg 1200w, https:\/\/noticiasconcursos.com.br\/wp-content\/uploads\/2023\/12\/noticiasconcursos.com.br-1-800-vagas-veja-o-que-o-ministro-afirma-sobre-o-concurso-aft-pexels-tima-miroshnichenko-6694958-300x200.jpg 300w, https:\/\/noticiasconcursos.com.br\/wp-content\/uploads\/2023\/12\/noticiasconcursos.com.br-1-800-vagas-veja-o-que-o-ministro-afirma-sobre-o-concurso-aft-pexels-tima-miroshnichenko-6694958-768x512.jpg 768w\" sizes=\"(max-width: 1200px) 100vw, 1200px\"\/><\/noscript><figcaption id=\"caption-attachment-781876\" class=\"wp-caption-text\">1.800 vagas? Veja o que o ministro afirma sobre o CONCURSO AFT! Imagem: Reprodu\u00e7\u00e3o<\/figcaption><\/figure>\n<h2><strong>Reformula\u00e7\u00e3o do Cronograma<\/strong><\/h2>\n<p>Al\u00e9m da mudan\u00e7a na data de divulga\u00e7\u00e3o do<a href=\"https:\/\/noticiasconcursos.com.br\/concursos-publicos\/concurso-federal\/\"> edital<\/a>, o Minist\u00e9rio da Gest\u00e3o e Inova\u00e7\u00e3o (MGI) promoveu ajustes significativos nas etapas seguintes do processo seletivo. Abaixo, apresentamos o novo cronograma:<\/p>\n<ul>\n<li><strong>10 de janeiro de 2024:<\/strong> Publica\u00e7\u00e3o do edital.<\/li>\n<li><strong>19 de janeiro a 9 de fevereiro de 2024:<\/strong> Per\u00edodo de inscri\u00e7\u00f5es.<\/li>\n<li><strong>29 de fevereiro de 2024:<\/strong> Divulga\u00e7\u00e3o dos dados finais de inscri\u00e7\u00f5es.<\/li>\n<li><strong>29 de abril de 2024:<\/strong> Publica\u00e7\u00e3o dos cart\u00f5es de confirma\u00e7\u00e3o.<\/li>\n<li><strong>5 de maio de 2024:<\/strong> Aplica\u00e7\u00e3o das provas.<\/li>\n<li><strong>3 de junho de 2024:<\/strong> Divulga\u00e7\u00e3o dos resultados das provas objetivas e preliminares das provas discursivas e de reda\u00e7\u00e3o.<\/li>\n<li><strong>30 de julho de 2024:<\/strong> Publica\u00e7\u00e3o final dos resultados.<\/li>\n<li><strong>5 de agosto de 2024:<\/strong> In\u00edcio da convoca\u00e7\u00e3o para posse e cursos de forma\u00e7\u00e3o.<\/li>\n<\/ul>\n<h2>Lista dos org\u00e3os<\/h2>\n<p>Os \u00f3rg\u00e3os que v\u00e3o participar do CNU s\u00e3o:<\/p>\n<ul>\n<li>IBGE (Instituto Brasileiro de Geografia e Estat\u00edstica): 895 vagas;<\/li>\n<li>Funai (Funda\u00e7\u00e3o Nacional dos Povos Ind\u00edgenas): 502 vagas;<\/li>\n<li>Incra (Instituto Nacional de Coloniza\u00e7\u00e3o e Reforma Agr\u00e1ria): 742 vagas;<\/li>\n<li>Mapa (Minist\u00e9rio da Agricultura e Pecu\u00e1ria): 440 vagas;<\/li>\n<li>Inmet (Instituto Nacional de Meteorologia): 80 vagas;<\/li>\n<li>MTE (Minist\u00e9rio do Trabalho e Emprego): 900 vagas;<\/li>\n<li>Minist\u00e9rio da Sa\u00fade: 220 vagas;<\/li>\n<li>AGU (Advocacia Geral da Uni\u00e3o): 400 vagas;<\/li>\n<li>Previc (Superintend\u00eancia Nacional de Previd\u00eancia Complementar): 40 vagas;<\/li>\n<li>Aneel (Ag\u00eancia Nacional de Energia El\u00e9trica): 40 vagas;<\/li>\n<li>Antaq (Ag\u00eancia Nacional de Transportes Aquavi\u00e1rios): 30 vagas;<\/li>\n<li>ANS (Ag\u00eancia Nacional de Sa\u00fade Suplementar): 35 vagas;<\/li>\n<li>MDIC (Minist\u00e9rio do Desenvolvimento, Ind\u00fastria, Com\u00e9rcio e Servi\u00e7os): 110 vagas;<\/li>\n<li>MCTI em partes (Minist\u00e9rio da Ci\u00eancia, Tecnologia e Inova\u00e7\u00e3o): 296 vagas;<\/li>\n<li>MJSP (Minist\u00e9rio da Justi\u00e7a e Seguran\u00e7a P\u00fablica): 130 vagas;<\/li>\n<li>MinC (Minist\u00e9rio da Cultura): 50 vagas;<\/li>\n<li>MEC (Minist\u00e9rio da Educa\u00e7\u00e3o): 70 vagas para ATPS;<\/li>\n<li>MDHC (Minist\u00e9rio dos Direitos Humanos e da Cidadania): 40 vagas;<\/li>\n<li>MPI (Minist\u00e9rio dos Povos Ind\u00edgenas): 30 vagas;<\/li>\n<li>MPO (Minist\u00e9rio do Planejamento e Or\u00e7amento): 60 vagas;<\/li>\n<li>MGI (Minist\u00e9rio da Gest\u00e3o e Inova\u00e7\u00e3o em Servi\u00e7os P\u00fablicos) e as carreiras transversais: 1.480 vagas;<\/li>\n<li>Inep (Instituto Nacional de Estudos e Pesquisas Educacionais An\u00edsio Teixeira): 50 vagas.<\/li>\n<\/ul>\n<p> <noscript><iframe loading=\"lazy\" title=\"Conhe\u00e7a os principais requisitos para ingresso no servi\u00e7o p\u00fablico!\" width=\"500\" height=\"281\" src=\"https:\/\/www.youtube.com\/embed\/SkAYwHIBoVk?feature=oembed\" frameborder=\"0\" allow=\"accelerometer; autoplay; clipboard-write; encrypted-media; gyroscope; picture-in-picture; web-share\" referrerpolicy=\"strict-origin-when-cross-origin\" allowfullscreen><\/iframe><\/noscript> <\/p>\n<\/div>\n<p><br \/>\n<br \/><a href=\"https:\/\/ismaelcolosi.com.br\/1-800-vagas-veja-o-que-o-ministro-afirma-sobre-o-concurso-aft\/\">Source link <\/a><\/p>\n<!-- CONTENT END 1 -->\n","protected":false},"excerpt":{"rendered":"<p>Concurso AFT pode dobrar oportunidades! O Ministro Luiz Marinho falou sobre dobrar a quantidade de vagas do concurso AFT- Auditor Fiscal do Trabalho. Inicialmente, est\u00e3o&#8230;<\/p>\n","protected":false},"author":1,"featured_media":19735,"comment_status":"open","ping_status":"open","sticky":false,"template":"","format":"standard","meta":{"advanced_seo_description":"","jetpack_seo_html_title":"","jetpack_seo_noindex":false,"jetpack_post_was_ever_published":false,"_jetpack_newsletter_access":"","_jetpack_dont_email_post_to_subs":false,"_jetpack_newsletter_tier_id":0,"_jetpack_memberships_contains_paywalled_content":false,"_jetpack_memberships_contains_paid_content":false,"footnotes":"","jetpack_publicize_message":"","jetpack_publicize_feature_enabled":true,"jetpack_social_post_already_shared":true,"jetpack_social_options":{"image_generator_settings":{"template":"highway","default_image_id":0,"font":"","enabled":false},"version":2}},"categories":[7],"tags":[],"class_list":["post-19734","post","type-post","status-publish","format-standard","has-post-thumbnail","hentry","category-vagas-de-empregos-em-ribeirao-preto-regiao-brasil"],"jetpack_publicize_connections":[],"jetpack_featured_media_url":"https:\/\/i0.wp.com\/noticiasribeiraopreto.com.br\/wp-content\/uploads\/2023\/12\/noticiasconcursos.com_.br-1-800-vagas-veja-o-que-o-ministro-afirma-sobre-o-concurso-aft-pexels-tima-miroshnichenko-6694958.jpg?fit=1200%2C800&ssl=1","jetpack-related-posts":[{"id":20032,"url":"https:\/\/noticiasribeiraopreto.com.br\/index.php\/2023\/12\/23\/concursos-2024-veja-os-editais-previstos-para-area-fiscal\/","url_meta":{"origin":19734,"position":0},"title":"Concursos 2024: veja os editais previstos para \u00e1rea fiscal","author":"noticiasribeiraopreto.com.br","date":"23 de December de 2023","format":false,"excerpt":"Confira os sal\u00e1rios e cargos destes concursos 2024 Se voc\u00ea est\u00e1 se preparando para os concursos 2024, veja a lista que separamos a seguir. Os certames contam com v\u00e1rios cargos e n\u00edveis de escolaridade. Veja. Concursos 2024 e vagas No Concurso Nacional Unificado, o certame AFT destaca-se ao oferecer 900\u2026","rel":"","context":"In &quot;Vagas de Emprego em Ribeir\u00e3o Preto-SP&quot;","block_context":{"text":"Vagas de Emprego em Ribeir\u00e3o Preto-SP","link":"https:\/\/noticiasribeiraopreto.com.br\/index.php\/category\/empregos-classificados-vagas-trabalho\/vagas-de-empregos-em-ribeirao-preto-regiao-brasil\/"},"img":{"alt_text":"","src":"","width":0,"height":0},"classes":[]},{"id":10016,"url":"https:\/\/noticiasribeiraopreto.com.br\/index.php\/2023\/12\/03\/veja-as-vagas-do-concurso-publico-nacional-unificado-ribeirao-vai-receber-provas\/","url_meta":{"origin":19734,"position":1},"title":"Veja as vagas do Concurso P\u00fablico Nacional Unificado; Ribeir\u00e3o vai receber provas","author":"noticiasribeiraopreto.com.br","date":"3 de December de 2023","format":false,"excerpt":"Est\u00e1 previsto para mar\u00e7o de 2024 a realiza\u00e7\u00e3o do Concurso P\u00fablico Nacional Unificado, com 6.640 vagas espalhadas em 21 \u00f3rg\u00e3os da Administra\u00e7\u00e3o P\u00fablica Federal. As provas ser\u00e3o realizadas em 180 cidades em todo o Brasil, incluindo Ribeir\u00e3o Preto. O concurso p\u00fablico ser\u00e1 organizado pela Funda\u00e7\u00e3o Cesgranrio, que ainda dever\u00e1 divulgar\u2026","rel":"","context":"In &quot;Not\u00edcias de Ribeir\u00e3o Preto-SP e Regi\u00e3o&quot;","block_context":{"text":"Not\u00edcias de Ribeir\u00e3o Preto-SP e Regi\u00e3o","link":"https:\/\/noticiasribeiraopreto.com.br\/index.php\/category\/noticias-de-ribeirao-preto-sp-e-regiao-ismael-colosi\/"},"img":{"alt_text":"","src":"https:\/\/i0.wp.com\/noticiasribeiraopreto.com.br\/wp-content\/uploads\/2023\/12\/concurso-publico-9.jpg?fit=1200%2C800&ssl=1&resize=350%2C200","width":350,"height":200,"srcset":"https:\/\/i0.wp.com\/noticiasribeiraopreto.com.br\/wp-content\/uploads\/2023\/12\/concurso-publico-9.jpg?fit=1200%2C800&ssl=1&resize=350%2C200 1x, https:\/\/i0.wp.com\/noticiasribeiraopreto.com.br\/wp-content\/uploads\/2023\/12\/concurso-publico-9.jpg?fit=1200%2C800&ssl=1&resize=525%2C300 1.5x, https:\/\/i0.wp.com\/noticiasribeiraopreto.com.br\/wp-content\/uploads\/2023\/12\/concurso-publico-9.jpg?fit=1200%2C800&ssl=1&resize=700%2C400 2x, https:\/\/i0.wp.com\/noticiasribeiraopreto.com.br\/wp-content\/uploads\/2023\/12\/concurso-publico-9.jpg?fit=1200%2C800&ssl=1&resize=1050%2C600 3x"},"classes":[]},{"id":18450,"url":"https:\/\/noticiasribeiraopreto.com.br\/index.php\/2023\/12\/20\/confira-os-cargos-e-salarios-ofertados-no-concurso-cnu\/","url_meta":{"origin":19734,"position":2},"title":"Confira os cargos e sal\u00e1rios ofertados no concurso CNU","author":"noticiasribeiraopreto.com.br","date":"20 de December de 2023","format":false,"excerpt":"Confira os \u00f3rg\u00e3os participantes do concurso CNU O concurso CNU- Concurso Nacional Unificado- \u00e9 uma grande chance para v\u00e1rios cargos. Al\u00e9m disso, as vagas s\u00e3o para medio e superior. Confira os \u00f3rg\u00e3os e mais detalhes. Concurso CNU e \u00f3rg\u00e3os Se voc\u00ea est\u00e1 em busca de novas oportunidades no cen\u00e1rio dos\u2026","rel":"","context":"In &quot;Vagas de Emprego em Ribeir\u00e3o Preto-SP&quot;","block_context":{"text":"Vagas de Emprego em Ribeir\u00e3o Preto-SP","link":"https:\/\/noticiasribeiraopreto.com.br\/index.php\/category\/empregos-classificados-vagas-trabalho\/vagas-de-empregos-em-ribeirao-preto-regiao-brasil\/"},"img":{"alt_text":"","src":"https:\/\/i0.wp.com\/noticiasribeiraopreto.com.br\/wp-content\/uploads\/2023\/12\/noticiasconcursos.com_.br-confira-os-cargos-e-salarios-ofertados-no-concurso-cnu-library-7408106-1280.jpg?fit=1200%2C834&ssl=1&resize=350%2C200","width":350,"height":200,"srcset":"https:\/\/i0.wp.com\/noticiasribeiraopreto.com.br\/wp-content\/uploads\/2023\/12\/noticiasconcursos.com_.br-confira-os-cargos-e-salarios-ofertados-no-concurso-cnu-library-7408106-1280.jpg?fit=1200%2C834&ssl=1&resize=350%2C200 1x, https:\/\/i0.wp.com\/noticiasribeiraopreto.com.br\/wp-content\/uploads\/2023\/12\/noticiasconcursos.com_.br-confira-os-cargos-e-salarios-ofertados-no-concurso-cnu-library-7408106-1280.jpg?fit=1200%2C834&ssl=1&resize=525%2C300 1.5x, https:\/\/i0.wp.com\/noticiasribeiraopreto.com.br\/wp-content\/uploads\/2023\/12\/noticiasconcursos.com_.br-confira-os-cargos-e-salarios-ofertados-no-concurso-cnu-library-7408106-1280.jpg?fit=1200%2C834&ssl=1&resize=700%2C400 2x, https:\/\/i0.wp.com\/noticiasribeiraopreto.com.br\/wp-content\/uploads\/2023\/12\/noticiasconcursos.com_.br-confira-os-cargos-e-salarios-ofertados-no-concurso-cnu-library-7408106-1280.jpg?fit=1200%2C834&ssl=1&resize=1050%2C600 3x"},"classes":[]},{"id":16062,"url":"https:\/\/noticiasribeiraopreto.com.br\/index.php\/2023\/12\/14\/edital-para-auditor-previsto-para-sair-em-janeiro\/","url_meta":{"origin":19734,"position":3},"title":"edital para auditor previsto para sair em janeiro","author":"noticiasribeiraopreto.com.br","date":"14 de December de 2023","format":false,"excerpt":"O concurso Minist\u00e9rio da Fazenda, autorizado em 19 de julho, pela ministra da Gest\u00e3o e da Inova\u00e7\u00e3o dos Servi\u00e7os P\u00fablicos Esther Dweck, est\u00e1 em fase de defini\u00e7\u00e3o da banca organizadora, que deve ser anunciada no decorrer dos pr\u00f3ximos dias. Acontece que, de acordo com o aval, a publica\u00e7\u00e3o do edital\u2026","rel":"","context":"In &quot;Vagas de Emprego em Ribeir\u00e3o Preto-SP&quot;","block_context":{"text":"Vagas de Emprego em Ribeir\u00e3o Preto-SP","link":"https:\/\/noticiasribeiraopreto.com.br\/index.php\/category\/empregos-classificados-vagas-trabalho\/vagas-de-empregos-em-ribeirao-preto-regiao-brasil\/"},"img":{"alt_text":"","src":"https:\/\/i0.wp.com\/noticiasribeiraopreto.com.br\/wp-content\/uploads\/2023\/12\/ministerio_da_fazenda_novoo.jpg?fit=1200%2C675&ssl=1&resize=350%2C200","width":350,"height":200,"srcset":"https:\/\/i0.wp.com\/noticiasribeiraopreto.com.br\/wp-content\/uploads\/2023\/12\/ministerio_da_fazenda_novoo.jpg?fit=1200%2C675&ssl=1&resize=350%2C200 1x, https:\/\/i0.wp.com\/noticiasribeiraopreto.com.br\/wp-content\/uploads\/2023\/12\/ministerio_da_fazenda_novoo.jpg?fit=1200%2C675&ssl=1&resize=525%2C300 1.5x, https:\/\/i0.wp.com\/noticiasribeiraopreto.com.br\/wp-content\/uploads\/2023\/12\/ministerio_da_fazenda_novoo.jpg?fit=1200%2C675&ssl=1&resize=700%2C400 2x, https:\/\/i0.wp.com\/noticiasribeiraopreto.com.br\/wp-content\/uploads\/2023\/12\/ministerio_da_fazenda_novoo.jpg?fit=1200%2C675&ssl=1&resize=1050%2C600 3x"},"classes":[]},{"id":21852,"url":"https:\/\/noticiasribeiraopreto.com.br\/index.php\/2023\/12\/28\/saiu-autorizacao-para-nomeacao-de-697-aprovados-2\/","url_meta":{"origin":19734,"position":4},"title":"saiu autoriza\u00e7\u00e3o para nomea\u00e7\u00e3o de 697 aprovados","author":"noticiasribeiraopreto.com.br","date":"28 de December de 2023","format":false,"excerpt":"Est\u00e1 autorizada a nomea\u00e7\u00e3o de 697 pessoas candidatas aprovadas no concurso da Receita Federal. A Portaria MGI n\u00ba 8.639 que admite a nomea\u00e7\u00e3o foi publicada no Di\u00e1rio Oficial da Uni\u00e3o desta quinta-feira, 28 de dezembro, e assinada pela Ministra de Estado da Gest\u00e3o e da Inova\u00e7\u00e3o em Servi\u00e7os P\u00fablicos substituta,\u2026","rel":"","context":"In &quot;Vagas de Emprego em Ribeir\u00e3o Preto-SP&quot;","block_context":{"text":"Vagas de Emprego em Ribeir\u00e3o Preto-SP","link":"https:\/\/noticiasribeiraopreto.com.br\/index.php\/category\/empregos-classificados-vagas-trabalho\/vagas-de-empregos-em-ribeirao-preto-regiao-brasil\/"},"img":{"alt_text":"","src":"","width":0,"height":0},"classes":[]},{"id":73763,"url":"https:\/\/noticiasribeiraopreto.com.br\/index.php\/2025\/07\/09\/concurso-publico-com-200-vagas-tera-salarios-de-r-17-mil-confira\/","url_meta":{"origin":19734,"position":5},"title":"Concurso p\u00fablico com 200 vagas ter\u00e1 sal\u00e1rios de R$ 17 mil; Confira","author":"noticiasribeiraopreto.com.br","date":"9 de July de 2025","format":false,"excerpt":"A CGE-SP (Controladoria Geral do Estado de S\u00e3o Paulo) autorizou a dispensa de licita\u00e7\u00e3o para contrata\u00e7\u00e3o da FGV (Funda\u00e7\u00e3o Get\u00falio Vargas) com 200 vagas para o cargo de Auditor Estadual de Controle. Os sal\u00e1rios s\u00e3o de R$ 17.850,00. A FGV ser\u00e1 respons\u00e1vel pela organiza\u00e7\u00e3o e execu\u00e7\u00e3o do concurso p\u00fablico. A\u2026","rel":"","context":"In &quot;Not\u00edcias de Ribeir\u00e3o Preto-SP e Regi\u00e3o&quot;","block_context":{"text":"Not\u00edcias de Ribeir\u00e3o Preto-SP e Regi\u00e3o","link":"https:\/\/noticiasribeiraopreto.com.br\/index.php\/category\/noticias-de-ribeirao-preto-sp-e-regiao-ismael-colosi\/"},"img":{"alt_text":"","src":"https:\/\/i0.wp.com\/noticiasribeiraopreto.com.br\/wp-content\/uploads\/2025\/07\/concurso-publico_2025-07-09_13-50-45.webp.webp?fit=1200%2C798&ssl=1&resize=350%2C200","width":350,"height":200,"srcset":"https:\/\/i0.wp.com\/noticiasribeiraopreto.com.br\/wp-content\/uploads\/2025\/07\/concurso-publico_2025-07-09_13-50-45.webp.webp?fit=1200%2C798&ssl=1&resize=350%2C200 1x, https:\/\/i0.wp.com\/noticiasribeiraopreto.com.br\/wp-content\/uploads\/2025\/07\/concurso-publico_2025-07-09_13-50-45.webp.webp?fit=1200%2C798&ssl=1&resize=525%2C300 1.5x, https:\/\/i0.wp.com\/noticiasribeiraopreto.com.br\/wp-content\/uploads\/2025\/07\/concurso-publico_2025-07-09_13-50-45.webp.webp?fit=1200%2C798&ssl=1&resize=700%2C400 2x, https:\/\/i0.wp.com\/noticiasribeiraopreto.com.br\/wp-content\/uploads\/2025\/07\/concurso-publico_2025-07-09_13-50-45.webp.webp?fit=1200%2C798&ssl=1&resize=1050%2C600 3x"},"classes":[]}],"jetpack_sharing_enabled":true,"jetpack_shortlink":"https:\/\/wp.me\/peQAOb-58i","_links":{"self":[{"href":"https:\/\/noticiasribeiraopreto.com.br\/index.php\/wp-json\/wp\/v2\/posts\/19734","targetHints":{"allow":["GET"]}}],"collection":[{"href":"https:\/\/noticiasribeiraopreto.com.br\/index.php\/wp-json\/wp\/v2\/posts"}],"about":[{"href":"https:\/\/noticiasribeiraopreto.com.br\/index.php\/wp-json\/wp\/v2\/types\/post"}],"author":[{"embeddable":true,"href":"https:\/\/noticiasribeiraopreto.com.br\/index.php\/wp-json\/wp\/v2\/users\/1"}],"replies":[{"embeddable":true,"href":"https:\/\/noticiasribeiraopreto.com.br\/index.php\/wp-json\/wp\/v2\/comments?post=19734"}],"version-history":[{"count":0,"href":"https:\/\/noticiasribeiraopreto.com.br\/index.php\/wp-json\/wp\/v2\/posts\/19734\/revisions"}],"wp:featuredmedia":[{"embeddable":true,"href":"https:\/\/noticiasribeiraopreto.com.br\/index.php\/wp-json\/wp\/v2\/media\/19735"}],"wp:attachment":[{"href":"https:\/\/noticiasribeiraopreto.com.br\/index.php\/wp-json\/wp\/v2\/media?parent=19734"}],"wp:term":[{"taxonomy":"category","embeddable":true,"href":"https:\/\/noticiasribeiraopreto.com.br\/index.php\/wp-json\/wp\/v2\/categories?post=19734"},{"taxonomy":"post_tag","embeddable":true,"href":"https:\/\/noticiasribeiraopreto.com.br\/index.php\/wp-json\/wp\/v2\/tags?post=19734"}],"curies":[{"name":"wp","href":"https:\/\/api.w.org\/{rel}","templated":true}]}}