{"id":19738,"date":"2023-12-23T02:14:07","date_gmt":"2023-12-23T05:14:07","guid":{"rendered":"https:\/\/noticiasribeiraopreto.com.br\/index.php\/2023\/12\/23\/programe-se-para-os-feriados-nacionais-saiba-quais-serao-prolongados-2\/"},"modified":"2023-12-23T02:14:07","modified_gmt":"2023-12-23T05:14:07","slug":"programe-se-para-os-feriados-nacionais-saiba-quais-serao-prolongados-2","status":"publish","type":"post","link":"https:\/\/noticiasribeiraopreto.com.br\/index.php\/2023\/12\/23\/programe-se-para-os-feriados-nacionais-saiba-quais-serao-prolongados-2\/","title":{"rendered":"programe-se para os feriados nacionais; Saiba quais ser\u00e3o prolongados"},"content":{"rendered":"<div class='code-block code-block-1' style='margin: 8px 0 8px auto; text-align: right; display: block; clear: both;'>\n<p><a href=\"https:\/\/wa.link\/vpicfd\"><img data-recalc-dims=\"1\" class=\"wp-image-4922\" style=\"aspect-ratio: 2.0253164556962027; width: 561px; height: auto;\" src=\"https:\/\/i0.wp.com\/ismaelcolosi.com.br\/wp-content\/uploads\/2023\/11\/grupo-de-empregos-whatsapp-e-facebook-ismael-colosi-vagas.jpg?ssl=1\" alt=\"\" \/><\/a><\/p>\n<!-- \/wp:image -->\n<\/div>\n<p> <br \/>\n<\/p>\n<div>\n<p>O presidente Luiz In\u00e1cio Lula da Silva sancionou uma medida hist\u00f3rica na \u00faltima quinta (21), marcando uma conquista significativa na luta pela igualdade racial no Brasil. O Dia Nacional de Zumbi e da Consci\u00eancia Negra, celebrado em 20 de novembro, foi oficializado como um novo feriado nacional. Com essa adi\u00e7\u00e3o, o<strong> calend\u00e1rio 2024<\/strong> contar\u00e1 com 10 <strong>feriados nacionais<\/strong>.<\/p>\n<p>Desse total, apenas tr\u00eas deles ser\u00e3o feriados prolongados e, portanto, v\u00e3o proporcionar fins de semana mais extensos aos trabalhadores, pois cair\u00e3o na segunda ou na sexta-feira.\u00a0<\/p>\n<h2>Feriados prolongados em 2024<\/h2>\n<p>O m\u00eas mais favor\u00e1vel nesse sentido ser\u00e1 novembro, com dois feriados que permitem emendas:<\/p>\n<ul>\n<li>Finados (s\u00e1bado, 2)<\/li>\n<li>Proclama\u00e7\u00e3o da Rep\u00fablica (sexta, 15)<\/li>\n<li>Dia da Consci\u00eancia Negra (quarta, 20)<\/li>\n<\/ul>\n<p>Quatro feriados est\u00e3o programados para ocorrerem no final de semana: Tiradentes em um domingo; Independ\u00eancia do Brasil, Nossa Senhora Aparecida e Finados, todos aos s\u00e1bados. Os trabalhadores ter\u00e3o apenas quatro \u201cferiad\u00f5es\u201d ao longo do ano, sendo tr\u00eas no primeiro semestre e o quarto em novembro, por ocasi\u00e3o da Proclama\u00e7\u00e3o da Rep\u00fablica.<\/p>\n<p><a href=\"https:\/\/jcconcursos.com.br\/noticia\/brasil\/esta-chegando-ao-fim-o-prazo-para-sacar-abono-salarial-pispasep-de-r-1320-120293\" rel=\"noopener\" target=\"_blank\">+Est\u00e1 chegando ao fim o prazo para sacar abono salarial PIS\/Pasep de R$ 1.320<\/a><\/p>\n<h2>Calend\u00e1rio 2024: lista completa de feriados nacionais<\/h2>\n<ul>\n<li>1\u00ba de janeiro \u2013 Confraterniza\u00e7\u00e3o Universal (segunda-feira)<\/li>\n<li>29 de mar\u00e7o \u2013 Paix\u00e3o de Cristo \/ Sexta-Feira Santa<\/li>\n<li>21 de abril \u2013 Tiradentes (domingo)<\/li>\n<li>1\u00ba de maio \u2013 Dia Mundial do Trabalho (quarta-feira)<\/li>\n<li>7 de setembro \u2013 Independ\u00eancia do Brasil (s\u00e1bado)<\/li>\n<li>12 de outubro \u2013 Nossa Senhora Aparecida (s\u00e1bado)<\/li>\n<li>2 de novembro \u2013 Finados (s\u00e1bado)<\/li>\n<li>15 de novembro \u2013 Proclama\u00e7\u00e3o da Rep\u00fablica (sexta-feira)<\/li>\n<li>20 de novembro \u2013 Dia da Consci\u00eancia Negra (quarta-feira)<\/li>\n<li>25 de dezembro \u2013 Natal (quarta-feira)<\/li>\n<\/ul>\n<p><a href=\"https:\/\/jcconcursos.com.br\/admin\/r\/15\/120345\/\" rel=\"noopener\" target=\"_blank\">+Or\u00e7amento da Uni\u00e3o 2024 \u00e9 aprovado: sal\u00e1rio m\u00ednimo menor e Fundo Eleitoral maior<\/a><\/p>\n<h2>Pontos facultativos<\/h2>\n<p>Al\u00e9m dos feriados, o Brasil ter\u00e1 cinco dias considerados ponto facultativo em 2024. Estes s\u00e3o:<\/p>\n<ul>\n<li>12 de fevereiro \u2013 Carnaval (segunda-feira)<\/li>\n<li>13 de fevereiro \u2013 Carnaval (segunda-feira)<\/li>\n<li>14 de fevereiro \u2013 Quarta-Feira de Cinzas<\/li>\n<li>30 de maio \u2013 Corpus Christi (quinta-feira)<\/li>\n<li>28 de outubro \u2013 Dia do Servidor P\u00fablico (segunda-feira)<\/li>\n<\/ul>\n<p>\u00c9 importante ressaltar a diferen\u00e7a entre feriado e ponto facultativo. Enquanto o feriado \u00e9 um dia de descanso obrigat\u00f3rio, o ponto facultativo n\u00e3o imp\u00f5e essa obriga\u00e7\u00e3o. Assim, a empresa n\u00e3o \u00e9 legalmente obrigada a conceder folga aos seus colaboradores durante os pontos facultativos.<\/p>\n<p>No entanto, muitas empresas optam por liberar seus funcion\u00e1rios nesses dias, promovendo um ambiente mais flex\u00edvel e favor\u00e1vel ao equil\u00edbrio entre trabalho e vida pessoal e descanso.<\/p>\n<h2>Quem trabalha no feriado deve receber em dobro?<\/h2>\n<p>Em geral, a legisla\u00e7\u00e3o trabalhista brasileira n\u00e3o prev\u00ea a obrigatoriedade de pagamento em dobro para quem trabalha em feriados, a menos que isso esteja previsto em conven\u00e7\u00f5es coletivas, acordos espec\u00edficos da categoria ou no contrato de trabalho.<\/p>\n<p>Por\u00e9m, a S\u00famula 146 do TST (<a href=\"https:\/\/www.tst.jus.br\/\" rel=\"noopener\" target=\"_blank\">Tribubal Superior do Trabalho<\/a>) determina que o \u00a0trabalho prestados aos domingos ou feriados, desde que n\u00e3o seja compensado com folga, deve sim ser pago em dobro, sem preju\u00edzo da remunera\u00e7\u00e3o relativa ao repouso semanal.<\/p>\n<p>Vale ressaltar que, em regra, o trabalhador tem folga garantida em feriados nacionais, principalmente os que atuam com carteira assinada Contudo, \u00e9 poss\u00edvel que seja exigido o trabalho no dia, como, por exemplo, nos casos dos profissionais da sa\u00fade e seguran\u00e7a p\u00fablica.\u00a0<\/p>\n<p>+++Acompanhe as principais not\u00edcias sobre Concursos P\u00fablicos, <a href=\"https:\/\/jcconcursos.com.br\/noticia\/empregos\" rel=\"noopener\" target=\"_blank\">Empregos<\/a> e Sociedade no JC Concursos.<\/p>\n<p><a id=\"gnews_btn\" href=\"https:\/\/news.google.com\/publications\/CAAqBwgKMOixlQswuZWrAw\" target=\"_blank\" class=\"border_jc_blue link_hover_bg_jc_blue font_85 d-block d-md-inline-block px-2 py-1 mr-0 mr-md-2 mb-3 w-100 text-center\" rel=\"noopener\"><span class=\"text_jc_blue\">Siga o <strong>JC Concursos no Google News<\/strong><\/span><\/a><a href=\"https:\/\/jcconcursos.com.br\/noticia\/brasil\/\" class=\"badge badge-light\">Sociedade<\/a><a href=\"https:\/\/jcconcursos.com.br\/noticia\/brasil\/\" class=\"badge badge-light\">Brasil<\/a><\/p>\n<\/div>\n<p><br \/>\n<br \/><a href=\"https:\/\/ismaelcolosi.com.br\/programe-se-para-os-feriados-nacionais-saiba-quais-serao-prolongados\/\">Source link <\/a><\/p>\n<!-- CONTENT END 1 -->\n","protected":false},"excerpt":{"rendered":"<p>O presidente Luiz In\u00e1cio Lula da Silva sancionou uma medida hist\u00f3rica na \u00faltima quinta (21), marcando uma conquista significativa na luta pela igualdade racial no&#8230;<\/p>\n","protected":false},"author":1,"featured_media":19739,"comment_status":"open","ping_status":"open","sticky":false,"template":"","format":"standard","meta":{"advanced_seo_description":"","jetpack_seo_html_title":"","jetpack_seo_noindex":false,"jetpack_post_was_ever_published":false,"_jetpack_newsletter_access":"","_jetpack_dont_email_post_to_subs":false,"_jetpack_newsletter_tier_id":0,"_jetpack_memberships_contains_paywalled_content":false,"_jetpack_memberships_contains_paid_content":false,"footnotes":"","jetpack_publicize_message":"","jetpack_publicize_feature_enabled":true,"jetpack_social_post_already_shared":true,"jetpack_social_options":{"image_generator_settings":{"template":"highway","default_image_id":0,"font":"","enabled":false},"version":2}},"categories":[7],"tags":[],"class_list":["post-19738","post","type-post","status-publish","format-standard","has-post-thumbnail","hentry","category-vagas-de-empregos-em-ribeirao-preto-regiao-brasil"],"jetpack_publicize_connections":[],"jetpack_featured_media_url":"https:\/\/i0.wp.com\/noticiasribeiraopreto.com.br\/wp-content\/uploads\/2023\/12\/concursos-publicos-abertos-feriado-12-outubro-.jpg?fit=1920%2C1080&ssl=1","jetpack-related-posts":[{"id":57213,"url":"https:\/\/noticiasribeiraopreto.com.br\/index.php\/2024\/08\/26\/feriados-prolongados-no-segundo-semestre-confira-as-datas\/","url_meta":{"origin":19738,"position":0},"title":"Feriados prolongados no segundo semestre? Confira as datas","author":"noticiasribeiraopreto.com.br","date":"26 de August de 2024","format":false,"excerpt":"O ano de 2024, que \u00e9 bissexto, tem menos feriados prolongados. Se em 2023 os dias de descanso ca\u00edram em boa parte na quinta-feira, facilitando as emendas, em 2024 as datas est\u00e3o concentradas no s\u00e1bado, no domingo e na quarta-feira. Os pr\u00f3ximos tr\u00eas feriados nacionais acontecer\u00e3o aos s\u00e1bados: 7 de\u2026","rel":"","context":"In &quot;Not\u00edcias de Ribeir\u00e3o Preto-SP e Regi\u00e3o&quot;","block_context":{"text":"Not\u00edcias de Ribeir\u00e3o Preto-SP e Regi\u00e3o","link":"https:\/\/noticiasribeiraopreto.com.br\/index.php\/category\/noticias-de-ribeirao-preto-sp-e-regiao-ismael-colosi\/"},"img":{"alt_text":"","src":"https:\/\/i0.wp.com\/noticiasribeiraopreto.com.br\/wp-content\/uploads\/2024\/08\/Calendario-Freepik-944x531-1_2024-07-01_13-15-58_jpg_2024-07-01_13-15-58.webp.webp?fit=944%2C531&ssl=1&resize=350%2C200","width":350,"height":200,"srcset":"https:\/\/i0.wp.com\/noticiasribeiraopreto.com.br\/wp-content\/uploads\/2024\/08\/Calendario-Freepik-944x531-1_2024-07-01_13-15-58_jpg_2024-07-01_13-15-58.webp.webp?fit=944%2C531&ssl=1&resize=350%2C200 1x, https:\/\/i0.wp.com\/noticiasribeiraopreto.com.br\/wp-content\/uploads\/2024\/08\/Calendario-Freepik-944x531-1_2024-07-01_13-15-58_jpg_2024-07-01_13-15-58.webp.webp?fit=944%2C531&ssl=1&resize=525%2C300 1.5x, https:\/\/i0.wp.com\/noticiasribeiraopreto.com.br\/wp-content\/uploads\/2024\/08\/Calendario-Freepik-944x531-1_2024-07-01_13-15-58_jpg_2024-07-01_13-15-58.webp.webp?fit=944%2C531&ssl=1&resize=700%2C400 2x"},"classes":[]},{"id":9310,"url":"https:\/\/noticiasribeiraopreto.com.br\/index.php\/2023\/12\/01\/brasil-deve-ganhar-mais-um-feriado-nacional-em-2024\/","url_meta":{"origin":19738,"position":1},"title":"Brasil deve ganhar mais um feriado nacional em 2024","author":"noticiasribeiraopreto.com.br","date":"1 de December de 2023","format":false,"excerpt":"A partir de 2024, o Brasil pode ganhar mais um feriado nacional. \u00c9 que na \u00faltima quarta-feira, 29, a C\u00e2mara dos Deputados aprovou o Projeto de Lei (PL 3268\/21), que instituiu o 20 de novembro como feriado em celebra\u00e7\u00e3o ao Dia Nacional de Zumbi e da Consci\u00eancia Negra em todo\u2026","rel":"","context":"In &quot;Variedades&quot;","block_context":{"text":"Variedades","link":"https:\/\/noticiasribeiraopreto.com.br\/index.php\/category\/variedades\/"},"img":{"alt_text":"","src":"https:\/\/i0.wp.com\/noticiasribeiraopreto.com.br\/wp-content\/uploads\/2023\/12\/feriado-nacional-20-de-novembro.jpg?fit=1200%2C638&ssl=1&resize=350%2C200","width":350,"height":200,"srcset":"https:\/\/i0.wp.com\/noticiasribeiraopreto.com.br\/wp-content\/uploads\/2023\/12\/feriado-nacional-20-de-novembro.jpg?fit=1200%2C638&ssl=1&resize=350%2C200 1x, https:\/\/i0.wp.com\/noticiasribeiraopreto.com.br\/wp-content\/uploads\/2023\/12\/feriado-nacional-20-de-novembro.jpg?fit=1200%2C638&ssl=1&resize=525%2C300 1.5x, https:\/\/i0.wp.com\/noticiasribeiraopreto.com.br\/wp-content\/uploads\/2023\/12\/feriado-nacional-20-de-novembro.jpg?fit=1200%2C638&ssl=1&resize=700%2C400 2x, https:\/\/i0.wp.com\/noticiasribeiraopreto.com.br\/wp-content\/uploads\/2023\/12\/feriado-nacional-20-de-novembro.jpg?fit=1200%2C638&ssl=1&resize=1050%2C600 3x"},"classes":[]},{"id":61913,"url":"https:\/\/noticiasribeiraopreto.com.br\/index.php\/2024\/12\/27\/feriados-prolongados-de-2025-confira-o-calendario-do-proximo-ano\/","url_meta":{"origin":19738,"position":2},"title":"Feriados prolongados de 2025: Confira o cal\u00e9nd\u00e1rio do pr\u00f3ximo ano","author":"noticiasribeiraopreto.com.br","date":"27 de December de 2024","format":false,"excerpt":"O ano de 2025 chega trazendo boas not\u00edcias para os trabalhadores brasileiros, com a volta dos aguardados feriados prolongados. Ap\u00f3s um 2024 at\u00edpico, em que a escassez de feriad\u00f5es foi consequ\u00eancia do ano bissexto, 2025 promete ser um al\u00edvio. A escassez de feriados prolongados em 2024 Em 2024, o calend\u00e1rio\u2026","rel":"","context":"In &quot;Not\u00edcias de Ribeir\u00e3o Preto-SP e Regi\u00e3o&quot;","block_context":{"text":"Not\u00edcias de Ribeir\u00e3o Preto-SP e Regi\u00e3o","link":"https:\/\/noticiasribeiraopreto.com.br\/index.php\/category\/noticias-de-ribeirao-preto-sp-e-regiao-ismael-colosi\/"},"img":{"alt_text":"","src":"https:\/\/i0.wp.com\/noticiasribeiraopreto.com.br\/wp-content\/uploads\/2024\/08\/Calendario-Freepik-944x531-1_2024-07-01_13-15-58_jpg_2024-07-01_13-15-58.webp.webp?fit=944%2C531&ssl=1&resize=350%2C200","width":350,"height":200,"srcset":"https:\/\/i0.wp.com\/noticiasribeiraopreto.com.br\/wp-content\/uploads\/2024\/08\/Calendario-Freepik-944x531-1_2024-07-01_13-15-58_jpg_2024-07-01_13-15-58.webp.webp?fit=944%2C531&ssl=1&resize=350%2C200 1x, https:\/\/i0.wp.com\/noticiasribeiraopreto.com.br\/wp-content\/uploads\/2024\/08\/Calendario-Freepik-944x531-1_2024-07-01_13-15-58_jpg_2024-07-01_13-15-58.webp.webp?fit=944%2C531&ssl=1&resize=525%2C300 1.5x, https:\/\/i0.wp.com\/noticiasribeiraopreto.com.br\/wp-content\/uploads\/2024\/08\/Calendario-Freepik-944x531-1_2024-07-01_13-15-58_jpg_2024-07-01_13-15-58.webp.webp?fit=944%2C531&ssl=1&resize=700%2C400 2x"},"classes":[]},{"id":68377,"url":"https:\/\/noticiasribeiraopreto.com.br\/index.php\/2025\/04\/24\/vai-ter-mais-feriados-prolongados-em-2025-veja-o-calendario\/","url_meta":{"origin":19738,"position":3},"title":"Vai ter mais feriados prolongados em 2025? Veja o calend\u00e1rio","author":"noticiasribeiraopreto.com.br","date":"24 de April de 2025","format":false,"excerpt":"Com o fim do feriado de Tiradentes, a popula\u00e7\u00e3o de Ribeir\u00e3o Preto j\u00e1 pode se planejar para os pr\u00f3ximos dias de folga ao longo de 2025. A lista inclui feriados nacionais, estaduais e pontos facultativos que impactam o funcionamento de servi\u00e7os p\u00fablicos e privados na cidade. Confira: Maio 1\u00ba de\u2026","rel":"","context":"In &quot;Not\u00edcias de Ribeir\u00e3o Preto-SP e Regi\u00e3o&quot;","block_context":{"text":"Not\u00edcias de Ribeir\u00e3o Preto-SP e Regi\u00e3o","link":"https:\/\/noticiasribeiraopreto.com.br\/index.php\/category\/noticias-de-ribeirao-preto-sp-e-regiao-ismael-colosi\/"},"img":{"alt_text":"","src":"https:\/\/i0.wp.com\/noticiasribeiraopreto.com.br\/wp-content\/uploads\/2025\/01\/Copia-de-Copia-de-Copia-de-TAMANHO-EXATO-PARA-FOTOS-NO-SISTEMA-NOVO-2025-01-22T154849.670_2025-01-22_18-48-57_png_2025-01-22_18-48-57.webp.webp?fit=1200%2C675&ssl=1&resize=350%2C200","width":350,"height":200,"srcset":"https:\/\/i0.wp.com\/noticiasribeiraopreto.com.br\/wp-content\/uploads\/2025\/01\/Copia-de-Copia-de-Copia-de-TAMANHO-EXATO-PARA-FOTOS-NO-SISTEMA-NOVO-2025-01-22T154849.670_2025-01-22_18-48-57_png_2025-01-22_18-48-57.webp.webp?fit=1200%2C675&ssl=1&resize=350%2C200 1x, https:\/\/i0.wp.com\/noticiasribeiraopreto.com.br\/wp-content\/uploads\/2025\/01\/Copia-de-Copia-de-Copia-de-TAMANHO-EXATO-PARA-FOTOS-NO-SISTEMA-NOVO-2025-01-22T154849.670_2025-01-22_18-48-57_png_2025-01-22_18-48-57.webp.webp?fit=1200%2C675&ssl=1&resize=525%2C300 1.5x, https:\/\/i0.wp.com\/noticiasribeiraopreto.com.br\/wp-content\/uploads\/2025\/01\/Copia-de-Copia-de-Copia-de-TAMANHO-EXATO-PARA-FOTOS-NO-SISTEMA-NOVO-2025-01-22T154849.670_2025-01-22_18-48-57_png_2025-01-22_18-48-57.webp.webp?fit=1200%2C675&ssl=1&resize=700%2C400 2x, https:\/\/i0.wp.com\/noticiasribeiraopreto.com.br\/wp-content\/uploads\/2025\/01\/Copia-de-Copia-de-Copia-de-TAMANHO-EXATO-PARA-FOTOS-NO-SISTEMA-NOVO-2025-01-22T154849.670_2025-01-22_18-48-57_png_2025-01-22_18-48-57.webp.webp?fit=1200%2C675&ssl=1&resize=1050%2C600 3x"},"classes":[]},{"id":23752,"url":"https:\/\/noticiasribeiraopreto.com.br\/index.php\/2024\/01\/02\/brasil-tera-novo-feriado-a-partir-deste-ano-meu-valor-digital\/","url_meta":{"origin":19738,"position":4},"title":"Brasil ter\u00e1 novo feriado a partir deste ano &#8211; Meu Valor Digital","author":"noticiasribeiraopreto.com.br","date":"2 de January de 2024","format":false,"excerpt":"Muitos brasileiros podem achar que o pa\u00eds j\u00e1 tem feriado demais! Para desagrado dessa parcela de cidad\u00e3os, em 2024, teremos mais um feriado nacional. Teremos dez feriados nacionais, sendo que apenas tr\u00eas v\u00e3o cair pr\u00f3ximos a um fim de semana, ou seja, na segunda-feira ou na sexta-feira. Essas s\u00e3o aquelas\u2026","rel":"","context":"In &quot;Vagas de Emprego em Ribeir\u00e3o Preto-SP&quot;","block_context":{"text":"Vagas de Emprego em Ribeir\u00e3o Preto-SP","link":"https:\/\/noticiasribeiraopreto.com.br\/index.php\/category\/empregos-classificados-vagas-trabalho\/vagas-de-empregos-em-ribeirao-preto-regiao-brasil\/"},"img":{"alt_text":"","src":"https:\/\/i0.wp.com\/noticiasribeiraopreto.com.br\/wp-content\/uploads\/2024\/01\/4-feriado.jpg?fit=1200%2C800&ssl=1&resize=350%2C200","width":350,"height":200,"srcset":"https:\/\/i0.wp.com\/noticiasribeiraopreto.com.br\/wp-content\/uploads\/2024\/01\/4-feriado.jpg?fit=1200%2C800&ssl=1&resize=350%2C200 1x, https:\/\/i0.wp.com\/noticiasribeiraopreto.com.br\/wp-content\/uploads\/2024\/01\/4-feriado.jpg?fit=1200%2C800&ssl=1&resize=525%2C300 1.5x, https:\/\/i0.wp.com\/noticiasribeiraopreto.com.br\/wp-content\/uploads\/2024\/01\/4-feriado.jpg?fit=1200%2C800&ssl=1&resize=700%2C400 2x, https:\/\/i0.wp.com\/noticiasribeiraopreto.com.br\/wp-content\/uploads\/2024\/01\/4-feriado.jpg?fit=1200%2C800&ssl=1&resize=1050%2C600 3x"},"classes":[]},{"id":21824,"url":"https:\/\/noticiasribeiraopreto.com.br\/index.php\/2023\/12\/28\/veja-a-lista-de-feriados-nacionais-e-pontos-facultativos-em-2024\/","url_meta":{"origin":19738,"position":5},"title":"Veja a lista de feriados nacionais e pontos facultativos em 2024","author":"noticiasribeiraopreto.com.br","date":"28 de December de 2023","format":false,"excerpt":"O governo federal publicou, nesta quinta-feira (28), no Di\u00e1rio Oficial da Uni\u00e3o, os dias de feriados nacionais. Tamb\u00e9m foram estabelecidos os dias de ponto facultativo, para o ano de 2024. De acordo com o Minist\u00e9rio da Gest\u00e3o e da Inova\u00e7\u00e3o em Servi\u00e7os P\u00fablicos, entre as 18 datas comemorativas, oito s\u00e3o\u2026","rel":"","context":"In &quot;Not\u00edcias de Ribeir\u00e3o Preto-SP e Regi\u00e3o&quot;","block_context":{"text":"Not\u00edcias de Ribeir\u00e3o Preto-SP e Regi\u00e3o","link":"https:\/\/noticiasribeiraopreto.com.br\/index.php\/category\/noticias-de-ribeirao-preto-sp-e-regiao-ismael-colosi\/"},"img":{"alt_text":"","src":"https:\/\/i0.wp.com\/noticiasribeiraopreto.com.br\/wp-content\/uploads\/2023\/12\/calendar-gad829f90c_1920.jpg?fit=1200%2C900&ssl=1&resize=350%2C200","width":350,"height":200,"srcset":"https:\/\/i0.wp.com\/noticiasribeiraopreto.com.br\/wp-content\/uploads\/2023\/12\/calendar-gad829f90c_1920.jpg?fit=1200%2C900&ssl=1&resize=350%2C200 1x, https:\/\/i0.wp.com\/noticiasribeiraopreto.com.br\/wp-content\/uploads\/2023\/12\/calendar-gad829f90c_1920.jpg?fit=1200%2C900&ssl=1&resize=525%2C300 1.5x, https:\/\/i0.wp.com\/noticiasribeiraopreto.com.br\/wp-content\/uploads\/2023\/12\/calendar-gad829f90c_1920.jpg?fit=1200%2C900&ssl=1&resize=700%2C400 2x, https:\/\/i0.wp.com\/noticiasribeiraopreto.com.br\/wp-content\/uploads\/2023\/12\/calendar-gad829f90c_1920.jpg?fit=1200%2C900&ssl=1&resize=1050%2C600 3x"},"classes":[]}],"jetpack_sharing_enabled":true,"jetpack_shortlink":"https:\/\/wp.me\/peQAOb-58m","_links":{"self":[{"href":"https:\/\/noticiasribeiraopreto.com.br\/index.php\/wp-json\/wp\/v2\/posts\/19738","targetHints":{"allow":["GET"]}}],"collection":[{"href":"https:\/\/noticiasribeiraopreto.com.br\/index.php\/wp-json\/wp\/v2\/posts"}],"about":[{"href":"https:\/\/noticiasribeiraopreto.com.br\/index.php\/wp-json\/wp\/v2\/types\/post"}],"author":[{"embeddable":true,"href":"https:\/\/noticiasribeiraopreto.com.br\/index.php\/wp-json\/wp\/v2\/users\/1"}],"replies":[{"embeddable":true,"href":"https:\/\/noticiasribeiraopreto.com.br\/index.php\/wp-json\/wp\/v2\/comments?post=19738"}],"version-history":[{"count":0,"href":"https:\/\/noticiasribeiraopreto.com.br\/index.php\/wp-json\/wp\/v2\/posts\/19738\/revisions"}],"wp:featuredmedia":[{"embeddable":true,"href":"https:\/\/noticiasribeiraopreto.com.br\/index.php\/wp-json\/wp\/v2\/media\/19739"}],"wp:attachment":[{"href":"https:\/\/noticiasribeiraopreto.com.br\/index.php\/wp-json\/wp\/v2\/media?parent=19738"}],"wp:term":[{"taxonomy":"category","embeddable":true,"href":"https:\/\/noticiasribeiraopreto.com.br\/index.php\/wp-json\/wp\/v2\/categories?post=19738"},{"taxonomy":"post_tag","embeddable":true,"href":"https:\/\/noticiasribeiraopreto.com.br\/index.php\/wp-json\/wp\/v2\/tags?post=19738"}],"curies":[{"name":"wp","href":"https:\/\/api.w.org\/{rel}","templated":true}]}}