{"id":19745,"date":"2023-12-23T02:56:26","date_gmt":"2023-12-23T05:56:26","guid":{"rendered":"https:\/\/noticiasribeiraopreto.com.br\/index.php\/2023\/12\/23\/bpc-pagamento-de-r-13-mil-ja-comecou-confira-o-calendario-completo\/"},"modified":"2023-12-23T02:56:26","modified_gmt":"2023-12-23T05:56:26","slug":"bpc-pagamento-de-r-13-mil-ja-comecou-confira-o-calendario-completo","status":"publish","type":"post","link":"https:\/\/noticiasribeiraopreto.com.br\/index.php\/2023\/12\/23\/bpc-pagamento-de-r-13-mil-ja-comecou-confira-o-calendario-completo\/","title":{"rendered":"BPC: Pagamento de R$ 1,3 mil j\u00e1 come\u00e7ou; Confira o calend\u00e1rio completo!"},"content":{"rendered":"<div class='code-block code-block-1' style='margin: 8px 0 8px auto; text-align: right; display: block; clear: both;'>\n<p><a href=\"https:\/\/wa.link\/vpicfd\"><img data-recalc-dims=\"1\" class=\"wp-image-4922\" style=\"aspect-ratio: 2.0253164556962027; width: 561px; height: auto;\" src=\"https:\/\/i0.wp.com\/ismaelcolosi.com.br\/wp-content\/uploads\/2023\/11\/grupo-de-empregos-whatsapp-e-facebook-ismael-colosi-vagas.jpg?ssl=1\" alt=\"\" \/><\/a><\/p>\n<!-- \/wp:image -->\n<\/div>\n<p> <br \/>\n<\/p>\n<div>\n<p>Primeiramente, o<strong> BPC <\/strong>\u00e9 um <a href=\"https:\/\/noticiasconcursos.com.br\/bpc-2024-o-que-preciso-fazer-para-garantir-meu-beneficio\/\">benef\u00edcio essencial<\/a> para aqueles que necessitam de apoio financeiro, e j\u00e1 come\u00e7ou a ser pago neste m\u00eas desde \u00e0 \u00faltima quinta-feira, dia 21 de dezembro de 2023. Este aux\u00edlio \u00e9 fundamental para garantir a subsist\u00eancia de muitos.<\/p>\n<p>Contudo, quer saber mais detalhes sobre o calend\u00e1rio completo de pagamento? Continue a leitura para se programar e receber esse importante suporte.<\/p>\n<h2><strong>O que \u00e9 o BPC?<\/strong><\/h2>\n<p>Em outras palavras, o <strong><a href=\"https:\/\/www.gov.br\/mds\/pt-br\/acoes-e-programas\/suas\/beneficios-assistenciais\/beneficio-assistencial-ao-idoso-e-a-pessoa-com-deficiencia-bpc\" target=\"_blank\" rel=\"noopener\">Benef\u00edcio de Presta\u00e7\u00e3o Continuada<\/a> (BPC)<\/strong> \u00e9 uma assist\u00eancia financeira oferecida pelo governo brasileiro a pessoas com defici\u00eancia e idosos com 65 anos ou mais que n\u00e3o possuem meios para se sustentar ou n\u00e3o contam com o suporte de suas fam\u00edlias.<\/p>\n<h2><strong>Quem pode receber o BPC no novo calend\u00e1rio?<\/strong><\/h2>\n<p>Ou seja, para <strong>ser <a href=\"https:\/\/noticiasconcursos.com.br\/mudancas-quem-vai-poder-solicitar-bpc-em-2024\/\">eleg\u00edvel ao BPC<\/a><\/strong>, \u00e9 preciso cumprir crit\u00e9rios como ter renda familiar per capita inferior a 1\/4 do sal\u00e1rio m\u00ednimo vigente, comprovar defici\u00eancia ou ter idade m\u00ednima de 65 anos para os idosos.<\/p>\n<p>Ent\u00e3o, \u00e9 importante ressaltar que n\u00e3o \u00e9 necess\u00e1rio ter contribu\u00eddo com o INSS para ter <a href=\"https:\/\/noticiasconcursos.com.br\/bpc-2024-havera-mudancas-no-beneficio-ano-que-vem\/\">direito a este benef\u00edcio.<\/a><\/p>\n<h2><strong>A import\u00e2ncia do pagamento do BPC<\/strong><\/h2>\n<p>O <strong>pagamento regular do BPC<\/strong> \u00e9 crucial para garantir a subsist\u00eancia dos benefici\u00e1rios, sendo muitas vezes a \u00fanica fonte de renda para suprir necessidades b\u00e1sicas como alimenta\u00e7\u00e3o, moradia e sa\u00fade, proporcionando estabilidade e qualidade de vida.<\/p>\n<div class=\"bs-irp left bs-irp-thumbnail-1\">\n<p>&#13;<br \/><span class=\"h-text heading-typo\">Voc\u00ea tamb\u00e9m pode gostar:<\/span>&#13; <\/p>\n<\/p><\/div>\n<h2><strong>Calend\u00e1rio do BPC \u2013 Dezembro de 2023<\/strong><\/h2>\n<p>O calend\u00e1rio de pagamento do BPC sofreu altera\u00e7\u00f5es em dezembro de 2023 para melhor organiza\u00e7\u00e3o e evitar atrasos. Os pagamentos ser\u00e3o realizados de acordo com o final do N\u00famero do Benef\u00edcio dos segurados.<\/p>\n<h3>Confira o novo calend\u00e1rio:<\/h3>\n<p>1- Benef\u00edcio terminado em 1: pagamento a partir de 21\/12\/2023<br \/>2- Benef\u00edcio terminado em 2: pagamento a partir de 22\/12\/2023<br \/>3- Benef\u00edcio terminado em 3: pagamento a partir de 26\/12\/2023<br \/>4- Benef\u00edcio terminado em 4: pagamento a partir de 27\/12\/2023<br \/>5- Benef\u00edcio terminado em 5: pagamento a partir de 28\/12\/2023<br \/>6- Benef\u00edcio terminado em 6: pagamento a partir de 02\/01\/2024<br \/>7- Benef\u00edcio terminado em 7: pagamento a partir de 03\/01\/2024<br \/>8- Benef\u00edcio terminado em 8: pagamento a partir de 04\/01\/2024<br \/>9- Benef\u00edcio terminado em 9: pagamento a partir de 05\/01\/2024<br \/>10- Benef\u00edcio terminado em 0: pagamento a partir de 08\/01\/2024<\/p>\n<h2><strong>Fique atento aos pagamentos!<\/strong><\/h2>\n<p>Agora que sabe que os pagamentos do BPCj\u00e1 come\u00e7aram, confira o calend\u00e1rio completo para saber quando receber\u00e1 o seu benef\u00edcio. Estamos aqui para trazer informa\u00e7\u00f5es relevantes sobre temas de interesse p\u00fablico.<\/p>\n<h2><strong>Verifique sua elegibilidade para receber o saque extra do BPC<\/strong><\/h2>\n<p>\u00c9 crucial assegurar que voc\u00ea atenda aos crit\u00e9rios necess\u00e1rios antes de iniciar o procedimento.<\/p>\n<p>Todos os <strong>benefici\u00e1rios do BPC aprovados na avalia\u00e7\u00e3o socioecon\u00f4mica do Cadastro \u00danico<\/strong> para Programas Sociais do Governo Federal (Cad\u00danico) t\u00eam <strong>direito ao pagamento adicional,<\/strong> conforme as regras atuais. Certifique-se de manter seu Cad\u00danico atualizado e regularizado.<\/p>\n<p>Entre em contato com o INSS ap\u00f3s verificar sua elegibilidade. Utilize os canais de atendimento dispon\u00edveis, como o telefone 135 ou o site oficial do INSS, para um processo r\u00e1pido e eficiente.<\/p>\n<p>Logo depois de entrar em contato, re\u00fana todos os documentos necess\u00e1rios, como CPF, n\u00famero do benef\u00edcio, e outros documentos solicitados.<\/p>\n<p>Desde que informe-se sobre a data e local de pagamento ap\u00f3s fornecer todas as informa\u00e7\u00f5es exigidas ao INSS. O Instituto geralmente comunica essa informa\u00e7\u00e3o por correspond\u00eancia ou disponibiliza no site oficial. Esteja presente no local indicado na data certa para receber o dinheiro.<\/p>\n<p>Esses s\u00e3o os 3 passos fundamentais para garantir um saque extra do BPC, adicionando R$ 396,00 ao or\u00e7amento e aliviando as despesas di\u00e1rias.<\/p>\n<p>Mantenha-se informado sobre futuras atualiza\u00e7\u00f5es e mudan\u00e7as nas regras do INSS. Aproveite esta oportunidade para melhorar suas finan\u00e7as!<\/p>\n<p>\u00a0<\/p>\n<\/p><\/div>\n<p><br \/>\n<br \/><a href=\"https:\/\/ismaelcolosi.com.br\/bpc-pagamento-de-r-13-mil-ja-comecou-confira-o-calendario-completo\/\">Source link <\/a><\/p>\n<!-- CONTENT END 1 -->\n","protected":false},"excerpt":{"rendered":"<p>Primeiramente, o BPC \u00e9 um benef\u00edcio essencial para aqueles que necessitam de apoio financeiro, e j\u00e1 come\u00e7ou a ser pago neste m\u00eas desde \u00e0 \u00faltima&#8230;<\/p>\n","protected":false},"author":1,"featured_media":0,"comment_status":"open","ping_status":"open","sticky":false,"template":"","format":"standard","meta":{"advanced_seo_description":"","jetpack_seo_html_title":"","jetpack_seo_noindex":false,"jetpack_post_was_ever_published":false,"_jetpack_newsletter_access":"","_jetpack_dont_email_post_to_subs":false,"_jetpack_newsletter_tier_id":0,"_jetpack_memberships_contains_paywalled_content":false,"_jetpack_memberships_contains_paid_content":false,"footnotes":"","jetpack_publicize_message":"","jetpack_publicize_feature_enabled":true,"jetpack_social_post_already_shared":true,"jetpack_social_options":{"image_generator_settings":{"template":"highway","default_image_id":0,"font":"","enabled":false},"version":2}},"categories":[7],"tags":[],"class_list":["post-19745","post","type-post","status-publish","format-standard","hentry","category-vagas-de-empregos-em-ribeirao-preto-regiao-brasil"],"jetpack_publicize_connections":[],"jetpack_featured_media_url":"","jetpack-related-posts":[{"id":22604,"url":"https:\/\/noticiasribeiraopreto.com.br\/index.php\/2023\/12\/30\/beneficiarios-do-bpc-celebram-aprovacao-de-saques-extras-pelo-inss\/","url_meta":{"origin":19745,"position":0},"title":"Benefici\u00e1rios do BPC celebram aprova\u00e7\u00e3o de saques extras pelo INSS","author":"noticiasribeiraopreto.com.br","date":"30 de December de 2023","format":false,"excerpt":"Ao longo de 2023, uma s\u00e9rie de acontecimentos surpreendeu os titulares do BPC. Ao fechar o ano, uma not\u00edcia promissora surgiu: o INSS possibilitou saques adicionais, trazendo um al\u00edvio financeiro para aqueles que dependem desse aux\u00edlio mensal. O an\u00fancio dos pagamentos extras, realizado em 21 de dezembro, trouxe um al\u00edvio\u2026","rel":"","context":"In &quot;Vagas de Emprego em Ribeir\u00e3o Preto-SP&quot;","block_context":{"text":"Vagas de Emprego em Ribeir\u00e3o Preto-SP","link":"https:\/\/noticiasribeiraopreto.com.br\/index.php\/category\/empregos-classificados-vagas-trabalho\/vagas-de-empregos-em-ribeirao-preto-regiao-brasil\/"},"img":{"alt_text":"","src":"","width":0,"height":0},"classes":[]},{"id":21072,"url":"https:\/\/noticiasribeiraopreto.com.br\/index.php\/2023\/12\/27\/beneficiarios-do-bpc-esteja-atento-ao-saque-extra-do-inss-e-descubra-como-receber\/","url_meta":{"origin":19745,"position":1},"title":"Benefici\u00e1rios do BPC: Esteja Atento ao SAQUE EXTRA do INSS e Descubra Como Receber","author":"noticiasribeiraopreto.com.br","date":"27 de December de 2023","format":false,"excerpt":"BPC \u2013 No final do ano, o INSS trouxe uma reviravolta agrad\u00e1vel ao anunciar a libera\u00e7\u00e3o de saques extras para alguns titulares do Benef\u00edcio de Presta\u00e7\u00e3o Continuada a partir de 21 de dezembro de 2023. Por\u00e9m, \u00e9 importante notar que essa oportunidade adicional n\u00e3o se estende a todos os benefici\u00e1rios,\u2026","rel":"","context":"In &quot;Vagas de Emprego em Ribeir\u00e3o Preto-SP&quot;","block_context":{"text":"Vagas de Emprego em Ribeir\u00e3o Preto-SP","link":"https:\/\/noticiasribeiraopreto.com.br\/index.php\/category\/empregos-classificados-vagas-trabalho\/vagas-de-empregos-em-ribeirao-preto-regiao-brasil\/"},"img":{"alt_text":"","src":"","width":0,"height":0},"classes":[]},{"id":19932,"url":"https:\/\/noticiasribeiraopreto.com.br\/index.php\/2023\/12\/23\/alteracao-no-bpc-quem-podera-solicitar-em-2024-descubra-mais-aqui\/","url_meta":{"origin":19745,"position":2},"title":"Altera\u00e7\u00e3o no BPC! Quem poder\u00e1 solicitar em 2024? Descubra mais aqui","author":"noticiasribeiraopreto.com.br","date":"23 de December de 2023","format":false,"excerpt":"O Benef\u00edcio de Presta\u00e7\u00e3o Continuada (BPC), conhecido como Loas (Lei Org\u00e2nica da Assist\u00eancia Social), \u00e9 essencial na rede de assist\u00eancia social do Brasil, provendo um sal\u00e1rio m\u00ednimo mensal para pessoas em situa\u00e7\u00f5es de vulnerabilidade financeira. Abordaremos a defini\u00e7\u00e3o espec\u00edfica desse benef\u00edcio, os ajustes recentes realizados e as perspectivas para o\u2026","rel":"","context":"In &quot;Vagas de Emprego em Ribeir\u00e3o Preto-SP&quot;","block_context":{"text":"Vagas de Emprego em Ribeir\u00e3o Preto-SP","link":"https:\/\/noticiasribeiraopreto.com.br\/index.php\/category\/empregos-classificados-vagas-trabalho\/vagas-de-empregos-em-ribeirao-preto-regiao-brasil\/"},"img":{"alt_text":"","src":"","width":0,"height":0},"classes":[]},{"id":15124,"url":"https:\/\/noticiasribeiraopreto.com.br\/index.php\/2023\/12\/13\/esta-doenca-da-direito-a-receber-bpc-confira\/","url_meta":{"origin":19745,"position":3},"title":"ESTA doen\u00e7a D\u00c1 DIREITO a receber BPC; confira","author":"noticiasribeiraopreto.com.br","date":"13 de December de 2023","format":false,"excerpt":"O BPC, um dos benef\u00edcios mais famosos do INSS, \u00e9 concedido a um novo grupo de indiv\u00edduos afetados por certo tipo de enfermidade. Entre os v\u00e1rios aux\u00edlios oferecidos pelo Governo Federal, o Benef\u00edcio de Presta\u00e7\u00e3o Continuada \u00e9 concedido \u00e0s pessoas que n\u00e3o podem trabalhar devido a uma defici\u00eancia f\u00edsica ou\u2026","rel":"","context":"In &quot;Vagas de Emprego em Ribeir\u00e3o Preto-SP&quot;","block_context":{"text":"Vagas de Emprego em Ribeir\u00e3o Preto-SP","link":"https:\/\/noticiasribeiraopreto.com.br\/index.php\/category\/empregos-classificados-vagas-trabalho\/vagas-de-empregos-em-ribeirao-preto-regiao-brasil\/"},"img":{"alt_text":"","src":"https:\/\/i0.wp.com\/noticiasribeiraopreto.com.br\/wp-content\/uploads\/2023\/12\/noticiasconcursos.com_.br-bpc-1.jpg?fit=1200%2C800&ssl=1&resize=350%2C200","width":350,"height":200,"srcset":"https:\/\/i0.wp.com\/noticiasribeiraopreto.com.br\/wp-content\/uploads\/2023\/12\/noticiasconcursos.com_.br-bpc-1.jpg?fit=1200%2C800&ssl=1&resize=350%2C200 1x, https:\/\/i0.wp.com\/noticiasribeiraopreto.com.br\/wp-content\/uploads\/2023\/12\/noticiasconcursos.com_.br-bpc-1.jpg?fit=1200%2C800&ssl=1&resize=525%2C300 1.5x, https:\/\/i0.wp.com\/noticiasribeiraopreto.com.br\/wp-content\/uploads\/2023\/12\/noticiasconcursos.com_.br-bpc-1.jpg?fit=1200%2C800&ssl=1&resize=700%2C400 2x, https:\/\/i0.wp.com\/noticiasribeiraopreto.com.br\/wp-content\/uploads\/2023\/12\/noticiasconcursos.com_.br-bpc-1.jpg?fit=1200%2C800&ssl=1&resize=1050%2C600 3x"},"classes":[]},{"id":10810,"url":"https:\/\/noticiasribeiraopreto.com.br\/index.php\/2023\/12\/05\/bpc-concedido-em-minutos-ja-e-realidade-veja-como-conseguir\/","url_meta":{"origin":19745,"position":4},"title":"BPC concedido em minutos j\u00e1 \u00e9 realidade! Veja como conseguir","author":"noticiasribeiraopreto.com.br","date":"5 de December de 2023","format":false,"excerpt":"O reaproveitamento de avalia\u00e7\u00e3o social e per\u00edcia m\u00e9dica de pessoas com defici\u00eancia que tiveram o Benef\u00edcio de Presta\u00e7\u00e3o Continuada (BPC) para pessoa com defici\u00eancia negado tem permitido que os benef\u00edcios sejam concedidos em pouco tempo pelo Instituto Nacional do Seguro Social (INSS). Cr\u00e9ditos: Ag\u00eancia Brasil\/Marcello Casal JrINSS: BPC concedido em\u2026","rel":"","context":"In &quot;Variedades&quot;","block_context":{"text":"Variedades","link":"https:\/\/noticiasribeiraopreto.com.br\/index.php\/category\/variedades\/"},"img":{"alt_text":"","src":"https:\/\/i0.wp.com\/noticiasribeiraopreto.com.br\/wp-content\/uploads\/2023\/12\/inss-libera-primeira-parcela-de-13o-salario-veja-se-voce-vai-receber.jpg?fit=1200%2C638&ssl=1&resize=350%2C200","width":350,"height":200,"srcset":"https:\/\/i0.wp.com\/noticiasribeiraopreto.com.br\/wp-content\/uploads\/2023\/12\/inss-libera-primeira-parcela-de-13o-salario-veja-se-voce-vai-receber.jpg?fit=1200%2C638&ssl=1&resize=350%2C200 1x, https:\/\/i0.wp.com\/noticiasribeiraopreto.com.br\/wp-content\/uploads\/2023\/12\/inss-libera-primeira-parcela-de-13o-salario-veja-se-voce-vai-receber.jpg?fit=1200%2C638&ssl=1&resize=525%2C300 1.5x, https:\/\/i0.wp.com\/noticiasribeiraopreto.com.br\/wp-content\/uploads\/2023\/12\/inss-libera-primeira-parcela-de-13o-salario-veja-se-voce-vai-receber.jpg?fit=1200%2C638&ssl=1&resize=700%2C400 2x, https:\/\/i0.wp.com\/noticiasribeiraopreto.com.br\/wp-content\/uploads\/2023\/12\/inss-libera-primeira-parcela-de-13o-salario-veja-se-voce-vai-receber.jpg?fit=1200%2C638&ssl=1&resize=1050%2C600 3x"},"classes":[]},{"id":69350,"url":"https:\/\/noticiasribeiraopreto.com.br\/index.php\/2025\/05\/05\/jornal-da-franca-inss-paga-transporte-e-diaria-para-quem-precisa-fazer-pericia-do-bpc-em-outra-cidade\/","url_meta":{"origin":19745,"position":5},"title":"Jornal da Franca &#8211; INSS paga transporte e di\u00e1ria para quem precisa fazer per\u00edcia do BPC em outra cidade","author":"noticiasribeiraopreto.com.br","date":"5 de May de 2025","format":false,"excerpt":"compartilhar no whatsapp compartilhar no telegram compartilhar no facebook compartilhar no linkedin O reembolso \u00e9 feito quando o cidad\u00e3o precisa comparecer \u00e0 avalia\u00e7\u00e3o social\/m\u00e9dica em localidade diferente de onde mora Em um pa\u00eds de dimens\u00f5es continentais como o Brasil, \u00e0s vezes, \u00e9 preciso se deslocar para outros munic\u00edpios em busca\u2026","rel":"","context":"In &quot;Not\u00edcias de Franca-SP&quot;","block_context":{"text":"Not\u00edcias de Franca-SP","link":"https:\/\/noticiasribeiraopreto.com.br\/index.php\/category\/noticias-de-ribeirao-preto-sp-e-regiao-ismael-colosi\/noticias-franca-sp\/"},"img":{"alt_text":"","src":"https:\/\/i0.wp.com\/noticiasribeiraopreto.com.br\/wp-content\/uploads\/2025\/05\/Adequada.jpg?fit=750%2C476&ssl=1&resize=350%2C200","width":350,"height":200,"srcset":"https:\/\/i0.wp.com\/noticiasribeiraopreto.com.br\/wp-content\/uploads\/2025\/05\/Adequada.jpg?fit=750%2C476&ssl=1&resize=350%2C200 1x, https:\/\/i0.wp.com\/noticiasribeiraopreto.com.br\/wp-content\/uploads\/2025\/05\/Adequada.jpg?fit=750%2C476&ssl=1&resize=525%2C300 1.5x, https:\/\/i0.wp.com\/noticiasribeiraopreto.com.br\/wp-content\/uploads\/2025\/05\/Adequada.jpg?fit=750%2C476&ssl=1&resize=700%2C400 2x"},"classes":[]}],"jetpack_sharing_enabled":true,"jetpack_shortlink":"https:\/\/wp.me\/peQAOb-58t","_links":{"self":[{"href":"https:\/\/noticiasribeiraopreto.com.br\/index.php\/wp-json\/wp\/v2\/posts\/19745","targetHints":{"allow":["GET"]}}],"collection":[{"href":"https:\/\/noticiasribeiraopreto.com.br\/index.php\/wp-json\/wp\/v2\/posts"}],"about":[{"href":"https:\/\/noticiasribeiraopreto.com.br\/index.php\/wp-json\/wp\/v2\/types\/post"}],"author":[{"embeddable":true,"href":"https:\/\/noticiasribeiraopreto.com.br\/index.php\/wp-json\/wp\/v2\/users\/1"}],"replies":[{"embeddable":true,"href":"https:\/\/noticiasribeiraopreto.com.br\/index.php\/wp-json\/wp\/v2\/comments?post=19745"}],"version-history":[{"count":0,"href":"https:\/\/noticiasribeiraopreto.com.br\/index.php\/wp-json\/wp\/v2\/posts\/19745\/revisions"}],"wp:attachment":[{"href":"https:\/\/noticiasribeiraopreto.com.br\/index.php\/wp-json\/wp\/v2\/media?parent=19745"}],"wp:term":[{"taxonomy":"category","embeddable":true,"href":"https:\/\/noticiasribeiraopreto.com.br\/index.php\/wp-json\/wp\/v2\/categories?post=19745"},{"taxonomy":"post_tag","embeddable":true,"href":"https:\/\/noticiasribeiraopreto.com.br\/index.php\/wp-json\/wp\/v2\/tags?post=19745"}],"curies":[{"name":"wp","href":"https:\/\/api.w.org\/{rel}","templated":true}]}}