{"id":19748,"date":"2023-12-23T03:35:37","date_gmt":"2023-12-23T06:35:37","guid":{"rendered":"https:\/\/noticiasribeiraopreto.com.br\/index.php\/2023\/12\/23\/camara-anuncia-concurso-com-salarios-de-ate-r-104-mil-para-fundamental-medio-e-superior\/"},"modified":"2023-12-23T03:35:37","modified_gmt":"2023-12-23T06:35:37","slug":"camara-anuncia-concurso-com-salarios-de-ate-r-104-mil-para-fundamental-medio-e-superior","status":"publish","type":"post","link":"https:\/\/noticiasribeiraopreto.com.br\/index.php\/2023\/12\/23\/camara-anuncia-concurso-com-salarios-de-ate-r-104-mil-para-fundamental-medio-e-superior\/","title":{"rendered":"C\u00e2mara anuncia CONCURSO com sal\u00e1rios de at\u00e9 R$ 10,4 MIL para fundamental, m\u00e9dio e superior"},"content":{"rendered":"<div class='code-block code-block-1' style='margin: 8px 0 8px auto; text-align: right; display: block; clear: both;'>\n<p><a href=\"https:\/\/wa.link\/vpicfd\"><img data-recalc-dims=\"1\" class=\"wp-image-4922\" style=\"aspect-ratio: 2.0253164556962027; width: 561px; height: auto;\" src=\"https:\/\/i0.wp.com\/ismaelcolosi.com.br\/wp-content\/uploads\/2023\/11\/grupo-de-empregos-whatsapp-e-facebook-ismael-colosi-vagas.jpg?ssl=1\" alt=\"\" \/><\/a><\/p>\n<!-- \/wp:image -->\n<\/div>\n<p> <br \/>\n<\/p>\n<div>\n<h2><strong>Concurso ser\u00e1 para sete cargos<\/strong><\/h2>\n<p>Com oportunidades e \u00f3timos sal\u00e1rios, este concurso da C\u00e2mara \u00e9 uma excelente chance para mudar de vida. Vale lembrar que o certame ser\u00e1 para fundamental, m\u00e9dio e t\u00e9cnico.<\/p>\n<p>Veja maiores detalhes.<\/p>\n<h2><strong>Oportunidades no Concurso\u00a0<\/strong><\/h2>\n<p>Recentemente, foi divulgado o t\u00e3o esperado edital para o<a href=\"https:\/\/noticiasconcursos.com.br\/concursos-publicos\/concursos-abertos\/\"> concurso<\/a> da C\u00e2mara de Atibaia, situada no interior paulista. Este processo seletivo representa uma chance \u00fanica para diversos profissionais ingressarem no servi\u00e7o p\u00fablico, disponibilizando 15 vagas imediatas, das quais duas s\u00e3o reservadas para afrodescendentes, al\u00e9m da forma\u00e7\u00e3o de cadastro reserva (CR). \u00c9 importante ressaltar que os contratados ter\u00e3o seu v\u00ednculo regido pelas normas da Consolida\u00e7\u00e3o das Leis do Trabalho \u2013 CLT.<\/p>\n<h2><strong>Diversidade e Requisitos Espec\u00edficos do concurso<\/strong><\/h2>\n<p>O certame contempla uma gama de oportunidades, cada uma com requisitos espec\u00edficos. Para o cargo de <em>Motorista (2 vagas + CR)<\/em>, os candidatos devem apresentar certificado de conclus\u00e3o do ensino fundamental e possuir carteira nacional de habilita\u00e7\u00e3o na categoria \u201cB\u201d ou superior. O sal\u00e1rio inicial para esta posi\u00e7\u00e3o \u00e9 atrativo, alcan\u00e7ando R$ 3.143,46.<\/p>\n<p>A posi\u00e7\u00e3o de <em>Assistente de Apoio Administrativo (3 + CR)<\/em> exige ensino m\u00e9dio completo, proporcionando um vencimento de R$ 2.251,06. Por outro lado, carreiras que demandam forma\u00e7\u00e3o superior incluem <em>Analista de Tecnologia da Informa\u00e7\u00e3o (1 + CR)<\/em>, <em>Analista em Gest\u00e3o P\u00fablica (5 + CR)<\/em>, <em>Controlador Interno (1 + CR)<\/em>, <em>Procurador 20h (2 + CR)<\/em> e <em>Procurador 40h (1 + CR)<\/em>, com remunera\u00e7\u00f5es variando entre R$ 3.349,55 e R$ 10.459,56.<\/p>\n<h2><strong>Benef\u00edcios Oferecidos para concurso<\/strong><\/h2>\n<div class=\"bs-irp left bs-irp-thumbnail-1\">\n<p>&#13;<br \/><span class=\"h-text heading-typo\">Voc\u00ea tamb\u00e9m pode gostar:<\/span>&#13; <\/p>\n<\/p><\/div>\n<p>Al\u00e9m dos sal\u00e1rios competitivos, a C\u00e2mara Municipal da Est\u00e2ncia de Atibaia concede benef\u00edcios atrativos aos seus servidores. Dentre eles, destacam-se o aux\u00edlio-alimenta\u00e7\u00e3o no valor de R$ 1.129,57, o aux\u00edlio-refei\u00e7\u00e3o de R$ 43,94 por dia \u00fatil (exceto para cargos com jornada de trabalho semanal de 20h), plano de sa\u00fade e vale-transporte. Saiba mais sobre o concurso.<\/p>\n<h2><strong>Etapas do concurso<\/strong><\/h2>\n<p>O <a href=\"https:\/\/noticiasconcursos.com.br\/concursos-publicos\/concursos-previstos\/\">processo seletivo<\/a> ser\u00e1 composto por diferentes etapas, exigindo dos candidatos habilidades diversas. Todos os concorrentes passar\u00e3o pela prova objetiva, de car\u00e1ter eliminat\u00f3rio e classificat\u00f3rio. No caso dos procuradores, h\u00e1 a inclus\u00e3o da prova pr\u00e1tico-profissional, enquanto os motoristas enfrentar\u00e3o a prova pr\u00e1tica de dire\u00e7\u00e3o veicular.<\/p>\n<p>As datas cruciais para os participantes s\u00e3o as previstas para as provas objetiva e pr\u00e1tico-profissional, marcadas para o dia 3 de mar\u00e7o de 2024. Os locais e hor\u00e1rios ser\u00e3o devidamente comunicados por meio do edital de convoca\u00e7\u00e3o, a ser publicado no momento oportuno.<\/p>\n<h2><strong>Como se inscrever<\/strong><\/h2>\n<p>Os interessados poder\u00e3o se inscrever entre os dias 2 de janeiro e 6 de fevereiro de 2024, exclusivamente pela internet, atrav\u00e9s do site do Instituto Mais (<a href=\"https:\/\/www.institutomais.org.br\/Concursos\/Detalhe\/527\" target=\"_blank\" rel=\"noopener\">www.institutomais.org.br<\/a>).<\/p>\n<p>As taxas dependem da escolaridade, veja:<\/p>\n<ul>\n<li>R$ 57 para ensino fundamental;<\/li>\n<li>R$ 69 para n\u00edvel m\u00e9dio; e<\/li>\n<li>R$ 82 para forma\u00e7\u00e3o superior.<\/li>\n<\/ul>\n<figure id=\"attachment_781864\" aria-describedby=\"caption-attachment-781864\" style=\"width: 1200px\" class=\"wp-caption aligncenter\"><img data-recalc-dims=\"1\" fetchpriority=\"high\" decoding=\"async\" class=\"wp-image-781864 size-full\" http=\"\" alt=\"C\u00e2mara anuncia CONCURSO com sal\u00e1rios de at\u00e9 R$ 10,4 MIL para fundamental, m\u00e9dio e superior\" width=\"1200\" height=\"800\" srcset=\"https:\/\/noticiasconcursos.com.br\/wp-content\/uploads\/2023\/12\/noticiasconcursos.com.br-camara-anuncia-concurso-com-salarios-de-ate-r-104-mil-para-fundamental-medio-e-superior-pexels-cottonbro-studio-4778621-1-1.jpg 1200w, https:\/\/noticiasconcursos.com.br\/wp-content\/uploads\/2023\/12\/noticiasconcursos.com.br-camara-anuncia-concurso-com-salarios-de-ate-r-104-mil-para-fundamental-medio-e-superior-pexels-cottonbro-studio-4778621-1-1-300x200.jpg 300w, https:\/\/noticiasconcursos.com.br\/wp-content\/uploads\/2023\/12\/noticiasconcursos.com.br-camara-anuncia-concurso-com-salarios-de-ate-r-104-mil-para-fundamental-medio-e-superior-pexels-cottonbro-studio-4778621-1-1-768x512.jpg 768w\" data-lazy-sizes=\"(max-width: 1200px) 100vw, 1200px\" src=\"https:\/\/i0.wp.com\/noticiasconcursos.com.br\/wp-content\/uploads\/2023\/12\/noticiasconcursos.com.br-camara-anuncia-concurso-com-salarios-de-ate-r-104-mil-para-fundamental-medio-e-superior-pexels-cottonbro-studio-4778621-1-1.jpg?resize=1200%2C800&#038;ssl=1\"\/><noscript><img data-recalc-dims=\"1\" fetchpriority=\"high\" decoding=\"async\" class=\"wp-image-781864 size-full\" src=\"https:\/\/i0.wp.com\/noticiasconcursos.com.br\/wp-content\/uploads\/2023\/12\/noticiasconcursos.com.br-camara-anuncia-concurso-com-salarios-de-ate-r-104-mil-para-fundamental-medio-e-superior-pexels-cottonbro-studio-4778621-1-1.jpg?resize=1200%2C800&#038;ssl=1\" alt=\"C\u00e2mara anuncia CONCURSO com sal\u00e1rios de at\u00e9 R$ 10,4 MIL para fundamental, m\u00e9dio e superior\" width=\"1200\" height=\"800\" srcset=\"https:\/\/noticiasconcursos.com.br\/wp-content\/uploads\/2023\/12\/noticiasconcursos.com.br-camara-anuncia-concurso-com-salarios-de-ate-r-104-mil-para-fundamental-medio-e-superior-pexels-cottonbro-studio-4778621-1-1.jpg 1200w, https:\/\/noticiasconcursos.com.br\/wp-content\/uploads\/2023\/12\/noticiasconcursos.com.br-camara-anuncia-concurso-com-salarios-de-ate-r-104-mil-para-fundamental-medio-e-superior-pexels-cottonbro-studio-4778621-1-1-300x200.jpg 300w, https:\/\/noticiasconcursos.com.br\/wp-content\/uploads\/2023\/12\/noticiasconcursos.com.br-camara-anuncia-concurso-com-salarios-de-ate-r-104-mil-para-fundamental-medio-e-superior-pexels-cottonbro-studio-4778621-1-1-768x512.jpg 768w\" sizes=\"(max-width: 1200px) 100vw, 1200px\"\/><\/noscript><figcaption id=\"caption-attachment-781864\" class=\"wp-caption-text\">C\u00e2mara anuncia CONCURSO com sal\u00e1rios de at\u00e9 R$ 10,4 MIL para fundamental, m\u00e9dio e superior. Imagem: Reprodu\u00e7\u00e3o<\/figcaption><\/figure>\n<h2><strong>Prepara\u00e7\u00e3o\u00a0<\/strong><\/h2>\n<p>Preparar-se para o<a href=\"https:\/\/noticiasconcursos.com.br\/concursos-publicos\/concurso-federal\/\"> concurso<\/a> da C\u00e2mara de Atibaia demanda uma abordagem estrat\u00e9gica e bem planejada. Com diversas oportunidades em jogo, \u00e9 crucial adotar pr\u00e1ticas que otimizem seu estudo.<\/p>\n<p>Aqui est\u00e3o algumas dicas para guiar sua prepara\u00e7\u00e3o de forma eficaz:<\/p>\n<p><strong>Entenda Detalhes do Edital:<\/strong><\/p>\n<ul>\n<li>Fa\u00e7a uma an\u00e1lise minuciosa do edital, compreendendo os requisitos espec\u00edficos para cada cargo, o formato das provas, crit\u00e9rios de avalia\u00e7\u00e3o e outras informa\u00e7\u00f5es relevantes.<\/li>\n<\/ul>\n<p><strong>Elabore um Cronograma de Estudos:<\/strong><\/p>\n<ul>\n<li>Estabele\u00e7a um cronograma realista, distribuindo seu tempo de estudo de maneira equilibrada entre as disciplinas. Considere suas \u00e1reas de maior e menor familiaridade, priorizando aquelas que demandam mais aten\u00e7\u00e3o.<\/li>\n<\/ul>\n<p><strong>Utilize Materiais Adequados:<\/strong><\/p>\n<ul>\n<li>Opte por materiais atualizados e espec\u00edficos para o concurso, como livros, videoaulas e, se poss\u00edvel, provas anteriores. Recorra a plataformas online especializadas e sites confi\u00e1veis.<\/li>\n<\/ul>\n<p><strong>Simule Provas Regularmente:<\/strong><\/p>\n<ul>\n<li>Realize simulados frequentes para se acostumar com o estilo das quest\u00f5es e aprimorar sua gest\u00e3o de tempo. Essa pr\u00e1tica tamb\u00e9m ajuda a identificar \u00e1reas que necessitam de mais dedica\u00e7\u00e3o.<\/li>\n<\/ul>\n<p><strong>Concentre-se nos Pontos-Chave:<\/strong><\/p>\n<ul>\n<li>D\u00ea \u00eanfase aos temas mais recorrentes e essenciais para o cargo desejado. Dedique tempo extra aos conte\u00fados que t\u00eam maior peso na pontua\u00e7\u00e3o da prova.<\/li>\n<\/ul>\n<p><strong>Mantenha-se Atualizado em Legisla\u00e7\u00e3o:<\/strong><\/p>\n<ul>\n<li>Esteja por dentro das leis e normas relacionadas ao servi\u00e7o p\u00fablico, especialmente aquelas pertinentes ao \u00e2mbito municipal e estadual.<\/li>\n<\/ul>\n<p><strong>Pratique Reda\u00e7\u00e3o e Tarefas Pr\u00e1ticas:<\/strong><\/p>\n<ul>\n<li>Para cargos que envolvem provas pr\u00e1ticas, como a de dire\u00e7\u00e3o veicular para motoristas e a pr\u00e1tico-profissional para procuradores, pratique regularmente. No caso de reda\u00e7\u00e3o, aprimore suas habilidades de escrita.<\/li>\n<\/ul>\n<p><strong>Cuide da Sa\u00fade Mental:<\/strong><\/p>\n<ul>\n<li>Equilibre seus estudos com per\u00edodos de descanso e lazer. A ansiedade pode impactar seu desempenho, ent\u00e3o reserve momentos para relaxar e recarregar as energias.<\/li>\n<\/ul>\n<p>Escolha as dicas que mais adequam ao seu perfil e boa sorte.<\/p>\n<p> <noscript><iframe loading=\"lazy\" title=\"Conhe\u00e7a os principais requisitos para ingresso no servi\u00e7o p\u00fablico!\" width=\"500\" height=\"281\" src=\"https:\/\/www.youtube.com\/embed\/SkAYwHIBoVk?feature=oembed\" frameborder=\"0\" allow=\"accelerometer; autoplay; clipboard-write; encrypted-media; gyroscope; picture-in-picture; web-share\" referrerpolicy=\"strict-origin-when-cross-origin\" allowfullscreen><\/iframe><\/noscript> <\/p>\n<\/div>\n<p><br \/>\n<br \/><a href=\"https:\/\/ismaelcolosi.com.br\/camara-anuncia-concurso-com-salarios-de-ate-r-104-mil-para-fundamental-medio-e-superior\/\">Source link <\/a><\/p>\n<!-- CONTENT END 1 -->\n","protected":false},"excerpt":{"rendered":"<p>Concurso ser\u00e1 para sete cargos Com oportunidades e \u00f3timos sal\u00e1rios, este concurso da C\u00e2mara \u00e9 uma excelente chance para mudar de vida. Vale lembrar que&#8230;<\/p>\n","protected":false},"author":1,"featured_media":19749,"comment_status":"open","ping_status":"open","sticky":false,"template":"","format":"standard","meta":{"advanced_seo_description":"","jetpack_seo_html_title":"","jetpack_seo_noindex":false,"jetpack_post_was_ever_published":false,"_jetpack_newsletter_access":"","_jetpack_dont_email_post_to_subs":false,"_jetpack_newsletter_tier_id":0,"_jetpack_memberships_contains_paywalled_content":false,"_jetpack_memberships_contains_paid_content":false,"footnotes":"","jetpack_publicize_message":"","jetpack_publicize_feature_enabled":true,"jetpack_social_post_already_shared":true,"jetpack_social_options":{"image_generator_settings":{"template":"highway","default_image_id":0,"font":"","enabled":false},"version":2}},"categories":[7],"tags":[],"class_list":["post-19748","post","type-post","status-publish","format-standard","has-post-thumbnail","hentry","category-vagas-de-empregos-em-ribeirao-preto-regiao-brasil"],"jetpack_publicize_connections":[],"jetpack_featured_media_url":"https:\/\/i0.wp.com\/noticiasribeiraopreto.com.br\/wp-content\/uploads\/2023\/12\/noticiasconcursos.com_.br-camara-anuncia-concurso-com-salarios-de-ate-r-104-mil-para-fundamental-medio-e-superior-pexels-cottonbro-studio-4778621-1-1.jpg?fit=1200%2C800&ssl=1","jetpack-related-posts":[{"id":15629,"url":"https:\/\/noticiasribeiraopreto.com.br\/index.php\/2023\/12\/14\/camara-anuncia-concurso-para-todos-os-niveis-escolares-e-com-salarios-de-quase-r-5-mil\/","url_meta":{"origin":19748,"position":0},"title":"C\u00e2mara anuncia Concurso para todos os n\u00edveis escolares e com sal\u00e1rios de quase R$ 5 MIL","author":"noticiasribeiraopreto.com.br","date":"14 de December de 2023","format":false,"excerpt":"As vagas do concurso sao imediatas O concurso \u00e9 uma grande para quem deseja estabilidade de vida. Por conta disso, separamos mais detalhes sobre este edital para todos os n\u00edveis. Ficou interessado? Veja a seguir mais detalhes. Concurso C\u00e2mara\u00a0 A t\u00e3o esperada not\u00edcia chegou: foi divulgado o edital para o\u2026","rel":"","context":"In &quot;Vagas de Emprego em Ribeir\u00e3o Preto-SP&quot;","block_context":{"text":"Vagas de Emprego em Ribeir\u00e3o Preto-SP","link":"https:\/\/noticiasribeiraopreto.com.br\/index.php\/category\/empregos-classificados-vagas-trabalho\/vagas-de-empregos-em-ribeirao-preto-regiao-brasil\/"},"img":{"alt_text":"","src":"https:\/\/i0.wp.com\/noticiasribeiraopreto.com.br\/wp-content\/uploads\/2023\/12\/noticiasconcursos.com_.br-camara-anuncia-concurso-para-todos-os-niveis-escolares-e-com-salarios-de-quase-r-5-mil-pexels-cottonbro-studio-4778611-1.jpg?fit=1200%2C800&ssl=1&resize=350%2C200","width":350,"height":200,"srcset":"https:\/\/i0.wp.com\/noticiasribeiraopreto.com.br\/wp-content\/uploads\/2023\/12\/noticiasconcursos.com_.br-camara-anuncia-concurso-para-todos-os-niveis-escolares-e-com-salarios-de-quase-r-5-mil-pexels-cottonbro-studio-4778611-1.jpg?fit=1200%2C800&ssl=1&resize=350%2C200 1x, https:\/\/i0.wp.com\/noticiasribeiraopreto.com.br\/wp-content\/uploads\/2023\/12\/noticiasconcursos.com_.br-camara-anuncia-concurso-para-todos-os-niveis-escolares-e-com-salarios-de-quase-r-5-mil-pexels-cottonbro-studio-4778611-1.jpg?fit=1200%2C800&ssl=1&resize=525%2C300 1.5x, https:\/\/i0.wp.com\/noticiasribeiraopreto.com.br\/wp-content\/uploads\/2023\/12\/noticiasconcursos.com_.br-camara-anuncia-concurso-para-todos-os-niveis-escolares-e-com-salarios-de-quase-r-5-mil-pexels-cottonbro-studio-4778611-1.jpg?fit=1200%2C800&ssl=1&resize=700%2C400 2x, https:\/\/i0.wp.com\/noticiasribeiraopreto.com.br\/wp-content\/uploads\/2023\/12\/noticiasconcursos.com_.br-camara-anuncia-concurso-para-todos-os-niveis-escolares-e-com-salarios-de-quase-r-5-mil-pexels-cottonbro-studio-4778611-1.jpg?fit=1200%2C800&ssl=1&resize=1050%2C600 3x"},"classes":[]},{"id":19768,"url":"https:\/\/noticiasribeiraopreto.com.br\/index.php\/2023\/12\/23\/oportunidades-na-camara-de-artur-nogueira-com-salarios-atrativos-em-concurso-publico\/","url_meta":{"origin":19748,"position":1},"title":"Oportunidades na C\u00e2mara de Artur Nogueira com sal\u00e1rios atrativos em concurso p\u00fablico","author":"noticiasribeiraopreto.com.br","date":"23 de December de 2023","format":false,"excerpt":"Cr\u00e9ditos: IStockConcurso p\u00fablico C\u00e2mara de Artur Nogueira A busca por servidores efetivos na C\u00e2mara de Artur Nogueira, S\u00e3o Paulo, ganha destaque com o edital de n\u00famero 001\/2023 para concurso p\u00fablico, oferecendo tr\u00eas vagas imediatas para diferentes n\u00edveis de escolaridade. Essa \u00e9 a chance para aspirantes a cargos p\u00fablicos na regi\u00e3o.\u2026","rel":"","context":"In &quot;Variedades&quot;","block_context":{"text":"Variedades","link":"https:\/\/noticiasribeiraopreto.com.br\/index.php\/category\/variedades\/"},"img":{"alt_text":"","src":"https:\/\/i0.wp.com\/noticiasribeiraopreto.com.br\/wp-content\/uploads\/2023\/12\/istock-182059956-1.jpg?fit=1200%2C638&ssl=1&resize=350%2C200","width":350,"height":200,"srcset":"https:\/\/i0.wp.com\/noticiasribeiraopreto.com.br\/wp-content\/uploads\/2023\/12\/istock-182059956-1.jpg?fit=1200%2C638&ssl=1&resize=350%2C200 1x, https:\/\/i0.wp.com\/noticiasribeiraopreto.com.br\/wp-content\/uploads\/2023\/12\/istock-182059956-1.jpg?fit=1200%2C638&ssl=1&resize=525%2C300 1.5x, https:\/\/i0.wp.com\/noticiasribeiraopreto.com.br\/wp-content\/uploads\/2023\/12\/istock-182059956-1.jpg?fit=1200%2C638&ssl=1&resize=700%2C400 2x, https:\/\/i0.wp.com\/noticiasribeiraopreto.com.br\/wp-content\/uploads\/2023\/12\/istock-182059956-1.jpg?fit=1200%2C638&ssl=1&resize=1050%2C600 3x"},"classes":[]},{"id":7005,"url":"https:\/\/noticiasribeiraopreto.com.br\/index.php\/2023\/11\/27\/concurso-publico-para-a-camara-de-artur-nogueira-oferece-salario-de-ate-r-57-mil\/","url_meta":{"origin":19748,"position":2},"title":"Concurso P\u00fablico para a C\u00e2mara de Artur Nogueira oferece sal\u00e1rio de at\u00e9 R$ 5,7 mil","author":"noticiasribeiraopreto.com.br","date":"27 de November de 2023","format":false,"excerpt":"Cr\u00e9ditos: IStockConcurso P\u00fablico C\u00e2mara de Artur Nogueira A C\u00e2mara de Artur Nogueira, no estado de\u00a0S\u00e3o Paulo, anuncia edital de n\u00ba 001\/2023 para concurso p\u00fablico, que oferece tr\u00eas vagas imediatas para a contrata\u00e7\u00e3o de servidores efetivos. As oportunidades s\u00e3o para cargos de n\u00edvel fundamental e m\u00e9dio. H\u00e1 uma vaga para o\u2026","rel":"","context":"In &quot;Variedades&quot;","block_context":{"text":"Variedades","link":"https:\/\/noticiasribeiraopreto.com.br\/index.php\/category\/variedades\/"},"img":{"alt_text":"","src":"https:\/\/i0.wp.com\/noticiasribeiraopreto.com.br\/wp-content\/uploads\/2023\/11\/istock-179493846.jpg?fit=1200%2C638&ssl=1&resize=350%2C200","width":350,"height":200,"srcset":"https:\/\/i0.wp.com\/noticiasribeiraopreto.com.br\/wp-content\/uploads\/2023\/11\/istock-179493846.jpg?fit=1200%2C638&ssl=1&resize=350%2C200 1x, https:\/\/i0.wp.com\/noticiasribeiraopreto.com.br\/wp-content\/uploads\/2023\/11\/istock-179493846.jpg?fit=1200%2C638&ssl=1&resize=525%2C300 1.5x, https:\/\/i0.wp.com\/noticiasribeiraopreto.com.br\/wp-content\/uploads\/2023\/11\/istock-179493846.jpg?fit=1200%2C638&ssl=1&resize=700%2C400 2x, https:\/\/i0.wp.com\/noticiasribeiraopreto.com.br\/wp-content\/uploads\/2023\/11\/istock-179493846.jpg?fit=1200%2C638&ssl=1&resize=1050%2C600 3x"},"classes":[]},{"id":4264,"url":"https:\/\/noticiasribeiraopreto.com.br\/index.php\/2023\/11\/21\/concurso-publico-da-camara-de-araguapaz-go-oferece-salarios-de-ate-r-35-mil\/","url_meta":{"origin":19748,"position":3},"title":"Concurso p\u00fablico da C\u00e2mara de Araguapaz (GO) oferece sal\u00e1rios de at\u00e9 R$ 3,5 mil","author":"noticiasribeiraopreto.com.br","date":"21 de November de 2023","format":false,"excerpt":"Cr\u00e9ditos: IStockConcurso P\u00fablico da C\u00e2mara de AraguapazA C\u00e2mara Municipal de Vereadores de Araguapaz,\u00a0no estado de\u00a0Goi\u00e1s, anuncia edital de n\u00ba 001\/2023 para concurso p\u00fablico, que visa o provimento de quatro vagas imediatas, al\u00e9m de formar cadastro reserva em outras 12 oportunidades. Os cargos s\u00e3o destinados a profissionais com grau de escolaridade\u2026","rel":"","context":"In &quot;Variedades&quot;","block_context":{"text":"Variedades","link":"https:\/\/noticiasribeiraopreto.com.br\/index.php\/category\/variedades\/"},"img":{"alt_text":"","src":"https:\/\/i0.wp.com\/noticiasribeiraopreto.com.br\/wp-content\/uploads\/2023\/11\/istock-1406511389.jpg?fit=1200%2C638&ssl=1&resize=350%2C200","width":350,"height":200,"srcset":"https:\/\/i0.wp.com\/noticiasribeiraopreto.com.br\/wp-content\/uploads\/2023\/11\/istock-1406511389.jpg?fit=1200%2C638&ssl=1&resize=350%2C200 1x, https:\/\/i0.wp.com\/noticiasribeiraopreto.com.br\/wp-content\/uploads\/2023\/11\/istock-1406511389.jpg?fit=1200%2C638&ssl=1&resize=525%2C300 1.5x, https:\/\/i0.wp.com\/noticiasribeiraopreto.com.br\/wp-content\/uploads\/2023\/11\/istock-1406511389.jpg?fit=1200%2C638&ssl=1&resize=700%2C400 2x, https:\/\/i0.wp.com\/noticiasribeiraopreto.com.br\/wp-content\/uploads\/2023\/11\/istock-1406511389.jpg?fit=1200%2C638&ssl=1&resize=1050%2C600 3x"},"classes":[]},{"id":15540,"url":"https:\/\/noticiasribeiraopreto.com.br\/index.php\/2023\/12\/13\/concurso-publico-da-camara-de-colinas-oferece-remuneracao-de-ate-r-45-mil\/","url_meta":{"origin":19748,"position":4},"title":"Concurso p\u00fablico da C\u00e2mara de Colinas oferece remunera\u00e7\u00e3o de at\u00e9 R$ 4,5 mil","author":"noticiasribeiraopreto.com.br","date":"13 de December de 2023","format":false,"excerpt":"Cr\u00e9ditos: IStockConcurso P\u00fablico da C\u00e2mara de A C\u00e2mara de Colinas, no estado do\u00a0Tocantins, anuncia edital de 001\/2023 para concurso p\u00fablico, com a finalidade de abrir 39 vagas, dentre imediatas e cadastro reserva destinadas a profissionais com grau de escolaridade superior, fundamental e m\u00e9dio. A remunera\u00e7\u00e3o oferecida em concurso p\u00fablico aos\u2026","rel":"","context":"In &quot;Variedades&quot;","block_context":{"text":"Variedades","link":"https:\/\/noticiasribeiraopreto.com.br\/index.php\/category\/variedades\/"},"img":{"alt_text":"","src":"https:\/\/i0.wp.com\/noticiasribeiraopreto.com.br\/wp-content\/uploads\/2023\/12\/istock-466007306.jpg?fit=1200%2C638&ssl=1&resize=350%2C200","width":350,"height":200,"srcset":"https:\/\/i0.wp.com\/noticiasribeiraopreto.com.br\/wp-content\/uploads\/2023\/12\/istock-466007306.jpg?fit=1200%2C638&ssl=1&resize=350%2C200 1x, https:\/\/i0.wp.com\/noticiasribeiraopreto.com.br\/wp-content\/uploads\/2023\/12\/istock-466007306.jpg?fit=1200%2C638&ssl=1&resize=525%2C300 1.5x, https:\/\/i0.wp.com\/noticiasribeiraopreto.com.br\/wp-content\/uploads\/2023\/12\/istock-466007306.jpg?fit=1200%2C638&ssl=1&resize=700%2C400 2x, https:\/\/i0.wp.com\/noticiasribeiraopreto.com.br\/wp-content\/uploads\/2023\/12\/istock-466007306.jpg?fit=1200%2C638&ssl=1&resize=1050%2C600 3x"},"classes":[]},{"id":12528,"url":"https:\/\/noticiasribeiraopreto.com.br\/index.php\/2023\/12\/08\/concurso-publico-da-camara-de-itumirim-mg-tem-edital-publicado\/","url_meta":{"origin":19748,"position":5},"title":"Concurso p\u00fablico da C\u00e2mara de Itumirim (MG) tem edital publicado","author":"noticiasribeiraopreto.com.br","date":"8 de December de 2023","format":false,"excerpt":"Cr\u00e9ditos: IStockConcurso P\u00fablico da C\u00e2mara de ItumirimA\u00a0C\u00e2mara de Itumirim, no estado de\u00a0Minas Gerais, anuncia edital de n\u00ba 001\/2023 para concurso p\u00fablico, que visa o preenchimento de tr\u00eas vagas imediatas. As oportunidades s\u00e3o destinadas a profissionais com grau de escolaridade superior, fundamental e m\u00e9dio. A contrata\u00e7\u00e3o ser\u00e1 realizada sob o regime\u2026","rel":"","context":"In &quot;Variedades&quot;","block_context":{"text":"Variedades","link":"https:\/\/noticiasribeiraopreto.com.br\/index.php\/category\/variedades\/"},"img":{"alt_text":"","src":"https:\/\/i0.wp.com\/noticiasribeiraopreto.com.br\/wp-content\/uploads\/2023\/12\/istock-535847793.jpg?fit=1200%2C638&ssl=1&resize=350%2C200","width":350,"height":200,"srcset":"https:\/\/i0.wp.com\/noticiasribeiraopreto.com.br\/wp-content\/uploads\/2023\/12\/istock-535847793.jpg?fit=1200%2C638&ssl=1&resize=350%2C200 1x, https:\/\/i0.wp.com\/noticiasribeiraopreto.com.br\/wp-content\/uploads\/2023\/12\/istock-535847793.jpg?fit=1200%2C638&ssl=1&resize=525%2C300 1.5x, https:\/\/i0.wp.com\/noticiasribeiraopreto.com.br\/wp-content\/uploads\/2023\/12\/istock-535847793.jpg?fit=1200%2C638&ssl=1&resize=700%2C400 2x, https:\/\/i0.wp.com\/noticiasribeiraopreto.com.br\/wp-content\/uploads\/2023\/12\/istock-535847793.jpg?fit=1200%2C638&ssl=1&resize=1050%2C600 3x"},"classes":[]}],"jetpack_sharing_enabled":true,"jetpack_shortlink":"https:\/\/wp.me\/peQAOb-58w","_links":{"self":[{"href":"https:\/\/noticiasribeiraopreto.com.br\/index.php\/wp-json\/wp\/v2\/posts\/19748","targetHints":{"allow":["GET"]}}],"collection":[{"href":"https:\/\/noticiasribeiraopreto.com.br\/index.php\/wp-json\/wp\/v2\/posts"}],"about":[{"href":"https:\/\/noticiasribeiraopreto.com.br\/index.php\/wp-json\/wp\/v2\/types\/post"}],"author":[{"embeddable":true,"href":"https:\/\/noticiasribeiraopreto.com.br\/index.php\/wp-json\/wp\/v2\/users\/1"}],"replies":[{"embeddable":true,"href":"https:\/\/noticiasribeiraopreto.com.br\/index.php\/wp-json\/wp\/v2\/comments?post=19748"}],"version-history":[{"count":0,"href":"https:\/\/noticiasribeiraopreto.com.br\/index.php\/wp-json\/wp\/v2\/posts\/19748\/revisions"}],"wp:featuredmedia":[{"embeddable":true,"href":"https:\/\/noticiasribeiraopreto.com.br\/index.php\/wp-json\/wp\/v2\/media\/19749"}],"wp:attachment":[{"href":"https:\/\/noticiasribeiraopreto.com.br\/index.php\/wp-json\/wp\/v2\/media?parent=19748"}],"wp:term":[{"taxonomy":"category","embeddable":true,"href":"https:\/\/noticiasribeiraopreto.com.br\/index.php\/wp-json\/wp\/v2\/categories?post=19748"},{"taxonomy":"post_tag","embeddable":true,"href":"https:\/\/noticiasribeiraopreto.com.br\/index.php\/wp-json\/wp\/v2\/tags?post=19748"}],"curies":[{"name":"wp","href":"https:\/\/api.w.org\/{rel}","templated":true}]}}