{"id":19770,"date":"2023-12-23T07:16:02","date_gmt":"2023-12-23T10:16:02","guid":{"rendered":"https:\/\/noticiasribeiraopreto.com.br\/index.php\/2023\/12\/23\/10-sinais-de-alerta-de-desidratacao-descubra-os-sintomas\/"},"modified":"2023-12-23T07:16:02","modified_gmt":"2023-12-23T10:16:02","slug":"10-sinais-de-alerta-de-desidratacao-descubra-os-sintomas","status":"publish","type":"post","link":"https:\/\/noticiasribeiraopreto.com.br\/index.php\/2023\/12\/23\/10-sinais-de-alerta-de-desidratacao-descubra-os-sintomas\/","title":{"rendered":"10 sinais de alerta de desidrata\u00e7\u00e3o; descubra os sintomas"},"content":{"rendered":"<div class='code-block code-block-1' style='margin: 8px 0 8px auto; text-align: right; display: block; clear: both;'>\n<p><a href=\"https:\/\/wa.link\/vpicfd\"><img data-recalc-dims=\"1\" class=\"wp-image-4922\" style=\"aspect-ratio: 2.0253164556962027; width: 561px; height: auto;\" src=\"https:\/\/i0.wp.com\/ismaelcolosi.com.br\/wp-content\/uploads\/2023\/11\/grupo-de-empregos-whatsapp-e-facebook-ismael-colosi-vagas.jpg?ssl=1\" alt=\"\" \/><\/a><\/p>\n<!-- \/wp:image -->\n<\/div>\n<p> <br \/>\n<\/p>\n<div>\n<div id=\"attachment_2311248\" class=\"wp-caption alignnone\">\n<div class=\"d-flex justify-content-center\" data-attachment-id=\"2311248\">\n<div class=\"position-relative d-inline-block\"><img data-recalc-dims=\"1\" data-portal-copyright=\"iStock\/PraewBlackWhile\" fetchpriority=\"high\" decoding=\"async\" class=\"wp-image-2311248 size-full\" src=\"https:\/\/i0.wp.com\/catracalivre.com.br\/wp-content\/uploads\/2023\/11\/istock-956861656.jpg?resize=1254%2C836&#038;ssl=1\" alt=\"Quando ocorre a elimina\u00e7\u00e3o de l\u00edquido, o corpo reage por meio de uma s\u00e9rie de sintomas e d\u00e1 sinais de desidrata\u00e7\u00e3o \u2013 iStock\/Getty Images\" width=\"1254\" height=\"836\" srcset=\"https:\/\/catracalivre.com.br\/wp-content\/uploads\/2023\/11\/istock-956861656.jpg 1254w, https:\/\/catracalivre.com.br\/wp-content\/uploads\/2023\/11\/istock-956861656-450x300.jpg 450w, https:\/\/catracalivre.com.br\/wp-content\/uploads\/2023\/11\/istock-956861656-768x512.jpg 768w\" sizes=\"(max-width: 1254px) 100vw, 1254px\"\/><\/p>\n<p>Cr\u00e9ditos: iStock\/PraewBlackWhile<\/p>\n<\/div>\n<\/div>\n<p><span class=\"post-imagem__legenda\">Quando ocorre a elimina\u00e7\u00e3o de l\u00edquido, o corpo reage por meio de uma s\u00e9rie de sintomas e d\u00e1 sinais de desidrata\u00e7\u00e3o \u2013 iStock\/Getty Images<\/span><\/p>\n<\/div>\n<p>Em<a href=\"https:\/\/catracalivre.com.br\/viagem-livre\/10-destinos-para-curtir-os-dias-quentes-do-verao-perto-de-sp\/\" target=\"_blank\" rel=\"noopener\"> dias muito quentes<\/a>, \u00e9 comum que o nosso corpo indique alguns sinais de desidrata\u00e7\u00e3o, principalmente nos idosos que sentem menos sede. Justamente por isso reconhecer os sinais de alerta \u00e9 importante para agir rapidamente e reidratar o corpo.<\/p>\n<p>Quando a temperatura aumenta, o sistema de <strong><a href=\"https:\/\/bvsms.saude.gov.br\/bvs\/publicacoes\/atencao_recem_nascido_%20guia_profissionais_saude_v4.pdf\" target=\"_blank\" rel=\"noopener\">termorregula\u00e7\u00e3o<\/a><\/strong> do corpo se altera e entra em alarme, causando rea\u00e7\u00f5es que ajudam a dissipar o excesso de calor. \u00c9 por isso que, durante este processo, o corpo come\u00e7a a suar. Contudo, a r\u00e1pida elimina\u00e7\u00e3o de l\u00edquidos atrav\u00e9s do suor pode levar ao risco de desidrata\u00e7\u00e3o r\u00e1pida.<\/p>\n<h2>Sinais, riscos e sintomas perigosos<\/h2>\n<p>A perda de l\u00edquidos do corpo pode, conforme dito anteriormente, causar uma s\u00e9rie de altera\u00e7\u00f5es metab\u00f3licas perigosas que tamb\u00e9m se manifestam com sintomas neurol\u00f3gicos graves.<\/p>\n<p>Entre os principais sintomas da desidrata\u00e7\u00e3o, destacam-se<\/p>\n<ul>\n<li>sede<\/li>\n<li>fraqueza<\/li>\n<li>tontura<\/li>\n<li>dor de cabe\u00e7a<\/li>\n<li>febre<\/li>\n<li>palpita\u00e7\u00f5es<\/li>\n<li>pele e mucosas secas<\/li>\n<li>c\u00e3ibras musculares<\/li>\n<li>press\u00e3o arterial baixa<\/li>\n<li>desmaios<\/li>\n<\/ul>\n<h2>Outros perigos<\/h2>\n<p>Aqueles que sofrem de insufici\u00eancia card\u00edaca e taquicardia est\u00e3o mais expostos a altera\u00e7\u00f5es no equil\u00edbrio eletrol\u00edtico. O calor excessivo tamb\u00e9m ativa mecanismos inflamat\u00f3rios e reduz as defesas imunol\u00f3gicas, aumentando o risco de contrair infec\u00e7\u00f5es respirat\u00f3rias.<\/p>\n<p>O que fazer?<br \/>Para ajudar na recupera\u00e7\u00e3o do corpo, recomenda-se o repouso e a ingest\u00e3o de solu\u00e7\u00f5es salinas reidratantes para repor os l\u00edquidos e sais minerais perdidos, em especial o pot\u00e1ssio e o magn\u00e9sio.<\/p>\n<p>\u00c9 importante evitar muito a\u00e7\u00facar. Os \u00fanicos l\u00edquidos compat\u00edveis com a hidrata\u00e7\u00e3o s\u00e3o \u00e1gua, bebidas esportivas, infus\u00f5es e ch\u00e1s de ervas sem a\u00e7\u00facares e ado\u00e7antes.<\/p>\n<p>A recomenda\u00e7\u00e3o geral \u00e9 a ingest\u00e3o de 8 copos de \u00e1gua por dia, o que equivale a cerca de 2 litros. Essa \u00e9 uma estimativa f\u00e1cil de lembrar, mas n\u00e3o \u00e9 necessariamente a quantidade correta para todas as pessoas.<\/p>\n<p>Existe uma regra que recomenda consumir o valor equivalente ao resultado da multiplica\u00e7\u00e3o do peso corporal por 35 ml. Dessa forma, uma pessoa que pesa 55kg deve consumir 1,9l de \u00e1gua por dia.<\/p>\n<\/div>\n<p><script>\n\t\t! function(f, b, e, v, n, t, s) {\n\t\t\tif (f.fbq) return;\n\t\t\tn = f.fbq = function() {\n\t\t\t\tn.callMethod ?\n\t\t\t\t\tn.callMethod.apply(n, arguments) : n.queue.push(arguments)\n\t\t\t};\n\t\t\tif (!f._fbq) f._fbq = n;\n\t\t\tn.push = n;\n\t\t\tn.loaded = !0;\n\t\t\tn.version = '2.0';\n\t\t\tn.queue = [];\n\t\t\tt = b.createElement(e);\n\t\t\tt.async = !0;\n\t\t\tt.src = v;\n\t\t\ts = b.getElementsByTagName(e)[0];\n\t\t\ts.parentNode.insertBefore(t, s)\n\t\t}(window, document, 'script',\n\t\t\t'https:\/\/connect.facebook.net\/en_US\/fbevents.js');\n\t\tfbq('init', '338315473262380');\n\t\tfbq('track', 'PageView');\n\t<\/script><br \/>\n<br \/><br \/>\n<br \/><a href=\"https:\/\/catracalivre.com.br\/saude-bem-estar\/10-sinais-de-alerta-de-desidratacao-descubra-os-sintomas\/\">Source link <\/a><\/p>\n<!-- CONTENT END 1 -->\n","protected":false},"excerpt":{"rendered":"<p>Cr\u00e9ditos: iStock\/PraewBlackWhile Quando ocorre a elimina\u00e7\u00e3o de l\u00edquido, o corpo reage por meio de uma s\u00e9rie de sintomas e d\u00e1 sinais de desidrata\u00e7\u00e3o \u2013 iStock\/Getty&#8230;<\/p>\n","protected":false},"author":1,"featured_media":19771,"comment_status":"open","ping_status":"open","sticky":false,"template":"","format":"standard","meta":{"advanced_seo_description":"","jetpack_seo_html_title":"","jetpack_seo_noindex":false,"jetpack_post_was_ever_published":false,"_jetpack_newsletter_access":"","_jetpack_dont_email_post_to_subs":false,"_jetpack_newsletter_tier_id":0,"_jetpack_memberships_contains_paywalled_content":false,"_jetpack_memberships_contains_paid_content":false,"footnotes":"","jetpack_publicize_message":"","jetpack_publicize_feature_enabled":true,"jetpack_social_post_already_shared":true,"jetpack_social_options":{"image_generator_settings":{"template":"highway","default_image_id":0,"font":"","enabled":false},"version":2}},"categories":[19],"tags":[],"class_list":["post-19770","post","type-post","status-publish","format-standard","has-post-thumbnail","hentry","category-variedades"],"jetpack_publicize_connections":[],"jetpack_featured_media_url":"https:\/\/i0.wp.com\/noticiasribeiraopreto.com.br\/wp-content\/uploads\/2023\/12\/istock-1073787222.jpg?fit=1200%2C638&ssl=1","jetpack-related-posts":[{"id":10377,"url":"https:\/\/noticiasribeiraopreto.com.br\/index.php\/2023\/12\/04\/6-sinais-e-sintomas-precoces-de-infeccao-por-hiv\/","url_meta":{"origin":19770,"position":0},"title":"6 sinais e sintomas precoces de infec\u00e7\u00e3o por HIV","author":"noticiasribeiraopreto.com.br","date":"4 de December de 2023","format":false,"excerpt":"Nas primeiras semanas ap\u00f3s a infec\u00e7\u00e3o pelo HIV, ocorre o que se chama S\u00edndrome Retroviral Aguda (ARS, do ingl\u00eas Acute Retroviral Syndrome). Ela refere-se a um conjunto de sintomas semelhantes aos da gripe que algumas pessoas experimentam. Esta fase inicial da infec\u00e7\u00e3o pelo HIV \u00e9 tamb\u00e9m conhecida como \u201cjanela imunol\u00f3gica\u201d\u2026","rel":"","context":"In &quot;Variedades&quot;","block_context":{"text":"Variedades","link":"https:\/\/noticiasribeiraopreto.com.br\/index.php\/category\/variedades\/"},"img":{"alt_text":"","src":"https:\/\/i0.wp.com\/noticiasribeiraopreto.com.br\/wp-content\/uploads\/2023\/12\/hiv-mulher-curada-sem-remedios.jpg?fit=1200%2C638&ssl=1&resize=350%2C200","width":350,"height":200,"srcset":"https:\/\/i0.wp.com\/noticiasribeiraopreto.com.br\/wp-content\/uploads\/2023\/12\/hiv-mulher-curada-sem-remedios.jpg?fit=1200%2C638&ssl=1&resize=350%2C200 1x, https:\/\/i0.wp.com\/noticiasribeiraopreto.com.br\/wp-content\/uploads\/2023\/12\/hiv-mulher-curada-sem-remedios.jpg?fit=1200%2C638&ssl=1&resize=525%2C300 1.5x, https:\/\/i0.wp.com\/noticiasribeiraopreto.com.br\/wp-content\/uploads\/2023\/12\/hiv-mulher-curada-sem-remedios.jpg?fit=1200%2C638&ssl=1&resize=700%2C400 2x, https:\/\/i0.wp.com\/noticiasribeiraopreto.com.br\/wp-content\/uploads\/2023\/12\/hiv-mulher-curada-sem-remedios.jpg?fit=1200%2C638&ssl=1&resize=1050%2C600 3x"},"classes":[]},{"id":6379,"url":"https:\/\/noticiasribeiraopreto.com.br\/index.php\/2023\/11\/25\/sinais-menos-conhecidos-que-tambem-sao-de-depressao\/","url_meta":{"origin":19770,"position":1},"title":"Sinais menos conhecidos que tamb\u00e9m s\u00e3o de depress\u00e3o","author":"noticiasribeiraopreto.com.br","date":"25 de November de 2023","format":false,"excerpt":"Quando se fala de depress\u00e3o, os sinais comumente levados em considera\u00e7\u00e3o s\u00e3o tristeza, solid\u00e3o, isolamento, diminui\u00e7\u00e3o do humor, falta de energia, pensamentos suicidas, dist\u00farbios do sono e alimentares. No entanto, a depress\u00e3o pode manifestar-se de uma forma incomum e disfar\u00e7ada. \u00c9 importante observar que a presen\u00e7a de um ou mais\u2026","rel":"","context":"In &quot;Variedades&quot;","block_context":{"text":"Variedades","link":"https:\/\/noticiasribeiraopreto.com.br\/index.php\/category\/variedades\/"},"img":{"alt_text":"","src":"https:\/\/i0.wp.com\/noticiasribeiraopreto.com.br\/wp-content\/uploads\/2023\/11\/istock-1055448892-1.jpg?fit=1200%2C638&ssl=1&resize=350%2C200","width":350,"height":200,"srcset":"https:\/\/i0.wp.com\/noticiasribeiraopreto.com.br\/wp-content\/uploads\/2023\/11\/istock-1055448892-1.jpg?fit=1200%2C638&ssl=1&resize=350%2C200 1x, https:\/\/i0.wp.com\/noticiasribeiraopreto.com.br\/wp-content\/uploads\/2023\/11\/istock-1055448892-1.jpg?fit=1200%2C638&ssl=1&resize=525%2C300 1.5x, https:\/\/i0.wp.com\/noticiasribeiraopreto.com.br\/wp-content\/uploads\/2023\/11\/istock-1055448892-1.jpg?fit=1200%2C638&ssl=1&resize=700%2C400 2x, https:\/\/i0.wp.com\/noticiasribeiraopreto.com.br\/wp-content\/uploads\/2023\/11\/istock-1055448892-1.jpg?fit=1200%2C638&ssl=1&resize=1050%2C600 3x"},"classes":[]},{"id":17897,"url":"https:\/\/noticiasribeiraopreto.com.br\/index.php\/2023\/12\/19\/sinais-de-alerta-que-voce-nao-deve-ignorar\/","url_meta":{"origin":19770,"position":2},"title":"sinais de alerta que voc\u00ea n\u00e3o deve ignorar","author":"noticiasribeiraopreto.com.br","date":"19 de December de 2023","format":false,"excerpt":"Os infartos silenciosos do mioc\u00e1rdio s\u00e3o respons\u00e1veis por 45% dos ataques card\u00edacos, muitas vezes com sintomas leves e passageiros. A detec\u00e7\u00e3o e interven\u00e7\u00e3o precoces s\u00e3o cruciais para prevenir danos ao tecido card\u00edaco. Chamados de \u201csilenciosos\u201d esses ataques card\u00edacos desviam-se dos sintomas cl\u00e1ssicos. Por conta disso, muitas pessoas acabam considerando que\u2026","rel":"","context":"In &quot;Variedades&quot;","block_context":{"text":"Variedades","link":"https:\/\/noticiasribeiraopreto.com.br\/index.php\/category\/variedades\/"},"img":{"alt_text":"","src":"https:\/\/i0.wp.com\/noticiasribeiraopreto.com.br\/wp-content\/uploads\/2023\/12\/istock-700262796.jpg?fit=1200%2C638&ssl=1&resize=350%2C200","width":350,"height":200,"srcset":"https:\/\/i0.wp.com\/noticiasribeiraopreto.com.br\/wp-content\/uploads\/2023\/12\/istock-700262796.jpg?fit=1200%2C638&ssl=1&resize=350%2C200 1x, https:\/\/i0.wp.com\/noticiasribeiraopreto.com.br\/wp-content\/uploads\/2023\/12\/istock-700262796.jpg?fit=1200%2C638&ssl=1&resize=525%2C300 1.5x, https:\/\/i0.wp.com\/noticiasribeiraopreto.com.br\/wp-content\/uploads\/2023\/12\/istock-700262796.jpg?fit=1200%2C638&ssl=1&resize=700%2C400 2x, https:\/\/i0.wp.com\/noticiasribeiraopreto.com.br\/wp-content\/uploads\/2023\/12\/istock-700262796.jpg?fit=1200%2C638&ssl=1&resize=1050%2C600 3x"},"classes":[]},{"id":9715,"url":"https:\/\/noticiasribeiraopreto.com.br\/index.php\/2023\/12\/02\/estes-sinais-indicam-problema-na-tireoide\/","url_meta":{"origin":19770,"position":3},"title":"estes sinais indicam problema na tireoide","author":"noticiasribeiraopreto.com.br","date":"2 de December de 2023","format":false,"excerpt":"Cr\u00e9ditos: Getty ImagesHipertireoidismo est\u00e1 associado uma s\u00e9rie de sinais e sintomas, que incluem a sensa\u00e7\u00e3o de calor excessivo e transpira\u00e7\u00e3o em excesso \u2013 iStock\/Getty Images Condi\u00e7\u00e3o que afeta a tireoide, o hipertireoidismo afeta uma gl\u00e2ndula vital que regula o funcionamento de \u00f3rg\u00e3os importantes como o cora\u00e7\u00e3o, c\u00e9rebro, f\u00edgado e os\u2026","rel":"","context":"In &quot;Variedades&quot;","block_context":{"text":"Variedades","link":"https:\/\/noticiasribeiraopreto.com.br\/index.php\/category\/variedades\/"},"img":{"alt_text":"","src":"https:\/\/i0.wp.com\/noticiasribeiraopreto.com.br\/wp-content\/uploads\/2023\/12\/istock-1311222514.jpg?fit=1200%2C638&ssl=1&resize=350%2C200","width":350,"height":200,"srcset":"https:\/\/i0.wp.com\/noticiasribeiraopreto.com.br\/wp-content\/uploads\/2023\/12\/istock-1311222514.jpg?fit=1200%2C638&ssl=1&resize=350%2C200 1x, https:\/\/i0.wp.com\/noticiasribeiraopreto.com.br\/wp-content\/uploads\/2023\/12\/istock-1311222514.jpg?fit=1200%2C638&ssl=1&resize=525%2C300 1.5x, https:\/\/i0.wp.com\/noticiasribeiraopreto.com.br\/wp-content\/uploads\/2023\/12\/istock-1311222514.jpg?fit=1200%2C638&ssl=1&resize=700%2C400 2x, https:\/\/i0.wp.com\/noticiasribeiraopreto.com.br\/wp-content\/uploads\/2023\/12\/istock-1311222514.jpg?fit=1200%2C638&ssl=1&resize=1050%2C600 3x"},"classes":[]},{"id":16524,"url":"https:\/\/noticiasribeiraopreto.com.br\/index.php\/2023\/12\/15\/8-sinais-menos-conhecidos-da-demencia\/","url_meta":{"origin":19770,"position":4},"title":"8 sinais menos conhecidos da dem\u00eancia","author":"noticiasribeiraopreto.com.br","date":"15 de December de 2023","format":false,"excerpt":"Cr\u00e9ditos: Getty ImagesProblemas em gerenciar as finan\u00e7as pessoais, como pagar contas ou entender declara\u00e7\u00f5es financeiras, tamb\u00e9m \u00e9 considerado um dos sintomas vinculados \u00e0 dem\u00eancia \u2013 iStock\/Getty Images Embora a perda de mem\u00f3ria seja um dos sintomas mais conhecidos e associados \u00e0 dem\u00eancia, existem outros sinais que podem surgir antes.\u00a0Algumas formas\u2026","rel":"","context":"In &quot;Variedades&quot;","block_context":{"text":"Variedades","link":"https:\/\/noticiasribeiraopreto.com.br\/index.php\/category\/variedades\/"},"img":{"alt_text":"","src":"https:\/\/i0.wp.com\/noticiasribeiraopreto.com.br\/wp-content\/uploads\/2023\/12\/istock-1369285084.jpg?fit=1200%2C638&ssl=1&resize=350%2C200","width":350,"height":200,"srcset":"https:\/\/i0.wp.com\/noticiasribeiraopreto.com.br\/wp-content\/uploads\/2023\/12\/istock-1369285084.jpg?fit=1200%2C638&ssl=1&resize=350%2C200 1x, https:\/\/i0.wp.com\/noticiasribeiraopreto.com.br\/wp-content\/uploads\/2023\/12\/istock-1369285084.jpg?fit=1200%2C638&ssl=1&resize=525%2C300 1.5x, https:\/\/i0.wp.com\/noticiasribeiraopreto.com.br\/wp-content\/uploads\/2023\/12\/istock-1369285084.jpg?fit=1200%2C638&ssl=1&resize=700%2C400 2x, https:\/\/i0.wp.com\/noticiasribeiraopreto.com.br\/wp-content\/uploads\/2023\/12\/istock-1369285084.jpg?fit=1200%2C638&ssl=1&resize=1050%2C600 3x"},"classes":[]},{"id":6975,"url":"https:\/\/noticiasribeiraopreto.com.br\/index.php\/2023\/11\/27\/esses-12-sinais-revelam-uma-doenca-que-causa-dor-insuportavel-e-incapacitante-voce-nao-pode-ignora-los\/","url_meta":{"origin":19770,"position":5},"title":"Esses 12 sinais revelam uma doen\u00e7a que causa dor insuport\u00e1vel e incapacitante; voc\u00ea N\u00c3O pode ignor\u00e1-los","author":"noticiasribeiraopreto.com.br","date":"27 de November de 2023","format":false,"excerpt":"Muitas pessoas desconhecem os sinais e sintomas dessa doen\u00e7a que afeta diretamente a musculatura causando dor insuport\u00e1vel e que pode deixar a pessoa incapacitada, com dificuldade de manter sua rotina di\u00e1ria, seus afazeres dom\u00e9sticos e at\u00e9 mesmo tendo a necessidade de se afastar temporariamente ou de forma definitiva do trabalho.\u00c9\u2026","rel":"","context":"In &quot;Blog&quot;","block_context":{"text":"Blog","link":"https:\/\/noticiasribeiraopreto.com.br\/index.php\/category\/blog\/"},"img":{"alt_text":"","src":"https:\/\/i0.wp.com\/noticiasribeiraopreto.com.br\/wp-content\/uploads\/2023\/11\/postimg-6564a2722e4292379.jpg?fit=1200%2C628&ssl=1&resize=350%2C200","width":350,"height":200,"srcset":"https:\/\/i0.wp.com\/noticiasribeiraopreto.com.br\/wp-content\/uploads\/2023\/11\/postimg-6564a2722e4292379.jpg?fit=1200%2C628&ssl=1&resize=350%2C200 1x, https:\/\/i0.wp.com\/noticiasribeiraopreto.com.br\/wp-content\/uploads\/2023\/11\/postimg-6564a2722e4292379.jpg?fit=1200%2C628&ssl=1&resize=525%2C300 1.5x, https:\/\/i0.wp.com\/noticiasribeiraopreto.com.br\/wp-content\/uploads\/2023\/11\/postimg-6564a2722e4292379.jpg?fit=1200%2C628&ssl=1&resize=700%2C400 2x, https:\/\/i0.wp.com\/noticiasribeiraopreto.com.br\/wp-content\/uploads\/2023\/11\/postimg-6564a2722e4292379.jpg?fit=1200%2C628&ssl=1&resize=1050%2C600 3x"},"classes":[]}],"jetpack_sharing_enabled":true,"jetpack_shortlink":"https:\/\/wp.me\/peQAOb-58S","_links":{"self":[{"href":"https:\/\/noticiasribeiraopreto.com.br\/index.php\/wp-json\/wp\/v2\/posts\/19770","targetHints":{"allow":["GET"]}}],"collection":[{"href":"https:\/\/noticiasribeiraopreto.com.br\/index.php\/wp-json\/wp\/v2\/posts"}],"about":[{"href":"https:\/\/noticiasribeiraopreto.com.br\/index.php\/wp-json\/wp\/v2\/types\/post"}],"author":[{"embeddable":true,"href":"https:\/\/noticiasribeiraopreto.com.br\/index.php\/wp-json\/wp\/v2\/users\/1"}],"replies":[{"embeddable":true,"href":"https:\/\/noticiasribeiraopreto.com.br\/index.php\/wp-json\/wp\/v2\/comments?post=19770"}],"version-history":[{"count":0,"href":"https:\/\/noticiasribeiraopreto.com.br\/index.php\/wp-json\/wp\/v2\/posts\/19770\/revisions"}],"wp:featuredmedia":[{"embeddable":true,"href":"https:\/\/noticiasribeiraopreto.com.br\/index.php\/wp-json\/wp\/v2\/media\/19771"}],"wp:attachment":[{"href":"https:\/\/noticiasribeiraopreto.com.br\/index.php\/wp-json\/wp\/v2\/media?parent=19770"}],"wp:term":[{"taxonomy":"category","embeddable":true,"href":"https:\/\/noticiasribeiraopreto.com.br\/index.php\/wp-json\/wp\/v2\/categories?post=19770"},{"taxonomy":"post_tag","embeddable":true,"href":"https:\/\/noticiasribeiraopreto.com.br\/index.php\/wp-json\/wp\/v2\/tags?post=19770"}],"curies":[{"name":"wp","href":"https:\/\/api.w.org\/{rel}","templated":true}]}}