{"id":19774,"date":"2023-12-23T08:12:58","date_gmt":"2023-12-23T11:12:58","guid":{"rendered":"https:\/\/noticiasribeiraopreto.com.br\/index.php\/2023\/12\/23\/cursos-tecnicos-de-graca-senac-oferece-mais-de-6-mil-vagas\/"},"modified":"2023-12-23T08:12:58","modified_gmt":"2023-12-23T11:12:58","slug":"cursos-tecnicos-de-graca-senac-oferece-mais-de-6-mil-vagas","status":"publish","type":"post","link":"https:\/\/noticiasribeiraopreto.com.br\/index.php\/2023\/12\/23\/cursos-tecnicos-de-graca-senac-oferece-mais-de-6-mil-vagas\/","title":{"rendered":"Cursos t\u00e9cnicos de gra\u00e7a? Senac oferece mais de 6 mil vagas"},"content":{"rendered":"<div class='code-block code-block-1' style='margin: 8px 0 8px auto; text-align: right; display: block; clear: both;'>\n<p><a href=\"https:\/\/wa.link\/vpicfd\"><img data-recalc-dims=\"1\" class=\"wp-image-4922\" style=\"aspect-ratio: 2.0253164556962027; width: 561px; height: auto;\" src=\"https:\/\/i0.wp.com\/ismaelcolosi.com.br\/wp-content\/uploads\/2023\/11\/grupo-de-empregos-whatsapp-e-facebook-ismael-colosi-vagas.jpg?ssl=1\" alt=\"\" \/><\/a><\/p>\n<!-- \/wp:image -->\n<\/div>\n<p> <br \/>\n<\/p>\n<div>\n<p>O Servi\u00e7o Nacional de Aprendizagem Comercial (Senac) est\u00e1 com inscri\u00e7\u00f5es abertas at\u00e9 26 de dezembro para diversos cursos t\u00e9cnicos na modalidade de <a href=\"https:\/\/catracalivre.com.br\/educacao\/estude-de-graca-em-dezembro-e-janeiro-com-professores-de-harvard-e-mit\/\">ensino a dist\u00e2ncia<\/a> (EaD).<\/p>\n<p>S\u00e3o oferecidas 6,4 mil vagas em unidades do Senac em oito estados:\u00a0 Esp\u00edrito Santo, Goi\u00e1s, Maranh\u00e3o, Pernambuco, Piau\u00ed, Rio Grande do Norte, Roraima e S\u00e3o Paulo.<\/p>\n<div id=\"attachment_2305914\" class=\"wp-caption aligncenter\">\n<div class=\"d-flex justify-content-center\" data-attachment-id=\"2305914\">\n<div class=\"position-relative d-inline-block\"><img data-recalc-dims=\"1\" data-portal-copyright=\"Divulga\u00e7\u00e3o\/Senac-PR\" fetchpriority=\"high\" decoding=\"async\" class=\"wp-image-2305914 size-large\" src=\"https:\/\/i0.wp.com\/catracalivre.com.br\/wp-content\/uploads\/2023\/10\/cursos-gratuitos-senac-pr-910x683.jpg?resize=910%2C683&#038;ssl=1\" alt=\"Cursos t\u00e9cnicos de gra\u00e7a? Senac oferece mais de 6 mil vagas\" width=\"910\" height=\"683\" srcset=\"https:\/\/catracalivre.com.br\/wp-content\/uploads\/2023\/10\/cursos-gratuitos-senac-pr-910x683.jpg 910w, https:\/\/catracalivre.com.br\/wp-content\/uploads\/2023\/10\/cursos-gratuitos-senac-pr-450x338.jpg 450w, https:\/\/catracalivre.com.br\/wp-content\/uploads\/2023\/10\/cursos-gratuitos-senac-pr-768x576.jpg 768w\" sizes=\"(max-width: 910px) 100vw, 910px\"\/><\/p>\n<p>Cr\u00e9ditos: Divulga\u00e7\u00e3o\/Senac-PR<\/p>\n<\/div>\n<\/div>\n<p><span class=\"post-imagem__legenda\">Cursos t\u00e9cnicos de gra\u00e7a? Senac oferece mais de 6 mil vagas<\/span><\/p>\n<\/div>\n<p>As vagas s\u00e3o para cursos t\u00e9cnicos do oferecidos por meio do Programa Senac de Gratuidade (PSG) com aulas no primeiro semestre de 2024.<\/p>\n<h2>Quem pode se inscrever nos cursos t\u00e9cnicos gratuitos do Senac<\/h2>\n<p>Os cursos t\u00e9cnicos do Senac EaD est\u00e3o focados em proporcionar ensino de qualidade, al\u00e9m de garantirem flexibilidade para que os alunos estudem de onde e quando quiserem.<\/p>\n<p>O PSG destina-se a pessoas com renda familiar mensal per capita que n\u00e3o ultrapasse 2 sal\u00e1rios-m\u00ednimos federais.<\/p>\n<p>Antes de efetuar a inscri\u00e7\u00e3o, voc\u00ea deve verificar as informa\u00e7\u00f5es de \u201cpr\u00e9-requisitos\u201d, dispon\u00edveis no conte\u00fado de cada\u00a0curso\u00a0(como por exemplo, ter o ensino m\u00e9dio conclu\u00eddo ou estar cursando, no m\u00ednimo, o segundo ano do ensino m\u00e9dio) e, certificar-se de que voc\u00ea atende a todos esses crit\u00e9rios exigidos.<\/p>\n<p>A sele\u00e7\u00e3o dos candidatos ser\u00e1 realizada considerando os seguintes crit\u00e9rios:<\/p>\n<p>1 \u2013 sele\u00e7\u00e3o por Estado;<\/p>\n<p>2 \u2013 sele\u00e7\u00e3o para o curso oferecido, conforme disponibilidade de vagas;<\/p>\n<p>3 \u2013 classifica\u00e7\u00e3o obtida pela ordem de inscri\u00e7\u00e3o no curso pelo candidato;<\/p>\n<p>4 \u2013 comprova\u00e7\u00e3o do atendimento da documenta\u00e7\u00e3o exigida para a matr\u00edcula.<\/p>\n<p>O preenchimento das vagas dos\u00a0cursos\u00a0obedecer\u00e1, rigorosamente, aos crit\u00e9rios de classifica\u00e7\u00e3o at\u00e9 completar a quantidade de vagas dispon\u00edveis em cada\u00a0curso, ou seja, pode-se encerrar antes do prazo final que \u00e9 26 de dezembro.<\/p>\n<h3>Requisitos para inscri\u00e7\u00e3o<\/h3>\n<p>A sele\u00e7\u00e3o de candidatos para ingressar em cursos t\u00e9cnicos de n\u00edvel m\u00e9dio destina-se a interessados que preencham os seguintes requisitos cumulativamente:<\/p>\n<p><strong>5 \u2013 <\/strong>Ter idade m\u00ednima, no ato da inscri\u00e7\u00e3o, conforme o curso escolhido:<\/p>\n<ul>\n<li>16 anos para o curso T\u00e9cnico em Administra\u00e7\u00e3o<\/li>\n<li>15 anos para o curso T\u00e9cnico em Contabilidade<\/li>\n<li>16 anos para o curso T\u00e9cnico em Log\u00edstica<\/li>\n<li>16 anos para o curso T\u00e9cnico em Meio Ambiente<\/li>\n<li>16 anos para o curso T\u00e9cnico em Qualidade<\/li>\n<li>16 anos para o curso T\u00e9cnico em Recursos Humanos<\/li>\n<li>17 anos para o curso T\u00e9cnico em Secretariado<\/li>\n<li>16 anos para o curso T\u00e9cnico em Seguran\u00e7a do Trabalho<\/li>\n<li>18 anos para o curso T\u00e9cnico em Transa\u00e7\u00f5es Imobili\u00e1rias<\/li>\n<\/ul>\n<p>6 \u2013 Ter o ensino m\u00e9dio conclu\u00eddo ou estar cursando no m\u00ednimo o segundo ano do ensino m\u00e9dio.<\/p>\n<p>Neste edital, est\u00e3o sendo ofertadas 6.411 vagas, distribu\u00eddas em 8 estados:<\/p>\n<ul>\n<li>Esp\u00edrito Santo: 45<\/li>\n<li>Goi\u00e1s: 775<\/li>\n<li>Maranh\u00e3o: 75<\/li>\n<li>Pernambuco: 465<\/li>\n<li>Piau\u00ed: 40<\/li>\n<li>Rio Grande do Norte: 130<\/li>\n<li>Roraima: 80<\/li>\n<li>S\u00e3o Paulo: 4.801<\/li>\n<\/ul>\n<p>As inscri\u00e7\u00f5es s\u00e3o gratuitas e devem ser realizadas pelo Portal Senac EaD \u2013 Programa Senac de Gratuidade. Acesse <a href=\"http:\/\/ww2.senacead.com.br\/pdf\/EDITAL_PSG_2024.001.pdf\" target=\"_blank\" rel=\"noopener\">aqui<\/a> a p\u00e1gina para acompanhar o edital completo.<\/p>\n<p>O resultado oficial da sele\u00e7\u00e3o tamb\u00e9m ser\u00e1 divulgado no portal. As aulas iniciam em 11 de mar\u00e7o.<\/p>\n<\/div>\n<p><script>\n\t\t! function(f, b, e, v, n, t, s) {\n\t\t\tif (f.fbq) return;\n\t\t\tn = f.fbq = function() {\n\t\t\t\tn.callMethod ?\n\t\t\t\t\tn.callMethod.apply(n, arguments) : n.queue.push(arguments)\n\t\t\t};\n\t\t\tif (!f._fbq) f._fbq = n;\n\t\t\tn.push = n;\n\t\t\tn.loaded = !0;\n\t\t\tn.version = '2.0';\n\t\t\tn.queue = [];\n\t\t\tt = b.createElement(e);\n\t\t\tt.async = !0;\n\t\t\tt.src = v;\n\t\t\ts = b.getElementsByTagName(e)[0];\n\t\t\ts.parentNode.insertBefore(t, s)\n\t\t}(window, document, 'script',\n\t\t\t'https:\/\/connect.facebook.net\/en_US\/fbevents.js');\n\t\tfbq('init', '338315473262380');\n\t\tfbq('track', 'PageView');\n\t<\/script><br \/>\n<br \/><br \/>\n<br \/><a href=\"https:\/\/catracalivre.com.br\/educacao\/cursos-tecnicos-de-graca-senac-oferece-mais-de-6-mil-vagas\/\">Source link <\/a><\/p>\n<!-- CONTENT END 1 -->\n","protected":false},"excerpt":{"rendered":"<p>O Servi\u00e7o Nacional de Aprendizagem Comercial (Senac) est\u00e1 com inscri\u00e7\u00f5es abertas at\u00e9 26 de dezembro para diversos cursos t\u00e9cnicos na modalidade de ensino a dist\u00e2ncia&#8230;<\/p>\n","protected":false},"author":1,"featured_media":19775,"comment_status":"open","ping_status":"open","sticky":false,"template":"","format":"standard","meta":{"advanced_seo_description":"","jetpack_seo_html_title":"","jetpack_seo_noindex":false,"jetpack_post_was_ever_published":false,"_jetpack_newsletter_access":"","_jetpack_dont_email_post_to_subs":false,"_jetpack_newsletter_tier_id":0,"_jetpack_memberships_contains_paywalled_content":false,"_jetpack_memberships_contains_paid_content":false,"footnotes":"","jetpack_publicize_message":"","jetpack_publicize_feature_enabled":true,"jetpack_social_post_already_shared":true,"jetpack_social_options":{"image_generator_settings":{"template":"highway","default_image_id":0,"font":"","enabled":false},"version":2}},"categories":[19],"tags":[],"class_list":["post-19774","post","type-post","status-publish","format-standard","has-post-thumbnail","hentry","category-variedades"],"jetpack_publicize_connections":[],"jetpack_featured_media_url":"https:\/\/i0.wp.com\/noticiasribeiraopreto.com.br\/wp-content\/uploads\/2023\/12\/senac-rj-cursos-gratuitos.jpg?fit=1200%2C638&ssl=1","jetpack-related-posts":[{"id":35890,"url":"https:\/\/noticiasribeiraopreto.com.br\/index.php\/2024\/02\/07\/senac-abre-inscricoes-com-vagas-para-curso-tecnico-gratuito-em-enfermagem-saiba-como-participar\/","url_meta":{"origin":19774,"position":0},"title":"Senac abre inscri\u00e7\u00f5es com vagas para curso T\u00e9cnico gratuito em Enfermagem. Saiba como participar","author":"noticiasribeiraopreto.com.br","date":"7 de February de 2024","format":false,"excerpt":"No Senac-MT, est\u00e3o abertas as inscri\u00e7\u00f5es para os cursos t\u00e9cnicos de enfermagem. S\u00e3o 22 vagas para quem tem mais de 17 anos e concluiu o ensino m\u00e9dio, ou est\u00e1 em andamento. O curso gratuito tem dura\u00e7\u00e3o de 2 anos e forma especialistas qualificados para atuar na \u00e1rea da sa\u00fade. Tem\u2026","rel":"","context":"In &quot;Empregos - Classificados&quot;","block_context":{"text":"Empregos - Classificados","link":"https:\/\/noticiasribeiraopreto.com.br\/index.php\/category\/empregos-classificados-vagas-trabalho\/"},"img":{"alt_text":"","src":"https:\/\/i0.wp.com\/noticiasribeiraopreto.com.br\/wp-content\/uploads\/2024\/02\/Curso.png?fit=1200%2C630&ssl=1&resize=350%2C200","width":350,"height":200,"srcset":"https:\/\/i0.wp.com\/noticiasribeiraopreto.com.br\/wp-content\/uploads\/2024\/02\/Curso.png?fit=1200%2C630&ssl=1&resize=350%2C200 1x, https:\/\/i0.wp.com\/noticiasribeiraopreto.com.br\/wp-content\/uploads\/2024\/02\/Curso.png?fit=1200%2C630&ssl=1&resize=525%2C300 1.5x, https:\/\/i0.wp.com\/noticiasribeiraopreto.com.br\/wp-content\/uploads\/2024\/02\/Curso.png?fit=1200%2C630&ssl=1&resize=700%2C400 2x, https:\/\/i0.wp.com\/noticiasribeiraopreto.com.br\/wp-content\/uploads\/2024\/02\/Curso.png?fit=1200%2C630&ssl=1&resize=1050%2C600 3x"},"classes":[]},{"id":28943,"url":"https:\/\/noticiasribeiraopreto.com.br\/index.php\/2024\/01\/17\/senac-oferta-mais-de-2-300-bolsas-gratuitas\/","url_meta":{"origin":19774,"position":1},"title":"Senac oferta mais de 2.300 bolsas gratuitas\u00a0","author":"noticiasribeiraopreto.com.br","date":"17 de January de 2024","format":false,"excerpt":"16 de janeiro de 2024 | 15:0016 de janeiro de 2024 | 9:18 0In\u00edcio de ano \u00e9 sempre tempo de renova\u00e7\u00e3o e busca de aprimoramento pessoal e profissional. A realiza\u00e7\u00e3o no trabalho exige, cada vez mais, aprimoramento t\u00e9cnico, dedica\u00e7\u00e3o e compet\u00eancias sociais. Tanto que, para o in\u00edcio de 2024, o\u2026","rel":"","context":"In &quot;Not\u00edcias de Ribeir\u00e3o Preto-SP e Regi\u00e3o&quot;","block_context":{"text":"Not\u00edcias de Ribeir\u00e3o Preto-SP e Regi\u00e3o","link":"https:\/\/noticiasribeiraopreto.com.br\/index.php\/category\/noticias-de-ribeirao-preto-sp-e-regiao-ismael-colosi\/"},"img":{"alt_text":"","src":"https:\/\/i0.wp.com\/noticiasribeiraopreto.com.br\/wp-content\/uploads\/2024\/01\/Senac-Alfredo-Risk-scaled.jpg?fit=967%2C645&ssl=1&resize=350%2C200","width":350,"height":200,"srcset":"https:\/\/i0.wp.com\/noticiasribeiraopreto.com.br\/wp-content\/uploads\/2024\/01\/Senac-Alfredo-Risk-scaled.jpg?fit=967%2C645&ssl=1&resize=350%2C200 1x, https:\/\/i0.wp.com\/noticiasribeiraopreto.com.br\/wp-content\/uploads\/2024\/01\/Senac-Alfredo-Risk-scaled.jpg?fit=967%2C645&ssl=1&resize=525%2C300 1.5x, https:\/\/i0.wp.com\/noticiasribeiraopreto.com.br\/wp-content\/uploads\/2024\/01\/Senac-Alfredo-Risk-scaled.jpg?fit=967%2C645&ssl=1&resize=700%2C400 2x"},"classes":[]},{"id":7794,"url":"https:\/\/noticiasribeiraopreto.com.br\/index.php\/2023\/11\/28\/senac-abre-3-mil-vagas-em-cursos-gratuitos-veja-requisitos\/","url_meta":{"origin":19774,"position":2},"title":"Senac abre 3 mil vagas em cursos gratuitos; veja requisitos","author":"noticiasribeiraopreto.com.br","date":"28 de November de 2023","format":false,"excerpt":"O Servi\u00e7o Nacional de Aprendizagem Comercial do Esp\u00edrito Santo (Senac-ES) est\u00e1 oferecendo 3 mil vagas gratuitas para cursos \u00e0 dist\u00e2ncia (EaD) em diversas \u00e1reas estrat\u00e9gicas por meio do Programa Senac de Gratuidade (PSG). O prazo de inscri\u00e7\u00e3o vai at\u00e9 ter\u00e7a-feira, 28, \u00e0s 23h59.As vagas s\u00e3o para cursos gratuitos em setores\u2026","rel":"","context":"In &quot;Variedades&quot;","block_context":{"text":"Variedades","link":"https:\/\/noticiasribeiraopreto.com.br\/index.php\/category\/variedades\/"},"img":{"alt_text":"","src":"https:\/\/i0.wp.com\/noticiasribeiraopreto.com.br\/wp-content\/uploads\/2023\/11\/cursos-gratuitos-senac-es.jpeg?fit=1200%2C638&ssl=1&resize=350%2C200","width":350,"height":200,"srcset":"https:\/\/i0.wp.com\/noticiasribeiraopreto.com.br\/wp-content\/uploads\/2023\/11\/cursos-gratuitos-senac-es.jpeg?fit=1200%2C638&ssl=1&resize=350%2C200 1x, https:\/\/i0.wp.com\/noticiasribeiraopreto.com.br\/wp-content\/uploads\/2023\/11\/cursos-gratuitos-senac-es.jpeg?fit=1200%2C638&ssl=1&resize=525%2C300 1.5x, https:\/\/i0.wp.com\/noticiasribeiraopreto.com.br\/wp-content\/uploads\/2023\/11\/cursos-gratuitos-senac-es.jpeg?fit=1200%2C638&ssl=1&resize=700%2C400 2x, https:\/\/i0.wp.com\/noticiasribeiraopreto.com.br\/wp-content\/uploads\/2023\/11\/cursos-gratuitos-senac-es.jpeg?fit=1200%2C638&ssl=1&resize=1050%2C600 3x"},"classes":[]},{"id":57668,"url":"https:\/\/noticiasribeiraopreto.com.br\/index.php\/2024\/09\/06\/ribeirao-preto-tem-mais-de-900-vagas-para-cursos-tecnicos-e-livres-gratuitos\/","url_meta":{"origin":19774,"position":3},"title":"Ribeir\u00e3o Preto tem mais de 900 vagas para cursos t\u00e9cnicos e livres gratuitos","author":"noticiasribeiraopreto.com.br","date":"6 de September de 2024","format":false,"excerpt":"O Senac de Ribeir\u00e3o Preto est\u00e1 oferecendo mais de 900 bolsas de estudos 100% gratuitas para cursos t\u00e9cnicos e livres at\u00e9 o fim de 2024. As vagas fazem parte do Programa Senac de Gratuidade e devem ser solicitadas 20 dias antes do in\u00edcio do curso desejado \u2013 para acompanhar as\u2026","rel":"","context":"In &quot;Not\u00edcias de Ribeir\u00e3o Preto-SP e Regi\u00e3o&quot;","block_context":{"text":"Not\u00edcias de Ribeir\u00e3o Preto-SP e Regi\u00e3o","link":"https:\/\/noticiasribeiraopreto.com.br\/index.php\/category\/noticias-de-ribeirao-preto-sp-e-regiao-ismael-colosi\/"},"img":{"alt_text":"","src":"https:\/\/i0.wp.com\/noticiasribeiraopreto.com.br\/wp-content\/uploads\/2024\/09\/Copia-de-Copia-de-Copia-de-TAMANHO-EXATO-PARA-FOTOS-NO-SISTEMA-NOVO-34_2024-09-06_18-18-08_png_2024-09-06_18-18-08.webp.webp?fit=1200%2C675&ssl=1&resize=350%2C200","width":350,"height":200,"srcset":"https:\/\/i0.wp.com\/noticiasribeiraopreto.com.br\/wp-content\/uploads\/2024\/09\/Copia-de-Copia-de-Copia-de-TAMANHO-EXATO-PARA-FOTOS-NO-SISTEMA-NOVO-34_2024-09-06_18-18-08_png_2024-09-06_18-18-08.webp.webp?fit=1200%2C675&ssl=1&resize=350%2C200 1x, https:\/\/i0.wp.com\/noticiasribeiraopreto.com.br\/wp-content\/uploads\/2024\/09\/Copia-de-Copia-de-Copia-de-TAMANHO-EXATO-PARA-FOTOS-NO-SISTEMA-NOVO-34_2024-09-06_18-18-08_png_2024-09-06_18-18-08.webp.webp?fit=1200%2C675&ssl=1&resize=525%2C300 1.5x, https:\/\/i0.wp.com\/noticiasribeiraopreto.com.br\/wp-content\/uploads\/2024\/09\/Copia-de-Copia-de-Copia-de-TAMANHO-EXATO-PARA-FOTOS-NO-SISTEMA-NOVO-34_2024-09-06_18-18-08_png_2024-09-06_18-18-08.webp.webp?fit=1200%2C675&ssl=1&resize=700%2C400 2x, https:\/\/i0.wp.com\/noticiasribeiraopreto.com.br\/wp-content\/uploads\/2024\/09\/Copia-de-Copia-de-Copia-de-TAMANHO-EXATO-PARA-FOTOS-NO-SISTEMA-NOVO-34_2024-09-06_18-18-08_png_2024-09-06_18-18-08.webp.webp?fit=1200%2C675&ssl=1&resize=1050%2C600 3x"},"classes":[]},{"id":52223,"url":"https:\/\/noticiasribeiraopreto.com.br\/index.php\/2024\/06\/05\/oportunidade-senac-abre-500-vagas-em-cursos-tecnicos-ead-para-saude-ti-turismo-e-design-veja-como-se-inscrever\/","url_meta":{"origin":19774,"position":4},"title":"Oportunidade! SENAC Abre 500 Vagas em Cursos T\u00e9cnicos EAD para Sa\u00fade, TI, Turismo e Design; Veja como se inscrever","author":"noticiasribeiraopreto.com.br","date":"5 de June de 2024","format":false,"excerpt":"Com mais de 500 locais dispon\u00edveis, os cursos cobrem uma variedade de disciplinas, incluindo sa\u00fade, tecnologia da informa\u00e7\u00e3o, turismo e design. Inscreva-se agora e embarque em uma jornada que pode mudar sua carreira! Cursos t\u00e9cnicos adaptados ao mundo profissional Os cursos t\u00e9cnicos da EAD s\u00e3o cuidadosamente elaborados para atender \u00e0s\u2026","rel":"","context":"In &quot;Empregos - Classificados&quot;","block_context":{"text":"Empregos - Classificados","link":"https:\/\/noticiasribeiraopreto.com.br\/index.php\/category\/empregos-classificados-vagas-trabalho\/"},"img":{"alt_text":"","src":"https:\/\/i0.wp.com\/noticiasribeiraopreto.com.br\/wp-content\/uploads\/2024\/06\/Design-sem-nome-8.webp.webp?fit=1200%2C630&ssl=1&resize=350%2C200","width":350,"height":200,"srcset":"https:\/\/i0.wp.com\/noticiasribeiraopreto.com.br\/wp-content\/uploads\/2024\/06\/Design-sem-nome-8.webp.webp?fit=1200%2C630&ssl=1&resize=350%2C200 1x, https:\/\/i0.wp.com\/noticiasribeiraopreto.com.br\/wp-content\/uploads\/2024\/06\/Design-sem-nome-8.webp.webp?fit=1200%2C630&ssl=1&resize=525%2C300 1.5x, https:\/\/i0.wp.com\/noticiasribeiraopreto.com.br\/wp-content\/uploads\/2024\/06\/Design-sem-nome-8.webp.webp?fit=1200%2C630&ssl=1&resize=700%2C400 2x, https:\/\/i0.wp.com\/noticiasribeiraopreto.com.br\/wp-content\/uploads\/2024\/06\/Design-sem-nome-8.webp.webp?fit=1200%2C630&ssl=1&resize=1050%2C600 3x"},"classes":[]},{"id":54233,"url":"https:\/\/noticiasribeiraopreto.com.br\/index.php\/2024\/07\/05\/oportunidade-senac-abre-500-vagas-em-cursos-tecnicos-ead-para-saude-ti-turismo-e-design-veja-como-se-inscrever-2\/","url_meta":{"origin":19774,"position":5},"title":"Oportunidade! SENAC Abre 500 Vagas em Cursos T\u00e9cnicos EAD para Sa\u00fade, TI, Turismo e Design; Veja como se inscrever","author":"noticiasribeiraopreto.com.br","date":"5 de July de 2024","format":false,"excerpt":"Com mais de 500 locais dispon\u00edveis, os cursos cobrem uma variedade de disciplinas, incluindo sa\u00fade, tecnologia da informa\u00e7\u00e3o, turismo e design. Inscreva-se agora e embarque em uma jornada que pode mudar sua carreira! Cursos t\u00e9cnicos adaptados ao mundo profissional Os cursos t\u00e9cnicos da EAD s\u00e3o cuidadosamente elaborados para atender \u00e0s\u2026","rel":"","context":"In &quot;Empregos - Classificados&quot;","block_context":{"text":"Empregos - Classificados","link":"https:\/\/noticiasribeiraopreto.com.br\/index.php\/category\/empregos-classificados-vagas-trabalho\/"},"img":{"alt_text":"","src":"https:\/\/i0.wp.com\/noticiasribeiraopreto.com.br\/wp-content\/uploads\/2024\/06\/Design-sem-nome-8.webp.webp?fit=1200%2C630&ssl=1&resize=350%2C200","width":350,"height":200,"srcset":"https:\/\/i0.wp.com\/noticiasribeiraopreto.com.br\/wp-content\/uploads\/2024\/06\/Design-sem-nome-8.webp.webp?fit=1200%2C630&ssl=1&resize=350%2C200 1x, https:\/\/i0.wp.com\/noticiasribeiraopreto.com.br\/wp-content\/uploads\/2024\/06\/Design-sem-nome-8.webp.webp?fit=1200%2C630&ssl=1&resize=525%2C300 1.5x, https:\/\/i0.wp.com\/noticiasribeiraopreto.com.br\/wp-content\/uploads\/2024\/06\/Design-sem-nome-8.webp.webp?fit=1200%2C630&ssl=1&resize=700%2C400 2x, https:\/\/i0.wp.com\/noticiasribeiraopreto.com.br\/wp-content\/uploads\/2024\/06\/Design-sem-nome-8.webp.webp?fit=1200%2C630&ssl=1&resize=1050%2C600 3x"},"classes":[]}],"jetpack_sharing_enabled":true,"jetpack_shortlink":"https:\/\/wp.me\/peQAOb-58W","_links":{"self":[{"href":"https:\/\/noticiasribeiraopreto.com.br\/index.php\/wp-json\/wp\/v2\/posts\/19774","targetHints":{"allow":["GET"]}}],"collection":[{"href":"https:\/\/noticiasribeiraopreto.com.br\/index.php\/wp-json\/wp\/v2\/posts"}],"about":[{"href":"https:\/\/noticiasribeiraopreto.com.br\/index.php\/wp-json\/wp\/v2\/types\/post"}],"author":[{"embeddable":true,"href":"https:\/\/noticiasribeiraopreto.com.br\/index.php\/wp-json\/wp\/v2\/users\/1"}],"replies":[{"embeddable":true,"href":"https:\/\/noticiasribeiraopreto.com.br\/index.php\/wp-json\/wp\/v2\/comments?post=19774"}],"version-history":[{"count":0,"href":"https:\/\/noticiasribeiraopreto.com.br\/index.php\/wp-json\/wp\/v2\/posts\/19774\/revisions"}],"wp:featuredmedia":[{"embeddable":true,"href":"https:\/\/noticiasribeiraopreto.com.br\/index.php\/wp-json\/wp\/v2\/media\/19775"}],"wp:attachment":[{"href":"https:\/\/noticiasribeiraopreto.com.br\/index.php\/wp-json\/wp\/v2\/media?parent=19774"}],"wp:term":[{"taxonomy":"category","embeddable":true,"href":"https:\/\/noticiasribeiraopreto.com.br\/index.php\/wp-json\/wp\/v2\/categories?post=19774"},{"taxonomy":"post_tag","embeddable":true,"href":"https:\/\/noticiasribeiraopreto.com.br\/index.php\/wp-json\/wp\/v2\/tags?post=19774"}],"curies":[{"name":"wp","href":"https:\/\/api.w.org\/{rel}","templated":true}]}}