{"id":19780,"date":"2023-12-23T08:39:02","date_gmt":"2023-12-23T11:39:02","guid":{"rendered":"https:\/\/noticiasribeiraopreto.com.br\/index.php\/2023\/12\/23\/quem-vai-sofrer-mais-com-as-altas-temperaturas-do-verao\/"},"modified":"2023-12-23T08:39:02","modified_gmt":"2023-12-23T11:39:02","slug":"quem-vai-sofrer-mais-com-as-altas-temperaturas-do-verao","status":"publish","type":"post","link":"https:\/\/noticiasribeiraopreto.com.br\/index.php\/2023\/12\/23\/quem-vai-sofrer-mais-com-as-altas-temperaturas-do-verao\/","title":{"rendered":"Quem vai sofrer mais com as altas temperaturas do ver\u00e3o?"},"content":{"rendered":"<div class='code-block code-block-1' style='margin: 8px 0 8px auto; text-align: right; display: block; clear: both;'>\n<p><a href=\"https:\/\/wa.link\/vpicfd\"><img data-recalc-dims=\"1\" class=\"wp-image-4922\" style=\"aspect-ratio: 2.0253164556962027; width: 561px; height: auto;\" src=\"https:\/\/i0.wp.com\/ismaelcolosi.com.br\/wp-content\/uploads\/2023\/11\/grupo-de-empregos-whatsapp-e-facebook-ismael-colosi-vagas.jpg?ssl=1\" alt=\"\" \/><\/a><\/p>\n<!-- \/wp:image -->\n<\/div>\n<p> <br \/>\n<\/p>\n<div>\n<div id=\"attachment_2124663\" class=\"wp-caption alignnone\">\n<div class=\"d-flex justify-content-center\" data-attachment-id=\"2124663\">\n<div class=\"position-relative d-inline-block\"><img data-recalc-dims=\"1\" data-portal-copyright=\"Jorge Araujo\/Fotos Publicas\" fetchpriority=\"high\" decoding=\"async\" class=\"wp-image-2124663 size-full\" src=\"https:\/\/i0.wp.com\/catracalivre.com.br\/wp-content\/uploads\/2020\/09\/mjjm.jpg?resize=1928%2C1131&#038;ssl=1\" alt=\"Altas temperaturas: O calor mata 15 milh\u00f5es de pessoas ao ano, afirma OMS \u2013 Jorge Araujo\/ Fotos Publicas\" width=\"1928\" height=\"1131\" srcset=\"https:\/\/catracalivre.com.br\/wp-content\/uploads\/2020\/09\/mjjm.jpg 1928w, https:\/\/catracalivre.com.br\/wp-content\/uploads\/2020\/09\/mjjm-450x264.jpg 450w, https:\/\/catracalivre.com.br\/wp-content\/uploads\/2020\/09\/mjjm-768x451.jpg 768w\" sizes=\"(max-width: 1928px) 100vw, 1928px\"\/><\/p>\n<p>Cr\u00e9ditos: Jorge Araujo\/Fotos Publicas<\/p>\n<\/div>\n<\/div>\n<p><span class=\"post-imagem__legenda\">Altas temperaturas: O calor mata 15 milh\u00f5es de pessoas ao ano, afirma OMS \u2013 Jorge Araujo\/ Fotos Publicas<\/span><\/p>\n<\/div>\n<p>Com temperaturas acima dos 35\u00ba graus de Norte a Sul do pa\u00eds, os pr\u00f3ximos meses indicam que o Brasil passar\u00e1 por um dos <strong><a href=\"https:\/\/catracalivre.com.br\/viagem-livre\/catraca-livre-indica-as-11-praias-mais-vazias-do-litoral-de-sao-paulo-para-curtir-o-verao\/\" target=\"_blank\" rel=\"noopener\">ver\u00f5es<\/a><\/strong> mais quentes das \u00faltimas d\u00e9cadas.<\/p>\n<p>Parte disso desse fen\u00f4meno se explica pela jun\u00e7\u00e3o de fatores determinantes para as altas temperaturas: o aquecimento global e do fen\u00f4meno clim\u00e1tico El Ni\u00f1o, respons\u00e1veis por impactar diretamente a temperatura dos oceanos e, consequentemente, o clima em todo o planeta.<\/p>\n<p>Com previs\u00e3o de calor acima da m\u00e9dia na maior parte do Brasil em 2024, o as temperaturas tendem a chegar em alguns estados com ainda maior for\u00e7a do que nos meses passados.<\/p>\n<p>Segundo o <strong><a href=\"https:\/\/metsul.com\/\" target=\"_blank\" rel=\"noopener\">Instituto de Metereologia Metsul<\/a><\/strong>, o Centro do pa\u00eds e \u00e1reas do Norte e do Nordeste podem anotar temperaturas mais altas ou muito mais elevadas do que o habitual. Ser\u00e1 um ver\u00e3o excepcional para os padr\u00f5es hist\u00f3ricos em muitas cidades de parte do Norte do Brasil, especialmente mais ao Sul da regi\u00e3o amaz\u00f4nica, no Centro-Oeste, em muitas \u00e1reas do Sudeste e ainda em parte do Nordeste.<\/p>\n<h2>Quais s\u00e3o os riscos das altas temperaturas do ver\u00e3o?<\/h2>\n<p>\u00c9 impressionante perceber como um clima extremamente quente pode afetar nossa sa\u00fade. Um estudo realizado por pesquisadores brasileiros e australianos revelou que as altas temperaturas correspondem a 7% das interna\u00e7\u00f5es do SUS, um n\u00famero bastante representativo. O ser humano possui mecanismos para regular sua temperatura corporal, como a dilata\u00e7\u00e3o dos vasos sangu\u00edneos para liberar calor e a produ\u00e7\u00e3o de suor, que resfria a pele pela evapora\u00e7\u00e3o. Quando estes mecanismos falham, podem ocorrer consequ\u00eancias graves, incluindo a morte.<\/p>\n<h2>Quem sofre mais?<\/h2>\n<p>Existem grupos que s\u00e3o mais sens\u00edveis ao calor extremo, principalmente obesos, mulheres, crian\u00e7as, idosos, diab\u00e9ticos, card\u00edacos e pacientes renais. Profissionais que trabalham expostos ao sol tamb\u00e9m est\u00e3o inclusos nesse grupo. Renda tamb\u00e9m \u00e9 um fator de risco: pessoas sem acesso a ar condicionado, que vivem em casas mal ventiladas ou que precisam utilizar transportes p\u00fablicos lotados t\u00eam mais chance de sofrer estresse t\u00e9rmico.<\/p>\n<p>Como se proteger dessa onda de calor extremo?<br \/>Diante das perigosas ondas de calor que o Brasil experi\u00eancia atualmente, especialistas recomendam evitar ao m\u00e1ximo a exposi\u00e7\u00e3o ao sol e ao calor intenso. Caracter\u00edsticos como refrescantes, as praias, piscinas e cachoeiras podem ser perigosos quando o term\u00f4metro dispara. O professor Paulo Saldiva, da Faculdade de Medicina da USP, ressalta que a preocupa\u00e7\u00e3o deve ir al\u00e9m da prote\u00e7\u00e3o da pele, pois n\u00e3o existem protetores para os \u00f3rg\u00e3os vitais, como cora\u00e7\u00e3o, rins e c\u00e9rebro.<\/p>\n<p>Entre as medidas recomendadas para reduzir os riscos do calor extremo, est\u00e3o: evitar atividades ao ar livre no per\u00edodo mais quente do dia, usar roupas leves e de cores claras, beber \u00e1gua ao longo do dia e, se poss\u00edvel, ficar em ambientes climatizados.<\/p>\n<\/div>\n<p><script>\n\t\t! function(f, b, e, v, n, t, s) {\n\t\t\tif (f.fbq) return;\n\t\t\tn = f.fbq = function() {\n\t\t\t\tn.callMethod ?\n\t\t\t\t\tn.callMethod.apply(n, arguments) : n.queue.push(arguments)\n\t\t\t};\n\t\t\tif (!f._fbq) f._fbq = n;\n\t\t\tn.push = n;\n\t\t\tn.loaded = !0;\n\t\t\tn.version = '2.0';\n\t\t\tn.queue = [];\n\t\t\tt = b.createElement(e);\n\t\t\tt.async = !0;\n\t\t\tt.src = v;\n\t\t\ts = b.getElementsByTagName(e)[0];\n\t\t\ts.parentNode.insertBefore(t, s)\n\t\t}(window, document, 'script',\n\t\t\t'https:\/\/connect.facebook.net\/en_US\/fbevents.js');\n\t\tfbq('init', '338315473262380');\n\t\tfbq('track', 'PageView');\n\t<\/script><br \/>\n<br \/><br \/>\n<br \/><a href=\"https:\/\/catracalivre.com.br\/saude-bem-estar\/quem-vai-sofrer-mais-com-as-altas-temperaturas-do-verao\/\">Source link <\/a><\/p>\n<!-- CONTENT END 1 -->\n","protected":false},"excerpt":{"rendered":"<p>Cr\u00e9ditos: Jorge Araujo\/Fotos Publicas Altas temperaturas: O calor mata 15 milh\u00f5es de pessoas ao ano, afirma OMS \u2013 Jorge Araujo\/ Fotos Publicas Com temperaturas acima&#8230;<\/p>\n","protected":false},"author":1,"featured_media":19781,"comment_status":"open","ping_status":"open","sticky":false,"template":"","format":"standard","meta":{"advanced_seo_description":"","jetpack_seo_html_title":"","jetpack_seo_noindex":false,"jetpack_post_was_ever_published":false,"_jetpack_newsletter_access":"","_jetpack_dont_email_post_to_subs":false,"_jetpack_newsletter_tier_id":0,"_jetpack_memberships_contains_paywalled_content":false,"_jetpack_memberships_contains_paid_content":false,"footnotes":"","jetpack_publicize_message":"","jetpack_publicize_feature_enabled":true,"jetpack_social_post_already_shared":true,"jetpack_social_options":{"image_generator_settings":{"template":"highway","default_image_id":0,"font":"","enabled":false},"version":2}},"categories":[19],"tags":[],"class_list":["post-19780","post","type-post","status-publish","format-standard","has-post-thumbnail","hentry","category-variedades"],"jetpack_publicize_connections":[],"jetpack_featured_media_url":"https:\/\/i0.wp.com\/noticiasribeiraopreto.com.br\/wp-content\/uploads\/2023\/12\/mjjm.jpg?fit=1200%2C638&ssl=1","jetpack-related-posts":[{"id":84503,"url":"https:\/\/noticiasribeiraopreto.com.br\/index.php\/2026\/04\/10\/frente-fria-pode-trazer-chuva-e-deixar-temperatura-mais-amena\/","url_meta":{"origin":19780,"position":0},"title":"Frente fria pode trazer chuva e deixar temperatura mais amena","author":"noticiasribeiraopreto.com.br","date":"10 de April de 2026","format":false,"excerpt":"Ler o resumo da not\u00edcia Frente fria traz chuva moderada a forte para o Sudeste nesta sexta-feira (10), secondo a Climatempo. Sistema avan\u00e7a pelo oceano na altura do Esp\u00edrito Santo, causando instabilidades tamb\u00e9m em Minas Gerais e Rio de Janeiro. Ventos de at\u00e9 50 km\/h devem atingir o leste e\u2026","rel":"","context":"In &quot;Not\u00edcias de Ribeir\u00e3o Preto-SP e Regi\u00e3o&quot;","block_context":{"text":"Not\u00edcias de Ribeir\u00e3o Preto-SP e Regi\u00e3o","link":"https:\/\/noticiasribeiraopreto.com.br\/index.php\/category\/noticias-de-ribeirao-preto-sp-e-regiao-ismael-colosi\/"},"img":{"alt_text":"","src":"https:\/\/i0.wp.com\/noticiasribeiraopreto.com.br\/wp-content\/uploads\/2026\/04\/WhatsApp-Image-2026-02-01-at-09.13.38_2026-02-01_12-28-08.webp.webp?fit=1200%2C675&ssl=1&resize=350%2C200","width":350,"height":200,"srcset":"https:\/\/i0.wp.com\/noticiasribeiraopreto.com.br\/wp-content\/uploads\/2026\/04\/WhatsApp-Image-2026-02-01-at-09.13.38_2026-02-01_12-28-08.webp.webp?fit=1200%2C675&ssl=1&resize=350%2C200 1x, https:\/\/i0.wp.com\/noticiasribeiraopreto.com.br\/wp-content\/uploads\/2026\/04\/WhatsApp-Image-2026-02-01-at-09.13.38_2026-02-01_12-28-08.webp.webp?fit=1200%2C675&ssl=1&resize=525%2C300 1.5x, https:\/\/i0.wp.com\/noticiasribeiraopreto.com.br\/wp-content\/uploads\/2026\/04\/WhatsApp-Image-2026-02-01-at-09.13.38_2026-02-01_12-28-08.webp.webp?fit=1200%2C675&ssl=1&resize=700%2C400 2x, https:\/\/i0.wp.com\/noticiasribeiraopreto.com.br\/wp-content\/uploads\/2026\/04\/WhatsApp-Image-2026-02-01-at-09.13.38_2026-02-01_12-28-08.webp.webp?fit=1200%2C675&ssl=1&resize=1050%2C600 3x"},"classes":[]},{"id":75819,"url":"https:\/\/noticiasribeiraopreto.com.br\/index.php\/2025\/08\/15\/veranico-no-interior-de-sp-temperaturas-podem-chegar-a-35-c\/","url_meta":{"origin":19780,"position":1},"title":"Veranico no interior de SP: temperaturas podem chegar a 35\u202f\u00b0C","author":"noticiasribeiraopreto.com.br","date":"15 de August de 2025","format":false,"excerpt":"Ap\u00f3s um per\u00edodo de temperaturas mais baixas, o interior de S\u00e3o Paulo se prepara para enfrentar um novo veranico, com temperaturas muito acima da m\u00e9dia para o inverno, a partir da pr\u00f3xima quarta-feira (20). De acordo com a Climatempo, o per\u00edodo n\u00e3o ser\u00e1 classificado como onda de calor, no entanto,\u2026","rel":"","context":"In &quot;Not\u00edcias de Ribeir\u00e3o Preto-SP e Regi\u00e3o&quot;","block_context":{"text":"Not\u00edcias de Ribeir\u00e3o Preto-SP e Regi\u00e3o","link":"https:\/\/noticiasribeiraopreto.com.br\/index.php\/category\/noticias-de-ribeirao-preto-sp-e-regiao-ismael-colosi\/"},"img":{"alt_text":"","src":"https:\/\/i0.wp.com\/noticiasribeiraopreto.com.br\/wp-content\/uploads\/2025\/08\/WhatsApp-Image-2025-08-15-at-06.23.01_2025-08-15_10-04-02-1024x576.webp.webp?fit=1024%2C576&ssl=1&resize=350%2C200","width":350,"height":200,"srcset":"https:\/\/i0.wp.com\/noticiasribeiraopreto.com.br\/wp-content\/uploads\/2025\/08\/WhatsApp-Image-2025-08-15-at-06.23.01_2025-08-15_10-04-02-1024x576.webp.webp?fit=1024%2C576&ssl=1&resize=350%2C200 1x, https:\/\/i0.wp.com\/noticiasribeiraopreto.com.br\/wp-content\/uploads\/2025\/08\/WhatsApp-Image-2025-08-15-at-06.23.01_2025-08-15_10-04-02-1024x576.webp.webp?fit=1024%2C576&ssl=1&resize=525%2C300 1.5x, https:\/\/i0.wp.com\/noticiasribeiraopreto.com.br\/wp-content\/uploads\/2025\/08\/WhatsApp-Image-2025-08-15-at-06.23.01_2025-08-15_10-04-02-1024x576.webp.webp?fit=1024%2C576&ssl=1&resize=700%2C400 2x"},"classes":[]},{"id":84654,"url":"https:\/\/noticiasribeiraopreto.com.br\/index.php\/2026\/04\/13\/morador-de-ribeirao-preto-morre-baleado-no-rj\/","url_meta":{"origin":19780,"position":2},"title":"Morador de Ribeir\u00e3o Preto morre baleado no RJ","author":"noticiasribeiraopreto.com.br","date":"13 de April de 2026","format":false,"excerpt":"Ler o resumo da not\u00edcia \r Empres\u00e1rio de Ribeir\u00e3o Preto foi baleado durante briga em bar na Barra da Tijuca, Rio de Janeiro.\r Ryan Victor Araujo dos Santos, 28 anos, morreu no incidente.\r Crime ocorreu na madrugada desta segunda-feira (13).\r Caso foi registrado na zona Oeste do Rio de Janeiro.\r\u2026","rel":"","context":"In &quot;Not\u00edcias de Ribeir\u00e3o Preto-SP e Regi\u00e3o&quot;","block_context":{"text":"Not\u00edcias de Ribeir\u00e3o Preto-SP e Regi\u00e3o","link":"https:\/\/noticiasribeiraopreto.com.br\/index.php\/category\/noticias-de-ribeirao-preto-sp-e-regiao-ismael-colosi\/"},"img":{"alt_text":"","src":"https:\/\/i0.wp.com\/noticiasribeiraopreto.com.br\/wp-content\/uploads\/2026\/04\/palace-2026-04-13T174425.439_2026-04-13_20-44-44.webp.webp?fit=1200%2C675&ssl=1&resize=350%2C200","width":350,"height":200,"srcset":"https:\/\/i0.wp.com\/noticiasribeiraopreto.com.br\/wp-content\/uploads\/2026\/04\/palace-2026-04-13T174425.439_2026-04-13_20-44-44.webp.webp?fit=1200%2C675&ssl=1&resize=350%2C200 1x, https:\/\/i0.wp.com\/noticiasribeiraopreto.com.br\/wp-content\/uploads\/2026\/04\/palace-2026-04-13T174425.439_2026-04-13_20-44-44.webp.webp?fit=1200%2C675&ssl=1&resize=525%2C300 1.5x, https:\/\/i0.wp.com\/noticiasribeiraopreto.com.br\/wp-content\/uploads\/2026\/04\/palace-2026-04-13T174425.439_2026-04-13_20-44-44.webp.webp?fit=1200%2C675&ssl=1&resize=700%2C400 2x, https:\/\/i0.wp.com\/noticiasribeiraopreto.com.br\/wp-content\/uploads\/2026\/04\/palace-2026-04-13T174425.439_2026-04-13_20-44-44.webp.webp?fit=1200%2C675&ssl=1&resize=1050%2C600 3x"},"classes":[]},{"id":77517,"url":"https:\/\/noticiasribeiraopreto.com.br\/index.php\/2025\/09\/20\/temperaturas-sobem-no-interior-antes-da-chegada-de-nova-frente-fria-veja-previsao\/","url_meta":{"origin":19780,"position":3},"title":"Temperaturas sobem no interior antes da chegada de nova frente fria; Veja previs\u00e3o","author":"noticiasribeiraopreto.com.br","date":"20 de September de 2025","format":false,"excerpt":"Ribeir\u00e3o Preto ter\u00e1 um s\u00e1bado (20) de sol entre muitas nuvens e momentos de c\u00e9u nublado. As temperaturas ficam entre 20\u00baC e 33\u00baC. De acordo com os especialistas, o calor pr\u00e9-frontal contribui para a eleva\u00e7\u00e3o dos term\u00f4metros neste fim de semana, antes da chegada de uma nova frente fria \u2013\u2026","rel":"","context":"In &quot;Not\u00edcias de Ribeir\u00e3o Preto-SP e Regi\u00e3o&quot;","block_context":{"text":"Not\u00edcias de Ribeir\u00e3o Preto-SP e Regi\u00e3o","link":"https:\/\/noticiasribeiraopreto.com.br\/index.php\/category\/noticias-de-ribeirao-preto-sp-e-regiao-ismael-colosi\/"},"img":{"alt_text":"","src":"https:\/\/i0.wp.com\/noticiasribeiraopreto.com.br\/wp-content\/uploads\/2025\/09\/ribeirao-preto-aerea_2025-09-12_20-27-53.webp.webp?fit=1200%2C800&ssl=1&resize=350%2C200","width":350,"height":200,"srcset":"https:\/\/i0.wp.com\/noticiasribeiraopreto.com.br\/wp-content\/uploads\/2025\/09\/ribeirao-preto-aerea_2025-09-12_20-27-53.webp.webp?fit=1200%2C800&ssl=1&resize=350%2C200 1x, https:\/\/i0.wp.com\/noticiasribeiraopreto.com.br\/wp-content\/uploads\/2025\/09\/ribeirao-preto-aerea_2025-09-12_20-27-53.webp.webp?fit=1200%2C800&ssl=1&resize=525%2C300 1.5x, https:\/\/i0.wp.com\/noticiasribeiraopreto.com.br\/wp-content\/uploads\/2025\/09\/ribeirao-preto-aerea_2025-09-12_20-27-53.webp.webp?fit=1200%2C800&ssl=1&resize=700%2C400 2x, https:\/\/i0.wp.com\/noticiasribeiraopreto.com.br\/wp-content\/uploads\/2025\/09\/ribeirao-preto-aerea_2025-09-12_20-27-53.webp.webp?fit=1200%2C800&ssl=1&resize=1050%2C600 3x"},"classes":[]},{"id":79324,"url":"https:\/\/noticiasribeiraopreto.com.br\/index.php\/2025\/10\/29\/alerta-de-tempestade-e-queda-nas-temperaturas-e-emitido-para-o-interior-de-sp-veja-previsao\/","url_meta":{"origin":19780,"position":4},"title":"Alerta de tempestade e queda nas temperaturas \u00e9 emitido para o interior de SP; Veja previs\u00e3o","author":"noticiasribeiraopreto.com.br","date":"29 de October de 2025","format":false,"excerpt":"O interior do estado de S\u00e3o Paulo recebeu um novo alerta do Inmet (Instituto Nacional de Meteorologia) para o perigo potencial de tempestades em v\u00e1rias regi\u00f5es \u2014 veja abaixo De acordo com a Climatempo, uma frente fria se afasta para o oceano nesta quarta, no entanto, um novo sistema dever\u00e1\u2026","rel":"","context":"In &quot;Not\u00edcias de Ribeir\u00e3o Preto-SP e Regi\u00e3o&quot;","block_context":{"text":"Not\u00edcias de Ribeir\u00e3o Preto-SP e Regi\u00e3o","link":"https:\/\/noticiasribeiraopreto.com.br\/index.php\/category\/noticias-de-ribeirao-preto-sp-e-regiao-ismael-colosi\/"},"img":{"alt_text":"","src":"https:\/\/i0.wp.com\/noticiasribeiraopreto.com.br\/wp-content\/uploads\/2025\/10\/WhatsApp-Image-2024-12-20-at-12.48.29-1_2024-12-20_16-00-01_jpeg_2024-12-20_16-00-01.webp.webp?fit=1200%2C675&ssl=1&resize=350%2C200","width":350,"height":200,"srcset":"https:\/\/i0.wp.com\/noticiasribeiraopreto.com.br\/wp-content\/uploads\/2025\/10\/WhatsApp-Image-2024-12-20-at-12.48.29-1_2024-12-20_16-00-01_jpeg_2024-12-20_16-00-01.webp.webp?fit=1200%2C675&ssl=1&resize=350%2C200 1x, https:\/\/i0.wp.com\/noticiasribeiraopreto.com.br\/wp-content\/uploads\/2025\/10\/WhatsApp-Image-2024-12-20-at-12.48.29-1_2024-12-20_16-00-01_jpeg_2024-12-20_16-00-01.webp.webp?fit=1200%2C675&ssl=1&resize=525%2C300 1.5x, https:\/\/i0.wp.com\/noticiasribeiraopreto.com.br\/wp-content\/uploads\/2025\/10\/WhatsApp-Image-2024-12-20-at-12.48.29-1_2024-12-20_16-00-01_jpeg_2024-12-20_16-00-01.webp.webp?fit=1200%2C675&ssl=1&resize=700%2C400 2x, https:\/\/i0.wp.com\/noticiasribeiraopreto.com.br\/wp-content\/uploads\/2025\/10\/WhatsApp-Image-2024-12-20-at-12.48.29-1_2024-12-20_16-00-01_jpeg_2024-12-20_16-00-01.webp.webp?fit=1200%2C675&ssl=1&resize=1050%2C600 3x"},"classes":[]},{"id":84721,"url":"https:\/\/noticiasribeiraopreto.com.br\/index.php\/2026\/04\/14\/pm-e-preso-suspeito-de-matar-morador-de-ribeirao-preto-em-bar-no-rj\/","url_meta":{"origin":19780,"position":5},"title":"PM \u00e9 preso suspeito de matar morador de Ribeir\u00e3o Preto em bar no RJ","author":"noticiasribeiraopreto.com.br","date":"14 de April de 2026","format":false,"excerpt":"Ler o resumo da not\u00edcia PM Milton Lopes dos Santos, do 31\u00ba BPM, foi preso suspeito de matar Ryan Victor Ara\u00fajo dos Santos, de 28 anos, em bar na Barra da Tijuca, RJ. A v\u00edtima era moradora de Ribeir\u00e3o Preto; o crime ocorreu ap\u00f3s discuss\u00e3o por causa de um camarote\u2026","rel":"","context":"In &quot;Not\u00edcias de Ribeir\u00e3o Preto-SP e Regi\u00e3o&quot;","block_context":{"text":"Not\u00edcias de Ribeir\u00e3o Preto-SP e Regi\u00e3o","link":"https:\/\/noticiasribeiraopreto.com.br\/index.php\/category\/noticias-de-ribeirao-preto-sp-e-regiao-ismael-colosi\/"},"img":{"alt_text":"","src":"https:\/\/i0.wp.com\/noticiasribeiraopreto.com.br\/wp-content\/uploads\/2026\/04\/palace-2026-04-13T174425.439_2026-04-13_20-44-44.webp.webp?fit=1200%2C675&ssl=1&resize=350%2C200","width":350,"height":200,"srcset":"https:\/\/i0.wp.com\/noticiasribeiraopreto.com.br\/wp-content\/uploads\/2026\/04\/palace-2026-04-13T174425.439_2026-04-13_20-44-44.webp.webp?fit=1200%2C675&ssl=1&resize=350%2C200 1x, https:\/\/i0.wp.com\/noticiasribeiraopreto.com.br\/wp-content\/uploads\/2026\/04\/palace-2026-04-13T174425.439_2026-04-13_20-44-44.webp.webp?fit=1200%2C675&ssl=1&resize=525%2C300 1.5x, https:\/\/i0.wp.com\/noticiasribeiraopreto.com.br\/wp-content\/uploads\/2026\/04\/palace-2026-04-13T174425.439_2026-04-13_20-44-44.webp.webp?fit=1200%2C675&ssl=1&resize=700%2C400 2x, https:\/\/i0.wp.com\/noticiasribeiraopreto.com.br\/wp-content\/uploads\/2026\/04\/palace-2026-04-13T174425.439_2026-04-13_20-44-44.webp.webp?fit=1200%2C675&ssl=1&resize=1050%2C600 3x"},"classes":[]}],"jetpack_sharing_enabled":true,"jetpack_shortlink":"https:\/\/wp.me\/peQAOb-592","_links":{"self":[{"href":"https:\/\/noticiasribeiraopreto.com.br\/index.php\/wp-json\/wp\/v2\/posts\/19780","targetHints":{"allow":["GET"]}}],"collection":[{"href":"https:\/\/noticiasribeiraopreto.com.br\/index.php\/wp-json\/wp\/v2\/posts"}],"about":[{"href":"https:\/\/noticiasribeiraopreto.com.br\/index.php\/wp-json\/wp\/v2\/types\/post"}],"author":[{"embeddable":true,"href":"https:\/\/noticiasribeiraopreto.com.br\/index.php\/wp-json\/wp\/v2\/users\/1"}],"replies":[{"embeddable":true,"href":"https:\/\/noticiasribeiraopreto.com.br\/index.php\/wp-json\/wp\/v2\/comments?post=19780"}],"version-history":[{"count":0,"href":"https:\/\/noticiasribeiraopreto.com.br\/index.php\/wp-json\/wp\/v2\/posts\/19780\/revisions"}],"wp:featuredmedia":[{"embeddable":true,"href":"https:\/\/noticiasribeiraopreto.com.br\/index.php\/wp-json\/wp\/v2\/media\/19781"}],"wp:attachment":[{"href":"https:\/\/noticiasribeiraopreto.com.br\/index.php\/wp-json\/wp\/v2\/media?parent=19780"}],"wp:term":[{"taxonomy":"category","embeddable":true,"href":"https:\/\/noticiasribeiraopreto.com.br\/index.php\/wp-json\/wp\/v2\/categories?post=19780"},{"taxonomy":"post_tag","embeddable":true,"href":"https:\/\/noticiasribeiraopreto.com.br\/index.php\/wp-json\/wp\/v2\/tags?post=19780"}],"curies":[{"name":"wp","href":"https:\/\/api.w.org\/{rel}","templated":true}]}}