{"id":19782,"date":"2023-12-23T09:02:56","date_gmt":"2023-12-23T12:02:56","guid":{"rendered":"https:\/\/noticiasribeiraopreto.com.br\/index.php\/2023\/12\/23\/vai-ter-pagamento-do-abono-natalino\/"},"modified":"2023-12-23T09:02:56","modified_gmt":"2023-12-23T12:02:56","slug":"vai-ter-pagamento-do-abono-natalino","status":"publish","type":"post","link":"https:\/\/noticiasribeiraopreto.com.br\/index.php\/2023\/12\/23\/vai-ter-pagamento-do-abono-natalino\/","title":{"rendered":"vai ter pagamento do abono natalino!"},"content":{"rendered":"<div class='code-block code-block-1' style='margin: 8px 0 8px auto; text-align: right; display: block; clear: both;'>\n<p><a href=\"https:\/\/wa.link\/vpicfd\"><img data-recalc-dims=\"1\" class=\"wp-image-4922\" style=\"aspect-ratio: 2.0253164556962027; width: 561px; height: auto;\" src=\"https:\/\/i0.wp.com\/ismaelcolosi.com.br\/wp-content\/uploads\/2023\/11\/grupo-de-empregos-whatsapp-e-facebook-ismael-colosi-vagas.jpg?ssl=1\" alt=\"\" \/><\/a><\/p>\n<!-- \/wp:image -->\n<\/div>\n<p> <br \/>\n<\/p>\n<div>\n<div id=\"attachment_2286497\" class=\"wp-caption alignnone\">\n<div class=\"d-flex justify-content-center\" data-attachment-id=\"2286497\">\n<div class=\"position-relative d-inline-block\"><img data-recalc-dims=\"1\" data-portal-copyright=\"Ag\u00eancia Brasil\/Jos\u00e9 Cruz\" fetchpriority=\"high\" decoding=\"async\" class=\"size-full wp-image-2286497\" src=\"https:\/\/i0.wp.com\/catracalivre.com.br\/wp-content\/uploads\/2023\/07\/bolsa-familia-paga-dinheiro-extra-hoje-saiba-quem-vai-receber.jpg?resize=1170%2C700&#038;ssl=1\" alt=\"Bolsa Fam\u00edlia SURPREENDE com pagamento diferenciado perto do Natal\" width=\"1170\" height=\"700\" srcset=\"https:\/\/catracalivre.com.br\/wp-content\/uploads\/2023\/07\/bolsa-familia-paga-dinheiro-extra-hoje-saiba-quem-vai-receber.jpg 1170w, https:\/\/catracalivre.com.br\/wp-content\/uploads\/2023\/07\/bolsa-familia-paga-dinheiro-extra-hoje-saiba-quem-vai-receber-450x269.jpg 450w, https:\/\/catracalivre.com.br\/wp-content\/uploads\/2023\/07\/bolsa-familia-paga-dinheiro-extra-hoje-saiba-quem-vai-receber-768x459.jpg 768w\" sizes=\"(max-width: 1170px) 100vw, 1170px\"\/><\/p>\n<p>Cr\u00e9ditos: Ag\u00eancia Brasil\/Jos\u00e9 Cruz<\/p>\n<\/div>\n<\/div>\n<p><span class=\"post-imagem__legenda\">Bolsa Fam\u00edlia SURPREENDE com pagamento diferenciado perto do Natal<\/span><\/p>\n<\/div>\n<p>O abono natalino do Bolsa Fam\u00edlia, uma iniciativa do governo estadual da Para\u00edba, est\u00e1 em pleno andamento, oferecendo um suporte financeiro adicional de R$ 64 aos benefici\u00e1rios do programa. Este pagamento, realizado atrav\u00e9s do Caixa Tem, coincide com os desembolsos regulares do Bolsa Fam\u00edlia, fornecendo um impulso financeiro crucial durante o m\u00eas de dezembro.<\/p>\n<h2>Pagamento atrav\u00e9s do Caixa Tem<\/h2>\n<p>O abono natalino, com car\u00e1ter estadual, representa um esfor\u00e7o do governo para complementar a renda das fam\u00edlias em situa\u00e7\u00e3o de extrema pobreza, particularmente durante as festividades de fim de ano. \u00c9 importante observar que esse adicional \u00e9 espec\u00edfico para a Para\u00edba, n\u00e3o havendo repasses similares por parte do Governo Federal.<\/p>\n<p>Com um montante total de R$ 2,4 bilh\u00f5es, os repasses foram realizados atrav\u00e9s da plataforma digital Caixa Tem, beneficiando aproximadamente 693 mil fam\u00edlias paraibanas. O saque pode ser efetuado em ag\u00eancias da Caixa Econ\u00f4mica Federal (CEF), casas lot\u00e9ricas ou correspondentes Caixa Aqui, mediante a apresenta\u00e7\u00e3o de documentos como RG, CPF e Cart\u00e3o do NIS.<\/p>\n<h2>Outros estados que pagam o abono natalino no Bolsa Fam\u00edlia<\/h2>\n<p>O aguardado b\u00f4nus natalino do<a href=\"https:\/\/catracalivre.com.br\/cidadania\/caixa-paga-parcela-do-bolsa-familia-de-dezembro-a-determinado-grupo-hoje\/\"> Bolsa Fam\u00edlia<\/a> n\u00e3o est\u00e1 restrito apenas \u00e0 Para\u00edba. Pernambuco, por exemplo, mant\u00e9m uma tradi\u00e7\u00e3o de quatro anos, proporcionando um adicional de R$ 150 no primeiro semestre de 2024. A abordagem da Para\u00edba, garantindo R$ 64 para todos os benefici\u00e1rios do programa social, serve como um exemplo a ser seguido por outros estados.<\/p>\n<p>No entanto, at\u00e9 o momento, a confirma\u00e7\u00e3o sobre outros estados adotarem a pr\u00e1tica do 13\u00ba sal\u00e1rio ainda n\u00e3o est\u00e1 dispon\u00edvel. Apesar disso, \u00e9 certo que os benefici\u00e1rios receber\u00e3o o pr\u00f3ximo pagamento antes das festividades de final de ano. Os dep\u00f3sitos iniciaram em 11 de dezembro (NIS final 1) e est\u00e3o programados para encerrar em 22 de dezembro (NIS final 0).<\/p>\n<h2>Quem recebe o abono natalino do Bolsa Fam\u00edlia?<\/h2>\n<p>No cen\u00e1rio de aprova\u00e7\u00e3o e san\u00e7\u00e3o do 13\u00ba sal\u00e1rio do Bolsa Fam\u00edlia, teriam direito ao benef\u00edcio fam\u00edlias com renda mensal de at\u00e9 R$ 218 por pessoa. Isso implica que a soma da renda de todos os membros da fam\u00edlia, dividida pelo n\u00famero de pessoas, deve ser inferior a R$ 218.<\/p>\n<p>Tomemos como exemplo uma m\u00e3e que cuida sozinha de tr\u00eas filhos pequenos, trabalhando como diarista e ganhando R$ 800 por m\u00eas. Como os filhos n\u00e3o t\u00eam renda pr\u00f3pria, esses R$ 800 s\u00e3o a \u00fanica fonte de recursos da fam\u00edlia. Dividindo R$ 800 (renda total) por quatro (n\u00famero de pessoas na fam\u00edlia), o resultado \u00e9 R$ 200. Considerando que R$ 200 \u00e9 inferior a R$ 218, essa m\u00e3e e seus tr\u00eas filhos teriam direito ao Bolsa Fam\u00edlia.<\/p>\n<h2>Regras e compromissos do abono natalino do Bolsa Fam\u00edlia<\/h2>\n<p>As fam\u00edlias benefici\u00e1rias devem cumprir compromissos nas \u00e1reas de sa\u00fade e educa\u00e7\u00e3o para receber o abono natalino. Esses compromissos incluem:<\/p>\n<ul>\n<li>Realiza\u00e7\u00e3o do acompanhamento pr\u00e9-natal.<\/li>\n<li>Acompanhamento do calend\u00e1rio nacional de vacina\u00e7\u00e3o.<\/li>\n<li>Acompanhamento do estado nutricional das crian\u00e7as menores de 7 anos.<\/li>\n<li>Frequ\u00eancia escolar m\u00ednima de 60% para crian\u00e7as de 4 a 5 anos e de 75% para benefici\u00e1rios de 6 a 18 anos incompletos que n\u00e3o tenham conclu\u00eddo a educa\u00e7\u00e3o b\u00e1sica.<\/li>\n<li>Manter sempre atualizado o Cadastro \u00danico, pelo menos a cada 24 meses.<\/li>\n<\/ul>\n<h2>Calend\u00e1rio do abono natalino do Bolsa Fam\u00edlia<\/h2>\n<p>NIS final 1: 11 de dezembro.<br \/>NIS final 2: 12 de dezembro.<br \/>NIS final 3: 13 de dezembro.<br \/>NIS final 4: 14 de dezembro.<br \/>NIS final 5: 15 de dezembro.<br \/>NIS final 6: 18 de dezembro.<br \/>NIS final 7: 19 de dezembro.<br \/>NIS final 8: 20 de dezembro.<br \/>NIS final 9: 21 de dezembro.<br \/>NIS final 0: 22 de dezembro.<\/p>\n<\/div>\n<p><script>\n\t\t! function(f, b, e, v, n, t, s) {\n\t\t\tif (f.fbq) return;\n\t\t\tn = f.fbq = function() {\n\t\t\t\tn.callMethod ?\n\t\t\t\t\tn.callMethod.apply(n, arguments) : n.queue.push(arguments)\n\t\t\t};\n\t\t\tif (!f._fbq) f._fbq = n;\n\t\t\tn.push = n;\n\t\t\tn.loaded = !0;\n\t\t\tn.version = '2.0';\n\t\t\tn.queue = [];\n\t\t\tt = b.createElement(e);\n\t\t\tt.async = !0;\n\t\t\tt.src = v;\n\t\t\ts = b.getElementsByTagName(e)[0];\n\t\t\ts.parentNode.insertBefore(t, s)\n\t\t}(window, document, 'script',\n\t\t\t'https:\/\/connect.facebook.net\/en_US\/fbevents.js');\n\t\tfbq('init', '338315473262380');\n\t\tfbq('track', 'PageView');\n\t<\/script><br \/>\n<br \/><br \/>\n<br \/><a href=\"https:\/\/catracalivre.com.br\/cidadania\/bolsa-familia-vai-ter-pagamento-do-abono-natalino\/\">Source link <\/a><\/p>\n<!-- CONTENT END 1 -->\n","protected":false},"excerpt":{"rendered":"<p>Cr\u00e9ditos: Ag\u00eancia Brasil\/Jos\u00e9 Cruz Bolsa Fam\u00edlia SURPREENDE com pagamento diferenciado perto do Natal O abono natalino do Bolsa Fam\u00edlia, uma iniciativa do governo estadual da&#8230;<\/p>\n","protected":false},"author":1,"featured_media":19783,"comment_status":"open","ping_status":"open","sticky":false,"template":"","format":"standard","meta":{"advanced_seo_description":"","jetpack_seo_html_title":"","jetpack_seo_noindex":false,"jetpack_post_was_ever_published":false,"_jetpack_newsletter_access":"","_jetpack_dont_email_post_to_subs":false,"_jetpack_newsletter_tier_id":0,"_jetpack_memberships_contains_paywalled_content":false,"_jetpack_memberships_contains_paid_content":false,"footnotes":"","jetpack_publicize_message":"","jetpack_publicize_feature_enabled":true,"jetpack_social_post_already_shared":true,"jetpack_social_options":{"image_generator_settings":{"template":"highway","default_image_id":0,"font":"","enabled":false},"version":2}},"categories":[19],"tags":[],"class_list":["post-19782","post","type-post","status-publish","format-standard","has-post-thumbnail","hentry","category-variedades"],"jetpack_publicize_connections":[],"jetpack_featured_media_url":"https:\/\/i0.wp.com\/noticiasribeiraopreto.com.br\/wp-content\/uploads\/2023\/12\/1703332977_bolsa-familia-a-noticia-mais-esperada-de-setembro-acaba-de-chegar.jpg?fit=1200%2C638&ssl=1","jetpack-related-posts":[{"id":2491,"url":"https:\/\/noticiasribeiraopreto.com.br\/index.php\/2023\/11\/15\/entenda-como-vai-ser-o-abono-de-natal-no-bolsa-familia-em-2023\/","url_meta":{"origin":19782,"position":0},"title":"Entenda como vai ser o abono de Natal no Bolsa Fam\u00edlia em 2023","author":"noticiasribeiraopreto.com.br","date":"15 de November de 2023","format":false,"excerpt":"O Bolsa Fam\u00edlia, programa de assist\u00eancia social crucial do Brasil, continua a ser uma remunera\u00e7\u00e3o para in\u00fameras fam\u00edlias em todo o pa\u00eds. No entanto, com o final do ano se aproximando, muitos se perguntam se haver\u00e1 um abono natalino, uma ajuda financeira extra para enfrentar as despesas festivas. Recentemente, o\u2026","rel":"","context":"In &quot;Variedades&quot;","block_context":{"text":"Variedades","link":"https:\/\/noticiasribeiraopreto.com.br\/index.php\/category\/variedades\/"},"img":{"alt_text":"","src":"https:\/\/i0.wp.com\/noticiasribeiraopreto.com.br\/wp-content\/uploads\/2023\/11\/bolsa-familia-paga-novo-grupo-com-valores-extras-em-julho.jpg?fit=1200%2C638&ssl=1&resize=350%2C200","width":350,"height":200,"srcset":"https:\/\/i0.wp.com\/noticiasribeiraopreto.com.br\/wp-content\/uploads\/2023\/11\/bolsa-familia-paga-novo-grupo-com-valores-extras-em-julho.jpg?fit=1200%2C638&ssl=1&resize=350%2C200 1x, https:\/\/i0.wp.com\/noticiasribeiraopreto.com.br\/wp-content\/uploads\/2023\/11\/bolsa-familia-paga-novo-grupo-com-valores-extras-em-julho.jpg?fit=1200%2C638&ssl=1&resize=525%2C300 1.5x, https:\/\/i0.wp.com\/noticiasribeiraopreto.com.br\/wp-content\/uploads\/2023\/11\/bolsa-familia-paga-novo-grupo-com-valores-extras-em-julho.jpg?fit=1200%2C638&ssl=1&resize=700%2C400 2x, https:\/\/i0.wp.com\/noticiasribeiraopreto.com.br\/wp-content\/uploads\/2023\/11\/bolsa-familia-paga-novo-grupo-com-valores-extras-em-julho.jpg?fit=1200%2C638&ssl=1&resize=1050%2C600 3x"},"classes":[]},{"id":21601,"url":"https:\/\/noticiasribeiraopreto.com.br\/index.php\/2023\/12\/28\/pis-pasep-vai-iniciar-2024-com-novidade-surpreendente-confira\/","url_meta":{"origin":19782,"position":1},"title":"PIS\/Pasep vai iniciar 2024 com novidade SURPREENDENTE; confira","author":"noticiasribeiraopreto.com.br","date":"28 de December de 2023","format":false,"excerpt":"O Conselho Deliberativo do Fundo de Amparo do Trabalhador (Codefat), aprovou o calend\u00e1rio de pagamento do Abono Salarial PIS\/Pasep de 2024, relativo ao ano-base 2022. Cr\u00e9ditos: Ag\u00eancia Brasil\/ArquivoPIS\/Pasep vai iniciar 2024 com novidade SURPREENDENTE; confira A estimativa \u00e9 que cerca de 24,5 milh\u00f5es de trabalhadores recebam o abono salarial, um\u2026","rel":"","context":"In &quot;Variedades&quot;","block_context":{"text":"Variedades","link":"https:\/\/noticiasribeiraopreto.com.br\/index.php\/category\/variedades\/"},"img":{"alt_text":"","src":"https:\/\/i0.wp.com\/noticiasribeiraopreto.com.br\/wp-content\/uploads\/2023\/12\/1703750970_pis-pasep-r-1-bilhao-ainda-nao-foi-sacado-saiba-como-receber.png?fit=1200%2C638&ssl=1&resize=350%2C200","width":350,"height":200,"srcset":"https:\/\/i0.wp.com\/noticiasribeiraopreto.com.br\/wp-content\/uploads\/2023\/12\/1703750970_pis-pasep-r-1-bilhao-ainda-nao-foi-sacado-saiba-como-receber.png?fit=1200%2C638&ssl=1&resize=350%2C200 1x, https:\/\/i0.wp.com\/noticiasribeiraopreto.com.br\/wp-content\/uploads\/2023\/12\/1703750970_pis-pasep-r-1-bilhao-ainda-nao-foi-sacado-saiba-como-receber.png?fit=1200%2C638&ssl=1&resize=525%2C300 1.5x, https:\/\/i0.wp.com\/noticiasribeiraopreto.com.br\/wp-content\/uploads\/2023\/12\/1703750970_pis-pasep-r-1-bilhao-ainda-nao-foi-sacado-saiba-como-receber.png?fit=1200%2C638&ssl=1&resize=700%2C400 2x, https:\/\/i0.wp.com\/noticiasribeiraopreto.com.br\/wp-content\/uploads\/2023\/12\/1703750970_pis-pasep-r-1-bilhao-ainda-nao-foi-sacado-saiba-como-receber.png?fit=1200%2C638&ssl=1&resize=1050%2C600 3x"},"classes":[]},{"id":18819,"url":"https:\/\/noticiasribeiraopreto.com.br\/index.php\/2023\/12\/21\/datas-do-proximo-ciclo-de-pagamentos-empolga-trabalhadores\/","url_meta":{"origin":19782,"position":2},"title":"Datas do pr\u00f3ximo ciclo de pagamentos empolga trabalhadores","author":"noticiasribeiraopreto.com.br","date":"21 de December de 2023","format":false,"excerpt":"O Conselho Deliberativo do Fundo de Amparo do Trabalhador (Codefat), aprovou o calend\u00e1rio de pagamento do Abono Salarial PIS\/Pasep de 2024, relativo ao ano-base 2022. Cr\u00e9ditos: Jos\u00e9 Cruz\/Ag\u00eancia BrasilPIS\/Pasep: Datas do pr\u00f3ximo ciclo de pagamentos empolga trabalhadores A estimativa \u00e9 que cerca de 24,5 milh\u00f5es de trabalhadores recebam o abono\u2026","rel":"","context":"In &quot;Variedades&quot;","block_context":{"text":"Variedades","link":"https:\/\/noticiasribeiraopreto.com.br\/index.php\/category\/variedades\/"},"img":{"alt_text":"","src":"https:\/\/i0.wp.com\/noticiasribeiraopreto.com.br\/wp-content\/uploads\/2023\/12\/1703146963_pis-pasep-beneficio-2.jpg?fit=1200%2C638&ssl=1&resize=350%2C200","width":350,"height":200,"srcset":"https:\/\/i0.wp.com\/noticiasribeiraopreto.com.br\/wp-content\/uploads\/2023\/12\/1703146963_pis-pasep-beneficio-2.jpg?fit=1200%2C638&ssl=1&resize=350%2C200 1x, https:\/\/i0.wp.com\/noticiasribeiraopreto.com.br\/wp-content\/uploads\/2023\/12\/1703146963_pis-pasep-beneficio-2.jpg?fit=1200%2C638&ssl=1&resize=525%2C300 1.5x, https:\/\/i0.wp.com\/noticiasribeiraopreto.com.br\/wp-content\/uploads\/2023\/12\/1703146963_pis-pasep-beneficio-2.jpg?fit=1200%2C638&ssl=1&resize=700%2C400 2x, https:\/\/i0.wp.com\/noticiasribeiraopreto.com.br\/wp-content\/uploads\/2023\/12\/1703146963_pis-pasep-beneficio-2.jpg?fit=1200%2C638&ssl=1&resize=1050%2C600 3x"},"classes":[]},{"id":18980,"url":"https:\/\/noticiasribeiraopreto.com.br\/index.php\/2023\/12\/21\/datas-de-pagamento-do-pis-pasep-em-2024-sao-liberadas\/","url_meta":{"origin":19782,"position":3},"title":"Datas de pagamento do PIS\/Pasep em 2024 s\u00e3o LIBERADAS!","author":"noticiasribeiraopreto.com.br","date":"21 de December de 2023","format":false,"excerpt":"O Conselho Deliberativo do Fundo de Amparo do Trabalhador (Codefat), aprovou o calend\u00e1rio de pagamento do Abono Salarial PIS\/Pasep de 2024, relativo ao ano-base 2022. Cr\u00e9ditos: Jos\u00e9 Cruz\/Ag\u00eancia BrasilDatas de pagamento do PIS\/Pasep em 2024 s\u00e3o LIBERADAS! A estimativa \u00e9 que cerca de 24,5 milh\u00f5es de trabalhadores recebam o abono\u2026","rel":"","context":"In &quot;Variedades&quot;","block_context":{"text":"Variedades","link":"https:\/\/noticiasribeiraopreto.com.br\/index.php\/category\/variedades\/"},"img":{"alt_text":"","src":"https:\/\/i0.wp.com\/noticiasribeiraopreto.com.br\/wp-content\/uploads\/2023\/12\/1703176547_pis-pasep-beneficio-2.jpg?fit=1200%2C638&ssl=1&resize=350%2C200","width":350,"height":200,"srcset":"https:\/\/i0.wp.com\/noticiasribeiraopreto.com.br\/wp-content\/uploads\/2023\/12\/1703176547_pis-pasep-beneficio-2.jpg?fit=1200%2C638&ssl=1&resize=350%2C200 1x, https:\/\/i0.wp.com\/noticiasribeiraopreto.com.br\/wp-content\/uploads\/2023\/12\/1703176547_pis-pasep-beneficio-2.jpg?fit=1200%2C638&ssl=1&resize=525%2C300 1.5x, https:\/\/i0.wp.com\/noticiasribeiraopreto.com.br\/wp-content\/uploads\/2023\/12\/1703176547_pis-pasep-beneficio-2.jpg?fit=1200%2C638&ssl=1&resize=700%2C400 2x, https:\/\/i0.wp.com\/noticiasribeiraopreto.com.br\/wp-content\/uploads\/2023\/12\/1703176547_pis-pasep-beneficio-2.jpg?fit=1200%2C638&ssl=1&resize=1050%2C600 3x"},"classes":[]},{"id":19294,"url":"https:\/\/noticiasribeiraopreto.com.br\/index.php\/2023\/12\/22\/descubra-quem-vai-receber-pis-pasep-em-2024-e-quando-sera-o-pagamento\/","url_meta":{"origin":19782,"position":4},"title":"Descubra quem vai receber PIS\/Pasep em 2024 e quando ser\u00e1 o pagamento","author":"noticiasribeiraopreto.com.br","date":"22 de December de 2023","format":false,"excerpt":"O Conselho Deliberativo do Fundo de Amparo do Trabalhador (Codefat), aprovou o calend\u00e1rio de pagamento do Abono Salarial PIS\/Pasep de 2024, relativo ao ano-base 2022. Cr\u00e9ditos: Istock\/Joa_SouzaDescubra quem vai receber PIS\/Pasep em 2024 e quando sera o pagamento A estimativa \u00e9 que cerca de 24,5 milh\u00f5es de trabalhadores recebam o\u2026","rel":"","context":"In &quot;Variedades&quot;","block_context":{"text":"Variedades","link":"https:\/\/noticiasribeiraopreto.com.br\/index.php\/category\/variedades\/"},"img":{"alt_text":"","src":"https:\/\/i0.wp.com\/noticiasribeiraopreto.com.br\/wp-content\/uploads\/2023\/12\/istock-1264766692.jpg?fit=1200%2C638&ssl=1&resize=350%2C200","width":350,"height":200,"srcset":"https:\/\/i0.wp.com\/noticiasribeiraopreto.com.br\/wp-content\/uploads\/2023\/12\/istock-1264766692.jpg?fit=1200%2C638&ssl=1&resize=350%2C200 1x, https:\/\/i0.wp.com\/noticiasribeiraopreto.com.br\/wp-content\/uploads\/2023\/12\/istock-1264766692.jpg?fit=1200%2C638&ssl=1&resize=525%2C300 1.5x, https:\/\/i0.wp.com\/noticiasribeiraopreto.com.br\/wp-content\/uploads\/2023\/12\/istock-1264766692.jpg?fit=1200%2C638&ssl=1&resize=700%2C400 2x, https:\/\/i0.wp.com\/noticiasribeiraopreto.com.br\/wp-content\/uploads\/2023\/12\/istock-1264766692.jpg?fit=1200%2C638&ssl=1&resize=1050%2C600 3x"},"classes":[]},{"id":4066,"url":"https:\/\/noticiasribeiraopreto.com.br\/index.php\/2023\/11\/20\/abono-do-bolsa-familia-liberacao-surpreende-beneficiarios\/","url_meta":{"origin":19782,"position":5},"title":"Abono do Bolsa Fam\u00edlia: libera\u00e7\u00e3o surpreende benefici\u00e1rios","author":"noticiasribeiraopreto.com.br","date":"20 de November de 2023","format":false,"excerpt":"Cr\u00e9ditos: Ag\u00eancia Brasil\/ArquivoBolsa Fam\u00edlia com abono de Natal j\u00e1 \u00e9 realidade para estes benefici\u00e1riosO Abono Natalino do Bolsa Fam\u00edlia foi oficialmente liberado para o ano de 2023, surpreendendo positivamente os benefici\u00e1rios do programa no estado da Para\u00edba. Aguardado com expectativa, esse pagamento extra visa proporcionar um Natal mais tranquilo e\u2026","rel":"","context":"In &quot;Variedades&quot;","block_context":{"text":"Variedades","link":"https:\/\/noticiasribeiraopreto.com.br\/index.php\/category\/variedades\/"},"img":{"alt_text":"","src":"https:\/\/i0.wp.com\/noticiasribeiraopreto.com.br\/wp-content\/uploads\/2023\/11\/criptomoeda-no-bolsa-familia-acredite-agora-e-verdade.jpg?fit=1200%2C638&ssl=1&resize=350%2C200","width":350,"height":200,"srcset":"https:\/\/i0.wp.com\/noticiasribeiraopreto.com.br\/wp-content\/uploads\/2023\/11\/criptomoeda-no-bolsa-familia-acredite-agora-e-verdade.jpg?fit=1200%2C638&ssl=1&resize=350%2C200 1x, https:\/\/i0.wp.com\/noticiasribeiraopreto.com.br\/wp-content\/uploads\/2023\/11\/criptomoeda-no-bolsa-familia-acredite-agora-e-verdade.jpg?fit=1200%2C638&ssl=1&resize=525%2C300 1.5x, https:\/\/i0.wp.com\/noticiasribeiraopreto.com.br\/wp-content\/uploads\/2023\/11\/criptomoeda-no-bolsa-familia-acredite-agora-e-verdade.jpg?fit=1200%2C638&ssl=1&resize=700%2C400 2x, https:\/\/i0.wp.com\/noticiasribeiraopreto.com.br\/wp-content\/uploads\/2023\/11\/criptomoeda-no-bolsa-familia-acredite-agora-e-verdade.jpg?fit=1200%2C638&ssl=1&resize=1050%2C600 3x"},"classes":[]}],"jetpack_sharing_enabled":true,"jetpack_shortlink":"https:\/\/wp.me\/peQAOb-594","_links":{"self":[{"href":"https:\/\/noticiasribeiraopreto.com.br\/index.php\/wp-json\/wp\/v2\/posts\/19782","targetHints":{"allow":["GET"]}}],"collection":[{"href":"https:\/\/noticiasribeiraopreto.com.br\/index.php\/wp-json\/wp\/v2\/posts"}],"about":[{"href":"https:\/\/noticiasribeiraopreto.com.br\/index.php\/wp-json\/wp\/v2\/types\/post"}],"author":[{"embeddable":true,"href":"https:\/\/noticiasribeiraopreto.com.br\/index.php\/wp-json\/wp\/v2\/users\/1"}],"replies":[{"embeddable":true,"href":"https:\/\/noticiasribeiraopreto.com.br\/index.php\/wp-json\/wp\/v2\/comments?post=19782"}],"version-history":[{"count":0,"href":"https:\/\/noticiasribeiraopreto.com.br\/index.php\/wp-json\/wp\/v2\/posts\/19782\/revisions"}],"wp:featuredmedia":[{"embeddable":true,"href":"https:\/\/noticiasribeiraopreto.com.br\/index.php\/wp-json\/wp\/v2\/media\/19783"}],"wp:attachment":[{"href":"https:\/\/noticiasribeiraopreto.com.br\/index.php\/wp-json\/wp\/v2\/media?parent=19782"}],"wp:term":[{"taxonomy":"category","embeddable":true,"href":"https:\/\/noticiasribeiraopreto.com.br\/index.php\/wp-json\/wp\/v2\/categories?post=19782"},{"taxonomy":"post_tag","embeddable":true,"href":"https:\/\/noticiasribeiraopreto.com.br\/index.php\/wp-json\/wp\/v2\/tags?post=19782"}],"curies":[{"name":"wp","href":"https:\/\/api.w.org\/{rel}","templated":true}]}}