{"id":19784,"date":"2023-12-23T09:08:57","date_gmt":"2023-12-23T12:08:57","guid":{"rendered":"https:\/\/noticiasribeiraopreto.com.br\/index.php\/2023\/12\/23\/feira-de-artesanato\/"},"modified":"2023-12-23T09:08:57","modified_gmt":"2023-12-23T12:08:57","slug":"feira-de-artesanato","status":"publish","type":"post","link":"https:\/\/noticiasribeiraopreto.com.br\/index.php\/2023\/12\/23\/feira-de-artesanato\/","title":{"rendered":"Feira de Artesanato\u00a0"},"content":{"rendered":"<div class='code-block code-block-1' style='margin: 8px 0 8px auto; text-align: right; display: block; clear: both;'>\n<p><a href=\"https:\/\/wa.link\/vpicfd\"><img data-recalc-dims=\"1\" class=\"wp-image-4922\" style=\"aspect-ratio: 2.0253164556962027; width: 561px; height: auto;\" src=\"https:\/\/i0.wp.com\/ismaelcolosi.com.br\/wp-content\/uploads\/2023\/11\/grupo-de-empregos-whatsapp-e-facebook-ismael-colosi-vagas.jpg?ssl=1\" alt=\"\" \/><\/a><\/p>\n<!-- \/wp:image -->\n<\/div>\n<p> <br \/>\n<\/p>\n<p>Na Pra\u00e7a Jos\u00e9 Mortari, na Vila Tib\u00e9rio, onde todo segundo domingo do m\u00eas, das 9 \u00e0s 12 horas, \u00e9 palco da Feira de Artesanato. Vale a pena visitar!<\/p>\n<p>&nbsp;<\/p>\n<p>O post Feira de Artesanato\u00a0 apareceu primeiro em Jornal Tribuna Ribeir\u00e3o.<\/p>\n<p><br \/>\n<br \/><a href=\"https:\/\/www.tribunaribeirao.com.br\/site\/feira-de-artesanato\/\">Source link <\/a><\/p>\n<!-- CONTENT END 1 -->\n","protected":false},"excerpt":{"rendered":"<p>Na Pra\u00e7a Jos\u00e9 Mortari, na Vila Tib\u00e9rio, onde todo segundo domingo do m\u00eas, das 9 \u00e0s 12 horas, \u00e9 palco da Feira de Artesanato. Vale&#8230;<\/p>\n","protected":false},"author":1,"featured_media":19785,"comment_status":"open","ping_status":"open","sticky":false,"template":"","format":"standard","meta":{"advanced_seo_description":"","jetpack_seo_html_title":"","jetpack_seo_noindex":false,"jetpack_post_was_ever_published":false,"_jetpack_newsletter_access":"","_jetpack_dont_email_post_to_subs":false,"_jetpack_newsletter_tier_id":0,"_jetpack_memberships_contains_paywalled_content":false,"_jetpack_memberships_contains_paid_content":false,"footnotes":"","jetpack_publicize_message":"","jetpack_publicize_feature_enabled":true,"jetpack_social_post_already_shared":true,"jetpack_social_options":{"image_generator_settings":{"template":"highway","default_image_id":0,"font":"","enabled":false},"version":2}},"categories":[11],"tags":[1696,202],"class_list":["post-19784","post","type-post","status-publish","format-standard","has-post-thumbnail","hentry","category-noticias-de-ribeirao-preto-sp-e-regiao-ismael-colosi","tag-artesanato","tag-feira"],"jetpack_publicize_connections":[],"jetpack_featured_media_url":"https:\/\/i0.wp.com\/noticiasribeiraopreto.com.br\/wp-content\/uploads\/2023\/12\/23-2-scaled.jpg?fit=363%2C645&ssl=1","jetpack-related-posts":[{"id":1340,"url":"https:\/\/noticiasribeiraopreto.com.br\/index.php\/2023\/11\/11\/praca-de-ribeirao-preto-tem-feira-com-artesanato-musica-e-danca\/","url_meta":{"origin":19784,"position":0},"title":"Pra\u00e7a de Ribeir\u00e3o Preto tem feira com artesanato, m\u00fasica e dan\u00e7a","author":"noticiasribeiraopreto.com.br","date":"11 de November de 2023","format":false,"excerpt":"Neste domingo (12), a partir das 9h, a pra\u00e7a Jos\u00e9 Mortari (entre as ruas Padre Anchieta, Dois de Julho, 21 de abril e Monte Alverne), na Vila Tib\u00e9rio, zona Oeste de Ribeir\u00e3o Preto, ser\u00e1 palco da Feira de Artesanato com cerca de 70 expositores. \u201cPara estimular a economia criativa na\u2026","rel":"","context":"In &quot;Not\u00edcias de Ribeir\u00e3o Preto-SP e Regi\u00e3o&quot;","block_context":{"text":"Not\u00edcias de Ribeir\u00e3o Preto-SP e Regi\u00e3o","link":"https:\/\/noticiasribeiraopreto.com.br\/index.php\/category\/noticias-de-ribeirao-preto-sp-e-regiao-ismael-colosi\/"},"img":{"alt_text":"","src":"https:\/\/i0.wp.com\/noticiasribeiraopreto.com.br\/wp-content\/uploads\/2023\/11\/feira_jose_mortari_1.jpeg?fit=900%2C637&ssl=1&resize=350%2C200","width":350,"height":200,"srcset":"https:\/\/i0.wp.com\/noticiasribeiraopreto.com.br\/wp-content\/uploads\/2023\/11\/feira_jose_mortari_1.jpeg?fit=900%2C637&ssl=1&resize=350%2C200 1x, https:\/\/i0.wp.com\/noticiasribeiraopreto.com.br\/wp-content\/uploads\/2023\/11\/feira_jose_mortari_1.jpeg?fit=900%2C637&ssl=1&resize=525%2C300 1.5x, https:\/\/i0.wp.com\/noticiasribeiraopreto.com.br\/wp-content\/uploads\/2023\/11\/feira_jose_mortari_1.jpeg?fit=900%2C637&ssl=1&resize=700%2C400 2x"},"classes":[]},{"id":12148,"url":"https:\/\/noticiasribeiraopreto.com.br\/index.php\/2023\/12\/07\/ribeirao-preto-tem-feira-de-artesanato-com-food-truck-e-musica\/","url_meta":{"origin":19784,"position":1},"title":"Ribeir\u00e3o Preto tem feira de artesanato com food truck e m\u00fasica\u00a0","author":"noticiasribeiraopreto.com.br","date":"7 de December de 2023","format":false,"excerpt":"Ribeir\u00e3o Preto recebe, neste s\u00e1bado (9), a 3\u00b0 edi\u00e7\u00e3o da Feira de Artesanato e Produtos Regionais, na Pra\u00e7a Sete de Setembro, no Centro de Ribeir\u00e3o Preto. \u00a0 O evento \u00e9 aberto ao p\u00fablico e acontece das 9h \u00e0s 17h com produtos locais e regionais de 200 expositores. \u00a0 Feira de\u2026","rel":"","context":"In &quot;Not\u00edcias de Ribeir\u00e3o Preto-SP e Regi\u00e3o&quot;","block_context":{"text":"Not\u00edcias de Ribeir\u00e3o Preto-SP e Regi\u00e3o","link":"https:\/\/noticiasribeiraopreto.com.br\/index.php\/category\/noticias-de-ribeirao-preto-sp-e-regiao-ismael-colosi\/"},"img":{"alt_text":"","src":"https:\/\/i0.wp.com\/noticiasribeiraopreto.com.br\/wp-content\/uploads\/2023\/12\/ribeirao_preto_sedia_a_3_feira_regional_de_artesanato_e_produtos_regionais_1.jpeg?fit=1200%2C801&ssl=1&resize=350%2C200","width":350,"height":200,"srcset":"https:\/\/i0.wp.com\/noticiasribeiraopreto.com.br\/wp-content\/uploads\/2023\/12\/ribeirao_preto_sedia_a_3_feira_regional_de_artesanato_e_produtos_regionais_1.jpeg?fit=1200%2C801&ssl=1&resize=350%2C200 1x, https:\/\/i0.wp.com\/noticiasribeiraopreto.com.br\/wp-content\/uploads\/2023\/12\/ribeirao_preto_sedia_a_3_feira_regional_de_artesanato_e_produtos_regionais_1.jpeg?fit=1200%2C801&ssl=1&resize=525%2C300 1.5x, https:\/\/i0.wp.com\/noticiasribeiraopreto.com.br\/wp-content\/uploads\/2023\/12\/ribeirao_preto_sedia_a_3_feira_regional_de_artesanato_e_produtos_regionais_1.jpeg?fit=1200%2C801&ssl=1&resize=700%2C400 2x, https:\/\/i0.wp.com\/noticiasribeiraopreto.com.br\/wp-content\/uploads\/2023\/12\/ribeirao_preto_sedia_a_3_feira_regional_de_artesanato_e_produtos_regionais_1.jpeg?fit=1200%2C801&ssl=1&resize=1050%2C600 3x"},"classes":[]},{"id":69584,"url":"https:\/\/noticiasribeiraopreto.com.br\/index.php\/2025\/05\/07\/ribeirao-preto-recebe-feira-de-artesanato-especial-dia-das-maes\/","url_meta":{"origin":19784,"position":2},"title":"Ribeir\u00e3o Preto recebe feira de artesanato especial Dia das M\u00e3es","author":"noticiasribeiraopreto.com.br","date":"7 de May de 2025","format":false,"excerpt":"Neste s\u00e1bado (10), Ribeir\u00e3o Preto recebe uma feira de artesanato especial de Dia das M\u00e3es. O evento acontecer\u00e1 das 9h \u00e0s 16h, na Pra\u00e7a Sete de Setembro, no Centro da cidade. A entrada \u00e9 gratuita e aberta ao p\u00fablico. A feira \u00e9 realizada pela Associa\u00e7\u00e3o Projeto Arte Vida (APAV). Al\u00e9m\u2026","rel":"","context":"In &quot;Not\u00edcias de Ribeir\u00e3o Preto-SP e Regi\u00e3o&quot;","block_context":{"text":"Not\u00edcias de Ribeir\u00e3o Preto-SP e Regi\u00e3o","link":"https:\/\/noticiasribeiraopreto.com.br\/index.php\/category\/noticias-de-ribeirao-preto-sp-e-regiao-ismael-colosi\/"},"img":{"alt_text":"","src":"https:\/\/i0.wp.com\/noticiasribeiraopreto.com.br\/wp-content\/uploads\/2025\/05\/mulher-de-vista-lateral-na-loja-de-lembrancas_2025-05-07_11-35-19.webp.webp?fit=1200%2C801&ssl=1&resize=350%2C200","width":350,"height":200,"srcset":"https:\/\/i0.wp.com\/noticiasribeiraopreto.com.br\/wp-content\/uploads\/2025\/05\/mulher-de-vista-lateral-na-loja-de-lembrancas_2025-05-07_11-35-19.webp.webp?fit=1200%2C801&ssl=1&resize=350%2C200 1x, https:\/\/i0.wp.com\/noticiasribeiraopreto.com.br\/wp-content\/uploads\/2025\/05\/mulher-de-vista-lateral-na-loja-de-lembrancas_2025-05-07_11-35-19.webp.webp?fit=1200%2C801&ssl=1&resize=525%2C300 1.5x, https:\/\/i0.wp.com\/noticiasribeiraopreto.com.br\/wp-content\/uploads\/2025\/05\/mulher-de-vista-lateral-na-loja-de-lembrancas_2025-05-07_11-35-19.webp.webp?fit=1200%2C801&ssl=1&resize=700%2C400 2x, https:\/\/i0.wp.com\/noticiasribeiraopreto.com.br\/wp-content\/uploads\/2025\/05\/mulher-de-vista-lateral-na-loja-de-lembrancas_2025-05-07_11-35-19.webp.webp?fit=1200%2C801&ssl=1&resize=1050%2C600 3x"},"classes":[]},{"id":1135,"url":"https:\/\/noticiasribeiraopreto.com.br\/index.php\/2023\/11\/10\/vila-tiberio-promove-feira-de-artesanato\/","url_meta":{"origin":19784,"position":3},"title":"Vila Tib\u00e9rio promove\u00a0Feira de Artesanato \u00a0","author":"noticiasribeiraopreto.com.br","date":"10 de November de 2023","format":false,"excerpt":"10 de novembro de 2023 | 15:0010 de novembro de 2023 | 10:44 0Neste domingo, 12 de novembro, a partir das nove horas, a pra\u00e7a Jos\u00e9 Mortari, entre as ruas Padre Anchieta, Dois de Julho, Vinte e Um de Abril e Monte Alverne, na Vila Tib\u00e9rio, Zona Oeste de Ribeir\u00e3o\u2026","rel":"","context":"In &quot;Not\u00edcias de Ribeir\u00e3o Preto-SP e Regi\u00e3o&quot;","block_context":{"text":"Not\u00edcias de Ribeir\u00e3o Preto-SP e Regi\u00e3o","link":"https:\/\/noticiasribeiraopreto.com.br\/index.php\/category\/noticias-de-ribeirao-preto-sp-e-regiao-ismael-colosi\/"},"img":{"alt_text":"","src":"https:\/\/i0.wp.com\/noticiasribeiraopreto.com.br\/wp-content\/uploads\/2023\/11\/artesanato.jpeg?fit=900%2C637&ssl=1&resize=350%2C200","width":350,"height":200,"srcset":"https:\/\/i0.wp.com\/noticiasribeiraopreto.com.br\/wp-content\/uploads\/2023\/11\/artesanato.jpeg?fit=900%2C637&ssl=1&resize=350%2C200 1x, https:\/\/i0.wp.com\/noticiasribeiraopreto.com.br\/wp-content\/uploads\/2023\/11\/artesanato.jpeg?fit=900%2C637&ssl=1&resize=525%2C300 1.5x, https:\/\/i0.wp.com\/noticiasribeiraopreto.com.br\/wp-content\/uploads\/2023\/11\/artesanato.jpeg?fit=900%2C637&ssl=1&resize=700%2C400 2x"},"classes":[]},{"id":65357,"url":"https:\/\/noticiasribeiraopreto.com.br\/index.php\/2025\/03\/19\/feira-de-artesanato-e-poesia-veja-programacao-do-museu-casa-de-portinari\/","url_meta":{"origin":19784,"position":4},"title":"Feira de artesanato e poesia: Veja programa\u00e7\u00e3o do Museu Casa de Portinari","author":"noticiasribeiraopreto.com.br","date":"19 de March de 2025","format":false,"excerpt":"O Museu Casa de Portinari, localizado em Brodowski, na regi\u00e3o de Ribeir\u00e3o Preto, promove atividades voltadas para todas as idades nesta semana. A programa\u00e7\u00e3o conta com feira de artesanato, costumes tradicionais da fam\u00edlia Portinari e poesia. Feira de Artesanato No s\u00e1bado (22) e no domingo (23), das 10h \u00e0s 16h,\u2026","rel":"","context":"In &quot;Not\u00edcias de Ribeir\u00e3o Preto-SP e Regi\u00e3o&quot;","block_context":{"text":"Not\u00edcias de Ribeir\u00e3o Preto-SP e Regi\u00e3o","link":"https:\/\/noticiasribeiraopreto.com.br\/index.php\/category\/noticias-de-ribeirao-preto-sp-e-regiao-ismael-colosi\/"},"img":{"alt_text":"","src":"https:\/\/i0.wp.com\/noticiasribeiraopreto.com.br\/wp-content\/uploads\/2025\/03\/Copia-de-Copia-de-Copia-de-TAMANHO-EXATO-PARA-FOTOS-NO-SISTEMA-NOVO-27_2025-03-19_12-38-15_jpg_2025-03-19_12-38-15.webp.webp?fit=1200%2C675&ssl=1&resize=350%2C200","width":350,"height":200,"srcset":"https:\/\/i0.wp.com\/noticiasribeiraopreto.com.br\/wp-content\/uploads\/2025\/03\/Copia-de-Copia-de-Copia-de-TAMANHO-EXATO-PARA-FOTOS-NO-SISTEMA-NOVO-27_2025-03-19_12-38-15_jpg_2025-03-19_12-38-15.webp.webp?fit=1200%2C675&ssl=1&resize=350%2C200 1x, https:\/\/i0.wp.com\/noticiasribeiraopreto.com.br\/wp-content\/uploads\/2025\/03\/Copia-de-Copia-de-Copia-de-TAMANHO-EXATO-PARA-FOTOS-NO-SISTEMA-NOVO-27_2025-03-19_12-38-15_jpg_2025-03-19_12-38-15.webp.webp?fit=1200%2C675&ssl=1&resize=525%2C300 1.5x, https:\/\/i0.wp.com\/noticiasribeiraopreto.com.br\/wp-content\/uploads\/2025\/03\/Copia-de-Copia-de-Copia-de-TAMANHO-EXATO-PARA-FOTOS-NO-SISTEMA-NOVO-27_2025-03-19_12-38-15_jpg_2025-03-19_12-38-15.webp.webp?fit=1200%2C675&ssl=1&resize=700%2C400 2x, https:\/\/i0.wp.com\/noticiasribeiraopreto.com.br\/wp-content\/uploads\/2025\/03\/Copia-de-Copia-de-Copia-de-TAMANHO-EXATO-PARA-FOTOS-NO-SISTEMA-NOVO-27_2025-03-19_12-38-15_jpg_2025-03-19_12-38-15.webp.webp?fit=1200%2C675&ssl=1&resize=1050%2C600 3x"},"classes":[]},{"id":48593,"url":"https:\/\/noticiasribeiraopreto.com.br\/index.php\/2024\/05\/03\/praca-na-zona-oeste-de-ribeirao-preto-tem-feira-de-artesanato-com-mais-de-80-expositores\/","url_meta":{"origin":19784,"position":5},"title":"Pra\u00e7a na zona Oeste de Ribeir\u00e3o Preto tem feira de artesanato com mais de 80 expositores","author":"noticiasribeiraopreto.com.br","date":"3 de May de 2024","format":false,"excerpt":"Mais de 80 expositores participam de uma feira de artesanato na pra\u00e7a Jos\u00e9 Mortari, no bairro Vila Tib\u00e9rio, na zona Oeste de Ribeir\u00e3o Preto, neste domingo (5). A edi\u00e7\u00e3o especial \u201cDia das M\u00e3es\u201d oferecer\u00e1 aos visitantes op\u00e7\u00f5es de presentes criativos como pe\u00e7as em tric\u00f4, artes em madeira e vidro, esculturas,\u2026","rel":"","context":"In &quot;Not\u00edcias de Ribeir\u00e3o Preto-SP e Regi\u00e3o&quot;","block_context":{"text":"Not\u00edcias de Ribeir\u00e3o Preto-SP e Regi\u00e3o","link":"https:\/\/noticiasribeiraopreto.com.br\/index.php\/category\/noticias-de-ribeirao-preto-sp-e-regiao-ismael-colosi\/"},"img":{"alt_text":"","src":"https:\/\/i0.wp.com\/noticiasribeiraopreto.com.br\/wp-content\/uploads\/2024\/05\/Copia-de-Copia-de-TAMANHO-EXATO-PARA-FOTOS-NO-SISTEMA-NOVO-37_2024-05-04_00-04-15_jpg_2024-05-04_00-04-15.webp.webp?fit=1200%2C675&ssl=1&resize=350%2C200","width":350,"height":200,"srcset":"https:\/\/i0.wp.com\/noticiasribeiraopreto.com.br\/wp-content\/uploads\/2024\/05\/Copia-de-Copia-de-TAMANHO-EXATO-PARA-FOTOS-NO-SISTEMA-NOVO-37_2024-05-04_00-04-15_jpg_2024-05-04_00-04-15.webp.webp?fit=1200%2C675&ssl=1&resize=350%2C200 1x, https:\/\/i0.wp.com\/noticiasribeiraopreto.com.br\/wp-content\/uploads\/2024\/05\/Copia-de-Copia-de-TAMANHO-EXATO-PARA-FOTOS-NO-SISTEMA-NOVO-37_2024-05-04_00-04-15_jpg_2024-05-04_00-04-15.webp.webp?fit=1200%2C675&ssl=1&resize=525%2C300 1.5x, https:\/\/i0.wp.com\/noticiasribeiraopreto.com.br\/wp-content\/uploads\/2024\/05\/Copia-de-Copia-de-TAMANHO-EXATO-PARA-FOTOS-NO-SISTEMA-NOVO-37_2024-05-04_00-04-15_jpg_2024-05-04_00-04-15.webp.webp?fit=1200%2C675&ssl=1&resize=700%2C400 2x, https:\/\/i0.wp.com\/noticiasribeiraopreto.com.br\/wp-content\/uploads\/2024\/05\/Copia-de-Copia-de-TAMANHO-EXATO-PARA-FOTOS-NO-SISTEMA-NOVO-37_2024-05-04_00-04-15_jpg_2024-05-04_00-04-15.webp.webp?fit=1200%2C675&ssl=1&resize=1050%2C600 3x"},"classes":[]}],"jetpack_sharing_enabled":true,"jetpack_shortlink":"https:\/\/wp.me\/peQAOb-596","_links":{"self":[{"href":"https:\/\/noticiasribeiraopreto.com.br\/index.php\/wp-json\/wp\/v2\/posts\/19784","targetHints":{"allow":["GET"]}}],"collection":[{"href":"https:\/\/noticiasribeiraopreto.com.br\/index.php\/wp-json\/wp\/v2\/posts"}],"about":[{"href":"https:\/\/noticiasribeiraopreto.com.br\/index.php\/wp-json\/wp\/v2\/types\/post"}],"author":[{"embeddable":true,"href":"https:\/\/noticiasribeiraopreto.com.br\/index.php\/wp-json\/wp\/v2\/users\/1"}],"replies":[{"embeddable":true,"href":"https:\/\/noticiasribeiraopreto.com.br\/index.php\/wp-json\/wp\/v2\/comments?post=19784"}],"version-history":[{"count":0,"href":"https:\/\/noticiasribeiraopreto.com.br\/index.php\/wp-json\/wp\/v2\/posts\/19784\/revisions"}],"wp:featuredmedia":[{"embeddable":true,"href":"https:\/\/noticiasribeiraopreto.com.br\/index.php\/wp-json\/wp\/v2\/media\/19785"}],"wp:attachment":[{"href":"https:\/\/noticiasribeiraopreto.com.br\/index.php\/wp-json\/wp\/v2\/media?parent=19784"}],"wp:term":[{"taxonomy":"category","embeddable":true,"href":"https:\/\/noticiasribeiraopreto.com.br\/index.php\/wp-json\/wp\/v2\/categories?post=19784"},{"taxonomy":"post_tag","embeddable":true,"href":"https:\/\/noticiasribeiraopreto.com.br\/index.php\/wp-json\/wp\/v2\/tags?post=19784"}],"curies":[{"name":"wp","href":"https:\/\/api.w.org\/{rel}","templated":true}]}}