{"id":19790,"date":"2023-12-23T09:35:54","date_gmt":"2023-12-23T12:35:54","guid":{"rendered":"https:\/\/noticiasribeiraopreto.com.br\/index.php\/2023\/12\/23\/inmetro-lanca-edital-de-concurso-com-860-vagas-para-nivel-superior\/"},"modified":"2023-12-23T09:35:54","modified_gmt":"2023-12-23T12:35:54","slug":"inmetro-lanca-edital-de-concurso-com-860-vagas-para-nivel-superior","status":"publish","type":"post","link":"https:\/\/noticiasribeiraopreto.com.br\/index.php\/2023\/12\/23\/inmetro-lanca-edital-de-concurso-com-860-vagas-para-nivel-superior\/","title":{"rendered":"INMETRO lan\u00e7a edital de concurso com 860 vagas para n\u00edvel superior"},"content":{"rendered":"<div class='code-block code-block-1' style='margin: 8px 0 8px auto; text-align: right; display: block; clear: both;'>\n<p><a href=\"https:\/\/wa.link\/vpicfd\"><img data-recalc-dims=\"1\" class=\"wp-image-4922\" style=\"aspect-ratio: 2.0253164556962027; width: 561px; height: auto;\" src=\"https:\/\/i0.wp.com\/ismaelcolosi.com.br\/wp-content\/uploads\/2023\/11\/grupo-de-empregos-whatsapp-e-facebook-ismael-colosi-vagas.jpg?ssl=1\" alt=\"\" \/><\/a><\/p>\n<!-- \/wp:image -->\n<\/div>\n<p> <br \/>\n<\/p>\n<div id=\"attachment_2328765\">\n<div class=\"d-flex justify-content-center\" data-attachment-id=\"2328765\">\n<div class=\"position-relative d-inline-block\"><img data-recalc-dims=\"1\" data-portal-copyright=\"IStock\" fetchpriority=\"high\" decoding=\"async\" class=\"size-medium wp-image-2328765\" src=\"https:\/\/i0.wp.com\/catracalivre.com.br\/wp-content\/uploads\/2023\/12\/istock-535847793-1-450x300.jpg?resize=450%2C300&#038;ssl=1\" alt=\"Concurso p\u00fablico INMETRO\" width=\"450\" height=\"300\" srcset=\"https:\/\/catracalivre.com.br\/wp-content\/uploads\/2023\/12\/istock-535847793-1-450x300.jpg 450w, https:\/\/catracalivre.com.br\/wp-content\/uploads\/2023\/12\/istock-535847793-1-910x607.jpg 910w, https:\/\/catracalivre.com.br\/wp-content\/uploads\/2023\/12\/istock-535847793-1-768x512.jpg 768w, https:\/\/catracalivre.com.br\/wp-content\/uploads\/2023\/12\/istock-535847793-1.jpg 1254w\" sizes=\"(max-width: 450px) 100vw, 450px\"\/><\/p>\n<p>Cr\u00e9ditos: IStock<\/p>\n<\/div>\n<\/div>\n<p><span class=\"post-imagem__legenda\">Concurso p\u00fablico INMETRO<\/span><\/p>\n<\/div>\n<p>O Instituto Nacional de Metrologia, Qualidade e Tecnologia (INMETRO) revelou o aguardado edital de n\u00ba 1\/2023 para seu <a href=\"https:\/\/catracalivre.com.br\/carreira\/31-oportunidades-de-concursos-publicos-nas-regioes-sul-e-sudeste\/\">concurso<\/a> p\u00fablico, visando o preenchimento de 860 vagas para profissionais de n\u00edvel superior. Deste total, 100 s\u00e3o oportunidades imediatas, enquanto 760 s\u00e3o destinadas \u00e0 forma\u00e7\u00e3o de cadastro reserva (CR).<\/p>\n<p>No \u00e2mbito do <a href=\"https:\/\/catracalivre.com.br\/educacao\/5-aplicativos-para-voce-se-preparar-para-um-concurso-publico\/\">concurso<\/a> p\u00fablico, est\u00e3o dispon\u00edveis 40 vagas imediatas e 390 para forma\u00e7\u00e3o de CR para o cargo de Analista Executivo em Metrologia e Qualidade. Al\u00e9m disso, h\u00e1 60 vagas imediatas e 370 para CR para a posi\u00e7\u00e3o de Pesquisador \u2013 Tecnologista em Metrologia e Qualidade. \u00c9 importante ressaltar que h\u00e1 reservas espec\u00edficas para pessoas com defici\u00eancia (PcD) e para indiv\u00edduos negros.<\/p>\n<p>Ambos os cargos requerem diploma de n\u00edvel superior em \u00e1reas distintas, de acordo com a \u00e1rea de atua\u00e7\u00e3o do servidor.<\/p>\n<p>Os selecionados para as vagas contar\u00e3o com uma remunera\u00e7\u00e3o mensal prevista de R$ 8.700,31. As inscri\u00e7\u00f5es devem ser efetuadas exclusivamente pelo<a href=\"https:\/\/concurso.idecan.org.br\/Concurso.aspx?ID=99\" rel=\"noopener\"> site<\/a> oficial at\u00e9 \u00e0s 23h59 do dia 08 de janeiro de 2024, mediante o pagamento de taxa no valor de R$ 125,00.<\/p>\n<p>Para d\u00favidas ou solicita\u00e7\u00e3o de informa\u00e7\u00f5es adicionais, os interessados podem entrar em contato atrav\u00e9s do e-mail inmetro2023@idecan.org.br.<\/p>\n<p><script>\n\t\t! function(f, b, e, v, n, t, s) {\n\t\t\tif (f.fbq) return;\n\t\t\tn = f.fbq = function() {\n\t\t\t\tn.callMethod ?\n\t\t\t\t\tn.callMethod.apply(n, arguments) : n.queue.push(arguments)\n\t\t\t};\n\t\t\tif (!f._fbq) f._fbq = n;\n\t\t\tn.push = n;\n\t\t\tn.loaded = !0;\n\t\t\tn.version = '2.0';\n\t\t\tn.queue = [];\n\t\t\tt = b.createElement(e);\n\t\t\tt.async = !0;\n\t\t\tt.src = v;\n\t\t\ts = b.getElementsByTagName(e)[0];\n\t\t\ts.parentNode.insertBefore(t, s)\n\t\t}(window, document, 'script',\n\t\t\t'https:\/\/connect.facebook.net\/en_US\/fbevents.js');\n\t\tfbq('init', '338315473262380');\n\t\tfbq('track', 'PageView');\n\t<\/script><br \/>\n<br \/><br \/>\n<br \/><a href=\"https:\/\/catracalivre.com.br\/educacao\/inmetro-lanca-edital-de-concurso-com-860-vagas-para-nivel-superior\/\">Source link <\/a><\/p>\n<!-- CONTENT END 1 -->\n","protected":false},"excerpt":{"rendered":"<p>Cr\u00e9ditos: IStock Concurso p\u00fablico INMETRO O Instituto Nacional de Metrologia, Qualidade e Tecnologia (INMETRO) revelou o aguardado edital de n\u00ba 1\/2023 para seu concurso p\u00fablico,&#8230;<\/p>\n","protected":false},"author":1,"featured_media":19791,"comment_status":"open","ping_status":"open","sticky":false,"template":"","format":"standard","meta":{"advanced_seo_description":"","jetpack_seo_html_title":"","jetpack_seo_noindex":false,"jetpack_post_was_ever_published":false,"_jetpack_newsletter_access":"","_jetpack_dont_email_post_to_subs":false,"_jetpack_newsletter_tier_id":0,"_jetpack_memberships_contains_paywalled_content":false,"_jetpack_memberships_contains_paid_content":false,"footnotes":"","jetpack_publicize_message":"","jetpack_publicize_feature_enabled":true,"jetpack_social_post_already_shared":true,"jetpack_social_options":{"image_generator_settings":{"template":"highway","default_image_id":0,"font":"","enabled":false},"version":2}},"categories":[19],"tags":[],"class_list":["post-19790","post","type-post","status-publish","format-standard","has-post-thumbnail","hentry","category-variedades"],"jetpack_publicize_connections":[],"jetpack_featured_media_url":"https:\/\/i0.wp.com\/noticiasribeiraopreto.com.br\/wp-content\/uploads\/2023\/12\/istock-535847793-1.jpg?fit=1200%2C638&ssl=1","jetpack-related-posts":[{"id":16014,"url":"https:\/\/noticiasribeiraopreto.com.br\/index.php\/2023\/12\/14\/concurso-publico-inmetro-tem-edital-com-860-vagas\/","url_meta":{"origin":19790,"position":0},"title":"Concurso p\u00fablico INMETRO tem edital com 860 vagas","author":"noticiasribeiraopreto.com.br","date":"14 de December de 2023","format":false,"excerpt":"Cr\u00e9ditos: IStockConcurso P\u00fablico INMETROO Instituto Nacional de Metrologia (INMETRO)\u00a0anuncia edital de n\u00ba 1\/2023 de concurso p\u00fablico,\u00a0para contrata\u00e7\u00e3o de novos servidores efetivos de n\u00edvel superior. O documento informa que est\u00e3o abertas\u00a0860 oportunidades, das quais 100 s\u00e3o vagas imediatas e as outras 760 s\u00e3o para forma\u00e7\u00e3o de cadastro reserva (CR).A remunera\u00e7\u00e3o prevista\u2026","rel":"","context":"In &quot;Variedades&quot;","block_context":{"text":"Variedades","link":"https:\/\/noticiasribeiraopreto.com.br\/index.php\/category\/variedades\/"},"img":{"alt_text":"","src":"https:\/\/i0.wp.com\/noticiasribeiraopreto.com.br\/wp-content\/uploads\/2023\/12\/istock-1091216916.jpg?fit=1200%2C638&ssl=1&resize=350%2C200","width":350,"height":200,"srcset":"https:\/\/i0.wp.com\/noticiasribeiraopreto.com.br\/wp-content\/uploads\/2023\/12\/istock-1091216916.jpg?fit=1200%2C638&ssl=1&resize=350%2C200 1x, https:\/\/i0.wp.com\/noticiasribeiraopreto.com.br\/wp-content\/uploads\/2023\/12\/istock-1091216916.jpg?fit=1200%2C638&ssl=1&resize=525%2C300 1.5x, https:\/\/i0.wp.com\/noticiasribeiraopreto.com.br\/wp-content\/uploads\/2023\/12\/istock-1091216916.jpg?fit=1200%2C638&ssl=1&resize=700%2C400 2x, https:\/\/i0.wp.com\/noticiasribeiraopreto.com.br\/wp-content\/uploads\/2023\/12\/istock-1091216916.jpg?fit=1200%2C638&ssl=1&resize=1050%2C600 3x"},"classes":[]},{"id":20615,"url":"https:\/\/noticiasribeiraopreto.com.br\/index.php\/2023\/12\/26\/concurso-publico-inmetro-oferece-860-vagas\/","url_meta":{"origin":19790,"position":1},"title":"Concurso p\u00fablico INMETRO oferece 860 vagas","author":"noticiasribeiraopreto.com.br","date":"26 de December de 2023","format":false,"excerpt":"Cr\u00e9ditos: IStockConcurso p\u00fablico INMETROO Instituto Nacional de Metrologia, Qualidade e Tecnologia (INMETRO) anuncia o edital de n\u00ba 1\/2023 de concurso p\u00fablico, para contrata\u00e7\u00e3o de novos servidores efetivos de n\u00edvel superior. O documento informa que est\u00e3o abertas\u00a0860 oportunidades, das quais 100 s\u00e3o vagas imediatas e as outras 760 s\u00e3o para forma\u00e7\u00e3o\u2026","rel":"","context":"In &quot;Variedades&quot;","block_context":{"text":"Variedades","link":"https:\/\/noticiasribeiraopreto.com.br\/index.php\/category\/variedades\/"},"img":{"alt_text":"","src":"https:\/\/i0.wp.com\/noticiasribeiraopreto.com.br\/wp-content\/uploads\/2023\/12\/istock-187131634-1.jpg?fit=1200%2C638&ssl=1&resize=350%2C200","width":350,"height":200,"srcset":"https:\/\/i0.wp.com\/noticiasribeiraopreto.com.br\/wp-content\/uploads\/2023\/12\/istock-187131634-1.jpg?fit=1200%2C638&ssl=1&resize=350%2C200 1x, https:\/\/i0.wp.com\/noticiasribeiraopreto.com.br\/wp-content\/uploads\/2023\/12\/istock-187131634-1.jpg?fit=1200%2C638&ssl=1&resize=525%2C300 1.5x, https:\/\/i0.wp.com\/noticiasribeiraopreto.com.br\/wp-content\/uploads\/2023\/12\/istock-187131634-1.jpg?fit=1200%2C638&ssl=1&resize=700%2C400 2x, https:\/\/i0.wp.com\/noticiasribeiraopreto.com.br\/wp-content\/uploads\/2023\/12\/istock-187131634-1.jpg?fit=1200%2C638&ssl=1&resize=1050%2C600 3x"},"classes":[]},{"id":19637,"url":"https:\/\/noticiasribeiraopreto.com.br\/index.php\/2023\/12\/22\/inmetro-anuncia-edital-de-concurso-publico-com-860-vagas-para-profissionais-de-nivel-superior\/","url_meta":{"origin":19790,"position":2},"title":"INMETRO anuncia edital de concurso p\u00fablico com 860 vagas para profissionais de n\u00edvel superior","author":"noticiasribeiraopreto.com.br","date":"22 de December de 2023","format":false,"excerpt":"Cr\u00e9ditos: IStockConcurso p\u00fablico INMETRO O aguardado edital de n\u00ba 1\/2023 para concurso p\u00fablico do Instituto Nacional de Metrologia, Qualidade e Tecnologia (INMETRO) foi finalmente divulgado, abrindo caminho para o preenchimento de 860 vagas voltadas a profissionais com forma\u00e7\u00e3o de n\u00edvel superior. Desse total, 100 oportunidades est\u00e3o imediatamente dispon\u00edveis, enquanto 760\u2026","rel":"","context":"In &quot;Variedades&quot;","block_context":{"text":"Variedades","link":"https:\/\/noticiasribeiraopreto.com.br\/index.php\/category\/variedades\/"},"img":{"alt_text":"","src":"https:\/\/i0.wp.com\/noticiasribeiraopreto.com.br\/wp-content\/uploads\/2023\/12\/istock-1455111368.jpg?fit=1200%2C638&ssl=1&resize=350%2C200","width":350,"height":200,"srcset":"https:\/\/i0.wp.com\/noticiasribeiraopreto.com.br\/wp-content\/uploads\/2023\/12\/istock-1455111368.jpg?fit=1200%2C638&ssl=1&resize=350%2C200 1x, https:\/\/i0.wp.com\/noticiasribeiraopreto.com.br\/wp-content\/uploads\/2023\/12\/istock-1455111368.jpg?fit=1200%2C638&ssl=1&resize=525%2C300 1.5x, https:\/\/i0.wp.com\/noticiasribeiraopreto.com.br\/wp-content\/uploads\/2023\/12\/istock-1455111368.jpg?fit=1200%2C638&ssl=1&resize=700%2C400 2x, https:\/\/i0.wp.com\/noticiasribeiraopreto.com.br\/wp-content\/uploads\/2023\/12\/istock-1455111368.jpg?fit=1200%2C638&ssl=1&resize=1050%2C600 3x"},"classes":[]},{"id":16998,"url":"https:\/\/noticiasribeiraopreto.com.br\/index.php\/2023\/12\/17\/inmetro-lanca-concurso-publico-com-860-vagas-para-nivel-superior\/","url_meta":{"origin":19790,"position":3},"title":"INMETRO lan\u00e7a concurso p\u00fablico com 860 vagas para n\u00edvel superior","author":"noticiasribeiraopreto.com.br","date":"17 de December de 2023","format":false,"excerpt":"Cr\u00e9ditos: IStockINMETRO lan\u00e7a Concurso P\u00fablicoO Instituto Nacional de Metrologia (INMETRO) divulgou o edital de n\u00famero 1\/2023 para seu concurso p\u00fablico, visando a contrata\u00e7\u00e3o de novos profissionais de n\u00edvel superior. Com um total de 860 oportunidades, sendo 100 vagas imediatas e 760 para forma\u00e7\u00e3o de cadastro reserva (CR), o documento destaca\u2026","rel":"","context":"In &quot;Variedades&quot;","block_context":{"text":"Variedades","link":"https:\/\/noticiasribeiraopreto.com.br\/index.php\/category\/variedades\/"},"img":{"alt_text":"","src":"https:\/\/i0.wp.com\/noticiasribeiraopreto.com.br\/wp-content\/uploads\/2023\/12\/istock-530682793.jpg?fit=1200%2C638&ssl=1&resize=350%2C200","width":350,"height":200,"srcset":"https:\/\/i0.wp.com\/noticiasribeiraopreto.com.br\/wp-content\/uploads\/2023\/12\/istock-530682793.jpg?fit=1200%2C638&ssl=1&resize=350%2C200 1x, https:\/\/i0.wp.com\/noticiasribeiraopreto.com.br\/wp-content\/uploads\/2023\/12\/istock-530682793.jpg?fit=1200%2C638&ssl=1&resize=525%2C300 1.5x, https:\/\/i0.wp.com\/noticiasribeiraopreto.com.br\/wp-content\/uploads\/2023\/12\/istock-530682793.jpg?fit=1200%2C638&ssl=1&resize=700%2C400 2x, https:\/\/i0.wp.com\/noticiasribeiraopreto.com.br\/wp-content\/uploads\/2023\/12\/istock-530682793.jpg?fit=1200%2C638&ssl=1&resize=1050%2C600 3x"},"classes":[]},{"id":21334,"url":"https:\/\/noticiasribeiraopreto.com.br\/index.php\/2023\/12\/27\/ja-se-inscreveu-no-concurso-inmetro-selecao-pode-contar-com-ate-300-aprovados\/","url_meta":{"origin":19790,"position":4},"title":"J\u00e1 se inscreveu no concurso INMETRO? Sele\u00e7\u00e3o pode contar com at\u00e9 300 aprovados!","author":"noticiasribeiraopreto.com.br","date":"27 de December de 2023","format":false,"excerpt":"As vagas do concurso INMETRO s\u00e3o para analista\u00a0e pesquisador-tecnologista Com inscri\u00e7\u00f5es abertas, o concurso INMETRO passou por retifica\u00e7\u00e3o e anunciou que o certame pode contar com at\u00e9 300 aprovados. Veja mais e n\u00e3o deixe a sua chance passar. Concurso Inmetro 2024 Para quem est\u00e1 de olho em uma nova chance\u2026","rel":"","context":"In &quot;Vagas de Emprego em Ribeir\u00e3o Preto-SP&quot;","block_context":{"text":"Vagas de Emprego em Ribeir\u00e3o Preto-SP","link":"https:\/\/noticiasribeiraopreto.com.br\/index.php\/category\/empregos-classificados-vagas-trabalho\/vagas-de-empregos-em-ribeirao-preto-regiao-brasil\/"},"img":{"alt_text":"","src":"https:\/\/i0.wp.com\/noticiasribeiraopreto.com.br\/wp-content\/uploads\/2023\/12\/noticiasconcursos.com_.br-ja-se-inscreveu-no-concurso-inmetro-selecao-pode-contar-com-ate-300-aprovados-inmetro-2.jpg?fit=1200%2C799&ssl=1&resize=350%2C200","width":350,"height":200,"srcset":"https:\/\/i0.wp.com\/noticiasribeiraopreto.com.br\/wp-content\/uploads\/2023\/12\/noticiasconcursos.com_.br-ja-se-inscreveu-no-concurso-inmetro-selecao-pode-contar-com-ate-300-aprovados-inmetro-2.jpg?fit=1200%2C799&ssl=1&resize=350%2C200 1x, https:\/\/i0.wp.com\/noticiasribeiraopreto.com.br\/wp-content\/uploads\/2023\/12\/noticiasconcursos.com_.br-ja-se-inscreveu-no-concurso-inmetro-selecao-pode-contar-com-ate-300-aprovados-inmetro-2.jpg?fit=1200%2C799&ssl=1&resize=525%2C300 1.5x, https:\/\/i0.wp.com\/noticiasribeiraopreto.com.br\/wp-content\/uploads\/2023\/12\/noticiasconcursos.com_.br-ja-se-inscreveu-no-concurso-inmetro-selecao-pode-contar-com-ate-300-aprovados-inmetro-2.jpg?fit=1200%2C799&ssl=1&resize=700%2C400 2x, https:\/\/i0.wp.com\/noticiasribeiraopreto.com.br\/wp-content\/uploads\/2023\/12\/noticiasconcursos.com_.br-ja-se-inscreveu-no-concurso-inmetro-selecao-pode-contar-com-ate-300-aprovados-inmetro-2.jpg?fit=1200%2C799&ssl=1&resize=1050%2C600 3x"},"classes":[]},{"id":25057,"url":"https:\/\/noticiasribeiraopreto.com.br\/index.php\/2024\/01\/05\/inmetro-anuncia-projeto-para-descarbonizacao-do-transporte-rodoviario\/","url_meta":{"origin":19790,"position":5},"title":"Inmetro anuncia projeto para descarboniza\u00e7\u00e3o do transporte rodovi\u00e1rio\u00a0","author":"noticiasribeiraopreto.com.br","date":"5 de January de 2024","format":false,"excerpt":"5 de janeiro de 2024 | 18:005 de janeiro de 2024 | 10:53 0O Instituto Nacional de Metrologia, Qualidade e Tecnologia (Inmetro) aprovou projeto para o desenvolvimento de um sistema de conectividade veicular com foco na redu\u00e7\u00e3o das emiss\u00f5es de carbono para o transporte rodovi\u00e1rio. A iniciativa visa a auxiliar\u2026","rel":"","context":"In &quot;Not\u00edcias de Ribeir\u00e3o Preto-SP e Regi\u00e3o&quot;","block_context":{"text":"Not\u00edcias de Ribeir\u00e3o Preto-SP e Regi\u00e3o","link":"https:\/\/noticiasribeiraopreto.com.br\/index.php\/category\/noticias-de-ribeirao-preto-sp-e-regiao-ismael-colosi\/"},"img":{"alt_text":"","src":"https:\/\/i0.wp.com\/noticiasribeiraopreto.com.br\/wp-content\/uploads\/2024\/01\/2-agencia-brasil-arquivo-scaled.jpg?fit=1000%2C598&ssl=1&resize=350%2C200","width":350,"height":200,"srcset":"https:\/\/i0.wp.com\/noticiasribeiraopreto.com.br\/wp-content\/uploads\/2024\/01\/2-agencia-brasil-arquivo-scaled.jpg?fit=1000%2C598&ssl=1&resize=350%2C200 1x, https:\/\/i0.wp.com\/noticiasribeiraopreto.com.br\/wp-content\/uploads\/2024\/01\/2-agencia-brasil-arquivo-scaled.jpg?fit=1000%2C598&ssl=1&resize=525%2C300 1.5x, https:\/\/i0.wp.com\/noticiasribeiraopreto.com.br\/wp-content\/uploads\/2024\/01\/2-agencia-brasil-arquivo-scaled.jpg?fit=1000%2C598&ssl=1&resize=700%2C400 2x"},"classes":[]}],"jetpack_sharing_enabled":true,"jetpack_shortlink":"https:\/\/wp.me\/peQAOb-59c","_links":{"self":[{"href":"https:\/\/noticiasribeiraopreto.com.br\/index.php\/wp-json\/wp\/v2\/posts\/19790","targetHints":{"allow":["GET"]}}],"collection":[{"href":"https:\/\/noticiasribeiraopreto.com.br\/index.php\/wp-json\/wp\/v2\/posts"}],"about":[{"href":"https:\/\/noticiasribeiraopreto.com.br\/index.php\/wp-json\/wp\/v2\/types\/post"}],"author":[{"embeddable":true,"href":"https:\/\/noticiasribeiraopreto.com.br\/index.php\/wp-json\/wp\/v2\/users\/1"}],"replies":[{"embeddable":true,"href":"https:\/\/noticiasribeiraopreto.com.br\/index.php\/wp-json\/wp\/v2\/comments?post=19790"}],"version-history":[{"count":0,"href":"https:\/\/noticiasribeiraopreto.com.br\/index.php\/wp-json\/wp\/v2\/posts\/19790\/revisions"}],"wp:featuredmedia":[{"embeddable":true,"href":"https:\/\/noticiasribeiraopreto.com.br\/index.php\/wp-json\/wp\/v2\/media\/19791"}],"wp:attachment":[{"href":"https:\/\/noticiasribeiraopreto.com.br\/index.php\/wp-json\/wp\/v2\/media?parent=19790"}],"wp:term":[{"taxonomy":"category","embeddable":true,"href":"https:\/\/noticiasribeiraopreto.com.br\/index.php\/wp-json\/wp\/v2\/categories?post=19790"},{"taxonomy":"post_tag","embeddable":true,"href":"https:\/\/noticiasribeiraopreto.com.br\/index.php\/wp-json\/wp\/v2\/tags?post=19790"}],"curies":[{"name":"wp","href":"https:\/\/api.w.org\/{rel}","templated":true}]}}