{"id":19794,"date":"2023-12-23T09:58:27","date_gmt":"2023-12-23T12:58:27","guid":{"rendered":"https:\/\/noticiasribeiraopreto.com.br\/index.php\/2023\/12\/23\/chuva-causa-transtorno-em-pontos-de-rp\/"},"modified":"2023-12-23T09:58:27","modified_gmt":"2023-12-23T12:58:27","slug":"chuva-causa-transtorno-em-pontos-de-rp","status":"publish","type":"post","link":"https:\/\/noticiasribeiraopreto.com.br\/index.php\/2023\/12\/23\/chuva-causa-transtorno-em-pontos-de-rp\/","title":{"rendered":"Chuva causa transtorno em pontos de RP"},"content":{"rendered":"<div class='code-block code-block-1' style='margin: 8px 0 8px auto; text-align: right; display: block; clear: both;'>\n<p><a href=\"https:\/\/wa.link\/vpicfd\"><img data-recalc-dims=\"1\" class=\"wp-image-4922\" style=\"aspect-ratio: 2.0253164556962027; width: 561px; height: auto;\" src=\"https:\/\/i0.wp.com\/ismaelcolosi.com.br\/wp-content\/uploads\/2023\/11\/grupo-de-empregos-whatsapp-e-facebook-ismael-colosi-vagas.jpg?ssl=1\" alt=\"\" \/><\/a><\/p>\n<!-- \/wp:image -->\n<\/div>\n<p> <br \/>\n<\/p>\n<div id=\"post-368216\">\n<header class=\"entry-header penci-entry-header penci-title-center\">\n<p> <span class=\"entry-meta-item penci-posted-on\"><i class=\"fa fa-clock-o\"\/><time class=\"entry-date published updated\" datetime=\"2023-12-23T09:32:14-03:00\">23 de dezembro de 2023 | 9:32<\/time><\/span><\/p>\n<p> <span class=\"penci-social-buttons penci-social-share-footer\"><a href=\"#\" class=\"penci-post-like penci_post-meta_item  single-like-button penci-social-item like\" data-post_id=\"368216\" title=\"Like\" data-like=\"Like\" data-unlike=\"Unlike\"><i class=\"fa fa-thumbs-o-up\"\/><span class=\"penci-share-number\">0<\/span><\/a><i class=\"fa fa-facebook\"\/><a class=\"penci-social-item twitter\" target=\"_blank\" rel=\"noopener\" title=\"\" href=\"https:\/\/twitter.com\/intent\/tweet?text=Chuva%20causa%20transtorno%20em%20pontos%20de%20RP%20-%20https:\/\/www.tribunaribeirao.com.br\/site\/chuva-causa-transtorno-em-pontos-de-rp\/\"><i class=\"fa fa-twitter\"\/><\/a><i class=\"fa fa-whatsapp\"\/><\/span><\/header>\n<div class=\"penci-entry-content entry-content\">\n<p>V\u00e1rios pontos da cidade est\u00e3o alagados por causa da chuva que come\u00e7ou desde a madrugada desta sexta-feira.<\/p>\n<p>A\u00a0 orienta\u00e7\u00e3o da RP Mobi \u00e9 para evitar transitar principalmente nas avenidas Francisco Junqueira e Jer\u00f4nimo Gon\u00e7alves, onde alguns carros ficaram submersos.<\/p>\n<p>A Via Norte e o centro de Ribeir\u00e3o Preto tamb\u00e9m est\u00e3o prejudicados.<\/p>\n<\/div>\n<footer class=\"penci-entry-footer\"\/><\/div>\n<p><script async src=\"\/\/platform.twitter.com\/widgets.js\" charset=\"utf-8\"><\/script><br \/>\n<br \/><br \/>\n<br \/><a href=\"https:\/\/www.tribunaribeirao.com.br\/site\/chuva-causa-transtorno-em-pontos-de-rp\/\">Source link <\/a><\/p>\n<!-- CONTENT END 1 -->\n","protected":false},"excerpt":{"rendered":"<p>23 de dezembro de 2023 | 9:32 0 V\u00e1rios pontos da cidade est\u00e3o alagados por causa da chuva que come\u00e7ou desde a madrugada desta sexta-feira&#8230;.<\/p>\n","protected":false},"author":1,"featured_media":19795,"comment_status":"open","ping_status":"open","sticky":false,"template":"","format":"standard","meta":{"advanced_seo_description":"","jetpack_seo_html_title":"","jetpack_seo_noindex":false,"jetpack_post_was_ever_published":false,"_jetpack_newsletter_access":"","_jetpack_dont_email_post_to_subs":false,"_jetpack_newsletter_tier_id":0,"_jetpack_memberships_contains_paywalled_content":false,"_jetpack_memberships_contains_paid_content":false,"footnotes":"","jetpack_publicize_message":"","jetpack_publicize_feature_enabled":true,"jetpack_social_post_already_shared":true,"jetpack_social_options":{"image_generator_settings":{"template":"highway","default_image_id":0,"font":"","enabled":false},"version":2}},"categories":[11],"tags":[383,224,305,2570],"class_list":["post-19794","post","type-post","status-publish","format-standard","has-post-thumbnail","hentry","category-noticias-de-ribeirao-preto-sp-e-regiao-ismael-colosi","tag-causa","tag-chuva","tag-pontos","tag-transtorno"],"jetpack_publicize_connections":[],"jetpack_featured_media_url":"https:\/\/i0.wp.com\/noticiasribeiraopreto.com.br\/wp-content\/uploads\/2023\/12\/e5f5aa5a-a12c-488f-8c27-9bb9da1b3182-scaled.jpg?fit=1000%2C545&ssl=1","jetpack-related-posts":[{"id":20933,"url":"https:\/\/noticiasribeiraopreto.com.br\/index.php\/2023\/12\/26\/chuva-desta-tarde-de-terca-26-causa-transtornos-em-rp\/","url_meta":{"origin":19794,"position":0},"title":"Chuva desta tarde causa transtornos em RP","author":"noticiasribeiraopreto.com.br","date":"26 de December de 2023","format":false,"excerpt":"26 de dezembro de 2023 | 17:1326 de dezembro de 2023 | 18:00 0A chuva forte que caiu nesta tarde de ter\u00e7a-feira, 26 provocou queda de \u00e1rvore e prejudicou os sem\u00e1foros em algumas regi\u00f5es da cidade.No tr\u00e2nsito acontece:-bloqueio total do cruzamento das avenidas Elp\u00eddio Gomes e do Caf\u00e9, por queda\u2026","rel":"","context":"In &quot;Not\u00edcias de Ribeir\u00e3o Preto-SP e Regi\u00e3o&quot;","block_context":{"text":"Not\u00edcias de Ribeir\u00e3o Preto-SP e Regi\u00e3o","link":"https:\/\/noticiasribeiraopreto.com.br\/index.php\/category\/noticias-de-ribeirao-preto-sp-e-regiao-ismael-colosi\/"},"img":{"alt_text":"","src":"https:\/\/i0.wp.com\/noticiasribeiraopreto.com.br\/wp-content\/uploads\/2023\/12\/00-16-out-2023-temporal-ribeirao-foto-x-tudo.jpg?fit=518%2C359&ssl=1&resize=350%2C200","width":350,"height":200},"classes":[]},{"id":81364,"url":"https:\/\/noticiasribeiraopreto.com.br\/index.php\/2026\/01\/03\/chuva-causa-transtornos-em-ruas-e-avenidas-de-ribeirao-preto-veja-video\/","url_meta":{"origin":19794,"position":1},"title":"Chuva causa transtornos em ruas e avenidas de Ribeir\u00e3o Preto; Veja v\u00eddeo","author":"noticiasribeiraopreto.com.br","date":"3 de January de 2026","format":false,"excerpt":"A chuva registrada na tarde desta sexta-feira (2) provocou transtornos em ruas e avenidas de Ribeir\u00e3o Preto. Motoristas enfrentaram dificuldades em pontos da cidade por causa do ac\u00famulo de \u00e1gua na pista. Na avenida Maur\u00edlio Biagi, antes da rua Chile, o tr\u00e2nsito ficou lento e ve\u00edculos precisaram reduzir a velocidade\u2026","rel":"","context":"In &quot;Not\u00edcias de Ribeir\u00e3o Preto-SP e Regi\u00e3o&quot;","block_context":{"text":"Not\u00edcias de Ribeir\u00e3o Preto-SP e Regi\u00e3o","link":"https:\/\/noticiasribeiraopreto.com.br\/index.php\/category\/noticias-de-ribeirao-preto-sp-e-regiao-ismael-colosi\/"},"img":{"alt_text":"","src":"https:\/\/i0.wp.com\/noticiasribeiraopreto.com.br\/wp-content\/uploads\/2026\/01\/WhatsApp-Image-2026-01-02-at-14.42.25_2026-01-02_17-46-37-e1767376037306.webp.webp?fit=898%2C626&ssl=1&resize=350%2C200","width":350,"height":200,"srcset":"https:\/\/i0.wp.com\/noticiasribeiraopreto.com.br\/wp-content\/uploads\/2026\/01\/WhatsApp-Image-2026-01-02-at-14.42.25_2026-01-02_17-46-37-e1767376037306.webp.webp?fit=898%2C626&ssl=1&resize=350%2C200 1x, https:\/\/i0.wp.com\/noticiasribeiraopreto.com.br\/wp-content\/uploads\/2026\/01\/WhatsApp-Image-2026-01-02-at-14.42.25_2026-01-02_17-46-37-e1767376037306.webp.webp?fit=898%2C626&ssl=1&resize=525%2C300 1.5x, https:\/\/i0.wp.com\/noticiasribeiraopreto.com.br\/wp-content\/uploads\/2026\/01\/WhatsApp-Image-2026-01-02-at-14.42.25_2026-01-02_17-46-37-e1767376037306.webp.webp?fit=898%2C626&ssl=1&resize=700%2C400 2x"},"classes":[]},{"id":71221,"url":"https:\/\/noticiasribeiraopreto.com.br\/index.php\/2025\/06\/03\/chuva-causa-queda-de-arvore-e-transtornos-no-transito-em-ribeirao-preto\/","url_meta":{"origin":19794,"position":2},"title":"Chuva causa queda de \u00e1rvore e transtornos no tr\u00e2nsito em Ribeir\u00e3o Preto","author":"noticiasribeiraopreto.com.br","date":"3 de June de 2025","format":false,"excerpt":"As chuvas que atingiram Ribeir\u00e3o Preto no final da tarde desta ter\u00e7a-feira (3) causaram estragos e transtornos em diversos pontos da cidade. Segundo informa\u00e7\u00f5es da RP Mobi, foram registradas ocorr\u00eancias relacionadas \u00e0 queda de \u00e1rvore e falhas em sem\u00e1foros. Uma \u00e1rvore caiu no cruzamento da avenida Carlos Consoni com a\u2026","rel":"","context":"In &quot;Not\u00edcias de Ribeir\u00e3o Preto-SP e Regi\u00e3o&quot;","block_context":{"text":"Not\u00edcias de Ribeir\u00e3o Preto-SP e Regi\u00e3o","link":"https:\/\/noticiasribeiraopreto.com.br\/index.php\/category\/noticias-de-ribeirao-preto-sp-e-regiao-ismael-colosi\/"},"img":{"alt_text":"","src":"https:\/\/i0.wp.com\/noticiasribeiraopreto.com.br\/wp-content\/uploads\/2025\/04\/chuva_2601214145_0.webp.webp?fit=1170%2C700&ssl=1&resize=350%2C200","width":350,"height":200,"srcset":"https:\/\/i0.wp.com\/noticiasribeiraopreto.com.br\/wp-content\/uploads\/2025\/04\/chuva_2601214145_0.webp.webp?fit=1170%2C700&ssl=1&resize=350%2C200 1x, https:\/\/i0.wp.com\/noticiasribeiraopreto.com.br\/wp-content\/uploads\/2025\/04\/chuva_2601214145_0.webp.webp?fit=1170%2C700&ssl=1&resize=525%2C300 1.5x, https:\/\/i0.wp.com\/noticiasribeiraopreto.com.br\/wp-content\/uploads\/2025\/04\/chuva_2601214145_0.webp.webp?fit=1170%2C700&ssl=1&resize=700%2C400 2x, https:\/\/i0.wp.com\/noticiasribeiraopreto.com.br\/wp-content\/uploads\/2025\/04\/chuva_2601214145_0.webp.webp?fit=1170%2C700&ssl=1&resize=1050%2C600 3x"},"classes":[]},{"id":62899,"url":"https:\/\/noticiasribeiraopreto.com.br\/index.php\/2025\/01\/28\/chafariz-de-lama-e-alagamentos-chuva-causa-transtornos-em-ribeirao-video\/","url_meta":{"origin":19794,"position":3},"title":"\u2018Chafariz de lama\u2019 e alagamentos: Chuva causa transtornos em Ribeir\u00e3o; V\u00eddeo","author":"noticiasribeiraopreto.com.br","date":"28 de January de 2025","format":false,"excerpt":"A chuva que atingiu Ribeir\u00e3o Preto na manh\u00e3 desta ter\u00e7a-feira (28), provocou pontos de alagamentos e transtornos em algumas regi\u00f5es do munic\u00edpio. Um novo \u201cchafariz de lama\u201d foi registrado por moradores do munic\u00edpio entre as ruas S\u00e3o Jos\u00e9 e Campos Salles. Na rua Rui Barbosa, o ac\u00famulo de \u00e1gua tamb\u00e9m\u2026","rel":"","context":"In &quot;Not\u00edcias de Ribeir\u00e3o Preto-SP e Regi\u00e3o&quot;","block_context":{"text":"Not\u00edcias de Ribeir\u00e3o Preto-SP e Regi\u00e3o","link":"https:\/\/noticiasribeiraopreto.com.br\/index.php\/category\/noticias-de-ribeirao-preto-sp-e-regiao-ismael-colosi\/"},"img":{"alt_text":"","src":"https:\/\/i0.wp.com\/noticiasribeiraopreto.com.br\/wp-content\/uploads\/2025\/01\/Copia-de-Copia-de-Copia-de-TAMANHO-EXATO-PARA-FOTOS-NO-SISTEMA-NOVO-2025-01-28T082527.715_2025-01-28_11-25-43_png_2025-01-28_11-25-43.webp.webp?fit=1200%2C675&ssl=1&resize=350%2C200","width":350,"height":200,"srcset":"https:\/\/i0.wp.com\/noticiasribeiraopreto.com.br\/wp-content\/uploads\/2025\/01\/Copia-de-Copia-de-Copia-de-TAMANHO-EXATO-PARA-FOTOS-NO-SISTEMA-NOVO-2025-01-28T082527.715_2025-01-28_11-25-43_png_2025-01-28_11-25-43.webp.webp?fit=1200%2C675&ssl=1&resize=350%2C200 1x, https:\/\/i0.wp.com\/noticiasribeiraopreto.com.br\/wp-content\/uploads\/2025\/01\/Copia-de-Copia-de-Copia-de-TAMANHO-EXATO-PARA-FOTOS-NO-SISTEMA-NOVO-2025-01-28T082527.715_2025-01-28_11-25-43_png_2025-01-28_11-25-43.webp.webp?fit=1200%2C675&ssl=1&resize=525%2C300 1.5x, https:\/\/i0.wp.com\/noticiasribeiraopreto.com.br\/wp-content\/uploads\/2025\/01\/Copia-de-Copia-de-Copia-de-TAMANHO-EXATO-PARA-FOTOS-NO-SISTEMA-NOVO-2025-01-28T082527.715_2025-01-28_11-25-43_png_2025-01-28_11-25-43.webp.webp?fit=1200%2C675&ssl=1&resize=700%2C400 2x, https:\/\/i0.wp.com\/noticiasribeiraopreto.com.br\/wp-content\/uploads\/2025\/01\/Copia-de-Copia-de-Copia-de-TAMANHO-EXATO-PARA-FOTOS-NO-SISTEMA-NOVO-2025-01-28T082527.715_2025-01-28_11-25-43_png_2025-01-28_11-25-43.webp.webp?fit=1200%2C675&ssl=1&resize=1050%2C600 3x"},"classes":[]},{"id":71155,"url":"https:\/\/noticiasribeiraopreto.com.br\/index.php\/2025\/06\/03\/video-chuva-atipica-causa-transtorno-em-rp\/","url_meta":{"origin":19794,"position":4},"title":"V\u00cdDEO &#8211; Chuva at\u00edpica causa transtorno em RP","author":"noticiasribeiraopreto.com.br","date":"3 de June de 2025","format":false,"excerpt":"V\u00e1rios pontos de alagamento e sem\u00e1foros desligados foram notados pelos motoristas 3 de junho de 2025 10:243 de junho de 2025 10:287 Compartilhar2 Por: Adalberto Luque A forte chuva que caiu sobre Ribeir\u00e3o Preto, no in\u00edcio da manh\u00e3 desta ter\u00e7a-feira (3), causou transtornos no tr\u00e2nsito em v\u00e1rios locais da cidade.\u2026","rel":"","context":"In &quot;Not\u00edcias de Ribeir\u00e3o Preto-SP e Regi\u00e3o&quot;","block_context":{"text":"Not\u00edcias de Ribeir\u00e3o Preto-SP e Regi\u00e3o","link":"https:\/\/noticiasribeiraopreto.com.br\/index.php\/category\/noticias-de-ribeirao-preto-sp-e-regiao-ismael-colosi\/"},"img":{"alt_text":"","src":"https:\/\/i0.wp.com\/noticiasribeiraopreto.com.br\/wp-content\/uploads\/2025\/06\/maxresdefault-1.jpg?fit=1200%2C675&ssl=1&resize=350%2C200","width":350,"height":200,"srcset":"https:\/\/i0.wp.com\/noticiasribeiraopreto.com.br\/wp-content\/uploads\/2025\/06\/maxresdefault-1.jpg?fit=1200%2C675&ssl=1&resize=350%2C200 1x, https:\/\/i0.wp.com\/noticiasribeiraopreto.com.br\/wp-content\/uploads\/2025\/06\/maxresdefault-1.jpg?fit=1200%2C675&ssl=1&resize=525%2C300 1.5x, https:\/\/i0.wp.com\/noticiasribeiraopreto.com.br\/wp-content\/uploads\/2025\/06\/maxresdefault-1.jpg?fit=1200%2C675&ssl=1&resize=700%2C400 2x, https:\/\/i0.wp.com\/noticiasribeiraopreto.com.br\/wp-content\/uploads\/2025\/06\/maxresdefault-1.jpg?fit=1200%2C675&ssl=1&resize=1050%2C600 3x"},"classes":[]},{"id":34478,"url":"https:\/\/noticiasribeiraopreto.com.br\/index.php\/2024\/02\/02\/tempestade-causa-mais-transtornos-em-rp\/","url_meta":{"origin":19794,"position":5},"title":"Tempestade causa mais transtornos em RP","author":"noticiasribeiraopreto.com.br","date":"2 de February de 2024","format":false,"excerpt":"2 de fevereiro de 2024 | 8:22 0O temporal que caiu em Ribeir\u00e3o Preto, no final da tarde desta quinta-feira, 1\u00ba de novembro, causou mais transtornos \u00e0 popula\u00e7\u00e3o. A tempestade durou numa hora, veio acompanhada de rajadas de vento de at\u00e9 70 quil\u00f4metros por hora e derrubou \u00e1rvores em v\u00e1rias\u2026","rel":"","context":"In &quot;Not\u00edcias de Ribeir\u00e3o Preto-SP e Regi\u00e3o&quot;","block_context":{"text":"Not\u00edcias de Ribeir\u00e3o Preto-SP e Regi\u00e3o","link":"https:\/\/noticiasribeiraopreto.com.br\/index.php\/category\/noticias-de-ribeirao-preto-sp-e-regiao-ismael-colosi\/"},"img":{"alt_text":"","src":"https:\/\/i0.wp.com\/noticiasribeiraopreto.com.br\/wp-content\/uploads\/2024\/02\/content_d2741f76-a8e0-46d3-8cf6-2bab16790ef6.jpg?fit=600%2C338&ssl=1&resize=350%2C200","width":350,"height":200,"srcset":"https:\/\/i0.wp.com\/noticiasribeiraopreto.com.br\/wp-content\/uploads\/2024\/02\/content_d2741f76-a8e0-46d3-8cf6-2bab16790ef6.jpg?fit=600%2C338&ssl=1&resize=350%2C200 1x, https:\/\/i0.wp.com\/noticiasribeiraopreto.com.br\/wp-content\/uploads\/2024\/02\/content_d2741f76-a8e0-46d3-8cf6-2bab16790ef6.jpg?fit=600%2C338&ssl=1&resize=525%2C300 1.5x"},"classes":[]}],"jetpack_sharing_enabled":true,"jetpack_shortlink":"https:\/\/wp.me\/peQAOb-59g","_links":{"self":[{"href":"https:\/\/noticiasribeiraopreto.com.br\/index.php\/wp-json\/wp\/v2\/posts\/19794","targetHints":{"allow":["GET"]}}],"collection":[{"href":"https:\/\/noticiasribeiraopreto.com.br\/index.php\/wp-json\/wp\/v2\/posts"}],"about":[{"href":"https:\/\/noticiasribeiraopreto.com.br\/index.php\/wp-json\/wp\/v2\/types\/post"}],"author":[{"embeddable":true,"href":"https:\/\/noticiasribeiraopreto.com.br\/index.php\/wp-json\/wp\/v2\/users\/1"}],"replies":[{"embeddable":true,"href":"https:\/\/noticiasribeiraopreto.com.br\/index.php\/wp-json\/wp\/v2\/comments?post=19794"}],"version-history":[{"count":0,"href":"https:\/\/noticiasribeiraopreto.com.br\/index.php\/wp-json\/wp\/v2\/posts\/19794\/revisions"}],"wp:featuredmedia":[{"embeddable":true,"href":"https:\/\/noticiasribeiraopreto.com.br\/index.php\/wp-json\/wp\/v2\/media\/19795"}],"wp:attachment":[{"href":"https:\/\/noticiasribeiraopreto.com.br\/index.php\/wp-json\/wp\/v2\/media?parent=19794"}],"wp:term":[{"taxonomy":"category","embeddable":true,"href":"https:\/\/noticiasribeiraopreto.com.br\/index.php\/wp-json\/wp\/v2\/categories?post=19794"},{"taxonomy":"post_tag","embeddable":true,"href":"https:\/\/noticiasribeiraopreto.com.br\/index.php\/wp-json\/wp\/v2\/tags?post=19794"}],"curies":[{"name":"wp","href":"https:\/\/api.w.org\/{rel}","templated":true}]}}