{"id":19796,"date":"2023-12-23T10:09:48","date_gmt":"2023-12-23T13:09:48","guid":{"rendered":"https:\/\/noticiasribeiraopreto.com.br\/index.php\/2023\/12\/23\/3-erros-que-nao-devem-ser-cometidos-apos-as-refeicoes-entenda-os-motivos\/"},"modified":"2023-12-23T10:09:48","modified_gmt":"2023-12-23T13:09:48","slug":"3-erros-que-nao-devem-ser-cometidos-apos-as-refeicoes-entenda-os-motivos","status":"publish","type":"post","link":"https:\/\/noticiasribeiraopreto.com.br\/index.php\/2023\/12\/23\/3-erros-que-nao-devem-ser-cometidos-apos-as-refeicoes-entenda-os-motivos\/","title":{"rendered":"3 erros que n\u00e3o devem ser cometidos ap\u00f3s as refei\u00e7\u00f5es; entenda os motivos"},"content":{"rendered":"<div class='code-block code-block-1' style='margin: 8px 0 8px auto; text-align: right; display: block; clear: both;'>\n<p><a href=\"https:\/\/wa.link\/vpicfd\"><img data-recalc-dims=\"1\" class=\"wp-image-4922\" style=\"aspect-ratio: 2.0253164556962027; width: 561px; height: auto;\" src=\"https:\/\/i0.wp.com\/ismaelcolosi.com.br\/wp-content\/uploads\/2023\/11\/grupo-de-empregos-whatsapp-e-facebook-ismael-colosi-vagas.jpg?ssl=1\" alt=\"\" \/><\/a><\/p>\n<!-- \/wp:image -->\n<\/div>\n<p> <br \/>\n<\/p>\n<div>\n<div id=\"attachment_2328614\" class=\"wp-caption alignnone\">\n<div class=\"d-flex justify-content-center\" data-attachment-id=\"2328614\">\n<div class=\"position-relative d-inline-block\"><img data-recalc-dims=\"1\" data-portal-copyright=\"Getty Images\" fetchpriority=\"high\" decoding=\"async\" class=\"wp-image-2328614 size-full\" src=\"https:\/\/i0.wp.com\/catracalivre.com.br\/wp-content\/uploads\/2023\/12\/istock-1074902066.jpg?resize=1254%2C836&#038;ssl=1\" alt=\"Erros ap\u00f3s as refei\u00e7\u00f5es: No Brasil, a preval\u00eancia das doen\u00e7as inflamat\u00f3rias intestinais chega a 100 casos para cada 100 mil habitantes no sistema p\u00fablico (Fonte: Sociedade de Coloproctologia) \u2013 iStock\/Getty Images\" width=\"1254\" height=\"836\" srcset=\"https:\/\/catracalivre.com.br\/wp-content\/uploads\/2023\/12\/istock-1074902066.jpg 1254w, https:\/\/catracalivre.com.br\/wp-content\/uploads\/2023\/12\/istock-1074902066-450x300.jpg 450w, https:\/\/catracalivre.com.br\/wp-content\/uploads\/2023\/12\/istock-1074902066-768x512.jpg 768w\" sizes=\"(max-width: 1254px) 100vw, 1254px\"\/><\/p>\n<p>Cr\u00e9ditos: Getty Images<\/p>\n<\/div>\n<\/div>\n<p><span class=\"post-imagem__legenda\">Erros ap\u00f3s as refei\u00e7\u00f5es: No Brasil, a preval\u00eancia das doen\u00e7as inflamat\u00f3rias intestinais chega a 100 casos para cada 100 mil habitantes no sistema p\u00fablico (Fonte: Sociedade de Coloproctologia) \u2013 iStock\/Getty Images<\/span><\/p>\n<\/div>\n<p>Sentir vontade de ir para a cama imediatamente ou tomar um cafezinho s\u00e3o situa\u00e7\u00f5es praticamente autom\u00e1ticas depois de uma refei\u00e7\u00e3o. No entanto, alguns h\u00e1bitos podem impactar negativamente a <strong><a href=\"https:\/\/bvsms.saude.gov.br\/sua-saude-digestiva-um-intestino-saudavel-desde-o-inicio-29-5-dia-mundial-da-saude-digestiva\/#:~:text=Preven%C3%A7%C3%A3o%20de%20doen%C3%A7as%20digestivas%3A&amp;text=Evitar%20comer%20com%20l%C3%ADquidos%2C%20melhorar,a%20sa%C3%BAde%20do%20aparelho%20digestivo.\" target=\"_blank\" rel=\"noopener\">digest\u00e3o<\/a><\/strong>, a sa\u00fade geral e o bem-estar, alertam especialistas.<\/p>\n<p>Abaixo, destacamos tr\u00eas escolhas equivocadas que devem ser riscadas da sua <strong><a href=\"https:\/\/catracalivre.com.br\/equilibre-se\/aprenda-usar-piramide-alimentar-nas-suas-refeicoes\/\" target=\"_blank\" rel=\"noopener\">rotina alimentar<\/a><\/strong>. E, sim, isso envolve mudan\u00e7as radicais para evitar erros ap\u00f3s as refei\u00e7\u00f5es:<\/p>\n<p>A cafe\u00edna, frequentemente encontrada em bebidas populares como caf\u00e9 e ch\u00e1, pode influenciar a absor\u00e7\u00e3o de minerais e nutrientes essenciais, especialmente ferro e c\u00e1lcio.<\/p>\n<p>Para resolver esse problema e maximizar a absor\u00e7\u00e3o de nutrientes, \u00e9 aconselh\u00e1vel aguardar pelo menos uma hora ap\u00f3s uma refei\u00e7\u00e3o para consumir essas bebidas. Esse atraso permite que seu corpo tenha tempo suficiente para digerir e absorver os nutrientes da refei\u00e7\u00e3o sem a interfer\u00eancia potencial causada pela cafe\u00edna.<\/p>\n<p>Manter-se adequadamente hidratado \u00e9, sem d\u00favida, essencial para a sa\u00fade geral, mas beber quantidades excessivas de \u00e1gua logo ap\u00f3s comer pode ter efeitos adversos no processo de digest\u00e3o, pois dilui o \u00e1cido estomacal, que desempenha um papel crucial na decomposi\u00e7\u00e3o dos alimentos.<\/p>\n<p>\u00c9 recomend\u00e1vel esperar aproximadamente 30 minutos ap\u00f3s a refei\u00e7\u00e3o antes de voltar a se hidratar. Esta pausa d\u00e1 ao est\u00f4mago tempo suficiente para iniciar o processo de digest\u00e3o sem a interfer\u00eancia do excesso de \u00e1gua.<\/p>\n<p>Deitar-se imediatamente ap\u00f3s uma refei\u00e7\u00e3o \u00e9 um h\u00e1bito que pode causar desconforto, azia e refluxo \u00e1cido, o que pode atrapalhar o processo digestivo.<\/p>\n<p>O ideal \u00e9 manter a posi\u00e7\u00e3o vertical durante um longo per\u00edodo ap\u00f3s comer, de prefer\u00eancia durante pelo menos duas a tr\u00eas horas. Ao permanecer em p\u00e9, voc\u00ea permite que a gravidade ajude a movimentar os alimentos pelo trato digestivo de maneira mais eficaz. Isso ajuda a evitar que o \u00e1cido estomacal retorne ao es\u00f4fago, reduzindo a probabilidade de azia e refluxo \u00e1cido.<\/p>\n<\/div>\n<p><script>\n\t\t! function(f, b, e, v, n, t, s) {\n\t\t\tif (f.fbq) return;\n\t\t\tn = f.fbq = function() {\n\t\t\t\tn.callMethod ?\n\t\t\t\t\tn.callMethod.apply(n, arguments) : n.queue.push(arguments)\n\t\t\t};\n\t\t\tif (!f._fbq) f._fbq = n;\n\t\t\tn.push = n;\n\t\t\tn.loaded = !0;\n\t\t\tn.version = '2.0';\n\t\t\tn.queue = [];\n\t\t\tt = b.createElement(e);\n\t\t\tt.async = !0;\n\t\t\tt.src = v;\n\t\t\ts = b.getElementsByTagName(e)[0];\n\t\t\ts.parentNode.insertBefore(t, s)\n\t\t}(window, document, 'script',\n\t\t\t'https:\/\/connect.facebook.net\/en_US\/fbevents.js');\n\t\tfbq('init', '338315473262380');\n\t\tfbq('track', 'PageView');\n\t<\/script><br \/>\n<br \/><br \/>\n<br \/><a href=\"https:\/\/catracalivre.com.br\/saude-bem-estar\/3-erros-que-nao-devem-ser-cometidos-apos-as-refeicoes-entenda-os-motivos\/\">Source link <\/a><\/p>\n<!-- CONTENT END 1 -->\n","protected":false},"excerpt":{"rendered":"<p>Cr\u00e9ditos: Getty Images Erros ap\u00f3s as refei\u00e7\u00f5es: No Brasil, a preval\u00eancia das doen\u00e7as inflamat\u00f3rias intestinais chega a 100 casos para cada 100 mil habitantes no&#8230;<\/p>\n","protected":false},"author":1,"featured_media":19797,"comment_status":"open","ping_status":"open","sticky":false,"template":"","format":"standard","meta":{"advanced_seo_description":"","jetpack_seo_html_title":"","jetpack_seo_noindex":false,"jetpack_post_was_ever_published":false,"_jetpack_newsletter_access":"","_jetpack_dont_email_post_to_subs":false,"_jetpack_newsletter_tier_id":0,"_jetpack_memberships_contains_paywalled_content":false,"_jetpack_memberships_contains_paid_content":false,"footnotes":"","jetpack_publicize_message":"","jetpack_publicize_feature_enabled":true,"jetpack_social_post_already_shared":true,"jetpack_social_options":{"image_generator_settings":{"template":"highway","default_image_id":0,"font":"","enabled":false},"version":2}},"categories":[19],"tags":[],"class_list":["post-19796","post","type-post","status-publish","format-standard","has-post-thumbnail","hentry","category-variedades"],"jetpack_publicize_connections":[],"jetpack_featured_media_url":"https:\/\/i0.wp.com\/noticiasribeiraopreto.com.br\/wp-content\/uploads\/2023\/12\/istock-1074902066.jpg?fit=1200%2C638&ssl=1","jetpack-related-posts":[{"id":67683,"url":"https:\/\/noticiasribeiraopreto.com.br\/index.php\/2025\/04\/17\/bom-prato-em-franca-vai-ter-cardapio-especial-neste-dia-17-4-por-conta-da-pascoa\/","url_meta":{"origin":19796,"position":0},"title":"Bom Prato em Franca vai ter card\u00e1pio especial neste dia 17\/4 por conta da P\u00e1scoa","author":"noticiasribeiraopreto.com.br","date":"17 de April de 2025","format":false,"excerpt":"Para deixar a celebra\u00e7\u00e3o da P\u00e1scoa ainda mais deliciosa, todos os restaurantes populares do Programa Bom Prato localizados na regi\u00e3o de Ribeir\u00e3o Preto v\u00e3o abrir suas portas para servir almo\u00e7os especiais, nesta quinta-feira (17). Os card\u00e1pios v\u00e3o contar com pratos t\u00edpicos como moqueca de peixe, iscas de dourado e peixada\u2026","rel":"","context":"In &quot;Not\u00edcias de Franca-SP&quot;","block_context":{"text":"Not\u00edcias de Franca-SP","link":"https:\/\/noticiasribeiraopreto.com.br\/index.php\/category\/noticias-de-ribeirao-preto-sp-e-regiao-ismael-colosi\/noticias-franca-sp\/"},"img":{"alt_text":"","src":"https:\/\/i0.wp.com\/noticiasribeiraopreto.com.br\/wp-content\/uploads\/2025\/04\/bom-prato.jpg?fit=1200%2C800&ssl=1&resize=350%2C200","width":350,"height":200,"srcset":"https:\/\/i0.wp.com\/noticiasribeiraopreto.com.br\/wp-content\/uploads\/2025\/04\/bom-prato.jpg?fit=1200%2C800&ssl=1&resize=350%2C200 1x, https:\/\/i0.wp.com\/noticiasribeiraopreto.com.br\/wp-content\/uploads\/2025\/04\/bom-prato.jpg?fit=1200%2C800&ssl=1&resize=525%2C300 1.5x, https:\/\/i0.wp.com\/noticiasribeiraopreto.com.br\/wp-content\/uploads\/2025\/04\/bom-prato.jpg?fit=1200%2C800&ssl=1&resize=700%2C400 2x, https:\/\/i0.wp.com\/noticiasribeiraopreto.com.br\/wp-content\/uploads\/2025\/04\/bom-prato.jpg?fit=1200%2C800&ssl=1&resize=1050%2C600 3x"},"classes":[]},{"id":17011,"url":"https:\/\/noticiasribeiraopreto.com.br\/index.php\/2023\/12\/17\/estrategia-estabiliza-niveis-de-acucar-no-sangue-indicam-especialistas\/","url_meta":{"origin":19796,"position":1},"title":"Estrat\u00e9gia estabiliza n\u00edveis de a\u00e7\u00facar no sangue, indicam especialistas","author":"noticiasribeiraopreto.com.br","date":"17 de December de 2023","format":false,"excerpt":"Cr\u00e9ditos: Getty ImagesUma caminhada r\u00e1pida ap\u00f3s as refei\u00e7\u00f5es pode ajudar a diminuir os n\u00edveis de a\u00e7\u00facar no sangue \u2013 iStock\/Getty Images Estudo publicado pela revista Sports Medicine revela que apenas 2 minutos de caminhada, ap\u00f3s comer, j\u00e1 s\u00e3o suficientes para controlar os n\u00edveis de a\u00e7\u00facar no sangue. O benef\u00edcio tamb\u00e9m\u2026","rel":"","context":"In &quot;Variedades&quot;","block_context":{"text":"Variedades","link":"https:\/\/noticiasribeiraopreto.com.br\/index.php\/category\/variedades\/"},"img":{"alt_text":"","src":"https:\/\/i0.wp.com\/noticiasribeiraopreto.com.br\/wp-content\/uploads\/2023\/12\/istock-1129413126.jpg?fit=1200%2C638&ssl=1&resize=350%2C200","width":350,"height":200,"srcset":"https:\/\/i0.wp.com\/noticiasribeiraopreto.com.br\/wp-content\/uploads\/2023\/12\/istock-1129413126.jpg?fit=1200%2C638&ssl=1&resize=350%2C200 1x, https:\/\/i0.wp.com\/noticiasribeiraopreto.com.br\/wp-content\/uploads\/2023\/12\/istock-1129413126.jpg?fit=1200%2C638&ssl=1&resize=525%2C300 1.5x, https:\/\/i0.wp.com\/noticiasribeiraopreto.com.br\/wp-content\/uploads\/2023\/12\/istock-1129413126.jpg?fit=1200%2C638&ssl=1&resize=700%2C400 2x, https:\/\/i0.wp.com\/noticiasribeiraopreto.com.br\/wp-content\/uploads\/2023\/12\/istock-1129413126.jpg?fit=1200%2C638&ssl=1&resize=1050%2C600 3x"},"classes":[]},{"id":16874,"url":"https:\/\/noticiasribeiraopreto.com.br\/index.php\/2023\/12\/16\/comer-nestes-horarios-reduz-risco-de-doenca-cardiovascular-diz-estudo\/","url_meta":{"origin":19796,"position":2},"title":"Comer nestes hor\u00e1rios reduz risco de doen\u00e7a cardiovascular, diz estudo","author":"noticiasribeiraopreto.com.br","date":"16 de December de 2023","format":false,"excerpt":"Cr\u00e9ditos: Depositphotos\/pressmasterFazer refei\u00e7\u00f5es mais cedo reduz risco de doen\u00e7a cardiovascular O cotidiano do ser humano \u00e9 marcado por rituais alimentares que, muitas vezes, s\u00e3o influenciados por h\u00e1bitos pessoais, pela cultura local e at\u00e9 mesmo pelo ritmo de trabalho e lazer. Mas voc\u00ea j\u00e1 parou para pensar que o hor\u00e1rio em\u2026","rel":"","context":"In &quot;Variedades&quot;","block_context":{"text":"Variedades","link":"https:\/\/noticiasribeiraopreto.com.br\/index.php\/category\/variedades\/"},"img":{"alt_text":"","src":"https:\/\/i0.wp.com\/noticiasribeiraopreto.com.br\/wp-content\/uploads\/2023\/12\/depositphotos-115722702-xl-scaled.jpg?fit=1200%2C638&ssl=1&resize=350%2C200","width":350,"height":200,"srcset":"https:\/\/i0.wp.com\/noticiasribeiraopreto.com.br\/wp-content\/uploads\/2023\/12\/depositphotos-115722702-xl-scaled.jpg?fit=1200%2C638&ssl=1&resize=350%2C200 1x, https:\/\/i0.wp.com\/noticiasribeiraopreto.com.br\/wp-content\/uploads\/2023\/12\/depositphotos-115722702-xl-scaled.jpg?fit=1200%2C638&ssl=1&resize=525%2C300 1.5x, https:\/\/i0.wp.com\/noticiasribeiraopreto.com.br\/wp-content\/uploads\/2023\/12\/depositphotos-115722702-xl-scaled.jpg?fit=1200%2C638&ssl=1&resize=700%2C400 2x, https:\/\/i0.wp.com\/noticiasribeiraopreto.com.br\/wp-content\/uploads\/2023\/12\/depositphotos-115722702-xl-scaled.jpg?fit=1200%2C638&ssl=1&resize=1050%2C600 3x"},"classes":[]},{"id":9666,"url":"https:\/\/noticiasribeiraopreto.com.br\/index.php\/2023\/12\/02\/4-bons-motivos-para-adotar-o-vinagre-de-maca-na-sua-rotina\/","url_meta":{"origin":19796,"position":3},"title":"4 bons motivos para adotar o vinagre de ma\u00e7\u00e3 na sua rotina","author":"noticiasribeiraopreto.com.br","date":"2 de December de 2023","format":false,"excerpt":"Cr\u00e9ditos: Getty Images\/iStockphotoFeito atrav\u00e9s da fermenta\u00e7\u00e3o do suco de ma\u00e7\u00e3, o vinagre cont\u00e9m uma riqueza de compostos ben\u00e9ficos \u2013 iStock\/Getty Images Usado h\u00e1 s\u00e9culos como um rem\u00e9dio natural para uma s\u00e9rie de condi\u00e7\u00f5es de sa\u00fade, o vinagre de ma\u00e7\u00e3 cont\u00e9m uma riqueza de compostos que incluem o \u00e1cido ac\u00e9tico, enzimas,\u2026","rel":"","context":"In &quot;Variedades&quot;","block_context":{"text":"Variedades","link":"https:\/\/noticiasribeiraopreto.com.br\/index.php\/category\/variedades\/"},"img":{"alt_text":"","src":"https:\/\/i0.wp.com\/noticiasribeiraopreto.com.br\/wp-content\/uploads\/2023\/12\/istock-827612488.jpg?fit=1200%2C638&ssl=1&resize=350%2C200","width":350,"height":200,"srcset":"https:\/\/i0.wp.com\/noticiasribeiraopreto.com.br\/wp-content\/uploads\/2023\/12\/istock-827612488.jpg?fit=1200%2C638&ssl=1&resize=350%2C200 1x, https:\/\/i0.wp.com\/noticiasribeiraopreto.com.br\/wp-content\/uploads\/2023\/12\/istock-827612488.jpg?fit=1200%2C638&ssl=1&resize=525%2C300 1.5x, https:\/\/i0.wp.com\/noticiasribeiraopreto.com.br\/wp-content\/uploads\/2023\/12\/istock-827612488.jpg?fit=1200%2C638&ssl=1&resize=700%2C400 2x, https:\/\/i0.wp.com\/noticiasribeiraopreto.com.br\/wp-content\/uploads\/2023\/12\/istock-827612488.jpg?fit=1200%2C638&ssl=1&resize=1050%2C600 3x"},"classes":[]},{"id":18005,"url":"https:\/\/noticiasribeiraopreto.com.br\/index.php\/2023\/12\/19\/conheca-a-mesa-solar-da-technaxx-que-pode-ser-usada-para-refeicoes-ao-ar-livre-e-geracao-de-energia-renovavel\/","url_meta":{"origin":19796,"position":4},"title":"Conhe\u00e7a a Mesa Solar da Technaxx, que pode ser usada para refei\u00e7\u00f5es ao ar livre e gera\u00e7\u00e3o de energia renov\u00e1vel","author":"noticiasribeiraopreto.com.br","date":"19 de December de 2023","format":false,"excerpt":"Foto: Technaxx Ap\u00f3s comprar a Mesa Solar da Technaxx, voc\u00ea ter\u00e1 um equipamento 2 em 1 em sua casa. Funciona como mesa convencional e tamb\u00e9m gera energia renov\u00e1vel. A Technaxx, renomada empresa alem\u00e3, est\u00e1 na vanguarda da inova\u00e7\u00e3o no mercado de energia solar com o lan\u00e7amento de uma mesa multifuncional\u2026","rel":"","context":"In &quot;Vagas de Emprego em Ribeir\u00e3o Preto-SP&quot;","block_context":{"text":"Vagas de Emprego em Ribeir\u00e3o Preto-SP","link":"https:\/\/noticiasribeiraopreto.com.br\/index.php\/category\/empregos-classificados-vagas-trabalho\/vagas-de-empregos-em-ribeirao-preto-regiao-brasil\/"},"img":{"alt_text":"","src":"https:\/\/i0.wp.com\/noticiasribeiraopreto.com.br\/wp-content\/uploads\/2023\/12\/conheca-a-mesa-solar-da-technaxx-que-pode-ser-usada-para-refeicoes-ao-ar-livre-e-geracao-de-energia-renovavel-830x450.jpg?fit=830%2C450&ssl=1&resize=350%2C200","width":350,"height":200,"srcset":"https:\/\/i0.wp.com\/noticiasribeiraopreto.com.br\/wp-content\/uploads\/2023\/12\/conheca-a-mesa-solar-da-technaxx-que-pode-ser-usada-para-refeicoes-ao-ar-livre-e-geracao-de-energia-renovavel-830x450.jpg?fit=830%2C450&ssl=1&resize=350%2C200 1x, https:\/\/i0.wp.com\/noticiasribeiraopreto.com.br\/wp-content\/uploads\/2023\/12\/conheca-a-mesa-solar-da-technaxx-que-pode-ser-usada-para-refeicoes-ao-ar-livre-e-geracao-de-energia-renovavel-830x450.jpg?fit=830%2C450&ssl=1&resize=525%2C300 1.5x, https:\/\/i0.wp.com\/noticiasribeiraopreto.com.br\/wp-content\/uploads\/2023\/12\/conheca-a-mesa-solar-da-technaxx-que-pode-ser-usada-para-refeicoes-ao-ar-livre-e-geracao-de-energia-renovavel-830x450.jpg?fit=830%2C450&ssl=1&resize=700%2C400 2x"},"classes":[]},{"id":20372,"url":"https:\/\/noticiasribeiraopreto.com.br\/index.php\/2023\/12\/25\/comeu-muito-na-ceia-de-natal-veja-como-aliviar-o-inchaco\/","url_meta":{"origin":19796,"position":5},"title":"Comeu muito na ceia de Natal? Veja como aliviar o incha\u00e7o","author":"noticiasribeiraopreto.com.br","date":"25 de December de 2023","format":false,"excerpt":"Cr\u00e9ditos: iStock\/JackFVeja como aliviar incha\u00e7o ap\u00f3s refei\u00e7\u00f5es em quantidades al\u00e9m do habitual Aquela sensa\u00e7\u00e3o de barriga cheia e inchada ap\u00f3s a refei\u00e7\u00e3o \u00e9 muito comum ap\u00f3s a ceia de Natal. O problema \u00e9 que a \u201cressaca\u201d causada por comida em excesso pode durar at\u00e9 o dia seguinte e provocar desconfortos,\u2026","rel":"","context":"In &quot;Variedades&quot;","block_context":{"text":"Variedades","link":"https:\/\/noticiasribeiraopreto.com.br\/index.php\/category\/variedades\/"},"img":{"alt_text":"","src":"https:\/\/i0.wp.com\/noticiasribeiraopreto.com.br\/wp-content\/uploads\/2023\/12\/istock-939149120.jpg?fit=1200%2C638&ssl=1&resize=350%2C200","width":350,"height":200,"srcset":"https:\/\/i0.wp.com\/noticiasribeiraopreto.com.br\/wp-content\/uploads\/2023\/12\/istock-939149120.jpg?fit=1200%2C638&ssl=1&resize=350%2C200 1x, https:\/\/i0.wp.com\/noticiasribeiraopreto.com.br\/wp-content\/uploads\/2023\/12\/istock-939149120.jpg?fit=1200%2C638&ssl=1&resize=525%2C300 1.5x, https:\/\/i0.wp.com\/noticiasribeiraopreto.com.br\/wp-content\/uploads\/2023\/12\/istock-939149120.jpg?fit=1200%2C638&ssl=1&resize=700%2C400 2x, https:\/\/i0.wp.com\/noticiasribeiraopreto.com.br\/wp-content\/uploads\/2023\/12\/istock-939149120.jpg?fit=1200%2C638&ssl=1&resize=1050%2C600 3x"},"classes":[]}],"jetpack_sharing_enabled":true,"jetpack_shortlink":"https:\/\/wp.me\/peQAOb-59i","_links":{"self":[{"href":"https:\/\/noticiasribeiraopreto.com.br\/index.php\/wp-json\/wp\/v2\/posts\/19796","targetHints":{"allow":["GET"]}}],"collection":[{"href":"https:\/\/noticiasribeiraopreto.com.br\/index.php\/wp-json\/wp\/v2\/posts"}],"about":[{"href":"https:\/\/noticiasribeiraopreto.com.br\/index.php\/wp-json\/wp\/v2\/types\/post"}],"author":[{"embeddable":true,"href":"https:\/\/noticiasribeiraopreto.com.br\/index.php\/wp-json\/wp\/v2\/users\/1"}],"replies":[{"embeddable":true,"href":"https:\/\/noticiasribeiraopreto.com.br\/index.php\/wp-json\/wp\/v2\/comments?post=19796"}],"version-history":[{"count":0,"href":"https:\/\/noticiasribeiraopreto.com.br\/index.php\/wp-json\/wp\/v2\/posts\/19796\/revisions"}],"wp:featuredmedia":[{"embeddable":true,"href":"https:\/\/noticiasribeiraopreto.com.br\/index.php\/wp-json\/wp\/v2\/media\/19797"}],"wp:attachment":[{"href":"https:\/\/noticiasribeiraopreto.com.br\/index.php\/wp-json\/wp\/v2\/media?parent=19796"}],"wp:term":[{"taxonomy":"category","embeddable":true,"href":"https:\/\/noticiasribeiraopreto.com.br\/index.php\/wp-json\/wp\/v2\/categories?post=19796"},{"taxonomy":"post_tag","embeddable":true,"href":"https:\/\/noticiasribeiraopreto.com.br\/index.php\/wp-json\/wp\/v2\/tags?post=19796"}],"curies":[{"name":"wp","href":"https:\/\/api.w.org\/{rel}","templated":true}]}}