{"id":19834,"date":"2023-12-23T12:21:56","date_gmt":"2023-12-23T15:21:56","guid":{"rendered":"https:\/\/noticiasribeiraopreto.com.br\/index.php\/2023\/12\/23\/sus-vai-aplicar-vacina-da-dengue-em-2024\/"},"modified":"2023-12-23T12:21:56","modified_gmt":"2023-12-23T15:21:56","slug":"sus-vai-aplicar-vacina-da-dengue-em-2024","status":"publish","type":"post","link":"https:\/\/noticiasribeiraopreto.com.br\/index.php\/2023\/12\/23\/sus-vai-aplicar-vacina-da-dengue-em-2024\/","title":{"rendered":"SUS vai aplicar vacina da dengue em 2024"},"content":{"rendered":"<div class='code-block code-block-1' style='margin: 8px 0 8px auto; text-align: right; display: block; clear: both;'>\n<p><a href=\"https:\/\/wa.link\/vpicfd\"><img data-recalc-dims=\"1\" class=\"wp-image-4922\" style=\"aspect-ratio: 2.0253164556962027; width: 561px; height: auto;\" src=\"https:\/\/i0.wp.com\/ismaelcolosi.com.br\/wp-content\/uploads\/2023\/11\/grupo-de-empregos-whatsapp-e-facebook-ismael-colosi-vagas.jpg?ssl=1\" alt=\"\" \/><\/a><\/p>\n<!-- \/wp:image -->\n<\/div>\n<p> <br \/>\n<\/p>\n<div>\n<p>O <a href=\"https:\/\/www.gov.br\/saude\/pt-br\" rel=\"noopener\">Minist\u00e9rio da Sa\u00fade<\/a> decidiu incorporar a vacina contra dengue ao Sistema \u00danico de Sa\u00fade (<a href=\"https:\/\/catracalivre.com.br\/saude-bem-estar\/servicos-oferecidos-pelo-sus-que-provavelmente-voce-nao-sabia\/\">SUS<\/a>).<\/p>\n<p>Segundo a ministra da Sa\u00fade, N\u00edsia Trindade, o Brasil \u00e9 o primeiro pa\u00eds do mundo a oferecer o imunizante no sistema p\u00fablico universal.<\/p>\n<p>Conhecida como <a href=\"https:\/\/catracalivre.com.br\/saude-bem-estar\/anvisa-aprova-nova-vacina-contra-a-dengue\/\">Qdenga<\/a>, a vacina n\u00e3o ser\u00e1 disponibilizada em\u00a0larga escala em um primeiro momento, mas ser\u00e1 focada em p\u00fablico e regi\u00f5es priorit\u00e1rias.<\/p>\n<div class=\"d-flex justify-content-center\" data-attachment-id=\"2278103\">\n<div class=\"position-relative d-inline-block\"><img data-recalc-dims=\"1\" data-portal-copyright=\"Pawel Kacperek\/istock\" fetchpriority=\"high\" decoding=\"async\" class=\"alignnone size-large wp-image-2278103\" src=\"https:\/\/i0.wp.com\/catracalivre.com.br\/wp-content\/uploads\/2023\/06\/istock-1487777440-910x607.jpg?resize=910%2C607&#038;ssl=1\" alt=\"vacina\" width=\"910\" height=\"607\" srcset=\"https:\/\/catracalivre.com.br\/wp-content\/uploads\/2023\/06\/istock-1487777440-910x607.jpg 910w, https:\/\/catracalivre.com.br\/wp-content\/uploads\/2023\/06\/istock-1487777440-450x300.jpg 450w, https:\/\/catracalivre.com.br\/wp-content\/uploads\/2023\/06\/istock-1487777440-768x512.jpg 768w\" sizes=\"(max-width: 910px) 100vw, 910px\"\/><\/p>\n<p>Cr\u00e9ditos: Pawel Kacperek\/istock<\/p>\n<\/div>\n<\/div>\n<p>A incorpora\u00e7\u00e3o do imunizante foi analisada e aprovada\u00a0pela Comiss\u00e3o Nacional de Incorpora\u00e7\u00f5es de Tecnologias no SUS (Conitec).<\/p>\n<p>\u201cO Minist\u00e9rio da Sa\u00fade avaliou a rela\u00e7\u00e3o custo-benef\u00edcio e a quest\u00e3o do acesso, j\u00e1 que em um pa\u00eds como o Brasil \u00e9 preciso ter uma quantidade de vacinas adequada para o tamanho da nossa popula\u00e7\u00e3o. A partir do parecer favor\u00e1vel da Conitec, seremos o primeiro pa\u00eds a dar o acesso p\u00fablico a essa vacina, como um imunizante do SUS. E, at\u00e9 o in\u00edcio do ano, faremos a defini\u00e7\u00e3o dos p\u00fablicos alvo levando em considera\u00e7\u00e3o a limita\u00e7\u00e3o da empresa Takeda do n\u00famero de vacinas dispon\u00edveis. Faremos prioriza\u00e7\u00f5es\u201d, explicou a ministra da Sa\u00fade, N\u00edsia Trindade.<\/p>\n<h2>Duas doses com aplica\u00e7\u00e3o subcut\u00e2nea<\/h2>\n<p>A estrat\u00e9gia para utiliza\u00e7\u00e3o do quantitativo de vacinas ser\u00e1 definida pelo Programa Nacional de Imuniza\u00e7\u00f5es (PNI) e pela C\u00e2mara T\u00e9cnica de Assessoramento em Imuniza\u00e7\u00e3o (CTAI) que tamb\u00e9m v\u00e3o estipular o p\u00fablico alvo priorit\u00e1rio e regi\u00f5es com maior incid\u00eancia da doen\u00e7a para aplica\u00e7\u00e3o das doses.<\/p>\n<p>A defini\u00e7\u00e3o dessas estrat\u00e9gias deve ocorrer nas primeiras semanas de janeiro.<\/p>\n<p>Segundo o laborat\u00f3rio, a previs\u00e3o \u00e9 que sejam entregues 5,082 milh\u00f5es de doses em 2024, entre fevereiro e novembro. O esquema vacinal \u00e9 composto por duas doses.<\/p>\n<p>O imunizante <a href=\"https:\/\/catracalivre.com.br\/saude-bem-estar\/anvisa-aprova-nova-vacina-contra-a-dengue\/\">Qdenga tem registro na Ag\u00eancia Nacional de Vigil\u00e2ncia Sanit\u00e1ria (Anvisa)<\/a> com indica\u00e7\u00e3o para preven\u00e7\u00e3o de dengue causada por qualquer sorotipo do v\u00edrus para pessoas de 4 a 60 anos de idade, independentemente de exposi\u00e7\u00e3o pr\u00e9via.<\/p>\n<\/div>\n<p><script>\n\t\t! function(f, b, e, v, n, t, s) {\n\t\t\tif (f.fbq) return;\n\t\t\tn = f.fbq = function() {\n\t\t\t\tn.callMethod ?\n\t\t\t\t\tn.callMethod.apply(n, arguments) : n.queue.push(arguments)\n\t\t\t};\n\t\t\tif (!f._fbq) f._fbq = n;\n\t\t\tn.push = n;\n\t\t\tn.loaded = !0;\n\t\t\tn.version = '2.0';\n\t\t\tn.queue = [];\n\t\t\tt = b.createElement(e);\n\t\t\tt.async = !0;\n\t\t\tt.src = v;\n\t\t\ts = b.getElementsByTagName(e)[0];\n\t\t\ts.parentNode.insertBefore(t, s)\n\t\t}(window, document, 'script',\n\t\t\t'https:\/\/connect.facebook.net\/en_US\/fbevents.js');\n\t\tfbq('init', '338315473262380');\n\t\tfbq('track', 'PageView');\n\t<\/script><br \/>\n<br \/><br \/>\n<br \/><a href=\"https:\/\/catracalivre.com.br\/saude-bem-estar\/sus-vai-aplicar-vacina-da-dengue-em-2024\/\">Source link <\/a><\/p>\n<!-- CONTENT END 1 -->\n","protected":false},"excerpt":{"rendered":"<p>O Minist\u00e9rio da Sa\u00fade decidiu incorporar a vacina contra dengue ao Sistema \u00danico de Sa\u00fade (SUS). Segundo a ministra da Sa\u00fade, N\u00edsia Trindade, o Brasil&#8230;<\/p>\n","protected":false},"author":1,"featured_media":19835,"comment_status":"open","ping_status":"open","sticky":false,"template":"","format":"standard","meta":{"advanced_seo_description":"","jetpack_seo_html_title":"","jetpack_seo_noindex":false,"jetpack_post_was_ever_published":false,"_jetpack_newsletter_access":"","_jetpack_dont_email_post_to_subs":false,"_jetpack_newsletter_tier_id":0,"_jetpack_memberships_contains_paywalled_content":false,"_jetpack_memberships_contains_paid_content":false,"footnotes":"","jetpack_publicize_message":"","jetpack_publicize_feature_enabled":true,"jetpack_social_post_already_shared":true,"jetpack_social_options":{"image_generator_settings":{"template":"highway","default_image_id":0,"font":"","enabled":false},"version":2}},"categories":[19],"tags":[],"class_list":["post-19834","post","type-post","status-publish","format-standard","has-post-thumbnail","hentry","category-variedades"],"jetpack_publicize_connections":[],"jetpack_featured_media_url":"https:\/\/i0.wp.com\/noticiasribeiraopreto.com.br\/wp-content\/uploads\/2023\/12\/istock-1487777440.jpg?fit=1200%2C638&ssl=1","jetpack-related-posts":[{"id":19447,"url":"https:\/\/noticiasribeiraopreto.com.br\/index.php\/2023\/12\/22\/ministerio-da-saude-incorpora-vacina-contra-a-dengue-no-sus\/","url_meta":{"origin":19834,"position":0},"title":"Minist\u00e9rio da Sa\u00fade incorpora vacina contra a dengue no SUS\u00a0","author":"noticiasribeiraopreto.com.br","date":"22 de December de 2023","format":false,"excerpt":"22 de dezembro de 2023 | 12:21 0O Minist\u00e9rio da Sa\u00fade decidiu incorporar, nesta quinta-feira (21), a vacina contra dengue ao Sistema \u00danico de Sa\u00fade (SUS). Segundo a ministra da Sa\u00fade, N\u00edsia Trindade, o Brasil \u00e9 o primeiro pa\u00eds do mundo a oferecer o imunizante no sistema p\u00fablico universal.\u00a0Conhecida como\u2026","rel":"","context":"In &quot;Not\u00edcias de Ribeir\u00e3o Preto-SP e Regi\u00e3o&quot;","block_context":{"text":"Not\u00edcias de Ribeir\u00e3o Preto-SP e Regi\u00e3o","link":"https:\/\/noticiasribeiraopreto.com.br\/index.php\/category\/noticias-de-ribeirao-preto-sp-e-regiao-ismael-colosi\/"},"img":{"alt_text":"","src":"https:\/\/i0.wp.com\/noticiasribeiraopreto.com.br\/wp-content\/uploads\/2023\/12\/3-vacina-scaled.jpg?fit=1000%2C598&ssl=1&resize=350%2C200","width":350,"height":200,"srcset":"https:\/\/i0.wp.com\/noticiasribeiraopreto.com.br\/wp-content\/uploads\/2023\/12\/3-vacina-scaled.jpg?fit=1000%2C598&ssl=1&resize=350%2C200 1x, https:\/\/i0.wp.com\/noticiasribeiraopreto.com.br\/wp-content\/uploads\/2023\/12\/3-vacina-scaled.jpg?fit=1000%2C598&ssl=1&resize=525%2C300 1.5x, https:\/\/i0.wp.com\/noticiasribeiraopreto.com.br\/wp-content\/uploads\/2023\/12\/3-vacina-scaled.jpg?fit=1000%2C598&ssl=1&resize=700%2C400 2x"},"classes":[]},{"id":19153,"url":"https:\/\/noticiasribeiraopreto.com.br\/index.php\/2023\/12\/21\/ministerio-da-saude-vai-disponibilizar-no-sus-a-vacina-contra-a-dengue\/","url_meta":{"origin":19834,"position":1},"title":"Minist\u00e9rio da Sa\u00fade vai disponibilizar no SUS a vacina contra a dengue","author":"noticiasribeiraopreto.com.br","date":"21 de December de 2023","format":false,"excerpt":"O Minist\u00e9rio da Sa\u00fade incorporou, nesta quinta-feira (21), a vacina contra dengue ao Sistema \u00danico de Sa\u00fade (SUS). O Brasil \u00e9 o primeiro pa\u00eds do mundo a oferecer o imunizante no sistema p\u00fablico universal. A vacina conhecida como Qdenga n\u00e3o ser\u00e1 utilizada em larga escala em um primeiro momento, j\u00e1\u2026","rel":"","context":"In &quot;Not\u00edcias de Ribeir\u00e3o Preto-SP e Regi\u00e3o&quot;","block_context":{"text":"Not\u00edcias de Ribeir\u00e3o Preto-SP e Regi\u00e3o","link":"https:\/\/noticiasribeiraopreto.com.br\/index.php\/category\/noticias-de-ribeirao-preto-sp-e-regiao-ismael-colosi\/"},"img":{"alt_text":"","src":"https:\/\/i0.wp.com\/noticiasribeiraopreto.com.br\/wp-content\/uploads\/2023\/12\/mosquito-213805_1280.jpg?fit=1200%2C800&ssl=1&resize=350%2C200","width":350,"height":200,"srcset":"https:\/\/i0.wp.com\/noticiasribeiraopreto.com.br\/wp-content\/uploads\/2023\/12\/mosquito-213805_1280.jpg?fit=1200%2C800&ssl=1&resize=350%2C200 1x, https:\/\/i0.wp.com\/noticiasribeiraopreto.com.br\/wp-content\/uploads\/2023\/12\/mosquito-213805_1280.jpg?fit=1200%2C800&ssl=1&resize=525%2C300 1.5x, https:\/\/i0.wp.com\/noticiasribeiraopreto.com.br\/wp-content\/uploads\/2023\/12\/mosquito-213805_1280.jpg?fit=1200%2C800&ssl=1&resize=700%2C400 2x, https:\/\/i0.wp.com\/noticiasribeiraopreto.com.br\/wp-content\/uploads\/2023\/12\/mosquito-213805_1280.jpg?fit=1200%2C800&ssl=1&resize=1050%2C600 3x"},"classes":[]},{"id":19226,"url":"https:\/\/noticiasribeiraopreto.com.br\/index.php\/2023\/12\/22\/brasil-e-1o-do-mundo-a-fornecer-vacina-da-dengue-de-graca-imunizante-no-sus-em-2024-2\/","url_meta":{"origin":19834,"position":2},"title":"Brasil \u00e9 1\u00ba do mundo a fornecer vacina da dengue de gra\u00e7a; Imunizante no SUS em 2024","author":"noticiasribeiraopreto.com.br","date":"22 de December de 2023","format":false,"excerpt":"O Minist\u00e9rio da Sa\u00fade anunciou nesta quinta-feira (21) a inclus\u00e3o da vacina da dengue no Sistema \u00danico de Sa\u00fade (SUS), tornando o Brasil o primeiro pa\u00eds do mundo a disponibilizar esse imunizante de forma gratuita e universal. A vacina, chamada de Qdenga, ser\u00e1 aplicada no SUS a partir de 2024,\u2026","rel":"","context":"In &quot;Vagas de Emprego em Ribeir\u00e3o Preto-SP&quot;","block_context":{"text":"Vagas de Emprego em Ribeir\u00e3o Preto-SP","link":"https:\/\/noticiasribeiraopreto.com.br\/index.php\/category\/empregos-classificados-vagas-trabalho\/vagas-de-empregos-em-ribeirao-preto-regiao-brasil\/"},"img":{"alt_text":"","src":"https:\/\/i0.wp.com\/noticiasribeiraopreto.com.br\/wp-content\/uploads\/2023\/12\/vacina_contra_a_dengue_-_divulgacao_jc_concursos.jpg?fit=1200%2C675&ssl=1&resize=350%2C200","width":350,"height":200,"srcset":"https:\/\/i0.wp.com\/noticiasribeiraopreto.com.br\/wp-content\/uploads\/2023\/12\/vacina_contra_a_dengue_-_divulgacao_jc_concursos.jpg?fit=1200%2C675&ssl=1&resize=350%2C200 1x, https:\/\/i0.wp.com\/noticiasribeiraopreto.com.br\/wp-content\/uploads\/2023\/12\/vacina_contra_a_dengue_-_divulgacao_jc_concursos.jpg?fit=1200%2C675&ssl=1&resize=525%2C300 1.5x, https:\/\/i0.wp.com\/noticiasribeiraopreto.com.br\/wp-content\/uploads\/2023\/12\/vacina_contra_a_dengue_-_divulgacao_jc_concursos.jpg?fit=1200%2C675&ssl=1&resize=700%2C400 2x, https:\/\/i0.wp.com\/noticiasribeiraopreto.com.br\/wp-content\/uploads\/2023\/12\/vacina_contra_a_dengue_-_divulgacao_jc_concursos.jpg?fit=1200%2C675&ssl=1&resize=1050%2C600 3x"},"classes":[]},{"id":12619,"url":"https:\/\/noticiasribeiraopreto.com.br\/index.php\/2023\/12\/08\/366520-2\/","url_meta":{"origin":19834,"position":3},"title":"Sa\u00fade abre consulta sobre inclus\u00e3o de vacina da dengue no SUS","author":"noticiasribeiraopreto.com.br","date":"8 de December de 2023","format":false,"excerpt":"8 de dezembro de 2023 | 11:007 de dezembro de 2023 | 16:43 0O Minist\u00e9rio da Sa\u00fade abre nesta quinta-feira (7) consulta p\u00fablica sobre a proposta de incorpora\u00e7\u00e3o ao Sistema \u00danico de Sa\u00fade (SUS) da vacina contra a dengue. De acordo com a pasta, o imunizante Qdenga j\u00e1 est\u00e1 em\u2026","rel":"","context":"In &quot;Not\u00edcias de Ribeir\u00e3o Preto-SP e Regi\u00e3o&quot;","block_context":{"text":"Not\u00edcias de Ribeir\u00e3o Preto-SP e Regi\u00e3o","link":"https:\/\/noticiasribeiraopreto.com.br\/index.php\/category\/noticias-de-ribeirao-preto-sp-e-regiao-ismael-colosi\/"},"img":{"alt_text":"","src":"https:\/\/i0.wp.com\/noticiasribeiraopreto.com.br\/wp-content\/uploads\/2023\/12\/WhatsApp-Image-2023-08-05-at-07.43.01.jpeg?fit=768%2C512&ssl=1&resize=350%2C200","width":350,"height":200,"srcset":"https:\/\/i0.wp.com\/noticiasribeiraopreto.com.br\/wp-content\/uploads\/2023\/12\/WhatsApp-Image-2023-08-05-at-07.43.01.jpeg?fit=768%2C512&ssl=1&resize=350%2C200 1x, https:\/\/i0.wp.com\/noticiasribeiraopreto.com.br\/wp-content\/uploads\/2023\/12\/WhatsApp-Image-2023-08-05-at-07.43.01.jpeg?fit=768%2C512&ssl=1&resize=525%2C300 1.5x, https:\/\/i0.wp.com\/noticiasribeiraopreto.com.br\/wp-content\/uploads\/2023\/12\/WhatsApp-Image-2023-08-05-at-07.43.01.jpeg?fit=768%2C512&ssl=1&resize=700%2C400 2x"},"classes":[]},{"id":13285,"url":"https:\/\/noticiasribeiraopreto.com.br\/index.php\/2023\/12\/09\/veja-o-que-se-sabe-sobre-a-vacina-da-dengue-ser-oferecida-pelo-sus\/","url_meta":{"origin":19834,"position":4},"title":"Veja o que se sabe sobre a vacina da dengue ser oferecida pelo SUS","author":"noticiasribeiraopreto.com.br","date":"9 de December de 2023","format":false,"excerpt":"A Comiss\u00e3o Nacional de Incorpora\u00e7\u00f5es de Tecnologias no Sistema \u00danico de Sa\u00fade (Conitec) deve decidir ainda este ano sobre a incorpora\u00e7\u00e3o da vacina contra a dengue ao Sistema \u00danico de Sa\u00fade (SUS). De acordo com o secret\u00e1rio de Ci\u00eancia, Tecnologia e Insumos Estrat\u00e9gicos do Minist\u00e9rio da Sa\u00fade, Leandro Pinheiro Safatle,\u2026","rel":"","context":"In &quot;Not\u00edcias de Ribeir\u00e3o Preto-SP e Regi\u00e3o&quot;","block_context":{"text":"Not\u00edcias de Ribeir\u00e3o Preto-SP e Regi\u00e3o","link":"https:\/\/noticiasribeiraopreto.com.br\/index.php\/category\/noticias-de-ribeirao-preto-sp-e-regiao-ismael-colosi\/"},"img":{"alt_text":"","src":"https:\/\/i0.wp.com\/noticiasribeiraopreto.com.br\/wp-content\/uploads\/2023\/12\/science-1029385_1280.jpg?fit=1200%2C800&ssl=1&resize=350%2C200","width":350,"height":200,"srcset":"https:\/\/i0.wp.com\/noticiasribeiraopreto.com.br\/wp-content\/uploads\/2023\/12\/science-1029385_1280.jpg?fit=1200%2C800&ssl=1&resize=350%2C200 1x, https:\/\/i0.wp.com\/noticiasribeiraopreto.com.br\/wp-content\/uploads\/2023\/12\/science-1029385_1280.jpg?fit=1200%2C800&ssl=1&resize=525%2C300 1.5x, https:\/\/i0.wp.com\/noticiasribeiraopreto.com.br\/wp-content\/uploads\/2023\/12\/science-1029385_1280.jpg?fit=1200%2C800&ssl=1&resize=700%2C400 2x, https:\/\/i0.wp.com\/noticiasribeiraopreto.com.br\/wp-content\/uploads\/2023\/12\/science-1029385_1280.jpg?fit=1200%2C800&ssl=1&resize=1050%2C600 3x"},"classes":[]},{"id":21448,"url":"https:\/\/noticiasribeiraopreto.com.br\/index.php\/2023\/12\/27\/brasil-registra-recorde-de-mortes-por-dengue-em-2023-e-intensifica-medidas-preventivas\/","url_meta":{"origin":19834,"position":5},"title":"Brasil registra recorde de mortes por dengue em 2023 e intensifica medidas preventivas","author":"noticiasribeiraopreto.com.br","date":"27 de December de 2023","format":false,"excerpt":"O ano de 2023 marcou um recorde negativo para o Brasil, que registrou o maior n\u00famero de mortes por dengue na hist\u00f3ria do pa\u00eds. Dados divulgados pelo Minist\u00e9rio da Sa\u00fade, por meio do Sistema de Informa\u00e7\u00e3o de Agravos de Notifica\u00e7\u00e3o (Sinan online), revelam que at\u00e9 esta quarta-feira (27), foram contabilizadas\u2026","rel":"","context":"In &quot;Vagas de Emprego em Ribeir\u00e3o Preto-SP&quot;","block_context":{"text":"Vagas de Emprego em Ribeir\u00e3o Preto-SP","link":"https:\/\/noticiasribeiraopreto.com.br\/index.php\/category\/empregos-classificados-vagas-trabalho\/vagas-de-empregos-em-ribeirao-preto-regiao-brasil\/"},"img":{"alt_text":"","src":"https:\/\/i0.wp.com\/noticiasribeiraopreto.com.br\/wp-content\/uploads\/2023\/12\/casos_de_dengue-agencia-br.jpg?fit=1200%2C676&ssl=1&resize=350%2C200","width":350,"height":200,"srcset":"https:\/\/i0.wp.com\/noticiasribeiraopreto.com.br\/wp-content\/uploads\/2023\/12\/casos_de_dengue-agencia-br.jpg?fit=1200%2C676&ssl=1&resize=350%2C200 1x, https:\/\/i0.wp.com\/noticiasribeiraopreto.com.br\/wp-content\/uploads\/2023\/12\/casos_de_dengue-agencia-br.jpg?fit=1200%2C676&ssl=1&resize=525%2C300 1.5x, https:\/\/i0.wp.com\/noticiasribeiraopreto.com.br\/wp-content\/uploads\/2023\/12\/casos_de_dengue-agencia-br.jpg?fit=1200%2C676&ssl=1&resize=700%2C400 2x, https:\/\/i0.wp.com\/noticiasribeiraopreto.com.br\/wp-content\/uploads\/2023\/12\/casos_de_dengue-agencia-br.jpg?fit=1200%2C676&ssl=1&resize=1050%2C600 3x"},"classes":[]}],"jetpack_sharing_enabled":true,"jetpack_shortlink":"https:\/\/wp.me\/peQAOb-59U","_links":{"self":[{"href":"https:\/\/noticiasribeiraopreto.com.br\/index.php\/wp-json\/wp\/v2\/posts\/19834","targetHints":{"allow":["GET"]}}],"collection":[{"href":"https:\/\/noticiasribeiraopreto.com.br\/index.php\/wp-json\/wp\/v2\/posts"}],"about":[{"href":"https:\/\/noticiasribeiraopreto.com.br\/index.php\/wp-json\/wp\/v2\/types\/post"}],"author":[{"embeddable":true,"href":"https:\/\/noticiasribeiraopreto.com.br\/index.php\/wp-json\/wp\/v2\/users\/1"}],"replies":[{"embeddable":true,"href":"https:\/\/noticiasribeiraopreto.com.br\/index.php\/wp-json\/wp\/v2\/comments?post=19834"}],"version-history":[{"count":0,"href":"https:\/\/noticiasribeiraopreto.com.br\/index.php\/wp-json\/wp\/v2\/posts\/19834\/revisions"}],"wp:featuredmedia":[{"embeddable":true,"href":"https:\/\/noticiasribeiraopreto.com.br\/index.php\/wp-json\/wp\/v2\/media\/19835"}],"wp:attachment":[{"href":"https:\/\/noticiasribeiraopreto.com.br\/index.php\/wp-json\/wp\/v2\/media?parent=19834"}],"wp:term":[{"taxonomy":"category","embeddable":true,"href":"https:\/\/noticiasribeiraopreto.com.br\/index.php\/wp-json\/wp\/v2\/categories?post=19834"},{"taxonomy":"post_tag","embeddable":true,"href":"https:\/\/noticiasribeiraopreto.com.br\/index.php\/wp-json\/wp\/v2\/tags?post=19834"}],"curies":[{"name":"wp","href":"https:\/\/api.w.org\/{rel}","templated":true}]}}