{"id":19840,"date":"2023-12-23T12:32:18","date_gmt":"2023-12-23T15:32:18","guid":{"rendered":"https:\/\/noticiasribeiraopreto.com.br\/index.php\/2023\/12\/23\/cinco-pessoas-sao-baleadas-por-homem-que-se-masturbava-em-posto-na-regiao-de-ribeirao\/"},"modified":"2023-12-23T12:32:18","modified_gmt":"2023-12-23T15:32:18","slug":"cinco-pessoas-sao-baleadas-por-homem-que-se-masturbava-em-posto-na-regiao-de-ribeirao","status":"publish","type":"post","link":"https:\/\/noticiasribeiraopreto.com.br\/index.php\/2023\/12\/23\/cinco-pessoas-sao-baleadas-por-homem-que-se-masturbava-em-posto-na-regiao-de-ribeirao\/","title":{"rendered":"Cinco pessoas s\u00e3o baleadas por homem que se masturbava em posto na regi\u00e3o de Ribeir\u00e3o"},"content":{"rendered":"<div class='code-block code-block-1' style='margin: 8px 0 8px auto; text-align: right; display: block; clear: both;'>\n<p><a href=\"https:\/\/wa.link\/vpicfd\"><img data-recalc-dims=\"1\" class=\"wp-image-4922\" style=\"aspect-ratio: 2.0253164556962027; width: 561px; height: auto;\" src=\"https:\/\/i0.wp.com\/ismaelcolosi.com.br\/wp-content\/uploads\/2023\/11\/grupo-de-empregos-whatsapp-e-facebook-ismael-colosi-vagas.jpg?ssl=1\" alt=\"\" \/><\/a><\/p>\n<!-- \/wp:image -->\n<\/div>\n<p> <br \/>\n<\/p>\n<div>\n<p><strong>Um homem de 40 anos foi preso, na madrugada deste s\u00e1bado (23), em Jardin\u00f3polis, regi\u00e3o de Ribeir\u00e3o Preto, ap\u00f3s balear cinco pessoas \u2013 sendo uma crian\u00e7a \u2013 em um posto de combust\u00edveis.<\/strong><\/p>\n<p>De acordo com o registro da ocorr\u00eancia, <strong>o homem estaria se masturbando dentro de um carro estacionado no posto de combust\u00edveis<\/strong>, que fica na avenida Prefeito Newton Reis, 1095.<\/p>\n<p>Um homem, tamb\u00e9m de 40 anos, foi tirar satisfa\u00e7\u00f5es com o acusado, j\u00e1 que a esposa e o filho dele estariam presenciando a cena. Nesse momento, ocorreu uma discuss\u00e3o e o acusado sacou a arma e fez o primeiro disparo, atingindo a v\u00edtima de 40 anos.<\/p>\n<h4 class=\"wp-block-heading\"><strong>Mais quatro baleados<\/strong><\/h4>\n<p>Outro homem, de 32 anos, foi at\u00e9 o carro do acusado e retirou a chave do contato, para impedir a fuga, mas tamb\u00e9m acabou baleado.<\/p>\n<p><strong>Testemunhas ainda alegaram que ap\u00f3s atingir as duas v\u00edtimas, o acusado come\u00e7ou a atirar e atingiu mais tr\u00eas pessoas \u2013 uma crian\u00e7a de 12 anos, filho da primeira v\u00edtima, e mais dois homens, de 18 e 43 anos.<\/strong><\/p>\n<p>Para a pol\u00edcia, o acusado alegou que estaria sofrendo uma tentativa de linchamento e atirou para se defender. No entanto, os policiais constataram que as v\u00edtimas n\u00e3o se conheciam e n\u00e3o conheciam o acusado.<\/p>\n<p>Todas as v\u00edtimas foram socorridas para hospitais de Ribeir\u00e3o Preto e n\u00e3o h\u00e1 ainda informa\u00e7\u00f5es atualizadas sobre o estado de sa\u00fade delas.<\/p>\n<p>J\u00e1 o acusado, recebeu voz de pris\u00e3o em flagrante e vai passar por audi\u00eancia de cust\u00f3dia. A arma utilizada no crime foi apreendida.<\/p>\n<p>VEJA TAMB\u00c9M<br \/>Estudo em Ribeir\u00e3o para tratar c\u00e2ncer vai receber aporte de R$ 100 milh\u00f5es<\/p>\n<h4 class=\"wp-block-heading\"><strong>FIQUE ON<\/strong><\/h4>\n<p>Fique ligado em tudo que acontece em Ribeir\u00e3o Preto e regi\u00e3o. Siga os perfis do\u00a0<strong>acidade on<\/strong>\u00a0no\u00a0<a href=\"https:\/\/www.instagram.com\/acidadeonribeirao\" target=\"_blank\" rel=\"noreferrer noopener\">Instagram\u00a0<\/a>e no<a href=\"https:\/\/www.facebook.com\/acidadeonribeirao\" target=\"_blank\" rel=\"noreferrer noopener\">\u00a0Facebook.<\/a><\/p>\n<p>Receba not\u00edcias do\u00a0<strong>acidade on\u00a0<\/strong>no WhatsApp.\u00a0<a href=\"https:\/\/chat.whatsapp.com\/Bnv2w66ZT4VDyZW3oiZ69n\" target=\"_blank\" rel=\"noreferrer noopener\">Para entrar no grupo, basta clicar aqui.<\/a><\/p>\n<p>Fa\u00e7a uma den\u00fancia ou sugira uma reportagem sobre Ribeir\u00e3o Preto e regi\u00e3o pelo WhatsApp:\u00a0<strong>(16) 99117 7802.<\/strong><\/p>\n<p>LEIA MAIS<br \/>Calor e chuva: Confira como deve ser o ver\u00e3o no Brasil<\/p>\n<p><!-- AI CONTENT END 1 -->\n<\/div>\n<p><script async src=\"\/\/www.instagram.com\/embed.js\"><\/script><br \/>\n<br \/><br \/>\n<br \/><a href=\"https:\/\/www.acidadeon.com\/ribeiraopreto\/cotidiano\/cinco-pessoas-sao-baleadas-por-homem-que-se-masturbava-em-posto-na-regiao-de-ribeirao\/\">Source link <\/a><\/p>\n<!-- CONTENT END 1 -->\n","protected":false},"excerpt":{"rendered":"<p>Um homem de 40 anos foi preso, na madrugada deste s\u00e1bado (23), em Jardin\u00f3polis, regi\u00e3o de Ribeir\u00e3o Preto, ap\u00f3s balear cinco pessoas \u2013 sendo uma&#8230;<\/p>\n","protected":false},"author":1,"featured_media":19841,"comment_status":"open","ping_status":"open","sticky":false,"template":"","format":"standard","meta":{"advanced_seo_description":"","jetpack_seo_html_title":"","jetpack_seo_noindex":false,"jetpack_post_was_ever_published":false,"_jetpack_newsletter_access":"","_jetpack_dont_email_post_to_subs":false,"_jetpack_newsletter_tier_id":0,"_jetpack_memberships_contains_paywalled_content":false,"_jetpack_memberships_contains_paid_content":false,"footnotes":"","jetpack_publicize_message":"","jetpack_publicize_feature_enabled":true,"jetpack_social_post_already_shared":true,"jetpack_social_options":{"image_generator_settings":{"template":"highway","default_image_id":0,"font":"","enabled":false},"version":2}},"categories":[11],"tags":[2571,481,59,2572,581,134,1137,277,26,50],"class_list":["post-19840","post","type-post","status-publish","format-standard","has-post-thumbnail","hentry","category-noticias-de-ribeirao-preto-sp-e-regiao-ismael-colosi","tag-baleadas","tag-cinco","tag-homem","tag-masturbava","tag-pessoas","tag-por","tag-posto","tag-regiao","tag-ribeirao","tag-sao"],"jetpack_publicize_connections":[],"jetpack_featured_media_url":"https:\/\/i0.wp.com\/noticiasribeiraopreto.com.br\/wp-content\/uploads\/2023\/12\/WhatsApp-Image-2023-12-23-at-12.01.31.jpeg?fit=480%2C245&ssl=1","jetpack-related-posts":[{"id":84442,"url":"https:\/\/noticiasribeiraopreto.com.br\/index.php\/2026\/04\/09\/policia-civil-prende-suspeito-de-vender-municoes-para-acusado-de-homicidio-em-ribeirao-preto\/","url_meta":{"origin":19840,"position":0},"title":"Pol\u00edcia Civil prende suspeito de vender muni\u00e7\u00f5es para acusado de homic\u00eddio em Ribeir\u00e3o Preto","author":"noticiasribeiraopreto.com.br","date":"9 de April de 2026","format":false,"excerpt":"Ler o resumo da not\u00edcia Homem de 34 anos foi preso pela Pol\u00edcia Civil de Ribeir\u00e3o Preto nesta quinta-feira (9), suspeito de vender muni\u00e7\u00f5es para o autor de um homic\u00eddio em fevereiro. O crime ocorreu na rua Bol\u00edvia, na Vila Mariana, zona Norte, quando a v\u00edtima Freud dos Santos Pereira,\u2026","rel":"","context":"In &quot;Not\u00edcias de Ribeir\u00e3o Preto-SP e Regi\u00e3o&quot;","block_context":{"text":"Not\u00edcias de Ribeir\u00e3o Preto-SP e Regi\u00e3o","link":"https:\/\/noticiasribeiraopreto.com.br\/index.php\/category\/noticias-de-ribeirao-preto-sp-e-regiao-ismael-colosi\/"},"img":{"alt_text":"","src":"https:\/\/i0.wp.com\/noticiasribeiraopreto.com.br\/wp-content\/uploads\/2026\/04\/fernando-bravo_2026-04-09_17-44-19.webp.webp?fit=1200%2C827&ssl=1&resize=350%2C200","width":350,"height":200,"srcset":"https:\/\/i0.wp.com\/noticiasribeiraopreto.com.br\/wp-content\/uploads\/2026\/04\/fernando-bravo_2026-04-09_17-44-19.webp.webp?fit=1200%2C827&ssl=1&resize=350%2C200 1x, https:\/\/i0.wp.com\/noticiasribeiraopreto.com.br\/wp-content\/uploads\/2026\/04\/fernando-bravo_2026-04-09_17-44-19.webp.webp?fit=1200%2C827&ssl=1&resize=525%2C300 1.5x, https:\/\/i0.wp.com\/noticiasribeiraopreto.com.br\/wp-content\/uploads\/2026\/04\/fernando-bravo_2026-04-09_17-44-19.webp.webp?fit=1200%2C827&ssl=1&resize=700%2C400 2x, https:\/\/i0.wp.com\/noticiasribeiraopreto.com.br\/wp-content\/uploads\/2026\/04\/fernando-bravo_2026-04-09_17-44-19.webp.webp?fit=1200%2C827&ssl=1&resize=1050%2C600 3x"},"classes":[]},{"id":32431,"url":"https:\/\/noticiasribeiraopreto.com.br\/index.php\/2024\/01\/25\/homem-e-preso-por-se-passar-por-policial-em-ribeirao-preto\/","url_meta":{"origin":19840,"position":1},"title":"Homem \u00e9 preso por se passar por policial em Ribeir\u00e3o Preto","author":"noticiasribeiraopreto.com.br","date":"25 de January de 2024","format":false,"excerpt":"Um homem foi preso na tarde desta quarta-feira (24) por se passar por policial civil em Ribeir\u00e3o Preto. De acordo com os investigadores, o acusado estaria cobrando dinheiro de traficantes em pontos de venda de drogas. O suspeito foi detido pelos agentes em um posto de combust\u00edveis no Parque Ribeir\u00e3o,\u2026","rel":"","context":"In &quot;Not\u00edcias de Ribeir\u00e3o Preto-SP e Regi\u00e3o&quot;","block_context":{"text":"Not\u00edcias de Ribeir\u00e3o Preto-SP e Regi\u00e3o","link":"https:\/\/noticiasribeiraopreto.com.br\/index.php\/category\/noticias-de-ribeirao-preto-sp-e-regiao-ismael-colosi\/"},"img":{"alt_text":"","src":"https:\/\/i0.wp.com\/noticiasribeiraopreto.com.br\/wp-content\/uploads\/2024\/01\/falso-policial-scaled.jpeg?fit=1200%2C900&ssl=1&resize=350%2C200","width":350,"height":200,"srcset":"https:\/\/i0.wp.com\/noticiasribeiraopreto.com.br\/wp-content\/uploads\/2024\/01\/falso-policial-scaled.jpeg?fit=1200%2C900&ssl=1&resize=350%2C200 1x, https:\/\/i0.wp.com\/noticiasribeiraopreto.com.br\/wp-content\/uploads\/2024\/01\/falso-policial-scaled.jpeg?fit=1200%2C900&ssl=1&resize=525%2C300 1.5x, https:\/\/i0.wp.com\/noticiasribeiraopreto.com.br\/wp-content\/uploads\/2024\/01\/falso-policial-scaled.jpeg?fit=1200%2C900&ssl=1&resize=700%2C400 2x, https:\/\/i0.wp.com\/noticiasribeiraopreto.com.br\/wp-content\/uploads\/2024\/01\/falso-policial-scaled.jpeg?fit=1200%2C900&ssl=1&resize=1050%2C600 3x"},"classes":[]},{"id":52095,"url":"https:\/\/noticiasribeiraopreto.com.br\/index.php\/2024\/06\/03\/homem-acusado-de-atirar-em-jovem-no-centro-de-ribeirao-preto-e-liberado-apos-depoimento\/","url_meta":{"origin":19840,"position":2},"title":"Homem acusado de atirar em jovem no Centro de Ribeir\u00e3o Preto \u00e9 liberado ap\u00f3s depoimento","author":"noticiasribeiraopreto.com.br","date":"3 de June de 2024","format":false,"excerpt":"Foi liberado o homem suspeito de balear na cabe\u00e7a o jovem Ruan C\u00e9sar Godoi, de 22 anos, depois de uma confus\u00e3o em um estacionamento de ve\u00edculos, na madrugada deste domingo (02), na avenida Jer\u00f4nimo Gon\u00e7alves, regi\u00e3o central de Ribeir\u00e3o Preto. O homem havia sido detido na tarde desta segunda-feira (03),\u2026","rel":"","context":"In &quot;Not\u00edcias de Ribeir\u00e3o Preto-SP e Regi\u00e3o&quot;","block_context":{"text":"Not\u00edcias de Ribeir\u00e3o Preto-SP e Regi\u00e3o","link":"https:\/\/noticiasribeiraopreto.com.br\/index.php\/category\/noticias-de-ribeirao-preto-sp-e-regiao-ismael-colosi\/"},"img":{"alt_text":"","src":"https:\/\/i0.wp.com\/noticiasribeiraopreto.com.br\/wp-content\/uploads\/2024\/06\/BALEADFO_2024-06-03_10-17-45_jpg_2024-06-03_10-17-46.webp.webp?fit=1200%2C873&ssl=1&resize=350%2C200","width":350,"height":200,"srcset":"https:\/\/i0.wp.com\/noticiasribeiraopreto.com.br\/wp-content\/uploads\/2024\/06\/BALEADFO_2024-06-03_10-17-45_jpg_2024-06-03_10-17-46.webp.webp?fit=1200%2C873&ssl=1&resize=350%2C200 1x, https:\/\/i0.wp.com\/noticiasribeiraopreto.com.br\/wp-content\/uploads\/2024\/06\/BALEADFO_2024-06-03_10-17-45_jpg_2024-06-03_10-17-46.webp.webp?fit=1200%2C873&ssl=1&resize=525%2C300 1.5x, https:\/\/i0.wp.com\/noticiasribeiraopreto.com.br\/wp-content\/uploads\/2024\/06\/BALEADFO_2024-06-03_10-17-45_jpg_2024-06-03_10-17-46.webp.webp?fit=1200%2C873&ssl=1&resize=700%2C400 2x, https:\/\/i0.wp.com\/noticiasribeiraopreto.com.br\/wp-content\/uploads\/2024\/06\/BALEADFO_2024-06-03_10-17-45_jpg_2024-06-03_10-17-46.webp.webp?fit=1200%2C873&ssl=1&resize=1050%2C600 3x"},"classes":[]},{"id":61817,"url":"https:\/\/noticiasribeiraopreto.com.br\/index.php\/2024\/12\/23\/homem-e-preso-acusado-de-esfaquear-a-namorada-no-pescoco-em-ribeirao-preto\/","url_meta":{"origin":19840,"position":3},"title":"Homem \u00e9 preso acusado de esfaquear a namorada no pesco\u00e7o em Ribeir\u00e3o Preto","author":"noticiasribeiraopreto.com.br","date":"23 de December de 2024","format":false,"excerpt":"Um homem de 39 anos foi preso suspeito de esfaquear a namorada na noite deste domingo (22), na zona Oeste de Ribeir\u00e3o Preto. Segundo o boletim de ocorr\u00eancia (BO), a v\u00edtima, de 33 anos, foi atingida no pesco\u00e7o e ficou inconsciente quando estava em casa, na rua Dr. Eug\u00eanio Casilo,\u2026","rel":"","context":"In &quot;Not\u00edcias de Ribeir\u00e3o Preto-SP e Regi\u00e3o&quot;","block_context":{"text":"Not\u00edcias de Ribeir\u00e3o Preto-SP e Regi\u00e3o","link":"https:\/\/noticiasribeiraopreto.com.br\/index.php\/category\/noticias-de-ribeirao-preto-sp-e-regiao-ismael-colosi\/"},"img":{"alt_text":"","src":"https:\/\/i0.wp.com\/noticiasribeiraopreto.com.br\/wp-content\/uploads\/2024\/12\/1734970021_cpj_policia_1024x576_21012021082231.jpg?fit=1024%2C576&ssl=1&resize=350%2C200","width":350,"height":200,"srcset":"https:\/\/i0.wp.com\/noticiasribeiraopreto.com.br\/wp-content\/uploads\/2024\/12\/1734970021_cpj_policia_1024x576_21012021082231.jpg?fit=1024%2C576&ssl=1&resize=350%2C200 1x, https:\/\/i0.wp.com\/noticiasribeiraopreto.com.br\/wp-content\/uploads\/2024\/12\/1734970021_cpj_policia_1024x576_21012021082231.jpg?fit=1024%2C576&ssl=1&resize=525%2C300 1.5x, https:\/\/i0.wp.com\/noticiasribeiraopreto.com.br\/wp-content\/uploads\/2024\/12\/1734970021_cpj_policia_1024x576_21012021082231.jpg?fit=1024%2C576&ssl=1&resize=700%2C400 2x"},"classes":[]},{"id":47895,"url":"https:\/\/noticiasribeiraopreto.com.br\/index.php\/2024\/04\/29\/morre-jovem-baleada-por-companheiro-em-ribeirao-preto\/","url_meta":{"origin":19840,"position":4},"title":"Morre jovem baleada por companheiro em Ribeir\u00e3o Preto","author":"noticiasribeiraopreto.com.br","date":"29 de April de 2024","format":false,"excerpt":"A jovem de 19 anos, identificada como Ana Julia dos Santos Borsoi Pereira, v\u00edtima de um disparo acidental realizado pelo companheiro, em um apartamento da zona Leste de Ribeir\u00e3o Preto, morreu neste domingo (28). A informa\u00e7\u00e3o foi confirmada por familiares da v\u00edtima ao portal acidade on. O caso aconteceu no\u2026","rel":"","context":"In &quot;Not\u00edcias de Ribeir\u00e3o Preto-SP e Regi\u00e3o&quot;","block_context":{"text":"Not\u00edcias de Ribeir\u00e3o Preto-SP e Regi\u00e3o","link":"https:\/\/noticiasribeiraopreto.com.br\/index.php\/category\/noticias-de-ribeirao-preto-sp-e-regiao-ismael-colosi\/"},"img":{"alt_text":"","src":"https:\/\/i0.wp.com\/noticiasribeiraopreto.com.br\/wp-content\/uploads\/2024\/04\/1714407794_cpj_1024x576_21012021092745.jpg?fit=1024%2C575&ssl=1&resize=350%2C200","width":350,"height":200,"srcset":"https:\/\/i0.wp.com\/noticiasribeiraopreto.com.br\/wp-content\/uploads\/2024\/04\/1714407794_cpj_1024x576_21012021092745.jpg?fit=1024%2C575&ssl=1&resize=350%2C200 1x, https:\/\/i0.wp.com\/noticiasribeiraopreto.com.br\/wp-content\/uploads\/2024\/04\/1714407794_cpj_1024x576_21012021092745.jpg?fit=1024%2C575&ssl=1&resize=525%2C300 1.5x, https:\/\/i0.wp.com\/noticiasribeiraopreto.com.br\/wp-content\/uploads\/2024\/04\/1714407794_cpj_1024x576_21012021092745.jpg?fit=1024%2C575&ssl=1&resize=700%2C400 2x"},"classes":[]},{"id":58963,"url":"https:\/\/noticiasribeiraopreto.com.br\/index.php\/2024\/10\/10\/homem-e-preso-em-condominio-de-luxo-em-ribeirao-preto\/","url_meta":{"origin":19840,"position":5},"title":"Homem \u00e9 preso em condom\u00ednio de luxo em Ribeir\u00e3o Preto","author":"noticiasribeiraopreto.com.br","date":"10 de October de 2024","format":false,"excerpt":"Um homem, de 23 anos, foi preso na manh\u00e3 desta quinta-feira (10) em um condom\u00ednio de luxo no distrito de Bonfim Paulista, em Ribeir\u00e3o Preto. De acordo com a Pol\u00edcia Civil, ele \u00e9 acusado de pirataria e lavagem de dinheiro. O suspeito, que n\u00e3o teve o nome divulgado, foi preso\u2026","rel":"","context":"In &quot;Not\u00edcias de Ribeir\u00e3o Preto-SP e Regi\u00e3o&quot;","block_context":{"text":"Not\u00edcias de Ribeir\u00e3o Preto-SP e Regi\u00e3o","link":"https:\/\/noticiasribeiraopreto.com.br\/index.php\/category\/noticias-de-ribeirao-preto-sp-e-regiao-ismael-colosi\/"},"img":{"alt_text":"","src":"https:\/\/i0.wp.com\/noticiasribeiraopreto.com.br\/wp-content\/uploads\/2024\/10\/bonfim-preso_2024-10-10_17-07-06_jpeg_2024-10-10_17-07-06.webp.webp?fit=1200%2C674&ssl=1&resize=350%2C200","width":350,"height":200,"srcset":"https:\/\/i0.wp.com\/noticiasribeiraopreto.com.br\/wp-content\/uploads\/2024\/10\/bonfim-preso_2024-10-10_17-07-06_jpeg_2024-10-10_17-07-06.webp.webp?fit=1200%2C674&ssl=1&resize=350%2C200 1x, https:\/\/i0.wp.com\/noticiasribeiraopreto.com.br\/wp-content\/uploads\/2024\/10\/bonfim-preso_2024-10-10_17-07-06_jpeg_2024-10-10_17-07-06.webp.webp?fit=1200%2C674&ssl=1&resize=525%2C300 1.5x, https:\/\/i0.wp.com\/noticiasribeiraopreto.com.br\/wp-content\/uploads\/2024\/10\/bonfim-preso_2024-10-10_17-07-06_jpeg_2024-10-10_17-07-06.webp.webp?fit=1200%2C674&ssl=1&resize=700%2C400 2x, https:\/\/i0.wp.com\/noticiasribeiraopreto.com.br\/wp-content\/uploads\/2024\/10\/bonfim-preso_2024-10-10_17-07-06_jpeg_2024-10-10_17-07-06.webp.webp?fit=1200%2C674&ssl=1&resize=1050%2C600 3x"},"classes":[]}],"jetpack_sharing_enabled":true,"jetpack_shortlink":"https:\/\/wp.me\/peQAOb-5a0","_links":{"self":[{"href":"https:\/\/noticiasribeiraopreto.com.br\/index.php\/wp-json\/wp\/v2\/posts\/19840","targetHints":{"allow":["GET"]}}],"collection":[{"href":"https:\/\/noticiasribeiraopreto.com.br\/index.php\/wp-json\/wp\/v2\/posts"}],"about":[{"href":"https:\/\/noticiasribeiraopreto.com.br\/index.php\/wp-json\/wp\/v2\/types\/post"}],"author":[{"embeddable":true,"href":"https:\/\/noticiasribeiraopreto.com.br\/index.php\/wp-json\/wp\/v2\/users\/1"}],"replies":[{"embeddable":true,"href":"https:\/\/noticiasribeiraopreto.com.br\/index.php\/wp-json\/wp\/v2\/comments?post=19840"}],"version-history":[{"count":0,"href":"https:\/\/noticiasribeiraopreto.com.br\/index.php\/wp-json\/wp\/v2\/posts\/19840\/revisions"}],"wp:featuredmedia":[{"embeddable":true,"href":"https:\/\/noticiasribeiraopreto.com.br\/index.php\/wp-json\/wp\/v2\/media\/19841"}],"wp:attachment":[{"href":"https:\/\/noticiasribeiraopreto.com.br\/index.php\/wp-json\/wp\/v2\/media?parent=19840"}],"wp:term":[{"taxonomy":"category","embeddable":true,"href":"https:\/\/noticiasribeiraopreto.com.br\/index.php\/wp-json\/wp\/v2\/categories?post=19840"},{"taxonomy":"post_tag","embeddable":true,"href":"https:\/\/noticiasribeiraopreto.com.br\/index.php\/wp-json\/wp\/v2\/tags?post=19840"}],"curies":[{"name":"wp","href":"https:\/\/api.w.org\/{rel}","templated":true}]}}