{"id":19844,"date":"2023-12-23T12:43:47","date_gmt":"2023-12-23T15:43:47","guid":{"rendered":"https:\/\/noticiasribeiraopreto.com.br\/index.php\/2023\/12\/23\/riscos-de-fraturas-peniana-aumentam-no-natal-descobre-estudo\/"},"modified":"2023-12-23T12:43:47","modified_gmt":"2023-12-23T15:43:47","slug":"riscos-de-fraturas-peniana-aumentam-no-natal-descobre-estudo","status":"publish","type":"post","link":"https:\/\/noticiasribeiraopreto.com.br\/index.php\/2023\/12\/23\/riscos-de-fraturas-peniana-aumentam-no-natal-descobre-estudo\/","title":{"rendered":"Riscos de fraturas peniana aumentam no Natal, descobre estudo"},"content":{"rendered":"<div class='code-block code-block-1' style='margin: 8px 0 8px auto; text-align: right; display: block; clear: both;'>\n<p><a href=\"https:\/\/wa.link\/vpicfd\"><img data-recalc-dims=\"1\" class=\"wp-image-4922\" style=\"aspect-ratio: 2.0253164556962027; width: 561px; height: auto;\" src=\"https:\/\/i0.wp.com\/ismaelcolosi.com.br\/wp-content\/uploads\/2023\/11\/grupo-de-empregos-whatsapp-e-facebook-ismael-colosi-vagas.jpg?ssl=1\" alt=\"\" \/><\/a><\/p>\n<!-- \/wp:image -->\n<\/div>\n<p> <br \/>\n<\/p>\n<p>O esp\u00edrito de entusiasmo demasiado que leva muitas pessoas a confraternizar umas com as outras no <a href=\"https:\/\/catracalivre.com.br\/entretenimento\/passo-a-passo-facil-para-criar-um-cartao-de-natal-e-enviar-no-whatsapp\/\">Natal<\/a> parece ser o mesmo que incentiva as <a href=\"https:\/\/catracalivre.com.br\/saude-bem-estar\/10-duvidas-mais-comuns-sobre-sexo\/\">rela\u00e7\u00f5es sexuais<\/a>. Isso porque \u00e9 nesta \u00e9poca do ano, que ocorrem mais fraturas penianas, segundo um estudo.<\/p>\n<p>Esse tipo de les\u00e3o geralmente ocorre durante rela\u00e7\u00f5es sexuais excessivamente entusiasmadas.<\/p>\n<p>De acordo com os pesquisadores, um estalo aud\u00edvel geralmente acompanha a fratura. Em seguida, vem uma dor intensa, perda r\u00e1pida de ere\u00e7\u00e3o e incha\u00e7o e hematomas graves.<\/p>\n<div id=\"attachment_2230080\">\n<div class=\"d-flex justify-content-center\" data-attachment-id=\"2230080\">\n<div class=\"position-relative d-inline-block\"><img data-recalc-dims=\"1\" data-portal-copyright=\"PeopleImages\/istock\" fetchpriority=\"high\" decoding=\"async\" class=\"wp-image-2230080 size-large\" src=\"https:\/\/i0.wp.com\/catracalivre.com.br\/wp-content\/uploads\/2022\/09\/istock-1326072783-910x607.jpg?resize=910%2C607&#038;ssl=1\" alt=\"Fratura peniana ocorre com mais frequ\u00eancia na \u00e9poca do Natal\" width=\"910\" height=\"607\" srcset=\"https:\/\/catracalivre.com.br\/wp-content\/uploads\/2022\/09\/istock-1326072783-910x607.jpg 910w, https:\/\/catracalivre.com.br\/wp-content\/uploads\/2022\/09\/istock-1326072783-450x300.jpg 450w, https:\/\/catracalivre.com.br\/wp-content\/uploads\/2022\/09\/istock-1326072783-768x513.jpg 768w\" sizes=\"(max-width: 910px) 100vw, 910px\"\/><\/p>\n<p>Cr\u00e9ditos: PeopleImages\/istock<\/p>\n<\/div>\n<\/div>\n<p><span class=\"post-imagem__legenda\">Fratura peniana ocorre com mais frequ\u00eancia na \u00e9poca do Natal<\/span><\/p>\n<\/div>\n<p>Os pesquisadores examinaram dados hospitalares de 3.421 homens que sofreram fraturas penianas na Alemanha entre 2005 e 2021.<\/p>\n<p>Eles descobriram que tais les\u00f5es eram de fato mais comuns durante o Natal. \u00a0No entanto, a v\u00e9spera de Ano Novo n\u00e3o foi associada a um aumento na incid\u00eancia de les\u00f5es penianas.<\/p>\n<p>A equipe da pesquisa frisou no entanto, que essa an\u00e1lise representa a Alemanha, onde a semana do Natal \u00e9 amplamente comemorada, enquanto a v\u00e9spera de Ano Novo tende a ser um pouco mais tranquila. O cen\u00e1rio, portanto, pode ser diferente em outros pa\u00edses.<\/p>\n<p><script>\n\t\t! function(f, b, e, v, n, t, s) {\n\t\t\tif (f.fbq) return;\n\t\t\tn = f.fbq = function() {\n\t\t\t\tn.callMethod ?\n\t\t\t\t\tn.callMethod.apply(n, arguments) : n.queue.push(arguments)\n\t\t\t};\n\t\t\tif (!f._fbq) f._fbq = n;\n\t\t\tn.push = n;\n\t\t\tn.loaded = !0;\n\t\t\tn.version = '2.0';\n\t\t\tn.queue = [];\n\t\t\tt = b.createElement(e);\n\t\t\tt.async = !0;\n\t\t\tt.src = v;\n\t\t\ts = b.getElementsByTagName(e)[0];\n\t\t\ts.parentNode.insertBefore(t, s)\n\t\t}(window, document, 'script',\n\t\t\t'https:\/\/connect.facebook.net\/en_US\/fbevents.js');\n\t\tfbq('init', '338315473262380');\n\t\tfbq('track', 'PageView');\n\t<\/script><br \/>\n<br \/><br \/>\n<br \/><a href=\"https:\/\/catracalivre.com.br\/saude-bem-estar\/riscos-de-fraturas-peniana-aumentam-no-natal-descobre-estudo\/\">Source link <\/a><\/p>\n<!-- CONTENT END 1 -->\n","protected":false},"excerpt":{"rendered":"<p>O esp\u00edrito de entusiasmo demasiado que leva muitas pessoas a confraternizar umas com as outras no Natal parece ser o mesmo que incentiva as rela\u00e7\u00f5es&#8230;<\/p>\n","protected":false},"author":1,"featured_media":19845,"comment_status":"open","ping_status":"open","sticky":false,"template":"","format":"standard","meta":{"advanced_seo_description":"","jetpack_seo_html_title":"","jetpack_seo_noindex":false,"jetpack_post_was_ever_published":false,"_jetpack_newsletter_access":"","_jetpack_dont_email_post_to_subs":false,"_jetpack_newsletter_tier_id":0,"_jetpack_memberships_contains_paywalled_content":false,"_jetpack_memberships_contains_paid_content":false,"footnotes":"","jetpack_publicize_message":"","jetpack_publicize_feature_enabled":true,"jetpack_social_post_already_shared":true,"jetpack_social_options":{"image_generator_settings":{"template":"highway","default_image_id":0,"font":"","enabled":false},"version":2}},"categories":[19],"tags":[],"class_list":["post-19844","post","type-post","status-publish","format-standard","has-post-thumbnail","hentry","category-variedades"],"jetpack_publicize_connections":[],"jetpack_featured_media_url":"https:\/\/i0.wp.com\/noticiasribeiraopreto.com.br\/wp-content\/uploads\/2023\/12\/istock-1326072783.jpg?fit=1200%2C638&ssl=1","jetpack-related-posts":[{"id":69654,"url":"https:\/\/noticiasribeiraopreto.com.br\/index.php\/2025\/05\/07\/jornal-da-franca-por-que-as-pessoas-ficam-com-as-costas-curvadas-a-medida-que-envelhecem\/","url_meta":{"origin":19844,"position":0},"title":"Jornal da Franca &#8211; Por que as pessoas ficam com as costas curvadas \u00e0 medida que envelhecem?","author":"noticiasribeiraopreto.com.br","date":"7 de May de 2025","format":false,"excerpt":"compartilhar no whatsapp compartilhar no telegram compartilhar no facebook compartilhar no linkedin Chamado de \u201ccorcunda\u201d ou \u201ccostas curvadas\u201d, o termo m\u00e9dico para essa condi\u00e7\u00e3o \u00e9 cifose ou hipercifose Ao envelhecermos, \u00e9 poss\u00edvel perceber mudan\u00e7as na postura, como ombros se curvando \u2013 foto Di\u00e1rio de Mogi \u00a0 \u00c0 medida que envelhecemos,\u2026","rel":"","context":"In &quot;Not\u00edcias de Franca-SP&quot;","block_context":{"text":"Not\u00edcias de Franca-SP","link":"https:\/\/noticiasribeiraopreto.com.br\/index.php\/category\/noticias-de-ribeirao-preto-sp-e-regiao-ismael-colosi\/noticias-franca-sp\/"},"img":{"alt_text":"","src":"https:\/\/i0.wp.com\/noticiasribeiraopreto.com.br\/wp-content\/uploads\/2025\/05\/costas-curvadas-cifose-corcunda-foto-diario-de-mogi.jpg?fit=1200%2C900&ssl=1&resize=350%2C200","width":350,"height":200,"srcset":"https:\/\/i0.wp.com\/noticiasribeiraopreto.com.br\/wp-content\/uploads\/2025\/05\/costas-curvadas-cifose-corcunda-foto-diario-de-mogi.jpg?fit=1200%2C900&ssl=1&resize=350%2C200 1x, https:\/\/i0.wp.com\/noticiasribeiraopreto.com.br\/wp-content\/uploads\/2025\/05\/costas-curvadas-cifose-corcunda-foto-diario-de-mogi.jpg?fit=1200%2C900&ssl=1&resize=525%2C300 1.5x, https:\/\/i0.wp.com\/noticiasribeiraopreto.com.br\/wp-content\/uploads\/2025\/05\/costas-curvadas-cifose-corcunda-foto-diario-de-mogi.jpg?fit=1200%2C900&ssl=1&resize=700%2C400 2x, https:\/\/i0.wp.com\/noticiasribeiraopreto.com.br\/wp-content\/uploads\/2025\/05\/costas-curvadas-cifose-corcunda-foto-diario-de-mogi.jpg?fit=1200%2C900&ssl=1&resize=1050%2C600 3x"},"classes":[]},{"id":40528,"url":"https:\/\/noticiasribeiraopreto.com.br\/index.php\/2024\/03\/04\/apos-acidente-homem-tem-suspeita-de-fratura-na-perna\/","url_meta":{"origin":19844,"position":1},"title":"Ap\u00f3s acidente, homem tem suspeita de fratura na perna","author":"noticiasribeiraopreto.com.br","date":"4 de March de 2024","format":false,"excerpt":"Motociclista teria colidido contra caminh\u00e3o e foi socorrido com suspeita de fratura na perna 4 de mar\u00e7o de 2024 | 10:43 2Por: Adalberto LuqueUm motociclista se envolveu em um acidente de tr\u00e2nsito, na manh\u00e3 desta segunda-feira (04) e foi socorrido com suspeita de fratura numa das pernas. O acidente ocorreu\u2026","rel":"","context":"In &quot;Not\u00edcias de Ribeir\u00e3o Preto-SP e Regi\u00e3o&quot;","block_context":{"text":"Not\u00edcias de Ribeir\u00e3o Preto-SP e Regi\u00e3o","link":"https:\/\/noticiasribeiraopreto.com.br\/index.php\/category\/noticias-de-ribeirao-preto-sp-e-regiao-ismael-colosi\/"},"img":{"alt_text":"","src":"https:\/\/i0.wp.com\/noticiasribeiraopreto.com.br\/wp-content\/uploads\/2024\/03\/00-04-fev-2024-acidente-vila-abranches-01-foto-max-gallao-mesquita-scaled.jpg?fit=1000%2C562&ssl=1&resize=350%2C200","width":350,"height":200,"srcset":"https:\/\/i0.wp.com\/noticiasribeiraopreto.com.br\/wp-content\/uploads\/2024\/03\/00-04-fev-2024-acidente-vila-abranches-01-foto-max-gallao-mesquita-scaled.jpg?fit=1000%2C562&ssl=1&resize=350%2C200 1x, https:\/\/i0.wp.com\/noticiasribeiraopreto.com.br\/wp-content\/uploads\/2024\/03\/00-04-fev-2024-acidente-vila-abranches-01-foto-max-gallao-mesquita-scaled.jpg?fit=1000%2C562&ssl=1&resize=525%2C300 1.5x, https:\/\/i0.wp.com\/noticiasribeiraopreto.com.br\/wp-content\/uploads\/2024\/03\/00-04-fev-2024-acidente-vila-abranches-01-foto-max-gallao-mesquita-scaled.jpg?fit=1000%2C562&ssl=1&resize=700%2C400 2x"},"classes":[]},{"id":33543,"url":"https:\/\/noticiasribeiraopreto.com.br\/index.php\/2024\/01\/29\/mulher-tem-suspeita-de-fratura-apos-acidente\/","url_meta":{"origin":19844,"position":2},"title":"Mulher tem suspeita de fratura ap\u00f3s acidente","author":"noticiasribeiraopreto.com.br","date":"29 de January de 2024","format":false,"excerpt":"V\u00edtima teria colidido com sua moto contra ve\u00edculo em cruzamento na zona Leste da cidade 29 de janeiro de 2024 | 12:18 2Por: Adalberto LuqueUma mulher foi socorrida com suspeita de fratura, ap\u00f3s sofrer um acidente, na manh\u00e3 desta segunda-feira (29). O acidente ocorreu no cruzamento da Rua Alice Al\u00e9m\u2026","rel":"","context":"In &quot;Not\u00edcias de Ribeir\u00e3o Preto-SP e Regi\u00e3o&quot;","block_context":{"text":"Not\u00edcias de Ribeir\u00e3o Preto-SP e Regi\u00e3o","link":"https:\/\/noticiasribeiraopreto.com.br\/index.php\/category\/noticias-de-ribeirao-preto-sp-e-regiao-ismael-colosi\/"},"img":{"alt_text":"","src":"https:\/\/i0.wp.com\/noticiasribeiraopreto.com.br\/wp-content\/uploads\/2024\/01\/00-29-jan-2024-acidente-ribeirania-01-foto-max-gallao-mesquita-scaled.jpg?fit=967%2C645&ssl=1&resize=350%2C200","width":350,"height":200,"srcset":"https:\/\/i0.wp.com\/noticiasribeiraopreto.com.br\/wp-content\/uploads\/2024\/01\/00-29-jan-2024-acidente-ribeirania-01-foto-max-gallao-mesquita-scaled.jpg?fit=967%2C645&ssl=1&resize=350%2C200 1x, https:\/\/i0.wp.com\/noticiasribeiraopreto.com.br\/wp-content\/uploads\/2024\/01\/00-29-jan-2024-acidente-ribeirania-01-foto-max-gallao-mesquita-scaled.jpg?fit=967%2C645&ssl=1&resize=525%2C300 1.5x, https:\/\/i0.wp.com\/noticiasribeiraopreto.com.br\/wp-content\/uploads\/2024\/01\/00-29-jan-2024-acidente-ribeirania-01-foto-max-gallao-mesquita-scaled.jpg?fit=967%2C645&ssl=1&resize=700%2C400 2x"},"classes":[]},{"id":36830,"url":"https:\/\/noticiasribeiraopreto.com.br\/index.php\/2024\/02\/12\/motociclista-e-socorrido-com-suspeita-de-fratura-na-lagoinha\/","url_meta":{"origin":19844,"position":3},"title":"Motociclista \u00e9 socorrido com suspeita de fratura na Lagoinha","author":"noticiasribeiraopreto.com.br","date":"12 de February de 2024","format":false,"excerpt":"Moto teria batido contra ve\u00edculo SUV que seguia por avenida do bairro 12 de fevereiro de 2024 | 14:05 0Por: Adalberto LuqueDuas pessoas ficaram feridas, na manh\u00e3 deste domingo (11), ap\u00f3s um acidente envolvendo uma motocicleta e um SUV Nissan Kicks. O acidente ocorreu no cruzamento da Avenida Jos\u00e9 Gomes\u2026","rel":"","context":"In &quot;Not\u00edcias de Ribeir\u00e3o Preto-SP e Regi\u00e3o&quot;","block_context":{"text":"Not\u00edcias de Ribeir\u00e3o Preto-SP e Regi\u00e3o","link":"https:\/\/noticiasribeiraopreto.com.br\/index.php\/category\/noticias-de-ribeirao-preto-sp-e-regiao-ismael-colosi\/"},"img":{"alt_text":"","src":"https:\/\/i0.wp.com\/noticiasribeiraopreto.com.br\/wp-content\/uploads\/2024\/02\/00-12-fev-2024-acidente-lagoinha-01-foto-max-gallao-mesquita-scaled.jpg?fit=988%2C645&ssl=1&resize=350%2C200","width":350,"height":200,"srcset":"https:\/\/i0.wp.com\/noticiasribeiraopreto.com.br\/wp-content\/uploads\/2024\/02\/00-12-fev-2024-acidente-lagoinha-01-foto-max-gallao-mesquita-scaled.jpg?fit=988%2C645&ssl=1&resize=350%2C200 1x, https:\/\/i0.wp.com\/noticiasribeiraopreto.com.br\/wp-content\/uploads\/2024\/02\/00-12-fev-2024-acidente-lagoinha-01-foto-max-gallao-mesquita-scaled.jpg?fit=988%2C645&ssl=1&resize=525%2C300 1.5x, https:\/\/i0.wp.com\/noticiasribeiraopreto.com.br\/wp-content\/uploads\/2024\/02\/00-12-fev-2024-acidente-lagoinha-01-foto-max-gallao-mesquita-scaled.jpg?fit=988%2C645&ssl=1&resize=700%2C400 2x"},"classes":[]},{"id":71936,"url":"https:\/\/noticiasribeiraopreto.com.br\/index.php\/2025\/06\/11\/entregador-sofre-fratura-ao-cair-de-moto-em-acidente-e-motorista-foge-em-ribeirao-preto-video\/","url_meta":{"origin":19844,"position":4},"title":"Entregador sofre fratura ao cair de moto em acidente e motorista foge em Ribeir\u00e3o Preto; V\u00eddeo","author":"noticiasribeiraopreto.com.br","date":"11 de June de 2025","format":false,"excerpt":"Um entregador de lanches ficou ferido ap\u00f3s cair da moto em um acidente com um carro na avenida Francisco Junqueira, em Ribeir\u00e3o Preto. O motorista fugiu sem prestar socorro \u00e0 v\u00edtima, na noite do \u00faltimo s\u00e1bado (7). Assista ao v\u00eddeo abaixo. Benedito Olimpio Prata, de 62 anos, sofreu fratura na\u2026","rel":"","context":"In &quot;Not\u00edcias de Ribeir\u00e3o Preto-SP e Regi\u00e3o&quot;","block_context":{"text":"Not\u00edcias de Ribeir\u00e3o Preto-SP e Regi\u00e3o","link":"https:\/\/noticiasribeiraopreto.com.br\/index.php\/category\/noticias-de-ribeirao-preto-sp-e-regiao-ismael-colosi\/"},"img":{"alt_text":"","src":"https:\/\/i0.wp.com\/noticiasribeiraopreto.com.br\/wp-content\/uploads\/2025\/06\/WhatsApp-Image-2025-06-11-at-13.04.00_2025-06-11_16-04-29.webp.webp?fit=1200%2C968&ssl=1&resize=350%2C200","width":350,"height":200,"srcset":"https:\/\/i0.wp.com\/noticiasribeiraopreto.com.br\/wp-content\/uploads\/2025\/06\/WhatsApp-Image-2025-06-11-at-13.04.00_2025-06-11_16-04-29.webp.webp?fit=1200%2C968&ssl=1&resize=350%2C200 1x, https:\/\/i0.wp.com\/noticiasribeiraopreto.com.br\/wp-content\/uploads\/2025\/06\/WhatsApp-Image-2025-06-11-at-13.04.00_2025-06-11_16-04-29.webp.webp?fit=1200%2C968&ssl=1&resize=525%2C300 1.5x, https:\/\/i0.wp.com\/noticiasribeiraopreto.com.br\/wp-content\/uploads\/2025\/06\/WhatsApp-Image-2025-06-11-at-13.04.00_2025-06-11_16-04-29.webp.webp?fit=1200%2C968&ssl=1&resize=700%2C400 2x, https:\/\/i0.wp.com\/noticiasribeiraopreto.com.br\/wp-content\/uploads\/2025\/06\/WhatsApp-Image-2025-06-11-at-13.04.00_2025-06-11_16-04-29.webp.webp?fit=1200%2C968&ssl=1&resize=1050%2C600 3x"},"classes":[]},{"id":63850,"url":"https:\/\/noticiasribeiraopreto.com.br\/index.php\/2025\/02\/24\/motociclista-sofre-fratura-na-perna-apos-batida-com-carro-em-avenida-de-ribeirao-preto\/","url_meta":{"origin":19844,"position":5},"title":"Motociclista sofre fratura na perna ap\u00f3s batida com carro em avenida de Ribeir\u00e3o Preto","author":"noticiasribeiraopreto.com.br","date":"24 de February de 2025","format":false,"excerpt":"Uma motociclista ficou ferida na manh\u00e3 desta segunda-feira (24), ap\u00f3s uma batida de moto e carro, no cruzamento da avenida Marechal Costa e Silva com rua Coimbra, na zona Norte de Ribeir\u00e3o Preto, Segundo informa\u00e7\u00f5es da RP Mobi, a v\u00edtima sofreu fratura de f\u00eamur e foi socorrida. A faixa da\u2026","rel":"","context":"In &quot;Not\u00edcias de Ribeir\u00e3o Preto-SP e Regi\u00e3o&quot;","block_context":{"text":"Not\u00edcias de Ribeir\u00e3o Preto-SP e Regi\u00e3o","link":"https:\/\/noticiasribeiraopreto.com.br\/index.php\/category\/noticias-de-ribeirao-preto-sp-e-regiao-ismael-colosi\/"},"img":{"alt_text":"","src":"https:\/\/i0.wp.com\/noticiasribeiraopreto.com.br\/wp-content\/uploads\/2025\/02\/WhatsApp-Image-2025-02-24-at-08.33.09_2025-02-24_11-54-54_jpeg_2025-02-24_11-54-54.webp.webp?fit=1200%2C675&ssl=1&resize=350%2C200","width":350,"height":200,"srcset":"https:\/\/i0.wp.com\/noticiasribeiraopreto.com.br\/wp-content\/uploads\/2025\/02\/WhatsApp-Image-2025-02-24-at-08.33.09_2025-02-24_11-54-54_jpeg_2025-02-24_11-54-54.webp.webp?fit=1200%2C675&ssl=1&resize=350%2C200 1x, https:\/\/i0.wp.com\/noticiasribeiraopreto.com.br\/wp-content\/uploads\/2025\/02\/WhatsApp-Image-2025-02-24-at-08.33.09_2025-02-24_11-54-54_jpeg_2025-02-24_11-54-54.webp.webp?fit=1200%2C675&ssl=1&resize=525%2C300 1.5x, https:\/\/i0.wp.com\/noticiasribeiraopreto.com.br\/wp-content\/uploads\/2025\/02\/WhatsApp-Image-2025-02-24-at-08.33.09_2025-02-24_11-54-54_jpeg_2025-02-24_11-54-54.webp.webp?fit=1200%2C675&ssl=1&resize=700%2C400 2x, https:\/\/i0.wp.com\/noticiasribeiraopreto.com.br\/wp-content\/uploads\/2025\/02\/WhatsApp-Image-2025-02-24-at-08.33.09_2025-02-24_11-54-54_jpeg_2025-02-24_11-54-54.webp.webp?fit=1200%2C675&ssl=1&resize=1050%2C600 3x"},"classes":[]}],"jetpack_sharing_enabled":true,"jetpack_shortlink":"https:\/\/wp.me\/peQAOb-5a4","_links":{"self":[{"href":"https:\/\/noticiasribeiraopreto.com.br\/index.php\/wp-json\/wp\/v2\/posts\/19844","targetHints":{"allow":["GET"]}}],"collection":[{"href":"https:\/\/noticiasribeiraopreto.com.br\/index.php\/wp-json\/wp\/v2\/posts"}],"about":[{"href":"https:\/\/noticiasribeiraopreto.com.br\/index.php\/wp-json\/wp\/v2\/types\/post"}],"author":[{"embeddable":true,"href":"https:\/\/noticiasribeiraopreto.com.br\/index.php\/wp-json\/wp\/v2\/users\/1"}],"replies":[{"embeddable":true,"href":"https:\/\/noticiasribeiraopreto.com.br\/index.php\/wp-json\/wp\/v2\/comments?post=19844"}],"version-history":[{"count":0,"href":"https:\/\/noticiasribeiraopreto.com.br\/index.php\/wp-json\/wp\/v2\/posts\/19844\/revisions"}],"wp:featuredmedia":[{"embeddable":true,"href":"https:\/\/noticiasribeiraopreto.com.br\/index.php\/wp-json\/wp\/v2\/media\/19845"}],"wp:attachment":[{"href":"https:\/\/noticiasribeiraopreto.com.br\/index.php\/wp-json\/wp\/v2\/media?parent=19844"}],"wp:term":[{"taxonomy":"category","embeddable":true,"href":"https:\/\/noticiasribeiraopreto.com.br\/index.php\/wp-json\/wp\/v2\/categories?post=19844"},{"taxonomy":"post_tag","embeddable":true,"href":"https:\/\/noticiasribeiraopreto.com.br\/index.php\/wp-json\/wp\/v2\/tags?post=19844"}],"curies":[{"name":"wp","href":"https:\/\/api.w.org\/{rel}","templated":true}]}}