{"id":19846,"date":"2023-12-23T12:48:34","date_gmt":"2023-12-23T15:48:34","guid":{"rendered":"https:\/\/noticiasribeiraopreto.com.br\/index.php\/2023\/12\/23\/nio-anuncia-lancamento-de-seda-eletrico-que-percorre-incriveis-1-044-km-sem-recarregar\/"},"modified":"2023-12-23T12:48:34","modified_gmt":"2023-12-23T15:48:34","slug":"nio-anuncia-lancamento-de-seda-eletrico-que-percorre-incriveis-1-044-km-sem-recarregar","status":"publish","type":"post","link":"https:\/\/noticiasribeiraopreto.com.br\/index.php\/2023\/12\/23\/nio-anuncia-lancamento-de-seda-eletrico-que-percorre-incriveis-1-044-km-sem-recarregar\/","title":{"rendered":"NIO anuncia lan\u00e7amento de sed\u00e3 el\u00e9trico que percorre incr\u00edveis 1.044 km sem recarregar"},"content":{"rendered":"<div class='code-block code-block-1' style='margin: 8px 0 8px auto; text-align: right; display: block; clear: both;'>\n<p><a href=\"https:\/\/wa.link\/vpicfd\"><img data-recalc-dims=\"1\" class=\"wp-image-4922\" style=\"aspect-ratio: 2.0253164556962027; width: 561px; height: auto;\" src=\"https:\/\/i0.wp.com\/ismaelcolosi.com.br\/wp-content\/uploads\/2023\/11\/grupo-de-empregos-whatsapp-e-facebook-ismael-colosi-vagas.jpg?ssl=1\" alt=\"\" \/><\/a><\/p>\n<!-- \/wp:image -->\n<\/div>\n<p> <br \/>\n<\/p>\n<div>\n<figure><picture><source srcset=\"https:\/\/clickpetroleoegas.com.br\/wp-content\/uploads\/2023\/12\/NIO-anuncia-lancamento-de-seda-eletrico-que-percorre-incriveis-1.044-km-sem-recarregar-830x450.jpg.webp\" type=\"image\/webp\"><img data-recalc-dims=\"1\" loading=\"lazy\" width=\"830\" height=\"450\" src=\"https:\/\/i0.wp.com\/clickpetroleoegas.com.br\/wp-content\/uploads\/2023\/12\/NIO-anuncia-lancamento-de-seda-eletrico-que-percorre-incriveis-1.044-km-sem-recarregar-830x450.jpg?resize=830%2C450&#038;ssl=1\" class=\"fdnw-post-thumbnail fdnw-first-card-thumbnail wp-post-image\" alt=\"NIO anuncia lan\u00e7amento de sed\u00e3 el\u00e9trico que percorre incr\u00edveis 1.044 km sem recarregar\" decoding=\"async\" data-eio=\"p\"\/><\/source><\/picture><figcaption class=\"fdnw-image-caption\">Foto: NIO\/Divulga\u00e7\u00e3o<\/figcaption><\/figure>\n<p>A autonomia continua sendo um dos maiores desafios para os carros el\u00e9tricos. Em resposta a isso, fabricantes inovadoras, como a <strong>startup chinesa NIO<\/strong>, est\u00e3o focadas no desenvolvimento de tecnologias de bateria mais avan\u00e7adas e eficientes. Essas novas baterias visam proporcionar maior autonomia, melhorando significativamente a experi\u00eancia de condu\u00e7\u00e3o em viagens longas, justamente a nova proposta do sed\u00e3 el\u00e9trico NIO ET7.<\/p>\n<h2 class=\"wp-block-heading\" id=\"h-novo-seda-eletrico-da-nio-entrega-uma-autonomia-de-1-044-km\"><strong>Novo sed\u00e3 el\u00e9trico da NIO entrega uma autonomia de 1.044 km<\/strong><\/h2>\n<figure class=\"wp-block-embed is-type-video is-provider-youtube wp-block-embed-youtube wp-embed-aspect-16-9 wp-has-aspect-ratio\">\n<p><noscript><iframe loading=\"lazy\" title=\"NIO ET7: CARRO EL\u00c9TRICO COM 1000 KM DE AUTONOMIA QUE VAI MUDAR O JOGO!\" width=\"500\" height=\"281\" src=\"https:\/\/www.youtube.com\/embed\/0Wk9aABe6dA?feature=oembed\" frameborder=\"0\" allow=\"accelerometer; autoplay; clipboard-write; encrypted-media; gyroscope; picture-in-picture; web-share\" referrerpolicy=\"strict-origin-when-cross-origin\" allowfullscreen><\/iframe><\/noscript><\/p>\n<\/figure>\n<p>Recentemente, William Li, cofundador e CEO da NIO, junto com a copiloto, fez uma viagem para testar pessoalmente a nova bateria de estado semiss\u00f3lido (SSB) de 150 kWh desenvolvida pela tamb\u00e9m chinesa WeLion. <\/p>\n<p> <span class=\"fdnw-card-article-related\"> <span class=\"h4 fdnw-card-article-related-title\">Artigos recomendados<\/span> <\/span> <\/p>\n<p>O executivo dirigiu um sed\u00e3 NIO ET7 atingindo um rendimento de 1.044 km sem parar para recarregar, <strong>finalizando o trajeto com 3% de carga restante da bateria.<\/strong> De acordo com dados do site <a href=\"https:\/\/carnewschina.com\" target=\"_blank\" rel=\"noreferrer noopener nofollow\" class=\"external\">CarNewsChina<\/a>, a viagem de 14 horas com o sed\u00e3 el\u00e9trico da NIO foi transmitida ao vivo online, come\u00e7ando na manh\u00e3 de domingo, \u00e0s 6h32, na esta\u00e7\u00e3o de troca de baterias (PSS) em Xangai, chegando ao destino pr\u00f3ximo de Xiamen.<\/p>\n<p>Em 92% do tempo o sed\u00e3 el\u00e9trico da NIO rodou pelo Navigate-on-Pilot+ (NOP+), o sistema de condu\u00e7\u00e3o aut\u00f4noma da NIO, com velocidade m\u00e1xima limitada a 90 km\/h. No relat\u00f3rio final, o tempo de viagem, sem levar em conta as paradas, foi de 12,4 horas, com velocidade m\u00e9dia de 84,9 km\/h, consumo de energia de 13,2 kWh\/100 km e a temperatura ficou entre -2\u00b0C e 12\u00b0C. <\/p>\n<p>A fabricante de bateria WeLion desenvolveu a SSB de 150 kWh que foi anunciada h\u00e1 quase 3 anos no NIODay, realizado em janeiro de 2021, quando o primeiro sed\u00e3 el\u00e9trico da NIO, o ET7, foi lan\u00e7ado.<\/p>\n<h2 class=\"wp-block-heading\" id=\"h-nova-bateria-de-estado-semissolido-custa-algo-em-torno-de-us-40-mil\"><strong>Nova bateria de estado semiss\u00f3lido custa algo em torno de US$ 40 mil<\/strong><\/h2>\n<p>Em configura\u00e7\u00e3o cell-to-pack (bateria de c\u00e9lula \u00fanica), a bateria instalada no sed\u00e3 el\u00e9trico da NIO conta com uma densidade energ\u00e9tica de 360 Wh\/kfg, enquanto o pacote inteiro conta com uma densidade de 260 Wh\/kg.<strong> A NIO declara um sistema de refrigera\u00e7\u00e3o seis vezes mais forte do que as baterias de carros el\u00e9tricos convencionais.<\/strong><\/p>\n<figure class=\"wp-block-image size-full\"><img data-recalc-dims=\"1\" loading=\"lazy\" decoding=\"async\" width=\"1157\" height=\"720\" http=\"\" alt=\"NIO anuncia lan\u00e7amento de sed\u00e3 el\u00e9trico que percorre incr\u00edveis 1.044 km sem recarregar\" class=\"wp-image-113003 ewww_webp_lazy_load\" srcset=\"https:\/\/clickpetroleoegas.com.br\/wp-content\/uploads\/2023\/12\/et7-performance-range-hero-desktop.jpg 1157w, https:\/\/clickpetroleoegas.com.br\/wp-content\/uploads\/2023\/12\/et7-performance-range-hero-desktop-768x478.jpg 768w, https:\/\/clickpetroleoegas.com.br\/wp-content\/uploads\/2023\/12\/et7-performance-range-hero-desktop-222x137.jpg 222w, https:\/\/clickpetroleoegas.com.br\/wp-content\/uploads\/2023\/12\/et7-performance-range-hero-desktop-150x93.jpg 150w\" data-lazy-sizes=\"(max-width: 1157px) 100vw, 1157px\" src=\"https:\/\/i0.wp.com\/clickpetroleoegas.com.br\/wp-content\/uploads\/2023\/12\/et7-performance-range-hero-desktop.jpg?resize=1157%2C720&#038;ssl=1\" src-webp=\"https:\/\/clickpetroleoegas.com.br\/wp-content\/uploads\/2023\/12\/et7-performance-range-hero-desktop.jpg.webp\" srcset-webp=\"https:\/\/clickpetroleoegas.com.br\/wp-content\/uploads\/2023\/12\/et7-performance-range-hero-desktop.jpg.webp 1157w, https:\/\/clickpetroleoegas.com.br\/wp-content\/uploads\/2023\/12\/et7-performance-range-hero-desktop-768x478.jpg.webp 768w, https:\/\/clickpetroleoegas.com.br\/wp-content\/uploads\/2023\/12\/et7-performance-range-hero-desktop-222x137.jpg.webp 222w, https:\/\/clickpetroleoegas.com.br\/wp-content\/uploads\/2023\/12\/et7-performance-range-hero-desktop-150x93.jpg.webp 150w\"\/><noscript><img data-recalc-dims=\"1\" loading=\"lazy\" decoding=\"async\" width=\"1157\" height=\"720\" src=\"https:\/\/i0.wp.com\/clickpetroleoegas.com.br\/wp-content\/uploads\/2023\/12\/et7-performance-range-hero-desktop.jpg?resize=1157%2C720&#038;ssl=1\" alt=\"NIO anuncia lan\u00e7amento de sed\u00e3 el\u00e9trico que percorre incr\u00edveis 1.044 km sem recarregar\" class=\"wp-image-113003\" srcset=\"https:\/\/clickpetroleoegas.com.br\/wp-content\/uploads\/2023\/12\/et7-performance-range-hero-desktop.jpg 1157w, https:\/\/clickpetroleoegas.com.br\/wp-content\/uploads\/2023\/12\/et7-performance-range-hero-desktop-768x478.jpg 768w, https:\/\/clickpetroleoegas.com.br\/wp-content\/uploads\/2023\/12\/et7-performance-range-hero-desktop-222x137.jpg 222w, https:\/\/clickpetroleoegas.com.br\/wp-content\/uploads\/2023\/12\/et7-performance-range-hero-desktop-150x93.jpg 150w\" sizes=\"auto, (max-width: 1157px) 100vw, 1157px\"\/><\/noscript><figcaption class=\"wp-element-caption\">Foto: NIO\/Divulga\u00e7\u00e3o<\/figcaption><\/figure>\n<p>O pacote completo de 150 kWh mede 2.062 mm de comprimento, 1,539 mm de largura e 186 mm de altura, pesando 575 kg, exatamente 20 kg a mais do que o pacote atual de 100 kWh da NIO. Segundo a montadora chinesa, a produ\u00e7\u00e3o em s\u00e9rie desta <a href=\"https:\/\/clickpetroleoegas.com.br\/armazenamento-de-energia-solar-e-eolica-baterias-megapack-da-tesla-podem-ser-a-solucao-tao-aguardada\/\" target=\"_blank\" rel=\"noreferrer noopener\">nova bateria<\/a> come\u00e7ar\u00e1 em abril do pr\u00f3ximo ano, entretanto, ela custar\u00e1 mais caro, a estimativa \u00e9 de algo em torno de US$ 40 mil.<\/p>\n<p>Em novembro a NIO e a Geely assinaram um acordo de coopera\u00e7\u00e3o relativo ao segmento de troca de baterias para ve\u00edculos el\u00e9tricos em Hangzhou. Antes disso, a holding, dona da marca Volvo, entre outras montadoras, anunciou a\u00a0 meta de 5 mil esta\u00e7\u00f5es de troca de bateria at\u00e9 2025. <\/p>\n<p>Com foco em ampliar este tipo de servi\u00e7o, que recebe o nome de BaaS, a colabora\u00e7\u00e3o trabalhar\u00e1 no desenvolvimento de padr\u00f5es de troca de bateria, promo\u00e7\u00e3o e constru\u00e7\u00e3o das esta\u00e7\u00f5es propriamente ditas. Recentemente a NIO tamb\u00e9m fechou um acordo com a estatal Changan.<\/p>\n<p>Futuramente, as esta\u00e7\u00f5es de troca de baterias da NIO n\u00e3o servir\u00e3o apenas para modelos de passageiros de v\u00e1rias marcas, como NIO, Changan e <a href=\"https:\/\/clickpetroleoegas.com.br\/carro-eletrico-da-geely-pega-fogo-no-meio-da-rua-na-china\/\" target=\"_blank\" rel=\"noreferrer noopener\">Geely<\/a>, mas tamb\u00e9m servir\u00e3o para ve\u00edculos comerciais, e as esta\u00e7\u00f5es de troca de bateria se tornar\u00e3o infraestrutura p\u00fablica na era dos carros el\u00e9tricos inteligentes. <\/p>\n<p>Simultaneamente, com o apoio de v\u00e1rias empresas, a troca de baterias se tornar\u00e1 o principal modo de reabastecimento de energia na ind\u00fastria, a experi\u00eancia de reabastecimento de energia dos usu\u00e1rios de el\u00e9tricos ser\u00e1 aprimorada e a esta\u00e7\u00e3o de troca de bateria promete ser mais eficiente.<\/p>\n<div class=\"code-block code-block-10\" style=\"margin: 8px auto; text-align: center; display: block; clear: both;\">\n<hr class=\"wp-block-separator has-alpha-channel-opacity is-style-wide\"\/>\n<p>Voc\u00ea quer receber apenas not\u00edcias e vagas de emprego do seu interesse? A solu\u00e7\u00e3o chegou atrav\u00e9s do app <a href=\"https:\/\/play.google.com\/store\/apps\/details?id=com.clickpetroleoapp&amp;hl=pt&amp;gl=US\" class=\"external\" rel=\"nofollow noopener\" target=\"_blank\"><strong>CPG VAGAS E NOT\u00cdCIAS!<\/strong><\/a> Se voc\u00ea \u00e9 pintor, vai receber no seu celular apenas oportunidades neste cargo. E ser\u00e1 assim com pedreiro, t\u00e9cnico, engenheiro e etc\u2026.. N\u00e3o perca nada do que acontece no mercado de trabalho e econ\u00f4mico do Brasil, baixe agora o app <a href=\"https:\/\/play.google.com\/store\/apps\/details?id=com.clickpetroleoapp&amp;hl=pt&amp;gl=US\" class=\"external\" rel=\"nofollow noopener\" target=\"_blank\">CPG VAGAS E NOT\u00cdCIAS, dispon\u00edvel para Android e IOS!<\/a><\/p>\n<figure class=\"wp-block-image aligncenter size-full\"><a href=\"https:\/\/play.google.com\/store\/apps\/details?id=com.clickpetroleoapp&amp;hl=pt&amp;gl=US\" target=\"_blank\" rel=\"noreferrer noopener nofollow\" class=\"external\"><img data-recalc-dims=\"1\" loading=\"lazy\" decoding=\"async\" width=\"1280\" height=\"387\" http=\"\" alt=\"APP CPG VAGAS E NOT\u00cdCIAS\" class=\"wp-image-105306 ewww_webp_lazy_load\" src=\"https:\/\/i0.wp.com\/clickpetroleoegas.com.br\/wp-content\/uploads\/2023\/09\/Aplicativo-de-vagas-de-empregos-e-noticias-da-sua-regiao.jpg?resize=1280%2C387&#038;ssl=1\" src-webp=\"https:\/\/clickpetroleoegas.com.br\/wp-content\/uploads\/2023\/09\/Aplicativo-de-vagas-de-empregos-e-noticias-da-sua-regiao.jpg.webp\"\/><noscript><img data-recalc-dims=\"1\" loading=\"lazy\" decoding=\"async\" width=\"1280\" height=\"387\" src=\"https:\/\/i0.wp.com\/clickpetroleoegas.com.br\/wp-content\/uploads\/2023\/09\/Aplicativo-de-vagas-de-empregos-e-noticias-da-sua-regiao.jpg?resize=1280%2C387&#038;ssl=1\" alt=\"APP CPG VAGAS E NOT\u00cdCIAS\" class=\"wp-image-105306\"\/><\/noscript><\/a><\/figure>\n<\/p><\/div>\n<\/p><\/div>\n<p><script type=\"text\/plain\" data-service=\"facebook\" data-category=\"marketing\">\n!function(f,b,e,v,n,t,s)\n{if(f.fbq)return;n=f.fbq=function(){n.callMethod?\nn.callMethod.apply(n,arguments):n.queue.push(arguments)};\nif(!f._fbq)f._fbq=n;n.push=n;n.loaded=!0;n.version='2.0';\nn.queue=[];t=b.createElement(e);t.async=!0;\nt.src=v;s=b.getElementsByTagName(e)[0];\ns.parentNode.insertBefore(t,s)}(window, document,'script',\n'https:\/\/connect.facebook.net\/en_US\/fbevents.js');\nfbq('init', '5536651029690406');\nfbq('track', 'PageView');\n<\/script><script type=\"text\/plain\" data-service=\"facebook\" data-category=\"marketing\" async defer crossorigin=\"anonymous\" data-rocket-data-cmplz-src=\"https:\/\/connect.facebook.net\/en_US\/sdk.js#xfbml=1&#038;version=v12.0&amp;appId=1127332727839552&#038;autoLogAppEvents=1\">\n<\/script><br \/>\n<br \/><br \/>\n<br \/><a href=\"https:\/\/ismaelcolosi.com.br\/nio-anuncia-lancamento-de-seda-eletrico-que-percorre-incriveis-1-044-km-sem-recarregar\/\">Source link <\/a><\/p>\n<!-- CONTENT END 1 -->\n","protected":false},"excerpt":{"rendered":"<p>Foto: NIO\/Divulga\u00e7\u00e3o A autonomia continua sendo um dos maiores desafios para os carros el\u00e9tricos. Em resposta a isso, fabricantes inovadoras, como a startup chinesa NIO,&#8230;<\/p>\n","protected":false},"author":1,"featured_media":19847,"comment_status":"open","ping_status":"open","sticky":false,"template":"","format":"standard","meta":{"advanced_seo_description":"","jetpack_seo_html_title":"","jetpack_seo_noindex":false,"jetpack_post_was_ever_published":false,"_jetpack_newsletter_access":"","_jetpack_dont_email_post_to_subs":false,"_jetpack_newsletter_tier_id":0,"_jetpack_memberships_contains_paywalled_content":false,"_jetpack_memberships_contains_paid_content":false,"footnotes":"","jetpack_publicize_message":"","jetpack_publicize_feature_enabled":true,"jetpack_social_post_already_shared":true,"jetpack_social_options":{"image_generator_settings":{"template":"highway","default_image_id":0,"font":"","enabled":false},"version":2}},"categories":[7],"tags":[],"class_list":["post-19846","post","type-post","status-publish","format-standard","has-post-thumbnail","hentry","category-vagas-de-empregos-em-ribeirao-preto-regiao-brasil"],"jetpack_publicize_connections":[],"jetpack_featured_media_url":"https:\/\/i0.wp.com\/noticiasribeiraopreto.com.br\/wp-content\/uploads\/2023\/12\/NIO-anuncia-lancamento-de-seda-eletrico-que-percorre-incriveis-1.044-km-sem-recarregar-830x450.jpg?fit=830%2C450&ssl=1","jetpack-related-posts":[{"id":28220,"url":"https:\/\/noticiasribeiraopreto.com.br\/index.php\/2024\/01\/15\/lancamentos-2024-os-carros-eletricos-e-hibridos-que-chegam-ao-pais-neste-ano\/","url_meta":{"origin":19846,"position":0},"title":"Lan\u00e7amentos 2024: Os carros el\u00e9tricos e h\u00edbridos que chegam ao pa\u00eds neste ano","author":"noticiasribeiraopreto.com.br","date":"15 de January de 2024","format":false,"excerpt":"Na segunda parte da s\u00e9rie especial do Seu Dinheiro sobre os lan\u00e7amentos no mercado brasileiro em 2024, chegou a vez dos carros el\u00e9tricos e h\u00edbridos. Com destaque para a BYD, as marcas chinesas chegam com for\u00e7a. Mas as montadoras tradicionais como Fiat e GM tamb\u00e9m pretendem avan\u00e7ar nesse mercado. Destaque\u2026","rel":"","context":"In &quot;Dinheiro e Investimento&quot;","block_context":{"text":"Dinheiro e Investimento","link":"https:\/\/noticiasribeiraopreto.com.br\/index.php\/category\/dinheiro-e-investimento-como-fazer-como-ganhar\/"},"img":{"alt_text":"","src":"https:\/\/i0.wp.com\/noticiasribeiraopreto.com.br\/wp-content\/uploads\/2024\/01\/Kia-EV9-foto-Kia-715x402.jpg?fit=715%2C402&ssl=1&resize=350%2C200","width":350,"height":200,"srcset":"https:\/\/i0.wp.com\/noticiasribeiraopreto.com.br\/wp-content\/uploads\/2024\/01\/Kia-EV9-foto-Kia-715x402.jpg?fit=715%2C402&ssl=1&resize=350%2C200 1x, https:\/\/i0.wp.com\/noticiasribeiraopreto.com.br\/wp-content\/uploads\/2024\/01\/Kia-EV9-foto-Kia-715x402.jpg?fit=715%2C402&ssl=1&resize=525%2C300 1.5x, https:\/\/i0.wp.com\/noticiasribeiraopreto.com.br\/wp-content\/uploads\/2024\/01\/Kia-EV9-foto-Kia-715x402.jpg?fit=715%2C402&ssl=1&resize=700%2C400 2x"},"classes":[]},{"id":12675,"url":"https:\/\/noticiasribeiraopreto.com.br\/index.php\/2023\/12\/08\/reveladas-imagens-de-patente-do-eletrico-renault-5-e-tech-confira-o-visual-do-modelo-de-producao\/","url_meta":{"origin":19846,"position":1},"title":"Reveladas imagens de patente do el\u00e9trico Renault 5 E-Tech: confira o visual do modelo de produ\u00e7\u00e3o.","author":"noticiasribeiraopreto.com.br","date":"8 de December de 2023","format":false,"excerpt":"renault 5 etech eletrico imagens patente \u2013 Todos os direitos: CanalTech Renault 5 E-Tech pronto para produ\u00e7\u00e3o revelado em imagens de patentes antes da estreia no Sal\u00e3o de Genebra 2024. Maior densidade de energia, design retro-moderno e ve\u00edculo el\u00e9trico. O Renault 5 E-Tech est\u00e1 pronto para a produ\u00e7\u00e3o e teve\u2026","rel":"","context":"In &quot;Vagas de Emprego em Ribeir\u00e3o Preto-SP&quot;","block_context":{"text":"Vagas de Emprego em Ribeir\u00e3o Preto-SP","link":"https:\/\/noticiasribeiraopreto.com.br\/index.php\/category\/empregos-classificados-vagas-trabalho\/vagas-de-empregos-em-ribeirao-preto-regiao-brasil\/"},"img":{"alt_text":"","src":"https:\/\/i0.wp.com\/noticiasribeiraopreto.com.br\/wp-content\/uploads\/2023\/12\/reveladas-imagens-de-patente-do-eletrico-renault-5-etech-confira-o-visual-do-modelo-de-producao-830x450.jpg?fit=830%2C450&ssl=1&resize=350%2C200","width":350,"height":200,"srcset":"https:\/\/i0.wp.com\/noticiasribeiraopreto.com.br\/wp-content\/uploads\/2023\/12\/reveladas-imagens-de-patente-do-eletrico-renault-5-etech-confira-o-visual-do-modelo-de-producao-830x450.jpg?fit=830%2C450&ssl=1&resize=350%2C200 1x, https:\/\/i0.wp.com\/noticiasribeiraopreto.com.br\/wp-content\/uploads\/2023\/12\/reveladas-imagens-de-patente-do-eletrico-renault-5-etech-confira-o-visual-do-modelo-de-producao-830x450.jpg?fit=830%2C450&ssl=1&resize=525%2C300 1.5x, https:\/\/i0.wp.com\/noticiasribeiraopreto.com.br\/wp-content\/uploads\/2023\/12\/reveladas-imagens-de-patente-do-eletrico-renault-5-etech-confira-o-visual-do-modelo-de-producao-830x450.jpg?fit=830%2C450&ssl=1&resize=700%2C400 2x"},"classes":[]},{"id":13068,"url":"https:\/\/noticiasribeiraopreto.com.br\/index.php\/2023\/12\/09\/baterias-de-litio-elemento-crucial-para-a-producao-de-baterias-de-carros-eletricos-esta-no-epicentro-da-transicao-energetica-global\/","url_meta":{"origin":19846,"position":2},"title":"Baterias de l\u00edtio, elemento crucial para a produ\u00e7\u00e3o de baterias de carros el\u00e9tricos, est\u00e1 no epicentro da transi\u00e7\u00e3o energ\u00e9tica global","author":"noticiasribeiraopreto.com.br","date":"9 de December de 2023","format":false,"excerpt":"Baterias de l\u00edtio, a corrida global e seus desafios (Imagem \/ Divulga\u00e7\u00e3o) Uma pesquisa recente do Financial Times explora a jornada do l\u00edtio, desde o Chile at\u00e9 a Inglaterra e a Noruega, abordando duas quest\u00f5es cr\u00edticas: a capacidade de aumentar a produ\u00e7\u00e3o para atender \u00e0 demanda crescente e a minimiza\u00e7\u00e3o\u2026","rel":"","context":"In &quot;Vagas de Emprego em Ribeir\u00e3o Preto-SP&quot;","block_context":{"text":"Vagas de Emprego em Ribeir\u00e3o Preto-SP","link":"https:\/\/noticiasribeiraopreto.com.br\/index.php\/category\/empregos-classificados-vagas-trabalho\/vagas-de-empregos-em-ribeirao-preto-regiao-brasil\/"},"img":{"alt_text":"","src":"https:\/\/i0.wp.com\/noticiasribeiraopreto.com.br\/wp-content\/uploads\/2023\/12\/Baterias-de-litio-elemento-crucial-para-a-producao-de-baterias-de-carros-eletricos-esta-no-epicentro-da-transicao-energetica-global-830x450.jpg?fit=830%2C450&ssl=1&resize=350%2C200","width":350,"height":200,"srcset":"https:\/\/i0.wp.com\/noticiasribeiraopreto.com.br\/wp-content\/uploads\/2023\/12\/Baterias-de-litio-elemento-crucial-para-a-producao-de-baterias-de-carros-eletricos-esta-no-epicentro-da-transicao-energetica-global-830x450.jpg?fit=830%2C450&ssl=1&resize=350%2C200 1x, https:\/\/i0.wp.com\/noticiasribeiraopreto.com.br\/wp-content\/uploads\/2023\/12\/Baterias-de-litio-elemento-crucial-para-a-producao-de-baterias-de-carros-eletricos-esta-no-epicentro-da-transicao-energetica-global-830x450.jpg?fit=830%2C450&ssl=1&resize=525%2C300 1.5x, https:\/\/i0.wp.com\/noticiasribeiraopreto.com.br\/wp-content\/uploads\/2023\/12\/Baterias-de-litio-elemento-crucial-para-a-producao-de-baterias-de-carros-eletricos-esta-no-epicentro-da-transicao-energetica-global-830x450.jpg?fit=830%2C450&ssl=1&resize=700%2C400 2x"},"classes":[]},{"id":34316,"url":"https:\/\/noticiasribeiraopreto.com.br\/index.php\/2024\/02\/01\/chineses-querem-demolir-a-tesla-e-elon-mush-contra-ataca\/","url_meta":{"origin":19846,"position":3},"title":"Chineses querem demolir a Tesla e Elon Mush contra-ataca","author":"noticiasribeiraopreto.com.br","date":"1 de February de 2024","format":false,"excerpt":"Quando divulgou os \u00faltimos resultados trimestrais da Tesla, no m\u00eas passado, Elon Musk reconheceu que as fabricantes chinesas ir\u00e3o demolir as rivais do setor automobil\u00edstico. Na ocasi\u00e3o, o bilion\u00e1rio defendeu a aplica\u00e7\u00e3o de barreiras comerciais para proteger seu pr\u00f3prio neg\u00f3cio.\u00a0 \u201cHonestamente, eu acho que se n\u00e3o forem estabelecidas barreiras comerciais,\u2026","rel":"","context":"In &quot;Dinheiro e Investimento&quot;","block_context":{"text":"Dinheiro e Investimento","link":"https:\/\/noticiasribeiraopreto.com.br\/index.php\/category\/dinheiro-e-investimento-como-fazer-como-ganhar\/"},"img":{"alt_text":"","src":"https:\/\/i0.wp.com\/noticiasribeiraopreto.com.br\/wp-content\/uploads\/2024\/02\/elon-musk-china-bitcoin-CAPA-SD-1-715x402.jpg?fit=715%2C402&ssl=1&resize=350%2C200","width":350,"height":200,"srcset":"https:\/\/i0.wp.com\/noticiasribeiraopreto.com.br\/wp-content\/uploads\/2024\/02\/elon-musk-china-bitcoin-CAPA-SD-1-715x402.jpg?fit=715%2C402&ssl=1&resize=350%2C200 1x, https:\/\/i0.wp.com\/noticiasribeiraopreto.com.br\/wp-content\/uploads\/2024\/02\/elon-musk-china-bitcoin-CAPA-SD-1-715x402.jpg?fit=715%2C402&ssl=1&resize=525%2C300 1.5x, https:\/\/i0.wp.com\/noticiasribeiraopreto.com.br\/wp-content\/uploads\/2024\/02\/elon-musk-china-bitcoin-CAPA-SD-1-715x402.jpg?fit=715%2C402&ssl=1&resize=700%2C400 2x"},"classes":[]},{"id":20605,"url":"https:\/\/noticiasribeiraopreto.com.br\/index.php\/2023\/12\/26\/como-fugir-da-conta-de-luz-o-calculo-de-baterias-para-sistemas-off-grid-de-energia-solar\/","url_meta":{"origin":19846,"position":4},"title":"Como fugir da conta de luz? O c\u00e1lculo de baterias para sistemas off-grid de energia solar","author":"noticiasribeiraopreto.com.br","date":"26 de December de 2023","format":false,"excerpt":"Foto: Divulga\u00e7\u00e3o\/Energia solar Descubra quantas baterias s\u00e3o necess\u00e1rias para manter uma casa totalmente alimentada por energia solar e independente da rede el\u00e9trica. A busca pela autonomia energ\u00e9tica, especialmente atrav\u00e9s de sistemas off-grid de energia solar, tem crescido significativamente. Com a possibilidade de armazenar a energia solar em baterias, muitos se\u2026","rel":"","context":"In &quot;Vagas de Emprego em Ribeir\u00e3o Preto-SP&quot;","block_context":{"text":"Vagas de Emprego em Ribeir\u00e3o Preto-SP","link":"https:\/\/noticiasribeiraopreto.com.br\/index.php\/category\/empregos-classificados-vagas-trabalho\/vagas-de-empregos-em-ribeirao-preto-regiao-brasil\/"},"img":{"alt_text":"","src":"https:\/\/i0.wp.com\/noticiasribeiraopreto.com.br\/wp-content\/uploads\/2023\/12\/Como-fugir-da-conta-de-luz-O-calculo-de-baterias-para-sistemas-off-grid-de-energia-solar-830x450.jpg?fit=830%2C450&ssl=1&resize=350%2C200","width":350,"height":200,"srcset":"https:\/\/i0.wp.com\/noticiasribeiraopreto.com.br\/wp-content\/uploads\/2023\/12\/Como-fugir-da-conta-de-luz-O-calculo-de-baterias-para-sistemas-off-grid-de-energia-solar-830x450.jpg?fit=830%2C450&ssl=1&resize=350%2C200 1x, https:\/\/i0.wp.com\/noticiasribeiraopreto.com.br\/wp-content\/uploads\/2023\/12\/Como-fugir-da-conta-de-luz-O-calculo-de-baterias-para-sistemas-off-grid-de-energia-solar-830x450.jpg?fit=830%2C450&ssl=1&resize=525%2C300 1.5x, https:\/\/i0.wp.com\/noticiasribeiraopreto.com.br\/wp-content\/uploads\/2023\/12\/Como-fugir-da-conta-de-luz-O-calculo-de-baterias-para-sistemas-off-grid-de-energia-solar-830x450.jpg?fit=830%2C450&ssl=1&resize=700%2C400 2x"},"classes":[]},{"id":12435,"url":"https:\/\/noticiasribeiraopreto.com.br\/index.php\/2023\/12\/08\/peugeot-e-2008-o-suv-eletrico-mais-acessivel-do-brasil-agora-por-r-159-990\/","url_meta":{"origin":19846,"position":5},"title":"Peugeot e-2008: O SUV el\u00e9trico mais acess\u00edvel do Brasil agora por R$ 159.990","author":"noticiasribeiraopreto.com.br","date":"8 de December de 2023","format":false,"excerpt":"Element not found \u2013 Todos os direitos: CanalTech A Peugeot est\u00e1 com uma promo\u00e7\u00e3o imperd\u00edvel para o SUV el\u00e9trico Peugeot e-2008. Durante todo o m\u00eas de dezembro, \u00e9 poss\u00edvel adquirir o ve\u00edculo eletrificado por apenas R$ 159.990, tanto nas concession\u00e1rias quanto nos canais digitais da marca, com a possibilidade de\u2026","rel":"","context":"In &quot;Vagas de Emprego em Ribeir\u00e3o Preto-SP&quot;","block_context":{"text":"Vagas de Emprego em Ribeir\u00e3o Preto-SP","link":"https:\/\/noticiasribeiraopreto.com.br\/index.php\/category\/empregos-classificados-vagas-trabalho\/vagas-de-empregos-em-ribeirao-preto-regiao-brasil\/"},"img":{"alt_text":"","src":"https:\/\/i0.wp.com\/noticiasribeiraopreto.com.br\/wp-content\/uploads\/2023\/12\/peugeot-e2008-o-suv-eletrico-mais-acessivel-do-brasil-agora-por-r-159990-830x450.jpg?fit=830%2C450&ssl=1&resize=350%2C200","width":350,"height":200,"srcset":"https:\/\/i0.wp.com\/noticiasribeiraopreto.com.br\/wp-content\/uploads\/2023\/12\/peugeot-e2008-o-suv-eletrico-mais-acessivel-do-brasil-agora-por-r-159990-830x450.jpg?fit=830%2C450&ssl=1&resize=350%2C200 1x, https:\/\/i0.wp.com\/noticiasribeiraopreto.com.br\/wp-content\/uploads\/2023\/12\/peugeot-e2008-o-suv-eletrico-mais-acessivel-do-brasil-agora-por-r-159990-830x450.jpg?fit=830%2C450&ssl=1&resize=525%2C300 1.5x, https:\/\/i0.wp.com\/noticiasribeiraopreto.com.br\/wp-content\/uploads\/2023\/12\/peugeot-e2008-o-suv-eletrico-mais-acessivel-do-brasil-agora-por-r-159990-830x450.jpg?fit=830%2C450&ssl=1&resize=700%2C400 2x"},"classes":[]}],"jetpack_sharing_enabled":true,"jetpack_shortlink":"https:\/\/wp.me\/peQAOb-5a6","_links":{"self":[{"href":"https:\/\/noticiasribeiraopreto.com.br\/index.php\/wp-json\/wp\/v2\/posts\/19846","targetHints":{"allow":["GET"]}}],"collection":[{"href":"https:\/\/noticiasribeiraopreto.com.br\/index.php\/wp-json\/wp\/v2\/posts"}],"about":[{"href":"https:\/\/noticiasribeiraopreto.com.br\/index.php\/wp-json\/wp\/v2\/types\/post"}],"author":[{"embeddable":true,"href":"https:\/\/noticiasribeiraopreto.com.br\/index.php\/wp-json\/wp\/v2\/users\/1"}],"replies":[{"embeddable":true,"href":"https:\/\/noticiasribeiraopreto.com.br\/index.php\/wp-json\/wp\/v2\/comments?post=19846"}],"version-history":[{"count":0,"href":"https:\/\/noticiasribeiraopreto.com.br\/index.php\/wp-json\/wp\/v2\/posts\/19846\/revisions"}],"wp:featuredmedia":[{"embeddable":true,"href":"https:\/\/noticiasribeiraopreto.com.br\/index.php\/wp-json\/wp\/v2\/media\/19847"}],"wp:attachment":[{"href":"https:\/\/noticiasribeiraopreto.com.br\/index.php\/wp-json\/wp\/v2\/media?parent=19846"}],"wp:term":[{"taxonomy":"category","embeddable":true,"href":"https:\/\/noticiasribeiraopreto.com.br\/index.php\/wp-json\/wp\/v2\/categories?post=19846"},{"taxonomy":"post_tag","embeddable":true,"href":"https:\/\/noticiasribeiraopreto.com.br\/index.php\/wp-json\/wp\/v2\/tags?post=19846"}],"curies":[{"name":"wp","href":"https:\/\/api.w.org\/{rel}","templated":true}]}}