{"id":19848,"date":"2023-12-23T13:01:39","date_gmt":"2023-12-23T16:01:39","guid":{"rendered":"https:\/\/noticiasribeiraopreto.com.br\/index.php\/2023\/12\/23\/barbosa-supermercados-contrata-fiscal-de-loja-caixa-e-mais\/"},"modified":"2023-12-23T13:01:39","modified_gmt":"2023-12-23T16:01:39","slug":"barbosa-supermercados-contrata-fiscal-de-loja-caixa-e-mais","status":"publish","type":"post","link":"https:\/\/noticiasribeiraopreto.com.br\/index.php\/2023\/12\/23\/barbosa-supermercados-contrata-fiscal-de-loja-caixa-e-mais\/","title":{"rendered":"Barbosa Supermercados CONTRATA Fiscal de Loja, Caixa e mais!"},"content":{"rendered":"<div class='code-block code-block-1' style='margin: 8px 0 8px auto; text-align: right; display: block; clear: both;'>\n<p><a href=\"https:\/\/wa.link\/vpicfd\"><img data-recalc-dims=\"1\" class=\"wp-image-4922\" style=\"aspect-ratio: 2.0253164556962027; width: 561px; height: auto;\" src=\"https:\/\/i0.wp.com\/ismaelcolosi.com.br\/wp-content\/uploads\/2023\/11\/grupo-de-empregos-whatsapp-e-facebook-ismael-colosi-vagas.jpg?ssl=1\" alt=\"\" \/><\/a><\/p>\n<!-- \/wp:image -->\n<\/div>\n<p> <br \/>\n<\/p>\n<div>\n<div>\n<p>O Barbosa Supermercados, institui\u00e7\u00e3o famosa e refer\u00eancia no setor em que atua, est\u00e1 contratando novos colaboradores para compor o seu time. Isto \u00e9, antes de falar mais sobre a empresa que investe nas pessoas, em inova\u00e7\u00e3o e possui um plano de expans\u00e3o para ser o melhor na arte do <a href=\"https:\/\/noticiasconcursos.com.br\/gigantes-do-varejo-engajados-na-black-friday-tire-proveito-disso\/\">varejo<\/a>, veja a lista de vagas abertas:<\/p>\n<ul>\n<li>FISCAL DE LOJA I \u2013 PREVEN\u00c7\u00c3O DE PERDAS \u2013\u00a0 S\u00e3o Paulo \u2013 SP -Atendimento;<\/li>\n<li>OPERADOR DE LOJA \u2013 PEIXARIA \u2013 \u00a0S\u00e3o Jos\u00e9 dos Campos \u2013 SP \u2013 Atendimento;<\/li>\n<li>OPERADOR DE LOJA \u2013 SALSICHARIA \u2013 S\u00e3o Jos\u00e9 dos Campos \u2013 SP \u2013 Atendimento;<\/li>\n<li>OPERADOR DE LOJA \u2013 A\u00c7OUGUE \u2013 Itapecerica da Serra \u2013 SP \u2013 Atendimento;<\/li>\n<li>OPERADOR (A) DE CAIXA MTR \u2013 Itapecerica da Serra \u2013 SP \u2013 Atendimento;<\/li>\n<li>ESTAGI\u00c1RIO (A) DE REPOSI\u00c7\u00c3O \u2013 S\u00e3o Paulo \u2013 SP \u2013 Atendimento;<\/li>\n<li>OPERADOR DE PADARIA \u2013 S\u00e3o Paulo \u2013 SP \u2013 Atendimento:<em> Disseminar a cultura (miss\u00e3o, vis\u00e3o e valores) da empresa. Promover a excel\u00eancia no atendimento. Manter um relacionamento \u00e9tico e respeitoso junto aos clientes e fornecedores da empresa. Atendimento aos clientes no balc\u00e3o. Organiza\u00e7\u00e3o e limpeza do setor. Verifica\u00e7\u00e3o de validade e precifica\u00e7\u00e3o;<\/em><\/li>\n<li>OPERADOR DE LOJA \u2013 SALSICHARIA \u2013 Guarulhos \u2013 SP \u2013 Atendimento;<\/li>\n<li>OPERADOR DE CAIXA \u2013 S\u00e3o Paulo \u2013 SP \u2013 Atendimento;<\/li>\n<li>ESTAGI\u00c1RIO \u2013 FLV \u2013 S\u00e3o Paulo \u2013 SP \u2013 Atendimento;<\/li>\n<li>COZINHEIRO I \u2013 Osasco \u2013 SP \u2013 Cozinha;<\/li>\n<li>AJUDANTE DE COZINHA I \u2013 Osasco \u2013 SP \u2013 Cozinha;<\/li>\n<li>AJUDANTE DE PADEIRO I \u2013 Cotia \u2013 SP \u2013 Atendimento;<\/li>\n<li>OPERADOR (A) DE CAIXA MTR \u2013 Cotia \u2013 SP \u2013 Atendimento;<\/li>\n<li>FISCAL DE LOJA I \u2013 PREVEN\u00c7\u00c3O DE PERDAS \u2013 Cotia \u2013 SP \u2013 Atendimento;<\/li>\n<li>ACOUGUEIRO I \u2013 Cotia \u2013 SP \u2013 Atendimento.<\/li>\n<\/ul>\n<figure id=\"attachment_782000\" aria-describedby=\"caption-attachment-782000\" style=\"width: 800px\" class=\"wp-caption aligncenter\"><img data-recalc-dims=\"1\" fetchpriority=\"high\" decoding=\"async\" class=\"size-full wp-image-782000\" alt=\"Barbosa Supermercados CONTRATA Fiscal de Loja, Caixa e mais!\" width=\"800\" height=\"535\" srcset=\"https:\/\/noticiasconcursos.com.br\/wp-content\/uploads\/2023\/12\/noticiasconcursos.com.br-barbosa-supermercados-contrata-fiscal-de-loja-caixa-e-mais-20230810-barbosa-materia-1.jpg 800w, https:\/\/noticiasconcursos.com.br\/wp-content\/uploads\/2023\/12\/noticiasconcursos.com.br-barbosa-supermercados-contrata-fiscal-de-loja-caixa-e-mais-20230810-barbosa-materia-1-300x201.jpg 300w, https:\/\/noticiasconcursos.com.br\/wp-content\/uploads\/2023\/12\/noticiasconcursos.com.br-barbosa-supermercados-contrata-fiscal-de-loja-caixa-e-mais-20230810-barbosa-materia-1-768x514.jpg 768w\" data-lazy-sizes=\"(max-width: 800px) 100vw, 800px\" src=\"https:\/\/i0.wp.com\/noticiasconcursos.com.br\/wp-content\/uploads\/2023\/12\/noticiasconcursos.com.br-barbosa-supermercados-contrata-fiscal-de-loja-caixa-e-mais-20230810-barbosa-materia-1.jpg?resize=800%2C535&#038;ssl=1\"\/><noscript><img data-recalc-dims=\"1\" fetchpriority=\"high\" decoding=\"async\" class=\"size-full wp-image-782000\" src=\"https:\/\/i0.wp.com\/noticiasconcursos.com.br\/wp-content\/uploads\/2023\/12\/noticiasconcursos.com.br-barbosa-supermercados-contrata-fiscal-de-loja-caixa-e-mais-20230810-barbosa-materia-1.jpg?resize=800%2C535&#038;ssl=1\" alt=\"Barbosa Supermercados CONTRATA Fiscal de Loja, Caixa e mais!\" width=\"800\" height=\"535\" srcset=\"https:\/\/noticiasconcursos.com.br\/wp-content\/uploads\/2023\/12\/noticiasconcursos.com.br-barbosa-supermercados-contrata-fiscal-de-loja-caixa-e-mais-20230810-barbosa-materia-1.jpg 800w, https:\/\/noticiasconcursos.com.br\/wp-content\/uploads\/2023\/12\/noticiasconcursos.com.br-barbosa-supermercados-contrata-fiscal-de-loja-caixa-e-mais-20230810-barbosa-materia-1-300x201.jpg 300w, https:\/\/noticiasconcursos.com.br\/wp-content\/uploads\/2023\/12\/noticiasconcursos.com.br-barbosa-supermercados-contrata-fiscal-de-loja-caixa-e-mais-20230810-barbosa-materia-1-768x514.jpg 768w\" sizes=\"(max-width: 800px) 100vw, 800px\"\/><\/noscript><figcaption id=\"caption-attachment-782000\" class=\"wp-caption-text\">Barbosa Supermercados \u00e9 refer\u00eancia no seu ramo de atua\u00e7\u00e3o. Foto: Divulga\u00e7\u00e3o.<\/figcaption><\/figure>\n<h3><strong>Mais sobre o Barbosa Supermercado\u00a0<\/strong><\/h3>\n<p>Falando mais sobre o Barbosa Supermercados, vale a pena destacar que, com o prop\u00f3sito de alimentar com conforto, afeto, e encantamento para transformar o <a href=\"https:\/\/noticiasconcursos.com.br\/como-manter-uma-dieta-saudavel-e-saborosa-no-dia-a-dia\/\">dia a dia<\/a> da fam\u00edlia, a Rede Barbosa Supermercados j\u00e1 est\u00e1 h\u00e1 mais de 46 anos no varejo.<\/p>\n<p>Al\u00e9m disso, a rede conta ainda com uma equipe de mais de 3.700 colaboradores treinados para melhor atender aos clientes. S\u00e3o 32 lojas localizadas na grande de S\u00e3o Paulo: Barueri, Carapicu\u00edba, Guarulhos, Jandira, Osasco, Pirituba, Sorocaba, Tatu\u00ed e Embu das Artes. V\u00e1 atr\u00e1s desta <a href=\"https:\/\/noticiasconcursos.com.br\/urgente-oportunidade-final-para-receber-r-15-mil-atraves-do-auxilio-brasil\/\">oportunidade<\/a> \u00fanica!<\/p>\n<h3><strong>O que \u00e9 necess\u00e1rio para se candidatar?<\/strong><\/h3>\n<p>Como voc\u00ea j\u00e1 p\u00f4de verificar a lista de cargos do <strong>Barbosa Supermercados<\/strong>, a inscri\u00e7\u00e3o acontece de forma bastante intuitiva e r\u00e1pida. Voc\u00ea s\u00f3 precisa <strong><em><a href=\"https:\/\/www.infojobs.com.br\/supermercado-barbosa\/vagas\" target=\"_blank\" rel=\"noopener\">CLICAR NESTE LINK<\/a><\/em><\/strong> para ir automaticamente \u00e0 p\u00e1gina da <strong>InfoJobs<\/strong>.<\/p>\n<p>Por l\u00e1, \u00e9 s\u00f3 conferir todos os detalhes referentes \u00e0 vaga (requisitos, fun\u00e7\u00f5es, benef\u00edcios, hor\u00e1rio de trabalho, etc..) com aten\u00e7\u00e3o e se candidatar.<\/p>\n<div class=\"bs-irp left bs-irp-thumbnail-1\">\n<p>&#13;<br \/><span class=\"h-text heading-typo\">Voc\u00ea tamb\u00e9m pode gostar:<\/span>&#13; <\/p>\n<\/p><\/div>\n<p>Acesse agora mesmo o <strong>Not\u00edcias Concursos<\/strong> para se manter inteirado(a) em todas as principais not\u00edcias do pa\u00eds e ainda ficar ligado(a) nas diversas vagas de empregos espalhadas pelo Brasil!<\/p>\n<\/p><\/div>\n<p><a href=\"https:\/\/noticiasconcursos.com.br\/barbosa-supermercados-contrata-fiscal-de-loja-caixa-e-mais\/\">Source link <\/a><\/p>\n<\/p><\/div>\n<p><br \/>\n<br \/><a href=\"https:\/\/ismaelcolosi.com.br\/barbosa-supermercados-contrata-fiscal-de-loja-caixa-e-mais\/\">Source link <\/a><\/p>\n<!-- CONTENT END 1 -->\n","protected":false},"excerpt":{"rendered":"<p>O Barbosa Supermercados, institui\u00e7\u00e3o famosa e refer\u00eancia no setor em que atua, est\u00e1 contratando novos colaboradores para compor o seu time. Isto \u00e9, antes de&#8230;<\/p>\n","protected":false},"author":1,"featured_media":19849,"comment_status":"open","ping_status":"open","sticky":false,"template":"","format":"standard","meta":{"advanced_seo_description":"","jetpack_seo_html_title":"","jetpack_seo_noindex":false,"jetpack_post_was_ever_published":false,"_jetpack_newsletter_access":"","_jetpack_dont_email_post_to_subs":false,"_jetpack_newsletter_tier_id":0,"_jetpack_memberships_contains_paywalled_content":false,"_jetpack_memberships_contains_paid_content":false,"footnotes":"","jetpack_publicize_message":"","jetpack_publicize_feature_enabled":true,"jetpack_social_post_already_shared":true,"jetpack_social_options":{"image_generator_settings":{"template":"highway","default_image_id":0,"font":"","enabled":false},"version":2}},"categories":[7],"tags":[],"class_list":["post-19848","post","type-post","status-publish","format-standard","has-post-thumbnail","hentry","category-vagas-de-empregos-em-ribeirao-preto-regiao-brasil"],"jetpack_publicize_connections":[],"jetpack_featured_media_url":"https:\/\/i0.wp.com\/noticiasribeiraopreto.com.br\/wp-content\/uploads\/2023\/12\/noticiasconcursos.com_.br-barbosa-supermercados-contrata-fiscal-de-loja-caixa-e-mais-20230810-barbosa-materia-1.jpg?fit=800%2C535&ssl=1","jetpack-related-posts":[{"id":23311,"url":"https:\/\/noticiasribeiraopreto.com.br\/index.php\/2024\/01\/01\/kacula-supermercado-contrata-para-confeiteiro-padeiro-e-mais\/","url_meta":{"origin":19848,"position":0},"title":"Ka\u00e7ula Supermercado CONTRATA para Confeiteiro, Padeiro e mais!","author":"noticiasribeiraopreto.com.br","date":"1 de January de 2024","format":false,"excerpt":"O Ka\u00e7ula Supermercado, empresa de origem familiar do ramo supermercadista que, desde 1986, oferece a seus clientes produtos e servi\u00e7os de qualidade, variedade e com pre\u00e7o justo, est\u00e1 recrutando novas pessoas para preencher o seu time. Isto \u00e9, antes de falar com mais \u00eanfase sobre a empresa, consulte a lista\u2026","rel":"","context":"In &quot;Vagas de Emprego em Ribeir\u00e3o Preto-SP&quot;","block_context":{"text":"Vagas de Emprego em Ribeir\u00e3o Preto-SP","link":"https:\/\/noticiasribeiraopreto.com.br\/index.php\/category\/empregos-classificados-vagas-trabalho\/vagas-de-empregos-em-ribeirao-preto-regiao-brasil\/"},"img":{"alt_text":"","src":"https:\/\/i0.wp.com\/noticiasribeiraopreto.com.br\/wp-content\/uploads\/2024\/01\/noticiasconcursos.com_.br-kacula-supermercado-contrata-para-confeiteiro-padeiro-e-mais-1583955116469-scaled.jpg?fit=1200%2C801&ssl=1&resize=350%2C200","width":350,"height":200,"srcset":"https:\/\/i0.wp.com\/noticiasribeiraopreto.com.br\/wp-content\/uploads\/2024\/01\/noticiasconcursos.com_.br-kacula-supermercado-contrata-para-confeiteiro-padeiro-e-mais-1583955116469-scaled.jpg?fit=1200%2C801&ssl=1&resize=350%2C200 1x, https:\/\/i0.wp.com\/noticiasribeiraopreto.com.br\/wp-content\/uploads\/2024\/01\/noticiasconcursos.com_.br-kacula-supermercado-contrata-para-confeiteiro-padeiro-e-mais-1583955116469-scaled.jpg?fit=1200%2C801&ssl=1&resize=525%2C300 1.5x, https:\/\/i0.wp.com\/noticiasribeiraopreto.com.br\/wp-content\/uploads\/2024\/01\/noticiasconcursos.com_.br-kacula-supermercado-contrata-para-confeiteiro-padeiro-e-mais-1583955116469-scaled.jpg?fit=1200%2C801&ssl=1&resize=700%2C400 2x, https:\/\/i0.wp.com\/noticiasribeiraopreto.com.br\/wp-content\/uploads\/2024\/01\/noticiasconcursos.com_.br-kacula-supermercado-contrata-para-confeiteiro-padeiro-e-mais-1583955116469-scaled.jpg?fit=1200%2C801&ssl=1&resize=1050%2C600 3x"},"classes":[]},{"id":19883,"url":"https:\/\/noticiasribeiraopreto.com.br\/index.php\/2023\/12\/23\/quer-trabalhar-na-mobly-confira-a-lista-de-vagas-abertas\/","url_meta":{"origin":19848,"position":1},"title":"Quer trabalhar na Mobly? Confira a lista de VAGAS ABERTAS!","author":"noticiasribeiraopreto.com.br","date":"23 de December de 2023","format":false,"excerpt":"A Mobly, companhia brasileira que atua no segmento de home & living, especializada na venda de m\u00f3veis e\u00a0decora\u00e7\u00e3o, est\u00e1 na procura por novos colaboradores para preencher o seu time. Dessa maneira, antes de falar com mais detalhes sobre, visualize quais s\u00e3o os cargos:\u00a0 Auxiliar de Estoque \u2013 Na\u00e7\u00f5es Unidas \u2013\u2026","rel":"","context":"In &quot;Vagas de Emprego em Ribeir\u00e3o Preto-SP&quot;","block_context":{"text":"Vagas de Emprego em Ribeir\u00e3o Preto-SP","link":"https:\/\/noticiasribeiraopreto.com.br\/index.php\/category\/empregos-classificados-vagas-trabalho\/vagas-de-empregos-em-ribeirao-preto-regiao-brasil\/"},"img":{"alt_text":"","src":"https:\/\/i0.wp.com\/noticiasribeiraopreto.com.br\/wp-content\/uploads\/2023\/12\/noticiasconcursos.com_.br-mobly-abre-novas-vagas-em-tres-cidades-img-2163.jpg?fit=1200%2C675&ssl=1&resize=350%2C200","width":350,"height":200,"srcset":"https:\/\/i0.wp.com\/noticiasribeiraopreto.com.br\/wp-content\/uploads\/2023\/12\/noticiasconcursos.com_.br-mobly-abre-novas-vagas-em-tres-cidades-img-2163.jpg?fit=1200%2C675&ssl=1&resize=350%2C200 1x, https:\/\/i0.wp.com\/noticiasribeiraopreto.com.br\/wp-content\/uploads\/2023\/12\/noticiasconcursos.com_.br-mobly-abre-novas-vagas-em-tres-cidades-img-2163.jpg?fit=1200%2C675&ssl=1&resize=525%2C300 1.5x, https:\/\/i0.wp.com\/noticiasribeiraopreto.com.br\/wp-content\/uploads\/2023\/12\/noticiasconcursos.com_.br-mobly-abre-novas-vagas-em-tres-cidades-img-2163.jpg?fit=1200%2C675&ssl=1&resize=700%2C400 2x, https:\/\/i0.wp.com\/noticiasribeiraopreto.com.br\/wp-content\/uploads\/2023\/12\/noticiasconcursos.com_.br-mobly-abre-novas-vagas-em-tres-cidades-img-2163.jpg?fit=1200%2C675&ssl=1&resize=1050%2C600 3x"},"classes":[]},{"id":23264,"url":"https:\/\/noticiasribeiraopreto.com.br\/index.php\/2024\/01\/01\/vagas-de-emprego-no-carrefour-em-ribeirao-preto-sp-3\/","url_meta":{"origin":19848,"position":2},"title":"Vagas de emprego no Carrefour em Ribeir\u00e3o Preto-SP","author":"noticiasribeiraopreto.com.br","date":"1 de January de 2024","format":false,"excerpt":"Sobre a empresa Somos l\u00edderes no mercado brasileiro de varejo alimentar, com bandeiras e marcas devidamente estabelecidas e reconhecidas pelos consumidores brasileiros. Possu\u00edmos mais de quinhentos pontos de vendas, presentes em todos os estados, entre hipermercados, supermercados, lojas de proximidade, atacados, e-commerce, postos de combust\u00edveis e drogarias. H\u00e1 mais de\u2026","rel":"","context":"In &quot;Vagas de Emprego em Ribeir\u00e3o Preto-SP&quot;","block_context":{"text":"Vagas de Emprego em Ribeir\u00e3o Preto-SP","link":"https:\/\/noticiasribeiraopreto.com.br\/index.php\/category\/empregos-classificados-vagas-trabalho\/vagas-de-empregos-em-ribeirao-preto-regiao-brasil\/"},"img":{"alt_text":"","src":"https:\/\/i0.wp.com\/noticiasribeiraopreto.com.br\/wp-content\/uploads\/2024\/01\/WhatsApp-Image-2022-05-12-at-14.36.49.jpeg?fit=1200%2C628&ssl=1&resize=350%2C200","width":350,"height":200,"srcset":"https:\/\/i0.wp.com\/noticiasribeiraopreto.com.br\/wp-content\/uploads\/2024\/01\/WhatsApp-Image-2022-05-12-at-14.36.49.jpeg?fit=1200%2C628&ssl=1&resize=350%2C200 1x, https:\/\/i0.wp.com\/noticiasribeiraopreto.com.br\/wp-content\/uploads\/2024\/01\/WhatsApp-Image-2022-05-12-at-14.36.49.jpeg?fit=1200%2C628&ssl=1&resize=525%2C300 1.5x, https:\/\/i0.wp.com\/noticiasribeiraopreto.com.br\/wp-content\/uploads\/2024\/01\/WhatsApp-Image-2022-05-12-at-14.36.49.jpeg?fit=1200%2C628&ssl=1&resize=700%2C400 2x, https:\/\/i0.wp.com\/noticiasribeiraopreto.com.br\/wp-content\/uploads\/2024\/01\/WhatsApp-Image-2022-05-12-at-14.36.49.jpeg?fit=1200%2C628&ssl=1&resize=1050%2C600 3x"},"classes":[]},{"id":25558,"url":"https:\/\/noticiasribeiraopreto.com.br\/index.php\/2024\/01\/07\/vagas-de-emprego-no-carrefour-em-ribeirao-preto-sp-4\/","url_meta":{"origin":19848,"position":3},"title":"Vagas de emprego no Carrefour em Ribeir\u00e3o Preto-SP","author":"noticiasribeiraopreto.com.br","date":"7 de January de 2024","format":false,"excerpt":"Sobre a empresa Somos l\u00edderes no mercado brasileiro de varejo alimentar, com bandeiras e marcas devidamente estabelecidas e reconhecidas pelos consumidores brasileiros. Possu\u00edmos mais de quinhentos pontos de vendas, presentes em todos os estados, entre hipermercados, supermercados, lojas de proximidade, atacados, e-commerce, postos de combust\u00edveis e drogarias. H\u00e1 mais de\u2026","rel":"","context":"In &quot;Vagas de Emprego em Ribeir\u00e3o Preto-SP&quot;","block_context":{"text":"Vagas de Emprego em Ribeir\u00e3o Preto-SP","link":"https:\/\/noticiasribeiraopreto.com.br\/index.php\/category\/empregos-classificados-vagas-trabalho\/vagas-de-empregos-em-ribeirao-preto-regiao-brasil\/"},"img":{"alt_text":"","src":"https:\/\/i0.wp.com\/noticiasribeiraopreto.com.br\/wp-content\/uploads\/2024\/01\/1704665334_WhatsApp-Image-2022-05-12-at-14.36.49.jpeg?fit=1200%2C628&ssl=1&resize=350%2C200","width":350,"height":200,"srcset":"https:\/\/i0.wp.com\/noticiasribeiraopreto.com.br\/wp-content\/uploads\/2024\/01\/1704665334_WhatsApp-Image-2022-05-12-at-14.36.49.jpeg?fit=1200%2C628&ssl=1&resize=350%2C200 1x, https:\/\/i0.wp.com\/noticiasribeiraopreto.com.br\/wp-content\/uploads\/2024\/01\/1704665334_WhatsApp-Image-2022-05-12-at-14.36.49.jpeg?fit=1200%2C628&ssl=1&resize=525%2C300 1.5x, https:\/\/i0.wp.com\/noticiasribeiraopreto.com.br\/wp-content\/uploads\/2024\/01\/1704665334_WhatsApp-Image-2022-05-12-at-14.36.49.jpeg?fit=1200%2C628&ssl=1&resize=700%2C400 2x, https:\/\/i0.wp.com\/noticiasribeiraopreto.com.br\/wp-content\/uploads\/2024\/01\/1704665334_WhatsApp-Image-2022-05-12-at-14.36.49.jpeg?fit=1200%2C628&ssl=1&resize=1050%2C600 3x"},"classes":[]},{"id":18631,"url":"https:\/\/noticiasribeiraopreto.com.br\/index.php\/2023\/12\/20\/vagas-de-emprego-no-carrefour-em-ribeirao-preto-sp\/","url_meta":{"origin":19848,"position":4},"title":"Vagas de emprego no Carrefour em Ribeir\u00e3o Preto-SP","author":"noticiasribeiraopreto.com.br","date":"20 de December de 2023","format":false,"excerpt":"Sobre a empresa Somos l\u00edderes no mercado brasileiro de varejo alimentar, com bandeiras e marcas devidamente estabelecidas e reconhecidas pelos consumidores brasileiros. Possu\u00edmos mais de quinhentos pontos de vendas, presentes em todos os estados, entre hipermercados, supermercados, lojas de proximidade, atacados, e-commerce, postos de combust\u00edveis e drogarias. H\u00e1 mais de\u2026","rel":"","context":"In &quot;Vagas de Emprego em Ribeir\u00e3o Preto-SP&quot;","block_context":{"text":"Vagas de Emprego em Ribeir\u00e3o Preto-SP","link":"https:\/\/noticiasribeiraopreto.com.br\/index.php\/category\/empregos-classificados-vagas-trabalho\/vagas-de-empregos-em-ribeirao-preto-regiao-brasil\/"},"img":{"alt_text":"","src":"https:\/\/i0.wp.com\/noticiasribeiraopreto.com.br\/wp-content\/uploads\/2023\/12\/WhatsApp-Image-2022-05-12-at-14.36.49.jpeg?fit=1200%2C628&ssl=1&resize=350%2C200","width":350,"height":200,"srcset":"https:\/\/i0.wp.com\/noticiasribeiraopreto.com.br\/wp-content\/uploads\/2023\/12\/WhatsApp-Image-2022-05-12-at-14.36.49.jpeg?fit=1200%2C628&ssl=1&resize=350%2C200 1x, https:\/\/i0.wp.com\/noticiasribeiraopreto.com.br\/wp-content\/uploads\/2023\/12\/WhatsApp-Image-2022-05-12-at-14.36.49.jpeg?fit=1200%2C628&ssl=1&resize=525%2C300 1.5x, https:\/\/i0.wp.com\/noticiasribeiraopreto.com.br\/wp-content\/uploads\/2023\/12\/WhatsApp-Image-2022-05-12-at-14.36.49.jpeg?fit=1200%2C628&ssl=1&resize=700%2C400 2x, https:\/\/i0.wp.com\/noticiasribeiraopreto.com.br\/wp-content\/uploads\/2023\/12\/WhatsApp-Image-2022-05-12-at-14.36.49.jpeg?fit=1200%2C628&ssl=1&resize=1050%2C600 3x"},"classes":[]},{"id":20912,"url":"https:\/\/noticiasribeiraopreto.com.br\/index.php\/2023\/12\/26\/vagas-de-emprego-no-carrefour-em-ribeirao-preto-sp-2\/","url_meta":{"origin":19848,"position":5},"title":"Vagas de emprego no Carrefour em Ribeir\u00e3o Preto-SP","author":"noticiasribeiraopreto.com.br","date":"26 de December de 2023","format":false,"excerpt":"Sobre a empresa Somos l\u00edderes no mercado brasileiro de varejo alimentar, com bandeiras e marcas devidamente estabelecidas e reconhecidas pelos consumidores brasileiros. Possu\u00edmos mais de quinhentos pontos de vendas, presentes em todos os estados, entre hipermercados, supermercados, lojas de proximidade, atacados, e-commerce, postos de combust\u00edveis e drogarias. H\u00e1 mais de\u2026","rel":"","context":"In &quot;Vagas de Emprego em Ribeir\u00e3o Preto-SP&quot;","block_context":{"text":"Vagas de Emprego em Ribeir\u00e3o Preto-SP","link":"https:\/\/noticiasribeiraopreto.com.br\/index.php\/category\/empregos-classificados-vagas-trabalho\/vagas-de-empregos-em-ribeirao-preto-regiao-brasil\/"},"img":{"alt_text":"","src":"https:\/\/i0.wp.com\/noticiasribeiraopreto.com.br\/wp-content\/uploads\/2023\/12\/1703627715_WhatsApp-Image-2022-05-12-at-14.36.49.jpeg?fit=1200%2C628&ssl=1&resize=350%2C200","width":350,"height":200,"srcset":"https:\/\/i0.wp.com\/noticiasribeiraopreto.com.br\/wp-content\/uploads\/2023\/12\/1703627715_WhatsApp-Image-2022-05-12-at-14.36.49.jpeg?fit=1200%2C628&ssl=1&resize=350%2C200 1x, https:\/\/i0.wp.com\/noticiasribeiraopreto.com.br\/wp-content\/uploads\/2023\/12\/1703627715_WhatsApp-Image-2022-05-12-at-14.36.49.jpeg?fit=1200%2C628&ssl=1&resize=525%2C300 1.5x, https:\/\/i0.wp.com\/noticiasribeiraopreto.com.br\/wp-content\/uploads\/2023\/12\/1703627715_WhatsApp-Image-2022-05-12-at-14.36.49.jpeg?fit=1200%2C628&ssl=1&resize=700%2C400 2x, https:\/\/i0.wp.com\/noticiasribeiraopreto.com.br\/wp-content\/uploads\/2023\/12\/1703627715_WhatsApp-Image-2022-05-12-at-14.36.49.jpeg?fit=1200%2C628&ssl=1&resize=1050%2C600 3x"},"classes":[]}],"jetpack_sharing_enabled":true,"jetpack_shortlink":"https:\/\/wp.me\/peQAOb-5a8","_links":{"self":[{"href":"https:\/\/noticiasribeiraopreto.com.br\/index.php\/wp-json\/wp\/v2\/posts\/19848","targetHints":{"allow":["GET"]}}],"collection":[{"href":"https:\/\/noticiasribeiraopreto.com.br\/index.php\/wp-json\/wp\/v2\/posts"}],"about":[{"href":"https:\/\/noticiasribeiraopreto.com.br\/index.php\/wp-json\/wp\/v2\/types\/post"}],"author":[{"embeddable":true,"href":"https:\/\/noticiasribeiraopreto.com.br\/index.php\/wp-json\/wp\/v2\/users\/1"}],"replies":[{"embeddable":true,"href":"https:\/\/noticiasribeiraopreto.com.br\/index.php\/wp-json\/wp\/v2\/comments?post=19848"}],"version-history":[{"count":0,"href":"https:\/\/noticiasribeiraopreto.com.br\/index.php\/wp-json\/wp\/v2\/posts\/19848\/revisions"}],"wp:featuredmedia":[{"embeddable":true,"href":"https:\/\/noticiasribeiraopreto.com.br\/index.php\/wp-json\/wp\/v2\/media\/19849"}],"wp:attachment":[{"href":"https:\/\/noticiasribeiraopreto.com.br\/index.php\/wp-json\/wp\/v2\/media?parent=19848"}],"wp:term":[{"taxonomy":"category","embeddable":true,"href":"https:\/\/noticiasribeiraopreto.com.br\/index.php\/wp-json\/wp\/v2\/categories?post=19848"},{"taxonomy":"post_tag","embeddable":true,"href":"https:\/\/noticiasribeiraopreto.com.br\/index.php\/wp-json\/wp\/v2\/tags?post=19848"}],"curies":[{"name":"wp","href":"https:\/\/api.w.org\/{rel}","templated":true}]}}