{"id":19850,"date":"2023-12-23T13:12:52","date_gmt":"2023-12-23T16:12:52","guid":{"rendered":"https:\/\/noticiasribeiraopreto.com.br\/index.php\/2023\/12\/23\/problema-nos-olhos-pode-ser-sintoma-de-assassino-silencioso\/"},"modified":"2023-12-23T13:12:52","modified_gmt":"2023-12-23T16:12:52","slug":"problema-nos-olhos-pode-ser-sintoma-de-assassino-silencioso","status":"publish","type":"post","link":"https:\/\/noticiasribeiraopreto.com.br\/index.php\/2023\/12\/23\/problema-nos-olhos-pode-ser-sintoma-de-assassino-silencioso\/","title":{"rendered":"Problema nos olhos pode ser sintoma de assassino silencioso"},"content":{"rendered":"<div class='code-block code-block-1' style='margin: 8px 0 8px auto; text-align: right; display: block; clear: both;'>\n<p><a href=\"https:\/\/wa.link\/vpicfd\"><img data-recalc-dims=\"1\" class=\"wp-image-4922\" style=\"aspect-ratio: 2.0253164556962027; width: 561px; height: auto;\" src=\"https:\/\/i0.wp.com\/ismaelcolosi.com.br\/wp-content\/uploads\/2023\/11\/grupo-de-empregos-whatsapp-e-facebook-ismael-colosi-vagas.jpg?ssl=1\" alt=\"\" \/><\/a><\/p>\n<!-- \/wp:image -->\n<\/div>\n<p> <br \/>\n<\/p>\n<div>\n<p>Apelidada de assassina silenciosa, a <a href=\"https:\/\/catracalivre.com.br\/saude-bem-estar\/hipertensao-5-alimentos-que-combatem-a-pressao-alta\/\">press\u00e3o alta<\/a> muitas vezes se estabelece sem chamar muita aten\u00e7\u00e3o. Os <a href=\"https:\/\/catracalivre.com.br\/saude-bem-estar\/quais-as-sensacoes-no-corpo-quando-a-pressao-esta-alta\/\">sintomas<\/a> nem sempre s\u00e3o evidentes, mas um sinal revelador pode estar relacionado aos olhos.<\/p>\n<p>Os efeitos da hipertens\u00e3o na sa\u00fade ocular dependem inteiramente de qu\u00e3o alta ou descontrolada est\u00e1 a press\u00e3o arterial. A condi\u00e7\u00e3o pode at\u00e9 n\u00e3o causar nenhum sinal se estiver sob controle ou levemente aumentada.<\/p>\n<p>No entanto, a press\u00e3o arterial muito elevada n\u00e3o tratada pode provocar vis\u00e3o turva ou outras altera\u00e7\u00f5es na vis\u00e3o, de acordo com\u00a0a <a href=\"https:\/\/www.who.int\/\" target=\"_blank\" rel=\"noopener\">Organiza\u00e7\u00e3o Mundial da Sa\u00fade\u00a0(OMS)<\/a>.<\/p>\n<div id=\"attachment_2330311\" class=\"wp-caption alignnone\">\n<div class=\"d-flex justify-content-center\" data-attachment-id=\"2330311\">\n<div class=\"position-relative d-inline-block\"><img data-recalc-dims=\"1\" data-portal-copyright=\"Polifoto\/DepositPhotos\" fetchpriority=\"high\" decoding=\"async\" class=\"wp-image-2330311 size-large\" src=\"https:\/\/i0.wp.com\/catracalivre.com.br\/wp-content\/uploads\/2023\/12\/depositphotos-574322494-l-910x683.jpg?resize=910%2C683&#038;ssl=1\" alt=\"Hipertens\u00e3o pode causar problemas na vis\u00e3o\" width=\"910\" height=\"683\" srcset=\"https:\/\/catracalivre.com.br\/wp-content\/uploads\/2023\/12\/depositphotos-574322494-l-910x683.jpg 910w, https:\/\/catracalivre.com.br\/wp-content\/uploads\/2023\/12\/depositphotos-574322494-l-450x338.jpg 450w, https:\/\/catracalivre.com.br\/wp-content\/uploads\/2023\/12\/depositphotos-574322494-l-768x576.jpg 768w\" sizes=\"(max-width: 910px) 100vw, 910px\"\/><\/p>\n<p>Cr\u00e9ditos: Polifoto\/DepositPhotos<\/p>\n<\/div>\n<\/div>\n<p><span class=\"post-imagem__legenda\">Hipertens\u00e3o pode causar problemas na vis\u00e3o<\/span><\/p>\n<\/div>\n<h2>Por que isso ocorre?<\/h2>\n<p>Isso ocorre porque a hipertens\u00e3o arterial faz com que os vasos sangu\u00edneos da retina fiquem mais espessos e estreitos, reduzindo o fluxo sangu\u00edneo.<\/p>\n<p>A falta de fluxo sangu\u00edneo para a retina leva \u00e0 vis\u00e3o turva ou perda total da vis\u00e3o, de acordo com a <a href=\"https:\/\/www.heart.org\/\" target=\"_blank\" rel=\"noopener\">American Heart Association<\/a>.<\/p>\n<p>Pessoas com diabetes e press\u00e3o alta correm um risco ainda maior de desenvolver essa condi\u00e7\u00e3o.<\/p>\n<p>Al\u00e9m da vis\u00e3o turva, a hipertens\u00e3o pode desencadear outros sinais nos olhos, como vermelhid\u00e3o e desconforto ou dor.<\/p>\n<p>Ao notar essas altera\u00e7\u00f5es, \u00e9 importante procurar um m\u00e9dico. Isso \u00e9 especialmente importante se a pessoa estiver ciente de que sua press\u00e3o arterial est\u00e1 mal controlada.<\/p>\n<h2>Quais os sintomas de press\u00e3o alta?<\/h2>\n<p>A maioria das pessoas com hipertens\u00e3o n\u00e3o sente nenhum sintoma.\u00a0Verificar sua press\u00e3o arterial \u00e9 a melhor maneira de saber se voc\u00ea tem press\u00e3o alta.<\/p>\n<p>Se a hipertens\u00e3o n\u00e3o for tratada, pode causar outros problemas de sa\u00fade, como doen\u00e7as renais, card\u00edacas e derrames.<\/p>\n<p>De acordo com a OMS, pessoas com press\u00e3o arterial muito alta (geralmente 180\/120 ou superior) podem apresentar sintomas que incluem:<\/p>\n<ul>\n<li>fortes dores de cabe\u00e7a<\/li>\n<li>dor no peito<\/li>\n<li>tontura<\/li>\n<li>dificuldade ao respirar<\/li>\n<li>n\u00e1usea<\/li>\n<li>v\u00f4mito<\/li>\n<li>vis\u00e3o turva ou outras altera\u00e7\u00f5es na vis\u00e3o<\/li>\n<li>ansiedade<\/li>\n<li>confus\u00e3o<\/li>\n<li>zumbindo nos ouvidos<\/li>\n<li>hemorragias nasais<\/li>\n<li>ritmo card\u00edaco anormal<\/li>\n<\/ul>\n<\/div>\n<p><script>\n\t\t! function(f, b, e, v, n, t, s) {\n\t\t\tif (f.fbq) return;\n\t\t\tn = f.fbq = function() {\n\t\t\t\tn.callMethod ?\n\t\t\t\t\tn.callMethod.apply(n, arguments) : n.queue.push(arguments)\n\t\t\t};\n\t\t\tif (!f._fbq) f._fbq = n;\n\t\t\tn.push = n;\n\t\t\tn.loaded = !0;\n\t\t\tn.version = '2.0';\n\t\t\tn.queue = [];\n\t\t\tt = b.createElement(e);\n\t\t\tt.async = !0;\n\t\t\tt.src = v;\n\t\t\ts = b.getElementsByTagName(e)[0];\n\t\t\ts.parentNode.insertBefore(t, s)\n\t\t}(window, document, 'script',\n\t\t\t'https:\/\/connect.facebook.net\/en_US\/fbevents.js');\n\t\tfbq('init', '338315473262380');\n\t\tfbq('track', 'PageView');\n\t<\/script><br \/>\n<br \/><br \/>\n<br \/><a href=\"https:\/\/catracalivre.com.br\/saude-bem-estar\/problema-nos-olhos-pode-ser-sintoma-de-assassino-silencioso\/\">Source link <\/a><\/p>\n<!-- CONTENT END 1 -->\n","protected":false},"excerpt":{"rendered":"<p>Apelidada de assassina silenciosa, a press\u00e3o alta muitas vezes se estabelece sem chamar muita aten\u00e7\u00e3o. Os sintomas nem sempre s\u00e3o evidentes, mas um sinal revelador&#8230;<\/p>\n","protected":false},"author":1,"featured_media":19851,"comment_status":"open","ping_status":"open","sticky":false,"template":"","format":"standard","meta":{"advanced_seo_description":"","jetpack_seo_html_title":"","jetpack_seo_noindex":false,"jetpack_post_was_ever_published":false,"_jetpack_newsletter_access":"","_jetpack_dont_email_post_to_subs":false,"_jetpack_newsletter_tier_id":0,"_jetpack_memberships_contains_paywalled_content":false,"_jetpack_memberships_contains_paid_content":false,"footnotes":"","jetpack_publicize_message":"","jetpack_publicize_feature_enabled":true,"jetpack_social_post_already_shared":true,"jetpack_social_options":{"image_generator_settings":{"template":"highway","default_image_id":0,"font":"","enabled":false},"version":2}},"categories":[19],"tags":[],"class_list":["post-19850","post","type-post","status-publish","format-standard","has-post-thumbnail","hentry","category-variedades"],"jetpack_publicize_connections":[],"jetpack_featured_media_url":"https:\/\/i0.wp.com\/noticiasribeiraopreto.com.br\/wp-content\/uploads\/2023\/12\/depositphotos-574322494-l.jpg?fit=1200%2C638&ssl=1","jetpack-related-posts":[{"id":67377,"url":"https:\/\/noticiasribeiraopreto.com.br\/index.php\/2025\/04\/13\/jornal-da-franca-ansiedade-ou-pressao-alta-saiba-como-identificar-e-o-que-fazer\/","url_meta":{"origin":19850,"position":0},"title":"Jornal da Franca &#8211; Ansiedade ou press\u00e3o alta? Saiba como identificar e o que fazer","author":"noticiasribeiraopreto.com.br","date":"13 de April de 2025","format":false,"excerpt":"compartilhar no whatsapp compartilhar no telegram compartilhar no facebook compartilhar no linkedin Os sintomas da ansiedade e da depress\u00e3o costumam ser distintos, mas podem se confundir em alguns pacientes As emo\u00e7\u00f5es podem ter um impacto direto na sa\u00fade do cora\u00e7\u00e3o \u2013 foto Arquivo \u00a0 As emo\u00e7\u00f5es podem ter um impacto\u2026","rel":"","context":"In &quot;Not\u00edcias de Franca-SP&quot;","block_context":{"text":"Not\u00edcias de Franca-SP","link":"https:\/\/noticiasribeiraopreto.com.br\/index.php\/category\/noticias-de-ribeirao-preto-sp-e-regiao-ismael-colosi\/noticias-franca-sp\/"},"img":{"alt_text":"","src":"https:\/\/i0.wp.com\/noticiasribeiraopreto.com.br\/wp-content\/uploads\/2025\/04\/ansiedade-scaled.jpg?fit=1200%2C800&ssl=1&resize=350%2C200","width":350,"height":200,"srcset":"https:\/\/i0.wp.com\/noticiasribeiraopreto.com.br\/wp-content\/uploads\/2025\/04\/ansiedade-scaled.jpg?fit=1200%2C800&ssl=1&resize=350%2C200 1x, https:\/\/i0.wp.com\/noticiasribeiraopreto.com.br\/wp-content\/uploads\/2025\/04\/ansiedade-scaled.jpg?fit=1200%2C800&ssl=1&resize=525%2C300 1.5x, https:\/\/i0.wp.com\/noticiasribeiraopreto.com.br\/wp-content\/uploads\/2025\/04\/ansiedade-scaled.jpg?fit=1200%2C800&ssl=1&resize=700%2C400 2x, https:\/\/i0.wp.com\/noticiasribeiraopreto.com.br\/wp-content\/uploads\/2025\/04\/ansiedade-scaled.jpg?fit=1200%2C800&ssl=1&resize=1050%2C600 3x"},"classes":[]},{"id":24223,"url":"https:\/\/noticiasribeiraopreto.com.br\/index.php\/2024\/01\/03\/6-sintomas-de-cancer-mais-ignorado-pelas-pessoas-meu-valor-digital\/","url_meta":{"origin":19850,"position":1},"title":"6 sintomas de c\u00e2ncer mais ignorado pelas pessoas\u00a0 &#8211; Meu Valor Digital","author":"noticiasribeiraopreto.com.br","date":"3 de January de 2024","format":false,"excerpt":"O c\u00e2ncer \u00e9 uma doen\u00e7a que causa morte se n\u00e3o for descoberta logo no no seu in\u00edcio. De acordo com o Medical News Today, detectar e tratar o c\u00e2ncer precocemente pode melhorar sua perspectiva. Muitas pessoas n\u00e3o conseguem saber se est\u00e3o com a doen\u00e7a. O motivo est\u00e1 nos sinais de\u2026","rel":"","context":"In &quot;Vagas de Emprego em Ribeir\u00e3o Preto-SP&quot;","block_context":{"text":"Vagas de Emprego em Ribeir\u00e3o Preto-SP","link":"https:\/\/noticiasribeiraopreto.com.br\/index.php\/category\/empregos-classificados-vagas-trabalho\/vagas-de-empregos-em-ribeirao-preto-regiao-brasil\/"},"img":{"alt_text":"","src":"https:\/\/i0.wp.com\/noticiasribeiraopreto.com.br\/wp-content\/uploads\/2024\/01\/sintomas-de-cancer.jpg?fit=1200%2C800&ssl=1&resize=350%2C200","width":350,"height":200,"srcset":"https:\/\/i0.wp.com\/noticiasribeiraopreto.com.br\/wp-content\/uploads\/2024\/01\/sintomas-de-cancer.jpg?fit=1200%2C800&ssl=1&resize=350%2C200 1x, https:\/\/i0.wp.com\/noticiasribeiraopreto.com.br\/wp-content\/uploads\/2024\/01\/sintomas-de-cancer.jpg?fit=1200%2C800&ssl=1&resize=525%2C300 1.5x, https:\/\/i0.wp.com\/noticiasribeiraopreto.com.br\/wp-content\/uploads\/2024\/01\/sintomas-de-cancer.jpg?fit=1200%2C800&ssl=1&resize=700%2C400 2x, https:\/\/i0.wp.com\/noticiasribeiraopreto.com.br\/wp-content\/uploads\/2024\/01\/sintomas-de-cancer.jpg?fit=1200%2C800&ssl=1&resize=1050%2C600 3x"},"classes":[]},{"id":68504,"url":"https:\/\/noticiasribeiraopreto.com.br\/index.php\/2025\/04\/25\/jornal-da-franca-pressao-alta-doenca-silenciosa-ela-mata-388-brasileiros-por-dia\/","url_meta":{"origin":19850,"position":2},"title":"Jornal da Franca &#8211; Press\u00e3o alta: doen\u00e7a silenciosa, ela mata 388 brasileiros por dia","author":"noticiasribeiraopreto.com.br","date":"25 de April de 2025","format":false,"excerpt":"compartilhar no whatsapp compartilhar no telegram compartilhar no facebook compartilhar no linkedin Sem sintomas claros, a hipertens\u00e3o arterial pode evoluir para infarto, AVC e fal\u00eancia renal A press\u00e3o alta ou hipertens\u00e3o, \u00e9 uma doen\u00e7a trai\u00e7oeira que pode levar a \u00f3bito \u2013\u00a0 foto Arquivo \u00a0 Apesar de comum, a hipertens\u00e3o arterial\u2026","rel":"","context":"In &quot;Not\u00edcias de Franca-SP&quot;","block_context":{"text":"Not\u00edcias de Franca-SP","link":"https:\/\/noticiasribeiraopreto.com.br\/index.php\/category\/noticias-de-ribeirao-preto-sp-e-regiao-ismael-colosi\/noticias-franca-sp\/"},"img":{"alt_text":"","src":"https:\/\/i0.wp.com\/noticiasribeiraopreto.com.br\/wp-content\/uploads\/2025\/04\/hipertensao-1.jpg?fit=1000%2C750&ssl=1&resize=350%2C200","width":350,"height":200,"srcset":"https:\/\/i0.wp.com\/noticiasribeiraopreto.com.br\/wp-content\/uploads\/2025\/04\/hipertensao-1.jpg?fit=1000%2C750&ssl=1&resize=350%2C200 1x, https:\/\/i0.wp.com\/noticiasribeiraopreto.com.br\/wp-content\/uploads\/2025\/04\/hipertensao-1.jpg?fit=1000%2C750&ssl=1&resize=525%2C300 1.5x, https:\/\/i0.wp.com\/noticiasribeiraopreto.com.br\/wp-content\/uploads\/2025\/04\/hipertensao-1.jpg?fit=1000%2C750&ssl=1&resize=700%2C400 2x"},"classes":[]},{"id":69472,"url":"https:\/\/noticiasribeiraopreto.com.br\/index.php\/2025\/05\/06\/jornal-da-franca-nao-e-coisa-a-toa-visao-embacada-pode-indicar-problemas-e-exigir-avaliacao-medica\/","url_meta":{"origin":19850,"position":3},"title":"Jornal da Franca &#8211; N\u00e3o \u00e9 &#8220;coisa \u00e0 toa&#8221;: vis\u00e3o emba\u00e7ada pode indicar problemas e exigir avalia\u00e7\u00e3o m\u00e9dica","author":"noticiasribeiraopreto.com.br","date":"6 de May de 2025","format":false,"excerpt":"compartilhar no whatsapp compartilhar no telegram compartilhar no facebook compartilhar no linkedin Altera\u00e7\u00f5es visuais frequentes podem estar relacionadas a condi\u00e7\u00f5es como diabetes, hipertens\u00e3o ou doen\u00e7as oculares e devem ser investigadas A sensa\u00e7\u00e3o frequente de vis\u00e3o emba\u00e7ada pode ir muito al\u00e9m do cansa\u00e7o visual e deve servir de alerta para a\u2026","rel":"","context":"In &quot;Not\u00edcias de Franca-SP&quot;","block_context":{"text":"Not\u00edcias de Franca-SP","link":"https:\/\/noticiasribeiraopreto.com.br\/index.php\/category\/noticias-de-ribeirao-preto-sp-e-regiao-ismael-colosi\/noticias-franca-sp\/"},"img":{"alt_text":"","src":"https:\/\/i0.wp.com\/noticiasribeiraopreto.com.br\/wp-content\/uploads\/2025\/05\/exame-oftalmologico.jpg?fit=1200%2C675&ssl=1&resize=350%2C200","width":350,"height":200,"srcset":"https:\/\/i0.wp.com\/noticiasribeiraopreto.com.br\/wp-content\/uploads\/2025\/05\/exame-oftalmologico.jpg?fit=1200%2C675&ssl=1&resize=350%2C200 1x, https:\/\/i0.wp.com\/noticiasribeiraopreto.com.br\/wp-content\/uploads\/2025\/05\/exame-oftalmologico.jpg?fit=1200%2C675&ssl=1&resize=525%2C300 1.5x, https:\/\/i0.wp.com\/noticiasribeiraopreto.com.br\/wp-content\/uploads\/2025\/05\/exame-oftalmologico.jpg?fit=1200%2C675&ssl=1&resize=700%2C400 2x, https:\/\/i0.wp.com\/noticiasribeiraopreto.com.br\/wp-content\/uploads\/2025\/05\/exame-oftalmologico.jpg?fit=1200%2C675&ssl=1&resize=1050%2C600 3x"},"classes":[]},{"id":16095,"url":"https:\/\/noticiasribeiraopreto.com.br\/index.php\/2023\/12\/14\/como-saber-se-sua-pressao-esta-alta-meu-valor-digital\/","url_meta":{"origin":19850,"position":4},"title":"Como saber se sua press\u00e3o est\u00e1 alta? &#8211; Meu Valor Digital","author":"noticiasribeiraopreto.com.br","date":"14 de December de 2023","format":false,"excerpt":"A hipertens\u00e3o arterial (conhecida como press\u00e3o alta), ocorre quando a circula\u00e7\u00e3o do sangue exerce uma for\u00e7a muito grande contra a parede das art\u00e9rias. Fazendo o cora\u00e7\u00e3o precisa de muito mais for\u00e7a para fazer o sangue circular no corpo. A press\u00e3o alta \u00e9 um dos principais fatores de risco para a\u2026","rel":"","context":"In &quot;Vagas de Emprego em Ribeir\u00e3o Preto-SP&quot;","block_context":{"text":"Vagas de Emprego em Ribeir\u00e3o Preto-SP","link":"https:\/\/noticiasribeiraopreto.com.br\/index.php\/category\/empregos-classificados-vagas-trabalho\/vagas-de-empregos-em-ribeirao-preto-regiao-brasil\/"},"img":{"alt_text":"","src":"https:\/\/i0.wp.com\/noticiasribeiraopreto.com.br\/wp-content\/uploads\/2023\/12\/pressao-esta-alta-1.jpg?fit=1200%2C774&ssl=1&resize=350%2C200","width":350,"height":200,"srcset":"https:\/\/i0.wp.com\/noticiasribeiraopreto.com.br\/wp-content\/uploads\/2023\/12\/pressao-esta-alta-1.jpg?fit=1200%2C774&ssl=1&resize=350%2C200 1x, https:\/\/i0.wp.com\/noticiasribeiraopreto.com.br\/wp-content\/uploads\/2023\/12\/pressao-esta-alta-1.jpg?fit=1200%2C774&ssl=1&resize=525%2C300 1.5x, https:\/\/i0.wp.com\/noticiasribeiraopreto.com.br\/wp-content\/uploads\/2023\/12\/pressao-esta-alta-1.jpg?fit=1200%2C774&ssl=1&resize=700%2C400 2x, https:\/\/i0.wp.com\/noticiasribeiraopreto.com.br\/wp-content\/uploads\/2023\/12\/pressao-esta-alta-1.jpg?fit=1200%2C774&ssl=1&resize=1050%2C600 3x"},"classes":[]},{"id":22224,"url":"https:\/\/noticiasribeiraopreto.com.br\/index.php\/2023\/12\/29\/como-alguns-habitos-caseiros-podem-te-ajudar-a-reduzir-a-pressao-alta\/","url_meta":{"origin":19850,"position":5},"title":"Como alguns h\u00e1bitos caseiros podem te ajudar a reduzir a press\u00e3o alta?","author":"noticiasribeiraopreto.com.br","date":"29 de December de 2023","format":false,"excerpt":"Cr\u00e9ditos: Rostislav_Sedlacek\/istockAlguns h\u00e1bitos, como manter o controle do peso, podem ser fundamentais para reduzir a press\u00e3o alta \u2013 iStock\/Getty Images Condi\u00e7\u00e3o que eleva o risco de contrair doen\u00e7as n\u00e3o s\u00f3 graves, mas muitas vezes irrevers\u00edveis, a hipertens\u00e3o, conhecida popularmente como press\u00e3o alta, pode provocar uma s\u00e9rie de complica\u00e7\u00f5es como infarto,\u2026","rel":"","context":"In &quot;Variedades&quot;","block_context":{"text":"Variedades","link":"https:\/\/noticiasribeiraopreto.com.br\/index.php\/category\/variedades\/"},"img":{"alt_text":"","src":"https:\/\/i0.wp.com\/noticiasribeiraopreto.com.br\/wp-content\/uploads\/2023\/12\/balanca-peso.jpg?fit=1200%2C638&ssl=1&resize=350%2C200","width":350,"height":200,"srcset":"https:\/\/i0.wp.com\/noticiasribeiraopreto.com.br\/wp-content\/uploads\/2023\/12\/balanca-peso.jpg?fit=1200%2C638&ssl=1&resize=350%2C200 1x, https:\/\/i0.wp.com\/noticiasribeiraopreto.com.br\/wp-content\/uploads\/2023\/12\/balanca-peso.jpg?fit=1200%2C638&ssl=1&resize=525%2C300 1.5x, https:\/\/i0.wp.com\/noticiasribeiraopreto.com.br\/wp-content\/uploads\/2023\/12\/balanca-peso.jpg?fit=1200%2C638&ssl=1&resize=700%2C400 2x, https:\/\/i0.wp.com\/noticiasribeiraopreto.com.br\/wp-content\/uploads\/2023\/12\/balanca-peso.jpg?fit=1200%2C638&ssl=1&resize=1050%2C600 3x"},"classes":[]}],"jetpack_sharing_enabled":true,"jetpack_shortlink":"https:\/\/wp.me\/peQAOb-5aa","_links":{"self":[{"href":"https:\/\/noticiasribeiraopreto.com.br\/index.php\/wp-json\/wp\/v2\/posts\/19850","targetHints":{"allow":["GET"]}}],"collection":[{"href":"https:\/\/noticiasribeiraopreto.com.br\/index.php\/wp-json\/wp\/v2\/posts"}],"about":[{"href":"https:\/\/noticiasribeiraopreto.com.br\/index.php\/wp-json\/wp\/v2\/types\/post"}],"author":[{"embeddable":true,"href":"https:\/\/noticiasribeiraopreto.com.br\/index.php\/wp-json\/wp\/v2\/users\/1"}],"replies":[{"embeddable":true,"href":"https:\/\/noticiasribeiraopreto.com.br\/index.php\/wp-json\/wp\/v2\/comments?post=19850"}],"version-history":[{"count":0,"href":"https:\/\/noticiasribeiraopreto.com.br\/index.php\/wp-json\/wp\/v2\/posts\/19850\/revisions"}],"wp:featuredmedia":[{"embeddable":true,"href":"https:\/\/noticiasribeiraopreto.com.br\/index.php\/wp-json\/wp\/v2\/media\/19851"}],"wp:attachment":[{"href":"https:\/\/noticiasribeiraopreto.com.br\/index.php\/wp-json\/wp\/v2\/media?parent=19850"}],"wp:term":[{"taxonomy":"category","embeddable":true,"href":"https:\/\/noticiasribeiraopreto.com.br\/index.php\/wp-json\/wp\/v2\/categories?post=19850"},{"taxonomy":"post_tag","embeddable":true,"href":"https:\/\/noticiasribeiraopreto.com.br\/index.php\/wp-json\/wp\/v2\/tags?post=19850"}],"curies":[{"name":"wp","href":"https:\/\/api.w.org\/{rel}","templated":true}]}}