{"id":19883,"date":"2023-12-23T15:08:18","date_gmt":"2023-12-23T18:08:18","guid":{"rendered":"https:\/\/noticiasribeiraopreto.com.br\/index.php\/2023\/12\/23\/quer-trabalhar-na-mobly-confira-a-lista-de-vagas-abertas\/"},"modified":"2023-12-23T15:08:18","modified_gmt":"2023-12-23T18:08:18","slug":"quer-trabalhar-na-mobly-confira-a-lista-de-vagas-abertas","status":"publish","type":"post","link":"https:\/\/noticiasribeiraopreto.com.br\/index.php\/2023\/12\/23\/quer-trabalhar-na-mobly-confira-a-lista-de-vagas-abertas\/","title":{"rendered":"Quer trabalhar na Mobly? Confira a lista de VAGAS ABERTAS!"},"content":{"rendered":"<div class='code-block code-block-1' style='margin: 8px 0 8px auto; text-align: right; display: block; clear: both;'>\n<p><a href=\"https:\/\/wa.link\/vpicfd\"><img data-recalc-dims=\"1\" class=\"wp-image-4922\" style=\"aspect-ratio: 2.0253164556962027; width: 561px; height: auto;\" src=\"https:\/\/i0.wp.com\/ismaelcolosi.com.br\/wp-content\/uploads\/2023\/11\/grupo-de-empregos-whatsapp-e-facebook-ismael-colosi-vagas.jpg?ssl=1\" alt=\"\" \/><\/a><\/p>\n<!-- \/wp:image -->\n<\/div>\n<p> <br \/>\n<\/p>\n<div>\n<div>\n<p>A Mobly, companhia b<span class=\"lt-line-clamp__line\">rasileira que atua no segmento de home &amp; living, especializada na venda de m\u00f3veis e<\/span>\u00a0<span class=\"lt-line-clamp__line\">decora\u00e7\u00e3o, est\u00e1 na procura por novos colaboradores para preencher o seu time. Dessa maneira, antes de falar com mais detalhes sobre, visualize quais s\u00e3o os <a href=\"https:\/\/noticiasconcursos.com.br\/concurso-medio-e-superior-anuncia-edital-com-244-vagas-confira-os-cargos\/\">cargos<\/a>:\u00a0<\/span><\/p>\n<ul>\n<li>Auxiliar de Estoque \u2013 Na\u00e7\u00f5es Unidas \u2013 S\u00e3o Paulo \u2013 SP \u2013 Venda Interna;<\/li>\n<li>Consultor (a) de Vendas \u2013 Marechal Tito \u2013 S\u00e3o Paulo \u2013 SP \u2013 Venda Interna;<\/li>\n<li>Consultor (a) de Vendas \u2013 Ribeir\u00e3o Preto \u2013 SP \u2013 Venda Interna;<\/li>\n<li>Consultor (a) de Vendas \u2013 Campinas (Dom Pedro) \u2013 SP \u2013 Venda Interna: <em>Fornecer um excelente atendimento ao cliente, entendendo suas necessidades e oferecendo solu\u00e7\u00f5es personalizadas. Realizar prospec\u00e7\u00f5es ativas de novos clientes e alcan\u00e7ar as metas de vendas estabelecidas;<\/em><\/li>\n<li>Coordenador (a) de Loja \u2013 Carapicu\u00edba \u2013 SP \u2013 Venda Interna;<\/li>\n<li>Coordenador (a) de Loja \u2013 Taubat\u00e9 \u2013 SP \u2013 Venda Interna;<\/li>\n<li>Auxiliar de Estoque \u2013 Jundia\u00ed \u2013 SP \u2013 Estoque, Armazenagem, Dep\u00f3sito;<\/li>\n<li>Auxiliar de Estoque \u2013 Ribeir\u00e3o Preto \u2013 SP \u2013 Estoque, Armazenagem, Dep\u00f3sito;<\/li>\n<li>Auxiliar de Estoque \u2013 Tiet\u00ea \u2013 S\u00e3o Paulo \u2013 SP \u2013 Estoque, Armazenagem, Dep\u00f3sito;<\/li>\n<li>Operador (a) de Caixa Part Time \u2013 Villa Lobos \u2013 S\u00e3o Paulo \u2013 SP \u2013 Atendimento;<\/li>\n<li>Operador (a) de Caixa Part Time \u2013 S\u00e3o Jos\u00e9 dos Campos \u2013 SP \u2013 Atendimento;<\/li>\n<li>Operador (a) de Caixa \u2013 Sorocaba \u2013 SP \u2013 Atendimento;<\/li>\n<li>Consultor (a) de Vendas Part Time \u2013 S\u00e3o Bernardo do Campo \u2013 SP \u2013 Venda T\u00e9cnica;<\/li>\n<li>Consultor (a) de Vendas \u2013 Jundia\u00ed \u2013 SP \u2013 Venda T\u00e9cnica.<\/li>\n<\/ul>\n<figure id=\"attachment_554669\" aria-describedby=\"caption-attachment-554669\" style=\"width: 1280px\" class=\"wp-caption alignnone\"><img data-recalc-dims=\"1\" fetchpriority=\"high\" decoding=\"async\" class=\"size-full wp-image-554669\" alt=\"Quer trabalhar na Mobly? Confira a lista de VAGAS ABERTAS!\" width=\"1280\" height=\"720\" srcset=\"https:\/\/noticiasconcursos.com.br\/wp-content\/uploads\/2023\/01\/noticiasconcursos.com.br-mobly-abre-novas-vagas-em-tres-cidades-img-2163.jpg 1280w, https:\/\/noticiasconcursos.com.br\/wp-content\/uploads\/2023\/01\/noticiasconcursos.com.br-mobly-abre-novas-vagas-em-tres-cidades-img-2163-300x169.jpg 300w, https:\/\/noticiasconcursos.com.br\/wp-content\/uploads\/2023\/01\/noticiasconcursos.com.br-mobly-abre-novas-vagas-em-tres-cidades-img-2163-1024x576.jpg 1024w, https:\/\/noticiasconcursos.com.br\/wp-content\/uploads\/2023\/01\/noticiasconcursos.com.br-mobly-abre-novas-vagas-em-tres-cidades-img-2163-768x432.jpg 768w\" data-lazy-sizes=\"(max-width: 1280px) 100vw, 1280px\" src=\"https:\/\/i0.wp.com\/noticiasconcursos.com.br\/wp-content\/uploads\/2023\/01\/noticiasconcursos.com.br-mobly-abre-novas-vagas-em-tres-cidades-img-2163.jpg?resize=1280%2C720&#038;ssl=1\"\/><noscript><img data-recalc-dims=\"1\" fetchpriority=\"high\" decoding=\"async\" class=\"size-full wp-image-554669\" src=\"https:\/\/i0.wp.com\/noticiasconcursos.com.br\/wp-content\/uploads\/2023\/01\/noticiasconcursos.com.br-mobly-abre-novas-vagas-em-tres-cidades-img-2163.jpg?resize=1280%2C720&#038;ssl=1\" alt=\"Quer trabalhar na Mobly? Confira a lista de VAGAS ABERTAS!\" width=\"1280\" height=\"720\" srcset=\"https:\/\/noticiasconcursos.com.br\/wp-content\/uploads\/2023\/01\/noticiasconcursos.com.br-mobly-abre-novas-vagas-em-tres-cidades-img-2163.jpg 1280w, https:\/\/noticiasconcursos.com.br\/wp-content\/uploads\/2023\/01\/noticiasconcursos.com.br-mobly-abre-novas-vagas-em-tres-cidades-img-2163-300x169.jpg 300w, https:\/\/noticiasconcursos.com.br\/wp-content\/uploads\/2023\/01\/noticiasconcursos.com.br-mobly-abre-novas-vagas-em-tres-cidades-img-2163-1024x576.jpg 1024w, https:\/\/noticiasconcursos.com.br\/wp-content\/uploads\/2023\/01\/noticiasconcursos.com.br-mobly-abre-novas-vagas-em-tres-cidades-img-2163-768x432.jpg 768w\" sizes=\"(max-width: 1280px) 100vw, 1280px\"\/><\/noscript><figcaption id=\"caption-attachment-554669\" class=\"wp-caption-text\">Mobly \u00e9 refer\u00eancia em diversas partes do Brasil. Foto: Divulga\u00e7\u00e3o.<\/figcaption><\/figure>\n<h3><strong>Mais sobre a Mobly\u00a0<\/strong><\/h3>\n<p>Dando mais detalhes sobre a Mobly, vale destacar que a companhia surgiu em novembro de 2011. Com sede em S\u00e3o Paulo, a empresa ainda conta com centros de distribui\u00e7\u00e3o em <a href=\"https:\/\/noticiasconcursos.com.br\/ewave-do-brasil-contrata-no-sudeste-e-no-sul-confira\/\">Minas Gerais e Santa Catarina<\/a>.<\/p>\n<p>A companhia, que a princ\u00edpio se lan\u00e7ou como <a href=\"https:\/\/noticiasconcursos.com.br\/a-revolucao-do-e-commerce-amazon-e-meta-se-unem-para-transformar-anuncios-em-vendas-diretas\/\">e-commerce<\/a> com mais de 200 mil artigos a venda, em 2019 inaugurou sua primeira loja f\u00edsica em S\u00e3o Paulo e tem ampliado sua atua\u00e7\u00e3o no com\u00e9rcio f\u00edsico desde ent\u00e3o \u2013 contando atualmente com 11 lojas f\u00edsicas.<\/p>\n<p>Em 2021, a Mobly celebrou sua oferta p\u00fablica de a\u00e7\u00f5es (IPO, na sigla em <a href=\"https:\/\/noticiasconcursos.com.br\/wizard-contrata-professor-de-ingles-zelador-e-muito-mais\/\">ingl\u00eas<\/a>). A a\u00e7\u00e3o foi considerada bem sucedida, com movimenta\u00e7\u00e3o de R$ 812 milh\u00f5es com o pre\u00e7o da a\u00e7\u00e3o fixado em R$ 21.<\/p>\n<h3><strong>Confira detalhes sobre como se candidatar<\/strong><\/h3>\n<p>Como voc\u00ea j\u00e1 p\u00f4de ver a lista de cargos da <strong>Mobly<\/strong>, \u00e9 s\u00f3 <strong><em><a href=\"https:\/\/www.infojobs.com.br\/mobly\/vagas\" target=\"_blank\" rel=\"noopener\">clicar nesse link<\/a><\/em><\/strong> para ir automaticamente \u00e0 p\u00e1gina do <strong>InfoJobs<\/strong>. Por l\u00e1, tudo o que voc\u00ea precisa fazer \u00e9 verificar todos os detalhes referentes \u00e0 vaga com aten\u00e7\u00e3o e se candidatar.<\/p>\n<div class=\"bs-irp left bs-irp-thumbnail-1\">\n<p>&#13;<br \/><span class=\"h-text heading-typo\">Voc\u00ea tamb\u00e9m pode gostar:<\/span>&#13; <\/p>\n<\/p><\/div>\n<p>Acesse agora mesmo o <strong>Not\u00edcias Concursos<\/strong> para se manter inteirado(a) em todas as principais not\u00edcias do pa\u00eds e ainda ficar ligado(a) nas diversas vagas de empregos espalhadas pelo <a href=\"https:\/\/noticiasconcursos.com.br\/urgente-oportunidade-final-para-receber-r-15-mil-atraves-do-auxilio-brasil\/\">Brasil<\/a>!<\/p>\n<\/p><\/div>\n<p><a href=\"https:\/\/noticiasconcursos.com.br\/quer-trabalhar-na-mobly-confira-a-lista-de-vagas-abertas\/\">Source link <\/a><\/p>\n<\/p><\/div>\n<p><br \/>\n<br \/><a href=\"https:\/\/ismaelcolosi.com.br\/quer-trabalhar-na-mobly-confira-a-lista-de-vagas-abertas\/\">Source link <\/a><\/p>\n<!-- CONTENT END 1 -->\n","protected":false},"excerpt":{"rendered":"<p>A Mobly, companhia brasileira que atua no segmento de home &amp; living, especializada na venda de m\u00f3veis e\u00a0decora\u00e7\u00e3o, est\u00e1 na procura por novos colaboradores para&#8230;<\/p>\n","protected":false},"author":1,"featured_media":19884,"comment_status":"open","ping_status":"open","sticky":false,"template":"","format":"standard","meta":{"advanced_seo_description":"","jetpack_seo_html_title":"","jetpack_seo_noindex":false,"jetpack_post_was_ever_published":false,"_jetpack_newsletter_access":"","_jetpack_dont_email_post_to_subs":false,"_jetpack_newsletter_tier_id":0,"_jetpack_memberships_contains_paywalled_content":false,"_jetpack_memberships_contains_paid_content":false,"footnotes":"","jetpack_publicize_message":"","jetpack_publicize_feature_enabled":true,"jetpack_social_post_already_shared":true,"jetpack_social_options":{"image_generator_settings":{"template":"highway","default_image_id":0,"font":"","enabled":false},"version":2}},"categories":[7],"tags":[],"class_list":["post-19883","post","type-post","status-publish","format-standard","has-post-thumbnail","hentry","category-vagas-de-empregos-em-ribeirao-preto-regiao-brasil"],"jetpack_publicize_connections":[],"jetpack_featured_media_url":"https:\/\/i0.wp.com\/noticiasribeiraopreto.com.br\/wp-content\/uploads\/2023\/12\/noticiasconcursos.com_.br-mobly-abre-novas-vagas-em-tres-cidades-img-2163.jpg?fit=1280%2C720&ssl=1","jetpack-related-posts":[{"id":44977,"url":"https:\/\/noticiasribeiraopreto.com.br\/index.php\/2024\/04\/01\/consultor-de-vendas-pleno-2\/","url_meta":{"origin":19883,"position":0},"title":"Consultor de Vendas Pleno","author":"noticiasribeiraopreto.com.br","date":"1 de April de 2024","format":false,"excerpt":"Vendedor de alta performanceRibeir\u00e3o Preto - SP View JobConsultor de Vendas Pleno Ribeir\u00e3o PretoView JobProdutor audiovisualRibeir\u00e3o Preto View JobAssistente de projetosRibeir\u00e3o Preto - SP View JobGerente de projetos Ribeir\u00e3o PretoView JobVendedor PlenoRibeir\u00e3o Preto - S\u00e3o PauloView JobDirector of Procurement\/ Chief Procurement Officer (CPO)Inland S\u00e3o PauloView JobAnalista de Departamento Pessoal PlenoSert\u00e3ozinho\u2026","rel":"","context":"In &quot;Vagas de Emprego em Ribeir\u00e3o Preto-SP&quot;","block_context":{"text":"Vagas de Emprego em Ribeir\u00e3o Preto-SP","link":"https:\/\/noticiasribeiraopreto.com.br\/index.php\/category\/empregos-classificados-vagas-trabalho\/vagas-de-empregos-em-ribeirao-preto-regiao-brasil\/"},"img":{"alt_text":"","src":"","width":0,"height":0},"classes":[]},{"id":44577,"url":"https:\/\/noticiasribeiraopreto.com.br\/index.php\/2024\/03\/28\/consultor-de-vendas-pleno\/","url_meta":{"origin":19883,"position":1},"title":"Consultor de Vendas Pleno","author":"noticiasribeiraopreto.com.br","date":"28 de March de 2024","format":false,"excerpt":"Vendedor de alta performanceRibeir\u00e3o Preto - SP View JobConsultor de Vendas Pleno Ribeir\u00e3o PretoView JobProdutor audiovisualRibeir\u00e3o Preto View JobAssistente de projetosRibeir\u00e3o Preto - SP View JobGerente de projetos Ribeir\u00e3o PretoView JobVendedor PlenoRibeir\u00e3o Preto - S\u00e3o PauloView JobDirector of Procurement\/ Chief Procurement Officer (CPO)Inland S\u00e3o PauloView JobAnalista de Departamento Pessoal PlenoSert\u00e3ozinho\u2026","rel":"","context":"In &quot;Vagas de Emprego em Ribeir\u00e3o Preto-SP&quot;","block_context":{"text":"Vagas de Emprego em Ribeir\u00e3o Preto-SP","link":"https:\/\/noticiasribeiraopreto.com.br\/index.php\/category\/empregos-classificados-vagas-trabalho\/vagas-de-empregos-em-ribeirao-preto-regiao-brasil\/"},"img":{"alt_text":"","src":"","width":0,"height":0},"classes":[]},{"id":47064,"url":"https:\/\/noticiasribeiraopreto.com.br\/index.php\/2024\/04\/19\/30-novas-vagas-de-emprego-em-ribeirao-preto-sp-97\/","url_meta":{"origin":19883,"position":2},"title":"30 novas vagas de emprego em Ribeir\u00e3o Preto-SP","author":"noticiasribeiraopreto.com.br","date":"19 de April de 2024","format":false,"excerpt":"Diretor Geral Interior de S\u00e3o Paulo.View JobConsultora assistente - assessoria Ribeir\u00e3o Preto View JobConsultora assistente de recrutamento e sele\u00e7\u00e3o Ribeir\u00e3o PretoView JobVendedor T\u00e9cnico Externo S\u00e3o Jos\u00e9 do Rio Preto - SPView JobAnalista de Recursos Humanos S\u00eanior Ribeir\u00e3o Preto - SPView JobVendedor de alta performanceRibeir\u00e3o Preto - SP View JobConsultor de\u2026","rel":"","context":"In &quot;Vagas de Emprego em Ribeir\u00e3o Preto-SP&quot;","block_context":{"text":"Vagas de Emprego em Ribeir\u00e3o Preto-SP","link":"https:\/\/noticiasribeiraopreto.com.br\/index.php\/category\/empregos-classificados-vagas-trabalho\/vagas-de-empregos-em-ribeirao-preto-regiao-brasil\/"},"img":{"alt_text":"","src":"","width":0,"height":0},"classes":[]},{"id":47065,"url":"https:\/\/noticiasribeiraopreto.com.br\/index.php\/2024\/04\/19\/30-novas-vagas-de-emprego-em-ribeirao-preto-sp-98\/","url_meta":{"origin":19883,"position":3},"title":"30 novas vagas de emprego em Ribeir\u00e3o Preto-SP","author":"noticiasribeiraopreto.com.br","date":"19 de April de 2024","format":false,"excerpt":"Diretor Geral Interior de S\u00e3o Paulo.View JobConsultora assistente - assessoria Ribeir\u00e3o Preto View JobConsultora assistente de recrutamento e sele\u00e7\u00e3o Ribeir\u00e3o PretoView JobVendedor T\u00e9cnico Externo S\u00e3o Jos\u00e9 do Rio Preto - SPView JobAnalista de Recursos Humanos S\u00eanior Ribeir\u00e3o Preto - SPView JobVendedor de alta performanceRibeir\u00e3o Preto - SP View JobConsultor de\u2026","rel":"","context":"In &quot;Vagas de Emprego em Ribeir\u00e3o Preto-SP&quot;","block_context":{"text":"Vagas de Emprego em Ribeir\u00e3o Preto-SP","link":"https:\/\/noticiasribeiraopreto.com.br\/index.php\/category\/empregos-classificados-vagas-trabalho\/vagas-de-empregos-em-ribeirao-preto-regiao-brasil\/"},"img":{"alt_text":"","src":"","width":0,"height":0},"classes":[]},{"id":45338,"url":"https:\/\/noticiasribeiraopreto.com.br\/index.php\/2024\/04\/03\/vendedor-de-alta-performance-3\/","url_meta":{"origin":19883,"position":4},"title":"Vendedor de alta performance","author":"noticiasribeiraopreto.com.br","date":"3 de April de 2024","format":false,"excerpt":"Vendedor de alta performanceRibeir\u00e3o Preto - SP View JobConsultor de Vendas Pleno Ribeir\u00e3o PretoView JobProdutor audiovisualRibeir\u00e3o Preto View JobAssistente de projetosRibeir\u00e3o Preto - SP View JobGerente de projetos Ribeir\u00e3o PretoView JobVendedor PlenoRibeir\u00e3o Preto - S\u00e3o PauloView JobDirector of Procurement\/ Chief Procurement Officer (CPO)Inland S\u00e3o PauloView JobAnalista de Departamento Pessoal PlenoSert\u00e3ozinho\u2026","rel":"","context":"In &quot;Vagas de Emprego em Ribeir\u00e3o Preto-SP&quot;","block_context":{"text":"Vagas de Emprego em Ribeir\u00e3o Preto-SP","link":"https:\/\/noticiasribeiraopreto.com.br\/index.php\/category\/empregos-classificados-vagas-trabalho\/vagas-de-empregos-em-ribeirao-preto-regiao-brasil\/"},"img":{"alt_text":"","src":"","width":0,"height":0},"classes":[]},{"id":44853,"url":"https:\/\/noticiasribeiraopreto.com.br\/index.php\/2024\/03\/31\/vendedor-de-alta-performance-2\/","url_meta":{"origin":19883,"position":5},"title":"Vendedor de alta performance","author":"noticiasribeiraopreto.com.br","date":"31 de March de 2024","format":false,"excerpt":"Vendedor de alta performanceRibeir\u00e3o Preto - SP View JobConsultor de Vendas Pleno Ribeir\u00e3o PretoView JobProdutor audiovisualRibeir\u00e3o Preto View JobAssistente de projetosRibeir\u00e3o Preto - SP View JobGerente de projetos Ribeir\u00e3o PretoView JobVendedor PlenoRibeir\u00e3o Preto - S\u00e3o PauloView JobDirector of Procurement\/ Chief Procurement Officer (CPO)Inland S\u00e3o PauloView JobAnalista de Departamento Pessoal PlenoSert\u00e3ozinho\u2026","rel":"","context":"In &quot;Vagas de Emprego em Ribeir\u00e3o Preto-SP&quot;","block_context":{"text":"Vagas de Emprego em Ribeir\u00e3o Preto-SP","link":"https:\/\/noticiasribeiraopreto.com.br\/index.php\/category\/empregos-classificados-vagas-trabalho\/vagas-de-empregos-em-ribeirao-preto-regiao-brasil\/"},"img":{"alt_text":"","src":"","width":0,"height":0},"classes":[]}],"jetpack_sharing_enabled":true,"jetpack_shortlink":"https:\/\/wp.me\/peQAOb-5aH","_links":{"self":[{"href":"https:\/\/noticiasribeiraopreto.com.br\/index.php\/wp-json\/wp\/v2\/posts\/19883","targetHints":{"allow":["GET"]}}],"collection":[{"href":"https:\/\/noticiasribeiraopreto.com.br\/index.php\/wp-json\/wp\/v2\/posts"}],"about":[{"href":"https:\/\/noticiasribeiraopreto.com.br\/index.php\/wp-json\/wp\/v2\/types\/post"}],"author":[{"embeddable":true,"href":"https:\/\/noticiasribeiraopreto.com.br\/index.php\/wp-json\/wp\/v2\/users\/1"}],"replies":[{"embeddable":true,"href":"https:\/\/noticiasribeiraopreto.com.br\/index.php\/wp-json\/wp\/v2\/comments?post=19883"}],"version-history":[{"count":0,"href":"https:\/\/noticiasribeiraopreto.com.br\/index.php\/wp-json\/wp\/v2\/posts\/19883\/revisions"}],"wp:featuredmedia":[{"embeddable":true,"href":"https:\/\/noticiasribeiraopreto.com.br\/index.php\/wp-json\/wp\/v2\/media\/19884"}],"wp:attachment":[{"href":"https:\/\/noticiasribeiraopreto.com.br\/index.php\/wp-json\/wp\/v2\/media?parent=19883"}],"wp:term":[{"taxonomy":"category","embeddable":true,"href":"https:\/\/noticiasribeiraopreto.com.br\/index.php\/wp-json\/wp\/v2\/categories?post=19883"},{"taxonomy":"post_tag","embeddable":true,"href":"https:\/\/noticiasribeiraopreto.com.br\/index.php\/wp-json\/wp\/v2\/tags?post=19883"}],"curies":[{"name":"wp","href":"https:\/\/api.w.org\/{rel}","templated":true}]}}