{"id":19968,"date":"2023-12-23T19:08:58","date_gmt":"2023-12-23T22:08:58","guid":{"rendered":"https:\/\/noticiasribeiraopreto.com.br\/index.php\/2023\/12\/23\/maior-turbina-eolica-brasileira-parceria-entre-weg-e-statkraft-revoluciona-cenario-da-energia-sustentavel\/"},"modified":"2023-12-23T19:08:58","modified_gmt":"2023-12-23T22:08:58","slug":"maior-turbina-eolica-brasileira-parceria-entre-weg-e-statkraft-revoluciona-cenario-da-energia-sustentavel","status":"publish","type":"post","link":"https:\/\/noticiasribeiraopreto.com.br\/index.php\/2023\/12\/23\/maior-turbina-eolica-brasileira-parceria-entre-weg-e-statkraft-revoluciona-cenario-da-energia-sustentavel\/","title":{"rendered":"Maior turbina e\u00f3lica brasileira: Parceria entre WEG e Statkraft revoluciona cen\u00e1rio da energia sustent\u00e1vel\u00a0"},"content":{"rendered":"<div class='code-block code-block-1' style='margin: 8px 0 8px auto; text-align: right; display: block; clear: both;'>\n<p><a href=\"https:\/\/wa.link\/vpicfd\"><img data-recalc-dims=\"1\" class=\"wp-image-4922\" style=\"aspect-ratio: 2.0253164556962027; width: 561px; height: auto;\" src=\"https:\/\/i0.wp.com\/ismaelcolosi.com.br\/wp-content\/uploads\/2023\/11\/grupo-de-empregos-whatsapp-e-facebook-ismael-colosi-vagas.jpg?ssl=1\" alt=\"\" \/><\/a><\/p>\n<!-- \/wp:image -->\n<\/div>\n<p> <br \/>\n<\/p>\n<div>\n<div>\n<figure><picture><source srcset=\"https:\/\/clickpetroleoegas.com.br\/wp-content\/uploads\/2023\/12\/aaaaaaaaaaaaaa-830x450.jpg.webp\" type=\"image\/webp\"><img data-recalc-dims=\"1\" loading=\"lazy\" width=\"830\" height=\"450\" src=\"https:\/\/i0.wp.com\/clickpetroleoegas.com.br\/wp-content\/uploads\/2023\/12\/aaaaaaaaaaaaaa-830x450.jpg?resize=830%2C450&#038;ssl=1\" class=\"fdnw-post-thumbnail fdnw-first-card-thumbnail wp-post-image\" alt=\"Turbina e\u00f3lica, energia, sustent\u00e1vel, WEG, Statkraft\" decoding=\"async\" data-eio=\"p\"\/><\/source><\/picture><figcaption class=\"fdnw-image-caption\">Foto: Reprodu\u00e7\u00e3o EPBR<\/figcaption><\/figure>\n<h2 class=\"wp-block-heading\" id=\"h-energia-sustentavel-em-grande-escala-a-gigante-turbina-eolica-da-weg-e-statkraft\">Energia sustent\u00e1vel em grande escala: A gigante turbina e\u00f3lica da WEG e Statkraft<\/h2>\n<p>Segundo o site Valor Econ\u00f4mico, a WEG, renomada fabricante catarinense, e a gigante norueguesa Statkraft unem for\u00e7as para transformar o cen\u00e1rio da energia e\u00f3lica no Brasil. <strong>Juntas, est\u00e3o prestes a inaugurar a maior <\/strong><a href=\"https:\/\/clickpetroleoegas.com.br\/conheca-a-nova-mini-turbina-eolica-impressa-em-3d-feita-de-biopolimeros-e-com-capacidade-de-producao-em-grande-escala\/\" target=\"_blank\" rel=\"noreferrer noopener\"><strong>turbina e\u00f3lica<\/strong><\/a><strong> em terra j\u00e1 produzida no pa\u00eds, marcando um avan\u00e7o significativo para a sustentabilidade energ\u00e9tica.<\/strong><\/p>\n<h2 class=\"wp-block-heading\" id=\"h-inovacao-e-eficiencia-detalhes-da-colaboracao-entre-weg-statkraft-e-petrobras\">Inova\u00e7\u00e3o e efici\u00eancia: Detalhes da colabora\u00e7\u00e3o entre WEG, Statkraft e Petrobras<\/h2>\n<p><strong>Resultado de uma colabora\u00e7\u00e3o estrat\u00e9gica com a Petrobras, o novo aerogerador de 7 megawatts, a ser instalado no Parque de Seabra, na Bahia, promete revolucionar o setor. <\/strong>Com 220 metros de altura, equivalente a seis vezes a estatura do Cristo Redentor, e um peso impressionante de 1830 toneladas, a gigante e\u00f3lica \u00e9 s\u00edmbolo de inova\u00e7\u00e3o e efici\u00eancia <a href=\"https:\/\/clickpetroleoegas.com.br\/construcao-naval-projeto-do-maior-porta-conteiner-do-mundo-movido-a-energia-nuclear-sera-desenvolvida-pela-china\/\" target=\"_blank\" rel=\"noreferrer noopener\">energ\u00e9tica<\/a>.<\/p>\n<p> <span class=\"fdnw-card-article-related\"> <span class=\"h4 fdnw-card-article-related-title\">Artigos recomendados<\/span> <\/span> <\/p>\n<h2 class=\"wp-block-heading\" id=\"h-alem-do-horizonte-perspectivas-para-a-energia-eolica-no-brasil-e-no-mundo\">Al\u00e9m do horizonte: Perspectivas para a energia e\u00f3lica no Brasil e no mundo<\/h2>\n<p>A expectativa vai al\u00e9m do sucesso local; as empresas visam novas oportunidades de neg\u00f3cios n\u00e3o apenas no Brasil, mas tamb\u00e9m internacionalmente. <strong>Este projeto pioneiro n\u00e3o s\u00f3 refor\u00e7a o compromisso com a produ\u00e7\u00e3o de energia limpa no pa\u00eds, mas abre portas para uma colabora\u00e7\u00e3o sustent\u00e1vel global.<\/strong> Conhe\u00e7a os detalhes que impulsionar\u00e3o a ind\u00fastria e\u00f3lica rumo a um futuro mais sustent\u00e1vel.<\/p>\n<h2 class=\"wp-block-heading\" id=\"h-saiba-mais\">Saiba mais<\/h2>\n<p>A parceria estrat\u00e9gica entre WEG e Statkraft est\u00e1 moldando o futuro da energia e\u00f3lica no Brasil.<strong> Com a iminente instala\u00e7\u00e3o da maior turbina e\u00f3lica em solo brasileiro, a colabora\u00e7\u00e3o entre essas empresas e a Petrobras destaca-se como um marco na busca por solu\u00e7\u00f5es <\/strong><a href=\"https:\/\/clickpetroleoegas.com.br\/conheca-nova-bateria-de-ions-de-magnesio-com-alta-densidade-de-energia-eficiencia-e-sustentabilidade\/\" target=\"_blank\" rel=\"noreferrer noopener\"><strong>sustent\u00e1veis<\/strong><\/a><strong>.<\/strong> N\u00e3o apenas uma conquista t\u00e9cnica, mas um passo significativo em dire\u00e7\u00e3o a um futuro onde a inova\u00e7\u00e3o e a efici\u00eancia energ\u00e9tica caminham lado a lado. Este \u00e9 apenas o come\u00e7o de uma jornada que promete impactar positivamente n\u00e3o s\u00f3 o cen\u00e1rio energ\u00e9tico brasileiro, mas tamb\u00e9m contribuir para um mundo mais sustent\u00e1vel.<\/p>\n<div class=\"code-block code-block-10\" style=\"margin: 8px auto; text-align: center; display: block; clear: both;\">\n<hr class=\"wp-block-separator has-alpha-channel-opacity is-style-wide\"\/>\n<p>Voc\u00ea quer receber apenas not\u00edcias e vagas de emprego do seu interesse? A solu\u00e7\u00e3o chegou atrav\u00e9s do app <a href=\"https:\/\/play.google.com\/store\/apps\/details?id=com.clickpetroleoapp&amp;hl=pt&amp;gl=US\" class=\"external\" rel=\"nofollow noopener\" target=\"_blank\"><strong>CPG VAGAS E NOT\u00cdCIAS!<\/strong><\/a> Se voc\u00ea \u00e9 pintor, vai receber no seu celular apenas oportunidades neste cargo. E ser\u00e1 assim com pedreiro, t\u00e9cnico, engenheiro e etc\u2026.. N\u00e3o perca nada do que acontece no mercado de trabalho e econ\u00f4mico do Brasil, baixe agora o app <a href=\"https:\/\/play.google.com\/store\/apps\/details?id=com.clickpetroleoapp&amp;hl=pt&amp;gl=US\" class=\"external\" rel=\"nofollow noopener\" target=\"_blank\">CPG VAGAS E NOT\u00cdCIAS, dispon\u00edvel para Android e IOS!<\/a><\/p>\n<figure class=\"wp-block-image aligncenter size-full\"><a href=\"https:\/\/play.google.com\/store\/apps\/details?id=com.clickpetroleoapp&amp;hl=pt&amp;gl=US\" target=\"_blank\" rel=\"noreferrer noopener nofollow\" class=\"external\"><img data-recalc-dims=\"1\" decoding=\"async\" width=\"1280\" height=\"387\" alt=\"APP CPG VAGAS E NOT\u00cdCIAS\" class=\"wp-image-105306 ewww_webp_lazy_load lazy\" src=\"https:\/\/i0.wp.com\/clickpetroleoegas.com.br\/wp-content\/uploads\/2023\/09\/Aplicativo-de-vagas-de-empregos-e-noticias-da-sua-regiao.jpg.webp?resize=1280%2C387&#038;ssl=1\" loading=\"lazy\"\/><noscript><img data-recalc-dims=\"1\" loading=\"lazy\" decoding=\"async\" width=\"1280\" height=\"387\" alt=\"APP CPG VAGAS E NOT\u00cdCIAS\" class=\"wp-image-105306 ewww_webp_lazy_load\" src=\"https:\/\/i0.wp.com\/clickpetroleoegas.com.br\/wp-content\/uploads\/2023\/09\/Aplicativo-de-vagas-de-empregos-e-noticias-da-sua-regiao.jpg.webp?resize=1280%2C387&#038;ssl=1\"\/><\/noscript><noscript><img data-recalc-dims=\"1\" loading=\"lazy\" decoding=\"async\" width=\"1280\" height=\"387\" src=\"https:\/\/i0.wp.com\/clickpetroleoegas.com.br\/wp-content\/uploads\/2023\/09\/Aplicativo-de-vagas-de-empregos-e-noticias-da-sua-regiao.jpg?resize=1280%2C387&#038;ssl=1\" alt=\"APP CPG VAGAS E NOT\u00cdCIAS\" class=\"wp-image-105306\"\/><\/noscript><\/a><\/figure>\n<\/p><\/div>\n<\/p><\/div>\n<p><a href=\"https:\/\/clickpetroleoegas.com.br\/maior-turbina-eolica-brasileira-parceria-entre-weg-e-statkraft-revoluciona-cenario-da-energia-sustentavel\/\">Source link <\/a><\/p>\n<\/p><\/div>\n<p><script type=\"text\/plain\" data-service=\"facebook\" data-category=\"marketing\">\n!function(f,b,e,v,n,t,s)\n{if(f.fbq)return;n=f.fbq=function(){n.callMethod?\nn.callMethod.apply(n,arguments):n.queue.push(arguments)};\nif(!f._fbq)f._fbq=n;n.push=n;n.loaded=!0;n.version='2.0';\nn.queue=[];t=b.createElement(e);t.async=!0;\nt.src=v;s=b.getElementsByTagName(e)[0];\ns.parentNode.insertBefore(t,s)}(window, document,'script',\n'https:\/\/connect.facebook.net\/en_US\/fbevents.js');\nfbq('init', '5536651029690406');\nfbq('track', 'PageView');\n<\/script><script type=\"text\/plain\" data-service=\"facebook\" data-category=\"marketing\" async defer crossorigin=\"anonymous\" data-rocket-data-cmplz-src=\"https:\/\/connect.facebook.net\/en_US\/sdk.js#xfbml=1&#038;version=v12.0&amp;appId=1127332727839552&#038;autoLogAppEvents=1\">\n<\/script><br \/>\n<br \/><br \/>\n<br \/><a href=\"https:\/\/ismaelcolosi.com.br\/maior-turbina-eolica-brasileira-parceria-entre-weg-e-statkraft-revoluciona-cenario-da-energia-sustentavel\/\">Source link <\/a><\/p>\n<!-- CONTENT END 1 -->\n","protected":false},"excerpt":{"rendered":"<p>Foto: Reprodu\u00e7\u00e3o EPBR Energia sustent\u00e1vel em grande escala: A gigante turbina e\u00f3lica da WEG e Statkraft Segundo o site Valor Econ\u00f4mico, a WEG, renomada fabricante&#8230;<\/p>\n","protected":false},"author":1,"featured_media":19969,"comment_status":"open","ping_status":"open","sticky":false,"template":"","format":"standard","meta":{"advanced_seo_description":"","jetpack_seo_html_title":"","jetpack_seo_noindex":false,"jetpack_post_was_ever_published":false,"_jetpack_newsletter_access":"","_jetpack_dont_email_post_to_subs":false,"_jetpack_newsletter_tier_id":0,"_jetpack_memberships_contains_paywalled_content":false,"_jetpack_memberships_contains_paid_content":false,"footnotes":"","jetpack_publicize_message":"","jetpack_publicize_feature_enabled":true,"jetpack_social_post_already_shared":true,"jetpack_social_options":{"image_generator_settings":{"template":"highway","default_image_id":0,"font":"","enabled":false},"version":2}},"categories":[7],"tags":[],"class_list":["post-19968","post","type-post","status-publish","format-standard","has-post-thumbnail","hentry","category-vagas-de-empregos-em-ribeirao-preto-regiao-brasil"],"jetpack_publicize_connections":[],"jetpack_featured_media_url":"https:\/\/i0.wp.com\/noticiasribeiraopreto.com.br\/wp-content\/uploads\/2023\/12\/aaaaaaaaaaaaaa-830x450.jpg?fit=830%2C450&ssl=1","jetpack-related-posts":[{"id":21696,"url":"https:\/\/noticiasribeiraopreto.com.br\/index.php\/2023\/12\/28\/conheca-a-maior-a-maior-turbina-eolica-do-mundo-inovacao-colossal-de-292-metros-e-area-equivalente-a-9-campos-de-futebol-e-capaz-de-abastecer-96-mil-residencias\/","url_meta":{"origin":19968,"position":0},"title":"Conhe\u00e7a a maior a maior turbina e\u00f3lica do mundo: inova\u00e7\u00e3o colossal de 292 metros e \u00e1rea equivalente a 9 campos de futebol, \u00e9 capaz de abastecer 96 mil resid\u00eancias!","author":"noticiasribeiraopreto.com.br","date":"28 de December de 2023","format":false,"excerpt":"Foto: Reprodu\u00e7\u00e3o Motor Pasion Segundo o site Motor Pasion, a\u00a0 MingYang, uma pot\u00eancia chinesa no setor aeroespacial, continua a moldar o futuro da energia renov\u00e1vel com a introdu\u00e7\u00e3o da MySE 18.X-20MW, atualmente detentora do t\u00edtulo de maior turbina e\u00f3lica offshore do mundo. Essa colossal inova\u00e7\u00e3o, com um rotor gigantesco de\u2026","rel":"","context":"In &quot;Vagas de Emprego em Ribeir\u00e3o Preto-SP&quot;","block_context":{"text":"Vagas de Emprego em Ribeir\u00e3o Preto-SP","link":"https:\/\/noticiasribeiraopreto.com.br\/index.php\/category\/empregos-classificados-vagas-trabalho\/vagas-de-empregos-em-ribeirao-preto-regiao-brasil\/"},"img":{"alt_text":"","src":"https:\/\/i0.wp.com\/noticiasribeiraopreto.com.br\/wp-content\/uploads\/2023\/12\/1366_2000-830x450.jpeg?fit=830%2C450&ssl=1&resize=350%2C200","width":350,"height":200,"srcset":"https:\/\/i0.wp.com\/noticiasribeiraopreto.com.br\/wp-content\/uploads\/2023\/12\/1366_2000-830x450.jpeg?fit=830%2C450&ssl=1&resize=350%2C200 1x, https:\/\/i0.wp.com\/noticiasribeiraopreto.com.br\/wp-content\/uploads\/2023\/12\/1366_2000-830x450.jpeg?fit=830%2C450&ssl=1&resize=525%2C300 1.5x, https:\/\/i0.wp.com\/noticiasribeiraopreto.com.br\/wp-content\/uploads\/2023\/12\/1366_2000-830x450.jpeg?fit=830%2C450&ssl=1&resize=700%2C400 2x"},"classes":[]},{"id":19249,"url":"https:\/\/noticiasribeiraopreto.com.br\/index.php\/2023\/12\/22\/vestas-conquista-grande-encomenda-de-turbinas-eolicas-na-alemanha-e-impulsiona-seus-negocios\/","url_meta":{"origin":19968,"position":1},"title":"Vestas conquista grande encomenda de turbinas e\u00f3licas na Alemanha e impulsiona seus neg\u00f3cios.","author":"noticiasribeiraopreto.com.br","date":"22 de December de 2023","format":false,"excerpt":"Pedido de turbinas e\u00f3licas na Alemanha impulsiona a Vestas \u2013 FOTO: \u00a92023 Re News.Biz A BayWa encomendou oito turbinas e\u00f3licas V162-5,6MW da Vestas para o projeto Dollenkamp em Brakel, Ren\u00e2nia do Norte-Vestf\u00e1lia, Alemanha. O contrato inclui fornecimento, entrega e comissionamento das turbinas, bem como um contrato de servi\u00e7o de 20\u2026","rel":"","context":"In &quot;Vagas de Emprego em Ribeir\u00e3o Preto-SP&quot;","block_context":{"text":"Vagas de Emprego em Ribeir\u00e3o Preto-SP","link":"https:\/\/noticiasribeiraopreto.com.br\/index.php\/category\/empregos-classificados-vagas-trabalho\/vagas-de-empregos-em-ribeirao-preto-regiao-brasil\/"},"img":{"alt_text":"","src":"https:\/\/i0.wp.com\/noticiasribeiraopreto.com.br\/wp-content\/uploads\/2023\/12\/vestas-conquista-grande-encomenda-de-turbinas-eolicas-na-alemanha-e-impulsiona-seus-negocios.jpg?fit=625%2C450&ssl=1&resize=350%2C200","width":350,"height":200,"srcset":"https:\/\/i0.wp.com\/noticiasribeiraopreto.com.br\/wp-content\/uploads\/2023\/12\/vestas-conquista-grande-encomenda-de-turbinas-eolicas-na-alemanha-e-impulsiona-seus-negocios.jpg?fit=625%2C450&ssl=1&resize=350%2C200 1x, https:\/\/i0.wp.com\/noticiasribeiraopreto.com.br\/wp-content\/uploads\/2023\/12\/vestas-conquista-grande-encomenda-de-turbinas-eolicas-na-alemanha-e-impulsiona-seus-negocios.jpg?fit=625%2C450&ssl=1&resize=525%2C300 1.5x"},"classes":[]},{"id":18426,"url":"https:\/\/noticiasribeiraopreto.com.br\/index.php\/2023\/12\/20\/gazelle-e-tugdock-firmam-parceria-pioneira-em-energia-eolica-offshore-flutuante-renews-noticias-de-energia-renovavel\/","url_meta":{"origin":19968,"position":2},"title":"Gazelle e Tugdock firmam parceria pioneira em energia e\u00f3lica offshore flutuante &#8211; reNews &#8211; Not\u00edcias de Energia Renov\u00e1vel","author":"noticiasribeiraopreto.com.br","date":"20 de December de 2023","format":false,"excerpt":"Parceria pioneira em energia e\u00f3lica offshore flutuante \u2013 FOTO: \u00a92023 Re News.Biz Par para co-desenvolver sistema modular de montagem e\u00f3lica offshore no Mar Adri\u00e1tico, utilizando Plataforma Submers\u00edvel e turbinas. A empresa Gazelle Wind Power e a Tugdock, especializada em plataformas e\u00f3licas flutuantes, fecharam um acordo para co-desenvolver um sistema modular\u2026","rel":"","context":"In &quot;Vagas de Emprego em Ribeir\u00e3o Preto-SP&quot;","block_context":{"text":"Vagas de Emprego em Ribeir\u00e3o Preto-SP","link":"https:\/\/noticiasribeiraopreto.com.br\/index.php\/category\/empregos-classificados-vagas-trabalho\/vagas-de-empregos-em-ribeirao-preto-regiao-brasil\/"},"img":{"alt_text":"","src":"https:\/\/i0.wp.com\/noticiasribeiraopreto.com.br\/wp-content\/uploads\/2023\/12\/gazelle-e-tugdock-firmam-parceria-pioneira-em-energia-eolica-offshore-flutuante-renews-noticias-de-energia-renovavel-830x450.jpg?fit=830%2C450&ssl=1&resize=350%2C200","width":350,"height":200,"srcset":"https:\/\/i0.wp.com\/noticiasribeiraopreto.com.br\/wp-content\/uploads\/2023\/12\/gazelle-e-tugdock-firmam-parceria-pioneira-em-energia-eolica-offshore-flutuante-renews-noticias-de-energia-renovavel-830x450.jpg?fit=830%2C450&ssl=1&resize=350%2C200 1x, https:\/\/i0.wp.com\/noticiasribeiraopreto.com.br\/wp-content\/uploads\/2023\/12\/gazelle-e-tugdock-firmam-parceria-pioneira-em-energia-eolica-offshore-flutuante-renews-noticias-de-energia-renovavel-830x450.jpg?fit=830%2C450&ssl=1&resize=525%2C300 1.5x, https:\/\/i0.wp.com\/noticiasribeiraopreto.com.br\/wp-content\/uploads\/2023\/12\/gazelle-e-tugdock-firmam-parceria-pioneira-em-energia-eolica-offshore-flutuante-renews-noticias-de-energia-renovavel-830x450.jpg?fit=830%2C450&ssl=1&resize=700%2C400 2x"},"classes":[]},{"id":15697,"url":"https:\/\/noticiasribeiraopreto.com.br\/index.php\/2023\/12\/14\/projeto-noruegues-para-desenvolver-solucao-de-elevacao-offshore-controlada-remotamente-renews-noticias-de-energia-renovavel\/","url_meta":{"origin":19968,"position":3},"title":"Projeto noruegu\u00eas para desenvolver solu\u00e7\u00e3o de eleva\u00e7\u00e3o offshore controlada remotamente &#8211; reNews &#8211; Not\u00edcias de Energia Renov\u00e1vel","author":"noticiasribeiraopreto.com.br","date":"14 de December de 2023","format":false,"excerpt":"Desenvolvimento de solu\u00e7\u00e3o de eleva\u00e7\u00e3o autom\u00e1tica e controlada remotamente para turbinas e\u00f3licas offshore \u2013 FOTO: \u00a92023 Re News.Biz Um cons\u00f3rcio l\u00edder em desenvolvimento de projetos recebeu uma subven\u00e7\u00e3o norueguesa condicional para desenvolver uma solu\u00e7\u00e3o de eleva\u00e7\u00e3o autom\u00e1tica e controlada remotamente para a ind\u00fastria e\u00f3lica offshore. A subven\u00e7\u00e3o de 75,2 milh\u00f5es\u2026","rel":"","context":"In &quot;Vagas de Emprego em Ribeir\u00e3o Preto-SP&quot;","block_context":{"text":"Vagas de Emprego em Ribeir\u00e3o Preto-SP","link":"https:\/\/noticiasribeiraopreto.com.br\/index.php\/category\/empregos-classificados-vagas-trabalho\/vagas-de-empregos-em-ribeirao-preto-regiao-brasil\/"},"img":{"alt_text":"","src":"https:\/\/i0.wp.com\/noticiasribeiraopreto.com.br\/wp-content\/uploads\/2023\/12\/projeto-noruegues-para-desenvolver-solucao-de-elevacao-offshore-controlada-remotamente-renews-noticias-de-energia-renovavel.jpg?fit=770%2C440&ssl=1&resize=350%2C200","width":350,"height":200,"srcset":"https:\/\/i0.wp.com\/noticiasribeiraopreto.com.br\/wp-content\/uploads\/2023\/12\/projeto-noruegues-para-desenvolver-solucao-de-elevacao-offshore-controlada-remotamente-renews-noticias-de-energia-renovavel.jpg?fit=770%2C440&ssl=1&resize=350%2C200 1x, https:\/\/i0.wp.com\/noticiasribeiraopreto.com.br\/wp-content\/uploads\/2023\/12\/projeto-noruegues-para-desenvolver-solucao-de-elevacao-offshore-controlada-remotamente-renews-noticias-de-energia-renovavel.jpg?fit=770%2C440&ssl=1&resize=525%2C300 1.5x, https:\/\/i0.wp.com\/noticiasribeiraopreto.com.br\/wp-content\/uploads\/2023\/12\/projeto-noruegues-para-desenvolver-solucao-de-elevacao-offshore-controlada-remotamente-renews-noticias-de-energia-renovavel.jpg?fit=770%2C440&ssl=1&resize=700%2C400 2x"},"classes":[]},{"id":15855,"url":"https:\/\/noticiasribeiraopreto.com.br\/index.php\/2023\/12\/14\/conheca-a-piramide-eolica-offshore-que-promete-cortar-custos-e-elevar-a-producao-de-energia-limpa\/","url_meta":{"origin":19968,"position":4},"title":"Conhe\u00e7a a pir\u00e2mide e\u00f3lica offshore que promete CORTAR CUSTOS e elevar a produ\u00e7\u00e3o de energia limpa\u00a0","author":"noticiasribeiraopreto.com.br","date":"14 de December de 2023","format":false,"excerpt":"Foto: Olhar Digital\/Reprodu\u00e7\u00e3o Empresa dos EUA anuncia prot\u00f3tipo de uma pir\u00e2mide de energia e\u00f3lica. A vers\u00e3o final da pir\u00e2mide e\u00f3lica offshore poder\u00e1 ter at\u00e9 120 metros de altura. A energia e\u00f3lica tem capacidade para transformar energia cin\u00e9tica do movimento em energia el\u00e9trica de forma muito mais barata e sem gerar\u2026","rel":"","context":"In &quot;Vagas de Emprego em Ribeir\u00e3o Preto-SP&quot;","block_context":{"text":"Vagas de Emprego em Ribeir\u00e3o Preto-SP","link":"https:\/\/noticiasribeiraopreto.com.br\/index.php\/category\/empregos-classificados-vagas-trabalho\/vagas-de-empregos-em-ribeirao-preto-regiao-brasil\/"},"img":{"alt_text":"","src":"https:\/\/i0.wp.com\/noticiasribeiraopreto.com.br\/wp-content\/uploads\/2023\/12\/Conheca-a-piramide-eolica-offshore-que-promete-CORTAR-CUSTOS-e-elevar-a-producao-de-energia-limpa-830x450.jpg?fit=830%2C450&ssl=1&resize=350%2C200","width":350,"height":200,"srcset":"https:\/\/i0.wp.com\/noticiasribeiraopreto.com.br\/wp-content\/uploads\/2023\/12\/Conheca-a-piramide-eolica-offshore-que-promete-CORTAR-CUSTOS-e-elevar-a-producao-de-energia-limpa-830x450.jpg?fit=830%2C450&ssl=1&resize=350%2C200 1x, https:\/\/i0.wp.com\/noticiasribeiraopreto.com.br\/wp-content\/uploads\/2023\/12\/Conheca-a-piramide-eolica-offshore-que-promete-CORTAR-CUSTOS-e-elevar-a-producao-de-energia-limpa-830x450.jpg?fit=830%2C450&ssl=1&resize=525%2C300 1.5x, https:\/\/i0.wp.com\/noticiasribeiraopreto.com.br\/wp-content\/uploads\/2023\/12\/Conheca-a-piramide-eolica-offshore-que-promete-CORTAR-CUSTOS-e-elevar-a-producao-de-energia-limpa-830x450.jpg?fit=830%2C450&ssl=1&resize=700%2C400 2x"},"classes":[]},{"id":16240,"url":"https:\/\/noticiasribeiraopreto.com.br\/index.php\/2023\/12\/15\/vestas-e-ilmatar-se-unem-em-parceria-para-projeto-eolico-finlandes-de-186-mw\/","url_meta":{"origin":19968,"position":5},"title":"Vestas e Ilmatar se unem em parceria para projeto e\u00f3lico finland\u00eas de 186 MW","author":"noticiasribeiraopreto.com.br","date":"15 de December de 2023","format":false,"excerpt":"Ilmatar e Vestas anunciam coopera\u00e7\u00e3o para projeto e\u00f3lico finland\u00eas \u2013 FOTO: \u00a92023 Re News.Biz Contrato para fornecimento, entrega e comissionamento de 30 turbinas e\u00f3licas V162-6,2 MW.Pedido firme para o projeto Pahkakoski. Energias renov\u00e1veis e transi\u00e7\u00e3o verde. A Ilmatar fez um pedido firme \u00e0 Vestas para o projeto Pahkakoski, localizado a\u2026","rel":"","context":"In &quot;Vagas de Emprego em Ribeir\u00e3o Preto-SP&quot;","block_context":{"text":"Vagas de Emprego em Ribeir\u00e3o Preto-SP","link":"https:\/\/noticiasribeiraopreto.com.br\/index.php\/category\/empregos-classificados-vagas-trabalho\/vagas-de-empregos-em-ribeirao-preto-regiao-brasil\/"},"img":{"alt_text":"","src":"https:\/\/i0.wp.com\/noticiasribeiraopreto.com.br\/wp-content\/uploads\/2023\/12\/vestas-e-ilmatar-se-unem-em-parceria-para-projeto-eolico-finlandes-de-186-mw.jpg?fit=770%2C440&ssl=1&resize=350%2C200","width":350,"height":200,"srcset":"https:\/\/i0.wp.com\/noticiasribeiraopreto.com.br\/wp-content\/uploads\/2023\/12\/vestas-e-ilmatar-se-unem-em-parceria-para-projeto-eolico-finlandes-de-186-mw.jpg?fit=770%2C440&ssl=1&resize=350%2C200 1x, https:\/\/i0.wp.com\/noticiasribeiraopreto.com.br\/wp-content\/uploads\/2023\/12\/vestas-e-ilmatar-se-unem-em-parceria-para-projeto-eolico-finlandes-de-186-mw.jpg?fit=770%2C440&ssl=1&resize=525%2C300 1.5x, https:\/\/i0.wp.com\/noticiasribeiraopreto.com.br\/wp-content\/uploads\/2023\/12\/vestas-e-ilmatar-se-unem-em-parceria-para-projeto-eolico-finlandes-de-186-mw.jpg?fit=770%2C440&ssl=1&resize=700%2C400 2x"},"classes":[]}],"jetpack_sharing_enabled":true,"jetpack_shortlink":"https:\/\/wp.me\/peQAOb-5c4","_links":{"self":[{"href":"https:\/\/noticiasribeiraopreto.com.br\/index.php\/wp-json\/wp\/v2\/posts\/19968","targetHints":{"allow":["GET"]}}],"collection":[{"href":"https:\/\/noticiasribeiraopreto.com.br\/index.php\/wp-json\/wp\/v2\/posts"}],"about":[{"href":"https:\/\/noticiasribeiraopreto.com.br\/index.php\/wp-json\/wp\/v2\/types\/post"}],"author":[{"embeddable":true,"href":"https:\/\/noticiasribeiraopreto.com.br\/index.php\/wp-json\/wp\/v2\/users\/1"}],"replies":[{"embeddable":true,"href":"https:\/\/noticiasribeiraopreto.com.br\/index.php\/wp-json\/wp\/v2\/comments?post=19968"}],"version-history":[{"count":0,"href":"https:\/\/noticiasribeiraopreto.com.br\/index.php\/wp-json\/wp\/v2\/posts\/19968\/revisions"}],"wp:featuredmedia":[{"embeddable":true,"href":"https:\/\/noticiasribeiraopreto.com.br\/index.php\/wp-json\/wp\/v2\/media\/19969"}],"wp:attachment":[{"href":"https:\/\/noticiasribeiraopreto.com.br\/index.php\/wp-json\/wp\/v2\/media?parent=19968"}],"wp:term":[{"taxonomy":"category","embeddable":true,"href":"https:\/\/noticiasribeiraopreto.com.br\/index.php\/wp-json\/wp\/v2\/categories?post=19968"},{"taxonomy":"post_tag","embeddable":true,"href":"https:\/\/noticiasribeiraopreto.com.br\/index.php\/wp-json\/wp\/v2\/tags?post=19968"}],"curies":[{"name":"wp","href":"https:\/\/api.w.org\/{rel}","templated":true}]}}