{"id":19988,"date":"2023-12-23T20:35:18","date_gmt":"2023-12-23T23:35:18","guid":{"rendered":"https:\/\/noticiasribeiraopreto.com.br\/index.php\/2023\/12\/23\/festa-da-uva-de-jundiai-sp-e-opcao-de-passeio-nas-ferias\/"},"modified":"2023-12-23T20:35:18","modified_gmt":"2023-12-23T23:35:18","slug":"festa-da-uva-de-jundiai-sp-e-opcao-de-passeio-nas-ferias","status":"publish","type":"post","link":"https:\/\/noticiasribeiraopreto.com.br\/index.php\/2023\/12\/23\/festa-da-uva-de-jundiai-sp-e-opcao-de-passeio-nas-ferias\/","title":{"rendered":"Festa da Uva de Jundia\u00ed (SP) \u00e9 op\u00e7\u00e3o de passeio nas f\u00e9rias"},"content":{"rendered":"<div class='code-block code-block-1' style='margin: 8px 0 8px auto; text-align: right; display: block; clear: both;'>\n<p><a href=\"https:\/\/wa.link\/vpicfd\"><img data-recalc-dims=\"1\" class=\"wp-image-4922\" style=\"aspect-ratio: 2.0253164556962027; width: 561px; height: auto;\" src=\"https:\/\/i0.wp.com\/ismaelcolosi.com.br\/wp-content\/uploads\/2023\/11\/grupo-de-empregos-whatsapp-e-facebook-ismael-colosi-vagas.jpg?ssl=1\" alt=\"\" \/><\/a><\/p>\n<!-- \/wp:image -->\n<\/div>\n<p> <br \/>\n<\/p>\n<div>\n<p>A tradicional Festa da Uva de Jundia\u00ed, no interior de SP, chega aos 90 anos e ter\u00e1 quatro finais de semana de programa\u00e7\u00e3o.<\/p>\n<p>Al\u00e9m de shows e degusta\u00e7\u00e3o de vinhos, os visitantes ter\u00e3o \u00e0 disposi\u00e7\u00e3o uma grande variedade de produtos \u00e0 base da fruta.<\/p>\n<div id=\"attachment_2330306\" class=\"wp-caption aligncenter\">\n<div class=\"d-flex justify-content-center\" data-attachment-id=\"2330306\">\n<div class=\"position-relative d-inline-block\"><img data-recalc-dims=\"1\" data-portal-copyright=\"Divulga\u00e7\u00e3o\" fetchpriority=\"high\" decoding=\"async\" class=\"wp-image-2330306 size-large\" src=\"https:\/\/i0.wp.com\/catracalivre.com.br\/wp-content\/uploads\/2023\/12\/cerimonia-de-pisa-da-uva-910x606.jpg?resize=910%2C606&#038;ssl=1\" alt=\"A Festa da Uva de Jundia\u00ed acontece de 11 de janeiro a 4 de fevereiro\" width=\"910\" height=\"606\" srcset=\"https:\/\/catracalivre.com.br\/wp-content\/uploads\/2023\/12\/cerimonia-de-pisa-da-uva-910x606.jpg 910w, https:\/\/catracalivre.com.br\/wp-content\/uploads\/2023\/12\/cerimonia-de-pisa-da-uva-450x300.jpg 450w, https:\/\/catracalivre.com.br\/wp-content\/uploads\/2023\/12\/cerimonia-de-pisa-da-uva-768x512.jpg 768w\" sizes=\"(max-width: 910px) 100vw, 910px\"\/><\/p>\n<p>Cr\u00e9ditos: Divulga\u00e7\u00e3o<\/p>\n<\/div>\n<\/div>\n<p><span class=\"post-imagem__legenda\">A Festa da Uva de Jundia\u00ed acontece de 11 de janeiro a 4 de fevereiro<\/span><\/p>\n<\/div>\n<p>Com entrada gratuita, a 39\u00aa edi\u00e7\u00e3o da Festa da Uva de Jundia\u00ed acontece de 11 de janeiro a 4 de fevereiro, sempre aos finais de semana \u2013sextas-feiras (das 18h \u00e0s 22h), s\u00e1bados (das 10h \u00e0s 22h) e domingos (das 10h \u00e0s 21h).<\/p>\n<p>S\u00e3o seis galp\u00f5es com 3 pavilh\u00f5es que abrigam mais de 170 expositores e 800 artistas em cinco palcos que v\u00e3o funcionar de forma simult\u00e2nea.<\/p>\n<p>O p\u00fablico pode participar de mais de 30 harmoniza\u00e7\u00f5es e workshops e das nove cerim\u00f4nias de pisa da uva, uma das principais atra\u00e7\u00f5es da festa.\u00a0A expectativa dos organizadores \u00e9 receber 300 mil visitantes.<\/p>\n<h2>Origem da Festa da Uva de Jundia\u00ed<\/h2>\n<p>A hist\u00f3ria da uva em Jundia\u00ed \u00e9 bastante antiga. Em 1669, quando a cidade era\u00a0apenas um povoado, o cart\u00f3rio do 1\u00ba Of\u00edcio j\u00e1 registrava a venda de vinho de uva\u00a0produzida na cidade. Mas foi somente no final do s\u00e9culo 19, com a chegada dos\u00a0imigrantes italianos, que a produ\u00e7\u00e3o ganhou for\u00e7a.<\/p>\n<div id=\"attachment_2330305\" class=\"wp-caption aligncenter\">\n<div class=\"d-flex justify-content-center\" data-attachment-id=\"2330305\">\n<div class=\"position-relative d-inline-block\"><img data-recalc-dims=\"1\" loading=\"lazy\" data-portal-copyright=\"Divulga\u00e7\u00e3o\" decoding=\"async\" class=\"wp-image-2330305\" src=\"https:\/\/i0.wp.com\/catracalivre.com.br\/wp-content\/uploads\/2023\/12\/parque-da-uva-1954.jpg?resize=800%2C600&#038;ssl=1\" alt=\"A primeira Festa da Uva de Jundia\u00ed aconteceu em 1934\" width=\"800\" height=\"600\" srcset=\"https:\/\/catracalivre.com.br\/wp-content\/uploads\/2023\/12\/parque-da-uva-1954.jpg 556w, https:\/\/catracalivre.com.br\/wp-content\/uploads\/2023\/12\/parque-da-uva-1954-450x338.jpg 450w\" sizes=\"auto, (max-width: 800px) 100vw, 800px\"\/><\/p>\n<p>Cr\u00e9ditos: Divulga\u00e7\u00e3o<\/p>\n<\/div>\n<\/div>\n<p><span class=\"post-imagem__legenda\">A primeira Festa da Uva de Jundia\u00ed aconteceu em 1934<\/span><\/p>\n<\/div>\n<p>Entretanto, foi em 1933 que a cidade ganhou destaque nacional na produ\u00e7\u00e3o,\u00a0quando, a partir de uma muta\u00e7\u00e3o gen\u00e9tica som\u00e1tica espont\u00e2nea, em meio\u00a0\u00e0 produ\u00e7\u00e3o da Niagara Branca, de origem americana, surgiu a variedade Rosada,\u00a0em\u00a0Jundia\u00ed.<\/p>\n<p>Essa muta\u00e7\u00e3o espont\u00e2nea chamou a aten\u00e7\u00e3o dos produtores e tamb\u00e9m dos\u00a0consumidores: a Niagara Rosada passou a ser conhecida nacionalmente e Jundia\u00ed,\u00a0por ser o ber\u00e7o desta variedade, passou a ser conhecida como a \u201cTerra da Uva\u201d,\u00a0o que se consolidou em 1934 com a realiza\u00e7\u00e3o da primeira Festa da Uva, que\u00a0trouxe para a cidade mais de 100 mil visitantes.<\/p>\n<p><strong>Festa da Uva<\/strong><br \/><strong>Onde:<\/strong> Parque da Uva \u2013 Parque Comendador Ant\u00f4nio Carbonari (Av. Jundia\u00ed, s\/n)<br \/><strong>Quando:<\/strong> de 11\/01 a 4\/04, aos finais de semana<br \/><strong>Entrada:<\/strong> Gratuita<br \/><strong>Informa\u00e7\u00f5es<\/strong>: festadauva.jundiai.sp.gov.br<\/p>\n<\/div>\n<p><script>\n\t\t! function(f, b, e, v, n, t, s) {\n\t\t\tif (f.fbq) return;\n\t\t\tn = f.fbq = function() {\n\t\t\t\tn.callMethod ?\n\t\t\t\t\tn.callMethod.apply(n, arguments) : n.queue.push(arguments)\n\t\t\t};\n\t\t\tif (!f._fbq) f._fbq = n;\n\t\t\tn.push = n;\n\t\t\tn.loaded = !0;\n\t\t\tn.version = '2.0';\n\t\t\tn.queue = [];\n\t\t\tt = b.createElement(e);\n\t\t\tt.async = !0;\n\t\t\tt.src = v;\n\t\t\ts = b.getElementsByTagName(e)[0];\n\t\t\ts.parentNode.insertBefore(t, s)\n\t\t}(window, document, 'script',\n\t\t\t'https:\/\/connect.facebook.net\/en_US\/fbevents.js');\n\t\tfbq('init', '338315473262380');\n\t\tfbq('track', 'PageView');\n\t<\/script><br \/>\n<br \/><br \/>\n<br \/><a href=\"https:\/\/catracalivre.com.br\/viagem-livre\/festa-da-uva-de-jundiai-sp-e-opcao-de-passeio-nas-ferias\/\">Source link <\/a><\/p>\n<!-- CONTENT END 1 -->\n","protected":false},"excerpt":{"rendered":"<p>A tradicional Festa da Uva de Jundia\u00ed, no interior de SP, chega aos 90 anos e ter\u00e1 quatro finais de semana de programa\u00e7\u00e3o. Al\u00e9m de&#8230;<\/p>\n","protected":false},"author":1,"featured_media":19989,"comment_status":"open","ping_status":"open","sticky":false,"template":"","format":"standard","meta":{"advanced_seo_description":"","jetpack_seo_html_title":"","jetpack_seo_noindex":false,"jetpack_post_was_ever_published":false,"_jetpack_newsletter_access":"","_jetpack_dont_email_post_to_subs":false,"_jetpack_newsletter_tier_id":0,"_jetpack_memberships_contains_paywalled_content":false,"_jetpack_memberships_contains_paid_content":false,"footnotes":"","jetpack_publicize_message":"","jetpack_publicize_feature_enabled":true,"jetpack_social_post_already_shared":true,"jetpack_social_options":{"image_generator_settings":{"template":"highway","default_image_id":0,"font":"","enabled":false},"version":2}},"categories":[19],"tags":[],"class_list":["post-19988","post","type-post","status-publish","format-standard","has-post-thumbnail","hentry","category-variedades"],"jetpack_publicize_connections":[],"jetpack_featured_media_url":"https:\/\/i0.wp.com\/noticiasribeiraopreto.com.br\/wp-content\/uploads\/2023\/12\/cerimonia-de-pisa-da-uva.jpg?fit=1200%2C638&ssl=1","jetpack-related-posts":[{"id":15663,"url":"https:\/\/noticiasribeiraopreto.com.br\/index.php\/2023\/12\/14\/vinicola-em-sao-roque-sp-celebra-colheita-da-uva-com-festa\/","url_meta":{"origin":19988,"position":0},"title":"Vin\u00edcola em S\u00e3o Roque (SP) celebra colheita da uva com festa","author":"noticiasribeiraopreto.com.br","date":"14 de December de 2023","format":false,"excerpt":"Procurando dica de passeio para fazer pertinho de S\u00e3o Paulo? A Vin\u00edcola G\u00f3es, localizada em S\u00e3o Roque (66 km da capital), promove entre os dias 20 de janeiro e 4 de fevereiro sua tradicional festa da colheita da uva. A Festa da Vindima \u00e9 uma experi\u00eancia sensorial completa, que oferece\u2026","rel":"","context":"In &quot;Variedades&quot;","block_context":{"text":"Variedades","link":"https:\/\/noticiasribeiraopreto.com.br\/index.php\/category\/variedades\/"},"img":{"alt_text":"","src":"https:\/\/i0.wp.com\/noticiasribeiraopreto.com.br\/wp-content\/uploads\/2023\/12\/vindima31.jpg?fit=1200%2C638&ssl=1&resize=350%2C200","width":350,"height":200,"srcset":"https:\/\/i0.wp.com\/noticiasribeiraopreto.com.br\/wp-content\/uploads\/2023\/12\/vindima31.jpg?fit=1200%2C638&ssl=1&resize=350%2C200 1x, https:\/\/i0.wp.com\/noticiasribeiraopreto.com.br\/wp-content\/uploads\/2023\/12\/vindima31.jpg?fit=1200%2C638&ssl=1&resize=525%2C300 1.5x, https:\/\/i0.wp.com\/noticiasribeiraopreto.com.br\/wp-content\/uploads\/2023\/12\/vindima31.jpg?fit=1200%2C638&ssl=1&resize=700%2C400 2x, https:\/\/i0.wp.com\/noticiasribeiraopreto.com.br\/wp-content\/uploads\/2023\/12\/vindima31.jpg?fit=1200%2C638&ssl=1&resize=1050%2C600 3x"},"classes":[]},{"id":39519,"url":"https:\/\/noticiasribeiraopreto.com.br\/index.php\/2024\/02\/26\/saiba-quais-cidades-da-regiao-de-ribeirao-preto-tem-festa-da-cultura-italiana\/","url_meta":{"origin":19988,"position":1},"title":"Saiba quais cidades da regi\u00e3o de Ribeir\u00e3o Preto t\u00eam festa da cultura italiana","author":"noticiasribeiraopreto.com.br","date":"26 de February de 2024","format":false,"excerpt":"Para homenagear os 150 anos de Imigra\u00e7\u00e3o Italiana no Brasil, a Secretaria de Turismo e Viagens do Estado de S\u00e3o Paulo listou 20 munic\u00edpios que realizam atividades italianas. Todas ser\u00e3o citadas em um guia tem\u00e1tico, que est\u00e1 sendo preparado pela pasta. Na regi\u00e3o de Ribeir\u00e3o Preto, quatro cidades aparecem na\u2026","rel":"","context":"In &quot;Not\u00edcias de Ribeir\u00e3o Preto-SP e Regi\u00e3o&quot;","block_context":{"text":"Not\u00edcias de Ribeir\u00e3o Preto-SP e Regi\u00e3o","link":"https:\/\/noticiasribeiraopreto.com.br\/index.php\/category\/noticias-de-ribeirao-preto-sp-e-regiao-ismael-colosi\/"},"img":{"alt_text":"","src":"https:\/\/i0.wp.com\/noticiasribeiraopreto.com.br\/wp-content\/uploads\/2024\/02\/festa-italiana-batatais-.jpg?fit=1200%2C675&ssl=1&resize=350%2C200","width":350,"height":200,"srcset":"https:\/\/i0.wp.com\/noticiasribeiraopreto.com.br\/wp-content\/uploads\/2024\/02\/festa-italiana-batatais-.jpg?fit=1200%2C675&ssl=1&resize=350%2C200 1x, https:\/\/i0.wp.com\/noticiasribeiraopreto.com.br\/wp-content\/uploads\/2024\/02\/festa-italiana-batatais-.jpg?fit=1200%2C675&ssl=1&resize=525%2C300 1.5x, https:\/\/i0.wp.com\/noticiasribeiraopreto.com.br\/wp-content\/uploads\/2024\/02\/festa-italiana-batatais-.jpg?fit=1200%2C675&ssl=1&resize=700%2C400 2x, https:\/\/i0.wp.com\/noticiasribeiraopreto.com.br\/wp-content\/uploads\/2024\/02\/festa-italiana-batatais-.jpg?fit=1200%2C675&ssl=1&resize=1050%2C600 3x"},"classes":[]},{"id":61823,"url":"https:\/\/noticiasribeiraopreto.com.br\/index.php\/2024\/12\/23\/prato-tipico-de-natal-esta-na-lista-das-10-piores-comidas-brasileiras-veja-qual\/","url_meta":{"origin":19988,"position":2},"title":"Prato t\u00edpico de Natal est\u00e1 na lista das 10 piores comidas brasileiras; veja qual","author":"noticiasribeiraopreto.com.br","date":"23 de December de 2024","format":false,"excerpt":"O salpic\u00e3o de frango, receita muito popular para os brasileiros e comum no per\u00edodo natalino, foi considerado o 7\u00ba pior prato feito no Brasil. \u00c9 o que diz uma pesquisa feita pelo Taste Atlas, site americano conhecido por dar dicas de viagem para o p\u00fablico. A culin\u00e1ria brasileira foi avaliada\u2026","rel":"","context":"In &quot;Not\u00edcias de Ribeir\u00e3o Preto-SP e Regi\u00e3o&quot;","block_context":{"text":"Not\u00edcias de Ribeir\u00e3o Preto-SP e Regi\u00e3o","link":"https:\/\/noticiasribeiraopreto.com.br\/index.php\/category\/noticias-de-ribeirao-preto-sp-e-regiao-ismael-colosi\/"},"img":{"alt_text":"","src":"https:\/\/i0.wp.com\/noticiasribeiraopreto.com.br\/wp-content\/uploads\/2024\/12\/Copia-de-Copia-de-Copia-de-TAMANHO-EXATO-PARA-FOTOS-NO-SISTEMA-NOVO-2024-12-23T161726.596_2024-12-23_19-17-40_png_2024-12-23_19-17-40.webp.webp?fit=1200%2C675&ssl=1&resize=350%2C200","width":350,"height":200,"srcset":"https:\/\/i0.wp.com\/noticiasribeiraopreto.com.br\/wp-content\/uploads\/2024\/12\/Copia-de-Copia-de-Copia-de-TAMANHO-EXATO-PARA-FOTOS-NO-SISTEMA-NOVO-2024-12-23T161726.596_2024-12-23_19-17-40_png_2024-12-23_19-17-40.webp.webp?fit=1200%2C675&ssl=1&resize=350%2C200 1x, https:\/\/i0.wp.com\/noticiasribeiraopreto.com.br\/wp-content\/uploads\/2024\/12\/Copia-de-Copia-de-Copia-de-TAMANHO-EXATO-PARA-FOTOS-NO-SISTEMA-NOVO-2024-12-23T161726.596_2024-12-23_19-17-40_png_2024-12-23_19-17-40.webp.webp?fit=1200%2C675&ssl=1&resize=525%2C300 1.5x, https:\/\/i0.wp.com\/noticiasribeiraopreto.com.br\/wp-content\/uploads\/2024\/12\/Copia-de-Copia-de-Copia-de-TAMANHO-EXATO-PARA-FOTOS-NO-SISTEMA-NOVO-2024-12-23T161726.596_2024-12-23_19-17-40_png_2024-12-23_19-17-40.webp.webp?fit=1200%2C675&ssl=1&resize=700%2C400 2x, https:\/\/i0.wp.com\/noticiasribeiraopreto.com.br\/wp-content\/uploads\/2024\/12\/Copia-de-Copia-de-Copia-de-TAMANHO-EXATO-PARA-FOTOS-NO-SISTEMA-NOVO-2024-12-23T161726.596_2024-12-23_19-17-40_png_2024-12-23_19-17-40.webp.webp?fit=1200%2C675&ssl=1&resize=1050%2C600 3x"},"classes":[]},{"id":13087,"url":"https:\/\/noticiasribeiraopreto.com.br\/index.php\/2023\/12\/09\/prefeitura-de-jundiai-abre-vagas-em-cursos-gratuitos-de-idioma\/","url_meta":{"origin":19988,"position":3},"title":"Prefeitura de Jundia\u00ed abre vagas em cursos gratuitos de idioma","author":"noticiasribeiraopreto.com.br","date":"9 de December de 2023","format":false,"excerpt":"O Centro de L\u00ednguas e Tecnologia da Informa\u00e7\u00e3o Antonio Houaiss, \u00f3rg\u00e3o da Prefeitura de Jundia\u00ed, est\u00e1 com as inscri\u00e7\u00f5es abertas para cursos gratuitos de espanhol, franc\u00eas, ingl\u00eas e italiano. Ao todo, s\u00e3o oferecidas 1.050 vagas. As inscri\u00e7\u00f5es gratuitas podem ser feitas pela internet at\u00e9 o dia 14 de janeiro de\u2026","rel":"","context":"In &quot;Variedades&quot;","block_context":{"text":"Variedades","link":"https:\/\/noticiasribeiraopreto.com.br\/index.php\/category\/variedades\/"},"img":{"alt_text":"","src":"https:\/\/i0.wp.com\/noticiasribeiraopreto.com.br\/wp-content\/uploads\/2023\/12\/centro-de-linguas-jundiai.jpg?fit=1200%2C638&ssl=1&resize=350%2C200","width":350,"height":200,"srcset":"https:\/\/i0.wp.com\/noticiasribeiraopreto.com.br\/wp-content\/uploads\/2023\/12\/centro-de-linguas-jundiai.jpg?fit=1200%2C638&ssl=1&resize=350%2C200 1x, https:\/\/i0.wp.com\/noticiasribeiraopreto.com.br\/wp-content\/uploads\/2023\/12\/centro-de-linguas-jundiai.jpg?fit=1200%2C638&ssl=1&resize=525%2C300 1.5x, https:\/\/i0.wp.com\/noticiasribeiraopreto.com.br\/wp-content\/uploads\/2023\/12\/centro-de-linguas-jundiai.jpg?fit=1200%2C638&ssl=1&resize=700%2C400 2x, https:\/\/i0.wp.com\/noticiasribeiraopreto.com.br\/wp-content\/uploads\/2023\/12\/centro-de-linguas-jundiai.jpg?fit=1200%2C638&ssl=1&resize=1050%2C600 3x"},"classes":[]},{"id":74661,"url":"https:\/\/noticiasribeiraopreto.com.br\/index.php\/2025\/07\/26\/aviao-de-pequeno-porte-faz-pouso-de-emergencia-em-jundiai\/","url_meta":{"origin":19988,"position":4},"title":"Avi\u00e3o de pequeno porte faz pouso de emerg\u00eancia em Jundia\u00ed","author":"noticiasribeiraopreto.com.br","date":"26 de July de 2025","format":false,"excerpt":"26 de julho de 2025 15:393 Compartilhar0 Um avi\u00e3o de pequeno porte, modelo Cessna 150, prefixo PR-NIJ, realizou um pouso de emerg\u00eancia na manh\u00e3 deste s\u00e1bado (26), em uma \u00e1rea de campo aberto na regi\u00e3o da Malota, em Jundia\u00ed. A aeronave ficou totalmente destru\u00edda, mas n\u00e3o houve v\u00edtimas. De acordo\u2026","rel":"","context":"In &quot;Not\u00edcias de Ribeir\u00e3o Preto-SP e Regi\u00e3o&quot;","block_context":{"text":"Not\u00edcias de Ribeir\u00e3o Preto-SP e Regi\u00e3o","link":"https:\/\/noticiasribeiraopreto.com.br\/index.php\/category\/noticias-de-ribeirao-preto-sp-e-regiao-ismael-colosi\/"},"img":{"alt_text":"","src":"https:\/\/i0.wp.com\/noticiasribeiraopreto.com.br\/wp-content\/uploads\/2025\/07\/aviao_jundiai.jpg?fit=768%2C534&ssl=1&resize=350%2C200","width":350,"height":200,"srcset":"https:\/\/i0.wp.com\/noticiasribeiraopreto.com.br\/wp-content\/uploads\/2025\/07\/aviao_jundiai.jpg?fit=768%2C534&ssl=1&resize=350%2C200 1x, https:\/\/i0.wp.com\/noticiasribeiraopreto.com.br\/wp-content\/uploads\/2025\/07\/aviao_jundiai.jpg?fit=768%2C534&ssl=1&resize=525%2C300 1.5x, https:\/\/i0.wp.com\/noticiasribeiraopreto.com.br\/wp-content\/uploads\/2025\/07\/aviao_jundiai.jpg?fit=768%2C534&ssl=1&resize=700%2C400 2x"},"classes":[]},{"id":44752,"url":"https:\/\/noticiasribeiraopreto.com.br\/index.php\/2024\/03\/30\/localizados-destrocos-de-aviao-que-caiu-na-serra-do-japi-em-sao-paulo\/","url_meta":{"origin":19988,"position":5},"title":"Localizados destro\u00e7os de avi\u00e3o que caiu na Serra do Japi, em S\u00e3o Paulo","author":"noticiasribeiraopreto.com.br","date":"30 de March de 2024","format":false,"excerpt":"30 de mar\u00e7o de 2024 | 10:04 0 Os destro\u00e7os do avi\u00e3o bimotor que estava desaparecido\u00a0desde a noite de quinta-feira (28)\u00a0foram encontrados h\u00e1 pouco pelo\u00a0helic\u00f3ptero da Pol\u00edcia Militar de S\u00e3o Paulo. Imagens feitas a partir do \u00c1guia 10 da PM mostram peda\u00e7os de fuselagem em meio a mata na Serra\u2026","rel":"","context":"In &quot;Not\u00edcias de Ribeir\u00e3o Preto-SP e Regi\u00e3o&quot;","block_context":{"text":"Not\u00edcias de Ribeir\u00e3o Preto-SP e Regi\u00e3o","link":"https:\/\/noticiasribeiraopreto.com.br\/index.php\/category\/noticias-de-ribeirao-preto-sp-e-regiao-ismael-colosi\/"},"img":{"alt_text":"","src":"https:\/\/i0.wp.com\/noticiasribeiraopreto.com.br\/wp-content\/uploads\/2024\/03\/8dbb552d-f7d4-4bd1-8bf6-269367f00086.jpg?fit=1170%2C700&ssl=1&resize=350%2C200","width":350,"height":200,"srcset":"https:\/\/i0.wp.com\/noticiasribeiraopreto.com.br\/wp-content\/uploads\/2024\/03\/8dbb552d-f7d4-4bd1-8bf6-269367f00086.jpg?fit=1170%2C700&ssl=1&resize=350%2C200 1x, https:\/\/i0.wp.com\/noticiasribeiraopreto.com.br\/wp-content\/uploads\/2024\/03\/8dbb552d-f7d4-4bd1-8bf6-269367f00086.jpg?fit=1170%2C700&ssl=1&resize=525%2C300 1.5x, https:\/\/i0.wp.com\/noticiasribeiraopreto.com.br\/wp-content\/uploads\/2024\/03\/8dbb552d-f7d4-4bd1-8bf6-269367f00086.jpg?fit=1170%2C700&ssl=1&resize=700%2C400 2x, https:\/\/i0.wp.com\/noticiasribeiraopreto.com.br\/wp-content\/uploads\/2024\/03\/8dbb552d-f7d4-4bd1-8bf6-269367f00086.jpg?fit=1170%2C700&ssl=1&resize=1050%2C600 3x"},"classes":[]}],"jetpack_sharing_enabled":true,"jetpack_shortlink":"https:\/\/wp.me\/peQAOb-5co","_links":{"self":[{"href":"https:\/\/noticiasribeiraopreto.com.br\/index.php\/wp-json\/wp\/v2\/posts\/19988","targetHints":{"allow":["GET"]}}],"collection":[{"href":"https:\/\/noticiasribeiraopreto.com.br\/index.php\/wp-json\/wp\/v2\/posts"}],"about":[{"href":"https:\/\/noticiasribeiraopreto.com.br\/index.php\/wp-json\/wp\/v2\/types\/post"}],"author":[{"embeddable":true,"href":"https:\/\/noticiasribeiraopreto.com.br\/index.php\/wp-json\/wp\/v2\/users\/1"}],"replies":[{"embeddable":true,"href":"https:\/\/noticiasribeiraopreto.com.br\/index.php\/wp-json\/wp\/v2\/comments?post=19988"}],"version-history":[{"count":0,"href":"https:\/\/noticiasribeiraopreto.com.br\/index.php\/wp-json\/wp\/v2\/posts\/19988\/revisions"}],"wp:featuredmedia":[{"embeddable":true,"href":"https:\/\/noticiasribeiraopreto.com.br\/index.php\/wp-json\/wp\/v2\/media\/19989"}],"wp:attachment":[{"href":"https:\/\/noticiasribeiraopreto.com.br\/index.php\/wp-json\/wp\/v2\/media?parent=19988"}],"wp:term":[{"taxonomy":"category","embeddable":true,"href":"https:\/\/noticiasribeiraopreto.com.br\/index.php\/wp-json\/wp\/v2\/categories?post=19988"},{"taxonomy":"post_tag","embeddable":true,"href":"https:\/\/noticiasribeiraopreto.com.br\/index.php\/wp-json\/wp\/v2\/tags?post=19988"}],"curies":[{"name":"wp","href":"https:\/\/api.w.org\/{rel}","templated":true}]}}