{"id":20010,"date":"2023-12-23T21:28:01","date_gmt":"2023-12-24T00:28:01","guid":{"rendered":"https:\/\/noticiasribeiraopreto.com.br\/index.php\/2023\/12\/23\/queda-de-aviao-deixa-cinco-mortos-em-jaboticabal\/"},"modified":"2023-12-23T21:28:01","modified_gmt":"2023-12-24T00:28:01","slug":"queda-de-aviao-deixa-cinco-mortos-em-jaboticabal","status":"publish","type":"post","link":"https:\/\/noticiasribeiraopreto.com.br\/index.php\/2023\/12\/23\/queda-de-aviao-deixa-cinco-mortos-em-jaboticabal\/","title":{"rendered":"Queda de avi\u00e3o deixa cinco mortos em Jaboticabal"},"content":{"rendered":"<div class='code-block code-block-1' style='margin: 8px 0 8px auto; text-align: right; display: block; clear: both;'>\n<p><a href=\"https:\/\/wa.link\/vpicfd\"><img data-recalc-dims=\"1\" class=\"wp-image-4922\" style=\"aspect-ratio: 2.0253164556962027; width: 561px; height: auto;\" src=\"https:\/\/i0.wp.com\/ismaelcolosi.com.br\/wp-content\/uploads\/2023\/11\/grupo-de-empregos-whatsapp-e-facebook-ismael-colosi-vagas.jpg?ssl=1\" alt=\"\" \/><\/a><\/p>\n<!-- \/wp:image -->\n<\/div>\n<p> <br \/>\n<\/p>\n<div id=\"post-368260\">\n<header class=\"entry-header penci-entry-header penci-title-center\">\n<p> <span class=\"entry-meta-item penci-posted-on\"><i class=\"fa fa-clock-o\"\/><time class=\"entry-date published\" datetime=\"2023-12-23T12:52:17-03:00\">23 de dezembro de 2023 | 12:52<\/time><time class=\"updated\" datetime=\"2023-12-23T13:19:55-03:00\">23 de dezembro de 2023 | 13:19<\/time><\/span><\/p>\n<p> <span class=\"penci-social-buttons penci-social-share-footer\"><a href=\"#\" class=\"penci-post-like penci_post-meta_item  single-like-button penci-social-item like\" data-post_id=\"368260\" title=\"Like\" data-like=\"Like\" data-unlike=\"Unlike\"><i class=\"fa fa-thumbs-o-up\"\/><span class=\"penci-share-number\">1<\/span><\/a><i class=\"fa fa-facebook\"\/><a class=\"penci-social-item twitter\" target=\"_blank\" rel=\"noopener\" title=\"\" href=\"https:\/\/twitter.com\/intent\/tweet?text=Queda%20de%20avi\u00e3o%20deixa%20cinco%20mortos%20em%20Jaboticabal%20-%20https:\/\/www.tribunaribeirao.com.br\/site\/queda-de-aviao-deixa-cinco-mortos-em-jaboticabal\/\"><i class=\"fa fa-twitter\"\/><\/a><i class=\"fa fa-whatsapp\"\/><\/span><\/header>\n<div class=\"penci-entry-content entry-content\">\n<p><a href=\"https:\/\/www.youtube.com\/watch?v=bKl40ePrkC4\">https:\/\/www.youtube.com\/watch?v=bKl40ePrkC4<\/a><\/p>\n<p>Uma aeronave de pequeno porte caiu na manh\u00e3 deste s\u00e1bado (23), em uma pra\u00e7a de Jaboticabal.<\/p>\n<p>Informa\u00e7\u00f5es confirmam que piloto do avi\u00e3o era o empres\u00e1rio Delcides Menezes Tiago e confirma mais quatro ocupantes, entre elas uma crian\u00e7a.<\/p>\n<div class=\"x11i5rnm xat24cr x1mh8g0r x1vvkbs xtlvy1s x126k92a\">\n<p>Thiago estava voltando de Fernand\u00f3polis para Monte Alto onde foi buscar parentes, com o mal tempo o piloto tentaria um pouso no aeroporto de Jaboticabal, mas infelizmente o avi\u00e3o caiu com os cinco ocupantes na pra\u00e7a do bairro Jardim Universit\u00e1rio.<\/p>\n<\/div>\n<div class=\"x11i5rnm xat24cr x1mh8g0r x1vvkbs xtlvy1s x126k92a\">\n<div dir=\"auto\">\n<p>A\u00a0aeronave\u00a0pegou\u00a0fogo\u00a0e houve\u00a0explos\u00f5es, conforme a\u00a0corpora\u00e7\u00e3o.<\/p>\n<p>As causas, contudo, ainda dever\u00e3o ser apuradas. A Pol\u00edcia ainda n\u00e3o informou sobre a identifica\u00e7\u00e3o das demais v\u00edtimas, o que sabe at\u00e9 o momento \u00e9 que entre os mortos est\u00e3o dois homens, duas mulheres e uma crian\u00e7a de aproximadamente 4 anos.<\/p>\n<\/div>\n<\/div>\n<p>\u00a0<\/p>\n<\/div>\n<footer class=\"penci-entry-footer\"\/><\/div>\n<p><script async src=\"\/\/platform.twitter.com\/widgets.js\" charset=\"utf-8\"><\/script><br \/>\n<br \/><br \/>\n<br \/><a href=\"https:\/\/www.tribunaribeirao.com.br\/site\/queda-de-aviao-deixa-cinco-mortos-em-jaboticabal\/\">Source link <\/a><\/p>\n<!-- CONTENT END 1 -->\n","protected":false},"excerpt":{"rendered":"<p>23 de dezembro de 2023 | 12:5223 de dezembro de 2023 | 13:19 1 Uma aeronave de pequeno porte caiu na manh\u00e3 deste s\u00e1bado (23),&#8230;<\/p>\n","protected":false},"author":1,"featured_media":20011,"comment_status":"open","ping_status":"open","sticky":false,"template":"","format":"standard","meta":{"advanced_seo_description":"","jetpack_seo_html_title":"","jetpack_seo_noindex":false,"jetpack_post_was_ever_published":false,"_jetpack_newsletter_access":"","_jetpack_dont_email_post_to_subs":false,"_jetpack_newsletter_tier_id":0,"_jetpack_memberships_contains_paywalled_content":false,"_jetpack_memberships_contains_paid_content":false,"footnotes":"","jetpack_publicize_message":"","jetpack_publicize_feature_enabled":true,"jetpack_social_post_already_shared":true,"jetpack_social_options":{"image_generator_settings":{"template":"highway","default_image_id":0,"font":"","enabled":false},"version":2}},"categories":[11],"tags":[2589,481,77,2599,222,2588],"class_list":["post-20010","post","type-post","status-publish","format-standard","has-post-thumbnail","hentry","category-noticias-de-ribeirao-preto-sp-e-regiao-ismael-colosi","tag-aviao","tag-cinco","tag-deixa","tag-jaboticabal","tag-mortos","tag-queda"],"jetpack_publicize_connections":[],"jetpack_featured_media_url":"https:\/\/i0.wp.com\/noticiasribeiraopreto.com.br\/wp-content\/uploads\/2023\/12\/be93e0cc-5450-4555-853b-5271d2c39a09.jpg?fit=774%2C533&ssl=1","jetpack-related-posts":[{"id":62749,"url":"https:\/\/noticiasribeiraopreto.com.br\/index.php\/2025\/01\/23\/piloto-morto-em-queda-de-aviao-em-minas-sera-sepultado-na-regiao-de-ribeirao-preto\/","url_meta":{"origin":20010,"position":0},"title":"Piloto morto em queda de avi\u00e3o em Minas ser\u00e1 sepultado na regi\u00e3o de Ribeir\u00e3o Preto","author":"noticiasribeiraopreto.com.br","date":"23 de January de 2025","format":false,"excerpt":"O piloto Walter Lu\u00eds Nicolielo Junior, de 48 anos, que morreu na queda de um avi\u00e3o agr\u00edcola, em Minas Gerais, ser\u00e1 sepultado em Monte Alto, cidade a aproximadamente 80 quil\u00f4metros de Ribeir\u00e3o Preto, no interior de S\u00e3o Paulo. A queda da aeronave ocorreu na tarde desta quarta-feira (22), na zona\u2026","rel":"","context":"In &quot;Not\u00edcias de Ribeir\u00e3o Preto-SP e Regi\u00e3o&quot;","block_context":{"text":"Not\u00edcias de Ribeir\u00e3o Preto-SP e Regi\u00e3o","link":"https:\/\/noticiasribeiraopreto.com.br\/index.php\/category\/noticias-de-ribeirao-preto-sp-e-regiao-ismael-colosi\/"},"img":{"alt_text":"","src":"https:\/\/i0.wp.com\/noticiasribeiraopreto.com.br\/wp-content\/uploads\/2025\/01\/WhatsApp-Image-2025-01-23-at-11.54.58_2025-01-23_15-01-04_jpeg_2025-01-23_15-01-04.webp.webp?fit=1200%2C675&ssl=1&resize=350%2C200","width":350,"height":200,"srcset":"https:\/\/i0.wp.com\/noticiasribeiraopreto.com.br\/wp-content\/uploads\/2025\/01\/WhatsApp-Image-2025-01-23-at-11.54.58_2025-01-23_15-01-04_jpeg_2025-01-23_15-01-04.webp.webp?fit=1200%2C675&ssl=1&resize=350%2C200 1x, https:\/\/i0.wp.com\/noticiasribeiraopreto.com.br\/wp-content\/uploads\/2025\/01\/WhatsApp-Image-2025-01-23-at-11.54.58_2025-01-23_15-01-04_jpeg_2025-01-23_15-01-04.webp.webp?fit=1200%2C675&ssl=1&resize=525%2C300 1.5x, https:\/\/i0.wp.com\/noticiasribeiraopreto.com.br\/wp-content\/uploads\/2025\/01\/WhatsApp-Image-2025-01-23-at-11.54.58_2025-01-23_15-01-04_jpeg_2025-01-23_15-01-04.webp.webp?fit=1200%2C675&ssl=1&resize=700%2C400 2x, https:\/\/i0.wp.com\/noticiasribeiraopreto.com.br\/wp-content\/uploads\/2025\/01\/WhatsApp-Image-2025-01-23-at-11.54.58_2025-01-23_15-01-04_jpeg_2025-01-23_15-01-04.webp.webp?fit=1200%2C675&ssl=1&resize=1050%2C600 3x"},"classes":[]},{"id":19875,"url":"https:\/\/noticiasribeiraopreto.com.br\/index.php\/2023\/12\/23\/aviao-cai-em-praca-de-sp-e-deixa-5-vitimas-fatais-uma-delas-era-empresario-conhecido\/","url_meta":{"origin":20010,"position":1},"title":"Avi\u00e3o cai em pra\u00e7a de SP e deixa 5 v\u00edtimas fatais; uma delas era empres\u00e1rio conhecido","author":"noticiasribeiraopreto.com.br","date":"23 de December de 2023","format":false,"excerpt":"Um avi\u00e3o de pequeno porte caiu na manh\u00e3 deste s\u00e1bado (23\/12) e deixou v\u00e1rias v\u00edtimas. O monomotor despencou em cima da Pra\u00e7a das Jaboticabeiras, que fica situada no bairro Jardim Universit\u00e1rio, em Jaboticabal, no interior de S\u00e3o Paulo.Uma das v\u00edtimas da trag\u00e9dia foi o empres\u00e1rio Delcides Menezes Tiago, que era\u2026","rel":"","context":"In &quot;Blog&quot;","block_context":{"text":"Blog","link":"https:\/\/noticiasribeiraopreto.com.br\/index.php\/category\/blog\/"},"img":{"alt_text":"","src":"https:\/\/i0.wp.com\/noticiasribeiraopreto.com.br\/wp-content\/uploads\/2023\/12\/postimg-6587176b535d75024.jpg?fit=1200%2C628&ssl=1&resize=350%2C200","width":350,"height":200,"srcset":"https:\/\/i0.wp.com\/noticiasribeiraopreto.com.br\/wp-content\/uploads\/2023\/12\/postimg-6587176b535d75024.jpg?fit=1200%2C628&ssl=1&resize=350%2C200 1x, https:\/\/i0.wp.com\/noticiasribeiraopreto.com.br\/wp-content\/uploads\/2023\/12\/postimg-6587176b535d75024.jpg?fit=1200%2C628&ssl=1&resize=525%2C300 1.5x, https:\/\/i0.wp.com\/noticiasribeiraopreto.com.br\/wp-content\/uploads\/2023\/12\/postimg-6587176b535d75024.jpg?fit=1200%2C628&ssl=1&resize=700%2C400 2x, https:\/\/i0.wp.com\/noticiasribeiraopreto.com.br\/wp-content\/uploads\/2023\/12\/postimg-6587176b535d75024.jpg?fit=1200%2C628&ssl=1&resize=1050%2C600 3x"},"classes":[]},{"id":19942,"url":"https:\/\/noticiasribeiraopreto.com.br\/index.php\/2023\/12\/23\/veja-quem-sao-as-vitimas-que-morreram-na-queda-de-aviao-na-regiao-de-ribeirao\/","url_meta":{"origin":20010,"position":2},"title":"Veja quem s\u00e3o as v\u00edtimas que morreram na queda de avi\u00e3o na regi\u00e3o de Ribeir\u00e3o","author":"noticiasribeiraopreto.com.br","date":"23 de December de 2023","format":false,"excerpt":"Est\u00e3o identificadas as cinco pessoas que morreram na queda de um avi\u00e3o em uma pra\u00e7a na cidade Jaboticabal, a 70 quil\u00f4metros de Ribeir\u00e3o Preto, na manh\u00e3 deste s\u00e1bado (22). Segundo o apurado, o pol\u00edtico e empres\u00e1rio Delcides Menezes Tiago, conhecido por Tiago da \u00d3tica, tinha ido at\u00e9 Fernand\u00f3polis buscar amigos\u2026","rel":"","context":"In &quot;Not\u00edcias de Ribeir\u00e3o Preto-SP e Regi\u00e3o&quot;","block_context":{"text":"Not\u00edcias de Ribeir\u00e3o Preto-SP e Regi\u00e3o","link":"https:\/\/noticiasribeiraopreto.com.br\/index.php\/category\/noticias-de-ribeirao-preto-sp-e-regiao-ismael-colosi\/"},"img":{"alt_text":"","src":"https:\/\/i0.wp.com\/noticiasribeiraopreto.com.br\/wp-content\/uploads\/2023\/12\/WhatsApp-Image-2023-12-23-at-14.20.40.jpeg?fit=1200%2C800&ssl=1&resize=350%2C200","width":350,"height":200,"srcset":"https:\/\/i0.wp.com\/noticiasribeiraopreto.com.br\/wp-content\/uploads\/2023\/12\/WhatsApp-Image-2023-12-23-at-14.20.40.jpeg?fit=1200%2C800&ssl=1&resize=350%2C200 1x, https:\/\/i0.wp.com\/noticiasribeiraopreto.com.br\/wp-content\/uploads\/2023\/12\/WhatsApp-Image-2023-12-23-at-14.20.40.jpeg?fit=1200%2C800&ssl=1&resize=525%2C300 1.5x, https:\/\/i0.wp.com\/noticiasribeiraopreto.com.br\/wp-content\/uploads\/2023\/12\/WhatsApp-Image-2023-12-23-at-14.20.40.jpeg?fit=1200%2C800&ssl=1&resize=700%2C400 2x, https:\/\/i0.wp.com\/noticiasribeiraopreto.com.br\/wp-content\/uploads\/2023\/12\/WhatsApp-Image-2023-12-23-at-14.20.40.jpeg?fit=1200%2C800&ssl=1&resize=1050%2C600 3x"},"classes":[]},{"id":66144,"url":"https:\/\/noticiasribeiraopreto.com.br\/index.php\/2025\/03\/28\/aviao-cai-em-area-rural-e-deixa-ao-menos-um-morto-no-interior-de-sp\/","url_meta":{"origin":20010,"position":3},"title":"Avi\u00e3o cai em \u00e1rea rural e deixa ao menos um morto no interior de SP","author":"noticiasribeiraopreto.com.br","date":"28 de March de 2025","format":false,"excerpt":"Um avi\u00e3o de pequeno porte caiu nesta sexta-feira (28), em uma \u00e1rea rural no interior de S\u00e3o Paulo, entre os munic\u00edpios de Gua\u00edra e Miguel\u00f3polis, na regi\u00e3o de Ribeir\u00e3o Preto. Segundo informa\u00e7\u00f5es iniciais, ao menos uma pessoa morreu. A v\u00edtima seria o piloto da aeronave. Equipes do Samu e Corpo\u2026","rel":"","context":"In &quot;Not\u00edcias de Ribeir\u00e3o Preto-SP e Regi\u00e3o&quot;","block_context":{"text":"Not\u00edcias de Ribeir\u00e3o Preto-SP e Regi\u00e3o","link":"https:\/\/noticiasribeiraopreto.com.br\/index.php\/category\/noticias-de-ribeirao-preto-sp-e-regiao-ismael-colosi\/"},"img":{"alt_text":"","src":"https:\/\/i0.wp.com\/noticiasribeiraopreto.com.br\/wp-content\/uploads\/2025\/03\/WhatsApp-Image-2025-03-28-at-09.28.44_2025-03-28_12-38-14_jpeg_2025-03-28_12-38-14.webp.webp?fit=1200%2C675&ssl=1&resize=350%2C200","width":350,"height":200,"srcset":"https:\/\/i0.wp.com\/noticiasribeiraopreto.com.br\/wp-content\/uploads\/2025\/03\/WhatsApp-Image-2025-03-28-at-09.28.44_2025-03-28_12-38-14_jpeg_2025-03-28_12-38-14.webp.webp?fit=1200%2C675&ssl=1&resize=350%2C200 1x, https:\/\/i0.wp.com\/noticiasribeiraopreto.com.br\/wp-content\/uploads\/2025\/03\/WhatsApp-Image-2025-03-28-at-09.28.44_2025-03-28_12-38-14_jpeg_2025-03-28_12-38-14.webp.webp?fit=1200%2C675&ssl=1&resize=525%2C300 1.5x, https:\/\/i0.wp.com\/noticiasribeiraopreto.com.br\/wp-content\/uploads\/2025\/03\/WhatsApp-Image-2025-03-28-at-09.28.44_2025-03-28_12-38-14_jpeg_2025-03-28_12-38-14.webp.webp?fit=1200%2C675&ssl=1&resize=700%2C400 2x, https:\/\/i0.wp.com\/noticiasribeiraopreto.com.br\/wp-content\/uploads\/2025\/03\/WhatsApp-Image-2025-03-28-at-09.28.44_2025-03-28_12-38-14_jpeg_2025-03-28_12-38-14.webp.webp?fit=1200%2C675&ssl=1&resize=1050%2C600 3x"},"classes":[]},{"id":66162,"url":"https:\/\/noticiasribeiraopreto.com.br\/index.php\/2025\/03\/28\/piloto-morto-em-queda-de-aviao-agricola-no-interior-de-sp-e-identificado\/","url_meta":{"origin":20010,"position":4},"title":"Piloto morto em queda de avi\u00e3o agr\u00edcola no interior de SP \u00e9 identificado","author":"noticiasribeiraopreto.com.br","date":"28 de March de 2025","format":false,"excerpt":"O piloto que morreu ap\u00f3s a queda de um avi\u00e3o agr\u00edcola nesta sexta-feira (28), em uma \u00e1rea rural no interior de S\u00e3o Paulo, foi identificado. A aeronave caiu entre os munic\u00edpios de Gua\u00edra e Miguel\u00f3polis, na regi\u00e3o de Ribeir\u00e3o Preto. Segundo nota emitida pelo Grupo Precis\u00e3o, que atua com avia\u00e7\u00e3o\u2026","rel":"","context":"In &quot;Not\u00edcias de Ribeir\u00e3o Preto-SP e Regi\u00e3o&quot;","block_context":{"text":"Not\u00edcias de Ribeir\u00e3o Preto-SP e Regi\u00e3o","link":"https:\/\/noticiasribeiraopreto.com.br\/index.php\/category\/noticias-de-ribeirao-preto-sp-e-regiao-ismael-colosi\/"},"img":{"alt_text":"","src":"https:\/\/i0.wp.com\/noticiasribeiraopreto.com.br\/wp-content\/uploads\/2025\/03\/WhatsApp-Image-2025-03-28-at-12.21.10_2025-03-28_15-21-39_jpeg_2025-03-28_15-21-39.webp.webp?fit=1200%2C675&ssl=1&resize=350%2C200","width":350,"height":200,"srcset":"https:\/\/i0.wp.com\/noticiasribeiraopreto.com.br\/wp-content\/uploads\/2025\/03\/WhatsApp-Image-2025-03-28-at-12.21.10_2025-03-28_15-21-39_jpeg_2025-03-28_15-21-39.webp.webp?fit=1200%2C675&ssl=1&resize=350%2C200 1x, https:\/\/i0.wp.com\/noticiasribeiraopreto.com.br\/wp-content\/uploads\/2025\/03\/WhatsApp-Image-2025-03-28-at-12.21.10_2025-03-28_15-21-39_jpeg_2025-03-28_15-21-39.webp.webp?fit=1200%2C675&ssl=1&resize=525%2C300 1.5x, https:\/\/i0.wp.com\/noticiasribeiraopreto.com.br\/wp-content\/uploads\/2025\/03\/WhatsApp-Image-2025-03-28-at-12.21.10_2025-03-28_15-21-39_jpeg_2025-03-28_15-21-39.webp.webp?fit=1200%2C675&ssl=1&resize=700%2C400 2x, https:\/\/i0.wp.com\/noticiasribeiraopreto.com.br\/wp-content\/uploads\/2025\/03\/WhatsApp-Image-2025-03-28-at-12.21.10_2025-03-28_15-21-39_jpeg_2025-03-28_15-21-39.webp.webp?fit=1200%2C675&ssl=1&resize=1050%2C600 3x"},"classes":[]},{"id":41181,"url":"https:\/\/noticiasribeiraopreto.com.br\/index.php\/2024\/03\/06\/aviao-da-pf-cai-e-deixa-dois-mortos-em-belo-horizonte\/","url_meta":{"origin":20010,"position":5},"title":"Avi\u00e3o da PF cai e deixa dois mortos em Belo Horizonte","author":"noticiasribeiraopreto.com.br","date":"6 de March de 2024","format":false,"excerpt":"6 de mar\u00e7o de 2024 | 18:05 0Um avi\u00e3o monomotor caiu pr\u00f3ximo ao Aeroporto da Pampulha, em Belo Horizonte, na tarde desta quarta-feira (6). Segundo dados do Registro Aeron\u00e1utico Brasileiro, a aeronave, um Cessna 208B prefixo PR-AAB, fabricada\u00a0em 2001, pertence \u00e0 Pol\u00edcia Federal (PF).De acordo com o Corpo de Bombeiros\u2026","rel":"","context":"In &quot;Not\u00edcias de Ribeir\u00e3o Preto-SP e Regi\u00e3o&quot;","block_context":{"text":"Not\u00edcias de Ribeir\u00e3o Preto-SP e Regi\u00e3o","link":"https:\/\/noticiasribeiraopreto.com.br\/index.php\/category\/noticias-de-ribeirao-preto-sp-e-regiao-ismael-colosi\/"},"img":{"alt_text":"","src":"https:\/\/i0.wp.com\/noticiasribeiraopreto.com.br\/wp-content\/uploads\/2024\/03\/d59f994c-dab9-476c-8703-6750f6206e5f-scaled.jpg?fit=1000%2C598&ssl=1&resize=350%2C200","width":350,"height":200,"srcset":"https:\/\/i0.wp.com\/noticiasribeiraopreto.com.br\/wp-content\/uploads\/2024\/03\/d59f994c-dab9-476c-8703-6750f6206e5f-scaled.jpg?fit=1000%2C598&ssl=1&resize=350%2C200 1x, https:\/\/i0.wp.com\/noticiasribeiraopreto.com.br\/wp-content\/uploads\/2024\/03\/d59f994c-dab9-476c-8703-6750f6206e5f-scaled.jpg?fit=1000%2C598&ssl=1&resize=525%2C300 1.5x, https:\/\/i0.wp.com\/noticiasribeiraopreto.com.br\/wp-content\/uploads\/2024\/03\/d59f994c-dab9-476c-8703-6750f6206e5f-scaled.jpg?fit=1000%2C598&ssl=1&resize=700%2C400 2x"},"classes":[]}],"jetpack_sharing_enabled":true,"jetpack_shortlink":"https:\/\/wp.me\/peQAOb-5cK","_links":{"self":[{"href":"https:\/\/noticiasribeiraopreto.com.br\/index.php\/wp-json\/wp\/v2\/posts\/20010","targetHints":{"allow":["GET"]}}],"collection":[{"href":"https:\/\/noticiasribeiraopreto.com.br\/index.php\/wp-json\/wp\/v2\/posts"}],"about":[{"href":"https:\/\/noticiasribeiraopreto.com.br\/index.php\/wp-json\/wp\/v2\/types\/post"}],"author":[{"embeddable":true,"href":"https:\/\/noticiasribeiraopreto.com.br\/index.php\/wp-json\/wp\/v2\/users\/1"}],"replies":[{"embeddable":true,"href":"https:\/\/noticiasribeiraopreto.com.br\/index.php\/wp-json\/wp\/v2\/comments?post=20010"}],"version-history":[{"count":0,"href":"https:\/\/noticiasribeiraopreto.com.br\/index.php\/wp-json\/wp\/v2\/posts\/20010\/revisions"}],"wp:featuredmedia":[{"embeddable":true,"href":"https:\/\/noticiasribeiraopreto.com.br\/index.php\/wp-json\/wp\/v2\/media\/20011"}],"wp:attachment":[{"href":"https:\/\/noticiasribeiraopreto.com.br\/index.php\/wp-json\/wp\/v2\/media?parent=20010"}],"wp:term":[{"taxonomy":"category","embeddable":true,"href":"https:\/\/noticiasribeiraopreto.com.br\/index.php\/wp-json\/wp\/v2\/categories?post=20010"},{"taxonomy":"post_tag","embeddable":true,"href":"https:\/\/noticiasribeiraopreto.com.br\/index.php\/wp-json\/wp\/v2\/tags?post=20010"}],"curies":[{"name":"wp","href":"https:\/\/api.w.org\/{rel}","templated":true}]}}