{"id":20012,"date":"2023-12-23T21:39:01","date_gmt":"2023-12-24T00:39:01","guid":{"rendered":"https:\/\/noticiasribeiraopreto.com.br\/index.php\/2023\/12\/23\/jericoacoara-e-opcao-para-quem-busca-tranquilidade-no-ano-novo\/"},"modified":"2023-12-23T21:39:01","modified_gmt":"2023-12-24T00:39:01","slug":"jericoacoara-e-opcao-para-quem-busca-tranquilidade-no-ano-novo","status":"publish","type":"post","link":"https:\/\/noticiasribeiraopreto.com.br\/index.php\/2023\/12\/23\/jericoacoara-e-opcao-para-quem-busca-tranquilidade-no-ano-novo\/","title":{"rendered":"Jericoacoara \u00e9 op\u00e7\u00e3o para quem busca tranquilidade no Ano Novo"},"content":{"rendered":"<div class='code-block code-block-1' style='margin: 8px 0 8px auto; text-align: right; display: block; clear: both;'>\n<p><a href=\"https:\/\/wa.link\/vpicfd\"><img data-recalc-dims=\"1\" class=\"wp-image-4922\" style=\"aspect-ratio: 2.0253164556962027; width: 561px; height: auto;\" src=\"https:\/\/i0.wp.com\/ismaelcolosi.com.br\/wp-content\/uploads\/2023\/11\/grupo-de-empregos-whatsapp-e-facebook-ismael-colosi-vagas.jpg?ssl=1\" alt=\"\" \/><\/a><\/p>\n<!-- \/wp:image -->\n<\/div>\n<p> <br \/>\n<\/p>\n<div>\n<p>Antigo vilarejo de pescadores, Jericoacoara j\u00e1 n\u00e3o \u00e9 mais apenas um destino tur\u00edstico para f\u00e9rias. A badalada praia de Jijoca de Jericoacoara (CE) se tornou num dos principais destinos do pa\u00eds.<\/p>\n<p>O turismo de luxo em Jeri tem atra\u00eddo brasileiros e estrangeiros que buscam paisagens parad\u00edsicas e tranquilidade.<\/p>\n<div id=\"attachment_2329680\" class=\"wp-caption aligncenter\">\n<div class=\"d-flex justify-content-center\" data-attachment-id=\"2329680\">\n<div class=\"position-relative d-inline-block\"><img data-recalc-dims=\"1\" data-portal-copyright=\"Divulga\u00e7\u00e3o\" fetchpriority=\"high\" decoding=\"async\" class=\"wp-image-2329680 size-large\" src=\"https:\/\/i0.wp.com\/catracalivre.com.br\/wp-content\/uploads\/2023\/12\/jericoacoara-2-910x606.jpeg?resize=910%2C606&#038;ssl=1\" alt=\"As famosas dunas da praia de Jericoacoara, no Cear\u00e1\" width=\"910\" height=\"606\" srcset=\"https:\/\/catracalivre.com.br\/wp-content\/uploads\/2023\/12\/jericoacoara-2-910x606.jpeg 910w, https:\/\/catracalivre.com.br\/wp-content\/uploads\/2023\/12\/jericoacoara-2-450x300.jpeg 450w, https:\/\/catracalivre.com.br\/wp-content\/uploads\/2023\/12\/jericoacoara-2-768x512.jpeg 768w\" sizes=\"(max-width: 910px) 100vw, 910px\"\/><\/p>\n<p>Cr\u00e9ditos: Divulga\u00e7\u00e3o<\/p>\n<\/div>\n<\/div>\n<p><span class=\"post-imagem__legenda\">As famosas dunas da praia de Jericoacoara, no Cear\u00e1<\/span><\/p>\n<\/div>\n<p>O mar e a diversidade de culturas de Jeri, como \u00e9 carinhosamente chamada, contribuem para criar um destino que vai al\u00e9m das expectativas.<\/p>\n<p>\u00c9 a combina\u00e7\u00e3o \u00fanica de cultura local, beleza natural e hospitalidade luxuosa que continua a atrair viajantes de todos os cantos do planeta.<\/p>\n<p>\u201cJeri \u00e9 uma vila encantadora que acolhe diferentes p\u00fablicos e respeita o ritmo de cada visitante\u201d. diz Lilian Pachler-Duftner, co-fundadora e s\u00f3cia-propriet\u00e1ria do <a href=\"https:\/\/villanauticajeri.com\/\" target=\"_blank\" rel=\"noopener\">Villa Nautica Boutique Hotel<\/a>, \u00fanico hotel do pa\u00eds com avalia\u00e7\u00e3o m\u00e1xima no Google e TripAdvistor.<\/p>\n<div id=\"attachment_2329683\" class=\"wp-caption aligncenter\">\n<div class=\"d-flex justify-content-center\" data-attachment-id=\"2329683\">\n<div class=\"position-relative d-inline-block\"><img data-recalc-dims=\"1\" loading=\"lazy\" data-portal-copyright=\"Divulga\u00e7\u00e3o\" decoding=\"async\" class=\"size-large wp-image-2329683\" src=\"https:\/\/i0.wp.com\/catracalivre.com.br\/wp-content\/uploads\/2023\/12\/jericoacoara-vila-910x607.webp?resize=910%2C607&#038;ssl=1\" alt=\"Centrinho d badalada Vila de Jericoacoara, no Cear\u00e1\" width=\"910\" height=\"607\" srcset=\"https:\/\/catracalivre.com.br\/wp-content\/uploads\/2023\/12\/jericoacoara-vila-910x607.webp 910w, https:\/\/catracalivre.com.br\/wp-content\/uploads\/2023\/12\/jericoacoara-vila-450x300.webp 450w, https:\/\/catracalivre.com.br\/wp-content\/uploads\/2023\/12\/jericoacoara-vila-768x512.webp 768w\" sizes=\"auto, (max-width: 910px) 100vw, 910px\"\/><\/p>\n<p>Cr\u00e9ditos: Divulga\u00e7\u00e3o<\/p>\n<\/div>\n<\/div>\n<p><span class=\"post-imagem__legenda\">Centrinho d badalada Vila de Jericoacoara, no Cear\u00e1<\/span><\/p>\n<\/div>\n<p>\u201cEsses visitantes, que preferem a paz ao agito, encontram em Jeri um santu\u00e1rio para desfrutar da natureza e relaxar em ambientes charmosos, como o Villa Nautica Boutique Hotel\u201d, explica.<\/p>\n<h3>Belezas naturais e luxo que andam juntos<\/h3>\n<p>Consagrada desde 1987 pelo jornal americano \u201cWashington Post\u201d como uma das dez praias mais belas do mundo, Jericoacoara \u00e9 um convite a experi\u00eancias \u00fanicas.<\/p>\n<p>Das caminhadas tranquilas aos esportes emocionantes como sandboard e windsurf, Jeri oferece um leque de op\u00e7\u00f5es.<\/p>\n<div id=\"attachment_2329681\" class=\"wp-caption aligncenter\">\n<div class=\"d-flex justify-content-center\" data-attachment-id=\"2329681\">\n<div class=\"position-relative d-inline-block\"><img data-recalc-dims=\"1\" loading=\"lazy\" data-portal-copyright=\"Divulga\u00e7\u00e3o\" decoding=\"async\" class=\"wp-image-2329681 size-large\" src=\"https:\/\/i0.wp.com\/catracalivre.com.br\/wp-content\/uploads\/2023\/12\/jericoacoara-910x606.jpeg?resize=910%2C606&#038;ssl=1\" alt=\"Vilarejo de Jeri atrai turistas do mundo inteiro\" width=\"910\" height=\"606\" srcset=\"https:\/\/catracalivre.com.br\/wp-content\/uploads\/2023\/12\/jericoacoara-910x606.jpeg 910w, https:\/\/catracalivre.com.br\/wp-content\/uploads\/2023\/12\/jericoacoara-450x300.jpeg 450w, https:\/\/catracalivre.com.br\/wp-content\/uploads\/2023\/12\/jericoacoara-768x512.jpeg 768w\" sizes=\"auto, (max-width: 910px) 100vw, 910px\"\/><\/p>\n<p>Cr\u00e9ditos: Divulga\u00e7\u00e3o<\/p>\n<\/div>\n<\/div>\n<p><span class=\"post-imagem__legenda\">Vilarejo de Jeri atrai turistas do mundo inteiro<\/span><\/p>\n<\/div>\n<p>As dunas gigantes, prop\u00edcias para trekking, culminam em vis\u00f5es deslumbrantes, levando os aventureiros \u00e0 Lagoa do Para\u00edso, um dos lugares mais belos do planeta.<\/p>\n<p>\u201cEste fen\u00f4meno n\u00e3o passou despercebido pelo turismo de luxo. Em Jeri, a atmosfera internacional \u00e9 palp\u00e1vel. Na praia, o que se percebe \u00e9 uma mistura de diferentes idiomas como ingl\u00eas, franc\u00eas, italiano, alem\u00e3o, espanhol e russo, al\u00e9m do portugu\u00eas\u201d, revela Lilian Pachler-Duftner.<\/p>\n<h2>Jericoacoara abriga hotel mais bem avaliado do Brasil<\/h2>\n<p>Em um dos locais paradis\u00edacos mais desejados do pa\u00eds est\u00e1 o \u00fanico hotel no Brasil com notas m\u00e1ximas no TripAdvisor e no Google.<\/p>\n<div id=\"attachment_2329682\" class=\"wp-caption aligncenter\">\n<div class=\"d-flex justify-content-center\" data-attachment-id=\"2329682\">\n<div class=\"position-relative d-inline-block\"><img data-recalc-dims=\"1\" data-portal-copyright=\"Divulga\u00e7\u00e3o\" loading=\"lazy\" decoding=\"async\" class=\"wp-image-2329682 size-large\" src=\"https:\/\/i0.wp.com\/catracalivre.com.br\/wp-content\/uploads\/2023\/12\/villa-nautica-jeri-910x672.jpg?resize=910%2C672&#038;ssl=1\" alt=\"\u00c1rea externa do Villa Nautica Boutique Hotel, em Jericoacoara (CE)\" width=\"910\" height=\"672\" srcset=\"https:\/\/catracalivre.com.br\/wp-content\/uploads\/2023\/12\/villa-nautica-jeri-910x672.jpg 910w, https:\/\/catracalivre.com.br\/wp-content\/uploads\/2023\/12\/villa-nautica-jeri-450x332.jpg 450w, https:\/\/catracalivre.com.br\/wp-content\/uploads\/2023\/12\/villa-nautica-jeri-768x567.jpg 768w\" sizes=\"auto, (max-width: 910px) 100vw, 910px\"\/><\/p>\n<p>Cr\u00e9ditos: Divulga\u00e7\u00e3o<\/p>\n<\/div>\n<\/div>\n<p><span class=\"post-imagem__legenda\">\u00c1rea externa do Villa Nautica Boutique Hotel, em Jericoacoara (CE)<\/span><\/p>\n<\/div>\n<p>Que segredos esconde o Villa Nautica Boutique Hotel, inaugurado h\u00e1 um ano apenas, e j\u00e1 reconhecido como o hotel mais bem avaliado do pa\u00eds?<\/p>\n<p>Lilian observa que para os h\u00f3spedes a experi\u00eancia deve ser sempre marcante. \u201cA excel\u00eancia come\u00e7a nos detalhes e isso envolve afetividade. \u00c9 importante atender as necessidades dos h\u00f3spedes sempre com carinho. Os colaboradores mergulharam na nossa ess\u00eancia e o atendimento \u00e9 genuinamente acolhedor.\u201d<\/p>\n<p>No cora\u00e7\u00e3o desta experi\u00eancia \u00fanica reside a aten\u00e7\u00e3o meticulosa aos detalhes, garantida pelo envolvimento intenso dos propriet\u00e1rios desde a funda\u00e7\u00e3o que sustenta as su\u00edtes at\u00e9 a \u00faltima pe\u00e7a de decora\u00e7\u00e3o.<\/p>\n<div id=\"attachment_2329684\" class=\"wp-caption aligncenter\">\n<div class=\"d-flex justify-content-center\" data-attachment-id=\"2329684\">\n<div class=\"position-relative d-inline-block\"><img data-recalc-dims=\"1\" data-portal-copyright=\"Divulga\u00e7\u00e3o\" loading=\"lazy\" decoding=\"async\" class=\"wp-image-2329684 size-large\" src=\"https:\/\/i0.wp.com\/catracalivre.com.br\/wp-content\/uploads\/2023\/12\/villa-nautica-jeri-quarto-910x644.jpg?resize=910%2C644&#038;ssl=1\" alt=\"Um dos quartos do Villa Nautica Boutique Hotel\" width=\"910\" height=\"644\" srcset=\"https:\/\/catracalivre.com.br\/wp-content\/uploads\/2023\/12\/villa-nautica-jeri-quarto-910x644.jpg 910w, https:\/\/catracalivre.com.br\/wp-content\/uploads\/2023\/12\/villa-nautica-jeri-quarto-450x319.jpg 450w, https:\/\/catracalivre.com.br\/wp-content\/uploads\/2023\/12\/villa-nautica-jeri-quarto-768x544.jpg 768w\" sizes=\"auto, (max-width: 910px) 100vw, 910px\"\/><\/p>\n<p>Cr\u00e9ditos: Divulga\u00e7\u00e3o<\/p>\n<\/div>\n<\/div>\n<p><span class=\"post-imagem__legenda\">Um dos quartos do Villa Nautica Boutique Hotel<\/span><\/p>\n<\/div>\n<p>Inspirado na arquitetura austr\u00edaca, o hotel tem m\u00f3veis de design exclusivo, que criam uma atmosfera de requinte e conforto.<\/p>\n<p>A piscina salinizada, com spa e hidromassagem, e o jardim tropical completam o cen\u00e1rio sofisticado do Villa Nautica Boutique Hotel.<\/p>\n<p>\u201cA obra por si s\u00f3 j\u00e1 causa um grande impacto nas pessoas. A simetria traz harmonia e beleza. As pessoas se sentem naturalmente elevadas\u201d, observa Wilhelm Duftner, co-fundador e s\u00f3cio-propriet\u00e1rio.<\/p>\n<\/div>\n<p><script>\n\t\t! function(f, b, e, v, n, t, s) {\n\t\t\tif (f.fbq) return;\n\t\t\tn = f.fbq = function() {\n\t\t\t\tn.callMethod ?\n\t\t\t\t\tn.callMethod.apply(n, arguments) : n.queue.push(arguments)\n\t\t\t};\n\t\t\tif (!f._fbq) f._fbq = n;\n\t\t\tn.push = n;\n\t\t\tn.loaded = !0;\n\t\t\tn.version = '2.0';\n\t\t\tn.queue = [];\n\t\t\tt = b.createElement(e);\n\t\t\tt.async = !0;\n\t\t\tt.src = v;\n\t\t\ts = b.getElementsByTagName(e)[0];\n\t\t\ts.parentNode.insertBefore(t, s)\n\t\t}(window, document, 'script',\n\t\t\t'https:\/\/connect.facebook.net\/en_US\/fbevents.js');\n\t\tfbq('init', '338315473262380');\n\t\tfbq('track', 'PageView');\n\t<\/script><br \/>\n<br \/><br \/>\n<br \/><a href=\"https:\/\/catracalivre.com.br\/viagem-livre\/jericoacoara-e-opcao-para-quem-busca-tranquilidade-no-ano-novo\/\">Source link <\/a><\/p>\n<!-- CONTENT END 1 -->\n","protected":false},"excerpt":{"rendered":"<p>Antigo vilarejo de pescadores, Jericoacoara j\u00e1 n\u00e3o \u00e9 mais apenas um destino tur\u00edstico para f\u00e9rias. A badalada praia de Jijoca de Jericoacoara (CE) se tornou&#8230;<\/p>\n","protected":false},"author":1,"featured_media":20013,"comment_status":"open","ping_status":"open","sticky":false,"template":"","format":"standard","meta":{"advanced_seo_description":"","jetpack_seo_html_title":"","jetpack_seo_noindex":false,"jetpack_post_was_ever_published":false,"_jetpack_newsletter_access":"","_jetpack_dont_email_post_to_subs":false,"_jetpack_newsletter_tier_id":0,"_jetpack_memberships_contains_paywalled_content":false,"_jetpack_memberships_contains_paid_content":false,"footnotes":"","jetpack_publicize_message":"","jetpack_publicize_feature_enabled":true,"jetpack_social_post_already_shared":true,"jetpack_social_options":{"image_generator_settings":{"template":"highway","default_image_id":0,"font":"","enabled":false},"version":2}},"categories":[19],"tags":[],"class_list":["post-20012","post","type-post","status-publish","format-standard","has-post-thumbnail","hentry","category-variedades"],"jetpack_publicize_connections":[],"jetpack_featured_media_url":"https:\/\/i0.wp.com\/noticiasribeiraopreto.com.br\/wp-content\/uploads\/2023\/12\/jericoacoara-2.jpeg?fit=1200%2C638&ssl=1","jetpack-related-posts":[{"id":6255,"url":"https:\/\/noticiasribeiraopreto.com.br\/index.php\/2023\/11\/25\/prorrogou-feirao-da-gol-tem-passagens-aereas-a-partir-de-r-11990\/","url_meta":{"origin":20012,"position":0},"title":"Prorrogou! Feir\u00e3o da Gol tem passagens a\u00e9reas a partir de R$ 119,90","author":"noticiasribeiraopreto.com.br","date":"25 de November de 2023","format":false,"excerpt":"A Gol lan\u00e7ou o Feir\u00e3o Orange Friday com passagens para destinos nacionais a partir de R$ 119,90, o trecho com taxa de embarque j\u00e1 inclusa no valor. A promo\u00e7\u00e3o de Black Friday tamb\u00e9m vale para os destinos internacionais operados pela Gol, que t\u00eam pre\u00e7os a partir de R$ 910,90, ida\u2026","rel":"","context":"In &quot;Variedades&quot;","block_context":{"text":"Variedades","link":"https:\/\/noticiasribeiraopreto.com.br\/index.php\/category\/variedades\/"},"img":{"alt_text":"","src":"https:\/\/i0.wp.com\/noticiasribeiraopreto.com.br\/wp-content\/uploads\/2023\/11\/jericoacoara.jpg?fit=1200%2C638&ssl=1&resize=350%2C200","width":350,"height":200,"srcset":"https:\/\/i0.wp.com\/noticiasribeiraopreto.com.br\/wp-content\/uploads\/2023\/11\/jericoacoara.jpg?fit=1200%2C638&ssl=1&resize=350%2C200 1x, https:\/\/i0.wp.com\/noticiasribeiraopreto.com.br\/wp-content\/uploads\/2023\/11\/jericoacoara.jpg?fit=1200%2C638&ssl=1&resize=525%2C300 1.5x, https:\/\/i0.wp.com\/noticiasribeiraopreto.com.br\/wp-content\/uploads\/2023\/11\/jericoacoara.jpg?fit=1200%2C638&ssl=1&resize=700%2C400 2x, https:\/\/i0.wp.com\/noticiasribeiraopreto.com.br\/wp-content\/uploads\/2023\/11\/jericoacoara.jpg?fit=1200%2C638&ssl=1&resize=1050%2C600 3x"},"classes":[]},{"id":13329,"url":"https:\/\/noticiasribeiraopreto.com.br\/index.php\/2023\/12\/09\/bar-de-gelo-promete-refrescar-turistas-em-olimpia-sp\/","url_meta":{"origin":20012,"position":1},"title":"Bar de gelo promete refrescar turistas em Ol\u00edmpia (SP)","author":"noticiasribeiraopreto.com.br","date":"9 de December de 2023","format":false,"excerpt":"Turistas ter\u00e3o mais uma atra\u00e7\u00e3o para visitar em Ol\u00edmpia (SP). A \u201cOrlando brasileira\u201d vai ganhar ainda este m\u00eas um bar de gelo. Com mais de 500 m\u00b2 de \u00e1rea constru\u00edda, o Ice Bar ter\u00e1 sua pr\u00f3pria f\u00e1brica de gelo para produzir blocos das paredes internas, esculturas de gelo e os\u2026","rel":"","context":"In &quot;Variedades&quot;","block_context":{"text":"Variedades","link":"https:\/\/noticiasribeiraopreto.com.br\/index.php\/category\/variedades\/"},"img":{"alt_text":"","src":"https:\/\/i0.wp.com\/noticiasribeiraopreto.com.br\/wp-content\/uploads\/2023\/12\/img-6428.jpg?fit=1200%2C638&ssl=1&resize=350%2C200","width":350,"height":200,"srcset":"https:\/\/i0.wp.com\/noticiasribeiraopreto.com.br\/wp-content\/uploads\/2023\/12\/img-6428.jpg?fit=1200%2C638&ssl=1&resize=350%2C200 1x, https:\/\/i0.wp.com\/noticiasribeiraopreto.com.br\/wp-content\/uploads\/2023\/12\/img-6428.jpg?fit=1200%2C638&ssl=1&resize=525%2C300 1.5x, https:\/\/i0.wp.com\/noticiasribeiraopreto.com.br\/wp-content\/uploads\/2023\/12\/img-6428.jpg?fit=1200%2C638&ssl=1&resize=700%2C400 2x, https:\/\/i0.wp.com\/noticiasribeiraopreto.com.br\/wp-content\/uploads\/2023\/12\/img-6428.jpg?fit=1200%2C638&ssl=1&resize=1050%2C600 3x"},"classes":[]},{"id":19117,"url":"https:\/\/noticiasribeiraopreto.com.br\/index.php\/2023\/12\/21\/5-destinos-ensolarados-recomendados-para-viajar-no-verao-2024\/","url_meta":{"origin":20012,"position":2},"title":"5 destinos ensolarados recomendados para viajar no ver\u00e3o 2024","author":"noticiasribeiraopreto.com.br","date":"21 de December de 2023","format":false,"excerpt":"Apesar das altas temperaturas que v\u00eam sendo registradas h\u00e1 alguns meses no Brasil, o ver\u00e3o no hemisf\u00e9rio Sul come\u00e7a oficialmente na madrugada desta sexta-feira, 22. Com o clima quente, vale a pena se planejar para conhecer novos lugares, passear bastante para aproveitar os dias mais longos, que s\u00e3o caracter\u00edsticos da\u2026","rel":"","context":"In &quot;Variedades&quot;","block_context":{"text":"Variedades","link":"https:\/\/noticiasribeiraopreto.com.br\/index.php\/category\/variedades\/"},"img":{"alt_text":"","src":"https:\/\/i0.wp.com\/noticiasribeiraopreto.com.br\/wp-content\/uploads\/2023\/12\/pontal-de-maracaipe.jpg?fit=1200%2C638&ssl=1&resize=350%2C200","width":350,"height":200,"srcset":"https:\/\/i0.wp.com\/noticiasribeiraopreto.com.br\/wp-content\/uploads\/2023\/12\/pontal-de-maracaipe.jpg?fit=1200%2C638&ssl=1&resize=350%2C200 1x, https:\/\/i0.wp.com\/noticiasribeiraopreto.com.br\/wp-content\/uploads\/2023\/12\/pontal-de-maracaipe.jpg?fit=1200%2C638&ssl=1&resize=525%2C300 1.5x, https:\/\/i0.wp.com\/noticiasribeiraopreto.com.br\/wp-content\/uploads\/2023\/12\/pontal-de-maracaipe.jpg?fit=1200%2C638&ssl=1&resize=700%2C400 2x, https:\/\/i0.wp.com\/noticiasribeiraopreto.com.br\/wp-content\/uploads\/2023\/12\/pontal-de-maracaipe.jpg?fit=1200%2C638&ssl=1&resize=1050%2C600 3x"},"classes":[]},{"id":22236,"url":"https:\/\/noticiasribeiraopreto.com.br\/index.php\/2023\/12\/29\/ubatuba-tem-1o-verao-com-taxa-ambiental-para-turistas\/","url_meta":{"origin":20012,"position":3},"title":"Ubatuba tem 1\u00ba ver\u00e3o com taxa ambiental para turistas","author":"noticiasribeiraopreto.com.br","date":"29 de December de 2023","format":false,"excerpt":"Vai passar o Ano Novou ou as f\u00e9rias em Ubatuba, no litoral norte de SP? Ent\u00e3o pode ir preparando o bolso para pagar a Taxa de Preserva\u00e7\u00e3o Ambiental (TPA). Em vigor desde fevereiro, a taxa ser\u00e1 aplicada pela primeira vez aos turistas durante a alta temporada. Cr\u00e9ditos: Divulga\u00e7\u00e3o\/PMUVista da praia\u2026","rel":"","context":"In &quot;Variedades&quot;","block_context":{"text":"Variedades","link":"https:\/\/noticiasribeiraopreto.com.br\/index.php\/category\/variedades\/"},"img":{"alt_text":"","src":"https:\/\/i0.wp.com\/noticiasribeiraopreto.com.br\/wp-content\/uploads\/2023\/12\/ubatuba-praia-picinguaba.jpg?fit=1200%2C638&ssl=1&resize=350%2C200","width":350,"height":200,"srcset":"https:\/\/i0.wp.com\/noticiasribeiraopreto.com.br\/wp-content\/uploads\/2023\/12\/ubatuba-praia-picinguaba.jpg?fit=1200%2C638&ssl=1&resize=350%2C200 1x, https:\/\/i0.wp.com\/noticiasribeiraopreto.com.br\/wp-content\/uploads\/2023\/12\/ubatuba-praia-picinguaba.jpg?fit=1200%2C638&ssl=1&resize=525%2C300 1.5x, https:\/\/i0.wp.com\/noticiasribeiraopreto.com.br\/wp-content\/uploads\/2023\/12\/ubatuba-praia-picinguaba.jpg?fit=1200%2C638&ssl=1&resize=700%2C400 2x, https:\/\/i0.wp.com\/noticiasribeiraopreto.com.br\/wp-content\/uploads\/2023\/12\/ubatuba-praia-picinguaba.jpg?fit=1200%2C638&ssl=1&resize=1050%2C600 3x"},"classes":[]},{"id":7998,"url":"https:\/\/noticiasribeiraopreto.com.br\/index.php\/2023\/11\/29\/guaruja-sp-vai-passar-a-cobrar-taxa-ambiental-de-turistas-saiba-tudo-aqui\/","url_meta":{"origin":20012,"position":4},"title":"Guaruj\u00e1 (SP) vai passar a cobrar taxa ambiental de turistas? Saiba tudo aqui","author":"noticiasribeiraopreto.com.br","date":"29 de November de 2023","format":false,"excerpt":"Depois de Ubatuba, outra cidade do litoral paulista quer taxar de turistas que visitam suas praias. Na \u00faltima sexta-feira, 24, a Prefeitura de Guaruj\u00e1 realizou uma audi\u00eancia p\u00fablica para debater a implementa\u00e7\u00e3o da Taxa de Preserva\u00e7\u00e3o Ambiental (TPA). Cr\u00e9ditos: Marianogueira\/iStockPrefeitura do Guaruj\u00e1, no litoral de SP, avalia cobrar taxa de\u2026","rel":"","context":"In &quot;Variedades&quot;","block_context":{"text":"Variedades","link":"https:\/\/noticiasribeiraopreto.com.br\/index.php\/category\/variedades\/"},"img":{"alt_text":"","src":"https:\/\/i0.wp.com\/noticiasribeiraopreto.com.br\/wp-content\/uploads\/2023\/11\/guaruja-praia-pitangueiras.jpg?fit=1200%2C638&ssl=1&resize=350%2C200","width":350,"height":200,"srcset":"https:\/\/i0.wp.com\/noticiasribeiraopreto.com.br\/wp-content\/uploads\/2023\/11\/guaruja-praia-pitangueiras.jpg?fit=1200%2C638&ssl=1&resize=350%2C200 1x, https:\/\/i0.wp.com\/noticiasribeiraopreto.com.br\/wp-content\/uploads\/2023\/11\/guaruja-praia-pitangueiras.jpg?fit=1200%2C638&ssl=1&resize=525%2C300 1.5x, https:\/\/i0.wp.com\/noticiasribeiraopreto.com.br\/wp-content\/uploads\/2023\/11\/guaruja-praia-pitangueiras.jpg?fit=1200%2C638&ssl=1&resize=700%2C400 2x, https:\/\/i0.wp.com\/noticiasribeiraopreto.com.br\/wp-content\/uploads\/2023\/11\/guaruja-praia-pitangueiras.jpg?fit=1200%2C638&ssl=1&resize=1050%2C600 3x"},"classes":[]},{"id":28032,"url":"https:\/\/noticiasribeiraopreto.com.br\/index.php\/2024\/01\/14\/aposta-de-ribeirao-fatura-meio-milhao-em-sorteio-da-loteria-veja-as-cidades-premiadas\/","url_meta":{"origin":20012,"position":5},"title":"Aposta de Ribeir\u00e3o fatura meio milh\u00e3o em sorteio da Loteria; Veja as cidades premiadas","author":"noticiasribeiraopreto.com.br","date":"14 de January de 2024","format":false,"excerpt":"Um morador de Ribeir\u00e3o Preto acertou todas as dezenas da Lotof\u00e1cil e faturou mais de R$ 500 mil, na noite deste s\u00e1bado (13). O sorteio foi realizado pela Caixa Econ\u00f4mica Federal, em S\u00e3o Paulo. De acordo com a institui\u00e7\u00e3o, a aposta premiada no concurso 3003 foi registrada atrav\u00e9s dos canais\u2026","rel":"","context":"In &quot;Not\u00edcias de Ribeir\u00e3o Preto-SP e Regi\u00e3o&quot;","block_context":{"text":"Not\u00edcias de Ribeir\u00e3o Preto-SP e Regi\u00e3o","link":"https:\/\/noticiasribeiraopreto.com.br\/index.php\/category\/noticias-de-ribeirao-preto-sp-e-regiao-ismael-colosi\/"},"img":{"alt_text":"","src":"https:\/\/i0.wp.com\/noticiasribeiraopreto.com.br\/wp-content\/uploads\/2024\/01\/1705247220_sorteio_da_1200x675_16012022122353.jpg?fit=1200%2C675&ssl=1&resize=350%2C200","width":350,"height":200,"srcset":"https:\/\/i0.wp.com\/noticiasribeiraopreto.com.br\/wp-content\/uploads\/2024\/01\/1705247220_sorteio_da_1200x675_16012022122353.jpg?fit=1200%2C675&ssl=1&resize=350%2C200 1x, https:\/\/i0.wp.com\/noticiasribeiraopreto.com.br\/wp-content\/uploads\/2024\/01\/1705247220_sorteio_da_1200x675_16012022122353.jpg?fit=1200%2C675&ssl=1&resize=525%2C300 1.5x, https:\/\/i0.wp.com\/noticiasribeiraopreto.com.br\/wp-content\/uploads\/2024\/01\/1705247220_sorteio_da_1200x675_16012022122353.jpg?fit=1200%2C675&ssl=1&resize=700%2C400 2x, https:\/\/i0.wp.com\/noticiasribeiraopreto.com.br\/wp-content\/uploads\/2024\/01\/1705247220_sorteio_da_1200x675_16012022122353.jpg?fit=1200%2C675&ssl=1&resize=1050%2C600 3x"},"classes":[]}],"jetpack_sharing_enabled":true,"jetpack_shortlink":"https:\/\/wp.me\/peQAOb-5cM","_links":{"self":[{"href":"https:\/\/noticiasribeiraopreto.com.br\/index.php\/wp-json\/wp\/v2\/posts\/20012","targetHints":{"allow":["GET"]}}],"collection":[{"href":"https:\/\/noticiasribeiraopreto.com.br\/index.php\/wp-json\/wp\/v2\/posts"}],"about":[{"href":"https:\/\/noticiasribeiraopreto.com.br\/index.php\/wp-json\/wp\/v2\/types\/post"}],"author":[{"embeddable":true,"href":"https:\/\/noticiasribeiraopreto.com.br\/index.php\/wp-json\/wp\/v2\/users\/1"}],"replies":[{"embeddable":true,"href":"https:\/\/noticiasribeiraopreto.com.br\/index.php\/wp-json\/wp\/v2\/comments?post=20012"}],"version-history":[{"count":0,"href":"https:\/\/noticiasribeiraopreto.com.br\/index.php\/wp-json\/wp\/v2\/posts\/20012\/revisions"}],"wp:featuredmedia":[{"embeddable":true,"href":"https:\/\/noticiasribeiraopreto.com.br\/index.php\/wp-json\/wp\/v2\/media\/20013"}],"wp:attachment":[{"href":"https:\/\/noticiasribeiraopreto.com.br\/index.php\/wp-json\/wp\/v2\/media?parent=20012"}],"wp:term":[{"taxonomy":"category","embeddable":true,"href":"https:\/\/noticiasribeiraopreto.com.br\/index.php\/wp-json\/wp\/v2\/categories?post=20012"},{"taxonomy":"post_tag","embeddable":true,"href":"https:\/\/noticiasribeiraopreto.com.br\/index.php\/wp-json\/wp\/v2\/tags?post=20012"}],"curies":[{"name":"wp","href":"https:\/\/api.w.org\/{rel}","templated":true}]}}