{"id":20033,"date":"2023-12-23T22:34:52","date_gmt":"2023-12-24T01:34:52","guid":{"rendered":"https:\/\/noticiasribeiraopreto.com.br\/index.php\/2023\/12\/23\/utm_sourcerssutm_mediumrssutm_campaignsementinhas-do-crime-de-serrana-sao-detidas-apos-tentativa-de-roubo-em-ribeirao-preto\/"},"modified":"2023-12-23T22:34:52","modified_gmt":"2023-12-24T01:34:52","slug":"utm_sourcerssutm_mediumrssutm_campaignsementinhas-do-crime-de-serrana-sao-detidas-apos-tentativa-de-roubo-em-ribeirao-preto","status":"publish","type":"post","link":"https:\/\/noticiasribeiraopreto.com.br\/index.php\/2023\/12\/23\/utm_sourcerssutm_mediumrssutm_campaignsementinhas-do-crime-de-serrana-sao-detidas-apos-tentativa-de-roubo-em-ribeirao-preto\/","title":{"rendered":"Sementinhas do crime de Serrana s\u00e3o detidas ap\u00f3s tentativa de roubo em Ribeir\u00e3o Preto \u2013 X Tudo Ribeir\u00e3o"},"content":{"rendered":"<div class='code-block code-block-1' style='margin: 8px 0 8px auto; text-align: right; display: block; clear: both;'>\n<p><a href=\"https:\/\/wa.link\/vpicfd\"><img data-recalc-dims=\"1\" class=\"wp-image-4922\" style=\"aspect-ratio: 2.0253164556962027; width: 561px; height: auto;\" src=\"https:\/\/i0.wp.com\/ismaelcolosi.com.br\/wp-content\/uploads\/2023\/11\/grupo-de-empregos-whatsapp-e-facebook-ismael-colosi-vagas.jpg?ssl=1\" alt=\"\" \/><\/a><\/p>\n<!-- \/wp:image -->\n<\/div>\n<p> <br \/>\n<\/p>\n<div>\n<p>Duas sementinhas do crime da cidade de Serrana, foram detidas ap\u00f3s uma tentativa de roubo pr\u00f3ximo a faculdade Unaerp em Ribeir\u00e3o Preto. Segundo informa\u00e7\u00f5es da Pol\u00edcia Militar, testemunhas acionaram os Policiais versando sobre dois bandidos que teriam tentado abordar um pedestre pr\u00f3ximo da Unaerp. Rapidamente os PMs foram at\u00e9 o local, e durante o patrulhamento os Policiais depararam com os dois indiv\u00edduos.<\/p>\n<p>Durante a abordagem, os Policiais encontraram uma arma de fogo, uma chave micha (usada para furtar carros e motos) e dois capacetes. De acordo com a PM, os dois disseram que s\u00e3o da cidade de Serrana, e que vieram para Ribeir\u00e3o Preto, para praticarem uma (FITA).<\/p>\n<p>Os dois foram conduzidos para Central de Pol\u00edcia Judici\u00e1ria (CPJ) da rua Duque de Caxias, onde ficaram a disposi\u00e7\u00e3o da Justi\u00e7a.<\/p>\n<figure class=\"is-layout-flex wp-block-gallery-1 wp-block-gallery has-nested-images columns-default is-cropped\">\n<figure class=\"wp-block-image size-large\"><\/figure>\n<figure class=\"wp-block-image size-large\"><img data-recalc-dims=\"1\" decoding=\"async\" loading=\"lazy\" width=\"1024\" height=\"695\" data-id=\"27522\" src=\"https:\/\/i0.wp.com\/xtudoribeirao.com.br\/wp-content\/uploads\/2023\/12\/WhatsApp-Image-2023-12-23-at-21.46.47-1-1024x695.jpeg?resize=1024%2C695&#038;ssl=1\" alt=\"\" class=\"wp-image-27522\" srcset=\"https:\/\/xtudoribeirao.com.br\/wp-content\/uploads\/2023\/12\/WhatsApp-Image-2023-12-23-at-21.46.47-1-1024x695.jpeg 1024w, https:\/\/xtudoribeirao.com.br\/wp-content\/uploads\/2023\/12\/WhatsApp-Image-2023-12-23-at-21.46.47-1-300x204.jpeg 300w, https:\/\/xtudoribeirao.com.br\/wp-content\/uploads\/2023\/12\/WhatsApp-Image-2023-12-23-at-21.46.47-1-768x521.jpeg 768w, https:\/\/xtudoribeirao.com.br\/wp-content\/uploads\/2023\/12\/WhatsApp-Image-2023-12-23-at-21.46.47-1-750x509.jpeg 750w, https:\/\/xtudoribeirao.com.br\/wp-content\/uploads\/2023\/12\/WhatsApp-Image-2023-12-23-at-21.46.47-1.jpeg 1113w\" sizes=\"auto, (max-width: 1024px) 100vw, 1024px\"\/><\/figure>\n<\/figure><\/div>\n<p><br \/>\n<br \/><a href=\"https:\/\/xtudoribeirao.com.br\/2023\/12\/23\/sementinhas-do-crime-de-serrana-sao-detidas-apos-tentativa-de-roubo-em-ribeirao-preto\/?utm_source=rss&#038;utm_medium=rss&#038;utm_campaign=sementinhas-do-crime-de-serrana-sao-detidas-apos-tentativa-de-roubo-em-ribeirao-preto\">Source link <\/a><\/p>\n<!-- CONTENT END 1 -->\n","protected":false},"excerpt":{"rendered":"<p>Duas sementinhas do crime da cidade de Serrana, foram detidas ap\u00f3s uma tentativa de roubo pr\u00f3ximo a faculdade Unaerp em Ribeir\u00e3o Preto. Segundo informa\u00e7\u00f5es da&#8230;<\/p>\n","protected":false},"author":1,"featured_media":20034,"comment_status":"open","ping_status":"open","sticky":false,"template":"","format":"standard","meta":{"advanced_seo_description":"","jetpack_seo_html_title":"","jetpack_seo_noindex":false,"jetpack_post_was_ever_published":false,"_jetpack_newsletter_access":"","_jetpack_dont_email_post_to_subs":false,"_jetpack_newsletter_tier_id":0,"_jetpack_memberships_contains_paywalled_content":false,"_jetpack_memberships_contains_paid_content":false,"footnotes":"","jetpack_publicize_message":"","jetpack_publicize_feature_enabled":true,"jetpack_social_post_already_shared":true,"jetpack_social_options":{"image_generator_settings":{"template":"highway","default_image_id":0,"font":"","enabled":false},"version":2}},"categories":[11],"tags":[37,88,2601,27,26,999,50,2600,606,2005,43],"class_list":["post-20033","post","type-post","status-publish","format-standard","has-post-thumbnail","hentry","category-noticias-de-ribeirao-preto-sp-e-regiao-ismael-colosi","tag-apos","tag-crime","tag-detidas","tag-preto","tag-ribeirao","tag-roubo","tag-sao","tag-sementinhas","tag-serrana","tag-tentativa","tag-tudo"],"jetpack_publicize_connections":[],"jetpack_featured_media_url":"https:\/\/i0.wp.com\/noticiasribeiraopreto.com.br\/wp-content\/uploads\/2023\/12\/WhatsApp-Image-2023-12-23-at-21.46.47-2.jpeg?fit=1149%2C630&ssl=1","jetpack-related-posts":[{"id":35411,"url":"https:\/\/noticiasribeiraopreto.com.br\/index.php\/2024\/02\/06\/utm_sourcerssutm_mediumrssutm_campaignpolicia-civil-prende-bandidos-envolvidos-no-roubo-do-malote-do-banco-da-sicoob-em-serrana\/","url_meta":{"origin":20033,"position":0},"title":"Pol\u00edcia Civil prende bandidos envolvidos no roubo do malote do banco da SICOOB em Serrana \u2013 X Tudo Ribeir\u00e3o","author":"noticiasribeiraopreto.com.br","date":"6 de February de 2024","format":false,"excerpt":"A Pol\u00edcia Civil prendeu na manh\u00e3 desta ter\u00e7a-feira (6\/2), os bandidos envolvidos no roubo do malote defronte ao banco Sicoob no m\u00eas de novembro do ano passado na cidade de Serrana.\u00a0(CLIQUE E LEIA A MAT\u00c9RIA) Segundo apurado com EXCLUSIVIDADE, ap\u00f3s o roubo os Policiais Civis iniciaram as investiga\u00e7\u00f5es, chegando na\u2026","rel":"","context":"In &quot;Not\u00edcias de Ribeir\u00e3o Preto-SP e Regi\u00e3o&quot;","block_context":{"text":"Not\u00edcias de Ribeir\u00e3o Preto-SP e Regi\u00e3o","link":"https:\/\/noticiasribeiraopreto.com.br\/index.php\/category\/noticias-de-ribeirao-preto-sp-e-regiao-ismael-colosi\/"},"img":{"alt_text":"","src":"https:\/\/i0.wp.com\/noticiasribeiraopreto.com.br\/wp-content\/uploads\/2024\/02\/policial-e-morto-durante-tentativa-de-assalto-na-zona-oeste-do-rio.jpg?fit=1110%2C550&ssl=1&resize=350%2C200","width":350,"height":200,"srcset":"https:\/\/i0.wp.com\/noticiasribeiraopreto.com.br\/wp-content\/uploads\/2024\/02\/policial-e-morto-durante-tentativa-de-assalto-na-zona-oeste-do-rio.jpg?fit=1110%2C550&ssl=1&resize=350%2C200 1x, https:\/\/i0.wp.com\/noticiasribeiraopreto.com.br\/wp-content\/uploads\/2024\/02\/policial-e-morto-durante-tentativa-de-assalto-na-zona-oeste-do-rio.jpg?fit=1110%2C550&ssl=1&resize=525%2C300 1.5x, https:\/\/i0.wp.com\/noticiasribeiraopreto.com.br\/wp-content\/uploads\/2024\/02\/policial-e-morto-durante-tentativa-de-assalto-na-zona-oeste-do-rio.jpg?fit=1110%2C550&ssl=1&resize=700%2C400 2x, https:\/\/i0.wp.com\/noticiasribeiraopreto.com.br\/wp-content\/uploads\/2024\/02\/policial-e-morto-durante-tentativa-de-assalto-na-zona-oeste-do-rio.jpg?fit=1110%2C550&ssl=1&resize=1050%2C600 3x"},"classes":[]},{"id":80387,"url":"https:\/\/noticiasribeiraopreto.com.br\/index.php\/2025\/12\/03\/video-acusados-de-roubos-sao-detidos-na-regiao\/","url_meta":{"origin":20033,"position":1},"title":"V\u00cdDEO &#8211; Acusados de roubos s\u00e3o detidos na regi\u00e3o","author":"noticiasribeiraopreto.com.br","date":"3 de December de 2025","format":false,"excerpt":"\r \r \r Grupo teria assaltado loja de celulares e furtado moto, divulgando o \u201cfeito\u201d em redes sociais\r \r 2 de dezembro de 2025 13:142 de dezembro de 2025 13:34 \r Compartilhar2 \r Por: Adalberto Luque Dois homens foram presos e dois adolescentes apreendidos, na manh\u00e3 desta ter\u00e7a-feira (2), por\u2026","rel":"","context":"In &quot;Not\u00edcias de Ribeir\u00e3o Preto-SP e Regi\u00e3o&quot;","block_context":{"text":"Not\u00edcias de Ribeir\u00e3o Preto-SP e Regi\u00e3o","link":"https:\/\/noticiasribeiraopreto.com.br\/index.php\/category\/noticias-de-ribeirao-preto-sp-e-regiao-ismael-colosi\/"},"img":{"alt_text":"","src":"https:\/\/i0.wp.com\/noticiasribeiraopreto.com.br\/wp-content\/uploads\/2025\/12\/02-dez-2025-assaltantesserrana1-scaled.jpg?fit=1200%2C675&ssl=1&resize=350%2C200","width":350,"height":200,"srcset":"https:\/\/i0.wp.com\/noticiasribeiraopreto.com.br\/wp-content\/uploads\/2025\/12\/02-dez-2025-assaltantesserrana1-scaled.jpg?fit=1200%2C675&ssl=1&resize=350%2C200 1x, https:\/\/i0.wp.com\/noticiasribeiraopreto.com.br\/wp-content\/uploads\/2025\/12\/02-dez-2025-assaltantesserrana1-scaled.jpg?fit=1200%2C675&ssl=1&resize=525%2C300 1.5x, https:\/\/i0.wp.com\/noticiasribeiraopreto.com.br\/wp-content\/uploads\/2025\/12\/02-dez-2025-assaltantesserrana1-scaled.jpg?fit=1200%2C675&ssl=1&resize=700%2C400 2x, https:\/\/i0.wp.com\/noticiasribeiraopreto.com.br\/wp-content\/uploads\/2025\/12\/02-dez-2025-assaltantesserrana1-scaled.jpg?fit=1200%2C675&ssl=1&resize=1050%2C600 3x"},"classes":[]},{"id":34667,"url":"https:\/\/noticiasribeiraopreto.com.br\/index.php\/2024\/02\/02\/cinco-pessoas-foram-detidas-por-suspeita-de-furtarem-duas-toneladas-de-acucar-em-rodovia-de-ribeirao\/","url_meta":{"origin":20033,"position":2},"title":"Cinco pessoas foram detidas por suspeita de furtarem duas toneladas de a\u00e7\u00facar em rodovia de Ribeir\u00e3o","author":"noticiasribeiraopreto.com.br","date":"2 de February de 2024","format":false,"excerpt":"A Pol\u00edcia Militar com apoio da Guarda Civil Metropolitana (GCM) de Ribeir\u00e3o Preto prendeu, nesta sexta-feira (2), cinco pessoas suspeitas de furtarem aproximadamente duas toneladas de a\u00e7\u00facar em uma fazenda \u00e0s margens da rodovia Abra\u00e3o Assed (SP-333), em Ribeir\u00e3o Preto. De acordo com a GCM, uma equipe estava em patrulhamento\u2026","rel":"","context":"In &quot;Not\u00edcias de Ribeir\u00e3o Preto-SP e Regi\u00e3o&quot;","block_context":{"text":"Not\u00edcias de Ribeir\u00e3o Preto-SP e Regi\u00e3o","link":"https:\/\/noticiasribeiraopreto.com.br\/index.php\/category\/noticias-de-ribeirao-preto-sp-e-regiao-ismael-colosi\/"},"img":{"alt_text":"","src":"https:\/\/i0.wp.com\/noticiasribeiraopreto.com.br\/wp-content\/uploads\/2024\/02\/Copia-de-Copia-de-TAMANHO-EXATO-PARA-FOTOS-NO-SISTEMA-NOVO-31.png?fit=1200%2C675&ssl=1&resize=350%2C200","width":350,"height":200,"srcset":"https:\/\/i0.wp.com\/noticiasribeiraopreto.com.br\/wp-content\/uploads\/2024\/02\/Copia-de-Copia-de-TAMANHO-EXATO-PARA-FOTOS-NO-SISTEMA-NOVO-31.png?fit=1200%2C675&ssl=1&resize=350%2C200 1x, https:\/\/i0.wp.com\/noticiasribeiraopreto.com.br\/wp-content\/uploads\/2024\/02\/Copia-de-Copia-de-TAMANHO-EXATO-PARA-FOTOS-NO-SISTEMA-NOVO-31.png?fit=1200%2C675&ssl=1&resize=525%2C300 1.5x, https:\/\/i0.wp.com\/noticiasribeiraopreto.com.br\/wp-content\/uploads\/2024\/02\/Copia-de-Copia-de-TAMANHO-EXATO-PARA-FOTOS-NO-SISTEMA-NOVO-31.png?fit=1200%2C675&ssl=1&resize=700%2C400 2x, https:\/\/i0.wp.com\/noticiasribeiraopreto.com.br\/wp-content\/uploads\/2024\/02\/Copia-de-Copia-de-TAMANHO-EXATO-PARA-FOTOS-NO-SISTEMA-NOVO-31.png?fit=1200%2C675&ssl=1&resize=1050%2C600 3x"},"classes":[]},{"id":979,"url":"https:\/\/noticiasribeiraopreto.com.br\/index.php\/2023\/11\/09\/tres-menores-de-12-15-e-17-anos-sao-apreendidos-apos-roubo-em-ribeirao-preto-x-tudo-ribeirao\/","url_meta":{"origin":20033,"position":3},"title":"Tr\u00eas menores de 12, 15, e 17 anos s\u00e3o apreendidos ap\u00f3s roubo em Ribeir\u00e3o Preto \u2013 X Tudo Ribeir\u00e3o","author":"noticiasribeiraopreto.com.br","date":"9 de November de 2023","format":false,"excerpt":"Tr\u00eas menores do crime, sendo de 12, 15 e 17 anos, foram apreendidos pela Pol\u00edcia Militar na Vila Virg\u00ednia, ap\u00f3s roubarem um celular de um homem na regi\u00e3o Central de Ribeir\u00e3o Preto. Na casa de um dos menores os PMs tamb\u00e9m encontraram drogas. Segundo informa\u00e7\u00f5es da Pol\u00edcia Militar, durante o\u2026","rel":"","context":"In &quot;Not\u00edcias de Ribeir\u00e3o Preto-SP e Regi\u00e3o&quot;","block_context":{"text":"Not\u00edcias de Ribeir\u00e3o Preto-SP e Regi\u00e3o","link":"https:\/\/noticiasribeiraopreto.com.br\/index.php\/category\/noticias-de-ribeirao-preto-sp-e-regiao-ismael-colosi\/"},"img":{"alt_text":"","src":"https:\/\/i0.wp.com\/noticiasribeiraopreto.com.br\/wp-content\/uploads\/2023\/11\/WhatsApp-Image-2023-11-09-at-21.49.26.jpeg?fit=680%2C361&ssl=1&resize=350%2C200","width":350,"height":200,"srcset":"https:\/\/i0.wp.com\/noticiasribeiraopreto.com.br\/wp-content\/uploads\/2023\/11\/WhatsApp-Image-2023-11-09-at-21.49.26.jpeg?fit=680%2C361&ssl=1&resize=350%2C200 1x, https:\/\/i0.wp.com\/noticiasribeiraopreto.com.br\/wp-content\/uploads\/2023\/11\/WhatsApp-Image-2023-11-09-at-21.49.26.jpeg?fit=680%2C361&ssl=1&resize=525%2C300 1.5x"},"classes":[]},{"id":13134,"url":"https:\/\/noticiasribeiraopreto.com.br\/index.php\/2023\/12\/09\/utm_sourcerssutm_mediumrssutm_campaignbandidos-abusam-sexualmente-de-mulher-durante-roubo-a-uma-fazenda-em-serra-azul\/","url_meta":{"origin":20033,"position":4},"title":"Bandidos abusam sexualmente de mulher durante roubo a uma fazenda em Serra Azul \u2013 X Tudo Ribeir\u00e3o","author":"noticiasribeiraopreto.com.br","date":"9 de December de 2023","format":false,"excerpt":"Quatro vagabundos abusaram sexualmente de uma jovem durante um assalto a uma fazenda na zona Rural da cidade de Serra Azul.\u00a0 Segundo informa\u00e7\u00f5es da Pol\u00edcia, durante a madrugada quatro vagabundos armados em um Monza invadiram a fazenda. Ap\u00f3s render o casal e os dois filhos, as v\u00edtimas foram divididas e\u2026","rel":"","context":"In &quot;Not\u00edcias de Ribeir\u00e3o Preto-SP e Regi\u00e3o&quot;","block_context":{"text":"Not\u00edcias de Ribeir\u00e3o Preto-SP e Regi\u00e3o","link":"https:\/\/noticiasribeiraopreto.com.br\/index.php\/category\/noticias-de-ribeirao-preto-sp-e-regiao-ismael-colosi\/"},"img":{"alt_text":"","src":"https:\/\/i0.wp.com\/noticiasribeiraopreto.com.br\/wp-content\/uploads\/2023\/12\/estupro.jpg?fit=1000%2C667&ssl=1&resize=350%2C200","width":350,"height":200,"srcset":"https:\/\/i0.wp.com\/noticiasribeiraopreto.com.br\/wp-content\/uploads\/2023\/12\/estupro.jpg?fit=1000%2C667&ssl=1&resize=350%2C200 1x, https:\/\/i0.wp.com\/noticiasribeiraopreto.com.br\/wp-content\/uploads\/2023\/12\/estupro.jpg?fit=1000%2C667&ssl=1&resize=525%2C300 1.5x, https:\/\/i0.wp.com\/noticiasribeiraopreto.com.br\/wp-content\/uploads\/2023\/12\/estupro.jpg?fit=1000%2C667&ssl=1&resize=700%2C400 2x"},"classes":[]},{"id":18487,"url":"https:\/\/noticiasribeiraopreto.com.br\/index.php\/2023\/12\/20\/utm_sourcerssutm_mediumrssutm_campaignpolicia-evita-roubo-e-prende-bandidos-em-franca\/","url_meta":{"origin":20033,"position":5},"title":"Pol\u00edcia evita roubo e prende bandidos em Franca \u2013 X Tudo Ribeir\u00e3o","author":"noticiasribeiraopreto.com.br","date":"20 de December de 2023","format":false,"excerpt":"Tr\u00eas marginais foram presos pela Pol\u00edcia Civil ap\u00f3s uma tentativa de roubo que foi frustada pela equipe da Delegacia de Investiga\u00e7\u00f5es Gerais (DIG), na cidade de Franca. Segundo informa\u00e7\u00f5es da Pol\u00edcia Civil, os Policiais da DIG receberam informa\u00e7\u00f5es que uma quadrilha estava preparando para assaltar uma resid\u00eancia de um empres\u00e1rio\u2026","rel":"","context":"In &quot;Not\u00edcias de Ribeir\u00e3o Preto-SP e Regi\u00e3o&quot;","block_context":{"text":"Not\u00edcias de Ribeir\u00e3o Preto-SP e Regi\u00e3o","link":"https:\/\/noticiasribeiraopreto.com.br\/index.php\/category\/noticias-de-ribeirao-preto-sp-e-regiao-ismael-colosi\/"},"img":{"alt_text":"","src":"https:\/\/i0.wp.com\/noticiasribeiraopreto.com.br\/wp-content\/uploads\/2023\/12\/cf5b30a6-fe7b-4e38-81d6-1dbb6d8e0a5b.jpeg?fit=1200%2C976&ssl=1&resize=350%2C200","width":350,"height":200,"srcset":"https:\/\/i0.wp.com\/noticiasribeiraopreto.com.br\/wp-content\/uploads\/2023\/12\/cf5b30a6-fe7b-4e38-81d6-1dbb6d8e0a5b.jpeg?fit=1200%2C976&ssl=1&resize=350%2C200 1x, https:\/\/i0.wp.com\/noticiasribeiraopreto.com.br\/wp-content\/uploads\/2023\/12\/cf5b30a6-fe7b-4e38-81d6-1dbb6d8e0a5b.jpeg?fit=1200%2C976&ssl=1&resize=525%2C300 1.5x, https:\/\/i0.wp.com\/noticiasribeiraopreto.com.br\/wp-content\/uploads\/2023\/12\/cf5b30a6-fe7b-4e38-81d6-1dbb6d8e0a5b.jpeg?fit=1200%2C976&ssl=1&resize=700%2C400 2x, https:\/\/i0.wp.com\/noticiasribeiraopreto.com.br\/wp-content\/uploads\/2023\/12\/cf5b30a6-fe7b-4e38-81d6-1dbb6d8e0a5b.jpeg?fit=1200%2C976&ssl=1&resize=1050%2C600 3x"},"classes":[]}],"jetpack_sharing_enabled":true,"jetpack_shortlink":"https:\/\/wp.me\/peQAOb-5d7","_links":{"self":[{"href":"https:\/\/noticiasribeiraopreto.com.br\/index.php\/wp-json\/wp\/v2\/posts\/20033","targetHints":{"allow":["GET"]}}],"collection":[{"href":"https:\/\/noticiasribeiraopreto.com.br\/index.php\/wp-json\/wp\/v2\/posts"}],"about":[{"href":"https:\/\/noticiasribeiraopreto.com.br\/index.php\/wp-json\/wp\/v2\/types\/post"}],"author":[{"embeddable":true,"href":"https:\/\/noticiasribeiraopreto.com.br\/index.php\/wp-json\/wp\/v2\/users\/1"}],"replies":[{"embeddable":true,"href":"https:\/\/noticiasribeiraopreto.com.br\/index.php\/wp-json\/wp\/v2\/comments?post=20033"}],"version-history":[{"count":0,"href":"https:\/\/noticiasribeiraopreto.com.br\/index.php\/wp-json\/wp\/v2\/posts\/20033\/revisions"}],"wp:featuredmedia":[{"embeddable":true,"href":"https:\/\/noticiasribeiraopreto.com.br\/index.php\/wp-json\/wp\/v2\/media\/20034"}],"wp:attachment":[{"href":"https:\/\/noticiasribeiraopreto.com.br\/index.php\/wp-json\/wp\/v2\/media?parent=20033"}],"wp:term":[{"taxonomy":"category","embeddable":true,"href":"https:\/\/noticiasribeiraopreto.com.br\/index.php\/wp-json\/wp\/v2\/categories?post=20033"},{"taxonomy":"post_tag","embeddable":true,"href":"https:\/\/noticiasribeiraopreto.com.br\/index.php\/wp-json\/wp\/v2\/tags?post=20033"}],"curies":[{"name":"wp","href":"https:\/\/api.w.org\/{rel}","templated":true}]}}