{"id":20039,"date":"2023-12-23T23:05:58","date_gmt":"2023-12-24T02:05:58","guid":{"rendered":"https:\/\/noticiasribeiraopreto.com.br\/index.php\/2023\/12\/23\/sinais-de-que-voce-precisa-beber-mais-agua\/"},"modified":"2023-12-23T23:05:58","modified_gmt":"2023-12-24T02:05:58","slug":"sinais-de-que-voce-precisa-beber-mais-agua","status":"publish","type":"post","link":"https:\/\/noticiasribeiraopreto.com.br\/index.php\/2023\/12\/23\/sinais-de-que-voce-precisa-beber-mais-agua\/","title":{"rendered":"sinais de que voc\u00ea precisa beber mais \u00e1gua"},"content":{"rendered":"<div class='code-block code-block-1' style='margin: 8px 0 8px auto; text-align: right; display: block; clear: both;'>\n<p><a href=\"https:\/\/wa.link\/vpicfd\"><img data-recalc-dims=\"1\" class=\"wp-image-4922\" style=\"aspect-ratio: 2.0253164556962027; width: 561px; height: auto;\" src=\"https:\/\/i0.wp.com\/ismaelcolosi.com.br\/wp-content\/uploads\/2023\/11\/grupo-de-empregos-whatsapp-e-facebook-ismael-colosi-vagas.jpg?ssl=1\" alt=\"\" \/><\/a><\/p>\n<!-- \/wp:image -->\n<\/div>\n<p> <br \/>\n<\/p>\n<div>\n<div id=\"attachment_2294643\" class=\"wp-caption alignnone\">\n<div class=\"d-flex justify-content-center\" data-attachment-id=\"2294643\">\n<div class=\"position-relative d-inline-block\"><img data-recalc-dims=\"1\" data-portal-copyright=\"nemke\/istock\" fetchpriority=\"high\" decoding=\"async\" class=\"wp-image-2294643 size-full\" src=\"https:\/\/i0.wp.com\/catracalivre.com.br\/wp-content\/uploads\/2023\/09\/istock-1190230272-1.jpg?resize=1290%2C812&#038;ssl=1\" alt=\"Sinais de desidrata\u00e7\u00e3o: Perder algo em torno de 2% da \u00e1gua do corpo j\u00e1 \u00e9 o suficiente para que ele tenha que gastar mais energia em suas fun\u00e7\u00f5es vitais \u2013 iStock\/Getty Images\" width=\"1290\" height=\"812\" srcset=\"https:\/\/catracalivre.com.br\/wp-content\/uploads\/2023\/09\/istock-1190230272-1.jpg 1290w, https:\/\/catracalivre.com.br\/wp-content\/uploads\/2023\/09\/istock-1190230272-1-450x283.jpg 450w, https:\/\/catracalivre.com.br\/wp-content\/uploads\/2023\/09\/istock-1190230272-1-768x483.jpg 768w\" sizes=\"(max-width: 1290px) 100vw, 1290px\"\/><\/p>\n<p>Cr\u00e9ditos: nemke\/istock<\/p>\n<\/div>\n<\/div>\n<p><span class=\"post-imagem__legenda\">Sinais de desidrata\u00e7\u00e3o: Perder algo em torno de 2% da \u00e1gua do corpo j\u00e1 \u00e9 o suficiente para que ele tenha que gastar mais energia em suas fun\u00e7\u00f5es vitais \u2013 iStock\/Getty Images<\/span><\/p>\n<\/div>\n<p>O h\u00e1bito de<strong><a href=\"https:\/\/www.gov.br\/saude\/pt-br\/assuntos\/saude-brasil\/eu-quero-me-alimentar-melhor\/noticias\/2019\/como-tomar-mais-agua-durante-o-dia\" target=\"_blank\" rel=\"noopener\"> beber \u00e1gua<\/a><\/strong> \u00e9 crucial para o funcionamento adequado do nosso corpo. N\u00e3o por acaso, quando entramos em um processo de desidrata\u00e7\u00e3o, o nosso organismo emite v\u00e1rios sinais como dor de cabe\u00e7a, cansa\u00e7o, sede intensa ou boca seca.<\/p>\n<p>Al\u00e9m da sede, existem outros indicadores pouco comuns de que voc\u00ea precisa beber mais \u00e1gua.\u00a0Um desses sintomas, de acordo com especialistas, pode ser o aumento do desejo por doces.<\/p>\n<p>Outro sintoma de desidrata\u00e7\u00e3o incomum \u00e9 a sensa\u00e7\u00e3o de <strong><a href=\"https:\/\/catracalivre.com.br\/saude-bem-estar\/sindrome-do-olho-seco-saiba-o-que-e-e-como-evitar-a-sindrome\/\" target=\"_blank\" rel=\"noopener\">olhos secos<\/a><\/strong>. Isso acontece porque quando o n\u00edvel de hidrata\u00e7\u00e3o cai e o corpo come\u00e7a a racionar os fluidos que ainda possui.<\/p>\n<p>Por conta dessa condi\u00e7\u00e3o, at\u00e9 mesmo a produ\u00e7\u00e3o de umidade ocular, necess\u00e1ria para a produ\u00e7\u00e3o de l\u00e1grimas, diminui significativamente. Esse processo pode resultar em olhos secos e sensa\u00e7\u00e3o de que os olhos est\u00e3o mais fundos.<\/p>\n<h2>Quantos litros de \u00e1gua devemos consumir por dia?<\/h2>\n<p>Para ter a resposta, basta multiplicar seu peso por 35. Assim, uma pessoa que pesa 70 kg, por exemplo, deve consumir 2,45l de \u00e1gua por dia.\u00a0Ainda de acordo com especialistas, quando n\u00e3o consumimos a quantidade de \u00e1gua considerada ideal para o nosso peso, nossos vasos sangu\u00edneos se contraem para conservar o n\u00edvel de \u00e1gua no organismo, \u00e9 poss\u00edvel ter dores de cabe\u00e7a devido \u00e0 redu\u00e7\u00e3o do fluxo de oxig\u00eanio para o c\u00e9rebro.<\/p>\n<h2>Vontade de comer doce<\/h2>\n<p>Quando o corpo recebe menos \u00e1gua do que necessita, o funcionamento de alguns \u00f3rg\u00e3os pode ser afetado, como o f\u00edgado.<\/p>\n<p>Isso porque esse \u00f3rg\u00e3o precisa de \u00e1gua para liberar glicog\u00eanios e outros componentes respons\u00e1veis por fornecer energia ao corpo. Dessa forma, quem est\u00e1 desidratado pode sentir a necessidade de comer mais doces, que s\u00e3o alimentos com alto \u00edndice glic\u00eamico.<\/p>\n<p>No entanto, mesmo ingerindo uma grande quantidade de doces, a sensa\u00e7\u00e3o persiste at\u00e9 que a quantidade de \u00e1gua necess\u00e1ria para o organismo seja reestabelecida.<\/p>\n<h2>fraqueza<\/h2>\n<p>Esquecer de tomar \u00e1gua pode resultar em cansa\u00e7o mesmo com esfor\u00e7os m\u00ednimos, uma vez que a desidrata\u00e7\u00e3o causa uma redu\u00e7\u00e3o no volume de sangue, tornando-o mais espesso e exigindo mais esfor\u00e7o do cora\u00e7\u00e3o.<\/p>\n<p>Sob essas condi\u00e7\u00f5es, o sangue circula com menos efici\u00eancia e a velocidade com que o oxig\u00eanio e os nutrientes alcan\u00e7am os m\u00fasculos e \u00f3rg\u00e3os \u00e9 menor.<\/p>\n<p>Em conclus\u00e3o, a import\u00e2ncia da ingest\u00e3o regular de \u00e1gua \u00e9 ineg\u00e1vel. A desidrata\u00e7\u00e3o pode afetar diversas fun\u00e7\u00f5es do nosso organismo e causar sintomas incomuns, desde olhos secos at\u00e9 compuls\u00e3o por doces. Por isso, lembre-se sempre de beber \u00e1gua ao longo do dia.<\/p>\n<\/div>\n<p><script>\n\t\t! function(f, b, e, v, n, t, s) {\n\t\t\tif (f.fbq) return;\n\t\t\tn = f.fbq = function() {\n\t\t\t\tn.callMethod ?\n\t\t\t\t\tn.callMethod.apply(n, arguments) : n.queue.push(arguments)\n\t\t\t};\n\t\t\tif (!f._fbq) f._fbq = n;\n\t\t\tn.push = n;\n\t\t\tn.loaded = !0;\n\t\t\tn.version = '2.0';\n\t\t\tn.queue = [];\n\t\t\tt = b.createElement(e);\n\t\t\tt.async = !0;\n\t\t\tt.src = v;\n\t\t\ts = b.getElementsByTagName(e)[0];\n\t\t\ts.parentNode.insertBefore(t, s)\n\t\t}(window, document, 'script',\n\t\t\t'https:\/\/connect.facebook.net\/en_US\/fbevents.js');\n\t\tfbq('init', '338315473262380');\n\t\tfbq('track', 'PageView');\n\t<\/script><br \/>\n<br \/><br \/>\n<br \/><a href=\"https:\/\/catracalivre.com.br\/saude-bem-estar\/desidratacao-alguns-sinais-incomuns-de-que-voce-precisa-beber-mais-agua\/\">Source link <\/a><\/p>\n<!-- CONTENT END 1 -->\n","protected":false},"excerpt":{"rendered":"<p>Cr\u00e9ditos: nemke\/istock Sinais de desidrata\u00e7\u00e3o: Perder algo em torno de 2% da \u00e1gua do corpo j\u00e1 \u00e9 o suficiente para que ele tenha que gastar&#8230;<\/p>\n","protected":false},"author":1,"featured_media":20040,"comment_status":"open","ping_status":"open","sticky":false,"template":"","format":"standard","meta":{"advanced_seo_description":"","jetpack_seo_html_title":"","jetpack_seo_noindex":false,"jetpack_post_was_ever_published":false,"_jetpack_newsletter_access":"","_jetpack_dont_email_post_to_subs":false,"_jetpack_newsletter_tier_id":0,"_jetpack_memberships_contains_paywalled_content":false,"_jetpack_memberships_contains_paid_content":false,"footnotes":"","jetpack_publicize_message":"","jetpack_publicize_feature_enabled":true,"jetpack_social_post_already_shared":true,"jetpack_social_options":{"image_generator_settings":{"template":"highway","default_image_id":0,"font":"","enabled":false},"version":2}},"categories":[19],"tags":[],"class_list":["post-20039","post","type-post","status-publish","format-standard","has-post-thumbnail","hentry","category-variedades"],"jetpack_publicize_connections":[],"jetpack_featured_media_url":"https:\/\/i0.wp.com\/noticiasribeiraopreto.com.br\/wp-content\/uploads\/2023\/12\/istock-1190230272-1.jpg?fit=1200%2C638&ssl=1","jetpack-related-posts":[{"id":68830,"url":"https:\/\/noticiasribeiraopreto.com.br\/index.php\/2025\/04\/29\/cidade-no-litoral-tera-primeira-usina-de-dessalinizacao-de-agua-de-sp-saiba-como-funciona\/","url_meta":{"origin":20039,"position":0},"title":"Cidade no litoral ter\u00e1 primeira usina de dessaliniza\u00e7\u00e3o de \u00e1gua de SP; saiba como funciona","author":"noticiasribeiraopreto.com.br","date":"29 de April de 2025","format":false,"excerpt":"A Sabesp lan\u00e7ou a licita\u00e7\u00e3o para construir a primeira usina de dessaliniza\u00e7\u00e3o de \u00e1gua do Estado de S\u00e3o Paulo, que ficar\u00e1 em Ilhabela, no litoral. A usina vai transformar a \u00e1gua do mar em \u00e1gua pot\u00e1vel para o abastecimento de mais de 8 mil moradores. A usina vai captar \u00e1gua\u2026","rel":"","context":"In &quot;Not\u00edcias de Ribeir\u00e3o Preto-SP e Regi\u00e3o&quot;","block_context":{"text":"Not\u00edcias de Ribeir\u00e3o Preto-SP e Regi\u00e3o","link":"https:\/\/noticiasribeiraopreto.com.br\/index.php\/category\/noticias-de-ribeirao-preto-sp-e-regiao-ismael-colosi\/"},"img":{"alt_text":"","src":"https:\/\/i0.wp.com\/noticiasribeiraopreto.com.br\/wp-content\/uploads\/2025\/04\/ilhabela_2025-04-29_15-05-34.webp.webp?fit=800%2C533&ssl=1&resize=350%2C200","width":350,"height":200,"srcset":"https:\/\/i0.wp.com\/noticiasribeiraopreto.com.br\/wp-content\/uploads\/2025\/04\/ilhabela_2025-04-29_15-05-34.webp.webp?fit=800%2C533&ssl=1&resize=350%2C200 1x, https:\/\/i0.wp.com\/noticiasribeiraopreto.com.br\/wp-content\/uploads\/2025\/04\/ilhabela_2025-04-29_15-05-34.webp.webp?fit=800%2C533&ssl=1&resize=525%2C300 1.5x, https:\/\/i0.wp.com\/noticiasribeiraopreto.com.br\/wp-content\/uploads\/2025\/04\/ilhabela_2025-04-29_15-05-34.webp.webp?fit=800%2C533&ssl=1&resize=700%2C400 2x"},"classes":[]},{"id":2825,"url":"https:\/\/noticiasribeiraopreto.com.br\/index.php\/2023\/11\/16\/saerp-pede-reducao-imediata-no-consumo-de-agua-em-ribeirao-entenda-a-situacao\/","url_meta":{"origin":20039,"position":1},"title":"Saerp pede redu\u00e7\u00e3o imediata no consumo de \u00e1gua em Ribeir\u00e3o; Entenda a situa\u00e7\u00e3o","author":"noticiasribeiraopreto.com.br","date":"16 de November de 2023","format":false,"excerpt":"A Saerp (Secretaria de \u00c1gua e Esgoto de Ribeir\u00e3o Preto) divulgou um comunicado, nesta quinta-feira (16), pedindo para que a popula\u00e7\u00e3o reduza o consumo de \u00e1gua e adote medidas de reaproveitamento imediatamente. O comunicado diz que \u201ca cidade \u00e9 abastecida unicamente pela \u00e1gua retirada do Aqu\u00edfero Guarani, sendo sua recarga\u2026","rel":"","context":"In &quot;Not\u00edcias de Ribeir\u00e3o Preto-SP e Regi\u00e3o&quot;","block_context":{"text":"Not\u00edcias de Ribeir\u00e3o Preto-SP e Regi\u00e3o","link":"https:\/\/noticiasribeiraopreto.com.br\/index.php\/category\/noticias-de-ribeirao-preto-sp-e-regiao-ismael-colosi\/"},"img":{"alt_text":"","src":"https:\/\/i0.wp.com\/noticiasribeiraopreto.com.br\/wp-content\/uploads\/2023\/11\/torneira.jpg?fit=1200%2C801&ssl=1&resize=350%2C200","width":350,"height":200,"srcset":"https:\/\/i0.wp.com\/noticiasribeiraopreto.com.br\/wp-content\/uploads\/2023\/11\/torneira.jpg?fit=1200%2C801&ssl=1&resize=350%2C200 1x, https:\/\/i0.wp.com\/noticiasribeiraopreto.com.br\/wp-content\/uploads\/2023\/11\/torneira.jpg?fit=1200%2C801&ssl=1&resize=525%2C300 1.5x, https:\/\/i0.wp.com\/noticiasribeiraopreto.com.br\/wp-content\/uploads\/2023\/11\/torneira.jpg?fit=1200%2C801&ssl=1&resize=700%2C400 2x, https:\/\/i0.wp.com\/noticiasribeiraopreto.com.br\/wp-content\/uploads\/2023\/11\/torneira.jpg?fit=1200%2C801&ssl=1&resize=1050%2C600 3x"},"classes":[]},{"id":70496,"url":"https:\/\/noticiasribeiraopreto.com.br\/index.php\/2025\/05\/27\/saerp-analisa-agua-e-pocos-artesianos\/","url_meta":{"origin":20039,"position":2},"title":"Saerp analisa \u00e1gua e po\u00e7os artesianos\u00a0","author":"noticiasribeiraopreto.com.br","date":"27 de May de 2025","format":false,"excerpt":"27 de maio de 2025 10:3027 de maio de 2025 09:3714 Compartilhar0 A Secretaria de \u00c1gua e Esgoto de Ribeir\u00e3o Preto (Saerp) iniciou, nesta segunda-feira, 26 de maio, a coleta para an\u00e1lise da \u00e1gua dos po\u00e7os artesianos de Ribeir\u00e3o Preto. O trabalho \u00e9 realizado semestralmente com o objetivo verificar a\u2026","rel":"","context":"In &quot;Not\u00edcias de Ribeir\u00e3o Preto-SP e Regi\u00e3o&quot;","block_context":{"text":"Not\u00edcias de Ribeir\u00e3o Preto-SP e Regi\u00e3o","link":"https:\/\/noticiasribeiraopreto.com.br\/index.php\/category\/noticias-de-ribeirao-preto-sp-e-regiao-ismael-colosi\/"},"img":{"alt_text":"","src":"https:\/\/i0.wp.com\/noticiasribeiraopreto.com.br\/wp-content\/uploads\/2025\/05\/Saerp-Divulgacao.jpeg?fit=1000%2C666&ssl=1&resize=350%2C200","width":350,"height":200,"srcset":"https:\/\/i0.wp.com\/noticiasribeiraopreto.com.br\/wp-content\/uploads\/2025\/05\/Saerp-Divulgacao.jpeg?fit=1000%2C666&ssl=1&resize=350%2C200 1x, https:\/\/i0.wp.com\/noticiasribeiraopreto.com.br\/wp-content\/uploads\/2025\/05\/Saerp-Divulgacao.jpeg?fit=1000%2C666&ssl=1&resize=525%2C300 1.5x, https:\/\/i0.wp.com\/noticiasribeiraopreto.com.br\/wp-content\/uploads\/2025\/05\/Saerp-Divulgacao.jpeg?fit=1000%2C666&ssl=1&resize=700%2C400 2x"},"classes":[]},{"id":33006,"url":"https:\/\/noticiasribeiraopreto.com.br\/index.php\/2024\/01\/27\/circuito-das-aguas\/","url_meta":{"origin":20039,"position":3},"title":"Circuito das \u00c1guas &#8211; Jornal Tribuna Ribeir\u00e3o","author":"noticiasribeiraopreto.com.br","date":"27 de January de 2024","format":false,"excerpt":"27 de janeiro de 2024 | 9:0326 de janeiro de 2024 | 12:26 0A DSE Viagens \u2013 Darcy Silveira Excurs\u00f5es carregou mais um grupo para conhecer as belezas de \u00c1guas de S\u00e3o Louren\u00e7o, Caxambu, Baependi e Soledade.Hospedado no Hotel Guanabara de S\u00e3o Louren\u00e7o, com direito a caf\u00e9 da manh\u00e3, almo\u00e7o\u2026","rel":"","context":"In &quot;Not\u00edcias de Ribeir\u00e3o Preto-SP e Regi\u00e3o&quot;","block_context":{"text":"Not\u00edcias de Ribeir\u00e3o Preto-SP e Regi\u00e3o","link":"https:\/\/noticiasribeiraopreto.com.br\/index.php\/category\/noticias-de-ribeirao-preto-sp-e-regiao-ismael-colosi\/"},"img":{"alt_text":"","src":"https:\/\/i0.wp.com\/noticiasribeiraopreto.com.br\/wp-content\/uploads\/2024\/01\/1-2-scaled.jpg?fit=860%2C645&ssl=1&resize=350%2C200","width":350,"height":200,"srcset":"https:\/\/i0.wp.com\/noticiasribeiraopreto.com.br\/wp-content\/uploads\/2024\/01\/1-2-scaled.jpg?fit=860%2C645&ssl=1&resize=350%2C200 1x, https:\/\/i0.wp.com\/noticiasribeiraopreto.com.br\/wp-content\/uploads\/2024\/01\/1-2-scaled.jpg?fit=860%2C645&ssl=1&resize=525%2C300 1.5x, https:\/\/i0.wp.com\/noticiasribeiraopreto.com.br\/wp-content\/uploads\/2024\/01\/1-2-scaled.jpg?fit=860%2C645&ssl=1&resize=700%2C400 2x"},"classes":[]},{"id":13647,"url":"https:\/\/noticiasribeiraopreto.com.br\/index.php\/2023\/12\/10\/tomar-agua-emagrece-veja-o-que-dizem-os-especialistas\/","url_meta":{"origin":20039,"position":4},"title":"Tomar \u00e1gua emagrece? Veja o que dizem os especialistas","author":"noticiasribeiraopreto.com.br","date":"10 de December de 2023","format":false,"excerpt":"Cr\u00e9ditos: Getty Images\/iStockphotoEstudo observou que os benef\u00edcios da \u00e1gua para quem busca emagrecer ainda \u00e9 alvo de d\u00favidas e mitos \u2013 iStock\/Getty Images Beber muita \u00e1gua, segundo especialistas, \u00e9 uma das dicas mais comuns para quem tenta perder peso. Mas ser\u00e1 que essa recomenda\u00e7\u00e3o tem embasamento cient\u00edfico? Afinal, ser\u00e1 que\u2026","rel":"","context":"In &quot;Variedades&quot;","block_context":{"text":"Variedades","link":"https:\/\/noticiasribeiraopreto.com.br\/index.php\/category\/variedades\/"},"img":{"alt_text":"","src":"https:\/\/i0.wp.com\/noticiasribeiraopreto.com.br\/wp-content\/uploads\/2023\/12\/istock-1333405340.jpg?fit=1200%2C638&ssl=1&resize=350%2C200","width":350,"height":200,"srcset":"https:\/\/i0.wp.com\/noticiasribeiraopreto.com.br\/wp-content\/uploads\/2023\/12\/istock-1333405340.jpg?fit=1200%2C638&ssl=1&resize=350%2C200 1x, https:\/\/i0.wp.com\/noticiasribeiraopreto.com.br\/wp-content\/uploads\/2023\/12\/istock-1333405340.jpg?fit=1200%2C638&ssl=1&resize=525%2C300 1.5x, https:\/\/i0.wp.com\/noticiasribeiraopreto.com.br\/wp-content\/uploads\/2023\/12\/istock-1333405340.jpg?fit=1200%2C638&ssl=1&resize=700%2C400 2x, https:\/\/i0.wp.com\/noticiasribeiraopreto.com.br\/wp-content\/uploads\/2023\/12\/istock-1333405340.jpg?fit=1200%2C638&ssl=1&resize=1050%2C600 3x"},"classes":[]},{"id":1208,"url":"https:\/\/noticiasribeiraopreto.com.br\/index.php\/2023\/11\/10\/saerp-alerta-para-uso-consciente-de-agua-em-ribeirao-preto-durante-onda-de-calor\/","url_meta":{"origin":20039,"position":5},"title":"Saerp alerta para uso consciente de \u00e1gua em Ribeir\u00e3o Preto durante onda de calor","author":"noticiasribeiraopreto.com.br","date":"10 de November de 2023","format":false,"excerpt":"Devido \u00e0 previs\u00e3o de altas temperaturas nos pr\u00f3ximos dias, o Saerp (Servi\u00e7o de \u00c1gua e Esgoto em Ribeir\u00e3o Preto) emitiu um alerta, nesta sexta-feira (10), para o uso consciente de \u00e1gua no munic\u00edpio durante a onda de calor. De acordo com o \u00f3rg\u00e3o, o consumo de \u00e1gua se intensifica nesse\u2026","rel":"","context":"In &quot;Not\u00edcias de Ribeir\u00e3o Preto-SP e Regi\u00e3o&quot;","block_context":{"text":"Not\u00edcias de Ribeir\u00e3o Preto-SP e Regi\u00e3o","link":"https:\/\/noticiasribeiraopreto.com.br\/index.php\/category\/noticias-de-ribeirao-preto-sp-e-regiao-ismael-colosi\/"},"img":{"alt_text":"","src":"https:\/\/i0.wp.com\/noticiasribeiraopreto.com.br\/wp-content\/uploads\/2023\/11\/alerta_saerp_1-1024x683.png?fit=1024%2C683&ssl=1&resize=350%2C200","width":350,"height":200,"srcset":"https:\/\/i0.wp.com\/noticiasribeiraopreto.com.br\/wp-content\/uploads\/2023\/11\/alerta_saerp_1-1024x683.png?fit=1024%2C683&ssl=1&resize=350%2C200 1x, https:\/\/i0.wp.com\/noticiasribeiraopreto.com.br\/wp-content\/uploads\/2023\/11\/alerta_saerp_1-1024x683.png?fit=1024%2C683&ssl=1&resize=525%2C300 1.5x, https:\/\/i0.wp.com\/noticiasribeiraopreto.com.br\/wp-content\/uploads\/2023\/11\/alerta_saerp_1-1024x683.png?fit=1024%2C683&ssl=1&resize=700%2C400 2x"},"classes":[]}],"jetpack_sharing_enabled":true,"jetpack_shortlink":"https:\/\/wp.me\/peQAOb-5dd","_links":{"self":[{"href":"https:\/\/noticiasribeiraopreto.com.br\/index.php\/wp-json\/wp\/v2\/posts\/20039","targetHints":{"allow":["GET"]}}],"collection":[{"href":"https:\/\/noticiasribeiraopreto.com.br\/index.php\/wp-json\/wp\/v2\/posts"}],"about":[{"href":"https:\/\/noticiasribeiraopreto.com.br\/index.php\/wp-json\/wp\/v2\/types\/post"}],"author":[{"embeddable":true,"href":"https:\/\/noticiasribeiraopreto.com.br\/index.php\/wp-json\/wp\/v2\/users\/1"}],"replies":[{"embeddable":true,"href":"https:\/\/noticiasribeiraopreto.com.br\/index.php\/wp-json\/wp\/v2\/comments?post=20039"}],"version-history":[{"count":0,"href":"https:\/\/noticiasribeiraopreto.com.br\/index.php\/wp-json\/wp\/v2\/posts\/20039\/revisions"}],"wp:featuredmedia":[{"embeddable":true,"href":"https:\/\/noticiasribeiraopreto.com.br\/index.php\/wp-json\/wp\/v2\/media\/20040"}],"wp:attachment":[{"href":"https:\/\/noticiasribeiraopreto.com.br\/index.php\/wp-json\/wp\/v2\/media?parent=20039"}],"wp:term":[{"taxonomy":"category","embeddable":true,"href":"https:\/\/noticiasribeiraopreto.com.br\/index.php\/wp-json\/wp\/v2\/categories?post=20039"},{"taxonomy":"post_tag","embeddable":true,"href":"https:\/\/noticiasribeiraopreto.com.br\/index.php\/wp-json\/wp\/v2\/tags?post=20039"}],"curies":[{"name":"wp","href":"https:\/\/api.w.org\/{rel}","templated":true}]}}