{"id":20120,"date":"2023-12-24T09:56:39","date_gmt":"2023-12-24T12:56:39","guid":{"rendered":"https:\/\/noticiasribeiraopreto.com.br\/index.php\/2023\/12\/24\/inss-revoluciona-processo-de-pericia-medica-em-2024\/"},"modified":"2023-12-24T09:56:39","modified_gmt":"2023-12-24T12:56:39","slug":"inss-revoluciona-processo-de-pericia-medica-em-2024","status":"publish","type":"post","link":"https:\/\/noticiasribeiraopreto.com.br\/index.php\/2023\/12\/24\/inss-revoluciona-processo-de-pericia-medica-em-2024\/","title":{"rendered":"INSS revoluciona processo de per\u00edcia m\u00e9dica em 2024"},"content":{"rendered":"<div class='code-block code-block-1' style='margin: 8px 0 8px auto; text-align: right; display: block; clear: both;'>\n<p><a href=\"https:\/\/wa.link\/vpicfd\"><img data-recalc-dims=\"1\" class=\"wp-image-4922\" style=\"aspect-ratio: 2.0253164556962027; width: 561px; height: auto;\" src=\"https:\/\/i0.wp.com\/ismaelcolosi.com.br\/wp-content\/uploads\/2023\/11\/grupo-de-empregos-whatsapp-e-facebook-ismael-colosi-vagas.jpg?ssl=1\" alt=\"\" \/><\/a><\/p>\n<!-- \/wp:image -->\n<\/div>\n<p> <br \/>\n<\/p>\n<div>\n<div id=\"attachment_2279587\" class=\"wp-caption alignnone\">\n<div class=\"d-flex justify-content-center\" data-attachment-id=\"2279587\">\n<div class=\"position-relative d-inline-block\"><img data-recalc-dims=\"1\" data-portal-copyright=\"Ag\u00eancia Brasil\" fetchpriority=\"high\" decoding=\"async\" class=\"size-full wp-image-2279587\" src=\"https:\/\/i0.wp.com\/catracalivre.com.br\/wp-content\/uploads\/2023\/06\/novo-grupo-comeca-a-receber-13o-do-inss-veja-se-voce-tem-direito.jpg?resize=1170%2C700&#038;ssl=1\" alt=\"INSS ter\u00e1 novidades para brasileiros\" width=\"1170\" height=\"700\" srcset=\"https:\/\/catracalivre.com.br\/wp-content\/uploads\/2023\/06\/novo-grupo-comeca-a-receber-13o-do-inss-veja-se-voce-tem-direito.jpg 1170w, https:\/\/catracalivre.com.br\/wp-content\/uploads\/2023\/06\/novo-grupo-comeca-a-receber-13o-do-inss-veja-se-voce-tem-direito-450x269.jpg 450w, https:\/\/catracalivre.com.br\/wp-content\/uploads\/2023\/06\/novo-grupo-comeca-a-receber-13o-do-inss-veja-se-voce-tem-direito-768x459.jpg 768w\" sizes=\"(max-width: 1170px) 100vw, 1170px\"\/><\/p>\n<p>Cr\u00e9ditos: Ag\u00eancia Brasil<\/p>\n<\/div>\n<\/div>\n<p><span class=\"post-imagem__legenda\">INSS ter\u00e1 novidades para brasileiros<\/span><\/p>\n<\/div>\n<p>O Instituto Nacional do Seguro Social (<a href=\"https:\/\/catracalivre.com.br\/cidadania\/inss-2024-datas\/\">INSS<\/a>) tem sido alvo de transforma\u00e7\u00f5es significativas, e uma das \u00e1reas mais impactadas \u00e9 o processo de per\u00edcia m\u00e9dica, vital para os benefici\u00e1rios do aux\u00edlio-doen\u00e7a. A novidade para 2024 pode revolucionar a vida daqueles que dependem desse benef\u00edcio, eliminando a necessidade de per\u00edcias m\u00e9dicas presenciais e acelerando a concess\u00e3o do aux\u00edlio.<\/p>\n<h2>A import\u00e2ncia do aux\u00edlio-doen\u00e7a e a complexidade da per\u00edcia m\u00e9dica<\/h2>\n<p>O aux\u00edlio-doen\u00e7a \u00e9 uma assist\u00eancia essencial para os segurados da Previd\u00eancia Social que enfrentam incapacidades tempor\u00e1rias para o trabalho, seja por raz\u00f5es f\u00edsicas ou mentais. Para ter acesso a esse benef\u00edcio, \u00e9 necess\u00e1rio possuir uma licen\u00e7a m\u00e9dica com mais de 15 dias, sendo que o empregador \u00e9 respons\u00e1vel pelo pagamento nos primeiros 15 dias de afastamento.<\/p>\n<p>No entanto, um dos obst\u00e1culos enfrentados pelos benefici\u00e1rios \u00e9 a demora na concess\u00e3o do benef\u00edcio, em grande parte devido \u00e0 marca\u00e7\u00e3o da per\u00edcia m\u00e9dica. Em outubro do ano passado, mais de 600 mil pessoas aguardavam o agendamento dessa etapa crucial, causando frustra\u00e7\u00e3o e incertezas para os segurados.<\/p>\n<h2>A revolu\u00e7\u00e3o do Atestmed: per\u00edcia documental virtual<\/h2>\n<p>Diante desse cen\u00e1rio, o INSS apresenta uma solu\u00e7\u00e3o inovadora: a cria\u00e7\u00e3o da per\u00edcia documental, conhecida como Atestmed. Essa ferramenta revolucion\u00e1ria permite que os segurados enviem toda a documenta\u00e7\u00e3o m\u00e9dica de forma virtual, eliminando a necessidade de agendamento e deslocamento para per\u00edcias presenciais.<\/p>\n<p>O processo \u00e9 simples: o segurado faz o envio dos documentos m\u00e9dicos relevantes por meio do Atestmed, e esses documentos s\u00e3o analisados pelo perito do INSS. Em casos ideais, se toda a documenta\u00e7\u00e3o estiver correta, o benef\u00edcio pode ser aprovado no mesmo dia. Essa agilidade representa uma mudan\u00e7a significativa no tradicional processo de espera por marca\u00e7\u00f5es de per\u00edcia.<\/p>\n<h2>O processo virtual do Atestmed<\/h2>\n<p>Com o Atestmed, o INSS busca modernizar e agilizar todo o processo relacionado ao aux\u00edlio-doen\u00e7a. O segurado realiza a solicita\u00e7\u00e3o, o envio da documenta\u00e7\u00e3o e a aprova\u00e7\u00e3o, tudo de forma virtual. Essa iniciativa visa proporcionar maior comodidade aos benefici\u00e1rios, reduzindo as barreiras e as incertezas que permeiam a concess\u00e3o do aux\u00edlio.<\/p>\n<p>\u00c9 importante notar que, mesmo com a praticidade do Atestmed, em alguns casos espec\u00edficos, o segurado pode ser convocado para uma per\u00edcia m\u00e9dica presencial. Essa convoca\u00e7\u00e3o ocorrer\u00e1 quando houver necessidade de uma avalia\u00e7\u00e3o mais detalhada da condi\u00e7\u00e3o de sa\u00fade do benefici\u00e1rio. Nesses casos, o INSS comunicar\u00e1 o segurado sobre a necessidade da per\u00edcia presencial.<\/p>\n<h2>Desafios e vantagens do novo sistema<\/h2>\n<p>Embora o Atestmed represente uma inova\u00e7\u00e3o significativa e uma resposta aos desafios enfrentados pelos benefici\u00e1rios, \u00e9 crucial entender os potenciais desafios e vantagens desse novo sistema. A elimina\u00e7\u00e3o da necessidade de per\u00edcias presenciais certamente agiliza o processo, mas a efic\u00e1cia do modelo depender\u00e1 da correta apresenta\u00e7\u00e3o e an\u00e1lise dos documentos m\u00e9dicos pelos segurados.<\/p>\n<p>Al\u00e9m disso, a comunica\u00e7\u00e3o clara e transparente sobre a possibilidade de convoca\u00e7\u00e3o para uma per\u00edcia presencial em casos espec\u00edficos \u00e9 essencial para evitar mal-entendidos e garantir que o processo ocorra de maneira justa e eficiente.<\/p>\n<\/div>\n<p><script>\n\t\t! function(f, b, e, v, n, t, s) {\n\t\t\tif (f.fbq) return;\n\t\t\tn = f.fbq = function() {\n\t\t\t\tn.callMethod ?\n\t\t\t\t\tn.callMethod.apply(n, arguments) : n.queue.push(arguments)\n\t\t\t};\n\t\t\tif (!f._fbq) f._fbq = n;\n\t\t\tn.push = n;\n\t\t\tn.loaded = !0;\n\t\t\tn.version = '2.0';\n\t\t\tn.queue = [];\n\t\t\tt = b.createElement(e);\n\t\t\tt.async = !0;\n\t\t\tt.src = v;\n\t\t\ts = b.getElementsByTagName(e)[0];\n\t\t\ts.parentNode.insertBefore(t, s)\n\t\t}(window, document, 'script',\n\t\t\t'https:\/\/connect.facebook.net\/en_US\/fbevents.js');\n\t\tfbq('init', '338315473262380');\n\t\tfbq('track', 'PageView');\n\t<\/script><br \/>\n<br \/><br \/>\n<br \/><a href=\"https:\/\/catracalivre.com.br\/cidadania\/inss-revoluciona-processo-de-pericia-medica-em-2024\/\">Source link <\/a><\/p>\n<!-- CONTENT END 1 -->\n","protected":false},"excerpt":{"rendered":"<p>Cr\u00e9ditos: Ag\u00eancia Brasil INSS ter\u00e1 novidades para brasileiros O Instituto Nacional do Seguro Social (INSS) tem sido alvo de transforma\u00e7\u00f5es significativas, e uma das \u00e1reas&#8230;<\/p>\n","protected":false},"author":1,"featured_media":20121,"comment_status":"open","ping_status":"open","sticky":false,"template":"","format":"standard","meta":{"advanced_seo_description":"","jetpack_seo_html_title":"","jetpack_seo_noindex":false,"jetpack_post_was_ever_published":false,"_jetpack_newsletter_access":"","_jetpack_dont_email_post_to_subs":false,"_jetpack_newsletter_tier_id":0,"_jetpack_memberships_contains_paywalled_content":false,"_jetpack_memberships_contains_paid_content":false,"footnotes":"","jetpack_publicize_message":"","jetpack_publicize_feature_enabled":true,"jetpack_social_post_already_shared":true,"jetpack_social_options":{"image_generator_settings":{"template":"highway","default_image_id":0,"font":"","enabled":false},"version":2}},"categories":[19],"tags":[],"class_list":["post-20120","post","type-post","status-publish","format-standard","has-post-thumbnail","hentry","category-variedades"],"jetpack_publicize_connections":[],"jetpack_featured_media_url":"https:\/\/i0.wp.com\/noticiasribeiraopreto.com.br\/wp-content\/uploads\/2023\/12\/1703422603_a-melhor-noticia-para-quem-aguarda-pericia-no-inss-acaba-de-chegar.jpg?fit=1200%2C638&ssl=1","jetpack-related-posts":[{"id":20562,"url":"https:\/\/noticiasribeiraopreto.com.br\/index.php\/2023\/12\/25\/inss-revoluciona-processo-de-aposentadoria-especial\/","url_meta":{"origin":20120,"position":0},"title":"INSS revoluciona processo de aposentadoria especial","author":"noticiasribeiraopreto.com.br","date":"25 de December de 2023","format":false,"excerpt":"Cr\u00e9ditos: Captura de telaPrint do portal Meu INSS O Instituto Nacional do Seguro Social (INSS) anunciou uma mudan\u00e7a significativa no processo de concess\u00e3o de aposentadoria especial para trabalhadores permanentemente expostos a agentes nocivos \u00e0 sa\u00fade, especialmente ru\u00eddos prejudiciais. A Portaria 1.630, publicada pela autarquia, estabelece a dispensa da per\u00edcia m\u00e9dica\u2026","rel":"","context":"In &quot;Variedades&quot;","block_context":{"text":"Variedades","link":"https:\/\/noticiasribeiraopreto.com.br\/index.php\/category\/variedades\/"},"img":{"alt_text":"","src":"https:\/\/i0.wp.com\/noticiasribeiraopreto.com.br\/wp-content\/uploads\/2023\/12\/1703553142_apos-mudancas-veja-quais-servicos-do-inss-sao-prestados-nas-agencias-1.png?fit=1200%2C638&ssl=1&resize=350%2C200","width":350,"height":200,"srcset":"https:\/\/i0.wp.com\/noticiasribeiraopreto.com.br\/wp-content\/uploads\/2023\/12\/1703553142_apos-mudancas-veja-quais-servicos-do-inss-sao-prestados-nas-agencias-1.png?fit=1200%2C638&ssl=1&resize=350%2C200 1x, https:\/\/i0.wp.com\/noticiasribeiraopreto.com.br\/wp-content\/uploads\/2023\/12\/1703553142_apos-mudancas-veja-quais-servicos-do-inss-sao-prestados-nas-agencias-1.png?fit=1200%2C638&ssl=1&resize=525%2C300 1.5x, https:\/\/i0.wp.com\/noticiasribeiraopreto.com.br\/wp-content\/uploads\/2023\/12\/1703553142_apos-mudancas-veja-quais-servicos-do-inss-sao-prestados-nas-agencias-1.png?fit=1200%2C638&ssl=1&resize=700%2C400 2x, https:\/\/i0.wp.com\/noticiasribeiraopreto.com.br\/wp-content\/uploads\/2023\/12\/1703553142_apos-mudancas-veja-quais-servicos-do-inss-sao-prestados-nas-agencias-1.png?fit=1200%2C638&ssl=1&resize=1050%2C600 3x"},"classes":[]},{"id":16824,"url":"https:\/\/noticiasribeiraopreto.com.br\/index.php\/2023\/12\/16\/inss-promove-mutiroes-de-atendimento-entenda\/","url_meta":{"origin":20120,"position":1},"title":"INSS promove mutir\u00f5es de atendimento; entenda","author":"noticiasribeiraopreto.com.br","date":"16 de December de 2023","format":false,"excerpt":"Cr\u00e9ditos: iStock\/rmcarvalhobsbMudan\u00e7as na aposentadoria para 2024 No pr\u00f3ximo s\u00e1bado, 16, e domingo, 17, o Instituto Nacional do Seguro Social (INSS) est\u00e1 programando mutir\u00f5es de atendimento presencial em diversas Ag\u00eancias da Previd\u00eancia Social (APS), visando agilizar a aprova\u00e7\u00e3o de benef\u00edcios e reduzir a fila de espera que muitos segurados enfrentam. Objetivo\u2026","rel":"","context":"In &quot;Variedades&quot;","block_context":{"text":"Variedades","link":"https:\/\/noticiasribeiraopreto.com.br\/index.php\/category\/variedades\/"},"img":{"alt_text":"","src":"https:\/\/i0.wp.com\/noticiasribeiraopreto.com.br\/wp-content\/uploads\/2023\/12\/1702754285_istock-1322176521.jpg?fit=1200%2C638&ssl=1&resize=350%2C200","width":350,"height":200,"srcset":"https:\/\/i0.wp.com\/noticiasribeiraopreto.com.br\/wp-content\/uploads\/2023\/12\/1702754285_istock-1322176521.jpg?fit=1200%2C638&ssl=1&resize=350%2C200 1x, https:\/\/i0.wp.com\/noticiasribeiraopreto.com.br\/wp-content\/uploads\/2023\/12\/1702754285_istock-1322176521.jpg?fit=1200%2C638&ssl=1&resize=525%2C300 1.5x, https:\/\/i0.wp.com\/noticiasribeiraopreto.com.br\/wp-content\/uploads\/2023\/12\/1702754285_istock-1322176521.jpg?fit=1200%2C638&ssl=1&resize=700%2C400 2x, https:\/\/i0.wp.com\/noticiasribeiraopreto.com.br\/wp-content\/uploads\/2023\/12\/1702754285_istock-1322176521.jpg?fit=1200%2C638&ssl=1&resize=1050%2C600 3x"},"classes":[]},{"id":16730,"url":"https:\/\/noticiasribeiraopreto.com.br\/index.php\/2023\/12\/16\/convocacao-do-inss-quer-reduzir-lista-de-espera-entenda\/","url_meta":{"origin":20120,"position":2},"title":"Convoca\u00e7\u00e3o do INSS quer reduzir lista de espera; entenda","author":"noticiasribeiraopreto.com.br","date":"16 de December de 2023","format":false,"excerpt":"Cr\u00e9ditos: Ag\u00eancia Brasil\/Valter CampanatoRegras do INSS passam por mudan\u00e7as radicais a partir de 2024; confira O Instituto Nacional do Seguro Social (INSS) tomou uma iniciativa inesperada ao convocar benefici\u00e1rios que aguardam per\u00edcia m\u00e9dica, buscando reduzir significativamente as filas de espera. A surpreendente a\u00e7\u00e3o visa agilizar os processos e proporcionar uma\u2026","rel":"","context":"In &quot;Variedades&quot;","block_context":{"text":"Variedades","link":"https:\/\/noticiasribeiraopreto.com.br\/index.php\/category\/variedades\/"},"img":{"alt_text":"","src":"https:\/\/i0.wp.com\/noticiasribeiraopreto.com.br\/wp-content\/uploads\/2023\/12\/pericia-marcada-no-inss-veja-como-ter-beneficio-concedido-mais-rapido.png?fit=1200%2C638&ssl=1&resize=350%2C200","width":350,"height":200,"srcset":"https:\/\/i0.wp.com\/noticiasribeiraopreto.com.br\/wp-content\/uploads\/2023\/12\/pericia-marcada-no-inss-veja-como-ter-beneficio-concedido-mais-rapido.png?fit=1200%2C638&ssl=1&resize=350%2C200 1x, https:\/\/i0.wp.com\/noticiasribeiraopreto.com.br\/wp-content\/uploads\/2023\/12\/pericia-marcada-no-inss-veja-como-ter-beneficio-concedido-mais-rapido.png?fit=1200%2C638&ssl=1&resize=525%2C300 1.5x, https:\/\/i0.wp.com\/noticiasribeiraopreto.com.br\/wp-content\/uploads\/2023\/12\/pericia-marcada-no-inss-veja-como-ter-beneficio-concedido-mais-rapido.png?fit=1200%2C638&ssl=1&resize=700%2C400 2x, https:\/\/i0.wp.com\/noticiasribeiraopreto.com.br\/wp-content\/uploads\/2023\/12\/pericia-marcada-no-inss-veja-como-ter-beneficio-concedido-mais-rapido.png?fit=1200%2C638&ssl=1&resize=1050%2C600 3x"},"classes":[]},{"id":6848,"url":"https:\/\/noticiasribeiraopreto.com.br\/index.php\/2023\/11\/27\/inss-estabelece-novos-prazos-para-aprovacao-de-beneficios\/","url_meta":{"origin":20120,"position":3},"title":"INSS estabelece novos prazos para aprova\u00e7\u00e3o de benef\u00edcios","author":"noticiasribeiraopreto.com.br","date":"27 de November de 2023","format":false,"excerpt":"Cr\u00e9ditos: Ag\u00eancia Brasil\/Valter CampanatoA melhor not\u00edcia para quem aguarda uma agilidade do INSS Nos \u00faltimos meses, a espera para a aprova\u00e7\u00e3o de benef\u00edcios do INSS tem ultrapassado as estimativas da Justi\u00e7a Federal, resultando em atrasos significativos para os benefici\u00e1rios. O aumento do prazo no ano passado levou \u00e0 necessidade de\u2026","rel":"","context":"In &quot;Variedades&quot;","block_context":{"text":"Variedades","link":"https:\/\/noticiasribeiraopreto.com.br\/index.php\/category\/variedades\/"},"img":{"alt_text":"","src":"https:\/\/i0.wp.com\/noticiasribeiraopreto.com.br\/wp-content\/uploads\/2023\/11\/inss-dispensa-pericia-medica-para-auxilio-doenca-entenda-1.jpg?fit=1200%2C638&ssl=1&resize=350%2C200","width":350,"height":200,"srcset":"https:\/\/i0.wp.com\/noticiasribeiraopreto.com.br\/wp-content\/uploads\/2023\/11\/inss-dispensa-pericia-medica-para-auxilio-doenca-entenda-1.jpg?fit=1200%2C638&ssl=1&resize=350%2C200 1x, https:\/\/i0.wp.com\/noticiasribeiraopreto.com.br\/wp-content\/uploads\/2023\/11\/inss-dispensa-pericia-medica-para-auxilio-doenca-entenda-1.jpg?fit=1200%2C638&ssl=1&resize=525%2C300 1.5x, https:\/\/i0.wp.com\/noticiasribeiraopreto.com.br\/wp-content\/uploads\/2023\/11\/inss-dispensa-pericia-medica-para-auxilio-doenca-entenda-1.jpg?fit=1200%2C638&ssl=1&resize=700%2C400 2x, https:\/\/i0.wp.com\/noticiasribeiraopreto.com.br\/wp-content\/uploads\/2023\/11\/inss-dispensa-pericia-medica-para-auxilio-doenca-entenda-1.jpg?fit=1200%2C638&ssl=1&resize=1050%2C600 3x"},"classes":[]},{"id":13510,"url":"https:\/\/noticiasribeiraopreto.com.br\/index.php\/2023\/12\/10\/aposentadoria-especial-do-inss-tera-novas-regras\/","url_meta":{"origin":20120,"position":4},"title":"Aposentadoria especial do INSS ter\u00e1 novas regras","author":"noticiasribeiraopreto.com.br","date":"10 de December de 2023","format":false,"excerpt":"Cr\u00e9ditos: Ag\u00eancia Brasil\/Marcello CamargoINSS d\u00e1 a melhor not\u00edcia para quem espera concess\u00e3o de benef\u00edcio A aposentadoria especial do INSS, uma das modalidades mais impactadas pela Reforma da Previd\u00eancia de 2019, enfrentar\u00e1 novas altera\u00e7\u00f5es a partir de 2024. Essas mudan\u00e7as afetar\u00e3o diversos aspectos, desde a per\u00edcia m\u00e9dica at\u00e9 as condi\u00e7\u00f5es necess\u00e1rias\u2026","rel":"","context":"In &quot;Variedades&quot;","block_context":{"text":"Variedades","link":"https:\/\/noticiasribeiraopreto.com.br\/index.php\/category\/variedades\/"},"img":{"alt_text":"","src":"https:\/\/i0.wp.com\/noticiasribeiraopreto.com.br\/wp-content\/uploads\/2023\/12\/1702224475_depositphotos-652081292-xl-scaled.jpg?fit=1200%2C638&ssl=1&resize=350%2C200","width":350,"height":200,"srcset":"https:\/\/i0.wp.com\/noticiasribeiraopreto.com.br\/wp-content\/uploads\/2023\/12\/1702224475_depositphotos-652081292-xl-scaled.jpg?fit=1200%2C638&ssl=1&resize=350%2C200 1x, https:\/\/i0.wp.com\/noticiasribeiraopreto.com.br\/wp-content\/uploads\/2023\/12\/1702224475_depositphotos-652081292-xl-scaled.jpg?fit=1200%2C638&ssl=1&resize=525%2C300 1.5x, https:\/\/i0.wp.com\/noticiasribeiraopreto.com.br\/wp-content\/uploads\/2023\/12\/1702224475_depositphotos-652081292-xl-scaled.jpg?fit=1200%2C638&ssl=1&resize=700%2C400 2x, https:\/\/i0.wp.com\/noticiasribeiraopreto.com.br\/wp-content\/uploads\/2023\/12\/1702224475_depositphotos-652081292-xl-scaled.jpg?fit=1200%2C638&ssl=1&resize=1050%2C600 3x"},"classes":[]},{"id":9855,"url":"https:\/\/noticiasribeiraopreto.com.br\/index.php\/2023\/12\/03\/inss-adota-pericia-digital-entenda\/","url_meta":{"origin":20120,"position":5},"title":"INSS adota per\u00edcia digital; entenda","author":"noticiasribeiraopreto.com.br","date":"3 de December de 2023","format":false,"excerpt":"Cr\u00e9ditos: Gov.brAp\u00f3s mudan\u00e7as, veja quais servi\u00e7os do INSS s\u00e3o prestados nas ag\u00eancias O Instituto Nacional do Seguro Social (INSS) deu mais um passo rumo \u00e0 moderniza\u00e7\u00e3o de seus servi\u00e7os ao implementar a per\u00edcia digital, proporcionando aos segurados a possibilidade de solicitar benef\u00edcios por incapacidade tempor\u00e1ria de maneira totalmente online. A\u2026","rel":"","context":"In &quot;Variedades&quot;","block_context":{"text":"Variedades","link":"https:\/\/noticiasribeiraopreto.com.br\/index.php\/category\/variedades\/"},"img":{"alt_text":"","src":"https:\/\/i0.wp.com\/noticiasribeiraopreto.com.br\/wp-content\/uploads\/2023\/12\/fotos-catraca-2023-11-30t121633253.png?fit=1200%2C638&ssl=1&resize=350%2C200","width":350,"height":200,"srcset":"https:\/\/i0.wp.com\/noticiasribeiraopreto.com.br\/wp-content\/uploads\/2023\/12\/fotos-catraca-2023-11-30t121633253.png?fit=1200%2C638&ssl=1&resize=350%2C200 1x, https:\/\/i0.wp.com\/noticiasribeiraopreto.com.br\/wp-content\/uploads\/2023\/12\/fotos-catraca-2023-11-30t121633253.png?fit=1200%2C638&ssl=1&resize=525%2C300 1.5x, https:\/\/i0.wp.com\/noticiasribeiraopreto.com.br\/wp-content\/uploads\/2023\/12\/fotos-catraca-2023-11-30t121633253.png?fit=1200%2C638&ssl=1&resize=700%2C400 2x, https:\/\/i0.wp.com\/noticiasribeiraopreto.com.br\/wp-content\/uploads\/2023\/12\/fotos-catraca-2023-11-30t121633253.png?fit=1200%2C638&ssl=1&resize=1050%2C600 3x"},"classes":[]}],"jetpack_sharing_enabled":true,"jetpack_shortlink":"https:\/\/wp.me\/peQAOb-5ew","_links":{"self":[{"href":"https:\/\/noticiasribeiraopreto.com.br\/index.php\/wp-json\/wp\/v2\/posts\/20120","targetHints":{"allow":["GET"]}}],"collection":[{"href":"https:\/\/noticiasribeiraopreto.com.br\/index.php\/wp-json\/wp\/v2\/posts"}],"about":[{"href":"https:\/\/noticiasribeiraopreto.com.br\/index.php\/wp-json\/wp\/v2\/types\/post"}],"author":[{"embeddable":true,"href":"https:\/\/noticiasribeiraopreto.com.br\/index.php\/wp-json\/wp\/v2\/users\/1"}],"replies":[{"embeddable":true,"href":"https:\/\/noticiasribeiraopreto.com.br\/index.php\/wp-json\/wp\/v2\/comments?post=20120"}],"version-history":[{"count":0,"href":"https:\/\/noticiasribeiraopreto.com.br\/index.php\/wp-json\/wp\/v2\/posts\/20120\/revisions"}],"wp:featuredmedia":[{"embeddable":true,"href":"https:\/\/noticiasribeiraopreto.com.br\/index.php\/wp-json\/wp\/v2\/media\/20121"}],"wp:attachment":[{"href":"https:\/\/noticiasribeiraopreto.com.br\/index.php\/wp-json\/wp\/v2\/media?parent=20120"}],"wp:term":[{"taxonomy":"category","embeddable":true,"href":"https:\/\/noticiasribeiraopreto.com.br\/index.php\/wp-json\/wp\/v2\/categories?post=20120"},{"taxonomy":"post_tag","embeddable":true,"href":"https:\/\/noticiasribeiraopreto.com.br\/index.php\/wp-json\/wp\/v2\/tags?post=20120"}],"curies":[{"name":"wp","href":"https:\/\/api.w.org\/{rel}","templated":true}]}}