{"id":20124,"date":"2023-12-24T10:14:58","date_gmt":"2023-12-24T13:14:58","guid":{"rendered":"https:\/\/noticiasribeiraopreto.com.br\/index.php\/2023\/12\/24\/surpreenda-a-familia-de-ultima-hora-com-esta-receita\/"},"modified":"2023-12-24T10:14:58","modified_gmt":"2023-12-24T13:14:58","slug":"surpreenda-a-familia-de-ultima-hora-com-esta-receita","status":"publish","type":"post","link":"https:\/\/noticiasribeiraopreto.com.br\/index.php\/2023\/12\/24\/surpreenda-a-familia-de-ultima-hora-com-esta-receita\/","title":{"rendered":"surpreenda a fam\u00edlia de \u00faltima hora com esta receita"},"content":{"rendered":"<div class='code-block code-block-1' style='margin: 8px 0 8px auto; text-align: right; display: block; clear: both;'>\n<p><a href=\"https:\/\/wa.link\/vpicfd\"><img data-recalc-dims=\"1\" class=\"wp-image-4922\" style=\"aspect-ratio: 2.0253164556962027; width: 561px; height: auto;\" src=\"https:\/\/i0.wp.com\/ismaelcolosi.com.br\/wp-content\/uploads\/2023\/11\/grupo-de-empregos-whatsapp-e-facebook-ismael-colosi-vagas.jpg?ssl=1\" alt=\"\" \/><\/a><\/p>\n<!-- \/wp:image -->\n<\/div>\n<p> <br \/>\n<\/p>\n<p>Se voc\u00ea est\u00e1 em busca de novas experi\u00eancias gastron\u00f4micas para as festas natalinas de 2023, n\u00e3o precisa procurar mais! Vamos te ensinar a fazer uma deliciosa receita de sorvetone. Para quem n\u00e3o sabe, o sorvetone \u00e9 uma sobremesa que alia a textura do <a href=\"https:\/\/catracalivre.com.br\/receitas\/panetone-bolo-de-cenoura-sobremesa-para-aprender-antes-do-natal\/\">panetone<\/a> ao frescor do sorvete, tornando-se uma op\u00e7\u00e3o saborosa e inovadora para a \u00e9poca mais m\u00e1gica do ano.<\/p>\n<div id=\"attachment_2330358\">\n<div class=\"d-flex justify-content-center\" data-attachment-id=\"2330358\">\n<div class=\"position-relative d-inline-block\"><img data-recalc-dims=\"1\" data-portal-copyright=\"divulga\u00e7\u00e3o\" fetchpriority=\"high\" decoding=\"async\" class=\"size-full wp-image-2330358\" src=\"https:\/\/i0.wp.com\/catracalivre.com.br\/wp-content\/uploads\/2023\/12\/sorvetone-4.jpg?resize=750%2C500&#038;ssl=1\" alt=\"Sorvetone de Natal: aprenda a fazer esta del\u00edcia\" width=\"750\" height=\"500\" srcset=\"https:\/\/catracalivre.com.br\/wp-content\/uploads\/2023\/12\/sorvetone-4.jpg 750w, https:\/\/catracalivre.com.br\/wp-content\/uploads\/2023\/12\/sorvetone-4-450x300.jpg 450w\" sizes=\"(max-width: 750px) 100vw, 750px\"\/><\/p>\n<p>Cr\u00e9ditos: divulga\u00e7\u00e3o<\/p>\n<\/div>\n<\/div>\n<p><span class=\"post-imagem__legenda\">Sorvetone de Natal: aprenda a fazer esta del\u00edcia<\/span><\/p>\n<\/div>\n<p>Geralmente, o Sorvetone \u00e9 feito com panetone de frutas cristalizadas e uma mistura dos sabores de sorvete creme e chocolate meio amargo. Temos certeza de que voc\u00ea vai adorar. Chega de papo e vamos ao que interessa: a receita!<\/p>\n<p>\u00c9 imposs\u00edvel resistir a essa sobremesa natalina inovadora e cheia de sabor, n\u00e3o \u00e9 mesmo? D\u00ea um toque especial ao seu Natal e surpreenda a todos com o Sorvetone. Garantimos que ser\u00e1 um sucesso!<\/p>\n<p><script>\n\t\t! function(f, b, e, v, n, t, s) {\n\t\t\tif (f.fbq) return;\n\t\t\tn = f.fbq = function() {\n\t\t\t\tn.callMethod ?\n\t\t\t\t\tn.callMethod.apply(n, arguments) : n.queue.push(arguments)\n\t\t\t};\n\t\t\tif (!f._fbq) f._fbq = n;\n\t\t\tn.push = n;\n\t\t\tn.loaded = !0;\n\t\t\tn.version = '2.0';\n\t\t\tn.queue = [];\n\t\t\tt = b.createElement(e);\n\t\t\tt.async = !0;\n\t\t\tt.src = v;\n\t\t\ts = b.getElementsByTagName(e)[0];\n\t\t\ts.parentNode.insertBefore(t, s)\n\t\t}(window, document, 'script',\n\t\t\t'https:\/\/connect.facebook.net\/en_US\/fbevents.js');\n\t\tfbq('init', '338315473262380');\n\t\tfbq('track', 'PageView');\n\t<\/script><br \/>\n<br \/><br \/>\n<br \/><a href=\"https:\/\/catracalivre.com.br\/gastronomia\/sorvetone-de-natal-surpreenda-a-familia-de-ultima-hora-com-esta-receita\/\">Source link <\/a><\/p>\n<!-- CONTENT END 1 -->\n","protected":false},"excerpt":{"rendered":"<p>Se voc\u00ea est\u00e1 em busca de novas experi\u00eancias gastron\u00f4micas para as festas natalinas de 2023, n\u00e3o precisa procurar mais! Vamos te ensinar a fazer uma&#8230;<\/p>\n","protected":false},"author":1,"featured_media":20125,"comment_status":"open","ping_status":"open","sticky":false,"template":"","format":"standard","meta":{"advanced_seo_description":"","jetpack_seo_html_title":"","jetpack_seo_noindex":false,"jetpack_post_was_ever_published":false,"_jetpack_newsletter_access":"","_jetpack_dont_email_post_to_subs":false,"_jetpack_newsletter_tier_id":0,"_jetpack_memberships_contains_paywalled_content":false,"_jetpack_memberships_contains_paid_content":false,"footnotes":"","jetpack_publicize_message":"","jetpack_publicize_feature_enabled":true,"jetpack_social_post_already_shared":true,"jetpack_social_options":{"image_generator_settings":{"template":"highway","default_image_id":0,"font":"","enabled":false},"version":2}},"categories":[19],"tags":[],"class_list":["post-20124","post","type-post","status-publish","format-standard","has-post-thumbnail","hentry","category-variedades"],"jetpack_publicize_connections":[],"jetpack_featured_media_url":"https:\/\/i0.wp.com\/noticiasribeiraopreto.com.br\/wp-content\/uploads\/2023\/12\/sorvetone-4-1.jpg?fit=1200%2C638&ssl=1","jetpack-related-posts":[{"id":72930,"url":"https:\/\/noticiasribeiraopreto.com.br\/index.php\/2025\/06\/23\/jornal-da-franca-receita-federal-avisa-sobre-um-golpe-que-esta-tirando-o-sono-dos-brasileiros\/","url_meta":{"origin":20124,"position":0},"title":"Jornal da Franca &#8211; Receita Federal avisa sobre um golpe que est\u00e1 tirando o sono dos brasileiros","author":"noticiasribeiraopreto.com.br","date":"23 de June de 2025","format":false,"excerpt":"compartilhar no whatsapp compartilhar no telegram compartilhar no facebook compartilhar no linkedin Receita Federal n\u00e3o cobra taxa no Pix, mas golpistas insistem em enganar. Saiba como identificar essa fraude que est\u00e1 bombando no Brasil. Nos \u00faltimos meses, um novo tipo de golpe digital tem chamado a aten\u00e7\u00e3o de especialistas em\u2026","rel":"","context":"In &quot;Not\u00edcias de Franca-SP&quot;","block_context":{"text":"Not\u00edcias de Franca-SP","link":"https:\/\/noticiasribeiraopreto.com.br\/index.php\/category\/noticias-de-ribeirao-preto-sp-e-regiao-ismael-colosi\/noticias-franca-sp\/"},"img":{"alt_text":"","src":"https:\/\/i0.wp.com\/noticiasribeiraopreto.com.br\/wp-content\/uploads\/2025\/06\/essa-23.jpg?fit=1200%2C800&ssl=1&resize=350%2C200","width":350,"height":200,"srcset":"https:\/\/i0.wp.com\/noticiasribeiraopreto.com.br\/wp-content\/uploads\/2025\/06\/essa-23.jpg?fit=1200%2C800&ssl=1&resize=350%2C200 1x, https:\/\/i0.wp.com\/noticiasribeiraopreto.com.br\/wp-content\/uploads\/2025\/06\/essa-23.jpg?fit=1200%2C800&ssl=1&resize=525%2C300 1.5x, https:\/\/i0.wp.com\/noticiasribeiraopreto.com.br\/wp-content\/uploads\/2025\/06\/essa-23.jpg?fit=1200%2C800&ssl=1&resize=700%2C400 2x, https:\/\/i0.wp.com\/noticiasribeiraopreto.com.br\/wp-content\/uploads\/2025\/06\/essa-23.jpg?fit=1200%2C800&ssl=1&resize=1050%2C600 3x"},"classes":[]},{"id":22666,"url":"https:\/\/noticiasribeiraopreto.com.br\/index.php\/2023\/12\/30\/foi-notificado-com-o-termo-de-exclusao-saiba-o-que-fazer\/","url_meta":{"origin":20124,"position":1},"title":"Foi notificado com o termo de exclus\u00e3o? Saiba o que fazer","author":"noticiasribeiraopreto.com.br","date":"30 de December de 2023","format":false,"excerpt":"O final do ano \u00e9 uma \u00e9poca em que todos buscam paz e sossego para se recompor do ano intenso de trabalho. Mas uma not\u00edcia volta a veicular deixando os MEIs (Microempreendedores Individuais) apreensivos: se aproxima a data em que muitos ser\u00e3o desenquadrados do regime do Simples Nacional. No dia\u2026","rel":"","context":"In &quot;Vagas de Emprego em Ribeir\u00e3o Preto-SP&quot;","block_context":{"text":"Vagas de Emprego em Ribeir\u00e3o Preto-SP","link":"https:\/\/noticiasribeiraopreto.com.br\/index.php\/category\/empregos-classificados-vagas-trabalho\/vagas-de-empregos-em-ribeirao-preto-regiao-brasil\/"},"img":{"alt_text":"Quem recebeu o termo de intima\u00e7\u00e3o da Receita Federal para o MEI tamb\u00e9m recebe um prazo para o cumprimento das obriga\u00e7\u00f5es. Imagem: Canva","src":"https:\/\/i0.wp.com\/noticiasconcursos.com.br\/wp-content\/uploads\/2023\/12\/noticiasconcursos.com.br-mei-foi-notificado-com-o-termo-de-exclusao-saiba-o-que-fazer-design-sem-nome-2023-12-30t143153.011-300x169.png?resize=350%2C200&ssl=1","width":350,"height":200,"srcset":"https:\/\/i0.wp.com\/noticiasconcursos.com.br\/wp-content\/uploads\/2023\/12\/noticiasconcursos.com.br-mei-foi-notificado-com-o-termo-de-exclusao-saiba-o-que-fazer-design-sem-nome-2023-12-30t143153.011-300x169.png?resize=350%2C200&ssl=1 1x, https:\/\/i0.wp.com\/noticiasconcursos.com.br\/wp-content\/uploads\/2023\/12\/noticiasconcursos.com.br-mei-foi-notificado-com-o-termo-de-exclusao-saiba-o-que-fazer-design-sem-nome-2023-12-30t143153.011-300x169.png?resize=525%2C300&ssl=1 1.5x"},"classes":[]},{"id":67776,"url":"https:\/\/noticiasribeiraopreto.com.br\/index.php\/2025\/04\/18\/por-que-nao-se-come-carne-na-sexta-feira-santa-veja-como-substituir-o-alimento\/","url_meta":{"origin":20124,"position":2},"title":"Por que n\u00e3o se come carne na Sexta-feira Santa? Veja como substituir o alimento","author":"noticiasribeiraopreto.com.br","date":"18 de April de 2025","format":false,"excerpt":"Hoje (18) \u00e9 celebrada a Sexta-feira Santa, uma das datas mais significativas no calend\u00e1rio da Igreja Cat\u00f3lica. A data est\u00e1 inserida na Semana Santa e marca o dia da crucifica\u00e7\u00e3o e da morte de Jesus. >>>FIQUE POR DENTRO: Veja hor\u00e1rios dos supermercados na P\u00e1scoa e Tiradentes em Ribeir\u00e3o Por que\u2026","rel":"","context":"In &quot;Not\u00edcias de Ribeir\u00e3o Preto-SP e Regi\u00e3o&quot;","block_context":{"text":"Not\u00edcias de Ribeir\u00e3o Preto-SP e Regi\u00e3o","link":"https:\/\/noticiasribeiraopreto.com.br\/index.php\/category\/noticias-de-ribeirao-preto-sp-e-regiao-ismael-colosi\/"},"img":{"alt_text":"","src":"https:\/\/i0.wp.com\/noticiasribeiraopreto.com.br\/wp-content\/uploads\/2025\/04\/Copia-de-Copia-de-Copia-de-TAMANHO-EXATO-PARA-FOTOS-NO-SISTEMA-NOVO-2025-04-18T102011.068_2025-04-18_13-20-16.webp.webp?fit=1200%2C675&ssl=1&resize=350%2C200","width":350,"height":200,"srcset":"https:\/\/i0.wp.com\/noticiasribeiraopreto.com.br\/wp-content\/uploads\/2025\/04\/Copia-de-Copia-de-Copia-de-TAMANHO-EXATO-PARA-FOTOS-NO-SISTEMA-NOVO-2025-04-18T102011.068_2025-04-18_13-20-16.webp.webp?fit=1200%2C675&ssl=1&resize=350%2C200 1x, https:\/\/i0.wp.com\/noticiasribeiraopreto.com.br\/wp-content\/uploads\/2025\/04\/Copia-de-Copia-de-Copia-de-TAMANHO-EXATO-PARA-FOTOS-NO-SISTEMA-NOVO-2025-04-18T102011.068_2025-04-18_13-20-16.webp.webp?fit=1200%2C675&ssl=1&resize=525%2C300 1.5x, https:\/\/i0.wp.com\/noticiasribeiraopreto.com.br\/wp-content\/uploads\/2025\/04\/Copia-de-Copia-de-Copia-de-TAMANHO-EXATO-PARA-FOTOS-NO-SISTEMA-NOVO-2025-04-18T102011.068_2025-04-18_13-20-16.webp.webp?fit=1200%2C675&ssl=1&resize=700%2C400 2x, https:\/\/i0.wp.com\/noticiasribeiraopreto.com.br\/wp-content\/uploads\/2025\/04\/Copia-de-Copia-de-Copia-de-TAMANHO-EXATO-PARA-FOTOS-NO-SISTEMA-NOVO-2025-04-18T102011.068_2025-04-18_13-20-16.webp.webp?fit=1200%2C675&ssl=1&resize=1050%2C600 3x"},"classes":[]},{"id":11409,"url":"https:\/\/noticiasribeiraopreto.com.br\/index.php\/2023\/12\/06\/prazo-final-para-se-regularizar-com-a-receita-esta-muito-proximo\/","url_meta":{"origin":20124,"position":3},"title":"Prazo final para se regularizar com a Receita est\u00e1 muito pr\u00f3ximo","author":"noticiasribeiraopreto.com.br","date":"6 de December de 2023","format":false,"excerpt":"Se voc\u00ea \u00e9 um empreendedor optante do Simples Nacional e percebe que sua empresa n\u00e3o est\u00e1 cumprindo suas obriga\u00e7\u00f5es com a Receita Federal, \u00e9 fundamental ficar atento ao prazo para regularizar a situa\u00e7\u00e3o fiscal. Cr\u00e9ditos: Ag\u00eancia Brasil\/Marcello Casal JrMEI: Prazo final para se regularizar com a Receita est\u00e1 muito pr\u00f3ximo\u2026","rel":"","context":"In &quot;Variedades&quot;","block_context":{"text":"Variedades","link":"https:\/\/noticiasribeiraopreto.com.br\/index.php\/category\/variedades\/"},"img":{"alt_text":"","src":"https:\/\/i0.wp.com\/noticiasribeiraopreto.com.br\/wp-content\/uploads\/2023\/12\/mei-saiba-quais-atividades-nao-se-enquadram-mais-em-2023.jpg?fit=1200%2C638&ssl=1&resize=350%2C200","width":350,"height":200,"srcset":"https:\/\/i0.wp.com\/noticiasribeiraopreto.com.br\/wp-content\/uploads\/2023\/12\/mei-saiba-quais-atividades-nao-se-enquadram-mais-em-2023.jpg?fit=1200%2C638&ssl=1&resize=350%2C200 1x, https:\/\/i0.wp.com\/noticiasribeiraopreto.com.br\/wp-content\/uploads\/2023\/12\/mei-saiba-quais-atividades-nao-se-enquadram-mais-em-2023.jpg?fit=1200%2C638&ssl=1&resize=525%2C300 1.5x, https:\/\/i0.wp.com\/noticiasribeiraopreto.com.br\/wp-content\/uploads\/2023\/12\/mei-saiba-quais-atividades-nao-se-enquadram-mais-em-2023.jpg?fit=1200%2C638&ssl=1&resize=700%2C400 2x, https:\/\/i0.wp.com\/noticiasribeiraopreto.com.br\/wp-content\/uploads\/2023\/12\/mei-saiba-quais-atividades-nao-se-enquadram-mais-em-2023.jpg?fit=1200%2C638&ssl=1&resize=1050%2C600 3x"},"classes":[]},{"id":11493,"url":"https:\/\/noticiasribeiraopreto.com.br\/index.php\/2023\/12\/06\/imposto-de-renda-esta-leitora-trocou-um-boleto-de-r-2-500-por-um-pix-de-r-13-mil-saiba-como\/","url_meta":{"origin":20124,"position":4},"title":"Imposto de Renda: esta leitora trocou um boleto de R$ 2.500 por um PIX de R$ 13 mil; saiba como\u00a0","author":"noticiasribeiraopreto.com.br","date":"6 de December de 2023","format":false,"excerpt":"Com a chegada do final do ano muitos brasileiros aproveitam para se preparar financeiramente para os tributos do ano seguinte: IPTU, IPVA, matr\u00edculas escolares e em alguns casos, Imposto de Renda.\u00a0 Para muitos trabalhadores do regime CLT, mesmo com o desconto na fonte todos os meses, ainda \u00e9 necess\u00e1rio pagar\u2026","rel":"","context":"In &quot;Dinheiro e Investimento&quot;","block_context":{"text":"Dinheiro e Investimento","link":"https:\/\/noticiasribeiraopreto.com.br\/index.php\/category\/dinheiro-e-investimento-como-fazer-como-ganhar\/"},"img":{"alt_text":"","src":"https:\/\/i0.wp.com\/noticiasribeiraopreto.com.br\/wp-content\/uploads\/2023\/12\/Layout-Carol-Gama-6-715x402.png?fit=715%2C402&ssl=1&resize=350%2C200","width":350,"height":200,"srcset":"https:\/\/i0.wp.com\/noticiasribeiraopreto.com.br\/wp-content\/uploads\/2023\/12\/Layout-Carol-Gama-6-715x402.png?fit=715%2C402&ssl=1&resize=350%2C200 1x, https:\/\/i0.wp.com\/noticiasribeiraopreto.com.br\/wp-content\/uploads\/2023\/12\/Layout-Carol-Gama-6-715x402.png?fit=715%2C402&ssl=1&resize=525%2C300 1.5x, https:\/\/i0.wp.com\/noticiasribeiraopreto.com.br\/wp-content\/uploads\/2023\/12\/Layout-Carol-Gama-6-715x402.png?fit=715%2C402&ssl=1&resize=700%2C400 2x"},"classes":[]},{"id":72274,"url":"https:\/\/noticiasribeiraopreto.com.br\/index.php\/2025\/06\/15\/jornal-da-franca-receita-de-bolo-de-coco-molhadinho-e-otima-pedida-para-para-o-lanche-da-tarde\/","url_meta":{"origin":20124,"position":5},"title":"Jornal da Franca &#8211; Receita de bolo de coco molhadinho \u00e9 \u00f3tima pedida para para o lanche da tarde!","author":"noticiasribeiraopreto.com.br","date":"15 de June de 2025","format":false,"excerpt":"compartilhar no whatsapp compartilhar no telegram compartilhar no facebook compartilhar no linkedin Depois de aprender esta receita, que \u00e9 uma \u00f3tima pedida para o lanche da tarde, voc\u00ea vai se surpreender com o sabor e os elogios Bolo de coco \u00e9 simples e f\u00e1cil de fazer e ainda fica molhadinho!\u2026","rel":"","context":"In &quot;Not\u00edcias de Franca-SP&quot;","block_context":{"text":"Not\u00edcias de Franca-SP","link":"https:\/\/noticiasribeiraopreto.com.br\/index.php\/category\/noticias-de-ribeirao-preto-sp-e-regiao-ismael-colosi\/noticias-franca-sp\/"},"img":{"alt_text":"","src":"https:\/\/i0.wp.com\/noticiasribeiraopreto.com.br\/wp-content\/uploads\/2025\/06\/bolo-de-coco-shutterstock.jpg?fit=960%2C540&ssl=1&resize=350%2C200","width":350,"height":200,"srcset":"https:\/\/i0.wp.com\/noticiasribeiraopreto.com.br\/wp-content\/uploads\/2025\/06\/bolo-de-coco-shutterstock.jpg?fit=960%2C540&ssl=1&resize=350%2C200 1x, https:\/\/i0.wp.com\/noticiasribeiraopreto.com.br\/wp-content\/uploads\/2025\/06\/bolo-de-coco-shutterstock.jpg?fit=960%2C540&ssl=1&resize=525%2C300 1.5x, https:\/\/i0.wp.com\/noticiasribeiraopreto.com.br\/wp-content\/uploads\/2025\/06\/bolo-de-coco-shutterstock.jpg?fit=960%2C540&ssl=1&resize=700%2C400 2x"},"classes":[]}],"jetpack_sharing_enabled":true,"jetpack_shortlink":"https:\/\/wp.me\/peQAOb-5eA","_links":{"self":[{"href":"https:\/\/noticiasribeiraopreto.com.br\/index.php\/wp-json\/wp\/v2\/posts\/20124","targetHints":{"allow":["GET"]}}],"collection":[{"href":"https:\/\/noticiasribeiraopreto.com.br\/index.php\/wp-json\/wp\/v2\/posts"}],"about":[{"href":"https:\/\/noticiasribeiraopreto.com.br\/index.php\/wp-json\/wp\/v2\/types\/post"}],"author":[{"embeddable":true,"href":"https:\/\/noticiasribeiraopreto.com.br\/index.php\/wp-json\/wp\/v2\/users\/1"}],"replies":[{"embeddable":true,"href":"https:\/\/noticiasribeiraopreto.com.br\/index.php\/wp-json\/wp\/v2\/comments?post=20124"}],"version-history":[{"count":0,"href":"https:\/\/noticiasribeiraopreto.com.br\/index.php\/wp-json\/wp\/v2\/posts\/20124\/revisions"}],"wp:featuredmedia":[{"embeddable":true,"href":"https:\/\/noticiasribeiraopreto.com.br\/index.php\/wp-json\/wp\/v2\/media\/20125"}],"wp:attachment":[{"href":"https:\/\/noticiasribeiraopreto.com.br\/index.php\/wp-json\/wp\/v2\/media?parent=20124"}],"wp:term":[{"taxonomy":"category","embeddable":true,"href":"https:\/\/noticiasribeiraopreto.com.br\/index.php\/wp-json\/wp\/v2\/categories?post=20124"},{"taxonomy":"post_tag","embeddable":true,"href":"https:\/\/noticiasribeiraopreto.com.br\/index.php\/wp-json\/wp\/v2\/tags?post=20124"}],"curies":[{"name":"wp","href":"https:\/\/api.w.org\/{rel}","templated":true}]}}