{"id":20128,"date":"2023-12-24T10:38:34","date_gmt":"2023-12-24T13:38:34","guid":{"rendered":"https:\/\/noticiasribeiraopreto.com.br\/index.php\/2023\/12\/24\/beneficios-do-inss-aumentam-e-chegam-a-quase-5-milhoes-em-2023\/"},"modified":"2023-12-24T10:38:34","modified_gmt":"2023-12-24T13:38:34","slug":"beneficios-do-inss-aumentam-e-chegam-a-quase-5-milhoes-em-2023","status":"publish","type":"post","link":"https:\/\/noticiasribeiraopreto.com.br\/index.php\/2023\/12\/24\/beneficios-do-inss-aumentam-e-chegam-a-quase-5-milhoes-em-2023\/","title":{"rendered":"Benef\u00edcios do INSS aumentam e chegam a quase 5 milh\u00f5es em 2023"},"content":{"rendered":"<div class='code-block code-block-1' style='margin: 8px 0 8px auto; text-align: right; display: block; clear: both;'>\n<p><a href=\"https:\/\/wa.link\/vpicfd\"><img data-recalc-dims=\"1\" class=\"wp-image-4922\" style=\"aspect-ratio: 2.0253164556962027; width: 561px; height: auto;\" src=\"https:\/\/i0.wp.com\/ismaelcolosi.com.br\/wp-content\/uploads\/2023\/11\/grupo-de-empregos-whatsapp-e-facebook-ismael-colosi-vagas.jpg?ssl=1\" alt=\"\" \/><\/a><\/p>\n<!-- \/wp:image -->\n<\/div>\n<p> <br \/>\n<\/p>\n<div>\n<p>De acordo com o Boletim Estat\u00edstico da Previd\u00eancia Social, o <strong>INSS (Instituto Nacional do Seguro Social)<\/strong> concedeu 4,8 milh\u00f5es de benef\u00edcios at\u00e9 outubro deste ano. Isso representa um aumento de 11% em rela\u00e7\u00e3o ao mesmo per\u00edodo de 2022, ultrapassando o total de concess\u00f5es de todo o ano de 2021.<\/p>\n<p>Portanto, esses benef\u00edcios englobam recursos como os <a href=\"https:\/\/noticiasconcursos.com.br\/faca-isso-e-aumente-o-valor-da-sua-aposentadoria-do-inss-em-2024\/\">previdenci\u00e1rios<\/a>, acident\u00e1rios e assistenciais.<\/p>\n<h2><strong>Benef\u00edcios concedidos INSS<\/strong><\/h2>\n<p>Contudo, somente no m\u00eas de outubro, dos 544,5 mil benef\u00edcios concedidos, 42% foram de aux\u00edlio-doen\u00e7a, 16% de aposentadoria por idade, 12% de sal\u00e1rio-maternidade, 7% de amparo assistencial de pessoa com defici\u00eancia e 7% de pens\u00e3o por morte.<\/p>\n<p>Agora, o secret\u00e1rio de Previd\u00eancia Social, Adroaldo Portal, atribui esse aumento nas concess\u00f5es ao Programa de Enfrentamento \u00e0 Fila da Previd\u00eancia Social, sancionado em novembro.<\/p>\n<p>Ele afirma: \u201cEsse crescimento \u00e9 resultado do Programa de Enfrentamento \u00e0 Fila. \u00c9 natural que o n\u00famero de concess\u00f5es de benef\u00edcios continue a crescer nos pr\u00f3ximos meses, \u00e0 medida que o reconhecimento de direitos passe a acontecer cada vez mais em um tempo mais curto\u201d.<\/p>\n<p>Por\u00e9m, o tempo m\u00e9dio de <strong>concess\u00e3o dos benef\u00edcios do INSS<\/strong> diminuiu para 57 dias em setembro e outubro, o menor n\u00edvel em tr\u00eas anos, e para 55 dias em novembro. A meta do ministro da Previd\u00eancia Social, Carlos Lupi, \u00e9 alcan\u00e7ar, at\u00e9 31 de dezembro, um tempo m\u00e1ximo de espera de 45 dias para a concess\u00e3o de benef\u00edcios.<\/p>\n<p>O secret\u00e1rio de Previd\u00eancia Social acrescenta: \u201cA rapidez na concess\u00e3o tem um impacto direto no n\u00famero de concess\u00f5es no ano. Seguindo a mesma tend\u00eancia de 2023, esse crescimento deve continuar em 2024\u201d.<\/p>\n<h2><strong>Motivos de recusa dos benef\u00edcios<\/strong><\/h2>\n<div class=\"bs-irp left bs-irp-thumbnail-1\">\n<p>&#13;<br \/><span class=\"h-text heading-typo\">Voc\u00ea tamb\u00e9m pode gostar:<\/span>&#13; <\/p>\n<\/p><\/div>\n<p>Em primeiro lugar, quanto aos motivos de recusa, o n\u00famero de benef\u00edcios previdenci\u00e1rios atingiu 39 milh\u00f5es em novembro. Desse total, 5.657.745 s\u00e3o benef\u00edcios assistenciais e 33.379.120 s\u00e3o previdenci\u00e1rios. O <strong>INSS<\/strong> aponta que os principais motivos de rejei\u00e7\u00e3o aos pedidos de aposentadoria est\u00e3o relacionados \u00e0 falta de tempo de contribui\u00e7\u00e3o, documenta\u00e7\u00e3o incompleta e problemas na averba\u00e7\u00e3o de tempo especial ou regime diferenciado.<\/p>\n<p>O instituto destaca a import\u00e2ncia de manter o cadastro atualizado nas bases de dados, incluindo o acompanhamento das anota\u00e7\u00f5es no CNIS (Cadastro Nacional de Informa\u00e7\u00f5es Sociais), recomendando que os cidad\u00e3os acessem o <a href=\"https:\/\/meu.inss.gov.br\/\" target=\"_blank\" rel=\"noopener\">Meu INSS<\/a> por meio do site ou aplicativo para verificar e corrigir poss\u00edveis diverg\u00eancias.<\/p>\n<h2><strong>Calend\u00e1rio de Pagamentos do INSS<\/strong><\/h2>\n<p>Desde j\u00e1, o <strong><a href=\"https:\/\/noticiasconcursos.com.br\/calendario-2024-do-inss-ja-foi-divulgado-saiba-a-verdade\/\">Calend\u00e1rio de Pagamentos<\/a> do Instituto Nacional do Seguro Social (INSS)<\/strong> j\u00e1 est\u00e1 em andamento, e os aposentados est\u00e3o comemorando essa divulga\u00e7\u00e3o oficial.<\/p>\n<p>Assim nas pr\u00f3ximas semanas, mais de 37 milh\u00f5es de aposentados e pensionistas em todo o pa\u00eds receber\u00e3o benef\u00edcios, com os dep\u00f3sitos come\u00e7ando em 21 de dezembro. O escalonamento dos pagamentos ao longo de 2023 levar\u00e1 em conta o valor da aposentadoria ou pens\u00e3o do segurado. Benefici\u00e1rios que recebem at\u00e9 um sal\u00e1rio m\u00ednimo ter\u00e3o seus dep\u00f3sitos em datas distintas daqueles que t\u00eam renda superior ao piso nacional.<\/p>\n<p>Antes de tudo, para verificar a data exata do pagamento, o segurado deve observar o \u00faltimo d\u00edgito do seu cart\u00e3o de benef\u00edcio, excluindo o \u00faltimo d\u00edgito verificador ap\u00f3s o tra\u00e7o. Por exemplo, se o n\u00famero do cart\u00e3o for 123456789-0, o n\u00famero a ser considerado \u00e9 o 9. Esse m\u00e9todo foi adotado pelo INSS para organizar e distribuir os pagamentos eficientemente.<\/p>\n<h3>Os dep\u00f3sitos seguem o seguinte cronograma:<\/h3>\n<p><strong>At\u00e9 1 sal\u00e1rio m\u00ednimo:<\/strong><\/p>\n<p>1- Finais 1: 21 de dezembro (pago);<br \/>2- Finais 2: 22 de dezembro (hoje);<br \/>3- Finais 3: 26 de dezembro;<br \/>4- Finais 4: 27 de dezembro;<br \/>5- Finais 5: 28 de dezembro;<br \/>6- Finais 6: 2 de janeiro;<br \/>7- Finais 7: 3 de janeiro;<br \/>8- Finais 8: 4 de janeiro;<br \/>9- Finais 9: 5 de janeiro;<br \/>10- Finais 0: 8 de janeiro.<\/p>\n<p><strong>Acima de 1 sal\u00e1rio m\u00ednimo:<\/strong><\/p>\n<p>1- Finais 1 e 6: 2 de janeiro;<br \/>2- Finais 2 e 7: 3 de janeiro;<br \/>3- Finais 3 e 8: 4 de janeiro;<br \/>4- Finais 4 e 9: 5 de janeiro;<br \/>5- Finais 5 e 0: 8 de janeiro.<\/p>\n<p>O <strong>site oficial do INSS<\/strong> e o <strong>aplicativo \u201cMeu INSS\u201d<\/strong> oferecem acesso a informa\u00e7\u00f5es detalhadas sobre o calend\u00e1rio de pagamentos, valores a receber, agendamentos e remarca\u00e7\u00f5es de per\u00edcias. Al\u00e9m disso, \u00e9 poss\u00edvel verificar o extrato de <a href=\"https:\/\/noticiasconcursos.com.br\/atencao-a-prova-de-vida\/\">pagamento de benef\u00edcios<\/a>, contribuindo para uma gest\u00e3o mais eficiente e transparente dos recursos recebidos.<\/p>\n<p>Portanto, essa distribui\u00e7\u00e3o organizada e abrangente assegura a preserva\u00e7\u00e3o dos direitos dos benefici\u00e1rios, garantindo a continuidade do fluxo de renda, especialmente em um momento de ajustes econ\u00f4micos e cuidados relacionados \u00e0 pandemia.<\/p>\n<p>\u00a0<\/p>\n<\/p><\/div>\n<p><br \/>\n<br \/><a href=\"https:\/\/ismaelcolosi.com.br\/beneficios-do-inss-aumentam-e-chegam-a-quase-5-milhoes-em-2023\/\">Source link <\/a><\/p>\n<!-- CONTENT END 1 -->\n","protected":false},"excerpt":{"rendered":"<p>De acordo com o Boletim Estat\u00edstico da Previd\u00eancia Social, o INSS (Instituto Nacional do Seguro Social) concedeu 4,8 milh\u00f5es de benef\u00edcios at\u00e9 outubro deste ano&#8230;.<\/p>\n","protected":false},"author":1,"featured_media":0,"comment_status":"open","ping_status":"open","sticky":false,"template":"","format":"standard","meta":{"advanced_seo_description":"","jetpack_seo_html_title":"","jetpack_seo_noindex":false,"jetpack_post_was_ever_published":false,"_jetpack_newsletter_access":"","_jetpack_dont_email_post_to_subs":false,"_jetpack_newsletter_tier_id":0,"_jetpack_memberships_contains_paywalled_content":false,"_jetpack_memberships_contains_paid_content":false,"footnotes":"","jetpack_publicize_message":"","jetpack_publicize_feature_enabled":true,"jetpack_social_post_already_shared":true,"jetpack_social_options":{"image_generator_settings":{"template":"highway","default_image_id":0,"font":"","enabled":false},"version":2}},"categories":[7],"tags":[],"class_list":["post-20128","post","type-post","status-publish","format-standard","hentry","category-vagas-de-empregos-em-ribeirao-preto-regiao-brasil"],"jetpack_publicize_connections":[],"jetpack_featured_media_url":"","jetpack-related-posts":[{"id":27919,"url":"https:\/\/noticiasribeiraopreto.com.br\/index.php\/2024\/01\/13\/beneficios-do-inss-avancam-371\/","url_meta":{"origin":20128,"position":0},"title":"Benef\u00edcios do INSS\u00a0avan\u00e7am 3,71% \u00a0","author":"noticiasribeiraopreto.com.br","date":"13 de January de 2024","format":false,"excerpt":"Os minist\u00e9rios da Previd\u00eancia Social e da Fazenda editaram Portaria Interministerial, publicada no Di\u00e1rio Oficial da Uni\u00e3o desta sexta-feira, 12 de janeiro, que disp\u00f5e sobre o reajuste dos benef\u00edcios pagos pelo Instituto Nacional do Seguro Social (INSS) e demais valores constantes do Regulamento da Previd\u00eancia Social (RPS). De acordo com\u2026","rel":"","context":"In &quot;Not\u00edcias de Ribeir\u00e3o Preto-SP e Regi\u00e3o&quot;","block_context":{"text":"Not\u00edcias de Ribeir\u00e3o Preto-SP e Regi\u00e3o","link":"https:\/\/noticiasribeiraopreto.com.br\/index.php\/category\/noticias-de-ribeirao-preto-sp-e-regiao-ismael-colosi\/"},"img":{"alt_text":"","src":"https:\/\/i0.wp.com\/noticiasribeiraopreto.com.br\/wp-content\/uploads\/2024\/01\/INSS-Tony-Winston-Agencia-Brasilia-scaled.jpeg?fit=1000%2C598&ssl=1&resize=350%2C200","width":350,"height":200,"srcset":"https:\/\/i0.wp.com\/noticiasribeiraopreto.com.br\/wp-content\/uploads\/2024\/01\/INSS-Tony-Winston-Agencia-Brasilia-scaled.jpeg?fit=1000%2C598&ssl=1&resize=350%2C200 1x, https:\/\/i0.wp.com\/noticiasribeiraopreto.com.br\/wp-content\/uploads\/2024\/01\/INSS-Tony-Winston-Agencia-Brasilia-scaled.jpeg?fit=1000%2C598&ssl=1&resize=525%2C300 1.5x, https:\/\/i0.wp.com\/noticiasribeiraopreto.com.br\/wp-content\/uploads\/2024\/01\/INSS-Tony-Winston-Agencia-Brasilia-scaled.jpeg?fit=1000%2C598&ssl=1&resize=700%2C400 2x"},"classes":[]},{"id":13370,"url":"https:\/\/noticiasribeiraopreto.com.br\/index.php\/2023\/12\/10\/inss-convoca-beneficiarios-por-telefone\/","url_meta":{"origin":20128,"position":1},"title":"INSS convoca benefici\u00e1rios por telefone","author":"noticiasribeiraopreto.com.br","date":"10 de December de 2023","format":false,"excerpt":"Cr\u00e9ditos: Depositphotos\/rmcarvalhobsbVeja como consultar o extrato do INSS Em um movimento inovador, o INSS est\u00e1 adotando uma abordagem proativa ao ligar para benefici\u00e1rios, convidando-os a antecipar a aprova\u00e7\u00e3o de seus benef\u00edcios. Essa iniciativa vem em um momento crucial, no final de 2023, e \u00e9 essencial que os brasileiros compreendam como\u2026","rel":"","context":"In &quot;Variedades&quot;","block_context":{"text":"Variedades","link":"https:\/\/noticiasribeiraopreto.com.br\/index.php\/category\/variedades\/"},"img":{"alt_text":"","src":"https:\/\/i0.wp.com\/noticiasribeiraopreto.com.br\/wp-content\/uploads\/2023\/12\/1702177746_fotos-catraca-2023-11-30t121633253.png?fit=1200%2C638&ssl=1&resize=350%2C200","width":350,"height":200,"srcset":"https:\/\/i0.wp.com\/noticiasribeiraopreto.com.br\/wp-content\/uploads\/2023\/12\/1702177746_fotos-catraca-2023-11-30t121633253.png?fit=1200%2C638&ssl=1&resize=350%2C200 1x, https:\/\/i0.wp.com\/noticiasribeiraopreto.com.br\/wp-content\/uploads\/2023\/12\/1702177746_fotos-catraca-2023-11-30t121633253.png?fit=1200%2C638&ssl=1&resize=525%2C300 1.5x, https:\/\/i0.wp.com\/noticiasribeiraopreto.com.br\/wp-content\/uploads\/2023\/12\/1702177746_fotos-catraca-2023-11-30t121633253.png?fit=1200%2C638&ssl=1&resize=700%2C400 2x, https:\/\/i0.wp.com\/noticiasribeiraopreto.com.br\/wp-content\/uploads\/2023\/12\/1702177746_fotos-catraca-2023-11-30t121633253.png?fit=1200%2C638&ssl=1&resize=1050%2C600 3x"},"classes":[]},{"id":13561,"url":"https:\/\/noticiasribeiraopreto.com.br\/index.php\/2023\/12\/10\/veja-as-datas-e-se-programe-para-o-fim-de-ano-2\/","url_meta":{"origin":20128,"position":2},"title":"Veja as datas e se programe para o fim de ano","author":"noticiasribeiraopreto.com.br","date":"10 de December de 2023","format":false,"excerpt":"Aposentados e pensionistas j\u00e1 podem conferir o Calend\u00e1rio INSS 2023 dezembro. Os dep\u00f3sitos ter\u00e3o in\u00edcio no dia 21 e v\u00e3o at\u00e9 o dia 8 de janeiro de 2024. Segundo informa\u00e7\u00f5es do Minist\u00e9rio da Previd\u00eancia Social, 37 milh\u00f5es de pessoas ser\u00e3o contempladas com os repasses ao longo do ano. As datas\u2026","rel":"","context":"In &quot;Vagas de Emprego em Ribeir\u00e3o Preto-SP&quot;","block_context":{"text":"Vagas de Emprego em Ribeir\u00e3o Preto-SP","link":"https:\/\/noticiasribeiraopreto.com.br\/index.php\/category\/empregos-classificados-vagas-trabalho\/vagas-de-empregos-em-ribeirao-preto-regiao-brasil\/"},"img":{"alt_text":"","src":"https:\/\/i0.wp.com\/noticiasribeiraopreto.com.br\/wp-content\/uploads\/2023\/12\/calendario-fevereiro-inss-novo-1.jpg?fit=1200%2C675&ssl=1&resize=350%2C200","width":350,"height":200,"srcset":"https:\/\/i0.wp.com\/noticiasribeiraopreto.com.br\/wp-content\/uploads\/2023\/12\/calendario-fevereiro-inss-novo-1.jpg?fit=1200%2C675&ssl=1&resize=350%2C200 1x, https:\/\/i0.wp.com\/noticiasribeiraopreto.com.br\/wp-content\/uploads\/2023\/12\/calendario-fevereiro-inss-novo-1.jpg?fit=1200%2C675&ssl=1&resize=525%2C300 1.5x, https:\/\/i0.wp.com\/noticiasribeiraopreto.com.br\/wp-content\/uploads\/2023\/12\/calendario-fevereiro-inss-novo-1.jpg?fit=1200%2C675&ssl=1&resize=700%2C400 2x, https:\/\/i0.wp.com\/noticiasribeiraopreto.com.br\/wp-content\/uploads\/2023\/12\/calendario-fevereiro-inss-novo-1.jpg?fit=1200%2C675&ssl=1&resize=1050%2C600 3x"},"classes":[]},{"id":16169,"url":"https:\/\/noticiasribeiraopreto.com.br\/index.php\/2023\/12\/15\/homem-pode-receber-salario-maternidade-em-quatro-situacoes-saiba-quais-2\/","url_meta":{"origin":20128,"position":3},"title":"Homem pode receber sal\u00e1rio-maternidade em quatro situa\u00e7\u00f5es; Saiba quais","author":"noticiasribeiraopreto.com.br","date":"15 de December de 2023","format":false,"excerpt":"O sal\u00e1rio-maternidade, associado exclusivamente \u00e0s m\u00e3es por muitas pessoas, na verdade, tamb\u00e9m se destinada aos homens que se tornam pais. Ele \u00e9 um benef\u00edcio crucial fornecido pelo INSS (Instituto Nacional do Seguro Social) ap\u00f3s a chegada de um novo filho. O aux\u00edlio financeiro \u00e9 concedido \u00e0 segurada e ao segurado\u2026","rel":"","context":"In &quot;Vagas de Emprego em Ribeir\u00e3o Preto-SP&quot;","block_context":{"text":"Vagas de Emprego em Ribeir\u00e3o Preto-SP","link":"https:\/\/noticiasribeiraopreto.com.br\/index.php\/category\/empregos-classificados-vagas-trabalho\/vagas-de-empregos-em-ribeirao-preto-regiao-brasil\/"},"img":{"alt_text":"","src":"https:\/\/i0.wp.com\/noticiasribeiraopreto.com.br\/wp-content\/uploads\/2023\/12\/pai-filho-dinheiro-divulgacao-canva.png?fit=1200%2C675&ssl=1&resize=350%2C200","width":350,"height":200,"srcset":"https:\/\/i0.wp.com\/noticiasribeiraopreto.com.br\/wp-content\/uploads\/2023\/12\/pai-filho-dinheiro-divulgacao-canva.png?fit=1200%2C675&ssl=1&resize=350%2C200 1x, https:\/\/i0.wp.com\/noticiasribeiraopreto.com.br\/wp-content\/uploads\/2023\/12\/pai-filho-dinheiro-divulgacao-canva.png?fit=1200%2C675&ssl=1&resize=525%2C300 1.5x, https:\/\/i0.wp.com\/noticiasribeiraopreto.com.br\/wp-content\/uploads\/2023\/12\/pai-filho-dinheiro-divulgacao-canva.png?fit=1200%2C675&ssl=1&resize=700%2C400 2x, https:\/\/i0.wp.com\/noticiasribeiraopreto.com.br\/wp-content\/uploads\/2023\/12\/pai-filho-dinheiro-divulgacao-canva.png?fit=1200%2C675&ssl=1&resize=1050%2C600 3x"},"classes":[]},{"id":22010,"url":"https:\/\/noticiasribeiraopreto.com.br\/index.php\/2023\/12\/29\/inss-7-revisoes-estrategicas-que-podem-aumentar-seu-beneficio\/","url_meta":{"origin":20128,"position":4},"title":"INSS: 7 revis\u00f5es estrat\u00e9gicas que podem AUMENTAR seu benef\u00edcio","author":"noticiasribeiraopreto.com.br","date":"29 de December de 2023","format":false,"excerpt":"O Instituto Nacional do Seguro Social (INSS) oferece aos benefici\u00e1rios a oportunidade de solicitar revis\u00f5es que podem resultar no aumento dos benef\u00edcios recebidos. No entanto, \u00e9 importante estar ciente dos prazos e dos tipos de revis\u00f5es dispon\u00edveis para garantir que voc\u00ea esteja aproveitando ao m\u00e1ximo essa oportunidade. Por que solicitar\u2026","rel":"","context":"In &quot;Vagas de Emprego em Ribeir\u00e3o Preto-SP&quot;","block_context":{"text":"Vagas de Emprego em Ribeir\u00e3o Preto-SP","link":"https:\/\/noticiasribeiraopreto.com.br\/index.php\/category\/empregos-classificados-vagas-trabalho\/vagas-de-empregos-em-ribeirao-preto-regiao-brasil\/"},"img":{"alt_text":"","src":"","width":0,"height":0},"classes":[]},{"id":10464,"url":"https:\/\/noticiasribeiraopreto.com.br\/index.php\/2023\/12\/04\/inss-adota-nova-regra-e-bpc-pode-ser-concedido-em-minutos-saiba-como\/","url_meta":{"origin":20128,"position":5},"title":"INSS adota nova regra e BPC pode ser concedido em minutos! Saiba como","author":"noticiasribeiraopreto.com.br","date":"4 de December de 2023","format":false,"excerpt":"O reaproveitamento de avalia\u00e7\u00e3o social e per\u00edcia m\u00e9dica de pessoas com defici\u00eancia que tiveram o Benef\u00edcio de Presta\u00e7\u00e3o Continuada (BPC) para pessoa com defici\u00eancia negado tem permitido que os benef\u00edcios sejam concedidos em pouco tempo pelo Instituto Nacional do Seguro Social (INSS). Cr\u00e9ditos: Istock\/IltonRogerioINSS adota nova regra e BPC pode\u2026","rel":"","context":"In &quot;Variedades&quot;","block_context":{"text":"Variedades","link":"https:\/\/noticiasribeiraopreto.com.br\/index.php\/category\/variedades\/"},"img":{"alt_text":"","src":"https:\/\/i0.wp.com\/noticiasribeiraopreto.com.br\/wp-content\/uploads\/2023\/12\/istock-993978264.jpg?fit=1200%2C638&ssl=1&resize=350%2C200","width":350,"height":200,"srcset":"https:\/\/i0.wp.com\/noticiasribeiraopreto.com.br\/wp-content\/uploads\/2023\/12\/istock-993978264.jpg?fit=1200%2C638&ssl=1&resize=350%2C200 1x, https:\/\/i0.wp.com\/noticiasribeiraopreto.com.br\/wp-content\/uploads\/2023\/12\/istock-993978264.jpg?fit=1200%2C638&ssl=1&resize=525%2C300 1.5x, https:\/\/i0.wp.com\/noticiasribeiraopreto.com.br\/wp-content\/uploads\/2023\/12\/istock-993978264.jpg?fit=1200%2C638&ssl=1&resize=700%2C400 2x, https:\/\/i0.wp.com\/noticiasribeiraopreto.com.br\/wp-content\/uploads\/2023\/12\/istock-993978264.jpg?fit=1200%2C638&ssl=1&resize=1050%2C600 3x"},"classes":[]}],"jetpack_sharing_enabled":true,"jetpack_shortlink":"https:\/\/wp.me\/peQAOb-5eE","_links":{"self":[{"href":"https:\/\/noticiasribeiraopreto.com.br\/index.php\/wp-json\/wp\/v2\/posts\/20128","targetHints":{"allow":["GET"]}}],"collection":[{"href":"https:\/\/noticiasribeiraopreto.com.br\/index.php\/wp-json\/wp\/v2\/posts"}],"about":[{"href":"https:\/\/noticiasribeiraopreto.com.br\/index.php\/wp-json\/wp\/v2\/types\/post"}],"author":[{"embeddable":true,"href":"https:\/\/noticiasribeiraopreto.com.br\/index.php\/wp-json\/wp\/v2\/users\/1"}],"replies":[{"embeddable":true,"href":"https:\/\/noticiasribeiraopreto.com.br\/index.php\/wp-json\/wp\/v2\/comments?post=20128"}],"version-history":[{"count":0,"href":"https:\/\/noticiasribeiraopreto.com.br\/index.php\/wp-json\/wp\/v2\/posts\/20128\/revisions"}],"wp:attachment":[{"href":"https:\/\/noticiasribeiraopreto.com.br\/index.php\/wp-json\/wp\/v2\/media?parent=20128"}],"wp:term":[{"taxonomy":"category","embeddable":true,"href":"https:\/\/noticiasribeiraopreto.com.br\/index.php\/wp-json\/wp\/v2\/categories?post=20128"},{"taxonomy":"post_tag","embeddable":true,"href":"https:\/\/noticiasribeiraopreto.com.br\/index.php\/wp-json\/wp\/v2\/tags?post=20128"}],"curies":[{"name":"wp","href":"https:\/\/api.w.org\/{rel}","templated":true}]}}